{"id":12365,"date":"2022-12-31T16:19:42","date_gmt":"2022-12-31T15:19:42","guid":{"rendered":"http:\/\/zs.gromnik.pl\/zs\/?p=12365"},"modified":"2022-12-31T16:42:53","modified_gmt":"2022-12-31T15:42:53","slug":"wigilia-i-jaselka-w-przedszkolu","status":"publish","type":"post","link":"http:\/\/zs.gromnik.pl\/zs\/wigilia-i-jaselka-w-przedszkolu\/","title":{"rendered":"Wigilia i jase\u0142ka w przedszkolu&#8230;"},"content":{"rendered":"\n<p>22 grudnia w naszym przedszkolu odby\u0142a si\u0119 uroczysto\u015b\u0107 wigilijna. W tym roku o \u015bwi\u0105teczn\u0105 atmosfer\u0119 zadba\u0142y dzieci z grupy IV, kt\u00f3re pod kierunkiem p. Barbary Kubicz zaprezentowa\u0142y jase\u0142ka. Podczas wyst\u0119pu przedszkolaki przedstawi\u0142y opowie\u015b\u0107 o narodzinach Jezusa, oprawion\u0105 wieloma tradycyjnymi kol\u0119dami i pastora\u0142kami. Na scenie go\u015bcinnie wyst\u0105pili r\u00f3wnie\u017c uczniowie klasy I a. Dope\u0142nieniem ca\u0142ej uroczysto\u015bci by\u0142 wigilijny obiad. Nie zabrak\u0142o te\u017c \u0142amania si\u0119 op\u0142atkiem i wsp\u00f3lnego sk\u0142adania \u017cycze\u0144.<\/p>\n\n\n\n<figure class=\"wp-container-2 wp-block-gallery-1 wp-block-gallery has-nested-images columns-default is-cropped\">\n<figure class=\"wp-block-image size-large\"><img loading=\"lazy\" width=\"2560\" height=\"1707\" data-id=\"12368\"  src=\"http:\/\/zs.gromnik.pl\/zs\/wp-content\/uploads\/2022\/12\/IMG_6866-scaled.jpg\" alt=\"\" class=\"wp-image-12368\" srcset=\"http:\/\/zs.gromnik.pl\/zs\/wp-content\/uploads\/2022\/12\/IMG_6866-scaled.jpg 2560w, http:\/\/zs.gromnik.pl\/zs\/wp-content\/uploads\/2022\/12\/IMG_6866-300x200.jpg 300w, http:\/\/zs.gromnik.pl\/zs\/wp-content\/uploads\/2022\/12\/IMG_6866-1024x683.jpg 1024w, http:\/\/zs.gromnik.pl\/zs\/wp-content\/uploads\/2022\/12\/IMG_6866-768x512.jpg 768w, http:\/\/zs.gromnik.pl\/zs\/wp-content\/uploads\/2022\/12\/IMG_6866-1536x1024.jpg 1536w, http:\/\/zs.gromnik.pl\/zs\/wp-content\/uploads\/2022\/12\/IMG_6866-2048x1365.jpg 2048w, http:\/\/zs.gromnik.pl\/zs\/wp-content\/uploads\/2022\/12\/IMG_6866-1140x760.jpg 1140w\" sizes=\"(max-width: 2560px) 100vw, 2560px\" \/><\/figure>\n\n\n\n<figure class=\"wp-block-image size-large\"><img loading=\"lazy\" width=\"2560\" height=\"1707\" data-id=\"12369\"  src=\"http:\/\/zs.gromnik.pl\/zs\/wp-content\/uploads\/2022\/12\/IMG_6867-scaled.jpg\" alt=\"\" class=\"wp-image-12369\" srcset=\"http:\/\/zs.gromnik.pl\/zs\/wp-content\/uploads\/2022\/12\/IMG_6867-scaled.jpg 2560w, http:\/\/zs.gromnik.pl\/zs\/wp-content\/uploads\/2022\/12\/IMG_6867-300x200.jpg 300w, http:\/\/zs.gromnik.pl\/zs\/wp-content\/uploads\/2022\/12\/IMG_6867-1024x683.jpg 1024w, http:\/\/zs.gromnik.pl\/zs\/wp-content\/uploads\/2022\/12\/IMG_6867-768x512.jpg 768w, http:\/\/zs.gromnik.pl\/zs\/wp-content\/uploads\/2022\/12\/IMG_6867-1536x1024.jpg 1536w, http:\/\/zs.gromnik.pl\/zs\/wp-content\/uploads\/2022\/12\/IMG_6867-2048x1365.jpg 2048w, http:\/\/zs.gromnik.pl\/zs\/wp-content\/uploads\/2022\/12\/IMG_6867-1140x760.jpg 1140w\" sizes=\"(max-width: 2560px) 100vw, 2560px\" \/><\/figure>\n\n\n\n<figure class=\"wp-block-image size-large\"><img loading=\"lazy\" width=\"2560\" height=\"1707\" data-id=\"12370\"  src=\"http:\/\/zs.gromnik.pl\/zs\/wp-content\/uploads\/2022\/12\/IMG_6868-scaled.jpg\" alt=\"\" class=\"wp-image-12370\" srcset=\"http:\/\/zs.gromnik.pl\/zs\/wp-content\/uploads\/2022\/12\/IMG_6868-scaled.jpg 2560w, http:\/\/zs.gromnik.pl\/zs\/wp-content\/uploads\/2022\/12\/IMG_6868-300x200.jpg 300w, http:\/\/zs.gromnik.pl\/zs\/wp-content\/uploads\/2022\/12\/IMG_6868-1024x683.jpg 1024w, http:\/\/zs.gromnik.pl\/zs\/wp-content\/uploads\/2022\/12\/IMG_6868-768x512.jpg 768w, http:\/\/zs.gromnik.pl\/zs\/wp-content\/uploads\/2022\/12\/IMG_6868-1536x1024.jpg 1536w, http:\/\/zs.gromnik.pl\/zs\/wp-content\/uploads\/2022\/12\/IMG_6868-2048x1365.jpg 2048w, http:\/\/zs.gromnik.pl\/zs\/wp-content\/uploads\/2022\/12\/IMG_6868-1140x760.jpg 1140w\" sizes=\"(max-width: 2560px) 100vw, 2560px\" \/><\/figure>\n\n\n\n<figure class=\"wp-block-image size-large\"><img loading=\"lazy\" width=\"2560\" height=\"1707\" data-id=\"12366\"  src=\"http:\/\/zs.gromnik.pl\/zs\/wp-content\/uploads\/2022\/12\/IMG_6858-scaled.jpg\" alt=\"\" class=\"wp-image-12366\" srcset=\"http:\/\/zs.gromnik.pl\/zs\/wp-content\/uploads\/2022\/12\/IMG_6858-scaled.jpg 2560w, http:\/\/zs.gromnik.pl\/zs\/wp-content\/uploads\/2022\/12\/IMG_6858-300x200.jpg 300w, http:\/\/zs.gromnik.pl\/zs\/wp-content\/uploads\/2022\/12\/IMG_6858-1024x683.jpg 1024w, http:\/\/zs.gromnik.pl\/zs\/wp-content\/uploads\/2022\/12\/IMG_6858-768x512.jpg 768w, http:\/\/zs.gromnik.pl\/zs\/wp-content\/uploads\/2022\/12\/IMG_6858-1536x1024.jpg 1536w, http:\/\/zs.gromnik.pl\/zs\/wp-content\/uploads\/2022\/12\/IMG_6858-2048x1365.jpg 2048w, http:\/\/zs.gromnik.pl\/zs\/wp-content\/uploads\/2022\/12\/IMG_6858-1140x760.jpg 1140w\" sizes=\"(max-width: 2560px) 100vw, 2560px\" \/><\/figure>\n\n\n\n<figure class=\"wp-block-image size-large\"><img loading=\"lazy\" width=\"2560\" height=\"1707\" data-id=\"12372\"  src=\"http:\/\/zs.gromnik.pl\/zs\/wp-content\/uploads\/2022\/12\/IMG_6873-scaled.jpg\" alt=\"\" class=\"wp-image-12372\" srcset=\"http:\/\/zs.gromnik.pl\/zs\/wp-content\/uploads\/2022\/12\/IMG_6873-scaled.jpg 2560w, http:\/\/zs.gromnik.pl\/zs\/wp-content\/uploads\/2022\/12\/IMG_6873-300x200.jpg 300w, http:\/\/zs.gromnik.pl\/zs\/wp-content\/uploads\/2022\/12\/IMG_6873-1024x683.jpg 1024w, http:\/\/zs.gromnik.pl\/zs\/wp-content\/uploads\/2022\/12\/IMG_6873-768x512.jpg 768w, http:\/\/zs.gromnik.pl\/zs\/wp-content\/uploads\/2022\/12\/IMG_6873-1536x1024.jpg 1536w, http:\/\/zs.gromnik.pl\/zs\/wp-content\/uploads\/2022\/12\/IMG_6873-2048x1365.jpg 2048w, http:\/\/zs.gromnik.pl\/zs\/wp-content\/uploads\/2022\/12\/IMG_6873-1140x760.jpg 1140w\" sizes=\"(max-width: 2560px) 100vw, 2560px\" \/><\/figure>\n\n\n\n<figure class=\"wp-block-image size-large\"><img loading=\"lazy\" width=\"2560\" height=\"1707\" data-id=\"12374\"  src=\"http:\/\/zs.gromnik.pl\/zs\/wp-content\/uploads\/2022\/12\/IMG_6877-scaled.jpg\" alt=\"\" class=\"wp-image-12374\" srcset=\"http:\/\/zs.gromnik.pl\/zs\/wp-content\/uploads\/2022\/12\/IMG_6877-scaled.jpg 2560w, http:\/\/zs.gromnik.pl\/zs\/wp-content\/uploads\/2022\/12\/IMG_6877-300x200.jpg 300w, http:\/\/zs.gromnik.pl\/zs\/wp-content\/uploads\/2022\/12\/IMG_6877-1024x683.jpg 1024w, http:\/\/zs.gromnik.pl\/zs\/wp-content\/uploads\/2022\/12\/IMG_6877-768x512.jpg 768w, http:\/\/zs.gromnik.pl\/zs\/wp-content\/uploads\/2022\/12\/IMG_6877-1536x1024.jpg 1536w, http:\/\/zs.gromnik.pl\/zs\/wp-content\/uploads\/2022\/12\/IMG_6877-2048x1365.jpg 2048w, http:\/\/zs.gromnik.pl\/zs\/wp-content\/uploads\/2022\/12\/IMG_6877-1140x760.jpg 1140w\" sizes=\"(max-width: 2560px) 100vw, 2560px\" \/><\/figure>\n\n\n\n<figure class=\"wp-block-image size-large\"><img loading=\"lazy\" width=\"2560\" height=\"1707\" data-id=\"12373\"  src=\"http:\/\/zs.gromnik.pl\/zs\/wp-content\/uploads\/2022\/12\/IMG_6874-scaled.jpg\" alt=\"\" class=\"wp-image-12373\" srcset=\"http:\/\/zs.gromnik.pl\/zs\/wp-content\/uploads\/2022\/12\/IMG_6874-scaled.jpg 2560w, http:\/\/zs.gromnik.pl\/zs\/wp-content\/uploads\/2022\/12\/IMG_6874-300x200.jpg 300w, http:\/\/zs.gromnik.pl\/zs\/wp-content\/uploads\/2022\/12\/IMG_6874-1024x683.jpg 1024w, http:\/\/zs.gromnik.pl\/zs\/wp-content\/uploads\/2022\/12\/IMG_6874-768x512.jpg 768w, http:\/\/zs.gromnik.pl\/zs\/wp-content\/uploads\/2022\/12\/IMG_6874-1536x1024.jpg 1536w, http:\/\/zs.gromnik.pl\/zs\/wp-content\/uploads\/2022\/12\/IMG_6874-2048x1365.jpg 2048w, http:\/\/zs.gromnik.pl\/zs\/wp-content\/uploads\/2022\/12\/IMG_6874-1140x760.jpg 1140w\" sizes=\"(max-width: 2560px) 100vw, 2560px\" \/><\/figure>\n\n\n\n<figure class=\"wp-block-image size-large\"><img loading=\"lazy\" width=\"2560\" height=\"1707\" data-id=\"12375\"  src=\"http:\/\/zs.gromnik.pl\/zs\/wp-content\/uploads\/2022\/12\/IMG_6882-scaled.jpg\" alt=\"\" class=\"wp-image-12375\" srcset=\"http:\/\/zs.gromnik.pl\/zs\/wp-content\/uploads\/2022\/12\/IMG_6882-scaled.jpg 2560w, http:\/\/zs.gromnik.pl\/zs\/wp-content\/uploads\/2022\/12\/IMG_6882-300x200.jpg 300w, http:\/\/zs.gromnik.pl\/zs\/wp-content\/uploads\/2022\/12\/IMG_6882-1024x683.jpg 1024w, http:\/\/zs.gromnik.pl\/zs\/wp-content\/uploads\/2022\/12\/IMG_6882-768x512.jpg 768w, http:\/\/zs.gromnik.pl\/zs\/wp-content\/uploads\/2022\/12\/IMG_6882-1536x1024.jpg 1536w, http:\/\/zs.gromnik.pl\/zs\/wp-content\/uploads\/2022\/12\/IMG_6882-2048x1365.jpg 2048w, http:\/\/zs.gromnik.pl\/zs\/wp-content\/uploads\/2022\/12\/IMG_6882-1140x760.jpg 1140w\" sizes=\"(max-width: 2560px) 100vw, 2560px\" \/><\/figure>\n\n\n\n<figure class=\"wp-block-image size-large\"><img loading=\"lazy\" width=\"2560\" height=\"1707\" data-id=\"12367\"  src=\"http:\/\/zs.gromnik.pl\/zs\/wp-content\/uploads\/2022\/12\/IMG_6860-scaled.jpg\" alt=\"\" class=\"wp-image-12367\" srcset=\"http:\/\/zs.gromnik.pl\/zs\/wp-content\/uploads\/2022\/12\/IMG_6860-scaled.jpg 2560w, http:\/\/zs.gromnik.pl\/zs\/wp-content\/uploads\/2022\/12\/IMG_6860-300x200.jpg 300w, http:\/\/zs.gromnik.pl\/zs\/wp-content\/uploads\/2022\/12\/IMG_6860-1024x683.jpg 1024w, http:\/\/zs.gromnik.pl\/zs\/wp-content\/uploads\/2022\/12\/IMG_6860-768x512.jpg 768w, http:\/\/zs.gromnik.pl\/zs\/wp-content\/uploads\/2022\/12\/IMG_6860-1536x1024.jpg 1536w, http:\/\/zs.gromnik.pl\/zs\/wp-content\/uploads\/2022\/12\/IMG_6860-2048x1365.jpg 2048w, http:\/\/zs.gromnik.pl\/zs\/wp-content\/uploads\/2022\/12\/IMG_6860-1140x760.jpg 1140w\" sizes=\"(max-width: 2560px) 100vw, 2560px\" \/><\/figure>\n\n\n\n<figure class=\"wp-block-image size-large\"><img loading=\"lazy\" width=\"2560\" height=\"1707\" data-id=\"12376\"  src=\"http:\/\/zs.gromnik.pl\/zs\/wp-content\/uploads\/2022\/12\/IMG_6907-scaled.jpg\" alt=\"\" class=\"wp-image-12376\" srcset=\"http:\/\/zs.gromnik.pl\/zs\/wp-content\/uploads\/2022\/12\/IMG_6907-scaled.jpg 2560w, http:\/\/zs.gromnik.pl\/zs\/wp-content\/uploads\/2022\/12\/IMG_6907-300x200.jpg 300w, http:\/\/zs.gromnik.pl\/zs\/wp-content\/uploads\/2022\/12\/IMG_6907-1024x683.jpg 1024w, http:\/\/zs.gromnik.pl\/zs\/wp-content\/uploads\/2022\/12\/IMG_6907-768x512.jpg 768w, http:\/\/zs.gromnik.pl\/zs\/wp-content\/uploads\/2022\/12\/IMG_6907-1536x1024.jpg 1536w, http:\/\/zs.gromnik.pl\/zs\/wp-content\/uploads\/2022\/12\/IMG_6907-2048x1365.jpg 2048w, http:\/\/zs.gromnik.pl\/zs\/wp-content\/uploads\/2022\/12\/IMG_6907-1140x760.jpg 1140w\" sizes=\"(max-width: 2560px) 100vw, 2560px\" \/><\/figure>\n\n\n\n<figure class=\"wp-block-image size-large\"><img loading=\"lazy\" width=\"2560\" height=\"1707\" data-id=\"12377\"  src=\"http:\/\/zs.gromnik.pl\/zs\/wp-content\/uploads\/2022\/12\/IMG_6908-scaled.jpg\" alt=\"\" class=\"wp-image-12377\" srcset=\"http:\/\/zs.gromnik.pl\/zs\/wp-content\/uploads\/2022\/12\/IMG_6908-scaled.jpg 2560w, http:\/\/zs.gromnik.pl\/zs\/wp-content\/uploads\/2022\/12\/IMG_6908-300x200.jpg 300w, http:\/\/zs.gromnik.pl\/zs\/wp-content\/uploads\/2022\/12\/IMG_6908-1024x683.jpg 1024w, http:\/\/zs.gromnik.pl\/zs\/wp-content\/uploads\/2022\/12\/IMG_6908-768x512.jpg 768w, http:\/\/zs.gromnik.pl\/zs\/wp-content\/uploads\/2022\/12\/IMG_6908-1536x1024.jpg 1536w, http:\/\/zs.gromnik.pl\/zs\/wp-content\/uploads\/2022\/12\/IMG_6908-2048x1365.jpg 2048w, http:\/\/zs.gromnik.pl\/zs\/wp-content\/uploads\/2022\/12\/IMG_6908-1140x760.jpg 1140w\" sizes=\"(max-width: 2560px) 100vw, 2560px\" \/><\/figure>\n\n\n\n<figure class=\"wp-block-image size-large\"><img loading=\"lazy\" width=\"2560\" height=\"1707\" data-id=\"12378\"  src=\"http:\/\/zs.gromnik.pl\/zs\/wp-content\/uploads\/2022\/12\/IMG_6918-scaled.jpg\" alt=\"\" class=\"wp-image-12378\" srcset=\"http:\/\/zs.gromnik.pl\/zs\/wp-content\/uploads\/2022\/12\/IMG_6918-scaled.jpg 2560w, http:\/\/zs.gromnik.pl\/zs\/wp-content\/uploads\/2022\/12\/IMG_6918-300x200.jpg 300w, http:\/\/zs.gromnik.pl\/zs\/wp-content\/uploads\/2022\/12\/IMG_6918-1024x683.jpg 1024w, http:\/\/zs.gromnik.pl\/zs\/wp-content\/uploads\/2022\/12\/IMG_6918-768x512.jpg 768w, http:\/\/zs.gromnik.pl\/zs\/wp-content\/uploads\/2022\/12\/IMG_6918-1536x1024.jpg 1536w, http:\/\/zs.gromnik.pl\/zs\/wp-content\/uploads\/2022\/12\/IMG_6918-2048x1365.jpg 2048w, http:\/\/zs.gromnik.pl\/zs\/wp-content\/uploads\/2022\/12\/IMG_6918-1140x760.jpg 1140w\" sizes=\"(max-width: 2560px) 100vw, 2560px\" \/><\/figure>\n\n\n\n<figure class=\"wp-block-image size-large\"><img loading=\"lazy\" width=\"2560\" height=\"1707\" data-id=\"12379\"  src=\"http:\/\/zs.gromnik.pl\/zs\/wp-content\/uploads\/2022\/12\/IMG_6919-scaled.jpg\" alt=\"\" class=\"wp-image-12379\" srcset=\"http:\/\/zs.gromnik.pl\/zs\/wp-content\/uploads\/2022\/12\/IMG_6919-scaled.jpg 2560w, http:\/\/zs.gromnik.pl\/zs\/wp-content\/uploads\/2022\/12\/IMG_6919-300x200.jpg 300w, http:\/\/zs.gromnik.pl\/zs\/wp-content\/uploads\/2022\/12\/IMG_6919-1024x683.jpg 1024w, http:\/\/zs.gromnik.pl\/zs\/wp-content\/uploads\/2022\/12\/IMG_6919-768x512.jpg 768w, http:\/\/zs.gromnik.pl\/zs\/wp-content\/uploads\/2022\/12\/IMG_6919-1536x1024.jpg 1536w, http:\/\/zs.gromnik.pl\/zs\/wp-content\/uploads\/2022\/12\/IMG_6919-2048x1365.jpg 2048w, http:\/\/zs.gromnik.pl\/zs\/wp-content\/uploads\/2022\/12\/IMG_6919-1140x760.jpg 1140w\" sizes=\"(max-width: 2560px) 100vw, 2560px\" \/><\/figure>\n\n\n\n<figure class=\"wp-block-image size-large\"><img loading=\"lazy\" width=\"2560\" height=\"1707\" data-id=\"12380\"  src=\"http:\/\/zs.gromnik.pl\/zs\/wp-content\/uploads\/2022\/12\/IMG_6925-scaled.jpg\" alt=\"\" class=\"wp-image-12380\" srcset=\"http:\/\/zs.gromnik.pl\/zs\/wp-content\/uploads\/2022\/12\/IMG_6925-scaled.jpg 2560w, http:\/\/zs.gromnik.pl\/zs\/wp-content\/uploads\/2022\/12\/IMG_6925-300x200.jpg 300w, http:\/\/zs.gromnik.pl\/zs\/wp-content\/uploads\/2022\/12\/IMG_6925-1024x683.jpg 1024w, http:\/\/zs.gromnik.pl\/zs\/wp-content\/uploads\/2022\/12\/IMG_6925-768x512.jpg 768w, http:\/\/zs.gromnik.pl\/zs\/wp-content\/uploads\/2022\/12\/IMG_6925-1536x1024.jpg 1536w, http:\/\/zs.gromnik.pl\/zs\/wp-content\/uploads\/2022\/12\/IMG_6925-2048x1365.jpg 2048w, http:\/\/zs.gromnik.pl\/zs\/wp-content\/uploads\/2022\/12\/IMG_6925-1140x760.jpg 1140w\" sizes=\"(max-width: 2560px) 100vw, 2560px\" \/><\/figure>\n\n\n\n<figure class=\"wp-block-image size-large\"><img loading=\"lazy\" width=\"2560\" height=\"1707\" data-id=\"12381\"  src=\"http:\/\/zs.gromnik.pl\/zs\/wp-content\/uploads\/2022\/12\/IMG_6935-scaled.jpg\" alt=\"\" class=\"wp-image-12381\" srcset=\"http:\/\/zs.gromnik.pl\/zs\/wp-content\/uploads\/2022\/12\/IMG_6935-scaled.jpg 2560w, http:\/\/zs.gromnik.pl\/zs\/wp-content\/uploads\/2022\/12\/IMG_6935-300x200.jpg 300w, http:\/\/zs.gromnik.pl\/zs\/wp-content\/uploads\/2022\/12\/IMG_6935-1024x683.jpg 1024w, http:\/\/zs.gromnik.pl\/zs\/wp-content\/uploads\/2022\/12\/IMG_6935-768x512.jpg 768w, http:\/\/zs.gromnik.pl\/zs\/wp-content\/uploads\/2022\/12\/IMG_6935-1536x1024.jpg 1536w, http:\/\/zs.gromnik.pl\/zs\/wp-content\/uploads\/2022\/12\/IMG_6935-2048x1365.jpg 2048w, http:\/\/zs.gromnik.pl\/zs\/wp-content\/uploads\/2022\/12\/IMG_6935-1140x760.jpg 1140w\" sizes=\"(max-width: 2560px) 100vw, 2560px\" \/><\/figure>\n\n\n\n<figure class=\"wp-block-image size-large\"><img loading=\"lazy\" width=\"2560\" height=\"1707\" data-id=\"12382\"  src=\"http:\/\/zs.gromnik.pl\/zs\/wp-content\/uploads\/2022\/12\/IMG_6900-scaled.jpg\" alt=\"\" class=\"wp-image-12382\" srcset=\"http:\/\/zs.gromnik.pl\/zs\/wp-content\/uploads\/2022\/12\/IMG_6900-scaled.jpg 2560w, http:\/\/zs.gromnik.pl\/zs\/wp-content\/uploads\/2022\/12\/IMG_6900-300x200.jpg 300w, http:\/\/zs.gromnik.pl\/zs\/wp-content\/uploads\/2022\/12\/IMG_6900-1024x683.jpg 1024w, http:\/\/zs.gromnik.pl\/zs\/wp-content\/uploads\/2022\/12\/IMG_6900-768x512.jpg 768w, http:\/\/zs.gromnik.pl\/zs\/wp-content\/uploads\/2022\/12\/IMG_6900-1536x1024.jpg 1536w, http:\/\/zs.gromnik.pl\/zs\/wp-content\/uploads\/2022\/12\/IMG_6900-2048x1365.jpg 2048w, http:\/\/zs.gromnik.pl\/zs\/wp-content\/uploads\/2022\/12\/IMG_6900-1140x760.jpg 1140w\" sizes=\"(max-width: 2560px) 100vw, 2560px\" \/><\/figure>\n<\/figure>\n","protected":false},"excerpt":{"rendered":"<p>22 grudnia w naszym przedszkolu odby\u0142a si\u0119 uroczysto\u015b\u0107 wigilijna. W tym roku o \u015bwi\u0105teczn\u0105 atmosfer\u0119 zadba\u0142y dzieci z grupy IV, kt\u00f3re pod kierunkiem p. Barbary Kubicz zaprezentowa\u0142y jase\u0142ka. Podczas wyst\u0119pu przedszkolaki przedstawi\u0142y opowie\u015b\u0107 o narodzinach Jezusa, oprawion\u0105 wieloma tradycyjnymi kol\u0119dami i pastora\u0142kami. Na scenie go\u015bcinnie wyst\u0105pili r\u00f3wnie\u017c uczniowie klasy I a. Dope\u0142nieniem ca\u0142ej uroczysto\u015bci by\u0142 wigilijny obiad. Nie zabrak\u0142o te\u017c \u0142amania si\u0119 op\u0142atkiem i wsp\u00f3lnego sk\u0142adania \u017cycze\u0144.<\/p>\n","protected":false},"author":7,"featured_media":12371,"comment_status":"closed","ping_status":"open","sticky":false,"template":"","format":"standard","meta":[],"categories":[3,15],"tags":[],"yoast_head":"<!-- This site is optimized with the Yoast SEO plugin v19.8 - https:\/\/yoast.com\/wordpress\/plugins\/seo\/ -->\n<title>Wigilia i jase\u0142ka w przedszkolu... - Zesp\u00f3\u0142 Szk\u00f3\u0142 w Gromniku<\/title>\n<meta name=\"description\" content=\"Zesp\u00f3\u0142 Szk\u00f3\u0142 w Gromniku\" \/>\n<meta name=\"robots\" content=\"index, follow, max-snippet:-1, max-image-preview:large, max-video-preview:-1\" \/>\n<link rel=\"canonical\" href=\"http:\/\/zs.gromnik.pl\/zs\/wigilia-i-jaselka-w-przedszkolu\/\" \/>\n<meta property=\"og:locale\" content=\"pl_PL\" \/>\n<meta property=\"og:type\" content=\"article\" \/>\n<meta property=\"og:title\" content=\"Wigilia i jase\u0142ka w przedszkolu... - Zesp\u00f3\u0142 Szk\u00f3\u0142 w Gromniku\" \/>\n<meta property=\"og:description\" content=\"Zesp\u00f3\u0142 Szk\u00f3\u0142 w Gromniku\" \/>\n<meta property=\"og:url\" content=\"http:\/\/zs.gromnik.pl\/zs\/wigilia-i-jaselka-w-przedszkolu\/\" \/>\n<meta property=\"og:site_name\" content=\"Zesp\u00f3\u0142 Szk\u00f3\u0142 w Gromniku\" \/>\n<meta property=\"article:publisher\" content=\"https:\/\/www.facebook.com\/zsgromnik\" \/>\n<meta property=\"article:published_time\" content=\"2022-12-31T15:19:42+00:00\" \/>\n<meta property=\"article:modified_time\" content=\"2022-12-31T15:42:53+00:00\" \/>\n<meta property=\"og:image\" content=\"http:\/\/zs.gromnik.pl\/zs\/wp-content\/uploads\/2022\/12\/IMG_6871-scaled.jpg\" \/>\n\t<meta property=\"og:image:width\" content=\"2560\" \/>\n\t<meta property=\"og:image:height\" content=\"1707\" \/>\n\t<meta property=\"og:image:type\" content=\"image\/jpeg\" \/>\n<meta name=\"author\" content=\"Barbara Kubicz\" \/>\n<meta name=\"twitter:card\" content=\"summary_large_image\" \/>\n<meta name=\"twitter:label1\" content=\"Napisane przez\" \/>\n\t<meta name=\"twitter:data1\" content=\"Barbara Kubicz\" \/>\n<script type=\"application\/ld+json\" class=\"yoast-schema-graph\">{\"@context\":\"https:\/\/schema.org\",\"@graph\":[{\"@type\":\"WebPage\",\"@id\":\"http:\/\/zs.gromnik.pl\/zs\/wigilia-i-jaselka-w-przedszkolu\/\",\"url\":\"http:\/\/zs.gromnik.pl\/zs\/wigilia-i-jaselka-w-przedszkolu\/\",\"name\":\"Wigilia i jase\u0142ka w przedszkolu... - Zesp\u00f3\u0142 Szk\u00f3\u0142 w Gromniku\",\"isPartOf\":{\"@id\":\"https:\/\/zs.gromnik.pl\/zs\/#website\"},\"datePublished\":\"2022-12-31T15:19:42+00:00\",\"dateModified\":\"2022-12-31T15:42:53+00:00\",\"author\":{\"@id\":\"https:\/\/zs.gromnik.pl\/zs\/#\/schema\/person\/7fb2b24b90f39dede6a6b1ad809c8871\"},\"description\":\"Zesp\u00f3\u0142 Szk\u00f3\u0142 w Gromniku\",\"breadcrumb\":{\"@id\":\"http:\/\/zs.gromnik.pl\/zs\/wigilia-i-jaselka-w-przedszkolu\/#breadcrumb\"},\"inLanguage\":\"pl-PL\",\"potentialAction\":[{\"@type\":\"ReadAction\",\"target\":[\"http:\/\/zs.gromnik.pl\/zs\/wigilia-i-jaselka-w-przedszkolu\/\"]}]},{\"@type\":\"BreadcrumbList\",\"@id\":\"http:\/\/zs.gromnik.pl\/zs\/wigilia-i-jaselka-w-przedszkolu\/#breadcrumb\",\"itemListElement\":[{\"@type\":\"ListItem\",\"position\":1,\"name\":\"Strona g\u0142\u00f3wna\",\"item\":\"https:\/\/zs.gromnik.pl\/zs\/\"},{\"@type\":\"ListItem\",\"position\":2,\"name\":\"Wigilia i jase\u0142ka w przedszkolu&#8230;\"}]},{\"@type\":\"WebSite\",\"@id\":\"https:\/\/zs.gromnik.pl\/zs\/#website\",\"url\":\"https:\/\/zs.gromnik.pl\/zs\/\",\"name\":\"Zesp\u00f3\u0142 Szk\u00f3\u0142 w Gromniku\",\"description\":\"\",\"potentialAction\":[{\"@type\":\"SearchAction\",\"target\":{\"@type\":\"EntryPoint\",\"urlTemplate\":\"https:\/\/zs.gromnik.pl\/zs\/?s={search_term_string}\"},\"query-input\":\"required name=search_term_string\"}],\"inLanguage\":\"pl-PL\"},{\"@type\":\"Person\",\"@id\":\"https:\/\/zs.gromnik.pl\/zs\/#\/schema\/person\/7fb2b24b90f39dede6a6b1ad809c8871\",\"name\":\"Barbara Kubicz\",\"image\":{\"@type\":\"ImageObject\",\"inLanguage\":\"pl-PL\",\"@id\":\"https:\/\/zs.gromnik.pl\/zs\/#\/schema\/person\/image\/\",\"url\":\"http:\/\/2.gravatar.com\/avatar\/2148a1c13395e11280a430e7a86ac24a?s=96&d=mm&r=g\",\"contentUrl\":\"http:\/\/2.gravatar.com\/avatar\/2148a1c13395e11280a430e7a86ac24a?s=96&d=mm&r=g\",\"caption\":\"Barbara Kubicz\"},\"url\":\"http:\/\/zs.gromnik.pl\/zs\/author\/bkubicz\/\"}]}<\/script>\n<!-- \/ Yoast SEO plugin. -->","yoast_head_json":{"title":"Wigilia i jase\u0142ka w przedszkolu... - Zesp\u00f3\u0142 Szk\u00f3\u0142 w Gromniku","description":"Zesp\u00f3\u0142 Szk\u00f3\u0142 w Gromniku","robots":{"index":"index","follow":"follow","max-snippet":"max-snippet:-1","max-image-preview":"max-image-preview:large","max-video-preview":"max-video-preview:-1"},"canonical":"http:\/\/zs.gromnik.pl\/zs\/wigilia-i-jaselka-w-przedszkolu\/","og_locale":"pl_PL","og_type":"article","og_title":"Wigilia i jase\u0142ka w przedszkolu... - Zesp\u00f3\u0142 Szk\u00f3\u0142 w Gromniku","og_description":"Zesp\u00f3\u0142 Szk\u00f3\u0142 w Gromniku","og_url":"http:\/\/zs.gromnik.pl\/zs\/wigilia-i-jaselka-w-przedszkolu\/","og_site_name":"Zesp\u00f3\u0142 Szk\u00f3\u0142 w Gromniku","article_publisher":"https:\/\/www.facebook.com\/zsgromnik","article_published_time":"2022-12-31T15:19:42+00:00","article_modified_time":"2022-12-31T15:42:53+00:00","og_image":[{"width":2560,"height":1707,"url":"http:\/\/zs.gromnik.pl\/zs\/wp-content\/uploads\/2022\/12\/IMG_6871-scaled.jpg","type":"image\/jpeg"}],"author":"Barbara Kubicz","twitter_card":"summary_large_image","twitter_misc":{"Napisane przez":"Barbara Kubicz"},"schema":{"@context":"https:\/\/schema.org","@graph":[{"@type":"WebPage","@id":"http:\/\/zs.gromnik.pl\/zs\/wigilia-i-jaselka-w-przedszkolu\/","url":"http:\/\/zs.gromnik.pl\/zs\/wigilia-i-jaselka-w-przedszkolu\/","name":"Wigilia i jase\u0142ka w przedszkolu... - Zesp\u00f3\u0142 Szk\u00f3\u0142 w Gromniku","isPartOf":{"@id":"https:\/\/zs.gromnik.pl\/zs\/#website"},"datePublished":"2022-12-31T15:19:42+00:00","dateModified":"2022-12-31T15:42:53+00:00","author":{"@id":"https:\/\/zs.gromnik.pl\/zs\/#\/schema\/person\/7fb2b24b90f39dede6a6b1ad809c8871"},"description":"Zesp\u00f3\u0142 Szk\u00f3\u0142 w Gromniku","breadcrumb":{"@id":"http:\/\/zs.gromnik.pl\/zs\/wigilia-i-jaselka-w-przedszkolu\/#breadcrumb"},"inLanguage":"pl-PL","potentialAction":[{"@type":"ReadAction","target":["http:\/\/zs.gromnik.pl\/zs\/wigilia-i-jaselka-w-przedszkolu\/"]}]},{"@type":"BreadcrumbList","@id":"http:\/\/zs.gromnik.pl\/zs\/wigilia-i-jaselka-w-przedszkolu\/#breadcrumb","itemListElement":[{"@type":"ListItem","position":1,"name":"Strona g\u0142\u00f3wna","item":"https:\/\/zs.gromnik.pl\/zs\/"},{"@type":"ListItem","position":2,"name":"Wigilia i jase\u0142ka w przedszkolu&#8230;"}]},{"@type":"WebSite","@id":"https:\/\/zs.gromnik.pl\/zs\/#website","url":"https:\/\/zs.gromnik.pl\/zs\/","name":"Zesp\u00f3\u0142 Szk\u00f3\u0142 w Gromniku","description":"","potentialAction":[{"@type":"SearchAction","target":{"@type":"EntryPoint","urlTemplate":"https:\/\/zs.gromnik.pl\/zs\/?s={search_term_string}"},"query-input":"required name=search_term_string"}],"inLanguage":"pl-PL"},{"@type":"Person","@id":"https:\/\/zs.gromnik.pl\/zs\/#\/schema\/person\/7fb2b24b90f39dede6a6b1ad809c8871","name":"Barbara Kubicz","image":{"@type":"ImageObject","inLanguage":"pl-PL","@id":"https:\/\/zs.gromnik.pl\/zs\/#\/schema\/person\/image\/","url":"http:\/\/2.gravatar.com\/avatar\/2148a1c13395e11280a430e7a86ac24a?s=96&d=mm&r=g","contentUrl":"http:\/\/2.gravatar.com\/avatar\/2148a1c13395e11280a430e7a86ac24a?s=96&d=mm&r=g","caption":"Barbara Kubicz"},"url":"http:\/\/zs.gromnik.pl\/zs\/author\/bkubicz\/"}]}},"_links":{"self":[{"href":"http:\/\/zs.gromnik.pl\/zs\/wp-json\/wp\/v2\/posts\/12365"}],"collection":[{"href":"http:\/\/zs.gromnik.pl\/zs\/wp-json\/wp\/v2\/posts"}],"about":[{"href":"http:\/\/zs.gromnik.pl\/zs\/wp-json\/wp\/v2\/types\/post"}],"author":[{"embeddable":true,"href":"http:\/\/zs.gromnik.pl\/zs\/wp-json\/wp\/v2\/users\/7"}],"replies":[{"embeddable":true,"href":"http:\/\/zs.gromnik.pl\/zs\/wp-json\/wp\/v2\/comments?post=12365"}],"version-history":[{"count":5,"href":"http:\/\/zs.gromnik.pl\/zs\/wp-json\/wp\/v2\/posts\/12365\/revisions"}],"predecessor-version":[{"id":12389,"href":"http:\/\/zs.gromnik.pl\/zs\/wp-json\/wp\/v2\/posts\/12365\/revisions\/12389"}],"wp:featuredmedia":[{"embeddable":true,"href":"http:\/\/zs.gromnik.pl\/zs\/wp-json\/wp\/v2\/media\/12371"}],"wp:attachment":[{"href":"http:\/\/zs.gromnik.pl\/zs\/wp-json\/wp\/v2\/media?parent=12365"}],"wp:term":[{"taxonomy":"category","embeddable":true,"href":"http:\/\/zs.gromnik.pl\/zs\/wp-json\/wp\/v2\/categories?post=12365"},{"taxonomy":"post_tag","embeddable":true,"href":"http:\/\/zs.gromnik.pl\/zs\/wp-json\/wp\/v2\/tags?post=12365"}],"curies":[{"name":"wp","href":"https:\/\/api.w.org\/{rel}","templated":true}]}}