{"id":12406,"date":"2023-01-22T15:27:45","date_gmt":"2023-01-22T14:27:45","guid":{"rendered":"http:\/\/zs.gromnik.pl\/zs\/?p=12406"},"modified":"2023-01-22T15:42:03","modified_gmt":"2023-01-22T14:42:03","slug":"w-koledowym-nastroju","status":"publish","type":"post","link":"http:\/\/zs.gromnik.pl\/zs\/w-koledowym-nastroju\/","title":{"rendered":"W kol\u0119dowym nastroju"},"content":{"rendered":"\t\t<div data-elementor-type=\"wp-post\" data-elementor-id=\"12406\" class=\"elementor elementor-12406\">\n\t\t\t\t\t\t\t\t\t<section class=\"elementor-section elementor-top-section elementor-element elementor-element-8eb51e7 elementor-section-boxed elementor-section-height-default elementor-section-height-default\" data-id=\"8eb51e7\" data-element_type=\"section\">\n\t\t\t\t\t\t<div class=\"elementor-container elementor-column-gap-default\">\n\t\t\t\t\t<div class=\"elementor-column elementor-col-100 elementor-top-column elementor-element elementor-element-e7c312a\" data-id=\"e7c312a\" data-element_type=\"column\">\n\t\t\t<div class=\"elementor-widget-wrap elementor-element-populated\">\n\t\t\t\t\t\t\t\t<div class=\"elementor-element elementor-element-1aa402e elementor-widget elementor-widget-text-editor\" data-id=\"1aa402e\" data-element_type=\"widget\" data-widget_type=\"text-editor.default\">\n\t\t\t\t<div class=\"elementor-widget-container\">\n\t\t\t\t\t\t\t<p><span style=\"letter-spacing: 0px;\">\u00a0W polskiej tradycji trudno wyobrazi\u0107 sobie Bo\u017ce Narodzenie bez niepowtarzalnego brzmienia bogatego repertuaru kol\u0119d i pastora\u0142ek. To one w g\u0142\u00f3wnej mierze stanowi\u0105 o wyj\u0105tkowo\u015bci okresu \u015bwi\u0105tecznego, nieustannie te\u017c inspiruj\u0105 kolejne pokolenia artyst\u00f3w.<\/span><\/p><p>W tym gronie od wielu ju\u017c lat swoje zas\u0142u\u017cone miejsce znajduj\u0105 uczniowie Szko\u0142y Podstawowej w Gromniku. Trzon naszej \u201emuzycznej sztafety\u201d stanowi aktualnie trio wokalne w sk\u0142adzie: <strong>Wiktoria Syrek \u2013 kl. 4a,\u00a0 Karolina Sanek \u2013 kl. 7a, Rados\u0142aw G\u0105sior \u2013 kl. 8b. <\/strong>Godnie zast\u0119puj\u0105 oni absolwent\u00f3w naszej plac\u00f3wki z ubieg\u0142ych lat, zdobywaj\u0105c laury w presti\u017cowych konkursach kol\u0119d i pastora\u0142ek b\u0105d\u017a u\u015bwietniaj\u0105c szkolne i regionalne wydarzenia. Talent wykonawc\u00f3w, ale i wytrwa\u0142a praca pod kierunkiem p. Anny Ga\u0144czarczyk, pozwoli\u0142y zaprezentowa\u0107 si\u0119 z jak najlepszej strony nawet poza Ma\u0142opolsk\u0105.<\/p><p>\u00a09 grudnia 2022 r. nasze trio wokalne u\u015bwietni\u0142o uroczysto\u015b\u0107 jubileuszy 50\u2013lecia ma\u0142\u017ce\u0144stwa prezentuj\u0105c koncert kol\u0119d i pastora\u0142ek w Gminnym O\u015brodku Kultury. Miesi\u0105c p\u00f3\u017aniej, 9 stycznia 2023 r. w tym samym sk\u0142adzie uczniowie wykonali koncert dla go\u015bci z Ukrainy mieszkaj\u0105cych na terenie gminy Gromnik. Zaprezentowane zosta\u0142y nast\u0119puj\u0105ce kol\u0119dy i pastora\u0142ki:<\/p><ul><li>\u201eCa\u0142\u0105 noc pada\u0142 \u015bnieg\u201d<\/li><li>\u201eGore gwiazda Jezusowi\u201d<\/li><li>\u201eOkruchy po kol\u0119dzie\u201d<\/li><li>\u201eZ najprostszych ci\u0119 uk\u0142adam s\u0142\u00f3w\u201d<\/li><li>\u201eBracia patrzcie jeno\u201d<\/li><li>\u201eRozkwitn\u0119\u0142a si\u0119 lilija\u201d<\/li><li>\u201eNu\u017c my dzi\u015b krze\u015bcijani\u201d<\/li><\/ul><p>Wielkim sukcesem okaza\u0142 si\u0119 udzia\u0142 w nast\u0119puj\u0105cych zmaganiach konkursowych:<\/p><p>Konkurs Kol\u0119d i Pastora\u0142ek \u201eNa nut\u0119 kantyczek\u201d w Ja\u015ble:<\/p><ul><li>Trio wokalne zaj\u0119\u0142o II miejsce. Uczniowie zaprezentowali renesansow\u0105 3 \u2013 g\u0142osow\u0105 kol\u0119d\u0119 a capella pt. \u201eNu\u017c my dzi\u015b krze\u015bcijani\u201d.<\/li><li>Wiktoria Syrek wy\u015bpiewa\u0142a I miejsce pastora\u0142k\u0105 \u201eRozkwitn\u0119\u0142a si\u0119 lilija\u201d. Akompaniowali jej: na fortepianie Karolina Sanek, na skrzypcach Rados\u0142aw G\u0105sior.<\/li><li>14 stycznia 2023 r. laureaci wyst\u0105pili na uroczystym koncercie laureat\u00f3w w Jasielskim Domu Kultury prezentuj\u0105c przygotowane kol\u0119dy.<\/li><\/ul><p>Konkurs Kol\u0119d i Pastora\u0142ek w \u017babnie:<\/p><ul><li>Trio wokalne zaj\u0119\u0142o I miejsce po raz kolejny udowadniaj\u0105c wysoki poziom.<\/li><\/ul><p>Zesp\u00f3\u0142 zosta\u0142 zaproszony do udzia\u0142u w koncercie laureat\u00f3w w Centrum Kultury w \u017babnie 22 stycznia 2023 r.<\/p><p>\u00a0<\/p><p>M\u0142odym artystom \u017cyczymy dalszych sukces\u00f3w!<\/p><p>\u00a0<\/p>\t\t\t\t\t\t<\/div>\n\t\t\t\t<\/div>\n\t\t\t\t\t<\/div>\n\t\t<\/div>\n\t\t\t\t\t\t\t<\/div>\n\t\t<\/section>\n\t\t\t\t<section class=\"elementor-section elementor-top-section elementor-element elementor-element-2576af0 elementor-section-boxed elementor-section-height-default elementor-section-height-default\" data-id=\"2576af0\" data-element_type=\"section\">\n\t\t\t\t\t\t<div class=\"elementor-container elementor-column-gap-default\">\n\t\t\t\t\t<div class=\"elementor-column elementor-col-100 elementor-top-column elementor-element elementor-element-1787dd5\" data-id=\"1787dd5\" data-element_type=\"column\">\n\t\t\t<div class=\"elementor-widget-wrap elementor-element-populated\">\n\t\t\t\t\t\t\t\t<div class=\"elementor-element elementor-element-1cb6325 elementor-widget elementor-widget-image-gallery\" data-id=\"1cb6325\" data-element_type=\"widget\" data-widget_type=\"image-gallery.default\">\n\t\t\t\t<div class=\"elementor-widget-container\">\n\t\t\t\t\t<div class=\"elementor-image-gallery\">\n\t\t\t<div id='gallery-1' class='gallery galleryid-12406 gallery-columns-5 gallery-size-thumbnail'><figure class='gallery-item'>\n\t\t\t<div class='gallery-icon landscape'>\n\t\t\t\t<a data-elementor-open-lightbox=\"yes\" data-elementor-lightbox-slideshow=\"1cb6325\" data-elementor-lightbox-title=\"DSC_8733\" e-action-hash=\"#elementor-action%3Aaction%3Dlightbox%26settings%3DeyJpZCI6MTI0MDksInVybCI6Imh0dHA6XC9cL3pzLmdyb21uaWsucGxcL3pzXC93cC1jb250ZW50XC91cGxvYWRzXC8yMDIzXC8wMVwvRFNDXzg3MzMtc2NhbGVkLmpwZyIsInNsaWRlc2hvdyI6IjFjYjYzMjUifQ%3D%3D\" href='http:\/\/zs.gromnik.pl\/zs\/wp-content\/uploads\/2023\/01\/DSC_8733-scaled.jpg'><img width=\"150\" height=\"150\" src=\"http:\/\/zs.gromnik.pl\/zs\/wp-content\/uploads\/2023\/01\/DSC_8733-150x150.jpg\" class=\"attachment-thumbnail size-thumbnail\" alt=\"\" loading=\"lazy\" srcset=\"http:\/\/zs.gromnik.pl\/zs\/wp-content\/uploads\/2023\/01\/DSC_8733-150x150.jpg 150w, http:\/\/zs.gromnik.pl\/zs\/wp-content\/uploads\/2023\/01\/DSC_8733-300x300.jpg 300w, http:\/\/zs.gromnik.pl\/zs\/wp-content\/uploads\/2023\/01\/DSC_8733-75x75.jpg 75w\" sizes=\"(max-width: 150px) 100vw, 150px\" \/><\/a>\n\t\t\t<\/div><\/figure><figure class='gallery-item'>\n\t\t\t<div class='gallery-icon landscape'>\n\t\t\t\t<a data-elementor-open-lightbox=\"yes\" data-elementor-lightbox-slideshow=\"1cb6325\" data-elementor-lightbox-title=\"DSC_8735\" e-action-hash=\"#elementor-action%3Aaction%3Dlightbox%26settings%3DeyJpZCI6MTI0MTAsInVybCI6Imh0dHA6XC9cL3pzLmdyb21uaWsucGxcL3pzXC93cC1jb250ZW50XC91cGxvYWRzXC8yMDIzXC8wMVwvRFNDXzg3MzUtc2NhbGVkLmpwZyIsInNsaWRlc2hvdyI6IjFjYjYzMjUifQ%3D%3D\" href='http:\/\/zs.gromnik.pl\/zs\/wp-content\/uploads\/2023\/01\/DSC_8735-scaled.jpg'><img width=\"150\" height=\"150\" src=\"http:\/\/zs.gromnik.pl\/zs\/wp-content\/uploads\/2023\/01\/DSC_8735-150x150.jpg\" class=\"attachment-thumbnail size-thumbnail\" alt=\"\" loading=\"lazy\" srcset=\"http:\/\/zs.gromnik.pl\/zs\/wp-content\/uploads\/2023\/01\/DSC_8735-150x150.jpg 150w, http:\/\/zs.gromnik.pl\/zs\/wp-content\/uploads\/2023\/01\/DSC_8735-300x300.jpg 300w, http:\/\/zs.gromnik.pl\/zs\/wp-content\/uploads\/2023\/01\/DSC_8735-75x75.jpg 75w\" sizes=\"(max-width: 150px) 100vw, 150px\" \/><\/a>\n\t\t\t<\/div><\/figure><figure class='gallery-item'>\n\t\t\t<div class='gallery-icon landscape'>\n\t\t\t\t<a data-elementor-open-lightbox=\"yes\" data-elementor-lightbox-slideshow=\"1cb6325\" data-elementor-lightbox-title=\"DSC_8737\" e-action-hash=\"#elementor-action%3Aaction%3Dlightbox%26settings%3DeyJpZCI6MTI0MTEsInVybCI6Imh0dHA6XC9cL3pzLmdyb21uaWsucGxcL3pzXC93cC1jb250ZW50XC91cGxvYWRzXC8yMDIzXC8wMVwvRFNDXzg3Mzctc2NhbGVkLmpwZyIsInNsaWRlc2hvdyI6IjFjYjYzMjUifQ%3D%3D\" href='http:\/\/zs.gromnik.pl\/zs\/wp-content\/uploads\/2023\/01\/DSC_8737-scaled.jpg'><img width=\"150\" height=\"150\" src=\"http:\/\/zs.gromnik.pl\/zs\/wp-content\/uploads\/2023\/01\/DSC_8737-150x150.jpg\" class=\"attachment-thumbnail size-thumbnail\" alt=\"\" loading=\"lazy\" srcset=\"http:\/\/zs.gromnik.pl\/zs\/wp-content\/uploads\/2023\/01\/DSC_8737-150x150.jpg 150w, http:\/\/zs.gromnik.pl\/zs\/wp-content\/uploads\/2023\/01\/DSC_8737-300x300.jpg 300w, http:\/\/zs.gromnik.pl\/zs\/wp-content\/uploads\/2023\/01\/DSC_8737-75x75.jpg 75w\" sizes=\"(max-width: 150px) 100vw, 150px\" \/><\/a>\n\t\t\t<\/div><\/figure><figure class='gallery-item'>\n\t\t\t<div class='gallery-icon landscape'>\n\t\t\t\t<a data-elementor-open-lightbox=\"yes\" data-elementor-lightbox-slideshow=\"1cb6325\" data-elementor-lightbox-title=\"DSC_9104\" e-action-hash=\"#elementor-action%3Aaction%3Dlightbox%26settings%3DeyJpZCI6MTI0MTIsInVybCI6Imh0dHA6XC9cL3pzLmdyb21uaWsucGxcL3pzXC93cC1jb250ZW50XC91cGxvYWRzXC8yMDIzXC8wMVwvRFNDXzkxMDQtc2NhbGVkLmpwZyIsInNsaWRlc2hvdyI6IjFjYjYzMjUifQ%3D%3D\" href='http:\/\/zs.gromnik.pl\/zs\/wp-content\/uploads\/2023\/01\/DSC_9104-scaled.jpg'><img width=\"150\" height=\"150\" src=\"http:\/\/zs.gromnik.pl\/zs\/wp-content\/uploads\/2023\/01\/DSC_9104-150x150.jpg\" class=\"attachment-thumbnail size-thumbnail\" alt=\"\" loading=\"lazy\" srcset=\"http:\/\/zs.gromnik.pl\/zs\/wp-content\/uploads\/2023\/01\/DSC_9104-150x150.jpg 150w, http:\/\/zs.gromnik.pl\/zs\/wp-content\/uploads\/2023\/01\/DSC_9104-300x300.jpg 300w, http:\/\/zs.gromnik.pl\/zs\/wp-content\/uploads\/2023\/01\/DSC_9104-75x75.jpg 75w\" sizes=\"(max-width: 150px) 100vw, 150px\" \/><\/a>\n\t\t\t<\/div><\/figure><figure class='gallery-item'>\n\t\t\t<div class='gallery-icon landscape'>\n\t\t\t\t<a data-elementor-open-lightbox=\"yes\" data-elementor-lightbox-slideshow=\"1cb6325\" data-elementor-lightbox-title=\"DSC_9107\" e-action-hash=\"#elementor-action%3Aaction%3Dlightbox%26settings%3DeyJpZCI6MTI0MTMsInVybCI6Imh0dHA6XC9cL3pzLmdyb21uaWsucGxcL3pzXC93cC1jb250ZW50XC91cGxvYWRzXC8yMDIzXC8wMVwvRFNDXzkxMDctc2NhbGVkLmpwZyIsInNsaWRlc2hvdyI6IjFjYjYzMjUifQ%3D%3D\" href='http:\/\/zs.gromnik.pl\/zs\/wp-content\/uploads\/2023\/01\/DSC_9107-scaled.jpg'><img width=\"150\" height=\"150\" src=\"http:\/\/zs.gromnik.pl\/zs\/wp-content\/uploads\/2023\/01\/DSC_9107-150x150.jpg\" class=\"attachment-thumbnail size-thumbnail\" alt=\"\" loading=\"lazy\" srcset=\"http:\/\/zs.gromnik.pl\/zs\/wp-content\/uploads\/2023\/01\/DSC_9107-150x150.jpg 150w, http:\/\/zs.gromnik.pl\/zs\/wp-content\/uploads\/2023\/01\/DSC_9107-300x300.jpg 300w, http:\/\/zs.gromnik.pl\/zs\/wp-content\/uploads\/2023\/01\/DSC_9107-75x75.jpg 75w\" sizes=\"(max-width: 150px) 100vw, 150px\" \/><\/a>\n\t\t\t<\/div><\/figure><figure class='gallery-item'>\n\t\t\t<div class='gallery-icon landscape'>\n\t\t\t\t<a data-elementor-open-lightbox=\"yes\" data-elementor-lightbox-slideshow=\"1cb6325\" data-elementor-lightbox-title=\"DSC_9114\" e-action-hash=\"#elementor-action%3Aaction%3Dlightbox%26settings%3DeyJpZCI6MTI0MTQsInVybCI6Imh0dHA6XC9cL3pzLmdyb21uaWsucGxcL3pzXC93cC1jb250ZW50XC91cGxvYWRzXC8yMDIzXC8wMVwvRFNDXzkxMTQtc2NhbGVkLmpwZyIsInNsaWRlc2hvdyI6IjFjYjYzMjUifQ%3D%3D\" href='http:\/\/zs.gromnik.pl\/zs\/wp-content\/uploads\/2023\/01\/DSC_9114-scaled.jpg'><img width=\"150\" height=\"150\" src=\"http:\/\/zs.gromnik.pl\/zs\/wp-content\/uploads\/2023\/01\/DSC_9114-150x150.jpg\" class=\"attachment-thumbnail size-thumbnail\" alt=\"\" loading=\"lazy\" srcset=\"http:\/\/zs.gromnik.pl\/zs\/wp-content\/uploads\/2023\/01\/DSC_9114-150x150.jpg 150w, http:\/\/zs.gromnik.pl\/zs\/wp-content\/uploads\/2023\/01\/DSC_9114-300x300.jpg 300w, http:\/\/zs.gromnik.pl\/zs\/wp-content\/uploads\/2023\/01\/DSC_9114-75x75.jpg 75w\" sizes=\"(max-width: 150px) 100vw, 150px\" \/><\/a>\n\t\t\t<\/div><\/figure><figure class='gallery-item'>\n\t\t\t<div class='gallery-icon landscape'>\n\t\t\t\t<a data-elementor-open-lightbox=\"yes\" data-elementor-lightbox-slideshow=\"1cb6325\" data-elementor-lightbox-title=\"3004\" e-action-hash=\"#elementor-action%3Aaction%3Dlightbox%26settings%3DeyJpZCI6MTI0MTUsInVybCI6Imh0dHA6XC9cL3pzLmdyb21uaWsucGxcL3pzXC93cC1jb250ZW50XC91cGxvYWRzXC8yMDIzXC8wMVwvMzAwNC5qcGciLCJzbGlkZXNob3ciOiIxY2I2MzI1In0%3D\" href='http:\/\/zs.gromnik.pl\/zs\/wp-content\/uploads\/2023\/01\/3004.jpg'><img width=\"150\" height=\"150\" src=\"http:\/\/zs.gromnik.pl\/zs\/wp-content\/uploads\/2023\/01\/3004-150x150.jpg\" class=\"attachment-thumbnail size-thumbnail\" alt=\"\" loading=\"lazy\" srcset=\"http:\/\/zs.gromnik.pl\/zs\/wp-content\/uploads\/2023\/01\/3004-150x150.jpg 150w, http:\/\/zs.gromnik.pl\/zs\/wp-content\/uploads\/2023\/01\/3004-300x300.jpg 300w, http:\/\/zs.gromnik.pl\/zs\/wp-content\/uploads\/2023\/01\/3004-75x75.jpg 75w\" sizes=\"(max-width: 150px) 100vw, 150px\" \/><\/a>\n\t\t\t<\/div><\/figure><figure class='gallery-item'>\n\t\t\t<div class='gallery-icon landscape'>\n\t\t\t\t<a data-elementor-open-lightbox=\"yes\" data-elementor-lightbox-slideshow=\"1cb6325\" data-elementor-lightbox-title=\"3014\" e-action-hash=\"#elementor-action%3Aaction%3Dlightbox%26settings%3DeyJpZCI6MTI0MTYsInVybCI6Imh0dHA6XC9cL3pzLmdyb21uaWsucGxcL3pzXC93cC1jb250ZW50XC91cGxvYWRzXC8yMDIzXC8wMVwvMzAxNC5qcGciLCJzbGlkZXNob3ciOiIxY2I2MzI1In0%3D\" href='http:\/\/zs.gromnik.pl\/zs\/wp-content\/uploads\/2023\/01\/3014.jpg'><img width=\"150\" height=\"150\" src=\"http:\/\/zs.gromnik.pl\/zs\/wp-content\/uploads\/2023\/01\/3014-150x150.jpg\" class=\"attachment-thumbnail size-thumbnail\" alt=\"\" loading=\"lazy\" srcset=\"http:\/\/zs.gromnik.pl\/zs\/wp-content\/uploads\/2023\/01\/3014-150x150.jpg 150w, http:\/\/zs.gromnik.pl\/zs\/wp-content\/uploads\/2023\/01\/3014-300x300.jpg 300w, http:\/\/zs.gromnik.pl\/zs\/wp-content\/uploads\/2023\/01\/3014-75x75.jpg 75w\" sizes=\"(max-width: 150px) 100vw, 150px\" \/><\/a>\n\t\t\t<\/div><\/figure><figure class='gallery-item'>\n\t\t\t<div class='gallery-icon landscape'>\n\t\t\t\t<a data-elementor-open-lightbox=\"yes\" data-elementor-lightbox-slideshow=\"1cb6325\" data-elementor-lightbox-title=\"3017\" e-action-hash=\"#elementor-action%3Aaction%3Dlightbox%26settings%3DeyJpZCI6MTI0MTcsInVybCI6Imh0dHA6XC9cL3pzLmdyb21uaWsucGxcL3pzXC93cC1jb250ZW50XC91cGxvYWRzXC8yMDIzXC8wMVwvMzAxNy5qcGciLCJzbGlkZXNob3ciOiIxY2I2MzI1In0%3D\" href='http:\/\/zs.gromnik.pl\/zs\/wp-content\/uploads\/2023\/01\/3017.jpg'><img width=\"150\" height=\"150\" src=\"http:\/\/zs.gromnik.pl\/zs\/wp-content\/uploads\/2023\/01\/3017-150x150.jpg\" class=\"attachment-thumbnail size-thumbnail\" alt=\"\" loading=\"lazy\" srcset=\"http:\/\/zs.gromnik.pl\/zs\/wp-content\/uploads\/2023\/01\/3017-150x150.jpg 150w, http:\/\/zs.gromnik.pl\/zs\/wp-content\/uploads\/2023\/01\/3017-300x300.jpg 300w, http:\/\/zs.gromnik.pl\/zs\/wp-content\/uploads\/2023\/01\/3017-75x75.jpg 75w\" sizes=\"(max-width: 150px) 100vw, 150px\" \/><\/a>\n\t\t\t<\/div><\/figure><figure class='gallery-item'>\n\t\t\t<div class='gallery-icon landscape'>\n\t\t\t\t<a data-elementor-open-lightbox=\"yes\" data-elementor-lightbox-slideshow=\"1cb6325\" data-elementor-lightbox-title=\"3019\" e-action-hash=\"#elementor-action%3Aaction%3Dlightbox%26settings%3DeyJpZCI6MTI0MTgsInVybCI6Imh0dHA6XC9cL3pzLmdyb21uaWsucGxcL3pzXC93cC1jb250ZW50XC91cGxvYWRzXC8yMDIzXC8wMVwvMzAxOS5qcGciLCJzbGlkZXNob3ciOiIxY2I2MzI1In0%3D\" href='http:\/\/zs.gromnik.pl\/zs\/wp-content\/uploads\/2023\/01\/3019.jpg'><img width=\"150\" height=\"150\" src=\"http:\/\/zs.gromnik.pl\/zs\/wp-content\/uploads\/2023\/01\/3019-150x150.jpg\" class=\"attachment-thumbnail size-thumbnail\" alt=\"\" loading=\"lazy\" srcset=\"http:\/\/zs.gromnik.pl\/zs\/wp-content\/uploads\/2023\/01\/3019-150x150.jpg 150w, http:\/\/zs.gromnik.pl\/zs\/wp-content\/uploads\/2023\/01\/3019-300x300.jpg 300w, http:\/\/zs.gromnik.pl\/zs\/wp-content\/uploads\/2023\/01\/3019-75x75.jpg 75w\" sizes=\"(max-width: 150px) 100vw, 150px\" \/><\/a>\n\t\t\t<\/div><\/figure>\n\t\t<\/div>\n\t\t<\/div>\n\t\t\t\t<\/div>\n\t\t\t\t<\/div>\n\t\t\t\t\t<\/div>\n\t\t<\/div>\n\t\t\t\t\t\t\t<\/div>\n\t\t<\/section>\n\t\t\t\t\t\t\t<\/div>\n\t\t","protected":false},"excerpt":{"rendered":"<p>\u00a0W polskiej tradycji trudno wyobrazi\u0107 sobie Bo\u017ce Narodzenie bez niepowtarzalnego brzmienia bogatego repertuaru kol\u0119d i pastora\u0142ek. To one w g\u0142\u00f3wnej mierze stanowi\u0105 o wyj\u0105tkowo\u015bci okresu \u015bwi\u0105tecznego, nieustannie te\u017c inspiruj\u0105 kolejne pokolenia artyst\u00f3w. W tym gronie od wielu ju\u017c lat swoje zas\u0142u\u017cone miejsce znajduj\u0105 uczniowie Szko\u0142y Podstawowej w Gromniku. Trzon naszej \u201emuzycznej sztafety\u201d stanowi aktualnie trio wokalne w sk\u0142adzie: Wiktoria Syrek \u2013 kl. 4a,\u00a0 Karolina Sanek \u2013 kl. 7a, Rados\u0142aw G\u0105sior \u2013 kl. 8b. Godnie zast\u0119puj\u0105 oni absolwent\u00f3w naszej plac\u00f3wki z ubieg\u0142ych lat, zdobywaj\u0105c laury w presti\u017cowych konkursach kol\u0119d i pastora\u0142ek b\u0105d\u017a u\u015bwietniaj\u0105c szkolne i regionalne wydarzenia. Talent wykonawc\u00f3w, ale i wytrwa\u0142a praca pod kierunkiem p. Anny Ga\u0144czarczyk, pozwoli\u0142y zaprezentowa\u0107 si\u0119 z jak najlepszej strony nawet poza Ma\u0142opolsk\u0105. \u00a09 grudnia 2022 r. nasze trio wokalne u\u015bwietni\u0142o uroczysto\u015b\u0107 jubileuszy 50\u2013lecia ma\u0142\u017ce\u0144stwa prezentuj\u0105c koncert kol\u0119d i pastora\u0142ek w Gminnym O\u015brodku Kultury. Miesi\u0105c p\u00f3\u017aniej, 9 stycznia 2023 r. w tym samym sk\u0142adzie uczniowie wykonali koncert dla go\u015bci z Ukrainy mieszkaj\u0105cych na terenie gminy Gromnik. Zaprezentowane zosta\u0142y nast\u0119puj\u0105ce kol\u0119dy i pastora\u0142ki: \u201eCa\u0142\u0105 noc pada\u0142 \u015bnieg\u201d \u201eGore gwiazda Jezusowi\u201d \u201eOkruchy po kol\u0119dzie\u201d \u201eZ najprostszych ci\u0119 uk\u0142adam s\u0142\u00f3w\u201d \u201eBracia patrzcie jeno\u201d \u201eRozkwitn\u0119\u0142a si\u0119 lilija\u201d \u201eNu\u017c my dzi\u015b krze\u015bcijani\u201d Wielkim sukcesem okaza\u0142 si\u0119 udzia\u0142 w nast\u0119puj\u0105cych zmaganiach konkursowych: Konkurs Kol\u0119d i Pastora\u0142ek \u201eNa nut\u0119 kantyczek\u201d w Ja\u015ble: Trio wokalne zaj\u0119\u0142o II miejsce. Uczniowie zaprezentowali renesansow\u0105 3 \u2013 g\u0142osow\u0105 kol\u0119d\u0119 a capella pt. \u201eNu\u017c my dzi\u015b krze\u015bcijani\u201d. Wiktoria Syrek wy\u015bpiewa\u0142a I miejsce pastora\u0142k\u0105 \u201eRozkwitn\u0119\u0142a si\u0119 lilija\u201d. Akompaniowali jej: na fortepianie Karolina Sanek, na skrzypcach Rados\u0142aw G\u0105sior. 14 stycznia 2023 r. laureaci wyst\u0105pili na uroczystym koncercie laureat\u00f3w w Jasielskim Domu Kultury prezentuj\u0105c przygotowane kol\u0119dy. Konkurs Kol\u0119d i Pastora\u0142ek w \u017babnie: Trio wokalne zaj\u0119\u0142o I miejsce po raz kolejny udowadniaj\u0105c wysoki poziom. Zesp\u00f3\u0142 zosta\u0142 zaproszony do udzia\u0142u w koncercie laureat\u00f3w w Centrum Kultury w \u017babnie 22 stycznia 2023 r. \u00a0 M\u0142odym artystom \u017cyczymy dalszych sukces\u00f3w! \u00a0<\/p>\n","protected":false},"author":1,"featured_media":12418,"comment_status":"closed","ping_status":"open","sticky":false,"template":"","format":"standard","meta":[],"categories":[3],"tags":[],"yoast_head":"<!-- This site is optimized with the Yoast SEO plugin v19.8 - https:\/\/yoast.com\/wordpress\/plugins\/seo\/ -->\n<title>W kol\u0119dowym nastroju - Zesp\u00f3\u0142 Szk\u00f3\u0142 w Gromniku<\/title>\n<meta name=\"description\" content=\"Zesp\u00f3\u0142 Szk\u00f3\u0142 w Gromniku\" \/>\n<meta name=\"robots\" content=\"index, follow, max-snippet:-1, max-image-preview:large, max-video-preview:-1\" \/>\n<link rel=\"canonical\" href=\"http:\/\/zs.gromnik.pl\/zs\/w-koledowym-nastroju\/\" \/>\n<meta property=\"og:locale\" content=\"pl_PL\" \/>\n<meta property=\"og:type\" content=\"article\" \/>\n<meta property=\"og:title\" content=\"W kol\u0119dowym nastroju - Zesp\u00f3\u0142 Szk\u00f3\u0142 w Gromniku\" \/>\n<meta property=\"og:description\" content=\"Zesp\u00f3\u0142 Szk\u00f3\u0142 w Gromniku\" \/>\n<meta property=\"og:url\" content=\"http:\/\/zs.gromnik.pl\/zs\/w-koledowym-nastroju\/\" \/>\n<meta property=\"og:site_name\" content=\"Zesp\u00f3\u0142 Szk\u00f3\u0142 w Gromniku\" \/>\n<meta property=\"article:publisher\" content=\"https:\/\/www.facebook.com\/zsgromnik\" \/>\n<meta property=\"article:published_time\" content=\"2023-01-22T14:27:45+00:00\" \/>\n<meta property=\"article:modified_time\" content=\"2023-01-22T14:42:03+00:00\" \/>\n<meta property=\"og:image\" content=\"http:\/\/zs.gromnik.pl\/zs\/wp-content\/uploads\/2023\/01\/3019.jpg\" \/>\n\t<meta property=\"og:image:width\" content=\"640\" \/>\n\t<meta property=\"og:image:height\" content=\"479\" \/>\n\t<meta property=\"og:image:type\" content=\"image\/jpeg\" \/>\n<meta name=\"author\" content=\"admin\" \/>\n<meta name=\"twitter:card\" content=\"summary_large_image\" \/>\n<meta name=\"twitter:label1\" content=\"Napisane przez\" \/>\n\t<meta name=\"twitter:data1\" content=\"admin\" \/>\n\t<meta name=\"twitter:label2\" content=\"Szacowany czas czytania\" \/>\n\t<meta name=\"twitter:data2\" content=\"2 minuty\" \/>\n<script type=\"application\/ld+json\" class=\"yoast-schema-graph\">{\"@context\":\"https:\/\/schema.org\",\"@graph\":[{\"@type\":\"WebPage\",\"@id\":\"http:\/\/zs.gromnik.pl\/zs\/w-koledowym-nastroju\/\",\"url\":\"http:\/\/zs.gromnik.pl\/zs\/w-koledowym-nastroju\/\",\"name\":\"W kol\u0119dowym nastroju - Zesp\u00f3\u0142 Szk\u00f3\u0142 w Gromniku\",\"isPartOf\":{\"@id\":\"https:\/\/zs.gromnik.pl\/zs\/#website\"},\"datePublished\":\"2023-01-22T14:27:45+00:00\",\"dateModified\":\"2023-01-22T14:42:03+00:00\",\"author\":{\"@id\":\"https:\/\/zs.gromnik.pl\/zs\/#\/schema\/person\/b197900f67c6133faddc284ae32f97ca\"},\"description\":\"Zesp\u00f3\u0142 Szk\u00f3\u0142 w Gromniku\",\"breadcrumb\":{\"@id\":\"http:\/\/zs.gromnik.pl\/zs\/w-koledowym-nastroju\/#breadcrumb\"},\"inLanguage\":\"pl-PL\",\"potentialAction\":[{\"@type\":\"ReadAction\",\"target\":[\"http:\/\/zs.gromnik.pl\/zs\/w-koledowym-nastroju\/\"]}]},{\"@type\":\"BreadcrumbList\",\"@id\":\"http:\/\/zs.gromnik.pl\/zs\/w-koledowym-nastroju\/#breadcrumb\",\"itemListElement\":[{\"@type\":\"ListItem\",\"position\":1,\"name\":\"Strona g\u0142\u00f3wna\",\"item\":\"https:\/\/zs.gromnik.pl\/zs\/\"},{\"@type\":\"ListItem\",\"position\":2,\"name\":\"W kol\u0119dowym nastroju\"}]},{\"@type\":\"WebSite\",\"@id\":\"https:\/\/zs.gromnik.pl\/zs\/#website\",\"url\":\"https:\/\/zs.gromnik.pl\/zs\/\",\"name\":\"Zesp\u00f3\u0142 Szk\u00f3\u0142 w Gromniku\",\"description\":\"\",\"potentialAction\":[{\"@type\":\"SearchAction\",\"target\":{\"@type\":\"EntryPoint\",\"urlTemplate\":\"https:\/\/zs.gromnik.pl\/zs\/?s={search_term_string}\"},\"query-input\":\"required name=search_term_string\"}],\"inLanguage\":\"pl-PL\"},{\"@type\":\"Person\",\"@id\":\"https:\/\/zs.gromnik.pl\/zs\/#\/schema\/person\/b197900f67c6133faddc284ae32f97ca\",\"name\":\"admin\",\"image\":{\"@type\":\"ImageObject\",\"inLanguage\":\"pl-PL\",\"@id\":\"https:\/\/zs.gromnik.pl\/zs\/#\/schema\/person\/image\/\",\"url\":\"http:\/\/0.gravatar.com\/avatar\/f8a2f876dbcc8c8edd809a8ca77a2abe?s=96&d=mm&r=g\",\"contentUrl\":\"http:\/\/0.gravatar.com\/avatar\/f8a2f876dbcc8c8edd809a8ca77a2abe?s=96&d=mm&r=g\",\"caption\":\"admin\"},\"url\":\"http:\/\/zs.gromnik.pl\/zs\/author\/admin\/\"}]}<\/script>\n<!-- \/ Yoast SEO plugin. -->","yoast_head_json":{"title":"W kol\u0119dowym nastroju - Zesp\u00f3\u0142 Szk\u00f3\u0142 w Gromniku","description":"Zesp\u00f3\u0142 Szk\u00f3\u0142 w Gromniku","robots":{"index":"index","follow":"follow","max-snippet":"max-snippet:-1","max-image-preview":"max-image-preview:large","max-video-preview":"max-video-preview:-1"},"canonical":"http:\/\/zs.gromnik.pl\/zs\/w-koledowym-nastroju\/","og_locale":"pl_PL","og_type":"article","og_title":"W kol\u0119dowym nastroju - Zesp\u00f3\u0142 Szk\u00f3\u0142 w Gromniku","og_description":"Zesp\u00f3\u0142 Szk\u00f3\u0142 w Gromniku","og_url":"http:\/\/zs.gromnik.pl\/zs\/w-koledowym-nastroju\/","og_site_name":"Zesp\u00f3\u0142 Szk\u00f3\u0142 w Gromniku","article_publisher":"https:\/\/www.facebook.com\/zsgromnik","article_published_time":"2023-01-22T14:27:45+00:00","article_modified_time":"2023-01-22T14:42:03+00:00","og_image":[{"width":640,"height":479,"url":"http:\/\/zs.gromnik.pl\/zs\/wp-content\/uploads\/2023\/01\/3019.jpg","type":"image\/jpeg"}],"author":"admin","twitter_card":"summary_large_image","twitter_misc":{"Napisane przez":"admin","Szacowany czas czytania":"2 minuty"},"schema":{"@context":"https:\/\/schema.org","@graph":[{"@type":"WebPage","@id":"http:\/\/zs.gromnik.pl\/zs\/w-koledowym-nastroju\/","url":"http:\/\/zs.gromnik.pl\/zs\/w-koledowym-nastroju\/","name":"W kol\u0119dowym nastroju - Zesp\u00f3\u0142 Szk\u00f3\u0142 w Gromniku","isPartOf":{"@id":"https:\/\/zs.gromnik.pl\/zs\/#website"},"datePublished":"2023-01-22T14:27:45+00:00","dateModified":"2023-01-22T14:42:03+00:00","author":{"@id":"https:\/\/zs.gromnik.pl\/zs\/#\/schema\/person\/b197900f67c6133faddc284ae32f97ca"},"description":"Zesp\u00f3\u0142 Szk\u00f3\u0142 w Gromniku","breadcrumb":{"@id":"http:\/\/zs.gromnik.pl\/zs\/w-koledowym-nastroju\/#breadcrumb"},"inLanguage":"pl-PL","potentialAction":[{"@type":"ReadAction","target":["http:\/\/zs.gromnik.pl\/zs\/w-koledowym-nastroju\/"]}]},{"@type":"BreadcrumbList","@id":"http:\/\/zs.gromnik.pl\/zs\/w-koledowym-nastroju\/#breadcrumb","itemListElement":[{"@type":"ListItem","position":1,"name":"Strona g\u0142\u00f3wna","item":"https:\/\/zs.gromnik.pl\/zs\/"},{"@type":"ListItem","position":2,"name":"W kol\u0119dowym nastroju"}]},{"@type":"WebSite","@id":"https:\/\/zs.gromnik.pl\/zs\/#website","url":"https:\/\/zs.gromnik.pl\/zs\/","name":"Zesp\u00f3\u0142 Szk\u00f3\u0142 w Gromniku","description":"","potentialAction":[{"@type":"SearchAction","target":{"@type":"EntryPoint","urlTemplate":"https:\/\/zs.gromnik.pl\/zs\/?s={search_term_string}"},"query-input":"required name=search_term_string"}],"inLanguage":"pl-PL"},{"@type":"Person","@id":"https:\/\/zs.gromnik.pl\/zs\/#\/schema\/person\/b197900f67c6133faddc284ae32f97ca","name":"admin","image":{"@type":"ImageObject","inLanguage":"pl-PL","@id":"https:\/\/zs.gromnik.pl\/zs\/#\/schema\/person\/image\/","url":"http:\/\/0.gravatar.com\/avatar\/f8a2f876dbcc8c8edd809a8ca77a2abe?s=96&d=mm&r=g","contentUrl":"http:\/\/0.gravatar.com\/avatar\/f8a2f876dbcc8c8edd809a8ca77a2abe?s=96&d=mm&r=g","caption":"admin"},"url":"http:\/\/zs.gromnik.pl\/zs\/author\/admin\/"}]}},"_links":{"self":[{"href":"http:\/\/zs.gromnik.pl\/zs\/wp-json\/wp\/v2\/posts\/12406"}],"collection":[{"href":"http:\/\/zs.gromnik.pl\/zs\/wp-json\/wp\/v2\/posts"}],"about":[{"href":"http:\/\/zs.gromnik.pl\/zs\/wp-json\/wp\/v2\/types\/post"}],"author":[{"embeddable":true,"href":"http:\/\/zs.gromnik.pl\/zs\/wp-json\/wp\/v2\/users\/1"}],"replies":[{"embeddable":true,"href":"http:\/\/zs.gromnik.pl\/zs\/wp-json\/wp\/v2\/comments?post=12406"}],"version-history":[{"count":5,"href":"http:\/\/zs.gromnik.pl\/zs\/wp-json\/wp\/v2\/posts\/12406\/revisions"}],"predecessor-version":[{"id":12421,"href":"http:\/\/zs.gromnik.pl\/zs\/wp-json\/wp\/v2\/posts\/12406\/revisions\/12421"}],"wp:featuredmedia":[{"embeddable":true,"href":"http:\/\/zs.gromnik.pl\/zs\/wp-json\/wp\/v2\/media\/12418"}],"wp:attachment":[{"href":"http:\/\/zs.gromnik.pl\/zs\/wp-json\/wp\/v2\/media?parent=12406"}],"wp:term":[{"taxonomy":"category","embeddable":true,"href":"http:\/\/zs.gromnik.pl\/zs\/wp-json\/wp\/v2\/categories?post=12406"},{"taxonomy":"post_tag","embeddable":true,"href":"http:\/\/zs.gromnik.pl\/zs\/wp-json\/wp\/v2\/tags?post=12406"}],"curies":[{"name":"wp","href":"https:\/\/api.w.org\/{rel}","templated":true}]}}