{"id":12476,"date":"2023-01-31T14:48:00","date_gmt":"2023-01-31T13:48:00","guid":{"rendered":"http:\/\/zs.gromnik.pl\/zs\/?p=12476"},"modified":"2023-02-12T15:55:47","modified_gmt":"2023-02-12T14:55:47","slug":"bal-karnawalowy-w-przedszkolu","status":"publish","type":"post","link":"http:\/\/zs.gromnik.pl\/zs\/bal-karnawalowy-w-przedszkolu\/","title":{"rendered":"Bal karnawa\u0142owy w przedszkolu&#8230;"},"content":{"rendered":"\n<p>Bal karnawa\u0142owy dla dzieci to dzie\u0144 niezwyk\u0142y, cz\u0119sto wyczekiwany przez wiele tygodni. Tak te\u017c by\u0142o w przypadku przedszkolak\u00f3w ucz\u0119szczaj\u0105cych do naszej plac\u00f3wki. Kiedy nasta\u0142 ten dzie\u0144, ju\u017c od wczesnych godzin porannych do przedszkola przybywa\u0142y dzieci w pi\u0119knych, bajkowych, niecodziennych strojach. Pomys\u0142\u00f3w na przebrania by\u0142o mn\u00f3stwo. Dope\u0142nieniem ca\u0142ej zabawy by\u0142a oczywi\u015bcie skoczna muzyka, ta\u0144ce indywidualne i zespo\u0142owe oraz  s\u0142odki pocz\u0119stunek. Ten wyj\u0105tkowy bal z pewno\u015bci\u0105 na d\u0142ugo pozostanie w pami\u0119ci naszych najm\u0142odszych.<\/p>\n\n\n\n<figure class=\"wp-container-2 wp-block-gallery-1 wp-block-gallery has-nested-images columns-default is-cropped\">\n<figure class=\"wp-block-image size-large\"><img loading=\"lazy\" width=\"2560\" height=\"1707\" data-id=\"12478\"  src=\"http:\/\/zs.gromnik.pl\/zs\/wp-content\/uploads\/2023\/02\/IMG_6964-scaled.jpg\" alt=\"\" class=\"wp-image-12478\" srcset=\"http:\/\/zs.gromnik.pl\/zs\/wp-content\/uploads\/2023\/02\/IMG_6964-scaled.jpg 2560w, http:\/\/zs.gromnik.pl\/zs\/wp-content\/uploads\/2023\/02\/IMG_6964-300x200.jpg 300w, http:\/\/zs.gromnik.pl\/zs\/wp-content\/uploads\/2023\/02\/IMG_6964-1024x683.jpg 1024w, http:\/\/zs.gromnik.pl\/zs\/wp-content\/uploads\/2023\/02\/IMG_6964-768x512.jpg 768w, http:\/\/zs.gromnik.pl\/zs\/wp-content\/uploads\/2023\/02\/IMG_6964-1536x1024.jpg 1536w, http:\/\/zs.gromnik.pl\/zs\/wp-content\/uploads\/2023\/02\/IMG_6964-2048x1365.jpg 2048w, http:\/\/zs.gromnik.pl\/zs\/wp-content\/uploads\/2023\/02\/IMG_6964-1140x760.jpg 1140w\" sizes=\"(max-width: 2560px) 100vw, 2560px\" \/><\/figure>\n\n\n\n<figure class=\"wp-block-image size-large\"><img loading=\"lazy\" width=\"2560\" height=\"1707\" data-id=\"12479\"  src=\"http:\/\/zs.gromnik.pl\/zs\/wp-content\/uploads\/2023\/02\/IMG_6968-scaled.jpg\" alt=\"\" class=\"wp-image-12479\" srcset=\"http:\/\/zs.gromnik.pl\/zs\/wp-content\/uploads\/2023\/02\/IMG_6968-scaled.jpg 2560w, http:\/\/zs.gromnik.pl\/zs\/wp-content\/uploads\/2023\/02\/IMG_6968-300x200.jpg 300w, http:\/\/zs.gromnik.pl\/zs\/wp-content\/uploads\/2023\/02\/IMG_6968-1024x683.jpg 1024w, http:\/\/zs.gromnik.pl\/zs\/wp-content\/uploads\/2023\/02\/IMG_6968-768x512.jpg 768w, http:\/\/zs.gromnik.pl\/zs\/wp-content\/uploads\/2023\/02\/IMG_6968-1536x1024.jpg 1536w, http:\/\/zs.gromnik.pl\/zs\/wp-content\/uploads\/2023\/02\/IMG_6968-2048x1365.jpg 2048w, http:\/\/zs.gromnik.pl\/zs\/wp-content\/uploads\/2023\/02\/IMG_6968-1140x760.jpg 1140w\" sizes=\"(max-width: 2560px) 100vw, 2560px\" \/><\/figure>\n\n\n\n<figure class=\"wp-block-image size-large\"><img loading=\"lazy\" width=\"2560\" height=\"1707\" data-id=\"12480\"  src=\"http:\/\/zs.gromnik.pl\/zs\/wp-content\/uploads\/2023\/02\/IMG_6977-scaled.jpg\" alt=\"\" class=\"wp-image-12480\" srcset=\"http:\/\/zs.gromnik.pl\/zs\/wp-content\/uploads\/2023\/02\/IMG_6977-scaled.jpg 2560w, http:\/\/zs.gromnik.pl\/zs\/wp-content\/uploads\/2023\/02\/IMG_6977-300x200.jpg 300w, http:\/\/zs.gromnik.pl\/zs\/wp-content\/uploads\/2023\/02\/IMG_6977-1024x683.jpg 1024w, http:\/\/zs.gromnik.pl\/zs\/wp-content\/uploads\/2023\/02\/IMG_6977-768x512.jpg 768w, http:\/\/zs.gromnik.pl\/zs\/wp-content\/uploads\/2023\/02\/IMG_6977-1536x1024.jpg 1536w, http:\/\/zs.gromnik.pl\/zs\/wp-content\/uploads\/2023\/02\/IMG_6977-2048x1365.jpg 2048w, http:\/\/zs.gromnik.pl\/zs\/wp-content\/uploads\/2023\/02\/IMG_6977-1140x760.jpg 1140w\" sizes=\"(max-width: 2560px) 100vw, 2560px\" \/><\/figure>\n\n\n\n<figure class=\"wp-block-image size-large\"><img loading=\"lazy\" width=\"2560\" height=\"1707\" data-id=\"12481\"  src=\"http:\/\/zs.gromnik.pl\/zs\/wp-content\/uploads\/2023\/02\/IMG_6979-scaled.jpg\" alt=\"\" class=\"wp-image-12481\" srcset=\"http:\/\/zs.gromnik.pl\/zs\/wp-content\/uploads\/2023\/02\/IMG_6979-scaled.jpg 2560w, http:\/\/zs.gromnik.pl\/zs\/wp-content\/uploads\/2023\/02\/IMG_6979-300x200.jpg 300w, http:\/\/zs.gromnik.pl\/zs\/wp-content\/uploads\/2023\/02\/IMG_6979-1024x683.jpg 1024w, http:\/\/zs.gromnik.pl\/zs\/wp-content\/uploads\/2023\/02\/IMG_6979-768x512.jpg 768w, http:\/\/zs.gromnik.pl\/zs\/wp-content\/uploads\/2023\/02\/IMG_6979-1536x1024.jpg 1536w, http:\/\/zs.gromnik.pl\/zs\/wp-content\/uploads\/2023\/02\/IMG_6979-2048x1365.jpg 2048w, http:\/\/zs.gromnik.pl\/zs\/wp-content\/uploads\/2023\/02\/IMG_6979-1140x760.jpg 1140w\" sizes=\"(max-width: 2560px) 100vw, 2560px\" \/><\/figure>\n\n\n\n<figure class=\"wp-block-image size-large\"><img loading=\"lazy\" width=\"2560\" height=\"1707\" data-id=\"12482\"  src=\"http:\/\/zs.gromnik.pl\/zs\/wp-content\/uploads\/2023\/02\/IMG_6981-scaled.jpg\" alt=\"\" class=\"wp-image-12482\" srcset=\"http:\/\/zs.gromnik.pl\/zs\/wp-content\/uploads\/2023\/02\/IMG_6981-scaled.jpg 2560w, http:\/\/zs.gromnik.pl\/zs\/wp-content\/uploads\/2023\/02\/IMG_6981-300x200.jpg 300w, http:\/\/zs.gromnik.pl\/zs\/wp-content\/uploads\/2023\/02\/IMG_6981-1024x683.jpg 1024w, http:\/\/zs.gromnik.pl\/zs\/wp-content\/uploads\/2023\/02\/IMG_6981-768x512.jpg 768w, http:\/\/zs.gromnik.pl\/zs\/wp-content\/uploads\/2023\/02\/IMG_6981-1536x1024.jpg 1536w, http:\/\/zs.gromnik.pl\/zs\/wp-content\/uploads\/2023\/02\/IMG_6981-2048x1365.jpg 2048w, http:\/\/zs.gromnik.pl\/zs\/wp-content\/uploads\/2023\/02\/IMG_6981-1140x760.jpg 1140w\" sizes=\"(max-width: 2560px) 100vw, 2560px\" \/><\/figure>\n\n\n\n<figure class=\"wp-block-image size-large\"><img loading=\"lazy\" width=\"2560\" height=\"1707\" data-id=\"12483\"  src=\"http:\/\/zs.gromnik.pl\/zs\/wp-content\/uploads\/2023\/02\/IMG_6982-scaled.jpg\" alt=\"\" class=\"wp-image-12483\" srcset=\"http:\/\/zs.gromnik.pl\/zs\/wp-content\/uploads\/2023\/02\/IMG_6982-scaled.jpg 2560w, http:\/\/zs.gromnik.pl\/zs\/wp-content\/uploads\/2023\/02\/IMG_6982-300x200.jpg 300w, http:\/\/zs.gromnik.pl\/zs\/wp-content\/uploads\/2023\/02\/IMG_6982-1024x683.jpg 1024w, http:\/\/zs.gromnik.pl\/zs\/wp-content\/uploads\/2023\/02\/IMG_6982-768x512.jpg 768w, http:\/\/zs.gromnik.pl\/zs\/wp-content\/uploads\/2023\/02\/IMG_6982-1536x1024.jpg 1536w, http:\/\/zs.gromnik.pl\/zs\/wp-content\/uploads\/2023\/02\/IMG_6982-2048x1365.jpg 2048w, http:\/\/zs.gromnik.pl\/zs\/wp-content\/uploads\/2023\/02\/IMG_6982-1140x760.jpg 1140w\" sizes=\"(max-width: 2560px) 100vw, 2560px\" \/><\/figure>\n\n\n\n<figure class=\"wp-block-image size-large\"><img loading=\"lazy\" width=\"2560\" height=\"1707\" data-id=\"12484\"  src=\"http:\/\/zs.gromnik.pl\/zs\/wp-content\/uploads\/2023\/02\/IMG_6984-scaled.jpg\" alt=\"\" class=\"wp-image-12484\" srcset=\"http:\/\/zs.gromnik.pl\/zs\/wp-content\/uploads\/2023\/02\/IMG_6984-scaled.jpg 2560w, http:\/\/zs.gromnik.pl\/zs\/wp-content\/uploads\/2023\/02\/IMG_6984-300x200.jpg 300w, http:\/\/zs.gromnik.pl\/zs\/wp-content\/uploads\/2023\/02\/IMG_6984-1024x683.jpg 1024w, http:\/\/zs.gromnik.pl\/zs\/wp-content\/uploads\/2023\/02\/IMG_6984-768x512.jpg 768w, http:\/\/zs.gromnik.pl\/zs\/wp-content\/uploads\/2023\/02\/IMG_6984-1536x1024.jpg 1536w, http:\/\/zs.gromnik.pl\/zs\/wp-content\/uploads\/2023\/02\/IMG_6984-2048x1365.jpg 2048w, http:\/\/zs.gromnik.pl\/zs\/wp-content\/uploads\/2023\/02\/IMG_6984-1140x760.jpg 1140w\" sizes=\"(max-width: 2560px) 100vw, 2560px\" \/><\/figure>\n\n\n\n<figure class=\"wp-block-image size-large\"><img loading=\"lazy\" width=\"2560\" height=\"1707\" data-id=\"12485\"  src=\"http:\/\/zs.gromnik.pl\/zs\/wp-content\/uploads\/2023\/02\/IMG_6986-scaled.jpg\" alt=\"\" class=\"wp-image-12485\" srcset=\"http:\/\/zs.gromnik.pl\/zs\/wp-content\/uploads\/2023\/02\/IMG_6986-scaled.jpg 2560w, http:\/\/zs.gromnik.pl\/zs\/wp-content\/uploads\/2023\/02\/IMG_6986-300x200.jpg 300w, http:\/\/zs.gromnik.pl\/zs\/wp-content\/uploads\/2023\/02\/IMG_6986-1024x683.jpg 1024w, http:\/\/zs.gromnik.pl\/zs\/wp-content\/uploads\/2023\/02\/IMG_6986-768x512.jpg 768w, http:\/\/zs.gromnik.pl\/zs\/wp-content\/uploads\/2023\/02\/IMG_6986-1536x1024.jpg 1536w, http:\/\/zs.gromnik.pl\/zs\/wp-content\/uploads\/2023\/02\/IMG_6986-2048x1365.jpg 2048w, http:\/\/zs.gromnik.pl\/zs\/wp-content\/uploads\/2023\/02\/IMG_6986-1140x760.jpg 1140w\" sizes=\"(max-width: 2560px) 100vw, 2560px\" \/><\/figure>\n\n\n\n<figure class=\"wp-block-image size-large\"><img loading=\"lazy\" width=\"2560\" height=\"1707\" data-id=\"12486\"  src=\"http:\/\/zs.gromnik.pl\/zs\/wp-content\/uploads\/2023\/02\/IMG_6990-scaled.jpg\" alt=\"\" class=\"wp-image-12486\" srcset=\"http:\/\/zs.gromnik.pl\/zs\/wp-content\/uploads\/2023\/02\/IMG_6990-scaled.jpg 2560w, http:\/\/zs.gromnik.pl\/zs\/wp-content\/uploads\/2023\/02\/IMG_6990-300x200.jpg 300w, http:\/\/zs.gromnik.pl\/zs\/wp-content\/uploads\/2023\/02\/IMG_6990-1024x683.jpg 1024w, http:\/\/zs.gromnik.pl\/zs\/wp-content\/uploads\/2023\/02\/IMG_6990-768x512.jpg 768w, http:\/\/zs.gromnik.pl\/zs\/wp-content\/uploads\/2023\/02\/IMG_6990-1536x1024.jpg 1536w, http:\/\/zs.gromnik.pl\/zs\/wp-content\/uploads\/2023\/02\/IMG_6990-2048x1365.jpg 2048w, http:\/\/zs.gromnik.pl\/zs\/wp-content\/uploads\/2023\/02\/IMG_6990-1140x760.jpg 1140w\" sizes=\"(max-width: 2560px) 100vw, 2560px\" \/><\/figure>\n\n\n\n<figure class=\"wp-block-image size-large\"><img loading=\"lazy\" width=\"2560\" height=\"1707\" data-id=\"12489\"  src=\"http:\/\/zs.gromnik.pl\/zs\/wp-content\/uploads\/2023\/02\/IMG_7004-scaled.jpg\" alt=\"\" class=\"wp-image-12489\" srcset=\"http:\/\/zs.gromnik.pl\/zs\/wp-content\/uploads\/2023\/02\/IMG_7004-scaled.jpg 2560w, http:\/\/zs.gromnik.pl\/zs\/wp-content\/uploads\/2023\/02\/IMG_7004-300x200.jpg 300w, http:\/\/zs.gromnik.pl\/zs\/wp-content\/uploads\/2023\/02\/IMG_7004-1024x683.jpg 1024w, http:\/\/zs.gromnik.pl\/zs\/wp-content\/uploads\/2023\/02\/IMG_7004-768x512.jpg 768w, http:\/\/zs.gromnik.pl\/zs\/wp-content\/uploads\/2023\/02\/IMG_7004-1536x1024.jpg 1536w, http:\/\/zs.gromnik.pl\/zs\/wp-content\/uploads\/2023\/02\/IMG_7004-2048x1365.jpg 2048w, http:\/\/zs.gromnik.pl\/zs\/wp-content\/uploads\/2023\/02\/IMG_7004-1140x760.jpg 1140w\" sizes=\"(max-width: 2560px) 100vw, 2560px\" \/><\/figure>\n\n\n\n<figure class=\"wp-block-image size-large\"><img loading=\"lazy\" width=\"2560\" height=\"1707\" data-id=\"12490\"  src=\"http:\/\/zs.gromnik.pl\/zs\/wp-content\/uploads\/2023\/02\/IMG_7005-scaled.jpg\" alt=\"\" class=\"wp-image-12490\" srcset=\"http:\/\/zs.gromnik.pl\/zs\/wp-content\/uploads\/2023\/02\/IMG_7005-scaled.jpg 2560w, http:\/\/zs.gromnik.pl\/zs\/wp-content\/uploads\/2023\/02\/IMG_7005-300x200.jpg 300w, http:\/\/zs.gromnik.pl\/zs\/wp-content\/uploads\/2023\/02\/IMG_7005-1024x683.jpg 1024w, http:\/\/zs.gromnik.pl\/zs\/wp-content\/uploads\/2023\/02\/IMG_7005-768x512.jpg 768w, http:\/\/zs.gromnik.pl\/zs\/wp-content\/uploads\/2023\/02\/IMG_7005-1536x1024.jpg 1536w, http:\/\/zs.gromnik.pl\/zs\/wp-content\/uploads\/2023\/02\/IMG_7005-2048x1365.jpg 2048w, http:\/\/zs.gromnik.pl\/zs\/wp-content\/uploads\/2023\/02\/IMG_7005-1140x760.jpg 1140w\" sizes=\"(max-width: 2560px) 100vw, 2560px\" \/><\/figure>\n\n\n\n<figure class=\"wp-block-image size-large\"><img loading=\"lazy\" width=\"2560\" height=\"1707\" data-id=\"12496\"  src=\"http:\/\/zs.gromnik.pl\/zs\/wp-content\/uploads\/2023\/02\/IMG_7044-scaled.jpg\" alt=\"\" class=\"wp-image-12496\" srcset=\"http:\/\/zs.gromnik.pl\/zs\/wp-content\/uploads\/2023\/02\/IMG_7044-scaled.jpg 2560w, http:\/\/zs.gromnik.pl\/zs\/wp-content\/uploads\/2023\/02\/IMG_7044-300x200.jpg 300w, http:\/\/zs.gromnik.pl\/zs\/wp-content\/uploads\/2023\/02\/IMG_7044-1024x683.jpg 1024w, http:\/\/zs.gromnik.pl\/zs\/wp-content\/uploads\/2023\/02\/IMG_7044-768x512.jpg 768w, http:\/\/zs.gromnik.pl\/zs\/wp-content\/uploads\/2023\/02\/IMG_7044-1536x1024.jpg 1536w, http:\/\/zs.gromnik.pl\/zs\/wp-content\/uploads\/2023\/02\/IMG_7044-2048x1365.jpg 2048w, http:\/\/zs.gromnik.pl\/zs\/wp-content\/uploads\/2023\/02\/IMG_7044-1140x760.jpg 1140w\" sizes=\"(max-width: 2560px) 100vw, 2560px\" \/><\/figure>\n\n\n\n<figure class=\"wp-block-image size-large\"><img loading=\"lazy\" width=\"2560\" height=\"1707\" data-id=\"12497\"  src=\"http:\/\/zs.gromnik.pl\/zs\/wp-content\/uploads\/2023\/02\/IMG_7049-scaled.jpg\" alt=\"\" class=\"wp-image-12497\" srcset=\"http:\/\/zs.gromnik.pl\/zs\/wp-content\/uploads\/2023\/02\/IMG_7049-scaled.jpg 2560w, http:\/\/zs.gromnik.pl\/zs\/wp-content\/uploads\/2023\/02\/IMG_7049-300x200.jpg 300w, http:\/\/zs.gromnik.pl\/zs\/wp-content\/uploads\/2023\/02\/IMG_7049-1024x683.jpg 1024w, http:\/\/zs.gromnik.pl\/zs\/wp-content\/uploads\/2023\/02\/IMG_7049-768x512.jpg 768w, http:\/\/zs.gromnik.pl\/zs\/wp-content\/uploads\/2023\/02\/IMG_7049-1536x1024.jpg 1536w, http:\/\/zs.gromnik.pl\/zs\/wp-content\/uploads\/2023\/02\/IMG_7049-2048x1365.jpg 2048w, http:\/\/zs.gromnik.pl\/zs\/wp-content\/uploads\/2023\/02\/IMG_7049-1140x760.jpg 1140w\" sizes=\"(max-width: 2560px) 100vw, 2560px\" \/><\/figure>\n\n\n\n<figure class=\"wp-block-image size-large\"><img loading=\"lazy\" width=\"2560\" height=\"1707\" data-id=\"12498\"  src=\"http:\/\/zs.gromnik.pl\/zs\/wp-content\/uploads\/2023\/02\/IMG_7050-scaled.jpg\" alt=\"\" class=\"wp-image-12498\" srcset=\"http:\/\/zs.gromnik.pl\/zs\/wp-content\/uploads\/2023\/02\/IMG_7050-scaled.jpg 2560w, http:\/\/zs.gromnik.pl\/zs\/wp-content\/uploads\/2023\/02\/IMG_7050-300x200.jpg 300w, http:\/\/zs.gromnik.pl\/zs\/wp-content\/uploads\/2023\/02\/IMG_7050-1024x683.jpg 1024w, http:\/\/zs.gromnik.pl\/zs\/wp-content\/uploads\/2023\/02\/IMG_7050-768x512.jpg 768w, http:\/\/zs.gromnik.pl\/zs\/wp-content\/uploads\/2023\/02\/IMG_7050-1536x1024.jpg 1536w, http:\/\/zs.gromnik.pl\/zs\/wp-content\/uploads\/2023\/02\/IMG_7050-2048x1365.jpg 2048w, http:\/\/zs.gromnik.pl\/zs\/wp-content\/uploads\/2023\/02\/IMG_7050-1140x760.jpg 1140w\" sizes=\"(max-width: 2560px) 100vw, 2560px\" \/><\/figure>\n\n\n\n<figure class=\"wp-block-image size-large\"><img loading=\"lazy\" width=\"2560\" height=\"1707\" data-id=\"12494\"  src=\"http:\/\/zs.gromnik.pl\/zs\/wp-content\/uploads\/2023\/02\/IMG_7031-scaled.jpg\" alt=\"\" class=\"wp-image-12494\" srcset=\"http:\/\/zs.gromnik.pl\/zs\/wp-content\/uploads\/2023\/02\/IMG_7031-scaled.jpg 2560w, http:\/\/zs.gromnik.pl\/zs\/wp-content\/uploads\/2023\/02\/IMG_7031-300x200.jpg 300w, http:\/\/zs.gromnik.pl\/zs\/wp-content\/uploads\/2023\/02\/IMG_7031-1024x683.jpg 1024w, http:\/\/zs.gromnik.pl\/zs\/wp-content\/uploads\/2023\/02\/IMG_7031-768x512.jpg 768w, http:\/\/zs.gromnik.pl\/zs\/wp-content\/uploads\/2023\/02\/IMG_7031-1536x1024.jpg 1536w, http:\/\/zs.gromnik.pl\/zs\/wp-content\/uploads\/2023\/02\/IMG_7031-2048x1365.jpg 2048w, http:\/\/zs.gromnik.pl\/zs\/wp-content\/uploads\/2023\/02\/IMG_7031-1140x760.jpg 1140w\" sizes=\"(max-width: 2560px) 100vw, 2560px\" \/><\/figure>\n\n\n\n<figure class=\"wp-block-image size-large\"><img loading=\"lazy\" width=\"2560\" height=\"1707\" data-id=\"12491\"  src=\"http:\/\/zs.gromnik.pl\/zs\/wp-content\/uploads\/2023\/02\/IMG_7013-scaled.jpg\" alt=\"\" class=\"wp-image-12491\" srcset=\"http:\/\/zs.gromnik.pl\/zs\/wp-content\/uploads\/2023\/02\/IMG_7013-scaled.jpg 2560w, http:\/\/zs.gromnik.pl\/zs\/wp-content\/uploads\/2023\/02\/IMG_7013-300x200.jpg 300w, http:\/\/zs.gromnik.pl\/zs\/wp-content\/uploads\/2023\/02\/IMG_7013-1024x683.jpg 1024w, http:\/\/zs.gromnik.pl\/zs\/wp-content\/uploads\/2023\/02\/IMG_7013-768x512.jpg 768w, http:\/\/zs.gromnik.pl\/zs\/wp-content\/uploads\/2023\/02\/IMG_7013-1536x1024.jpg 1536w, http:\/\/zs.gromnik.pl\/zs\/wp-content\/uploads\/2023\/02\/IMG_7013-2048x1365.jpg 2048w, http:\/\/zs.gromnik.pl\/zs\/wp-content\/uploads\/2023\/02\/IMG_7013-1140x760.jpg 1140w\" sizes=\"(max-width: 2560px) 100vw, 2560px\" \/><\/figure>\n\n\n\n<figure class=\"wp-block-image size-large\"><img loading=\"lazy\" width=\"2560\" height=\"1707\" data-id=\"12495\"  src=\"http:\/\/zs.gromnik.pl\/zs\/wp-content\/uploads\/2023\/02\/IMG_7036-scaled.jpg\" alt=\"\" class=\"wp-image-12495\" srcset=\"http:\/\/zs.gromnik.pl\/zs\/wp-content\/uploads\/2023\/02\/IMG_7036-scaled.jpg 2560w, http:\/\/zs.gromnik.pl\/zs\/wp-content\/uploads\/2023\/02\/IMG_7036-300x200.jpg 300w, http:\/\/zs.gromnik.pl\/zs\/wp-content\/uploads\/2023\/02\/IMG_7036-1024x683.jpg 1024w, http:\/\/zs.gromnik.pl\/zs\/wp-content\/uploads\/2023\/02\/IMG_7036-768x512.jpg 768w, http:\/\/zs.gromnik.pl\/zs\/wp-content\/uploads\/2023\/02\/IMG_7036-1536x1024.jpg 1536w, http:\/\/zs.gromnik.pl\/zs\/wp-content\/uploads\/2023\/02\/IMG_7036-2048x1365.jpg 2048w, http:\/\/zs.gromnik.pl\/zs\/wp-content\/uploads\/2023\/02\/IMG_7036-1140x760.jpg 1140w\" sizes=\"(max-width: 2560px) 100vw, 2560px\" \/><\/figure>\n\n\n\n<figure class=\"wp-block-image size-large\"><img loading=\"lazy\" width=\"2560\" height=\"1920\" data-id=\"12477\"  src=\"http:\/\/zs.gromnik.pl\/zs\/wp-content\/uploads\/2023\/02\/20230130_103004-scaled.jpg\" alt=\"\" class=\"wp-image-12477\" srcset=\"http:\/\/zs.gromnik.pl\/zs\/wp-content\/uploads\/2023\/02\/20230130_103004-scaled.jpg 2560w, http:\/\/zs.gromnik.pl\/zs\/wp-content\/uploads\/2023\/02\/20230130_103004-300x225.jpg 300w, http:\/\/zs.gromnik.pl\/zs\/wp-content\/uploads\/2023\/02\/20230130_103004-1024x768.jpg 1024w, http:\/\/zs.gromnik.pl\/zs\/wp-content\/uploads\/2023\/02\/20230130_103004-768x576.jpg 768w, http:\/\/zs.gromnik.pl\/zs\/wp-content\/uploads\/2023\/02\/20230130_103004-1536x1152.jpg 1536w, http:\/\/zs.gromnik.pl\/zs\/wp-content\/uploads\/2023\/02\/20230130_103004-2048x1536.jpg 2048w, http:\/\/zs.gromnik.pl\/zs\/wp-content\/uploads\/2023\/02\/20230130_103004-1140x855.jpg 1140w\" sizes=\"(max-width: 2560px) 100vw, 2560px\" \/><\/figure>\n\n\n\n<figure class=\"wp-block-image size-large\"><img loading=\"lazy\" width=\"2560\" height=\"1707\" data-id=\"12493\"  src=\"http:\/\/zs.gromnik.pl\/zs\/wp-content\/uploads\/2023\/02\/IMG_7022-scaled.jpg\" alt=\"\" class=\"wp-image-12493\" srcset=\"http:\/\/zs.gromnik.pl\/zs\/wp-content\/uploads\/2023\/02\/IMG_7022-scaled.jpg 2560w, http:\/\/zs.gromnik.pl\/zs\/wp-content\/uploads\/2023\/02\/IMG_7022-300x200.jpg 300w, http:\/\/zs.gromnik.pl\/zs\/wp-content\/uploads\/2023\/02\/IMG_7022-1024x683.jpg 1024w, http:\/\/zs.gromnik.pl\/zs\/wp-content\/uploads\/2023\/02\/IMG_7022-768x512.jpg 768w, http:\/\/zs.gromnik.pl\/zs\/wp-content\/uploads\/2023\/02\/IMG_7022-1536x1024.jpg 1536w, http:\/\/zs.gromnik.pl\/zs\/wp-content\/uploads\/2023\/02\/IMG_7022-2048x1365.jpg 2048w, http:\/\/zs.gromnik.pl\/zs\/wp-content\/uploads\/2023\/02\/IMG_7022-1140x760.jpg 1140w\" sizes=\"(max-width: 2560px) 100vw, 2560px\" \/><\/figure>\n\n\n\n<figure class=\"wp-block-image size-large\"><img loading=\"lazy\" width=\"2560\" height=\"1707\" data-id=\"12492\"  src=\"http:\/\/zs.gromnik.pl\/zs\/wp-content\/uploads\/2023\/02\/IMG_7019-scaled.jpg\" alt=\"\" class=\"wp-image-12492\" srcset=\"http:\/\/zs.gromnik.pl\/zs\/wp-content\/uploads\/2023\/02\/IMG_7019-scaled.jpg 2560w, http:\/\/zs.gromnik.pl\/zs\/wp-content\/uploads\/2023\/02\/IMG_7019-300x200.jpg 300w, http:\/\/zs.gromnik.pl\/zs\/wp-content\/uploads\/2023\/02\/IMG_7019-1024x683.jpg 1024w, http:\/\/zs.gromnik.pl\/zs\/wp-content\/uploads\/2023\/02\/IMG_7019-768x512.jpg 768w, http:\/\/zs.gromnik.pl\/zs\/wp-content\/uploads\/2023\/02\/IMG_7019-1536x1024.jpg 1536w, http:\/\/zs.gromnik.pl\/zs\/wp-content\/uploads\/2023\/02\/IMG_7019-2048x1365.jpg 2048w, http:\/\/zs.gromnik.pl\/zs\/wp-content\/uploads\/2023\/02\/IMG_7019-1140x760.jpg 1140w\" sizes=\"(max-width: 2560px) 100vw, 2560px\" \/><\/figure>\n<\/figure>\n","protected":false},"excerpt":{"rendered":"<p>Bal karnawa\u0142owy dla dzieci to dzie\u0144 niezwyk\u0142y, cz\u0119sto wyczekiwany przez wiele tygodni. Tak te\u017c by\u0142o w przypadku przedszkolak\u00f3w ucz\u0119szczaj\u0105cych do naszej plac\u00f3wki. Kiedy nasta\u0142 ten dzie\u0144, ju\u017c od wczesnych godzin porannych do przedszkola przybywa\u0142y dzieci w pi\u0119knych, bajkowych, niecodziennych strojach. Pomys\u0142\u00f3w na przebrania by\u0142o mn\u00f3stwo. Dope\u0142nieniem ca\u0142ej zabawy by\u0142a oczywi\u015bcie skoczna muzyka, ta\u0144ce indywidualne i zespo\u0142owe oraz s\u0142odki pocz\u0119stunek. Ten wyj\u0105tkowy bal z pewno\u015bci\u0105 na d\u0142ugo pozostanie w pami\u0119ci naszych najm\u0142odszych.<\/p>\n","protected":false},"author":7,"featured_media":12487,"comment_status":"closed","ping_status":"open","sticky":false,"template":"","format":"standard","meta":[],"categories":[3,15],"tags":[],"yoast_head":"<!-- This site is optimized with the Yoast SEO plugin v19.8 - https:\/\/yoast.com\/wordpress\/plugins\/seo\/ -->\n<title>Bal karnawa\u0142owy w przedszkolu... - Zesp\u00f3\u0142 Szk\u00f3\u0142 w Gromniku<\/title>\n<meta name=\"description\" content=\"Zesp\u00f3\u0142 Szk\u00f3\u0142 w Gromniku\" \/>\n<meta name=\"robots\" content=\"index, follow, max-snippet:-1, max-image-preview:large, max-video-preview:-1\" \/>\n<link rel=\"canonical\" href=\"http:\/\/zs.gromnik.pl\/zs\/bal-karnawalowy-w-przedszkolu\/\" \/>\n<meta property=\"og:locale\" content=\"pl_PL\" \/>\n<meta property=\"og:type\" content=\"article\" \/>\n<meta property=\"og:title\" content=\"Bal karnawa\u0142owy w przedszkolu... - Zesp\u00f3\u0142 Szk\u00f3\u0142 w Gromniku\" \/>\n<meta property=\"og:description\" content=\"Zesp\u00f3\u0142 Szk\u00f3\u0142 w Gromniku\" \/>\n<meta property=\"og:url\" content=\"http:\/\/zs.gromnik.pl\/zs\/bal-karnawalowy-w-przedszkolu\/\" \/>\n<meta property=\"og:site_name\" content=\"Zesp\u00f3\u0142 Szk\u00f3\u0142 w Gromniku\" \/>\n<meta property=\"article:publisher\" content=\"https:\/\/www.facebook.com\/zsgromnik\" \/>\n<meta property=\"article:published_time\" content=\"2023-01-31T13:48:00+00:00\" \/>\n<meta property=\"article:modified_time\" content=\"2023-02-12T14:55:47+00:00\" \/>\n<meta property=\"og:image\" content=\"http:\/\/zs.gromnik.pl\/zs\/wp-content\/uploads\/2023\/02\/IMG_6992-scaled.jpg\" \/>\n\t<meta property=\"og:image:width\" content=\"2560\" \/>\n\t<meta property=\"og:image:height\" content=\"1707\" \/>\n\t<meta property=\"og:image:type\" content=\"image\/jpeg\" \/>\n<meta name=\"author\" content=\"Barbara Kubicz\" \/>\n<meta name=\"twitter:card\" content=\"summary_large_image\" \/>\n<meta name=\"twitter:label1\" content=\"Napisane przez\" \/>\n\t<meta name=\"twitter:data1\" content=\"Barbara Kubicz\" \/>\n<script type=\"application\/ld+json\" class=\"yoast-schema-graph\">{\"@context\":\"https:\/\/schema.org\",\"@graph\":[{\"@type\":\"WebPage\",\"@id\":\"http:\/\/zs.gromnik.pl\/zs\/bal-karnawalowy-w-przedszkolu\/\",\"url\":\"http:\/\/zs.gromnik.pl\/zs\/bal-karnawalowy-w-przedszkolu\/\",\"name\":\"Bal karnawa\u0142owy w przedszkolu... - Zesp\u00f3\u0142 Szk\u00f3\u0142 w Gromniku\",\"isPartOf\":{\"@id\":\"https:\/\/zs.gromnik.pl\/zs\/#website\"},\"datePublished\":\"2023-01-31T13:48:00+00:00\",\"dateModified\":\"2023-02-12T14:55:47+00:00\",\"author\":{\"@id\":\"https:\/\/zs.gromnik.pl\/zs\/#\/schema\/person\/7fb2b24b90f39dede6a6b1ad809c8871\"},\"description\":\"Zesp\u00f3\u0142 Szk\u00f3\u0142 w Gromniku\",\"breadcrumb\":{\"@id\":\"http:\/\/zs.gromnik.pl\/zs\/bal-karnawalowy-w-przedszkolu\/#breadcrumb\"},\"inLanguage\":\"pl-PL\",\"potentialAction\":[{\"@type\":\"ReadAction\",\"target\":[\"http:\/\/zs.gromnik.pl\/zs\/bal-karnawalowy-w-przedszkolu\/\"]}]},{\"@type\":\"BreadcrumbList\",\"@id\":\"http:\/\/zs.gromnik.pl\/zs\/bal-karnawalowy-w-przedszkolu\/#breadcrumb\",\"itemListElement\":[{\"@type\":\"ListItem\",\"position\":1,\"name\":\"Strona g\u0142\u00f3wna\",\"item\":\"https:\/\/zs.gromnik.pl\/zs\/\"},{\"@type\":\"ListItem\",\"position\":2,\"name\":\"Bal karnawa\u0142owy w przedszkolu&#8230;\"}]},{\"@type\":\"WebSite\",\"@id\":\"https:\/\/zs.gromnik.pl\/zs\/#website\",\"url\":\"https:\/\/zs.gromnik.pl\/zs\/\",\"name\":\"Zesp\u00f3\u0142 Szk\u00f3\u0142 w Gromniku\",\"description\":\"\",\"potentialAction\":[{\"@type\":\"SearchAction\",\"target\":{\"@type\":\"EntryPoint\",\"urlTemplate\":\"https:\/\/zs.gromnik.pl\/zs\/?s={search_term_string}\"},\"query-input\":\"required name=search_term_string\"}],\"inLanguage\":\"pl-PL\"},{\"@type\":\"Person\",\"@id\":\"https:\/\/zs.gromnik.pl\/zs\/#\/schema\/person\/7fb2b24b90f39dede6a6b1ad809c8871\",\"name\":\"Barbara Kubicz\",\"image\":{\"@type\":\"ImageObject\",\"inLanguage\":\"pl-PL\",\"@id\":\"https:\/\/zs.gromnik.pl\/zs\/#\/schema\/person\/image\/\",\"url\":\"http:\/\/2.gravatar.com\/avatar\/2148a1c13395e11280a430e7a86ac24a?s=96&d=mm&r=g\",\"contentUrl\":\"http:\/\/2.gravatar.com\/avatar\/2148a1c13395e11280a430e7a86ac24a?s=96&d=mm&r=g\",\"caption\":\"Barbara Kubicz\"},\"url\":\"http:\/\/zs.gromnik.pl\/zs\/author\/bkubicz\/\"}]}<\/script>\n<!-- \/ Yoast SEO plugin. -->","yoast_head_json":{"title":"Bal karnawa\u0142owy w przedszkolu... - Zesp\u00f3\u0142 Szk\u00f3\u0142 w Gromniku","description":"Zesp\u00f3\u0142 Szk\u00f3\u0142 w Gromniku","robots":{"index":"index","follow":"follow","max-snippet":"max-snippet:-1","max-image-preview":"max-image-preview:large","max-video-preview":"max-video-preview:-1"},"canonical":"http:\/\/zs.gromnik.pl\/zs\/bal-karnawalowy-w-przedszkolu\/","og_locale":"pl_PL","og_type":"article","og_title":"Bal karnawa\u0142owy w przedszkolu... - Zesp\u00f3\u0142 Szk\u00f3\u0142 w Gromniku","og_description":"Zesp\u00f3\u0142 Szk\u00f3\u0142 w Gromniku","og_url":"http:\/\/zs.gromnik.pl\/zs\/bal-karnawalowy-w-przedszkolu\/","og_site_name":"Zesp\u00f3\u0142 Szk\u00f3\u0142 w Gromniku","article_publisher":"https:\/\/www.facebook.com\/zsgromnik","article_published_time":"2023-01-31T13:48:00+00:00","article_modified_time":"2023-02-12T14:55:47+00:00","og_image":[{"width":2560,"height":1707,"url":"http:\/\/zs.gromnik.pl\/zs\/wp-content\/uploads\/2023\/02\/IMG_6992-scaled.jpg","type":"image\/jpeg"}],"author":"Barbara Kubicz","twitter_card":"summary_large_image","twitter_misc":{"Napisane przez":"Barbara Kubicz"},"schema":{"@context":"https:\/\/schema.org","@graph":[{"@type":"WebPage","@id":"http:\/\/zs.gromnik.pl\/zs\/bal-karnawalowy-w-przedszkolu\/","url":"http:\/\/zs.gromnik.pl\/zs\/bal-karnawalowy-w-przedszkolu\/","name":"Bal karnawa\u0142owy w przedszkolu... - Zesp\u00f3\u0142 Szk\u00f3\u0142 w Gromniku","isPartOf":{"@id":"https:\/\/zs.gromnik.pl\/zs\/#website"},"datePublished":"2023-01-31T13:48:00+00:00","dateModified":"2023-02-12T14:55:47+00:00","author":{"@id":"https:\/\/zs.gromnik.pl\/zs\/#\/schema\/person\/7fb2b24b90f39dede6a6b1ad809c8871"},"description":"Zesp\u00f3\u0142 Szk\u00f3\u0142 w Gromniku","breadcrumb":{"@id":"http:\/\/zs.gromnik.pl\/zs\/bal-karnawalowy-w-przedszkolu\/#breadcrumb"},"inLanguage":"pl-PL","potentialAction":[{"@type":"ReadAction","target":["http:\/\/zs.gromnik.pl\/zs\/bal-karnawalowy-w-przedszkolu\/"]}]},{"@type":"BreadcrumbList","@id":"http:\/\/zs.gromnik.pl\/zs\/bal-karnawalowy-w-przedszkolu\/#breadcrumb","itemListElement":[{"@type":"ListItem","position":1,"name":"Strona g\u0142\u00f3wna","item":"https:\/\/zs.gromnik.pl\/zs\/"},{"@type":"ListItem","position":2,"name":"Bal karnawa\u0142owy w przedszkolu&#8230;"}]},{"@type":"WebSite","@id":"https:\/\/zs.gromnik.pl\/zs\/#website","url":"https:\/\/zs.gromnik.pl\/zs\/","name":"Zesp\u00f3\u0142 Szk\u00f3\u0142 w Gromniku","description":"","potentialAction":[{"@type":"SearchAction","target":{"@type":"EntryPoint","urlTemplate":"https:\/\/zs.gromnik.pl\/zs\/?s={search_term_string}"},"query-input":"required name=search_term_string"}],"inLanguage":"pl-PL"},{"@type":"Person","@id":"https:\/\/zs.gromnik.pl\/zs\/#\/schema\/person\/7fb2b24b90f39dede6a6b1ad809c8871","name":"Barbara Kubicz","image":{"@type":"ImageObject","inLanguage":"pl-PL","@id":"https:\/\/zs.gromnik.pl\/zs\/#\/schema\/person\/image\/","url":"http:\/\/2.gravatar.com\/avatar\/2148a1c13395e11280a430e7a86ac24a?s=96&d=mm&r=g","contentUrl":"http:\/\/2.gravatar.com\/avatar\/2148a1c13395e11280a430e7a86ac24a?s=96&d=mm&r=g","caption":"Barbara Kubicz"},"url":"http:\/\/zs.gromnik.pl\/zs\/author\/bkubicz\/"}]}},"_links":{"self":[{"href":"http:\/\/zs.gromnik.pl\/zs\/wp-json\/wp\/v2\/posts\/12476"}],"collection":[{"href":"http:\/\/zs.gromnik.pl\/zs\/wp-json\/wp\/v2\/posts"}],"about":[{"href":"http:\/\/zs.gromnik.pl\/zs\/wp-json\/wp\/v2\/types\/post"}],"author":[{"embeddable":true,"href":"http:\/\/zs.gromnik.pl\/zs\/wp-json\/wp\/v2\/users\/7"}],"replies":[{"embeddable":true,"href":"http:\/\/zs.gromnik.pl\/zs\/wp-json\/wp\/v2\/comments?post=12476"}],"version-history":[{"count":2,"href":"http:\/\/zs.gromnik.pl\/zs\/wp-json\/wp\/v2\/posts\/12476\/revisions"}],"predecessor-version":[{"id":12500,"href":"http:\/\/zs.gromnik.pl\/zs\/wp-json\/wp\/v2\/posts\/12476\/revisions\/12500"}],"wp:featuredmedia":[{"embeddable":true,"href":"http:\/\/zs.gromnik.pl\/zs\/wp-json\/wp\/v2\/media\/12487"}],"wp:attachment":[{"href":"http:\/\/zs.gromnik.pl\/zs\/wp-json\/wp\/v2\/media?parent=12476"}],"wp:term":[{"taxonomy":"category","embeddable":true,"href":"http:\/\/zs.gromnik.pl\/zs\/wp-json\/wp\/v2\/categories?post=12476"},{"taxonomy":"post_tag","embeddable":true,"href":"http:\/\/zs.gromnik.pl\/zs\/wp-json\/wp\/v2\/tags?post=12476"}],"curies":[{"name":"wp","href":"https:\/\/api.w.org\/{rel}","templated":true}]}}