{"id":12756,"date":"2023-03-19T18:43:49","date_gmt":"2023-03-19T17:43:49","guid":{"rendered":"http:\/\/zs.gromnik.pl\/zs\/?p=12756"},"modified":"2023-03-19T18:48:16","modified_gmt":"2023-03-19T17:48:16","slug":"warsztaty-kulinarne-z-udzialem-przedszkolakow","status":"publish","type":"post","link":"http:\/\/zs.gromnik.pl\/zs\/warsztaty-kulinarne-z-udzialem-przedszkolakow\/","title":{"rendered":"Warsztaty kulinarne z udzia\u0142em przedszkolak\u00f3w&#8230;"},"content":{"rendered":"\n<p>16 marca 2023 r. przedszkolaki z grupy IV wzi\u0119\u0142y udzia\u0142 w warsztatach kulinarnych przeprowadzonych przez Panie z Ko\u0142a Gospody\u0144 Wiejskich w Gromniku. Podczas spotkania dzieci z wielkim zaanga\u017cowaniem wype\u0142nia\u0142y wszystkie powierzone im zadania. Ch\u0119tnie wykrawa\u0142y i ozdabia\u0142y ciasteczka, jednak najwi\u0119cej rado\u015bci przynios\u0142a im degustacja stworzonych przez nich s\u0142odko\u015bci. Temat wypiek\u00f3w nie by\u0142 dzieciom ca\u0142kowicie obcy, gdy\u017c przedszkolaki kilka dni wcze\u015bniej uczestniczy\u0142y w zaj\u0119ciach dydaktycznych, podczas kt\u00f3rych z masy solnej formowa\u0142y, dekorowa\u0142y, a nawet \u201ewypieka\u0142y\u201d w kartonowym piecu chlebki, bu\u0142ki i rogaliki.<\/p>\n\n\n\n<p><strong>Serdecznie dzi\u0119kujemy Paniom z Ko\u0142a Gospody\u0144 Wiejskich w Gromniku za po\u015bwi\u0119cony czas, a przede wszystkim za niezwykle cenn\u0105 lekcj\u0119 wypiekania pysznych ciasteczek<\/strong>!<\/p>\n\n\n\n<figure class=\"wp-container-2 wp-block-gallery-1 wp-block-gallery has-nested-images columns-default is-cropped\">\n<figure class=\"wp-block-image size-large\"><img loading=\"lazy\" width=\"2560\" height=\"1920\" data-id=\"12758\"  src=\"http:\/\/zs.gromnik.pl\/zs\/wp-content\/uploads\/2023\/03\/20230316_083047-1-scaled.jpg\" alt=\"\" class=\"wp-image-12758\" srcset=\"http:\/\/zs.gromnik.pl\/zs\/wp-content\/uploads\/2023\/03\/20230316_083047-1-scaled.jpg 2560w, http:\/\/zs.gromnik.pl\/zs\/wp-content\/uploads\/2023\/03\/20230316_083047-1-300x225.jpg 300w, http:\/\/zs.gromnik.pl\/zs\/wp-content\/uploads\/2023\/03\/20230316_083047-1-1024x768.jpg 1024w, http:\/\/zs.gromnik.pl\/zs\/wp-content\/uploads\/2023\/03\/20230316_083047-1-768x576.jpg 768w, http:\/\/zs.gromnik.pl\/zs\/wp-content\/uploads\/2023\/03\/20230316_083047-1-1536x1152.jpg 1536w, http:\/\/zs.gromnik.pl\/zs\/wp-content\/uploads\/2023\/03\/20230316_083047-1-2048x1536.jpg 2048w, http:\/\/zs.gromnik.pl\/zs\/wp-content\/uploads\/2023\/03\/20230316_083047-1-1140x855.jpg 1140w\" sizes=\"(max-width: 2560px) 100vw, 2560px\" \/><\/figure>\n\n\n\n<figure class=\"wp-block-image size-large\"><img loading=\"lazy\" width=\"2560\" height=\"1920\" data-id=\"12759\"  src=\"http:\/\/zs.gromnik.pl\/zs\/wp-content\/uploads\/2023\/03\/20230316_084325-scaled.jpg\" alt=\"\" class=\"wp-image-12759\" srcset=\"http:\/\/zs.gromnik.pl\/zs\/wp-content\/uploads\/2023\/03\/20230316_084325-scaled.jpg 2560w, http:\/\/zs.gromnik.pl\/zs\/wp-content\/uploads\/2023\/03\/20230316_084325-300x225.jpg 300w, http:\/\/zs.gromnik.pl\/zs\/wp-content\/uploads\/2023\/03\/20230316_084325-1024x768.jpg 1024w, http:\/\/zs.gromnik.pl\/zs\/wp-content\/uploads\/2023\/03\/20230316_084325-768x576.jpg 768w, http:\/\/zs.gromnik.pl\/zs\/wp-content\/uploads\/2023\/03\/20230316_084325-1536x1152.jpg 1536w, http:\/\/zs.gromnik.pl\/zs\/wp-content\/uploads\/2023\/03\/20230316_084325-2048x1536.jpg 2048w, http:\/\/zs.gromnik.pl\/zs\/wp-content\/uploads\/2023\/03\/20230316_084325-1140x855.jpg 1140w\" sizes=\"(max-width: 2560px) 100vw, 2560px\" \/><\/figure>\n\n\n\n<figure class=\"wp-block-image size-large\"><img loading=\"lazy\" width=\"2560\" height=\"1920\" data-id=\"12760\"  src=\"http:\/\/zs.gromnik.pl\/zs\/wp-content\/uploads\/2023\/03\/20230316_084341-scaled.jpg\" alt=\"\" class=\"wp-image-12760\" srcset=\"http:\/\/zs.gromnik.pl\/zs\/wp-content\/uploads\/2023\/03\/20230316_084341-scaled.jpg 2560w, http:\/\/zs.gromnik.pl\/zs\/wp-content\/uploads\/2023\/03\/20230316_084341-300x225.jpg 300w, http:\/\/zs.gromnik.pl\/zs\/wp-content\/uploads\/2023\/03\/20230316_084341-1024x768.jpg 1024w, http:\/\/zs.gromnik.pl\/zs\/wp-content\/uploads\/2023\/03\/20230316_084341-768x576.jpg 768w, http:\/\/zs.gromnik.pl\/zs\/wp-content\/uploads\/2023\/03\/20230316_084341-1536x1152.jpg 1536w, http:\/\/zs.gromnik.pl\/zs\/wp-content\/uploads\/2023\/03\/20230316_084341-2048x1536.jpg 2048w, http:\/\/zs.gromnik.pl\/zs\/wp-content\/uploads\/2023\/03\/20230316_084341-1140x855.jpg 1140w\" sizes=\"(max-width: 2560px) 100vw, 2560px\" \/><\/figure>\n\n\n\n<figure class=\"wp-block-image size-large\"><img loading=\"lazy\" width=\"2560\" height=\"1920\" data-id=\"12761\"  src=\"http:\/\/zs.gromnik.pl\/zs\/wp-content\/uploads\/2023\/03\/20230316_084728-scaled.jpg\" alt=\"\" class=\"wp-image-12761\" srcset=\"http:\/\/zs.gromnik.pl\/zs\/wp-content\/uploads\/2023\/03\/20230316_084728-scaled.jpg 2560w, http:\/\/zs.gromnik.pl\/zs\/wp-content\/uploads\/2023\/03\/20230316_084728-300x225.jpg 300w, http:\/\/zs.gromnik.pl\/zs\/wp-content\/uploads\/2023\/03\/20230316_084728-1024x768.jpg 1024w, http:\/\/zs.gromnik.pl\/zs\/wp-content\/uploads\/2023\/03\/20230316_084728-768x576.jpg 768w, http:\/\/zs.gromnik.pl\/zs\/wp-content\/uploads\/2023\/03\/20230316_084728-1536x1152.jpg 1536w, http:\/\/zs.gromnik.pl\/zs\/wp-content\/uploads\/2023\/03\/20230316_084728-2048x1536.jpg 2048w, http:\/\/zs.gromnik.pl\/zs\/wp-content\/uploads\/2023\/03\/20230316_084728-1140x855.jpg 1140w\" sizes=\"(max-width: 2560px) 100vw, 2560px\" \/><\/figure>\n\n\n\n<figure class=\"wp-block-image size-large\"><img loading=\"lazy\" width=\"2560\" height=\"1920\" data-id=\"12762\"  src=\"http:\/\/zs.gromnik.pl\/zs\/wp-content\/uploads\/2023\/03\/20230316_085025-scaled.jpg\" alt=\"\" class=\"wp-image-12762\" srcset=\"http:\/\/zs.gromnik.pl\/zs\/wp-content\/uploads\/2023\/03\/20230316_085025-scaled.jpg 2560w, http:\/\/zs.gromnik.pl\/zs\/wp-content\/uploads\/2023\/03\/20230316_085025-300x225.jpg 300w, http:\/\/zs.gromnik.pl\/zs\/wp-content\/uploads\/2023\/03\/20230316_085025-1024x768.jpg 1024w, http:\/\/zs.gromnik.pl\/zs\/wp-content\/uploads\/2023\/03\/20230316_085025-768x576.jpg 768w, http:\/\/zs.gromnik.pl\/zs\/wp-content\/uploads\/2023\/03\/20230316_085025-1536x1152.jpg 1536w, http:\/\/zs.gromnik.pl\/zs\/wp-content\/uploads\/2023\/03\/20230316_085025-2048x1536.jpg 2048w, http:\/\/zs.gromnik.pl\/zs\/wp-content\/uploads\/2023\/03\/20230316_085025-1140x855.jpg 1140w\" sizes=\"(max-width: 2560px) 100vw, 2560px\" \/><\/figure>\n\n\n\n<figure class=\"wp-block-image size-large\"><img loading=\"lazy\" width=\"1920\" height=\"2560\" data-id=\"12763\"  src=\"http:\/\/zs.gromnik.pl\/zs\/wp-content\/uploads\/2023\/03\/20230316_085203-scaled.jpg\" alt=\"\" class=\"wp-image-12763\" srcset=\"http:\/\/zs.gromnik.pl\/zs\/wp-content\/uploads\/2023\/03\/20230316_085203-scaled.jpg 1920w, http:\/\/zs.gromnik.pl\/zs\/wp-content\/uploads\/2023\/03\/20230316_085203-225x300.jpg 225w, http:\/\/zs.gromnik.pl\/zs\/wp-content\/uploads\/2023\/03\/20230316_085203-768x1024.jpg 768w, http:\/\/zs.gromnik.pl\/zs\/wp-content\/uploads\/2023\/03\/20230316_085203-1152x1536.jpg 1152w, http:\/\/zs.gromnik.pl\/zs\/wp-content\/uploads\/2023\/03\/20230316_085203-1536x2048.jpg 1536w, http:\/\/zs.gromnik.pl\/zs\/wp-content\/uploads\/2023\/03\/20230316_085203-1140x1520.jpg 1140w\" sizes=\"(max-width: 1920px) 100vw, 1920px\" \/><\/figure>\n\n\n\n<figure class=\"wp-block-image size-large\"><img loading=\"lazy\" width=\"2560\" height=\"1920\" data-id=\"12764\"  src=\"http:\/\/zs.gromnik.pl\/zs\/wp-content\/uploads\/2023\/03\/20230316_085501-scaled.jpg\" alt=\"\" class=\"wp-image-12764\" srcset=\"http:\/\/zs.gromnik.pl\/zs\/wp-content\/uploads\/2023\/03\/20230316_085501-scaled.jpg 2560w, http:\/\/zs.gromnik.pl\/zs\/wp-content\/uploads\/2023\/03\/20230316_085501-300x225.jpg 300w, http:\/\/zs.gromnik.pl\/zs\/wp-content\/uploads\/2023\/03\/20230316_085501-1024x768.jpg 1024w, http:\/\/zs.gromnik.pl\/zs\/wp-content\/uploads\/2023\/03\/20230316_085501-768x576.jpg 768w, http:\/\/zs.gromnik.pl\/zs\/wp-content\/uploads\/2023\/03\/20230316_085501-1536x1152.jpg 1536w, http:\/\/zs.gromnik.pl\/zs\/wp-content\/uploads\/2023\/03\/20230316_085501-2048x1536.jpg 2048w, http:\/\/zs.gromnik.pl\/zs\/wp-content\/uploads\/2023\/03\/20230316_085501-1140x855.jpg 1140w\" sizes=\"(max-width: 2560px) 100vw, 2560px\" \/><\/figure>\n\n\n\n<figure class=\"wp-block-image size-large\"><img loading=\"lazy\" width=\"2560\" height=\"1920\" data-id=\"12765\"  src=\"http:\/\/zs.gromnik.pl\/zs\/wp-content\/uploads\/2023\/03\/20230316_085539-scaled.jpg\" alt=\"\" class=\"wp-image-12765\" srcset=\"http:\/\/zs.gromnik.pl\/zs\/wp-content\/uploads\/2023\/03\/20230316_085539-scaled.jpg 2560w, http:\/\/zs.gromnik.pl\/zs\/wp-content\/uploads\/2023\/03\/20230316_085539-300x225.jpg 300w, http:\/\/zs.gromnik.pl\/zs\/wp-content\/uploads\/2023\/03\/20230316_085539-1024x768.jpg 1024w, http:\/\/zs.gromnik.pl\/zs\/wp-content\/uploads\/2023\/03\/20230316_085539-768x576.jpg 768w, http:\/\/zs.gromnik.pl\/zs\/wp-content\/uploads\/2023\/03\/20230316_085539-1536x1152.jpg 1536w, http:\/\/zs.gromnik.pl\/zs\/wp-content\/uploads\/2023\/03\/20230316_085539-2048x1536.jpg 2048w, http:\/\/zs.gromnik.pl\/zs\/wp-content\/uploads\/2023\/03\/20230316_085539-1140x855.jpg 1140w\" sizes=\"(max-width: 2560px) 100vw, 2560px\" \/><\/figure>\n\n\n\n<figure class=\"wp-block-image size-large\"><img loading=\"lazy\" width=\"2560\" height=\"1920\" data-id=\"12767\"  src=\"http:\/\/zs.gromnik.pl\/zs\/wp-content\/uploads\/2023\/03\/20230316_094949-scaled.jpg\" alt=\"\" class=\"wp-image-12767\" srcset=\"http:\/\/zs.gromnik.pl\/zs\/wp-content\/uploads\/2023\/03\/20230316_094949-scaled.jpg 2560w, http:\/\/zs.gromnik.pl\/zs\/wp-content\/uploads\/2023\/03\/20230316_094949-300x225.jpg 300w, http:\/\/zs.gromnik.pl\/zs\/wp-content\/uploads\/2023\/03\/20230316_094949-1024x768.jpg 1024w, http:\/\/zs.gromnik.pl\/zs\/wp-content\/uploads\/2023\/03\/20230316_094949-768x576.jpg 768w, http:\/\/zs.gromnik.pl\/zs\/wp-content\/uploads\/2023\/03\/20230316_094949-1536x1152.jpg 1536w, http:\/\/zs.gromnik.pl\/zs\/wp-content\/uploads\/2023\/03\/20230316_094949-2048x1536.jpg 2048w, http:\/\/zs.gromnik.pl\/zs\/wp-content\/uploads\/2023\/03\/20230316_094949-1140x855.jpg 1140w\" sizes=\"(max-width: 2560px) 100vw, 2560px\" \/><\/figure>\n\n\n\n<figure class=\"wp-block-image size-large\"><img loading=\"lazy\" width=\"2560\" height=\"1920\" data-id=\"12768\"  src=\"http:\/\/zs.gromnik.pl\/zs\/wp-content\/uploads\/2023\/03\/20230316_101104-scaled.jpg\" alt=\"\" class=\"wp-image-12768\" srcset=\"http:\/\/zs.gromnik.pl\/zs\/wp-content\/uploads\/2023\/03\/20230316_101104-scaled.jpg 2560w, http:\/\/zs.gromnik.pl\/zs\/wp-content\/uploads\/2023\/03\/20230316_101104-300x225.jpg 300w, http:\/\/zs.gromnik.pl\/zs\/wp-content\/uploads\/2023\/03\/20230316_101104-1024x768.jpg 1024w, http:\/\/zs.gromnik.pl\/zs\/wp-content\/uploads\/2023\/03\/20230316_101104-768x576.jpg 768w, http:\/\/zs.gromnik.pl\/zs\/wp-content\/uploads\/2023\/03\/20230316_101104-1536x1152.jpg 1536w, http:\/\/zs.gromnik.pl\/zs\/wp-content\/uploads\/2023\/03\/20230316_101104-2048x1536.jpg 2048w, http:\/\/zs.gromnik.pl\/zs\/wp-content\/uploads\/2023\/03\/20230316_101104-1140x855.jpg 1140w\" sizes=\"(max-width: 2560px) 100vw, 2560px\" \/><\/figure>\n\n\n\n<figure class=\"wp-block-image size-large\"><img loading=\"lazy\" width=\"1707\" height=\"2560\" data-id=\"12770\"  src=\"http:\/\/zs.gromnik.pl\/zs\/wp-content\/uploads\/2023\/03\/IMG_7091-scaled.jpg\" alt=\"\" class=\"wp-image-12770\" srcset=\"http:\/\/zs.gromnik.pl\/zs\/wp-content\/uploads\/2023\/03\/IMG_7091-scaled.jpg 1707w, http:\/\/zs.gromnik.pl\/zs\/wp-content\/uploads\/2023\/03\/IMG_7091-200x300.jpg 200w, http:\/\/zs.gromnik.pl\/zs\/wp-content\/uploads\/2023\/03\/IMG_7091-683x1024.jpg 683w, http:\/\/zs.gromnik.pl\/zs\/wp-content\/uploads\/2023\/03\/IMG_7091-768x1152.jpg 768w, http:\/\/zs.gromnik.pl\/zs\/wp-content\/uploads\/2023\/03\/IMG_7091-1024x1536.jpg 1024w, http:\/\/zs.gromnik.pl\/zs\/wp-content\/uploads\/2023\/03\/IMG_7091-1365x2048.jpg 1365w, http:\/\/zs.gromnik.pl\/zs\/wp-content\/uploads\/2023\/03\/IMG_7091-1140x1710.jpg 1140w\" sizes=\"(max-width: 1707px) 100vw, 1707px\" \/><\/figure>\n\n\n\n<figure class=\"wp-block-image size-large\"><img loading=\"lazy\" width=\"1707\" height=\"2560\" data-id=\"12769\"  src=\"http:\/\/zs.gromnik.pl\/zs\/wp-content\/uploads\/2023\/03\/IMG_7089-scaled.jpg\" alt=\"\" class=\"wp-image-12769\" srcset=\"http:\/\/zs.gromnik.pl\/zs\/wp-content\/uploads\/2023\/03\/IMG_7089-scaled.jpg 1707w, http:\/\/zs.gromnik.pl\/zs\/wp-content\/uploads\/2023\/03\/IMG_7089-200x300.jpg 200w, http:\/\/zs.gromnik.pl\/zs\/wp-content\/uploads\/2023\/03\/IMG_7089-683x1024.jpg 683w, http:\/\/zs.gromnik.pl\/zs\/wp-content\/uploads\/2023\/03\/IMG_7089-768x1152.jpg 768w, http:\/\/zs.gromnik.pl\/zs\/wp-content\/uploads\/2023\/03\/IMG_7089-1024x1536.jpg 1024w, http:\/\/zs.gromnik.pl\/zs\/wp-content\/uploads\/2023\/03\/IMG_7089-1365x2048.jpg 1365w, http:\/\/zs.gromnik.pl\/zs\/wp-content\/uploads\/2023\/03\/IMG_7089-1140x1710.jpg 1140w\" sizes=\"(max-width: 1707px) 100vw, 1707px\" \/><\/figure>\n\n\n\n<figure class=\"wp-block-image size-large\"><img loading=\"lazy\" width=\"1707\" height=\"2560\" data-id=\"12771\"  src=\"http:\/\/zs.gromnik.pl\/zs\/wp-content\/uploads\/2023\/03\/IMG_7095-scaled.jpg\" alt=\"\" class=\"wp-image-12771\" srcset=\"http:\/\/zs.gromnik.pl\/zs\/wp-content\/uploads\/2023\/03\/IMG_7095-scaled.jpg 1707w, http:\/\/zs.gromnik.pl\/zs\/wp-content\/uploads\/2023\/03\/IMG_7095-200x300.jpg 200w, http:\/\/zs.gromnik.pl\/zs\/wp-content\/uploads\/2023\/03\/IMG_7095-683x1024.jpg 683w, http:\/\/zs.gromnik.pl\/zs\/wp-content\/uploads\/2023\/03\/IMG_7095-768x1152.jpg 768w, http:\/\/zs.gromnik.pl\/zs\/wp-content\/uploads\/2023\/03\/IMG_7095-1024x1536.jpg 1024w, http:\/\/zs.gromnik.pl\/zs\/wp-content\/uploads\/2023\/03\/IMG_7095-1365x2048.jpg 1365w, http:\/\/zs.gromnik.pl\/zs\/wp-content\/uploads\/2023\/03\/IMG_7095-1140x1710.jpg 1140w\" sizes=\"(max-width: 1707px) 100vw, 1707px\" \/><\/figure>\n\n\n\n<figure class=\"wp-block-image size-large\"><img loading=\"lazy\" width=\"1536\" height=\"2048\" data-id=\"12772\"  src=\"http:\/\/zs.gromnik.pl\/zs\/wp-content\/uploads\/2023\/03\/336615153_2741679815974813_9169514455719627474_n.jpg\" alt=\"\" class=\"wp-image-12772\" srcset=\"http:\/\/zs.gromnik.pl\/zs\/wp-content\/uploads\/2023\/03\/336615153_2741679815974813_9169514455719627474_n.jpg 1536w, http:\/\/zs.gromnik.pl\/zs\/wp-content\/uploads\/2023\/03\/336615153_2741679815974813_9169514455719627474_n-225x300.jpg 225w, http:\/\/zs.gromnik.pl\/zs\/wp-content\/uploads\/2023\/03\/336615153_2741679815974813_9169514455719627474_n-768x1024.jpg 768w, http:\/\/zs.gromnik.pl\/zs\/wp-content\/uploads\/2023\/03\/336615153_2741679815974813_9169514455719627474_n-1152x1536.jpg 1152w, http:\/\/zs.gromnik.pl\/zs\/wp-content\/uploads\/2023\/03\/336615153_2741679815974813_9169514455719627474_n-1140x1520.jpg 1140w\" sizes=\"(max-width: 1536px) 100vw, 1536px\" \/><\/figure>\n<\/figure>\n","protected":false},"excerpt":{"rendered":"<p>16 marca 2023 r. przedszkolaki z grupy IV wzi\u0119\u0142y udzia\u0142 w warsztatach kulinarnych przeprowadzonych przez Panie z Ko\u0142a Gospody\u0144 Wiejskich w Gromniku. Podczas spotkania dzieci z wielkim zaanga\u017cowaniem wype\u0142nia\u0142y wszystkie powierzone im zadania. Ch\u0119tnie wykrawa\u0142y i ozdabia\u0142y ciasteczka, jednak najwi\u0119cej rado\u015bci przynios\u0142a im degustacja stworzonych przez nich s\u0142odko\u015bci. Temat wypiek\u00f3w nie by\u0142 dzieciom ca\u0142kowicie obcy, gdy\u017c przedszkolaki kilka dni wcze\u015bniej uczestniczy\u0142y w zaj\u0119ciach dydaktycznych, podczas kt\u00f3rych z masy solnej formowa\u0142y, dekorowa\u0142y, a nawet \u201ewypieka\u0142y\u201d w kartonowym piecu chlebki, bu\u0142ki i rogaliki. Serdecznie dzi\u0119kujemy Paniom z Ko\u0142a Gospody\u0144 Wiejskich w Gromniku za po\u015bwi\u0119cony czas, a przede wszystkim za niezwykle cenn\u0105 lekcj\u0119 wypiekania pysznych ciasteczek!<\/p>\n","protected":false},"author":7,"featured_media":12766,"comment_status":"closed","ping_status":"open","sticky":false,"template":"","format":"standard","meta":[],"categories":[3,15],"tags":[],"yoast_head":"<!-- This site is optimized with the Yoast SEO plugin v19.8 - https:\/\/yoast.com\/wordpress\/plugins\/seo\/ -->\n<title>Warsztaty kulinarne z udzia\u0142em przedszkolak\u00f3w... - Zesp\u00f3\u0142 Szk\u00f3\u0142 w Gromniku<\/title>\n<meta name=\"description\" content=\"Zesp\u00f3\u0142 Szk\u00f3\u0142 w Gromniku\" \/>\n<meta name=\"robots\" content=\"index, follow, max-snippet:-1, max-image-preview:large, max-video-preview:-1\" \/>\n<link rel=\"canonical\" href=\"http:\/\/zs.gromnik.pl\/zs\/warsztaty-kulinarne-z-udzialem-przedszkolakow\/\" \/>\n<meta property=\"og:locale\" content=\"pl_PL\" \/>\n<meta property=\"og:type\" content=\"article\" \/>\n<meta property=\"og:title\" content=\"Warsztaty kulinarne z udzia\u0142em przedszkolak\u00f3w... - Zesp\u00f3\u0142 Szk\u00f3\u0142 w Gromniku\" \/>\n<meta property=\"og:description\" content=\"Zesp\u00f3\u0142 Szk\u00f3\u0142 w Gromniku\" \/>\n<meta property=\"og:url\" content=\"http:\/\/zs.gromnik.pl\/zs\/warsztaty-kulinarne-z-udzialem-przedszkolakow\/\" \/>\n<meta property=\"og:site_name\" content=\"Zesp\u00f3\u0142 Szk\u00f3\u0142 w Gromniku\" \/>\n<meta property=\"article:publisher\" content=\"https:\/\/www.facebook.com\/zsgromnik\" \/>\n<meta property=\"article:published_time\" content=\"2023-03-19T17:43:49+00:00\" \/>\n<meta property=\"article:modified_time\" content=\"2023-03-19T17:48:16+00:00\" \/>\n<meta property=\"og:image\" content=\"http:\/\/zs.gromnik.pl\/zs\/wp-content\/uploads\/2023\/03\/20230316_090231-scaled.jpg\" \/>\n\t<meta property=\"og:image:width\" content=\"2560\" \/>\n\t<meta property=\"og:image:height\" content=\"1920\" \/>\n\t<meta property=\"og:image:type\" content=\"image\/jpeg\" \/>\n<meta name=\"author\" content=\"Barbara Kubicz\" \/>\n<meta name=\"twitter:card\" content=\"summary_large_image\" \/>\n<meta name=\"twitter:label1\" content=\"Napisane przez\" \/>\n\t<meta name=\"twitter:data1\" content=\"Barbara Kubicz\" \/>\n\t<meta name=\"twitter:label2\" content=\"Szacowany czas czytania\" \/>\n\t<meta name=\"twitter:data2\" content=\"1 minuta\" \/>\n<script type=\"application\/ld+json\" class=\"yoast-schema-graph\">{\"@context\":\"https:\/\/schema.org\",\"@graph\":[{\"@type\":\"WebPage\",\"@id\":\"http:\/\/zs.gromnik.pl\/zs\/warsztaty-kulinarne-z-udzialem-przedszkolakow\/\",\"url\":\"http:\/\/zs.gromnik.pl\/zs\/warsztaty-kulinarne-z-udzialem-przedszkolakow\/\",\"name\":\"Warsztaty kulinarne z udzia\u0142em przedszkolak\u00f3w... - Zesp\u00f3\u0142 Szk\u00f3\u0142 w Gromniku\",\"isPartOf\":{\"@id\":\"https:\/\/zs.gromnik.pl\/zs\/#website\"},\"datePublished\":\"2023-03-19T17:43:49+00:00\",\"dateModified\":\"2023-03-19T17:48:16+00:00\",\"author\":{\"@id\":\"https:\/\/zs.gromnik.pl\/zs\/#\/schema\/person\/7fb2b24b90f39dede6a6b1ad809c8871\"},\"description\":\"Zesp\u00f3\u0142 Szk\u00f3\u0142 w Gromniku\",\"breadcrumb\":{\"@id\":\"http:\/\/zs.gromnik.pl\/zs\/warsztaty-kulinarne-z-udzialem-przedszkolakow\/#breadcrumb\"},\"inLanguage\":\"pl-PL\",\"potentialAction\":[{\"@type\":\"ReadAction\",\"target\":[\"http:\/\/zs.gromnik.pl\/zs\/warsztaty-kulinarne-z-udzialem-przedszkolakow\/\"]}]},{\"@type\":\"BreadcrumbList\",\"@id\":\"http:\/\/zs.gromnik.pl\/zs\/warsztaty-kulinarne-z-udzialem-przedszkolakow\/#breadcrumb\",\"itemListElement\":[{\"@type\":\"ListItem\",\"position\":1,\"name\":\"Strona g\u0142\u00f3wna\",\"item\":\"https:\/\/zs.gromnik.pl\/zs\/\"},{\"@type\":\"ListItem\",\"position\":2,\"name\":\"Warsztaty kulinarne z udzia\u0142em przedszkolak\u00f3w&#8230;\"}]},{\"@type\":\"WebSite\",\"@id\":\"https:\/\/zs.gromnik.pl\/zs\/#website\",\"url\":\"https:\/\/zs.gromnik.pl\/zs\/\",\"name\":\"Zesp\u00f3\u0142 Szk\u00f3\u0142 w Gromniku\",\"description\":\"\",\"potentialAction\":[{\"@type\":\"SearchAction\",\"target\":{\"@type\":\"EntryPoint\",\"urlTemplate\":\"https:\/\/zs.gromnik.pl\/zs\/?s={search_term_string}\"},\"query-input\":\"required name=search_term_string\"}],\"inLanguage\":\"pl-PL\"},{\"@type\":\"Person\",\"@id\":\"https:\/\/zs.gromnik.pl\/zs\/#\/schema\/person\/7fb2b24b90f39dede6a6b1ad809c8871\",\"name\":\"Barbara Kubicz\",\"image\":{\"@type\":\"ImageObject\",\"inLanguage\":\"pl-PL\",\"@id\":\"https:\/\/zs.gromnik.pl\/zs\/#\/schema\/person\/image\/\",\"url\":\"http:\/\/2.gravatar.com\/avatar\/2148a1c13395e11280a430e7a86ac24a?s=96&d=mm&r=g\",\"contentUrl\":\"http:\/\/2.gravatar.com\/avatar\/2148a1c13395e11280a430e7a86ac24a?s=96&d=mm&r=g\",\"caption\":\"Barbara Kubicz\"},\"url\":\"http:\/\/zs.gromnik.pl\/zs\/author\/bkubicz\/\"}]}<\/script>\n<!-- \/ Yoast SEO plugin. -->","yoast_head_json":{"title":"Warsztaty kulinarne z udzia\u0142em przedszkolak\u00f3w... - Zesp\u00f3\u0142 Szk\u00f3\u0142 w Gromniku","description":"Zesp\u00f3\u0142 Szk\u00f3\u0142 w Gromniku","robots":{"index":"index","follow":"follow","max-snippet":"max-snippet:-1","max-image-preview":"max-image-preview:large","max-video-preview":"max-video-preview:-1"},"canonical":"http:\/\/zs.gromnik.pl\/zs\/warsztaty-kulinarne-z-udzialem-przedszkolakow\/","og_locale":"pl_PL","og_type":"article","og_title":"Warsztaty kulinarne z udzia\u0142em przedszkolak\u00f3w... - Zesp\u00f3\u0142 Szk\u00f3\u0142 w Gromniku","og_description":"Zesp\u00f3\u0142 Szk\u00f3\u0142 w Gromniku","og_url":"http:\/\/zs.gromnik.pl\/zs\/warsztaty-kulinarne-z-udzialem-przedszkolakow\/","og_site_name":"Zesp\u00f3\u0142 Szk\u00f3\u0142 w Gromniku","article_publisher":"https:\/\/www.facebook.com\/zsgromnik","article_published_time":"2023-03-19T17:43:49+00:00","article_modified_time":"2023-03-19T17:48:16+00:00","og_image":[{"width":2560,"height":1920,"url":"http:\/\/zs.gromnik.pl\/zs\/wp-content\/uploads\/2023\/03\/20230316_090231-scaled.jpg","type":"image\/jpeg"}],"author":"Barbara Kubicz","twitter_card":"summary_large_image","twitter_misc":{"Napisane przez":"Barbara Kubicz","Szacowany czas czytania":"1 minuta"},"schema":{"@context":"https:\/\/schema.org","@graph":[{"@type":"WebPage","@id":"http:\/\/zs.gromnik.pl\/zs\/warsztaty-kulinarne-z-udzialem-przedszkolakow\/","url":"http:\/\/zs.gromnik.pl\/zs\/warsztaty-kulinarne-z-udzialem-przedszkolakow\/","name":"Warsztaty kulinarne z udzia\u0142em przedszkolak\u00f3w... - Zesp\u00f3\u0142 Szk\u00f3\u0142 w Gromniku","isPartOf":{"@id":"https:\/\/zs.gromnik.pl\/zs\/#website"},"datePublished":"2023-03-19T17:43:49+00:00","dateModified":"2023-03-19T17:48:16+00:00","author":{"@id":"https:\/\/zs.gromnik.pl\/zs\/#\/schema\/person\/7fb2b24b90f39dede6a6b1ad809c8871"},"description":"Zesp\u00f3\u0142 Szk\u00f3\u0142 w Gromniku","breadcrumb":{"@id":"http:\/\/zs.gromnik.pl\/zs\/warsztaty-kulinarne-z-udzialem-przedszkolakow\/#breadcrumb"},"inLanguage":"pl-PL","potentialAction":[{"@type":"ReadAction","target":["http:\/\/zs.gromnik.pl\/zs\/warsztaty-kulinarne-z-udzialem-przedszkolakow\/"]}]},{"@type":"BreadcrumbList","@id":"http:\/\/zs.gromnik.pl\/zs\/warsztaty-kulinarne-z-udzialem-przedszkolakow\/#breadcrumb","itemListElement":[{"@type":"ListItem","position":1,"name":"Strona g\u0142\u00f3wna","item":"https:\/\/zs.gromnik.pl\/zs\/"},{"@type":"ListItem","position":2,"name":"Warsztaty kulinarne z udzia\u0142em przedszkolak\u00f3w&#8230;"}]},{"@type":"WebSite","@id":"https:\/\/zs.gromnik.pl\/zs\/#website","url":"https:\/\/zs.gromnik.pl\/zs\/","name":"Zesp\u00f3\u0142 Szk\u00f3\u0142 w Gromniku","description":"","potentialAction":[{"@type":"SearchAction","target":{"@type":"EntryPoint","urlTemplate":"https:\/\/zs.gromnik.pl\/zs\/?s={search_term_string}"},"query-input":"required name=search_term_string"}],"inLanguage":"pl-PL"},{"@type":"Person","@id":"https:\/\/zs.gromnik.pl\/zs\/#\/schema\/person\/7fb2b24b90f39dede6a6b1ad809c8871","name":"Barbara Kubicz","image":{"@type":"ImageObject","inLanguage":"pl-PL","@id":"https:\/\/zs.gromnik.pl\/zs\/#\/schema\/person\/image\/","url":"http:\/\/2.gravatar.com\/avatar\/2148a1c13395e11280a430e7a86ac24a?s=96&d=mm&r=g","contentUrl":"http:\/\/2.gravatar.com\/avatar\/2148a1c13395e11280a430e7a86ac24a?s=96&d=mm&r=g","caption":"Barbara Kubicz"},"url":"http:\/\/zs.gromnik.pl\/zs\/author\/bkubicz\/"}]}},"_links":{"self":[{"href":"http:\/\/zs.gromnik.pl\/zs\/wp-json\/wp\/v2\/posts\/12756"}],"collection":[{"href":"http:\/\/zs.gromnik.pl\/zs\/wp-json\/wp\/v2\/posts"}],"about":[{"href":"http:\/\/zs.gromnik.pl\/zs\/wp-json\/wp\/v2\/types\/post"}],"author":[{"embeddable":true,"href":"http:\/\/zs.gromnik.pl\/zs\/wp-json\/wp\/v2\/users\/7"}],"replies":[{"embeddable":true,"href":"http:\/\/zs.gromnik.pl\/zs\/wp-json\/wp\/v2\/comments?post=12756"}],"version-history":[{"count":2,"href":"http:\/\/zs.gromnik.pl\/zs\/wp-json\/wp\/v2\/posts\/12756\/revisions"}],"predecessor-version":[{"id":12774,"href":"http:\/\/zs.gromnik.pl\/zs\/wp-json\/wp\/v2\/posts\/12756\/revisions\/12774"}],"wp:featuredmedia":[{"embeddable":true,"href":"http:\/\/zs.gromnik.pl\/zs\/wp-json\/wp\/v2\/media\/12766"}],"wp:attachment":[{"href":"http:\/\/zs.gromnik.pl\/zs\/wp-json\/wp\/v2\/media?parent=12756"}],"wp:term":[{"taxonomy":"category","embeddable":true,"href":"http:\/\/zs.gromnik.pl\/zs\/wp-json\/wp\/v2\/categories?post=12756"},{"taxonomy":"post_tag","embeddable":true,"href":"http:\/\/zs.gromnik.pl\/zs\/wp-json\/wp\/v2\/tags?post=12756"}],"curies":[{"name":"wp","href":"https:\/\/api.w.org\/{rel}","templated":true}]}}