{"id":12802,"date":"2023-03-28T18:48:39","date_gmt":"2023-03-28T16:48:39","guid":{"rendered":"http:\/\/zs.gromnik.pl\/zs\/?p=12802"},"modified":"2023-03-28T19:09:18","modified_gmt":"2023-03-28T17:09:18","slug":"postepowanie-uzupelniajace-na-wolne-miejsca","status":"publish","type":"post","link":"http:\/\/zs.gromnik.pl\/zs\/postepowanie-uzupelniajace-na-wolne-miejsca\/","title":{"rendered":"POST\u0118POWANIE UZUPE\u0141NIAJ\u0104CE NA WOLNE MIEJSCA DO PRZEDSZKOLA PUBLICZNEGO W GROMNIKU ORAZ ODDZIA\u0141\u00d3W PRZEDSZKOLNYCH W SZKOLE FILIALNEJ W GOLANCE I W POLICHATACH"},"content":{"rendered":"\n<p>Og\u0142asza si\u0119 nab\u00f3r do Przedszkola Publicznego w Gromniku oraz oddzia\u0142\u00f3w przedszkolnych w Szkole Filialnej w Golance i w Polichtach na wolne miejsca w post\u0119powaniu rekrutacyjnym uzupe\u0142niaj\u0105cym.<\/p>\n\n\n\n<p>Dokumenty rekrutacyjne dost\u0119pne s\u0105 na stronie&nbsp;<a href=\"http:\/\/zs.gromnik.pl\/\" target=\"_blank\" rel=\"noreferrer noopener\"><em><u>zs.gromnik.pl<\/u><\/em><\/a><\/p>\n\n\n\n<p>Wype\u0142nione druki wraz z za\u0142\u0105cznikami prosimy sk\u0142ada\u0107 w sekretariacie Zespo\u0142u Szk\u00f3\u0142 w Gromniku. Terminy post\u0119powania uzupe\u0142niaj\u0105cego pozostaj\u0105 bez zmian.<\/p>\n\n\n\n<!--more-->\n\n\n\n<p><a href=\"http:\/\/zs.gromnik.pl\/zs\/wp-content\/uploads\/2023\/03\/Terminy-postepowania-uzupelniajacego.pdf\" target=\"_blank\" rel=\"noreferrer noopener\">Terminy post\u0119powania uzupe\u0142niaj\u0105cego<\/a><\/p>\n\n\n\n<p><a href=\"http:\/\/zs.gromnik.pl\/zs\/wp-content\/uploads\/2023\/03\/Wniosek-o-przyjecie-dziecka-do-przedszkola.pdf\">Wniosek o przyj\u0119cie dziecka do przedszkola<\/a><\/p>\n","protected":false},"excerpt":{"rendered":"<p>Og\u0142asza si\u0119 nab\u00f3r do Przedszkola Publicznego w Gromniku oraz oddzia\u0142\u00f3w przedszkolnych w Szkole Filialnej w Golance i w Polichtach na wolne miejsca w post\u0119powaniu rekrutacyjnym uzupe\u0142niaj\u0105cym. Dokumenty rekrutacyjne dost\u0119pne s\u0105 na stronie&nbsp;zs.gromnik.pl Wype\u0142nione druki wraz z za\u0142\u0105cznikami prosimy sk\u0142ada\u0107 w sekretariacie Zespo\u0142u Szk\u00f3\u0142 w Gromniku. Terminy post\u0119powania uzupe\u0142niaj\u0105cego pozostaj\u0105 bez zmian.<\/p>\n","protected":false},"author":7,"featured_media":0,"comment_status":"closed","ping_status":"open","sticky":false,"template":"","format":"standard","meta":[],"categories":[3],"tags":[],"yoast_head":"<!-- This site is optimized with the Yoast SEO plugin v19.8 - https:\/\/yoast.com\/wordpress\/plugins\/seo\/ -->\n<title>POST\u0118POWANIE UZUPE\u0141NIAJ\u0104CE NA WOLNE MIEJSCA DO PRZEDSZKOLA PUBLICZNEGO W GROMNIKU ORAZ ODDZIA\u0141\u00d3W PRZEDSZKOLNYCH W SZKOLE FILIALNEJ W GOLANCE I W POLICHATACH - Zesp\u00f3\u0142 Szk\u00f3\u0142 w Gromniku<\/title>\n<meta name=\"description\" content=\"Zesp\u00f3\u0142 Szk\u00f3\u0142 w Gromniku\" \/>\n<meta name=\"robots\" content=\"index, follow, max-snippet:-1, max-image-preview:large, max-video-preview:-1\" \/>\n<link rel=\"canonical\" href=\"http:\/\/zs.gromnik.pl\/zs\/postepowanie-uzupelniajace-na-wolne-miejsca\/\" \/>\n<meta property=\"og:locale\" content=\"pl_PL\" \/>\n<meta property=\"og:type\" content=\"article\" \/>\n<meta property=\"og:title\" content=\"POST\u0118POWANIE UZUPE\u0141NIAJ\u0104CE NA WOLNE MIEJSCA DO PRZEDSZKOLA PUBLICZNEGO W GROMNIKU ORAZ ODDZIA\u0141\u00d3W PRZEDSZKOLNYCH W SZKOLE FILIALNEJ W GOLANCE I W POLICHATACH - Zesp\u00f3\u0142 Szk\u00f3\u0142 w Gromniku\" \/>\n<meta property=\"og:description\" content=\"Zesp\u00f3\u0142 Szk\u00f3\u0142 w Gromniku\" \/>\n<meta property=\"og:url\" content=\"http:\/\/zs.gromnik.pl\/zs\/postepowanie-uzupelniajace-na-wolne-miejsca\/\" \/>\n<meta property=\"og:site_name\" content=\"Zesp\u00f3\u0142 Szk\u00f3\u0142 w Gromniku\" \/>\n<meta property=\"article:publisher\" content=\"https:\/\/www.facebook.com\/zsgromnik\" \/>\n<meta property=\"article:published_time\" content=\"2023-03-28T16:48:39+00:00\" \/>\n<meta property=\"article:modified_time\" content=\"2023-03-28T17:09:18+00:00\" \/>\n<meta name=\"author\" content=\"Barbara Kubicz\" \/>\n<meta name=\"twitter:card\" content=\"summary_large_image\" \/>\n<meta name=\"twitter:label1\" content=\"Napisane przez\" \/>\n\t<meta name=\"twitter:data1\" content=\"Barbara Kubicz\" \/>\n<script type=\"application\/ld+json\" class=\"yoast-schema-graph\">{\"@context\":\"https:\/\/schema.org\",\"@graph\":[{\"@type\":\"WebPage\",\"@id\":\"http:\/\/zs.gromnik.pl\/zs\/postepowanie-uzupelniajace-na-wolne-miejsca\/\",\"url\":\"http:\/\/zs.gromnik.pl\/zs\/postepowanie-uzupelniajace-na-wolne-miejsca\/\",\"name\":\"POST\u0118POWANIE UZUPE\u0141NIAJ\u0104CE NA WOLNE MIEJSCA DO PRZEDSZKOLA PUBLICZNEGO W GROMNIKU ORAZ ODDZIA\u0141\u00d3W PRZEDSZKOLNYCH W SZKOLE FILIALNEJ W GOLANCE I W POLICHATACH - Zesp\u00f3\u0142 Szk\u00f3\u0142 w Gromniku\",\"isPartOf\":{\"@id\":\"https:\/\/zs.gromnik.pl\/zs\/#website\"},\"datePublished\":\"2023-03-28T16:48:39+00:00\",\"dateModified\":\"2023-03-28T17:09:18+00:00\",\"author\":{\"@id\":\"https:\/\/zs.gromnik.pl\/zs\/#\/schema\/person\/7fb2b24b90f39dede6a6b1ad809c8871\"},\"description\":\"Zesp\u00f3\u0142 Szk\u00f3\u0142 w Gromniku\",\"breadcrumb\":{\"@id\":\"http:\/\/zs.gromnik.pl\/zs\/postepowanie-uzupelniajace-na-wolne-miejsca\/#breadcrumb\"},\"inLanguage\":\"pl-PL\",\"potentialAction\":[{\"@type\":\"ReadAction\",\"target\":[\"http:\/\/zs.gromnik.pl\/zs\/postepowanie-uzupelniajace-na-wolne-miejsca\/\"]}]},{\"@type\":\"BreadcrumbList\",\"@id\":\"http:\/\/zs.gromnik.pl\/zs\/postepowanie-uzupelniajace-na-wolne-miejsca\/#breadcrumb\",\"itemListElement\":[{\"@type\":\"ListItem\",\"position\":1,\"name\":\"Strona g\u0142\u00f3wna\",\"item\":\"https:\/\/zs.gromnik.pl\/zs\/\"},{\"@type\":\"ListItem\",\"position\":2,\"name\":\"POST\u0118POWANIE UZUPE\u0141NIAJ\u0104CE NA WOLNE MIEJSCA DO PRZEDSZKOLA PUBLICZNEGO W GROMNIKU ORAZ ODDZIA\u0141\u00d3W PRZEDSZKOLNYCH W SZKOLE FILIALNEJ W GOLANCE I W POLICHATACH\"}]},{\"@type\":\"WebSite\",\"@id\":\"https:\/\/zs.gromnik.pl\/zs\/#website\",\"url\":\"https:\/\/zs.gromnik.pl\/zs\/\",\"name\":\"Zesp\u00f3\u0142 Szk\u00f3\u0142 w Gromniku\",\"description\":\"\",\"potentialAction\":[{\"@type\":\"SearchAction\",\"target\":{\"@type\":\"EntryPoint\",\"urlTemplate\":\"https:\/\/zs.gromnik.pl\/zs\/?s={search_term_string}\"},\"query-input\":\"required name=search_term_string\"}],\"inLanguage\":\"pl-PL\"},{\"@type\":\"Person\",\"@id\":\"https:\/\/zs.gromnik.pl\/zs\/#\/schema\/person\/7fb2b24b90f39dede6a6b1ad809c8871\",\"name\":\"Barbara Kubicz\",\"image\":{\"@type\":\"ImageObject\",\"inLanguage\":\"pl-PL\",\"@id\":\"https:\/\/zs.gromnik.pl\/zs\/#\/schema\/person\/image\/\",\"url\":\"http:\/\/2.gravatar.com\/avatar\/2148a1c13395e11280a430e7a86ac24a?s=96&d=mm&r=g\",\"contentUrl\":\"http:\/\/2.gravatar.com\/avatar\/2148a1c13395e11280a430e7a86ac24a?s=96&d=mm&r=g\",\"caption\":\"Barbara Kubicz\"},\"url\":\"http:\/\/zs.gromnik.pl\/zs\/author\/bkubicz\/\"}]}<\/script>\n<!-- \/ Yoast SEO plugin. -->","yoast_head_json":{"title":"POST\u0118POWANIE UZUPE\u0141NIAJ\u0104CE NA WOLNE MIEJSCA DO PRZEDSZKOLA PUBLICZNEGO W GROMNIKU ORAZ ODDZIA\u0141\u00d3W PRZEDSZKOLNYCH W SZKOLE FILIALNEJ W GOLANCE I W POLICHATACH - Zesp\u00f3\u0142 Szk\u00f3\u0142 w Gromniku","description":"Zesp\u00f3\u0142 Szk\u00f3\u0142 w Gromniku","robots":{"index":"index","follow":"follow","max-snippet":"max-snippet:-1","max-image-preview":"max-image-preview:large","max-video-preview":"max-video-preview:-1"},"canonical":"http:\/\/zs.gromnik.pl\/zs\/postepowanie-uzupelniajace-na-wolne-miejsca\/","og_locale":"pl_PL","og_type":"article","og_title":"POST\u0118POWANIE UZUPE\u0141NIAJ\u0104CE NA WOLNE MIEJSCA DO PRZEDSZKOLA PUBLICZNEGO W GROMNIKU ORAZ ODDZIA\u0141\u00d3W PRZEDSZKOLNYCH W SZKOLE FILIALNEJ W GOLANCE I W POLICHATACH - Zesp\u00f3\u0142 Szk\u00f3\u0142 w Gromniku","og_description":"Zesp\u00f3\u0142 Szk\u00f3\u0142 w Gromniku","og_url":"http:\/\/zs.gromnik.pl\/zs\/postepowanie-uzupelniajace-na-wolne-miejsca\/","og_site_name":"Zesp\u00f3\u0142 Szk\u00f3\u0142 w Gromniku","article_publisher":"https:\/\/www.facebook.com\/zsgromnik","article_published_time":"2023-03-28T16:48:39+00:00","article_modified_time":"2023-03-28T17:09:18+00:00","author":"Barbara Kubicz","twitter_card":"summary_large_image","twitter_misc":{"Napisane przez":"Barbara Kubicz"},"schema":{"@context":"https:\/\/schema.org","@graph":[{"@type":"WebPage","@id":"http:\/\/zs.gromnik.pl\/zs\/postepowanie-uzupelniajace-na-wolne-miejsca\/","url":"http:\/\/zs.gromnik.pl\/zs\/postepowanie-uzupelniajace-na-wolne-miejsca\/","name":"POST\u0118POWANIE UZUPE\u0141NIAJ\u0104CE NA WOLNE MIEJSCA DO PRZEDSZKOLA PUBLICZNEGO W GROMNIKU ORAZ ODDZIA\u0141\u00d3W PRZEDSZKOLNYCH W SZKOLE FILIALNEJ W GOLANCE I W POLICHATACH - Zesp\u00f3\u0142 Szk\u00f3\u0142 w Gromniku","isPartOf":{"@id":"https:\/\/zs.gromnik.pl\/zs\/#website"},"datePublished":"2023-03-28T16:48:39+00:00","dateModified":"2023-03-28T17:09:18+00:00","author":{"@id":"https:\/\/zs.gromnik.pl\/zs\/#\/schema\/person\/7fb2b24b90f39dede6a6b1ad809c8871"},"description":"Zesp\u00f3\u0142 Szk\u00f3\u0142 w Gromniku","breadcrumb":{"@id":"http:\/\/zs.gromnik.pl\/zs\/postepowanie-uzupelniajace-na-wolne-miejsca\/#breadcrumb"},"inLanguage":"pl-PL","potentialAction":[{"@type":"ReadAction","target":["http:\/\/zs.gromnik.pl\/zs\/postepowanie-uzupelniajace-na-wolne-miejsca\/"]}]},{"@type":"BreadcrumbList","@id":"http:\/\/zs.gromnik.pl\/zs\/postepowanie-uzupelniajace-na-wolne-miejsca\/#breadcrumb","itemListElement":[{"@type":"ListItem","position":1,"name":"Strona g\u0142\u00f3wna","item":"https:\/\/zs.gromnik.pl\/zs\/"},{"@type":"ListItem","position":2,"name":"POST\u0118POWANIE UZUPE\u0141NIAJ\u0104CE NA WOLNE MIEJSCA DO PRZEDSZKOLA PUBLICZNEGO W GROMNIKU ORAZ ODDZIA\u0141\u00d3W PRZEDSZKOLNYCH W SZKOLE FILIALNEJ W GOLANCE I W POLICHATACH"}]},{"@type":"WebSite","@id":"https:\/\/zs.gromnik.pl\/zs\/#website","url":"https:\/\/zs.gromnik.pl\/zs\/","name":"Zesp\u00f3\u0142 Szk\u00f3\u0142 w Gromniku","description":"","potentialAction":[{"@type":"SearchAction","target":{"@type":"EntryPoint","urlTemplate":"https:\/\/zs.gromnik.pl\/zs\/?s={search_term_string}"},"query-input":"required name=search_term_string"}],"inLanguage":"pl-PL"},{"@type":"Person","@id":"https:\/\/zs.gromnik.pl\/zs\/#\/schema\/person\/7fb2b24b90f39dede6a6b1ad809c8871","name":"Barbara Kubicz","image":{"@type":"ImageObject","inLanguage":"pl-PL","@id":"https:\/\/zs.gromnik.pl\/zs\/#\/schema\/person\/image\/","url":"http:\/\/2.gravatar.com\/avatar\/2148a1c13395e11280a430e7a86ac24a?s=96&d=mm&r=g","contentUrl":"http:\/\/2.gravatar.com\/avatar\/2148a1c13395e11280a430e7a86ac24a?s=96&d=mm&r=g","caption":"Barbara Kubicz"},"url":"http:\/\/zs.gromnik.pl\/zs\/author\/bkubicz\/"}]}},"_links":{"self":[{"href":"http:\/\/zs.gromnik.pl\/zs\/wp-json\/wp\/v2\/posts\/12802"}],"collection":[{"href":"http:\/\/zs.gromnik.pl\/zs\/wp-json\/wp\/v2\/posts"}],"about":[{"href":"http:\/\/zs.gromnik.pl\/zs\/wp-json\/wp\/v2\/types\/post"}],"author":[{"embeddable":true,"href":"http:\/\/zs.gromnik.pl\/zs\/wp-json\/wp\/v2\/users\/7"}],"replies":[{"embeddable":true,"href":"http:\/\/zs.gromnik.pl\/zs\/wp-json\/wp\/v2\/comments?post=12802"}],"version-history":[{"count":9,"href":"http:\/\/zs.gromnik.pl\/zs\/wp-json\/wp\/v2\/posts\/12802\/revisions"}],"predecessor-version":[{"id":12817,"href":"http:\/\/zs.gromnik.pl\/zs\/wp-json\/wp\/v2\/posts\/12802\/revisions\/12817"}],"wp:attachment":[{"href":"http:\/\/zs.gromnik.pl\/zs\/wp-json\/wp\/v2\/media?parent=12802"}],"wp:term":[{"taxonomy":"category","embeddable":true,"href":"http:\/\/zs.gromnik.pl\/zs\/wp-json\/wp\/v2\/categories?post=12802"},{"taxonomy":"post_tag","embeddable":true,"href":"http:\/\/zs.gromnik.pl\/zs\/wp-json\/wp\/v2\/tags?post=12802"}],"curies":[{"name":"wp","href":"https:\/\/api.w.org\/{rel}","templated":true}]}}