{"id":12818,"date":"2023-04-02T15:23:04","date_gmt":"2023-04-02T13:23:04","guid":{"rendered":"http:\/\/zs.gromnik.pl\/zs\/?p=12818"},"modified":"2023-04-02T15:23:06","modified_gmt":"2023-04-02T13:23:06","slug":"powitanie-wiosny-i-wizyta-planetarium","status":"publish","type":"post","link":"http:\/\/zs.gromnik.pl\/zs\/powitanie-wiosny-i-wizyta-planetarium\/","title":{"rendered":"POWITANIE WIOSNY I WIZYTA PLANETARIUM&#8230;"},"content":{"rendered":"\n<p>W ostatnich dniach marca w naszym przedszkolu bardzo du\u017co si\u0119 dzia\u0142o&#8230; Dzieci chc\u0105c po\u017cegna\u0107 pani\u0105 Zim\u0119 wykona\u0142y marzann\u0119, z kt\u00f3r\u0105 nast\u0119pnie wyruszy\u0142y na poblisk\u0105 \u0142\u0105k\u0119. Podczas spaceru nie zabrak\u0142o oczywi\u015bcie szukania pierwszych oznak wiosny oraz przywo\u0142ywania nowej pory roku za pomoc\u0105 radosnych piosenek.<\/p>\n\n\n\n<p>Kilka dni p\u00f3\u017aniej -24 marca &#8211; odwiedzi\u0142o nas mobilne planetarium. By\u0142a to wielka kopu\u0142a, w kt\u00f3rej przedszkolaki obejrza\u0142y film edukacyjny o kosmosie. Szybko okaza\u0142o si\u0119, \u017ce kosmiczna przestrze\u0144 wywo\u0142a\u0142a w\u015br\u00f3d dzieci ogromne poruszenie i zaciekawienie. Niekt\u00f3rzy wprost przyznawali, \u017ce chcieliby kiedy\u015b polecie\u0107 rakiet\u0105 w kosmos. Nie pozostaje nam nic innego, jak \u017cyczy\u0107 spe\u0142nienia tych cudownych, kosmicznych marze\u0144.<\/p>\n\n\n\n<figure class=\"wp-container-2 wp-block-gallery-1 wp-block-gallery has-nested-images columns-default is-cropped\">\n<figure class=\"wp-block-image size-large\"><img loading=\"lazy\" width=\"2560\" height=\"1707\" data-id=\"12825\"  src=\"http:\/\/zs.gromnik.pl\/zs\/wp-content\/uploads\/2023\/04\/IMG_7118-scaled.jpg\" alt=\"\" class=\"wp-image-12825\" srcset=\"http:\/\/zs.gromnik.pl\/zs\/wp-content\/uploads\/2023\/04\/IMG_7118-scaled.jpg 2560w, http:\/\/zs.gromnik.pl\/zs\/wp-content\/uploads\/2023\/04\/IMG_7118-300x200.jpg 300w, http:\/\/zs.gromnik.pl\/zs\/wp-content\/uploads\/2023\/04\/IMG_7118-1024x683.jpg 1024w, http:\/\/zs.gromnik.pl\/zs\/wp-content\/uploads\/2023\/04\/IMG_7118-768x512.jpg 768w, http:\/\/zs.gromnik.pl\/zs\/wp-content\/uploads\/2023\/04\/IMG_7118-1536x1024.jpg 1536w, http:\/\/zs.gromnik.pl\/zs\/wp-content\/uploads\/2023\/04\/IMG_7118-2048x1365.jpg 2048w, http:\/\/zs.gromnik.pl\/zs\/wp-content\/uploads\/2023\/04\/IMG_7118-1140x760.jpg 1140w\" sizes=\"(max-width: 2560px) 100vw, 2560px\" \/><\/figure>\n\n\n\n<figure class=\"wp-block-image size-large\"><img loading=\"lazy\" width=\"2560\" height=\"1707\" data-id=\"12827\"  src=\"http:\/\/zs.gromnik.pl\/zs\/wp-content\/uploads\/2023\/04\/IMG_7136-scaled.jpg\" alt=\"\" class=\"wp-image-12827\" srcset=\"http:\/\/zs.gromnik.pl\/zs\/wp-content\/uploads\/2023\/04\/IMG_7136-scaled.jpg 2560w, http:\/\/zs.gromnik.pl\/zs\/wp-content\/uploads\/2023\/04\/IMG_7136-300x200.jpg 300w, http:\/\/zs.gromnik.pl\/zs\/wp-content\/uploads\/2023\/04\/IMG_7136-1024x683.jpg 1024w, http:\/\/zs.gromnik.pl\/zs\/wp-content\/uploads\/2023\/04\/IMG_7136-768x512.jpg 768w, http:\/\/zs.gromnik.pl\/zs\/wp-content\/uploads\/2023\/04\/IMG_7136-1536x1024.jpg 1536w, http:\/\/zs.gromnik.pl\/zs\/wp-content\/uploads\/2023\/04\/IMG_7136-2048x1365.jpg 2048w, http:\/\/zs.gromnik.pl\/zs\/wp-content\/uploads\/2023\/04\/IMG_7136-1140x760.jpg 1140w\" sizes=\"(max-width: 2560px) 100vw, 2560px\" \/><\/figure>\n\n\n\n<figure class=\"wp-block-image size-large\"><img loading=\"lazy\" width=\"2560\" height=\"1707\" data-id=\"12824\"  src=\"http:\/\/zs.gromnik.pl\/zs\/wp-content\/uploads\/2023\/04\/IMG_7115-scaled.jpg\" alt=\"\" class=\"wp-image-12824\" srcset=\"http:\/\/zs.gromnik.pl\/zs\/wp-content\/uploads\/2023\/04\/IMG_7115-scaled.jpg 2560w, http:\/\/zs.gromnik.pl\/zs\/wp-content\/uploads\/2023\/04\/IMG_7115-300x200.jpg 300w, http:\/\/zs.gromnik.pl\/zs\/wp-content\/uploads\/2023\/04\/IMG_7115-1024x683.jpg 1024w, http:\/\/zs.gromnik.pl\/zs\/wp-content\/uploads\/2023\/04\/IMG_7115-768x512.jpg 768w, http:\/\/zs.gromnik.pl\/zs\/wp-content\/uploads\/2023\/04\/IMG_7115-1536x1024.jpg 1536w, http:\/\/zs.gromnik.pl\/zs\/wp-content\/uploads\/2023\/04\/IMG_7115-2048x1365.jpg 2048w, http:\/\/zs.gromnik.pl\/zs\/wp-content\/uploads\/2023\/04\/IMG_7115-1140x760.jpg 1140w\" sizes=\"(max-width: 2560px) 100vw, 2560px\" \/><\/figure>\n\n\n\n<figure class=\"wp-block-image size-large\"><img loading=\"lazy\" width=\"2560\" height=\"1707\" data-id=\"12828\"  src=\"http:\/\/zs.gromnik.pl\/zs\/wp-content\/uploads\/2023\/04\/IMG_7153-scaled.jpg\" alt=\"\" class=\"wp-image-12828\" srcset=\"http:\/\/zs.gromnik.pl\/zs\/wp-content\/uploads\/2023\/04\/IMG_7153-scaled.jpg 2560w, http:\/\/zs.gromnik.pl\/zs\/wp-content\/uploads\/2023\/04\/IMG_7153-300x200.jpg 300w, http:\/\/zs.gromnik.pl\/zs\/wp-content\/uploads\/2023\/04\/IMG_7153-1024x683.jpg 1024w, http:\/\/zs.gromnik.pl\/zs\/wp-content\/uploads\/2023\/04\/IMG_7153-768x512.jpg 768w, http:\/\/zs.gromnik.pl\/zs\/wp-content\/uploads\/2023\/04\/IMG_7153-1536x1024.jpg 1536w, http:\/\/zs.gromnik.pl\/zs\/wp-content\/uploads\/2023\/04\/IMG_7153-2048x1365.jpg 2048w, http:\/\/zs.gromnik.pl\/zs\/wp-content\/uploads\/2023\/04\/IMG_7153-1140x760.jpg 1140w\" sizes=\"(max-width: 2560px) 100vw, 2560px\" \/><\/figure>\n\n\n\n<figure class=\"wp-block-image size-large\"><img loading=\"lazy\" width=\"2560\" height=\"1707\" data-id=\"12826\"  src=\"http:\/\/zs.gromnik.pl\/zs\/wp-content\/uploads\/2023\/04\/IMG_7128-scaled.jpg\" alt=\"\" class=\"wp-image-12826\" srcset=\"http:\/\/zs.gromnik.pl\/zs\/wp-content\/uploads\/2023\/04\/IMG_7128-scaled.jpg 2560w, http:\/\/zs.gromnik.pl\/zs\/wp-content\/uploads\/2023\/04\/IMG_7128-300x200.jpg 300w, http:\/\/zs.gromnik.pl\/zs\/wp-content\/uploads\/2023\/04\/IMG_7128-1024x683.jpg 1024w, http:\/\/zs.gromnik.pl\/zs\/wp-content\/uploads\/2023\/04\/IMG_7128-768x512.jpg 768w, http:\/\/zs.gromnik.pl\/zs\/wp-content\/uploads\/2023\/04\/IMG_7128-1536x1024.jpg 1536w, http:\/\/zs.gromnik.pl\/zs\/wp-content\/uploads\/2023\/04\/IMG_7128-2048x1365.jpg 2048w, http:\/\/zs.gromnik.pl\/zs\/wp-content\/uploads\/2023\/04\/IMG_7128-1140x760.jpg 1140w\" sizes=\"(max-width: 2560px) 100vw, 2560px\" \/><\/figure>\n\n\n\n<figure class=\"wp-block-image size-large\"><img loading=\"lazy\" width=\"2560\" height=\"1707\" data-id=\"12823\"  src=\"http:\/\/zs.gromnik.pl\/zs\/wp-content\/uploads\/2023\/04\/IMG_7113-scaled.jpg\" alt=\"\" class=\"wp-image-12823\" srcset=\"http:\/\/zs.gromnik.pl\/zs\/wp-content\/uploads\/2023\/04\/IMG_7113-scaled.jpg 2560w, http:\/\/zs.gromnik.pl\/zs\/wp-content\/uploads\/2023\/04\/IMG_7113-300x200.jpg 300w, http:\/\/zs.gromnik.pl\/zs\/wp-content\/uploads\/2023\/04\/IMG_7113-1024x683.jpg 1024w, http:\/\/zs.gromnik.pl\/zs\/wp-content\/uploads\/2023\/04\/IMG_7113-768x512.jpg 768w, http:\/\/zs.gromnik.pl\/zs\/wp-content\/uploads\/2023\/04\/IMG_7113-1536x1024.jpg 1536w, http:\/\/zs.gromnik.pl\/zs\/wp-content\/uploads\/2023\/04\/IMG_7113-2048x1365.jpg 2048w, http:\/\/zs.gromnik.pl\/zs\/wp-content\/uploads\/2023\/04\/IMG_7113-1140x760.jpg 1140w\" sizes=\"(max-width: 2560px) 100vw, 2560px\" \/><\/figure>\n\n\n\n<figure class=\"wp-block-image size-large\"><img loading=\"lazy\" width=\"1707\" height=\"2560\" data-id=\"12829\"  src=\"http:\/\/zs.gromnik.pl\/zs\/wp-content\/uploads\/2023\/04\/IMG_7157-scaled.jpg\" alt=\"\" class=\"wp-image-12829\" srcset=\"http:\/\/zs.gromnik.pl\/zs\/wp-content\/uploads\/2023\/04\/IMG_7157-scaled.jpg 1707w, http:\/\/zs.gromnik.pl\/zs\/wp-content\/uploads\/2023\/04\/IMG_7157-200x300.jpg 200w, http:\/\/zs.gromnik.pl\/zs\/wp-content\/uploads\/2023\/04\/IMG_7157-683x1024.jpg 683w, http:\/\/zs.gromnik.pl\/zs\/wp-content\/uploads\/2023\/04\/IMG_7157-768x1152.jpg 768w, http:\/\/zs.gromnik.pl\/zs\/wp-content\/uploads\/2023\/04\/IMG_7157-1024x1536.jpg 1024w, http:\/\/zs.gromnik.pl\/zs\/wp-content\/uploads\/2023\/04\/IMG_7157-1365x2048.jpg 1365w, http:\/\/zs.gromnik.pl\/zs\/wp-content\/uploads\/2023\/04\/IMG_7157-1140x1710.jpg 1140w\" sizes=\"(max-width: 1707px) 100vw, 1707px\" \/><\/figure>\n\n\n\n<figure class=\"wp-block-image size-large\"><img loading=\"lazy\" width=\"2560\" height=\"1707\" data-id=\"12845\"  src=\"http:\/\/zs.gromnik.pl\/zs\/wp-content\/uploads\/2023\/04\/IMG_7165-1-scaled.jpg\" alt=\"\" class=\"wp-image-12845\" srcset=\"http:\/\/zs.gromnik.pl\/zs\/wp-content\/uploads\/2023\/04\/IMG_7165-1-scaled.jpg 2560w, http:\/\/zs.gromnik.pl\/zs\/wp-content\/uploads\/2023\/04\/IMG_7165-1-300x200.jpg 300w, http:\/\/zs.gromnik.pl\/zs\/wp-content\/uploads\/2023\/04\/IMG_7165-1-1024x683.jpg 1024w, http:\/\/zs.gromnik.pl\/zs\/wp-content\/uploads\/2023\/04\/IMG_7165-1-768x512.jpg 768w, http:\/\/zs.gromnik.pl\/zs\/wp-content\/uploads\/2023\/04\/IMG_7165-1-1536x1024.jpg 1536w, http:\/\/zs.gromnik.pl\/zs\/wp-content\/uploads\/2023\/04\/IMG_7165-1-2048x1365.jpg 2048w, http:\/\/zs.gromnik.pl\/zs\/wp-content\/uploads\/2023\/04\/IMG_7165-1-1140x760.jpg 1140w\" sizes=\"(max-width: 2560px) 100vw, 2560px\" \/><\/figure>\n\n\n\n<figure class=\"wp-block-image size-large\"><img loading=\"lazy\" width=\"2560\" height=\"1707\" data-id=\"12846\"  src=\"http:\/\/zs.gromnik.pl\/zs\/wp-content\/uploads\/2023\/04\/IMG_7169-1-scaled.jpg\" alt=\"\" class=\"wp-image-12846\" srcset=\"http:\/\/zs.gromnik.pl\/zs\/wp-content\/uploads\/2023\/04\/IMG_7169-1-scaled.jpg 2560w, http:\/\/zs.gromnik.pl\/zs\/wp-content\/uploads\/2023\/04\/IMG_7169-1-300x200.jpg 300w, http:\/\/zs.gromnik.pl\/zs\/wp-content\/uploads\/2023\/04\/IMG_7169-1-1024x683.jpg 1024w, http:\/\/zs.gromnik.pl\/zs\/wp-content\/uploads\/2023\/04\/IMG_7169-1-768x512.jpg 768w, http:\/\/zs.gromnik.pl\/zs\/wp-content\/uploads\/2023\/04\/IMG_7169-1-1536x1024.jpg 1536w, http:\/\/zs.gromnik.pl\/zs\/wp-content\/uploads\/2023\/04\/IMG_7169-1-2048x1365.jpg 2048w, http:\/\/zs.gromnik.pl\/zs\/wp-content\/uploads\/2023\/04\/IMG_7169-1-1140x760.jpg 1140w\" sizes=\"(max-width: 2560px) 100vw, 2560px\" \/><\/figure>\n\n\n\n<figure class=\"wp-block-image size-large\"><img loading=\"lazy\" width=\"2560\" height=\"1920\" data-id=\"12833\"  src=\"http:\/\/zs.gromnik.pl\/zs\/wp-content\/uploads\/2023\/04\/20230324_080541-1-scaled.jpg\" alt=\"\" class=\"wp-image-12833\" srcset=\"http:\/\/zs.gromnik.pl\/zs\/wp-content\/uploads\/2023\/04\/20230324_080541-1-scaled.jpg 2560w, http:\/\/zs.gromnik.pl\/zs\/wp-content\/uploads\/2023\/04\/20230324_080541-1-300x225.jpg 300w, http:\/\/zs.gromnik.pl\/zs\/wp-content\/uploads\/2023\/04\/20230324_080541-1-1024x768.jpg 1024w, http:\/\/zs.gromnik.pl\/zs\/wp-content\/uploads\/2023\/04\/20230324_080541-1-768x576.jpg 768w, http:\/\/zs.gromnik.pl\/zs\/wp-content\/uploads\/2023\/04\/20230324_080541-1-1536x1152.jpg 1536w, http:\/\/zs.gromnik.pl\/zs\/wp-content\/uploads\/2023\/04\/20230324_080541-1-2048x1536.jpg 2048w, http:\/\/zs.gromnik.pl\/zs\/wp-content\/uploads\/2023\/04\/20230324_080541-1-1140x855.jpg 1140w\" sizes=\"(max-width: 2560px) 100vw, 2560px\" \/><\/figure>\n\n\n\n<figure class=\"wp-block-image size-large\"><img loading=\"lazy\" width=\"1920\" height=\"2560\" data-id=\"12834\"  src=\"http:\/\/zs.gromnik.pl\/zs\/wp-content\/uploads\/2023\/04\/20230324_084542-1-scaled.jpg\" alt=\"\" class=\"wp-image-12834\" srcset=\"http:\/\/zs.gromnik.pl\/zs\/wp-content\/uploads\/2023\/04\/20230324_084542-1-scaled.jpg 1920w, http:\/\/zs.gromnik.pl\/zs\/wp-content\/uploads\/2023\/04\/20230324_084542-1-225x300.jpg 225w, http:\/\/zs.gromnik.pl\/zs\/wp-content\/uploads\/2023\/04\/20230324_084542-1-768x1024.jpg 768w, http:\/\/zs.gromnik.pl\/zs\/wp-content\/uploads\/2023\/04\/20230324_084542-1-1152x1536.jpg 1152w, http:\/\/zs.gromnik.pl\/zs\/wp-content\/uploads\/2023\/04\/20230324_084542-1-1536x2048.jpg 1536w, http:\/\/zs.gromnik.pl\/zs\/wp-content\/uploads\/2023\/04\/20230324_084542-1-1140x1520.jpg 1140w\" sizes=\"(max-width: 1920px) 100vw, 1920px\" \/><\/figure>\n\n\n\n<figure class=\"wp-block-image size-large\"><img loading=\"lazy\" width=\"1920\" height=\"2560\" data-id=\"12835\"  src=\"http:\/\/zs.gromnik.pl\/zs\/wp-content\/uploads\/2023\/04\/20230324_084738-1-scaled.jpg\" alt=\"\" class=\"wp-image-12835\" srcset=\"http:\/\/zs.gromnik.pl\/zs\/wp-content\/uploads\/2023\/04\/20230324_084738-1-scaled.jpg 1920w, http:\/\/zs.gromnik.pl\/zs\/wp-content\/uploads\/2023\/04\/20230324_084738-1-225x300.jpg 225w, http:\/\/zs.gromnik.pl\/zs\/wp-content\/uploads\/2023\/04\/20230324_084738-1-768x1024.jpg 768w, http:\/\/zs.gromnik.pl\/zs\/wp-content\/uploads\/2023\/04\/20230324_084738-1-1152x1536.jpg 1152w, http:\/\/zs.gromnik.pl\/zs\/wp-content\/uploads\/2023\/04\/20230324_084738-1-1536x2048.jpg 1536w, http:\/\/zs.gromnik.pl\/zs\/wp-content\/uploads\/2023\/04\/20230324_084738-1-1140x1520.jpg 1140w\" sizes=\"(max-width: 1920px) 100vw, 1920px\" \/><\/figure>\n\n\n\n<figure class=\"wp-block-image size-large\"><img loading=\"lazy\" width=\"2048\" height=\"1536\" data-id=\"12836\"  src=\"http:\/\/zs.gromnik.pl\/zs\/wp-content\/uploads\/2023\/04\/336614204_1224639251755654_1663899207165210700_n-1.jpg\" alt=\"\" class=\"wp-image-12836\" srcset=\"http:\/\/zs.gromnik.pl\/zs\/wp-content\/uploads\/2023\/04\/336614204_1224639251755654_1663899207165210700_n-1.jpg 2048w, http:\/\/zs.gromnik.pl\/zs\/wp-content\/uploads\/2023\/04\/336614204_1224639251755654_1663899207165210700_n-1-300x225.jpg 300w, http:\/\/zs.gromnik.pl\/zs\/wp-content\/uploads\/2023\/04\/336614204_1224639251755654_1663899207165210700_n-1-1024x768.jpg 1024w, http:\/\/zs.gromnik.pl\/zs\/wp-content\/uploads\/2023\/04\/336614204_1224639251755654_1663899207165210700_n-1-768x576.jpg 768w, http:\/\/zs.gromnik.pl\/zs\/wp-content\/uploads\/2023\/04\/336614204_1224639251755654_1663899207165210700_n-1-1536x1152.jpg 1536w, http:\/\/zs.gromnik.pl\/zs\/wp-content\/uploads\/2023\/04\/336614204_1224639251755654_1663899207165210700_n-1-1140x855.jpg 1140w\" sizes=\"(max-width: 2048px) 100vw, 2048px\" \/><\/figure>\n<\/figure>\n","protected":false},"excerpt":{"rendered":"<p>W ostatnich dniach marca w naszym przedszkolu bardzo du\u017co si\u0119 dzia\u0142o&#8230; Dzieci chc\u0105c po\u017cegna\u0107 pani\u0105 Zim\u0119 wykona\u0142y marzann\u0119, z kt\u00f3r\u0105 nast\u0119pnie wyruszy\u0142y na poblisk\u0105 \u0142\u0105k\u0119. Podczas spaceru nie zabrak\u0142o oczywi\u015bcie szukania pierwszych oznak wiosny oraz przywo\u0142ywania nowej pory roku za pomoc\u0105 radosnych piosenek. Kilka dni p\u00f3\u017aniej -24 marca &#8211; odwiedzi\u0142o nas mobilne planetarium. By\u0142a to wielka kopu\u0142a, w kt\u00f3rej przedszkolaki obejrza\u0142y film edukacyjny o kosmosie. Szybko okaza\u0142o si\u0119, \u017ce kosmiczna przestrze\u0144 wywo\u0142a\u0142a w\u015br\u00f3d dzieci ogromne poruszenie i zaciekawienie. Niekt\u00f3rzy wprost przyznawali, \u017ce chcieliby kiedy\u015b polecie\u0107 rakiet\u0105 w kosmos. Nie pozostaje nam nic innego, jak \u017cyczy\u0107 spe\u0142nienia tych cudownych, kosmicznych marze\u0144.<\/p>\n","protected":false},"author":7,"featured_media":12844,"comment_status":"closed","ping_status":"open","sticky":false,"template":"","format":"standard","meta":[],"categories":[3,15],"tags":[],"yoast_head":"<!-- This site is optimized with the Yoast SEO plugin v19.8 - https:\/\/yoast.com\/wordpress\/plugins\/seo\/ -->\n<title>POWITANIE WIOSNY I WIZYTA PLANETARIUM... - Zesp\u00f3\u0142 Szk\u00f3\u0142 w Gromniku<\/title>\n<meta name=\"description\" content=\"Zesp\u00f3\u0142 Szk\u00f3\u0142 w Gromniku\" \/>\n<meta name=\"robots\" content=\"index, follow, max-snippet:-1, max-image-preview:large, max-video-preview:-1\" \/>\n<link rel=\"canonical\" href=\"http:\/\/zs.gromnik.pl\/zs\/powitanie-wiosny-i-wizyta-planetarium\/\" \/>\n<meta property=\"og:locale\" content=\"pl_PL\" \/>\n<meta property=\"og:type\" content=\"article\" \/>\n<meta property=\"og:title\" content=\"POWITANIE WIOSNY I WIZYTA PLANETARIUM... - Zesp\u00f3\u0142 Szk\u00f3\u0142 w Gromniku\" \/>\n<meta property=\"og:description\" content=\"Zesp\u00f3\u0142 Szk\u00f3\u0142 w Gromniku\" \/>\n<meta property=\"og:url\" content=\"http:\/\/zs.gromnik.pl\/zs\/powitanie-wiosny-i-wizyta-planetarium\/\" \/>\n<meta property=\"og:site_name\" content=\"Zesp\u00f3\u0142 Szk\u00f3\u0142 w Gromniku\" \/>\n<meta property=\"article:publisher\" content=\"https:\/\/www.facebook.com\/zsgromnik\" \/>\n<meta property=\"article:published_time\" content=\"2023-04-02T13:23:04+00:00\" \/>\n<meta property=\"article:modified_time\" content=\"2023-04-02T13:23:06+00:00\" \/>\n<meta property=\"og:image\" content=\"http:\/\/zs.gromnik.pl\/zs\/wp-content\/uploads\/2023\/04\/IMG_7160-1-scaled.jpg\" \/>\n\t<meta property=\"og:image:width\" content=\"1707\" \/>\n\t<meta property=\"og:image:height\" content=\"2560\" \/>\n\t<meta property=\"og:image:type\" content=\"image\/jpeg\" \/>\n<meta name=\"author\" content=\"Barbara Kubicz\" \/>\n<meta name=\"twitter:card\" content=\"summary_large_image\" \/>\n<meta name=\"twitter:label1\" content=\"Napisane przez\" \/>\n\t<meta name=\"twitter:data1\" content=\"Barbara Kubicz\" \/>\n\t<meta name=\"twitter:label2\" content=\"Szacowany czas czytania\" \/>\n\t<meta name=\"twitter:data2\" content=\"1 minuta\" \/>\n<script type=\"application\/ld+json\" class=\"yoast-schema-graph\">{\"@context\":\"https:\/\/schema.org\",\"@graph\":[{\"@type\":\"WebPage\",\"@id\":\"http:\/\/zs.gromnik.pl\/zs\/powitanie-wiosny-i-wizyta-planetarium\/\",\"url\":\"http:\/\/zs.gromnik.pl\/zs\/powitanie-wiosny-i-wizyta-planetarium\/\",\"name\":\"POWITANIE WIOSNY I WIZYTA PLANETARIUM... - Zesp\u00f3\u0142 Szk\u00f3\u0142 w Gromniku\",\"isPartOf\":{\"@id\":\"https:\/\/zs.gromnik.pl\/zs\/#website\"},\"datePublished\":\"2023-04-02T13:23:04+00:00\",\"dateModified\":\"2023-04-02T13:23:06+00:00\",\"author\":{\"@id\":\"https:\/\/zs.gromnik.pl\/zs\/#\/schema\/person\/7fb2b24b90f39dede6a6b1ad809c8871\"},\"description\":\"Zesp\u00f3\u0142 Szk\u00f3\u0142 w Gromniku\",\"breadcrumb\":{\"@id\":\"http:\/\/zs.gromnik.pl\/zs\/powitanie-wiosny-i-wizyta-planetarium\/#breadcrumb\"},\"inLanguage\":\"pl-PL\",\"potentialAction\":[{\"@type\":\"ReadAction\",\"target\":[\"http:\/\/zs.gromnik.pl\/zs\/powitanie-wiosny-i-wizyta-planetarium\/\"]}]},{\"@type\":\"BreadcrumbList\",\"@id\":\"http:\/\/zs.gromnik.pl\/zs\/powitanie-wiosny-i-wizyta-planetarium\/#breadcrumb\",\"itemListElement\":[{\"@type\":\"ListItem\",\"position\":1,\"name\":\"Strona g\u0142\u00f3wna\",\"item\":\"https:\/\/zs.gromnik.pl\/zs\/\"},{\"@type\":\"ListItem\",\"position\":2,\"name\":\"POWITANIE WIOSNY I WIZYTA PLANETARIUM&#8230;\"}]},{\"@type\":\"WebSite\",\"@id\":\"https:\/\/zs.gromnik.pl\/zs\/#website\",\"url\":\"https:\/\/zs.gromnik.pl\/zs\/\",\"name\":\"Zesp\u00f3\u0142 Szk\u00f3\u0142 w Gromniku\",\"description\":\"\",\"potentialAction\":[{\"@type\":\"SearchAction\",\"target\":{\"@type\":\"EntryPoint\",\"urlTemplate\":\"https:\/\/zs.gromnik.pl\/zs\/?s={search_term_string}\"},\"query-input\":\"required name=search_term_string\"}],\"inLanguage\":\"pl-PL\"},{\"@type\":\"Person\",\"@id\":\"https:\/\/zs.gromnik.pl\/zs\/#\/schema\/person\/7fb2b24b90f39dede6a6b1ad809c8871\",\"name\":\"Barbara Kubicz\",\"image\":{\"@type\":\"ImageObject\",\"inLanguage\":\"pl-PL\",\"@id\":\"https:\/\/zs.gromnik.pl\/zs\/#\/schema\/person\/image\/\",\"url\":\"http:\/\/2.gravatar.com\/avatar\/2148a1c13395e11280a430e7a86ac24a?s=96&d=mm&r=g\",\"contentUrl\":\"http:\/\/2.gravatar.com\/avatar\/2148a1c13395e11280a430e7a86ac24a?s=96&d=mm&r=g\",\"caption\":\"Barbara Kubicz\"},\"url\":\"http:\/\/zs.gromnik.pl\/zs\/author\/bkubicz\/\"}]}<\/script>\n<!-- \/ Yoast SEO plugin. -->","yoast_head_json":{"title":"POWITANIE WIOSNY I WIZYTA PLANETARIUM... - Zesp\u00f3\u0142 Szk\u00f3\u0142 w Gromniku","description":"Zesp\u00f3\u0142 Szk\u00f3\u0142 w Gromniku","robots":{"index":"index","follow":"follow","max-snippet":"max-snippet:-1","max-image-preview":"max-image-preview:large","max-video-preview":"max-video-preview:-1"},"canonical":"http:\/\/zs.gromnik.pl\/zs\/powitanie-wiosny-i-wizyta-planetarium\/","og_locale":"pl_PL","og_type":"article","og_title":"POWITANIE WIOSNY I WIZYTA PLANETARIUM... - Zesp\u00f3\u0142 Szk\u00f3\u0142 w Gromniku","og_description":"Zesp\u00f3\u0142 Szk\u00f3\u0142 w Gromniku","og_url":"http:\/\/zs.gromnik.pl\/zs\/powitanie-wiosny-i-wizyta-planetarium\/","og_site_name":"Zesp\u00f3\u0142 Szk\u00f3\u0142 w Gromniku","article_publisher":"https:\/\/www.facebook.com\/zsgromnik","article_published_time":"2023-04-02T13:23:04+00:00","article_modified_time":"2023-04-02T13:23:06+00:00","og_image":[{"width":1707,"height":2560,"url":"http:\/\/zs.gromnik.pl\/zs\/wp-content\/uploads\/2023\/04\/IMG_7160-1-scaled.jpg","type":"image\/jpeg"}],"author":"Barbara Kubicz","twitter_card":"summary_large_image","twitter_misc":{"Napisane przez":"Barbara Kubicz","Szacowany czas czytania":"1 minuta"},"schema":{"@context":"https:\/\/schema.org","@graph":[{"@type":"WebPage","@id":"http:\/\/zs.gromnik.pl\/zs\/powitanie-wiosny-i-wizyta-planetarium\/","url":"http:\/\/zs.gromnik.pl\/zs\/powitanie-wiosny-i-wizyta-planetarium\/","name":"POWITANIE WIOSNY I WIZYTA PLANETARIUM... - Zesp\u00f3\u0142 Szk\u00f3\u0142 w Gromniku","isPartOf":{"@id":"https:\/\/zs.gromnik.pl\/zs\/#website"},"datePublished":"2023-04-02T13:23:04+00:00","dateModified":"2023-04-02T13:23:06+00:00","author":{"@id":"https:\/\/zs.gromnik.pl\/zs\/#\/schema\/person\/7fb2b24b90f39dede6a6b1ad809c8871"},"description":"Zesp\u00f3\u0142 Szk\u00f3\u0142 w Gromniku","breadcrumb":{"@id":"http:\/\/zs.gromnik.pl\/zs\/powitanie-wiosny-i-wizyta-planetarium\/#breadcrumb"},"inLanguage":"pl-PL","potentialAction":[{"@type":"ReadAction","target":["http:\/\/zs.gromnik.pl\/zs\/powitanie-wiosny-i-wizyta-planetarium\/"]}]},{"@type":"BreadcrumbList","@id":"http:\/\/zs.gromnik.pl\/zs\/powitanie-wiosny-i-wizyta-planetarium\/#breadcrumb","itemListElement":[{"@type":"ListItem","position":1,"name":"Strona g\u0142\u00f3wna","item":"https:\/\/zs.gromnik.pl\/zs\/"},{"@type":"ListItem","position":2,"name":"POWITANIE WIOSNY I WIZYTA PLANETARIUM&#8230;"}]},{"@type":"WebSite","@id":"https:\/\/zs.gromnik.pl\/zs\/#website","url":"https:\/\/zs.gromnik.pl\/zs\/","name":"Zesp\u00f3\u0142 Szk\u00f3\u0142 w Gromniku","description":"","potentialAction":[{"@type":"SearchAction","target":{"@type":"EntryPoint","urlTemplate":"https:\/\/zs.gromnik.pl\/zs\/?s={search_term_string}"},"query-input":"required name=search_term_string"}],"inLanguage":"pl-PL"},{"@type":"Person","@id":"https:\/\/zs.gromnik.pl\/zs\/#\/schema\/person\/7fb2b24b90f39dede6a6b1ad809c8871","name":"Barbara Kubicz","image":{"@type":"ImageObject","inLanguage":"pl-PL","@id":"https:\/\/zs.gromnik.pl\/zs\/#\/schema\/person\/image\/","url":"http:\/\/2.gravatar.com\/avatar\/2148a1c13395e11280a430e7a86ac24a?s=96&d=mm&r=g","contentUrl":"http:\/\/2.gravatar.com\/avatar\/2148a1c13395e11280a430e7a86ac24a?s=96&d=mm&r=g","caption":"Barbara Kubicz"},"url":"http:\/\/zs.gromnik.pl\/zs\/author\/bkubicz\/"}]}},"_links":{"self":[{"href":"http:\/\/zs.gromnik.pl\/zs\/wp-json\/wp\/v2\/posts\/12818"}],"collection":[{"href":"http:\/\/zs.gromnik.pl\/zs\/wp-json\/wp\/v2\/posts"}],"about":[{"href":"http:\/\/zs.gromnik.pl\/zs\/wp-json\/wp\/v2\/types\/post"}],"author":[{"embeddable":true,"href":"http:\/\/zs.gromnik.pl\/zs\/wp-json\/wp\/v2\/users\/7"}],"replies":[{"embeddable":true,"href":"http:\/\/zs.gromnik.pl\/zs\/wp-json\/wp\/v2\/comments?post=12818"}],"version-history":[{"count":1,"href":"http:\/\/zs.gromnik.pl\/zs\/wp-json\/wp\/v2\/posts\/12818\/revisions"}],"predecessor-version":[{"id":12847,"href":"http:\/\/zs.gromnik.pl\/zs\/wp-json\/wp\/v2\/posts\/12818\/revisions\/12847"}],"wp:featuredmedia":[{"embeddable":true,"href":"http:\/\/zs.gromnik.pl\/zs\/wp-json\/wp\/v2\/media\/12844"}],"wp:attachment":[{"href":"http:\/\/zs.gromnik.pl\/zs\/wp-json\/wp\/v2\/media?parent=12818"}],"wp:term":[{"taxonomy":"category","embeddable":true,"href":"http:\/\/zs.gromnik.pl\/zs\/wp-json\/wp\/v2\/categories?post=12818"},{"taxonomy":"post_tag","embeddable":true,"href":"http:\/\/zs.gromnik.pl\/zs\/wp-json\/wp\/v2\/tags?post=12818"}],"curies":[{"name":"wp","href":"https:\/\/api.w.org\/{rel}","templated":true}]}}