{"id":12848,"date":"2023-04-02T23:06:05","date_gmt":"2023-04-02T21:06:05","guid":{"rendered":"http:\/\/zs.gromnik.pl\/zs\/?p=12848"},"modified":"2023-04-05T21:00:40","modified_gmt":"2023-04-05T19:00:40","slug":"przedszkolaki-poznaja-zawod-fotografa","status":"publish","type":"post","link":"http:\/\/zs.gromnik.pl\/zs\/przedszkolaki-poznaja-zawod-fotografa\/","title":{"rendered":"PRZEDSZKOLAKI POZNAJ\u0104 ZAW\u00d3D FOTOGRAFA"},"content":{"rendered":"\n<p>29 marca 2023 r. w naszym przedszkolu mieli\u015bmy zaszczyt go\u015bci\u0107 tat\u0119 Mai Micek \u2013 Pana Adriana, kt\u00f3ry opowiedzia\u0142 dzieciom o swojej pasji zwi\u0105zanej z fotografowaniem. Pan Micek zaprezentowa\u0142 r\u00f3\u017cne modele aparat\u00f3w fotograficznych, zar\u00f3wno te wsp\u00f3\u0142czesne, jak i nieco starsze. Om\u00f3wi\u0142 wyst\u0119puj\u0105ce mi\u0119dzy nimi podobie\u0144stwa i r\u00f3\u017cnice oraz spos\u00f3b wykonywania zdj\u0119\u0107 dawniej i dzi\u015b. Przedszkolaki z du\u017cym zaciekawieniem s\u0142ucha\u0142y opowie\u015bci fotografa. Po kr\u00f3tkiej prelekcji nadszed\u0142 czas na profesjonaln\u0105 sesj\u0119 fotograficzn\u0105. Dzieci bardzo ch\u0119tnie robi\u0142y sobie zdj\u0119cia i jednog\u0142o\u015bnie stwierdzi\u0142y, \u017ce praca fotografa jest niezwykle inspiruj\u0105ca.<\/p>\n\n\n\n<p>Bardzo dzi\u0119kujemy Panu Adrianowi za ciekaw\u0105 prelekcj\u0119, sesj\u0119 fotograficzn\u0105 w \u015bwi\u0105tecznym wydaniu i po\u015bwi\u0119cony dzieciom czas!<\/p>\n\n\n\n<figure class=\"wp-container-2 wp-block-gallery-1 wp-block-gallery has-nested-images columns-default is-cropped\">\n<figure class=\"wp-block-image size-large\"><img loading=\"lazy\" width=\"1707\" height=\"2560\" data-id=\"12861\"  src=\"http:\/\/zs.gromnik.pl\/zs\/wp-content\/uploads\/2023\/04\/IMG_7180-scaled.jpg\" alt=\"\" class=\"wp-image-12861\" srcset=\"http:\/\/zs.gromnik.pl\/zs\/wp-content\/uploads\/2023\/04\/IMG_7180-scaled.jpg 1707w, http:\/\/zs.gromnik.pl\/zs\/wp-content\/uploads\/2023\/04\/IMG_7180-200x300.jpg 200w, http:\/\/zs.gromnik.pl\/zs\/wp-content\/uploads\/2023\/04\/IMG_7180-683x1024.jpg 683w, http:\/\/zs.gromnik.pl\/zs\/wp-content\/uploads\/2023\/04\/IMG_7180-768x1152.jpg 768w, http:\/\/zs.gromnik.pl\/zs\/wp-content\/uploads\/2023\/04\/IMG_7180-1024x1536.jpg 1024w, http:\/\/zs.gromnik.pl\/zs\/wp-content\/uploads\/2023\/04\/IMG_7180-1365x2048.jpg 1365w, http:\/\/zs.gromnik.pl\/zs\/wp-content\/uploads\/2023\/04\/IMG_7180-1140x1710.jpg 1140w\" sizes=\"(max-width: 1707px) 100vw, 1707px\" \/><\/figure>\n\n\n\n<figure class=\"wp-block-image size-large\"><img loading=\"lazy\" width=\"1707\" height=\"2560\" data-id=\"12863\"  src=\"http:\/\/zs.gromnik.pl\/zs\/wp-content\/uploads\/2023\/04\/IMG_7182-scaled.jpg\" alt=\"\" class=\"wp-image-12863\" srcset=\"http:\/\/zs.gromnik.pl\/zs\/wp-content\/uploads\/2023\/04\/IMG_7182-scaled.jpg 1707w, http:\/\/zs.gromnik.pl\/zs\/wp-content\/uploads\/2023\/04\/IMG_7182-200x300.jpg 200w, http:\/\/zs.gromnik.pl\/zs\/wp-content\/uploads\/2023\/04\/IMG_7182-683x1024.jpg 683w, http:\/\/zs.gromnik.pl\/zs\/wp-content\/uploads\/2023\/04\/IMG_7182-768x1152.jpg 768w, http:\/\/zs.gromnik.pl\/zs\/wp-content\/uploads\/2023\/04\/IMG_7182-1024x1536.jpg 1024w, http:\/\/zs.gromnik.pl\/zs\/wp-content\/uploads\/2023\/04\/IMG_7182-1365x2048.jpg 1365w, http:\/\/zs.gromnik.pl\/zs\/wp-content\/uploads\/2023\/04\/IMG_7182-1140x1710.jpg 1140w\" sizes=\"(max-width: 1707px) 100vw, 1707px\" \/><\/figure>\n\n\n\n<figure class=\"wp-block-image size-large\"><img loading=\"lazy\" width=\"2560\" height=\"1707\" data-id=\"12862\"  src=\"http:\/\/zs.gromnik.pl\/zs\/wp-content\/uploads\/2023\/04\/IMG_7181-scaled.jpg\" alt=\"\" class=\"wp-image-12862\" srcset=\"http:\/\/zs.gromnik.pl\/zs\/wp-content\/uploads\/2023\/04\/IMG_7181-scaled.jpg 2560w, http:\/\/zs.gromnik.pl\/zs\/wp-content\/uploads\/2023\/04\/IMG_7181-300x200.jpg 300w, http:\/\/zs.gromnik.pl\/zs\/wp-content\/uploads\/2023\/04\/IMG_7181-1024x683.jpg 1024w, http:\/\/zs.gromnik.pl\/zs\/wp-content\/uploads\/2023\/04\/IMG_7181-768x512.jpg 768w, http:\/\/zs.gromnik.pl\/zs\/wp-content\/uploads\/2023\/04\/IMG_7181-1536x1024.jpg 1536w, http:\/\/zs.gromnik.pl\/zs\/wp-content\/uploads\/2023\/04\/IMG_7181-2048x1365.jpg 2048w, http:\/\/zs.gromnik.pl\/zs\/wp-content\/uploads\/2023\/04\/IMG_7181-1140x760.jpg 1140w\" sizes=\"(max-width: 2560px) 100vw, 2560px\" \/><\/figure>\n\n\n\n<figure class=\"wp-block-image size-large\"><img loading=\"lazy\" width=\"2560\" height=\"1707\" data-id=\"12849\"  src=\"http:\/\/zs.gromnik.pl\/zs\/wp-content\/uploads\/2023\/04\/IMG_7187-scaled.jpg\" alt=\"\" class=\"wp-image-12849\" srcset=\"http:\/\/zs.gromnik.pl\/zs\/wp-content\/uploads\/2023\/04\/IMG_7187-scaled.jpg 2560w, http:\/\/zs.gromnik.pl\/zs\/wp-content\/uploads\/2023\/04\/IMG_7187-300x200.jpg 300w, http:\/\/zs.gromnik.pl\/zs\/wp-content\/uploads\/2023\/04\/IMG_7187-1024x683.jpg 1024w, http:\/\/zs.gromnik.pl\/zs\/wp-content\/uploads\/2023\/04\/IMG_7187-768x512.jpg 768w, http:\/\/zs.gromnik.pl\/zs\/wp-content\/uploads\/2023\/04\/IMG_7187-1536x1024.jpg 1536w, http:\/\/zs.gromnik.pl\/zs\/wp-content\/uploads\/2023\/04\/IMG_7187-2048x1365.jpg 2048w, http:\/\/zs.gromnik.pl\/zs\/wp-content\/uploads\/2023\/04\/IMG_7187-1140x760.jpg 1140w\" sizes=\"(max-width: 2560px) 100vw, 2560px\" \/><\/figure>\n\n\n\n<figure class=\"wp-block-image size-large\"><img loading=\"lazy\" width=\"2560\" height=\"1707\" data-id=\"12852\"  src=\"http:\/\/zs.gromnik.pl\/zs\/wp-content\/uploads\/2023\/04\/zsgromnik_007-scaled.jpg\" alt=\"\" class=\"wp-image-12852\" srcset=\"http:\/\/zs.gromnik.pl\/zs\/wp-content\/uploads\/2023\/04\/zsgromnik_007-scaled.jpg 2560w, http:\/\/zs.gromnik.pl\/zs\/wp-content\/uploads\/2023\/04\/zsgromnik_007-300x200.jpg 300w, http:\/\/zs.gromnik.pl\/zs\/wp-content\/uploads\/2023\/04\/zsgromnik_007-1024x683.jpg 1024w, http:\/\/zs.gromnik.pl\/zs\/wp-content\/uploads\/2023\/04\/zsgromnik_007-768x512.jpg 768w, http:\/\/zs.gromnik.pl\/zs\/wp-content\/uploads\/2023\/04\/zsgromnik_007-1536x1024.jpg 1536w, http:\/\/zs.gromnik.pl\/zs\/wp-content\/uploads\/2023\/04\/zsgromnik_007-2048x1365.jpg 2048w, http:\/\/zs.gromnik.pl\/zs\/wp-content\/uploads\/2023\/04\/zsgromnik_007-1140x760.jpg 1140w\" sizes=\"(max-width: 2560px) 100vw, 2560px\" \/><\/figure>\n\n\n\n<figure class=\"wp-block-image size-large\"><img loading=\"lazy\" width=\"2560\" height=\"1707\" data-id=\"12853\"  src=\"http:\/\/zs.gromnik.pl\/zs\/wp-content\/uploads\/2023\/04\/zsgromnik_011-scaled.jpg\" alt=\"\" class=\"wp-image-12853\" srcset=\"http:\/\/zs.gromnik.pl\/zs\/wp-content\/uploads\/2023\/04\/zsgromnik_011-scaled.jpg 2560w, http:\/\/zs.gromnik.pl\/zs\/wp-content\/uploads\/2023\/04\/zsgromnik_011-300x200.jpg 300w, http:\/\/zs.gromnik.pl\/zs\/wp-content\/uploads\/2023\/04\/zsgromnik_011-1024x683.jpg 1024w, http:\/\/zs.gromnik.pl\/zs\/wp-content\/uploads\/2023\/04\/zsgromnik_011-768x512.jpg 768w, http:\/\/zs.gromnik.pl\/zs\/wp-content\/uploads\/2023\/04\/zsgromnik_011-1536x1024.jpg 1536w, http:\/\/zs.gromnik.pl\/zs\/wp-content\/uploads\/2023\/04\/zsgromnik_011-2048x1365.jpg 2048w, http:\/\/zs.gromnik.pl\/zs\/wp-content\/uploads\/2023\/04\/zsgromnik_011-1140x760.jpg 1140w\" sizes=\"(max-width: 2560px) 100vw, 2560px\" \/><\/figure>\n\n\n\n<figure class=\"wp-block-image size-large\"><img loading=\"lazy\" width=\"2560\" height=\"1707\" data-id=\"12854\"  src=\"http:\/\/zs.gromnik.pl\/zs\/wp-content\/uploads\/2023\/04\/zsgromnik_013-scaled.jpg\" alt=\"\" class=\"wp-image-12854\" srcset=\"http:\/\/zs.gromnik.pl\/zs\/wp-content\/uploads\/2023\/04\/zsgromnik_013-scaled.jpg 2560w, http:\/\/zs.gromnik.pl\/zs\/wp-content\/uploads\/2023\/04\/zsgromnik_013-300x200.jpg 300w, http:\/\/zs.gromnik.pl\/zs\/wp-content\/uploads\/2023\/04\/zsgromnik_013-1024x683.jpg 1024w, http:\/\/zs.gromnik.pl\/zs\/wp-content\/uploads\/2023\/04\/zsgromnik_013-768x512.jpg 768w, http:\/\/zs.gromnik.pl\/zs\/wp-content\/uploads\/2023\/04\/zsgromnik_013-1536x1024.jpg 1536w, http:\/\/zs.gromnik.pl\/zs\/wp-content\/uploads\/2023\/04\/zsgromnik_013-2048x1365.jpg 2048w, http:\/\/zs.gromnik.pl\/zs\/wp-content\/uploads\/2023\/04\/zsgromnik_013-1140x760.jpg 1140w\" sizes=\"(max-width: 2560px) 100vw, 2560px\" \/><\/figure>\n\n\n\n<figure class=\"wp-block-image size-large\"><img loading=\"lazy\" width=\"2560\" height=\"1707\" data-id=\"12855\"  src=\"http:\/\/zs.gromnik.pl\/zs\/wp-content\/uploads\/2023\/04\/zsgromnik_014-scaled.jpg\" alt=\"\" class=\"wp-image-12855\" srcset=\"http:\/\/zs.gromnik.pl\/zs\/wp-content\/uploads\/2023\/04\/zsgromnik_014-scaled.jpg 2560w, http:\/\/zs.gromnik.pl\/zs\/wp-content\/uploads\/2023\/04\/zsgromnik_014-300x200.jpg 300w, http:\/\/zs.gromnik.pl\/zs\/wp-content\/uploads\/2023\/04\/zsgromnik_014-1024x683.jpg 1024w, http:\/\/zs.gromnik.pl\/zs\/wp-content\/uploads\/2023\/04\/zsgromnik_014-768x512.jpg 768w, http:\/\/zs.gromnik.pl\/zs\/wp-content\/uploads\/2023\/04\/zsgromnik_014-1536x1024.jpg 1536w, http:\/\/zs.gromnik.pl\/zs\/wp-content\/uploads\/2023\/04\/zsgromnik_014-2048x1365.jpg 2048w, http:\/\/zs.gromnik.pl\/zs\/wp-content\/uploads\/2023\/04\/zsgromnik_014-1140x760.jpg 1140w\" sizes=\"(max-width: 2560px) 100vw, 2560px\" \/><\/figure>\n\n\n\n<figure class=\"wp-block-image size-large\"><img loading=\"lazy\" width=\"2560\" height=\"1707\" data-id=\"12856\"  src=\"http:\/\/zs.gromnik.pl\/zs\/wp-content\/uploads\/2023\/04\/zsgromnik_021-scaled.jpg\" alt=\"\" class=\"wp-image-12856\" srcset=\"http:\/\/zs.gromnik.pl\/zs\/wp-content\/uploads\/2023\/04\/zsgromnik_021-scaled.jpg 2560w, http:\/\/zs.gromnik.pl\/zs\/wp-content\/uploads\/2023\/04\/zsgromnik_021-300x200.jpg 300w, http:\/\/zs.gromnik.pl\/zs\/wp-content\/uploads\/2023\/04\/zsgromnik_021-1024x683.jpg 1024w, http:\/\/zs.gromnik.pl\/zs\/wp-content\/uploads\/2023\/04\/zsgromnik_021-768x512.jpg 768w, http:\/\/zs.gromnik.pl\/zs\/wp-content\/uploads\/2023\/04\/zsgromnik_021-1536x1024.jpg 1536w, http:\/\/zs.gromnik.pl\/zs\/wp-content\/uploads\/2023\/04\/zsgromnik_021-2048x1365.jpg 2048w, http:\/\/zs.gromnik.pl\/zs\/wp-content\/uploads\/2023\/04\/zsgromnik_021-1140x760.jpg 1140w\" sizes=\"(max-width: 2560px) 100vw, 2560px\" \/><\/figure>\n\n\n\n<figure class=\"wp-block-image size-large\"><img loading=\"lazy\" width=\"2560\" height=\"1707\" data-id=\"12858\"  src=\"http:\/\/zs.gromnik.pl\/zs\/wp-content\/uploads\/2023\/04\/zsgromnik_032-scaled.jpg\" alt=\"\" class=\"wp-image-12858\" srcset=\"http:\/\/zs.gromnik.pl\/zs\/wp-content\/uploads\/2023\/04\/zsgromnik_032-scaled.jpg 2560w, http:\/\/zs.gromnik.pl\/zs\/wp-content\/uploads\/2023\/04\/zsgromnik_032-300x200.jpg 300w, http:\/\/zs.gromnik.pl\/zs\/wp-content\/uploads\/2023\/04\/zsgromnik_032-1024x683.jpg 1024w, http:\/\/zs.gromnik.pl\/zs\/wp-content\/uploads\/2023\/04\/zsgromnik_032-768x512.jpg 768w, http:\/\/zs.gromnik.pl\/zs\/wp-content\/uploads\/2023\/04\/zsgromnik_032-1536x1024.jpg 1536w, http:\/\/zs.gromnik.pl\/zs\/wp-content\/uploads\/2023\/04\/zsgromnik_032-2048x1365.jpg 2048w, http:\/\/zs.gromnik.pl\/zs\/wp-content\/uploads\/2023\/04\/zsgromnik_032-1140x760.jpg 1140w\" sizes=\"(max-width: 2560px) 100vw, 2560px\" \/><\/figure>\n\n\n\n<figure class=\"wp-block-image size-large\"><img loading=\"lazy\" width=\"2560\" height=\"1707\" data-id=\"12859\"  src=\"http:\/\/zs.gromnik.pl\/zs\/wp-content\/uploads\/2023\/04\/zsgromnik_0371-scaled.jpg\" alt=\"\" class=\"wp-image-12859\" srcset=\"http:\/\/zs.gromnik.pl\/zs\/wp-content\/uploads\/2023\/04\/zsgromnik_0371-scaled.jpg 2560w, http:\/\/zs.gromnik.pl\/zs\/wp-content\/uploads\/2023\/04\/zsgromnik_0371-300x200.jpg 300w, http:\/\/zs.gromnik.pl\/zs\/wp-content\/uploads\/2023\/04\/zsgromnik_0371-1024x683.jpg 1024w, http:\/\/zs.gromnik.pl\/zs\/wp-content\/uploads\/2023\/04\/zsgromnik_0371-768x512.jpg 768w, http:\/\/zs.gromnik.pl\/zs\/wp-content\/uploads\/2023\/04\/zsgromnik_0371-1536x1024.jpg 1536w, http:\/\/zs.gromnik.pl\/zs\/wp-content\/uploads\/2023\/04\/zsgromnik_0371-2048x1365.jpg 2048w, http:\/\/zs.gromnik.pl\/zs\/wp-content\/uploads\/2023\/04\/zsgromnik_0371-1140x760.jpg 1140w\" sizes=\"(max-width: 2560px) 100vw, 2560px\" \/><\/figure>\n\n\n\n<figure class=\"wp-block-image size-large\"><img loading=\"lazy\" width=\"2560\" height=\"1707\" data-id=\"12860\"  src=\"http:\/\/zs.gromnik.pl\/zs\/wp-content\/uploads\/2023\/04\/zsgromnik_041-scaled.jpg\" alt=\"\" class=\"wp-image-12860\" srcset=\"http:\/\/zs.gromnik.pl\/zs\/wp-content\/uploads\/2023\/04\/zsgromnik_041-scaled.jpg 2560w, http:\/\/zs.gromnik.pl\/zs\/wp-content\/uploads\/2023\/04\/zsgromnik_041-300x200.jpg 300w, http:\/\/zs.gromnik.pl\/zs\/wp-content\/uploads\/2023\/04\/zsgromnik_041-1024x683.jpg 1024w, http:\/\/zs.gromnik.pl\/zs\/wp-content\/uploads\/2023\/04\/zsgromnik_041-768x512.jpg 768w, http:\/\/zs.gromnik.pl\/zs\/wp-content\/uploads\/2023\/04\/zsgromnik_041-1536x1024.jpg 1536w, http:\/\/zs.gromnik.pl\/zs\/wp-content\/uploads\/2023\/04\/zsgromnik_041-2048x1365.jpg 2048w, http:\/\/zs.gromnik.pl\/zs\/wp-content\/uploads\/2023\/04\/zsgromnik_041-1140x760.jpg 1140w\" sizes=\"(max-width: 2560px) 100vw, 2560px\" \/><\/figure>\n\n\n\n<figure class=\"wp-block-image size-large\"><img loading=\"lazy\" width=\"2560\" height=\"1707\" data-id=\"12865\"  src=\"http:\/\/zs.gromnik.pl\/zs\/wp-content\/uploads\/2023\/04\/zsgromnik_004-1-scaled.jpg\" alt=\"\" class=\"wp-image-12865\" srcset=\"http:\/\/zs.gromnik.pl\/zs\/wp-content\/uploads\/2023\/04\/zsgromnik_004-1-scaled.jpg 2560w, http:\/\/zs.gromnik.pl\/zs\/wp-content\/uploads\/2023\/04\/zsgromnik_004-1-300x200.jpg 300w, http:\/\/zs.gromnik.pl\/zs\/wp-content\/uploads\/2023\/04\/zsgromnik_004-1-1024x683.jpg 1024w, http:\/\/zs.gromnik.pl\/zs\/wp-content\/uploads\/2023\/04\/zsgromnik_004-1-768x512.jpg 768w, http:\/\/zs.gromnik.pl\/zs\/wp-content\/uploads\/2023\/04\/zsgromnik_004-1-1536x1024.jpg 1536w, http:\/\/zs.gromnik.pl\/zs\/wp-content\/uploads\/2023\/04\/zsgromnik_004-1-2048x1365.jpg 2048w, http:\/\/zs.gromnik.pl\/zs\/wp-content\/uploads\/2023\/04\/zsgromnik_004-1-1140x760.jpg 1140w\" sizes=\"(max-width: 2560px) 100vw, 2560px\" \/><\/figure>\n<\/figure>\n\n\n\n<figure class=\"wp-container-4 wp-block-gallery-3 wp-block-gallery has-nested-images columns-default is-cropped\">\n<figure class=\"wp-block-image size-large\"><img loading=\"lazy\" width=\"2560\" height=\"1707\" data-id=\"12857\"  src=\"http:\/\/zs.gromnik.pl\/zs\/wp-content\/uploads\/2023\/04\/zsgromnik_028-scaled.jpg\" alt=\"\" class=\"wp-image-12857\" srcset=\"http:\/\/zs.gromnik.pl\/zs\/wp-content\/uploads\/2023\/04\/zsgromnik_028-scaled.jpg 2560w, http:\/\/zs.gromnik.pl\/zs\/wp-content\/uploads\/2023\/04\/zsgromnik_028-300x200.jpg 300w, http:\/\/zs.gromnik.pl\/zs\/wp-content\/uploads\/2023\/04\/zsgromnik_028-1024x683.jpg 1024w, http:\/\/zs.gromnik.pl\/zs\/wp-content\/uploads\/2023\/04\/zsgromnik_028-768x512.jpg 768w, http:\/\/zs.gromnik.pl\/zs\/wp-content\/uploads\/2023\/04\/zsgromnik_028-1536x1024.jpg 1536w, http:\/\/zs.gromnik.pl\/zs\/wp-content\/uploads\/2023\/04\/zsgromnik_028-2048x1365.jpg 2048w, http:\/\/zs.gromnik.pl\/zs\/wp-content\/uploads\/2023\/04\/zsgromnik_028-1140x760.jpg 1140w\" sizes=\"(max-width: 2560px) 100vw, 2560px\" \/><\/figure>\n<\/figure>\n\n\n\n<figure class=\"wp-container-6 wp-block-gallery-5 wp-block-gallery has-nested-images columns-default is-cropped\"><\/figure>\n","protected":false},"excerpt":{"rendered":"<p>29 marca 2023 r. w naszym przedszkolu mieli\u015bmy zaszczyt go\u015bci\u0107 tat\u0119 Mai Micek \u2013 Pana Adriana, kt\u00f3ry opowiedzia\u0142 dzieciom o swojej pasji zwi\u0105zanej z fotografowaniem. Pan Micek zaprezentowa\u0142 r\u00f3\u017cne modele aparat\u00f3w fotograficznych, zar\u00f3wno te wsp\u00f3\u0142czesne, jak i nieco starsze. Om\u00f3wi\u0142 wyst\u0119puj\u0105ce mi\u0119dzy nimi podobie\u0144stwa i r\u00f3\u017cnice oraz spos\u00f3b wykonywania zdj\u0119\u0107 dawniej i dzi\u015b. Przedszkolaki z du\u017cym zaciekawieniem s\u0142ucha\u0142y opowie\u015bci fotografa. Po kr\u00f3tkiej prelekcji nadszed\u0142 czas na profesjonaln\u0105 sesj\u0119 fotograficzn\u0105. Dzieci bardzo ch\u0119tnie robi\u0142y sobie zdj\u0119cia i jednog\u0142o\u015bnie stwierdzi\u0142y, \u017ce praca fotografa jest niezwykle inspiruj\u0105ca. Bardzo dzi\u0119kujemy Panu Adrianowi za ciekaw\u0105 prelekcj\u0119, sesj\u0119 fotograficzn\u0105 w \u015bwi\u0105tecznym wydaniu i po\u015bwi\u0119cony dzieciom czas!<\/p>\n","protected":false},"author":7,"featured_media":12864,"comment_status":"closed","ping_status":"open","sticky":false,"template":"","format":"standard","meta":[],"categories":[3,15],"tags":[],"yoast_head":"<!-- This site is optimized with the Yoast SEO plugin v19.8 - https:\/\/yoast.com\/wordpress\/plugins\/seo\/ -->\n<title>PRZEDSZKOLAKI POZNAJ\u0104 ZAW\u00d3D FOTOGRAFA - Zesp\u00f3\u0142 Szk\u00f3\u0142 w Gromniku<\/title>\n<meta name=\"description\" content=\"Zesp\u00f3\u0142 Szk\u00f3\u0142 w Gromniku\" \/>\n<meta name=\"robots\" content=\"index, follow, max-snippet:-1, max-image-preview:large, max-video-preview:-1\" \/>\n<link rel=\"canonical\" href=\"http:\/\/zs.gromnik.pl\/zs\/przedszkolaki-poznaja-zawod-fotografa\/\" \/>\n<meta property=\"og:locale\" content=\"pl_PL\" \/>\n<meta property=\"og:type\" content=\"article\" \/>\n<meta property=\"og:title\" content=\"PRZEDSZKOLAKI POZNAJ\u0104 ZAW\u00d3D FOTOGRAFA - Zesp\u00f3\u0142 Szk\u00f3\u0142 w Gromniku\" \/>\n<meta property=\"og:description\" content=\"Zesp\u00f3\u0142 Szk\u00f3\u0142 w Gromniku\" \/>\n<meta property=\"og:url\" content=\"http:\/\/zs.gromnik.pl\/zs\/przedszkolaki-poznaja-zawod-fotografa\/\" \/>\n<meta property=\"og:site_name\" content=\"Zesp\u00f3\u0142 Szk\u00f3\u0142 w Gromniku\" \/>\n<meta property=\"article:publisher\" content=\"https:\/\/www.facebook.com\/zsgromnik\" \/>\n<meta property=\"article:published_time\" content=\"2023-04-02T21:06:05+00:00\" \/>\n<meta property=\"article:modified_time\" content=\"2023-04-05T19:00:40+00:00\" \/>\n<meta property=\"og:image\" content=\"http:\/\/zs.gromnik.pl\/zs\/wp-content\/uploads\/2023\/04\/Projekt-bez-tytulu2-1-1024x819.png\" \/>\n\t<meta property=\"og:image:width\" content=\"1024\" \/>\n\t<meta property=\"og:image:height\" content=\"819\" \/>\n\t<meta property=\"og:image:type\" content=\"image\/png\" \/>\n<meta name=\"author\" content=\"Barbara Kubicz\" \/>\n<meta name=\"twitter:card\" content=\"summary_large_image\" \/>\n<meta name=\"twitter:label1\" content=\"Napisane przez\" \/>\n\t<meta name=\"twitter:data1\" content=\"Barbara Kubicz\" \/>\n\t<meta name=\"twitter:label2\" content=\"Szacowany czas czytania\" \/>\n\t<meta name=\"twitter:data2\" content=\"1 minuta\" \/>\n<script type=\"application\/ld+json\" class=\"yoast-schema-graph\">{\"@context\":\"https:\/\/schema.org\",\"@graph\":[{\"@type\":\"WebPage\",\"@id\":\"http:\/\/zs.gromnik.pl\/zs\/przedszkolaki-poznaja-zawod-fotografa\/\",\"url\":\"http:\/\/zs.gromnik.pl\/zs\/przedszkolaki-poznaja-zawod-fotografa\/\",\"name\":\"PRZEDSZKOLAKI POZNAJ\u0104 ZAW\u00d3D FOTOGRAFA - Zesp\u00f3\u0142 Szk\u00f3\u0142 w Gromniku\",\"isPartOf\":{\"@id\":\"https:\/\/zs.gromnik.pl\/zs\/#website\"},\"datePublished\":\"2023-04-02T21:06:05+00:00\",\"dateModified\":\"2023-04-05T19:00:40+00:00\",\"author\":{\"@id\":\"https:\/\/zs.gromnik.pl\/zs\/#\/schema\/person\/7fb2b24b90f39dede6a6b1ad809c8871\"},\"description\":\"Zesp\u00f3\u0142 Szk\u00f3\u0142 w Gromniku\",\"breadcrumb\":{\"@id\":\"http:\/\/zs.gromnik.pl\/zs\/przedszkolaki-poznaja-zawod-fotografa\/#breadcrumb\"},\"inLanguage\":\"pl-PL\",\"potentialAction\":[{\"@type\":\"ReadAction\",\"target\":[\"http:\/\/zs.gromnik.pl\/zs\/przedszkolaki-poznaja-zawod-fotografa\/\"]}]},{\"@type\":\"BreadcrumbList\",\"@id\":\"http:\/\/zs.gromnik.pl\/zs\/przedszkolaki-poznaja-zawod-fotografa\/#breadcrumb\",\"itemListElement\":[{\"@type\":\"ListItem\",\"position\":1,\"name\":\"Strona g\u0142\u00f3wna\",\"item\":\"https:\/\/zs.gromnik.pl\/zs\/\"},{\"@type\":\"ListItem\",\"position\":2,\"name\":\"PRZEDSZKOLAKI POZNAJ\u0104 ZAW\u00d3D FOTOGRAFA\"}]},{\"@type\":\"WebSite\",\"@id\":\"https:\/\/zs.gromnik.pl\/zs\/#website\",\"url\":\"https:\/\/zs.gromnik.pl\/zs\/\",\"name\":\"Zesp\u00f3\u0142 Szk\u00f3\u0142 w Gromniku\",\"description\":\"\",\"potentialAction\":[{\"@type\":\"SearchAction\",\"target\":{\"@type\":\"EntryPoint\",\"urlTemplate\":\"https:\/\/zs.gromnik.pl\/zs\/?s={search_term_string}\"},\"query-input\":\"required name=search_term_string\"}],\"inLanguage\":\"pl-PL\"},{\"@type\":\"Person\",\"@id\":\"https:\/\/zs.gromnik.pl\/zs\/#\/schema\/person\/7fb2b24b90f39dede6a6b1ad809c8871\",\"name\":\"Barbara Kubicz\",\"image\":{\"@type\":\"ImageObject\",\"inLanguage\":\"pl-PL\",\"@id\":\"https:\/\/zs.gromnik.pl\/zs\/#\/schema\/person\/image\/\",\"url\":\"http:\/\/2.gravatar.com\/avatar\/2148a1c13395e11280a430e7a86ac24a?s=96&d=mm&r=g\",\"contentUrl\":\"http:\/\/2.gravatar.com\/avatar\/2148a1c13395e11280a430e7a86ac24a?s=96&d=mm&r=g\",\"caption\":\"Barbara Kubicz\"},\"url\":\"http:\/\/zs.gromnik.pl\/zs\/author\/bkubicz\/\"}]}<\/script>\n<!-- \/ Yoast SEO plugin. -->","yoast_head_json":{"title":"PRZEDSZKOLAKI POZNAJ\u0104 ZAW\u00d3D FOTOGRAFA - Zesp\u00f3\u0142 Szk\u00f3\u0142 w Gromniku","description":"Zesp\u00f3\u0142 Szk\u00f3\u0142 w Gromniku","robots":{"index":"index","follow":"follow","max-snippet":"max-snippet:-1","max-image-preview":"max-image-preview:large","max-video-preview":"max-video-preview:-1"},"canonical":"http:\/\/zs.gromnik.pl\/zs\/przedszkolaki-poznaja-zawod-fotografa\/","og_locale":"pl_PL","og_type":"article","og_title":"PRZEDSZKOLAKI POZNAJ\u0104 ZAW\u00d3D FOTOGRAFA - Zesp\u00f3\u0142 Szk\u00f3\u0142 w Gromniku","og_description":"Zesp\u00f3\u0142 Szk\u00f3\u0142 w Gromniku","og_url":"http:\/\/zs.gromnik.pl\/zs\/przedszkolaki-poznaja-zawod-fotografa\/","og_site_name":"Zesp\u00f3\u0142 Szk\u00f3\u0142 w Gromniku","article_publisher":"https:\/\/www.facebook.com\/zsgromnik","article_published_time":"2023-04-02T21:06:05+00:00","article_modified_time":"2023-04-05T19:00:40+00:00","og_image":[{"width":1024,"height":819,"url":"http:\/\/zs.gromnik.pl\/zs\/wp-content\/uploads\/2023\/04\/Projekt-bez-tytulu2-1-1024x819.png","type":"image\/png"}],"author":"Barbara Kubicz","twitter_card":"summary_large_image","twitter_misc":{"Napisane przez":"Barbara Kubicz","Szacowany czas czytania":"1 minuta"},"schema":{"@context":"https:\/\/schema.org","@graph":[{"@type":"WebPage","@id":"http:\/\/zs.gromnik.pl\/zs\/przedszkolaki-poznaja-zawod-fotografa\/","url":"http:\/\/zs.gromnik.pl\/zs\/przedszkolaki-poznaja-zawod-fotografa\/","name":"PRZEDSZKOLAKI POZNAJ\u0104 ZAW\u00d3D FOTOGRAFA - Zesp\u00f3\u0142 Szk\u00f3\u0142 w Gromniku","isPartOf":{"@id":"https:\/\/zs.gromnik.pl\/zs\/#website"},"datePublished":"2023-04-02T21:06:05+00:00","dateModified":"2023-04-05T19:00:40+00:00","author":{"@id":"https:\/\/zs.gromnik.pl\/zs\/#\/schema\/person\/7fb2b24b90f39dede6a6b1ad809c8871"},"description":"Zesp\u00f3\u0142 Szk\u00f3\u0142 w Gromniku","breadcrumb":{"@id":"http:\/\/zs.gromnik.pl\/zs\/przedszkolaki-poznaja-zawod-fotografa\/#breadcrumb"},"inLanguage":"pl-PL","potentialAction":[{"@type":"ReadAction","target":["http:\/\/zs.gromnik.pl\/zs\/przedszkolaki-poznaja-zawod-fotografa\/"]}]},{"@type":"BreadcrumbList","@id":"http:\/\/zs.gromnik.pl\/zs\/przedszkolaki-poznaja-zawod-fotografa\/#breadcrumb","itemListElement":[{"@type":"ListItem","position":1,"name":"Strona g\u0142\u00f3wna","item":"https:\/\/zs.gromnik.pl\/zs\/"},{"@type":"ListItem","position":2,"name":"PRZEDSZKOLAKI POZNAJ\u0104 ZAW\u00d3D FOTOGRAFA"}]},{"@type":"WebSite","@id":"https:\/\/zs.gromnik.pl\/zs\/#website","url":"https:\/\/zs.gromnik.pl\/zs\/","name":"Zesp\u00f3\u0142 Szk\u00f3\u0142 w Gromniku","description":"","potentialAction":[{"@type":"SearchAction","target":{"@type":"EntryPoint","urlTemplate":"https:\/\/zs.gromnik.pl\/zs\/?s={search_term_string}"},"query-input":"required name=search_term_string"}],"inLanguage":"pl-PL"},{"@type":"Person","@id":"https:\/\/zs.gromnik.pl\/zs\/#\/schema\/person\/7fb2b24b90f39dede6a6b1ad809c8871","name":"Barbara Kubicz","image":{"@type":"ImageObject","inLanguage":"pl-PL","@id":"https:\/\/zs.gromnik.pl\/zs\/#\/schema\/person\/image\/","url":"http:\/\/2.gravatar.com\/avatar\/2148a1c13395e11280a430e7a86ac24a?s=96&d=mm&r=g","contentUrl":"http:\/\/2.gravatar.com\/avatar\/2148a1c13395e11280a430e7a86ac24a?s=96&d=mm&r=g","caption":"Barbara Kubicz"},"url":"http:\/\/zs.gromnik.pl\/zs\/author\/bkubicz\/"}]}},"_links":{"self":[{"href":"http:\/\/zs.gromnik.pl\/zs\/wp-json\/wp\/v2\/posts\/12848"}],"collection":[{"href":"http:\/\/zs.gromnik.pl\/zs\/wp-json\/wp\/v2\/posts"}],"about":[{"href":"http:\/\/zs.gromnik.pl\/zs\/wp-json\/wp\/v2\/types\/post"}],"author":[{"embeddable":true,"href":"http:\/\/zs.gromnik.pl\/zs\/wp-json\/wp\/v2\/users\/7"}],"replies":[{"embeddable":true,"href":"http:\/\/zs.gromnik.pl\/zs\/wp-json\/wp\/v2\/comments?post=12848"}],"version-history":[{"count":4,"href":"http:\/\/zs.gromnik.pl\/zs\/wp-json\/wp\/v2\/posts\/12848\/revisions"}],"predecessor-version":[{"id":12878,"href":"http:\/\/zs.gromnik.pl\/zs\/wp-json\/wp\/v2\/posts\/12848\/revisions\/12878"}],"wp:featuredmedia":[{"embeddable":true,"href":"http:\/\/zs.gromnik.pl\/zs\/wp-json\/wp\/v2\/media\/12864"}],"wp:attachment":[{"href":"http:\/\/zs.gromnik.pl\/zs\/wp-json\/wp\/v2\/media?parent=12848"}],"wp:term":[{"taxonomy":"category","embeddable":true,"href":"http:\/\/zs.gromnik.pl\/zs\/wp-json\/wp\/v2\/categories?post=12848"},{"taxonomy":"post_tag","embeddable":true,"href":"http:\/\/zs.gromnik.pl\/zs\/wp-json\/wp\/v2\/tags?post=12848"}],"curies":[{"name":"wp","href":"https:\/\/api.w.org\/{rel}","templated":true}]}}