{"id":12880,"date":"2023-04-16T07:47:06","date_gmt":"2023-04-16T05:47:06","guid":{"rendered":"http:\/\/zs.gromnik.pl\/zs\/?p=12880"},"modified":"2023-04-16T07:53:48","modified_gmt":"2023-04-16T05:53:48","slug":"historyczny-sukces-naszych-druzyn-siatkarskich","status":"publish","type":"post","link":"http:\/\/zs.gromnik.pl\/zs\/historyczny-sukces-naszych-druzyn-siatkarskich\/","title":{"rendered":"Historyczny sukces naszych dru\u017cyn siatkarskich"},"content":{"rendered":"\t\t<div data-elementor-type=\"wp-post\" data-elementor-id=\"12880\" class=\"elementor elementor-12880\">\n\t\t\t\t\t\t\t\t\t<section class=\"elementor-section elementor-top-section elementor-element elementor-element-2473a82 elementor-section-boxed elementor-section-height-default elementor-section-height-default\" data-id=\"2473a82\" data-element_type=\"section\">\n\t\t\t\t\t\t<div class=\"elementor-container elementor-column-gap-default\">\n\t\t\t\t\t<div class=\"elementor-column elementor-col-100 elementor-top-column elementor-element elementor-element-f587b8e\" data-id=\"f587b8e\" data-element_type=\"column\">\n\t\t\t<div class=\"elementor-widget-wrap elementor-element-populated\">\n\t\t\t\t\t\t\t\t<div class=\"elementor-element elementor-element-887198b elementor-widget elementor-widget-text-editor\" data-id=\"887198b\" data-element_type=\"widget\" data-widget_type=\"text-editor.default\">\n\t\t\t\t<div class=\"elementor-widget-container\">\n\t\t\t\t\t\t\t<p>Trzy z\u0142ota i jedno srebro. Tak w skr\u00f3cie mo\u017cna opisa\u0107 osi\u0105gni\u0119cia w pi\u0142ce siatkowej uczni\u00f3w naszej szko\u0142y. Po awansach do fina\u0142\u00f3w powiatowych celem naszych siatkarek i siatkarzy\u00a0 by\u0142o wywalczenie mistrzostwa powiatu i uzyskanie prawa gry w zawodach rejonowych (p\u00f3\u0142fina\u0142ach wojew\u00f3dzkich). Trzeba przyzna\u0107, \u017ce wyniki, kt\u00f3re osi\u0105gn\u0119li nasi uczniowie przeros\u0142y naj\u015bmielsze oczekiwania. Z czterech turniej\u00f3w fina\u0142owych, a\u017c trzy zako\u0144czy\u0142y si\u0119 zwyci\u0119stwem i prawem gry w dalszym etapie rozgrywek. To jedno \u201eniepowodzenie\u201d to tytu\u0142 wicemistrzowski wywalczony przez dziewczynki z klas IV-VI, kt\u00f3ry spokojnie mo\u017cna okre\u015bli\u0107 mianem \u201edu\u017cego osi\u0105gni\u0119cia\u201d.<\/p><p>Na tym nie sko\u0144czy\u0142y si\u0119 sukcesy naszych uczni\u00f3w. W zawodach rejonowych, kt\u00f3re s\u0105 de facto p\u00f3\u0142fina\u0142ami wojew\u00f3dzkimi, wszystkie dru\u017cyny, czyli ch\u0142opcy z klas IV \u2013 VI oraz dziewcz\u0119ta i ch\u0142opcy z klas VII &#8211;\u00a0 VIII zaj\u0119li drugie lokaty. Lepsze w tych rozgrywkach okaza\u0142y si\u0119 tylko szko\u0142y z Brzeska i Tarnowa, kt\u00f3re specjalizuj\u0105 si\u0119 w pi\u0142ce siatkowej.<\/p><p>\u00a0\u00a0\u00a0\u00a0\u00a0\u00a0\u00a0\u00a0\u00a0\u00a0\u00a0 Warto wspomnie\u0107, \u017ce jedne z zawod\u00f3w rejonowych, w ramach Igrzysk Dzieci odby\u0142y si\u0119 na hali sportowej w naszej szkole. By\u0142o to mo\u017cliwe dzi\u0119ki \u017cyczliwo\u015bci Rejonowego Organizatora Sportu i v-ce prezesa Ma\u0142opolskiego Szkolnego Zwi\u0105zku Sportowego w Tarnowie P. Marka Ma\u0142ka.<\/p>\t\t\t\t\t\t<\/div>\n\t\t\t\t<\/div>\n\t\t\t\t\t<\/div>\n\t\t<\/div>\n\t\t\t\t\t\t\t<\/div>\n\t\t<\/section>\n\t\t\t\t<section class=\"elementor-section elementor-top-section elementor-element elementor-element-aa299a3 elementor-section-boxed elementor-section-height-default elementor-section-height-default\" data-id=\"aa299a3\" data-element_type=\"section\">\n\t\t\t\t\t\t<div class=\"elementor-container elementor-column-gap-default\">\n\t\t\t\t\t<div class=\"elementor-column elementor-col-100 elementor-top-column elementor-element elementor-element-acd6564\" data-id=\"acd6564\" data-element_type=\"column\">\n\t\t\t<div class=\"elementor-widget-wrap elementor-element-populated\">\n\t\t\t\t\t\t\t\t<div class=\"elementor-element elementor-element-98cbf64 elementor-widget elementor-widget-image-gallery\" data-id=\"98cbf64\" data-element_type=\"widget\" data-widget_type=\"image-gallery.default\">\n\t\t\t\t<div class=\"elementor-widget-container\">\n\t\t\t\t\t<div class=\"elementor-image-gallery\">\n\t\t\t<div id='gallery-1' class='gallery galleryid-12880 gallery-columns-4 gallery-size-thumbnail'><figure class='gallery-item'>\n\t\t\t<div class='gallery-icon landscape'>\n\t\t\t\t<a data-elementor-open-lightbox=\"yes\" data-elementor-lightbox-slideshow=\"98cbf64\" data-elementor-lightbox-title=\"328720266_1255636008386887_8264286519872468514_n\" e-action-hash=\"#elementor-action%3Aaction%3Dlightbox%26settings%3DeyJpZCI6MTI4ODIsInVybCI6Imh0dHA6XC9cL3pzLmdyb21uaWsucGxcL3pzXC93cC1jb250ZW50XC91cGxvYWRzXC8yMDIzXC8wNFwvMzI4NzIwMjY2XzEyNTU2MzYwMDgzODY4ODdfODI2NDI4NjUxOTg3MjQ2ODUxNF9uLmpwZyIsInNsaWRlc2hvdyI6Ijk4Y2JmNjQifQ%3D%3D\" href='http:\/\/zs.gromnik.pl\/zs\/wp-content\/uploads\/2023\/04\/328720266_1255636008386887_8264286519872468514_n.jpg'><img width=\"150\" height=\"150\" src=\"http:\/\/zs.gromnik.pl\/zs\/wp-content\/uploads\/2023\/04\/328720266_1255636008386887_8264286519872468514_n-150x150.jpg\" class=\"attachment-thumbnail size-thumbnail\" alt=\"\" loading=\"lazy\" srcset=\"http:\/\/zs.gromnik.pl\/zs\/wp-content\/uploads\/2023\/04\/328720266_1255636008386887_8264286519872468514_n-150x150.jpg 150w, http:\/\/zs.gromnik.pl\/zs\/wp-content\/uploads\/2023\/04\/328720266_1255636008386887_8264286519872468514_n-300x300.jpg 300w, http:\/\/zs.gromnik.pl\/zs\/wp-content\/uploads\/2023\/04\/328720266_1255636008386887_8264286519872468514_n-75x75.jpg 75w\" sizes=\"(max-width: 150px) 100vw, 150px\" \/><\/a>\n\t\t\t<\/div><\/figure><figure class='gallery-item'>\n\t\t\t<div class='gallery-icon landscape'>\n\t\t\t\t<a data-elementor-open-lightbox=\"yes\" data-elementor-lightbox-slideshow=\"98cbf64\" data-elementor-lightbox-title=\"330392136_169520312539928_7243278835226240051_n\" e-action-hash=\"#elementor-action%3Aaction%3Dlightbox%26settings%3DeyJpZCI6MTI4ODMsInVybCI6Imh0dHA6XC9cL3pzLmdyb21uaWsucGxcL3pzXC93cC1jb250ZW50XC91cGxvYWRzXC8yMDIzXC8wNFwvMzMwMzkyMTM2XzE2OTUyMDMxMjUzOTkyOF83MjQzMjc4ODM1MjI2MjQwMDUxX24uanBnIiwic2xpZGVzaG93IjoiOThjYmY2NCJ9\" href='http:\/\/zs.gromnik.pl\/zs\/wp-content\/uploads\/2023\/04\/330392136_169520312539928_7243278835226240051_n.jpg'><img width=\"150\" height=\"150\" src=\"http:\/\/zs.gromnik.pl\/zs\/wp-content\/uploads\/2023\/04\/330392136_169520312539928_7243278835226240051_n-150x150.jpg\" class=\"attachment-thumbnail size-thumbnail\" alt=\"\" loading=\"lazy\" srcset=\"http:\/\/zs.gromnik.pl\/zs\/wp-content\/uploads\/2023\/04\/330392136_169520312539928_7243278835226240051_n-150x150.jpg 150w, http:\/\/zs.gromnik.pl\/zs\/wp-content\/uploads\/2023\/04\/330392136_169520312539928_7243278835226240051_n-300x300.jpg 300w, http:\/\/zs.gromnik.pl\/zs\/wp-content\/uploads\/2023\/04\/330392136_169520312539928_7243278835226240051_n-75x75.jpg 75w\" sizes=\"(max-width: 150px) 100vw, 150px\" \/><\/a>\n\t\t\t<\/div><\/figure><figure class='gallery-item'>\n\t\t\t<div class='gallery-icon landscape'>\n\t\t\t\t<a data-elementor-open-lightbox=\"yes\" data-elementor-lightbox-slideshow=\"98cbf64\" data-elementor-lightbox-title=\"335647110_227172333154872_530225237552793465_n\" e-action-hash=\"#elementor-action%3Aaction%3Dlightbox%26settings%3DeyJpZCI6MTI4ODQsInVybCI6Imh0dHA6XC9cL3pzLmdyb21uaWsucGxcL3pzXC93cC1jb250ZW50XC91cGxvYWRzXC8yMDIzXC8wNFwvMzM1NjQ3MTEwXzIyNzE3MjMzMzE1NDg3Ml81MzAyMjUyMzc1NTI3OTM0NjVfbi5qcGciLCJzbGlkZXNob3ciOiI5OGNiZjY0In0%3D\" href='http:\/\/zs.gromnik.pl\/zs\/wp-content\/uploads\/2023\/04\/335647110_227172333154872_530225237552793465_n.jpg'><img width=\"150\" height=\"150\" src=\"http:\/\/zs.gromnik.pl\/zs\/wp-content\/uploads\/2023\/04\/335647110_227172333154872_530225237552793465_n-150x150.jpg\" class=\"attachment-thumbnail size-thumbnail\" alt=\"\" loading=\"lazy\" srcset=\"http:\/\/zs.gromnik.pl\/zs\/wp-content\/uploads\/2023\/04\/335647110_227172333154872_530225237552793465_n-150x150.jpg 150w, http:\/\/zs.gromnik.pl\/zs\/wp-content\/uploads\/2023\/04\/335647110_227172333154872_530225237552793465_n-300x300.jpg 300w, http:\/\/zs.gromnik.pl\/zs\/wp-content\/uploads\/2023\/04\/335647110_227172333154872_530225237552793465_n-75x75.jpg 75w\" sizes=\"(max-width: 150px) 100vw, 150px\" \/><\/a>\n\t\t\t<\/div><\/figure><figure class='gallery-item'>\n\t\t\t<div class='gallery-icon landscape'>\n\t\t\t\t<a data-elementor-open-lightbox=\"yes\" data-elementor-lightbox-slideshow=\"98cbf64\" data-elementor-lightbox-title=\"336799752_762928681890406_911185656039712579_n\" e-action-hash=\"#elementor-action%3Aaction%3Dlightbox%26settings%3DeyJpZCI6MTI4ODUsInVybCI6Imh0dHA6XC9cL3pzLmdyb21uaWsucGxcL3pzXC93cC1jb250ZW50XC91cGxvYWRzXC8yMDIzXC8wNFwvMzM2Nzk5NzUyXzc2MjkyODY4MTg5MDQwNl85MTExODU2NTYwMzk3MTI1Nzlfbi5qcGciLCJzbGlkZXNob3ciOiI5OGNiZjY0In0%3D\" href='http:\/\/zs.gromnik.pl\/zs\/wp-content\/uploads\/2023\/04\/336799752_762928681890406_911185656039712579_n.jpg'><img width=\"150\" height=\"150\" src=\"http:\/\/zs.gromnik.pl\/zs\/wp-content\/uploads\/2023\/04\/336799752_762928681890406_911185656039712579_n-150x150.jpg\" class=\"attachment-thumbnail size-thumbnail\" alt=\"\" loading=\"lazy\" srcset=\"http:\/\/zs.gromnik.pl\/zs\/wp-content\/uploads\/2023\/04\/336799752_762928681890406_911185656039712579_n-150x150.jpg 150w, http:\/\/zs.gromnik.pl\/zs\/wp-content\/uploads\/2023\/04\/336799752_762928681890406_911185656039712579_n-300x300.jpg 300w, http:\/\/zs.gromnik.pl\/zs\/wp-content\/uploads\/2023\/04\/336799752_762928681890406_911185656039712579_n-75x75.jpg 75w\" sizes=\"(max-width: 150px) 100vw, 150px\" \/><\/a>\n\t\t\t<\/div><\/figure>\n\t\t<\/div>\n\t\t<\/div>\n\t\t\t\t<\/div>\n\t\t\t\t<\/div>\n\t\t\t\t\t<\/div>\n\t\t<\/div>\n\t\t\t\t\t\t\t<\/div>\n\t\t<\/section>\n\t\t\t\t\t\t\t<\/div>\n\t\t","protected":false},"excerpt":{"rendered":"<p>Trzy z\u0142ota i jedno srebro. Tak w skr\u00f3cie mo\u017cna opisa\u0107 osi\u0105gni\u0119cia w pi\u0142ce siatkowej uczni\u00f3w naszej szko\u0142y. Po awansach do fina\u0142\u00f3w powiatowych celem naszych siatkarek i siatkarzy\u00a0 by\u0142o wywalczenie mistrzostwa powiatu i uzyskanie prawa gry w zawodach rejonowych (p\u00f3\u0142fina\u0142ach wojew\u00f3dzkich). Trzeba przyzna\u0107, \u017ce wyniki, kt\u00f3re osi\u0105gn\u0119li nasi uczniowie przeros\u0142y naj\u015bmielsze oczekiwania. Z czterech turniej\u00f3w fina\u0142owych, a\u017c trzy zako\u0144czy\u0142y si\u0119 zwyci\u0119stwem i prawem gry w dalszym etapie rozgrywek. To jedno \u201eniepowodzenie\u201d to tytu\u0142 wicemistrzowski wywalczony przez dziewczynki z klas IV-VI, kt\u00f3ry spokojnie mo\u017cna okre\u015bli\u0107 mianem \u201edu\u017cego osi\u0105gni\u0119cia\u201d. Na tym nie sko\u0144czy\u0142y si\u0119 sukcesy naszych uczni\u00f3w. W zawodach rejonowych, kt\u00f3re s\u0105 de facto p\u00f3\u0142fina\u0142ami wojew\u00f3dzkimi, wszystkie dru\u017cyny, czyli ch\u0142opcy z klas IV \u2013 VI oraz dziewcz\u0119ta i ch\u0142opcy z klas VII &#8211;\u00a0 VIII zaj\u0119li drugie lokaty. Lepsze w tych rozgrywkach okaza\u0142y si\u0119 tylko szko\u0142y z Brzeska i Tarnowa, kt\u00f3re specjalizuj\u0105 si\u0119 w pi\u0142ce siatkowej. \u00a0\u00a0\u00a0\u00a0\u00a0\u00a0\u00a0\u00a0\u00a0\u00a0\u00a0 Warto wspomnie\u0107, \u017ce jedne z zawod\u00f3w rejonowych, w ramach Igrzysk Dzieci odby\u0142y si\u0119 na hali sportowej w naszej szkole. By\u0142o to mo\u017cliwe dzi\u0119ki \u017cyczliwo\u015bci Rejonowego Organizatora Sportu i v-ce prezesa Ma\u0142opolskiego Szkolnego Zwi\u0105zku Sportowego w Tarnowie P. Marka Ma\u0142ka.<\/p>\n","protected":false},"author":1,"featured_media":12886,"comment_status":"closed","ping_status":"open","sticky":false,"template":"","format":"standard","meta":[],"categories":[3],"tags":[],"yoast_head":"<!-- This site is optimized with the Yoast SEO plugin v19.8 - https:\/\/yoast.com\/wordpress\/plugins\/seo\/ -->\n<title>Historyczny sukces naszych dru\u017cyn siatkarskich - Zesp\u00f3\u0142 Szk\u00f3\u0142 w Gromniku<\/title>\n<meta name=\"description\" content=\"Zesp\u00f3\u0142 Szk\u00f3\u0142 w Gromniku\" \/>\n<meta name=\"robots\" content=\"index, follow, max-snippet:-1, max-image-preview:large, max-video-preview:-1\" \/>\n<link rel=\"canonical\" href=\"http:\/\/zs.gromnik.pl\/zs\/historyczny-sukces-naszych-druzyn-siatkarskich\/\" \/>\n<meta property=\"og:locale\" content=\"pl_PL\" \/>\n<meta property=\"og:type\" content=\"article\" \/>\n<meta property=\"og:title\" content=\"Historyczny sukces naszych dru\u017cyn siatkarskich - Zesp\u00f3\u0142 Szk\u00f3\u0142 w Gromniku\" \/>\n<meta property=\"og:description\" content=\"Zesp\u00f3\u0142 Szk\u00f3\u0142 w Gromniku\" \/>\n<meta property=\"og:url\" content=\"http:\/\/zs.gromnik.pl\/zs\/historyczny-sukces-naszych-druzyn-siatkarskich\/\" \/>\n<meta property=\"og:site_name\" content=\"Zesp\u00f3\u0142 Szk\u00f3\u0142 w Gromniku\" \/>\n<meta property=\"article:publisher\" content=\"https:\/\/www.facebook.com\/zsgromnik\" \/>\n<meta property=\"article:published_time\" content=\"2023-04-16T05:47:06+00:00\" \/>\n<meta property=\"article:modified_time\" content=\"2023-04-16T05:53:48+00:00\" \/>\n<meta property=\"og:image\" content=\"http:\/\/zs.gromnik.pl\/zs\/wp-content\/uploads\/2023\/04\/43.jpg\" \/>\n\t<meta property=\"og:image:width\" content=\"500\" \/>\n\t<meta property=\"og:image:height\" content=\"297\" \/>\n\t<meta property=\"og:image:type\" content=\"image\/jpeg\" \/>\n<meta name=\"author\" content=\"admin\" \/>\n<meta name=\"twitter:card\" content=\"summary_large_image\" \/>\n<meta name=\"twitter:label1\" content=\"Napisane przez\" \/>\n\t<meta name=\"twitter:data1\" content=\"admin\" \/>\n\t<meta name=\"twitter:label2\" content=\"Szacowany czas czytania\" \/>\n\t<meta name=\"twitter:data2\" content=\"1 minuta\" \/>\n<script type=\"application\/ld+json\" class=\"yoast-schema-graph\">{\"@context\":\"https:\/\/schema.org\",\"@graph\":[{\"@type\":\"WebPage\",\"@id\":\"http:\/\/zs.gromnik.pl\/zs\/historyczny-sukces-naszych-druzyn-siatkarskich\/\",\"url\":\"http:\/\/zs.gromnik.pl\/zs\/historyczny-sukces-naszych-druzyn-siatkarskich\/\",\"name\":\"Historyczny sukces naszych dru\u017cyn siatkarskich - Zesp\u00f3\u0142 Szk\u00f3\u0142 w Gromniku\",\"isPartOf\":{\"@id\":\"https:\/\/zs.gromnik.pl\/zs\/#website\"},\"datePublished\":\"2023-04-16T05:47:06+00:00\",\"dateModified\":\"2023-04-16T05:53:48+00:00\",\"author\":{\"@id\":\"https:\/\/zs.gromnik.pl\/zs\/#\/schema\/person\/b197900f67c6133faddc284ae32f97ca\"},\"description\":\"Zesp\u00f3\u0142 Szk\u00f3\u0142 w Gromniku\",\"breadcrumb\":{\"@id\":\"http:\/\/zs.gromnik.pl\/zs\/historyczny-sukces-naszych-druzyn-siatkarskich\/#breadcrumb\"},\"inLanguage\":\"pl-PL\",\"potentialAction\":[{\"@type\":\"ReadAction\",\"target\":[\"http:\/\/zs.gromnik.pl\/zs\/historyczny-sukces-naszych-druzyn-siatkarskich\/\"]}]},{\"@type\":\"BreadcrumbList\",\"@id\":\"http:\/\/zs.gromnik.pl\/zs\/historyczny-sukces-naszych-druzyn-siatkarskich\/#breadcrumb\",\"itemListElement\":[{\"@type\":\"ListItem\",\"position\":1,\"name\":\"Strona g\u0142\u00f3wna\",\"item\":\"https:\/\/zs.gromnik.pl\/zs\/\"},{\"@type\":\"ListItem\",\"position\":2,\"name\":\"Historyczny sukces naszych dru\u017cyn siatkarskich\"}]},{\"@type\":\"WebSite\",\"@id\":\"https:\/\/zs.gromnik.pl\/zs\/#website\",\"url\":\"https:\/\/zs.gromnik.pl\/zs\/\",\"name\":\"Zesp\u00f3\u0142 Szk\u00f3\u0142 w Gromniku\",\"description\":\"\",\"potentialAction\":[{\"@type\":\"SearchAction\",\"target\":{\"@type\":\"EntryPoint\",\"urlTemplate\":\"https:\/\/zs.gromnik.pl\/zs\/?s={search_term_string}\"},\"query-input\":\"required name=search_term_string\"}],\"inLanguage\":\"pl-PL\"},{\"@type\":\"Person\",\"@id\":\"https:\/\/zs.gromnik.pl\/zs\/#\/schema\/person\/b197900f67c6133faddc284ae32f97ca\",\"name\":\"admin\",\"image\":{\"@type\":\"ImageObject\",\"inLanguage\":\"pl-PL\",\"@id\":\"https:\/\/zs.gromnik.pl\/zs\/#\/schema\/person\/image\/\",\"url\":\"http:\/\/0.gravatar.com\/avatar\/f8a2f876dbcc8c8edd809a8ca77a2abe?s=96&d=mm&r=g\",\"contentUrl\":\"http:\/\/0.gravatar.com\/avatar\/f8a2f876dbcc8c8edd809a8ca77a2abe?s=96&d=mm&r=g\",\"caption\":\"admin\"},\"url\":\"http:\/\/zs.gromnik.pl\/zs\/author\/admin\/\"}]}<\/script>\n<!-- \/ Yoast SEO plugin. -->","yoast_head_json":{"title":"Historyczny sukces naszych dru\u017cyn siatkarskich - Zesp\u00f3\u0142 Szk\u00f3\u0142 w Gromniku","description":"Zesp\u00f3\u0142 Szk\u00f3\u0142 w Gromniku","robots":{"index":"index","follow":"follow","max-snippet":"max-snippet:-1","max-image-preview":"max-image-preview:large","max-video-preview":"max-video-preview:-1"},"canonical":"http:\/\/zs.gromnik.pl\/zs\/historyczny-sukces-naszych-druzyn-siatkarskich\/","og_locale":"pl_PL","og_type":"article","og_title":"Historyczny sukces naszych dru\u017cyn siatkarskich - Zesp\u00f3\u0142 Szk\u00f3\u0142 w Gromniku","og_description":"Zesp\u00f3\u0142 Szk\u00f3\u0142 w Gromniku","og_url":"http:\/\/zs.gromnik.pl\/zs\/historyczny-sukces-naszych-druzyn-siatkarskich\/","og_site_name":"Zesp\u00f3\u0142 Szk\u00f3\u0142 w Gromniku","article_publisher":"https:\/\/www.facebook.com\/zsgromnik","article_published_time":"2023-04-16T05:47:06+00:00","article_modified_time":"2023-04-16T05:53:48+00:00","og_image":[{"width":500,"height":297,"url":"http:\/\/zs.gromnik.pl\/zs\/wp-content\/uploads\/2023\/04\/43.jpg","type":"image\/jpeg"}],"author":"admin","twitter_card":"summary_large_image","twitter_misc":{"Napisane przez":"admin","Szacowany czas czytania":"1 minuta"},"schema":{"@context":"https:\/\/schema.org","@graph":[{"@type":"WebPage","@id":"http:\/\/zs.gromnik.pl\/zs\/historyczny-sukces-naszych-druzyn-siatkarskich\/","url":"http:\/\/zs.gromnik.pl\/zs\/historyczny-sukces-naszych-druzyn-siatkarskich\/","name":"Historyczny sukces naszych dru\u017cyn siatkarskich - Zesp\u00f3\u0142 Szk\u00f3\u0142 w Gromniku","isPartOf":{"@id":"https:\/\/zs.gromnik.pl\/zs\/#website"},"datePublished":"2023-04-16T05:47:06+00:00","dateModified":"2023-04-16T05:53:48+00:00","author":{"@id":"https:\/\/zs.gromnik.pl\/zs\/#\/schema\/person\/b197900f67c6133faddc284ae32f97ca"},"description":"Zesp\u00f3\u0142 Szk\u00f3\u0142 w Gromniku","breadcrumb":{"@id":"http:\/\/zs.gromnik.pl\/zs\/historyczny-sukces-naszych-druzyn-siatkarskich\/#breadcrumb"},"inLanguage":"pl-PL","potentialAction":[{"@type":"ReadAction","target":["http:\/\/zs.gromnik.pl\/zs\/historyczny-sukces-naszych-druzyn-siatkarskich\/"]}]},{"@type":"BreadcrumbList","@id":"http:\/\/zs.gromnik.pl\/zs\/historyczny-sukces-naszych-druzyn-siatkarskich\/#breadcrumb","itemListElement":[{"@type":"ListItem","position":1,"name":"Strona g\u0142\u00f3wna","item":"https:\/\/zs.gromnik.pl\/zs\/"},{"@type":"ListItem","position":2,"name":"Historyczny sukces naszych dru\u017cyn siatkarskich"}]},{"@type":"WebSite","@id":"https:\/\/zs.gromnik.pl\/zs\/#website","url":"https:\/\/zs.gromnik.pl\/zs\/","name":"Zesp\u00f3\u0142 Szk\u00f3\u0142 w Gromniku","description":"","potentialAction":[{"@type":"SearchAction","target":{"@type":"EntryPoint","urlTemplate":"https:\/\/zs.gromnik.pl\/zs\/?s={search_term_string}"},"query-input":"required name=search_term_string"}],"inLanguage":"pl-PL"},{"@type":"Person","@id":"https:\/\/zs.gromnik.pl\/zs\/#\/schema\/person\/b197900f67c6133faddc284ae32f97ca","name":"admin","image":{"@type":"ImageObject","inLanguage":"pl-PL","@id":"https:\/\/zs.gromnik.pl\/zs\/#\/schema\/person\/image\/","url":"http:\/\/0.gravatar.com\/avatar\/f8a2f876dbcc8c8edd809a8ca77a2abe?s=96&d=mm&r=g","contentUrl":"http:\/\/0.gravatar.com\/avatar\/f8a2f876dbcc8c8edd809a8ca77a2abe?s=96&d=mm&r=g","caption":"admin"},"url":"http:\/\/zs.gromnik.pl\/zs\/author\/admin\/"}]}},"_links":{"self":[{"href":"http:\/\/zs.gromnik.pl\/zs\/wp-json\/wp\/v2\/posts\/12880"}],"collection":[{"href":"http:\/\/zs.gromnik.pl\/zs\/wp-json\/wp\/v2\/posts"}],"about":[{"href":"http:\/\/zs.gromnik.pl\/zs\/wp-json\/wp\/v2\/types\/post"}],"author":[{"embeddable":true,"href":"http:\/\/zs.gromnik.pl\/zs\/wp-json\/wp\/v2\/users\/1"}],"replies":[{"embeddable":true,"href":"http:\/\/zs.gromnik.pl\/zs\/wp-json\/wp\/v2\/comments?post=12880"}],"version-history":[{"count":4,"href":"http:\/\/zs.gromnik.pl\/zs\/wp-json\/wp\/v2\/posts\/12880\/revisions"}],"predecessor-version":[{"id":12889,"href":"http:\/\/zs.gromnik.pl\/zs\/wp-json\/wp\/v2\/posts\/12880\/revisions\/12889"}],"wp:featuredmedia":[{"embeddable":true,"href":"http:\/\/zs.gromnik.pl\/zs\/wp-json\/wp\/v2\/media\/12886"}],"wp:attachment":[{"href":"http:\/\/zs.gromnik.pl\/zs\/wp-json\/wp\/v2\/media?parent=12880"}],"wp:term":[{"taxonomy":"category","embeddable":true,"href":"http:\/\/zs.gromnik.pl\/zs\/wp-json\/wp\/v2\/categories?post=12880"},{"taxonomy":"post_tag","embeddable":true,"href":"http:\/\/zs.gromnik.pl\/zs\/wp-json\/wp\/v2\/tags?post=12880"}],"curies":[{"name":"wp","href":"https:\/\/api.w.org\/{rel}","templated":true}]}}