{"id":14620,"date":"2023-12-05T14:06:07","date_gmt":"2023-12-05T13:06:07","guid":{"rendered":"http:\/\/zs.gromnik.pl\/zs\/?p=14620"},"modified":"2023-12-05T14:06:33","modified_gmt":"2023-12-05T13:06:33","slug":"juz-sa-czekaja-na-ciebie-czyli-podsumowanie-zakup%ef%bf%b3w-w-ramach-narodowego-programu-rozwoju-czytelnictwa-2-0","status":"publish","type":"post","link":"http:\/\/zs.gromnik.pl\/zs\/juz-sa-czekaja-na-ciebie-czyli-podsumowanie-zakup%ef%bf%b3w-w-ramach-narodowego-programu-rozwoju-czytelnictwa-2-0\/","title":{"rendered":"Ju\u017c s\u0105, czekaj\u0105 na Ciebie &#8211; czyli podsumowanie zakup\ufff3\u00f3w w ramach &#8222;Narodowego Programu Rozwoju Czytelnictwa 2.0&#8221;"},"content":{"rendered":"\n<p><\/p>\n\n\n\n<div class=\"wp-block-file\"><object class=\"wp-block-file__embed\" data=\"http:\/\/zs.gromnik.pl\/zs\/wp-content\/uploads\/2023\/12\/podsumowanie.pdf\" type=\"application\/pdf\" style=\"width:100%;height:600px\" aria-label=\"Osadzone z podsumowanie.\"><\/object><a id=\"wp-block-file--media-c1c151b4-e1be-427b-8c4f-4b78e670e795\" href=\"http:\/\/zs.gromnik.pl\/zs\/wp-content\/uploads\/2023\/12\/podsumowanie.pdf\" target=\"_blank\" rel=\"noreferrer noopener\">podsumowanie<\/a><\/div>\n\n\n\n<figure class=\"wp-container-2 wp-block-gallery-1 wp-block-gallery has-nested-images columns-default is-cropped\">\n<figure class=\"wp-block-image size-large\"><img loading=\"lazy\" width=\"2560\" height=\"1920\" data-id=\"14617\"  src=\"http:\/\/zs.gromnik.pl\/zs\/wp-content\/uploads\/2023\/12\/IMG_20231204_101427-scaled.jpg\" alt=\"\" class=\"wp-image-14617\" srcset=\"http:\/\/zs.gromnik.pl\/zs\/wp-content\/uploads\/2023\/12\/IMG_20231204_101427-scaled.jpg 2560w, http:\/\/zs.gromnik.pl\/zs\/wp-content\/uploads\/2023\/12\/IMG_20231204_101427-300x225.jpg 300w, http:\/\/zs.gromnik.pl\/zs\/wp-content\/uploads\/2023\/12\/IMG_20231204_101427-1024x768.jpg 1024w, http:\/\/zs.gromnik.pl\/zs\/wp-content\/uploads\/2023\/12\/IMG_20231204_101427-768x576.jpg 768w, http:\/\/zs.gromnik.pl\/zs\/wp-content\/uploads\/2023\/12\/IMG_20231204_101427-1536x1152.jpg 1536w, http:\/\/zs.gromnik.pl\/zs\/wp-content\/uploads\/2023\/12\/IMG_20231204_101427-2048x1536.jpg 2048w, http:\/\/zs.gromnik.pl\/zs\/wp-content\/uploads\/2023\/12\/IMG_20231204_101427-1140x855.jpg 1140w\" sizes=\"(max-width: 2560px) 100vw, 2560px\" \/><\/figure>\n\n\n\n<figure class=\"wp-block-image size-large\"><img loading=\"lazy\" width=\"2560\" height=\"1920\" data-id=\"14618\"  src=\"http:\/\/zs.gromnik.pl\/zs\/wp-content\/uploads\/2023\/12\/IMG_20231204_101105-scaled.jpg\" alt=\"\" class=\"wp-image-14618\" srcset=\"http:\/\/zs.gromnik.pl\/zs\/wp-content\/uploads\/2023\/12\/IMG_20231204_101105-scaled.jpg 2560w, http:\/\/zs.gromnik.pl\/zs\/wp-content\/uploads\/2023\/12\/IMG_20231204_101105-300x225.jpg 300w, http:\/\/zs.gromnik.pl\/zs\/wp-content\/uploads\/2023\/12\/IMG_20231204_101105-1024x768.jpg 1024w, http:\/\/zs.gromnik.pl\/zs\/wp-content\/uploads\/2023\/12\/IMG_20231204_101105-768x576.jpg 768w, http:\/\/zs.gromnik.pl\/zs\/wp-content\/uploads\/2023\/12\/IMG_20231204_101105-1536x1152.jpg 1536w, http:\/\/zs.gromnik.pl\/zs\/wp-content\/uploads\/2023\/12\/IMG_20231204_101105-2048x1536.jpg 2048w, http:\/\/zs.gromnik.pl\/zs\/wp-content\/uploads\/2023\/12\/IMG_20231204_101105-1140x855.jpg 1140w\" sizes=\"(max-width: 2560px) 100vw, 2560px\" \/><\/figure>\n\n\n\n<figure class=\"wp-block-image size-large\"><img loading=\"lazy\" width=\"2560\" height=\"1920\" data-id=\"14616\"  src=\"http:\/\/zs.gromnik.pl\/zs\/wp-content\/uploads\/2023\/12\/IMG_20231114_130929-scaled.jpg\" alt=\"\" class=\"wp-image-14616\" srcset=\"http:\/\/zs.gromnik.pl\/zs\/wp-content\/uploads\/2023\/12\/IMG_20231114_130929-scaled.jpg 2560w, http:\/\/zs.gromnik.pl\/zs\/wp-content\/uploads\/2023\/12\/IMG_20231114_130929-300x225.jpg 300w, http:\/\/zs.gromnik.pl\/zs\/wp-content\/uploads\/2023\/12\/IMG_20231114_130929-1024x768.jpg 1024w, http:\/\/zs.gromnik.pl\/zs\/wp-content\/uploads\/2023\/12\/IMG_20231114_130929-768x576.jpg 768w, http:\/\/zs.gromnik.pl\/zs\/wp-content\/uploads\/2023\/12\/IMG_20231114_130929-1536x1152.jpg 1536w, http:\/\/zs.gromnik.pl\/zs\/wp-content\/uploads\/2023\/12\/IMG_20231114_130929-2048x1536.jpg 2048w, http:\/\/zs.gromnik.pl\/zs\/wp-content\/uploads\/2023\/12\/IMG_20231114_130929-1140x855.jpg 1140w\" sizes=\"(max-width: 2560px) 100vw, 2560px\" \/><\/figure>\n\n\n\n<figure class=\"wp-block-image size-large\"><img loading=\"lazy\" width=\"2560\" height=\"1920\" data-id=\"14615\"  src=\"http:\/\/zs.gromnik.pl\/zs\/wp-content\/uploads\/2023\/12\/IMG_20231204_100418-scaled.jpg\" alt=\"\" class=\"wp-image-14615\" srcset=\"http:\/\/zs.gromnik.pl\/zs\/wp-content\/uploads\/2023\/12\/IMG_20231204_100418-scaled.jpg 2560w, http:\/\/zs.gromnik.pl\/zs\/wp-content\/uploads\/2023\/12\/IMG_20231204_100418-300x225.jpg 300w, http:\/\/zs.gromnik.pl\/zs\/wp-content\/uploads\/2023\/12\/IMG_20231204_100418-1024x768.jpg 1024w, http:\/\/zs.gromnik.pl\/zs\/wp-content\/uploads\/2023\/12\/IMG_20231204_100418-768x576.jpg 768w, http:\/\/zs.gromnik.pl\/zs\/wp-content\/uploads\/2023\/12\/IMG_20231204_100418-1536x1152.jpg 1536w, http:\/\/zs.gromnik.pl\/zs\/wp-content\/uploads\/2023\/12\/IMG_20231204_100418-2048x1536.jpg 2048w, http:\/\/zs.gromnik.pl\/zs\/wp-content\/uploads\/2023\/12\/IMG_20231204_100418-1140x855.jpg 1140w\" sizes=\"(max-width: 2560px) 100vw, 2560px\" \/><\/figure>\n\n\n\n<figure class=\"wp-block-image size-large\"><img loading=\"lazy\" width=\"2560\" height=\"1920\" data-id=\"14614\"  src=\"http:\/\/zs.gromnik.pl\/zs\/wp-content\/uploads\/2023\/12\/IMG_20231114_130605-scaled.jpg\" alt=\"\" class=\"wp-image-14614\" srcset=\"http:\/\/zs.gromnik.pl\/zs\/wp-content\/uploads\/2023\/12\/IMG_20231114_130605-scaled.jpg 2560w, http:\/\/zs.gromnik.pl\/zs\/wp-content\/uploads\/2023\/12\/IMG_20231114_130605-300x225.jpg 300w, http:\/\/zs.gromnik.pl\/zs\/wp-content\/uploads\/2023\/12\/IMG_20231114_130605-1024x768.jpg 1024w, http:\/\/zs.gromnik.pl\/zs\/wp-content\/uploads\/2023\/12\/IMG_20231114_130605-768x576.jpg 768w, http:\/\/zs.gromnik.pl\/zs\/wp-content\/uploads\/2023\/12\/IMG_20231114_130605-1536x1152.jpg 1536w, http:\/\/zs.gromnik.pl\/zs\/wp-content\/uploads\/2023\/12\/IMG_20231114_130605-2048x1536.jpg 2048w, http:\/\/zs.gromnik.pl\/zs\/wp-content\/uploads\/2023\/12\/IMG_20231114_130605-1140x855.jpg 1140w\" sizes=\"(max-width: 2560px) 100vw, 2560px\" \/><\/figure>\n<\/figure>\n","protected":false},"excerpt":{"rendered":"","protected":false},"author":1,"featured_media":14619,"comment_status":"closed","ping_status":"open","sticky":false,"template":"","format":"standard","meta":[],"categories":[3],"tags":[],"yoast_head":"<!-- This site is optimized with the Yoast SEO plugin v19.8 - https:\/\/yoast.com\/wordpress\/plugins\/seo\/ -->\n<title>Ju\u017c s\u0105, czekaj\u0105 na Ciebie - czyli podsumowanie zakup\ufff3\u00f3w w ramach &quot;Narodowego Programu Rozwoju Czytelnictwa 2.0&quot; - Zesp\u00f3\u0142 Szk\u00f3\u0142 w Gromniku<\/title>\n<meta name=\"description\" content=\"Zesp\u00f3\u0142 Szk\u00f3\u0142 w Gromniku\" \/>\n<meta name=\"robots\" content=\"index, follow, max-snippet:-1, max-image-preview:large, max-video-preview:-1\" \/>\n<link rel=\"canonical\" href=\"https:\/\/zs.gromnik.pl\/zs\/juz-sa-czekaja-na-ciebie-czyli-podsumowanie-zakup\ufff3w-w-ramach-narodowego-programu-rozwoju-czytelnictwa-2-0\/\" \/>\n<meta property=\"og:locale\" content=\"pl_PL\" \/>\n<meta property=\"og:type\" content=\"article\" \/>\n<meta property=\"og:title\" content=\"Ju\u017c s\u0105, czekaj\u0105 na Ciebie - czyli podsumowanie zakup\ufff3\u00f3w w ramach &quot;Narodowego Programu Rozwoju Czytelnictwa 2.0&quot; - Zesp\u00f3\u0142 Szk\u00f3\u0142 w Gromniku\" \/>\n<meta property=\"og:description\" content=\"Zesp\u00f3\u0142 Szk\u00f3\u0142 w Gromniku\" \/>\n<meta property=\"og:url\" content=\"https:\/\/zs.gromnik.pl\/zs\/juz-sa-czekaja-na-ciebie-czyli-podsumowanie-zakup\ufff3w-w-ramach-narodowego-programu-rozwoju-czytelnictwa-2-0\/\" \/>\n<meta property=\"og:site_name\" content=\"Zesp\u00f3\u0142 Szk\u00f3\u0142 w Gromniku\" \/>\n<meta property=\"article:publisher\" content=\"https:\/\/www.facebook.com\/zsgromnik\" \/>\n<meta property=\"article:published_time\" content=\"2023-12-05T13:06:07+00:00\" \/>\n<meta property=\"article:modified_time\" content=\"2023-12-05T13:06:33+00:00\" \/>\n<meta property=\"og:image\" content=\"https:\/\/zs.gromnik.pl\/zs\/wp-content\/uploads\/2023\/12\/5454.jpg\" \/>\n\t<meta property=\"og:image:width\" content=\"500\" \/>\n\t<meta property=\"og:image:height\" content=\"375\" \/>\n\t<meta property=\"og:image:type\" content=\"image\/jpeg\" \/>\n<meta name=\"author\" content=\"admin\" \/>\n<meta name=\"twitter:card\" content=\"summary_large_image\" \/>\n<meta name=\"twitter:label1\" content=\"Napisane przez\" \/>\n\t<meta name=\"twitter:data1\" content=\"admin\" \/>\n<script type=\"application\/ld+json\" class=\"yoast-schema-graph\">{\"@context\":\"https:\/\/schema.org\",\"@graph\":[{\"@type\":\"WebPage\",\"@id\":\"https:\/\/zs.gromnik.pl\/zs\/juz-sa-czekaja-na-ciebie-czyli-podsumowanie-zakup%ef%bf%b3w-w-ramach-narodowego-programu-rozwoju-czytelnictwa-2-0\/\",\"url\":\"https:\/\/zs.gromnik.pl\/zs\/juz-sa-czekaja-na-ciebie-czyli-podsumowanie-zakup%ef%bf%b3w-w-ramach-narodowego-programu-rozwoju-czytelnictwa-2-0\/\",\"name\":\"Ju\u017c s\u0105, czekaj\u0105 na Ciebie - czyli podsumowanie zakup\ufff3\u00f3w w ramach \\\"Narodowego Programu Rozwoju Czytelnictwa 2.0\\\" - Zesp\u00f3\u0142 Szk\u00f3\u0142 w Gromniku\",\"isPartOf\":{\"@id\":\"https:\/\/zs.gromnik.pl\/zs\/#website\"},\"datePublished\":\"2023-12-05T13:06:07+00:00\",\"dateModified\":\"2023-12-05T13:06:33+00:00\",\"author\":{\"@id\":\"https:\/\/zs.gromnik.pl\/zs\/#\/schema\/person\/b197900f67c6133faddc284ae32f97ca\"},\"description\":\"Zesp\u00f3\u0142 Szk\u00f3\u0142 w Gromniku\",\"breadcrumb\":{\"@id\":\"https:\/\/zs.gromnik.pl\/zs\/juz-sa-czekaja-na-ciebie-czyli-podsumowanie-zakup%ef%bf%b3w-w-ramach-narodowego-programu-rozwoju-czytelnictwa-2-0\/#breadcrumb\"},\"inLanguage\":\"pl-PL\",\"potentialAction\":[{\"@type\":\"ReadAction\",\"target\":[\"https:\/\/zs.gromnik.pl\/zs\/juz-sa-czekaja-na-ciebie-czyli-podsumowanie-zakup%ef%bf%b3w-w-ramach-narodowego-programu-rozwoju-czytelnictwa-2-0\/\"]}]},{\"@type\":\"BreadcrumbList\",\"@id\":\"https:\/\/zs.gromnik.pl\/zs\/juz-sa-czekaja-na-ciebie-czyli-podsumowanie-zakup%ef%bf%b3w-w-ramach-narodowego-programu-rozwoju-czytelnictwa-2-0\/#breadcrumb\",\"itemListElement\":[{\"@type\":\"ListItem\",\"position\":1,\"name\":\"Strona g\u0142\u00f3wna\",\"item\":\"https:\/\/zs.gromnik.pl\/zs\/\"},{\"@type\":\"ListItem\",\"position\":2,\"name\":\"Ju\u017c s\u0105, czekaj\u0105 na Ciebie &#8211; czyli podsumowanie zakup\ufff3\u00f3w w ramach &#8222;Narodowego Programu Rozwoju Czytelnictwa 2.0&#8221;\"}]},{\"@type\":\"WebSite\",\"@id\":\"https:\/\/zs.gromnik.pl\/zs\/#website\",\"url\":\"https:\/\/zs.gromnik.pl\/zs\/\",\"name\":\"Zesp\u00f3\u0142 Szk\u00f3\u0142 w Gromniku\",\"description\":\"\",\"potentialAction\":[{\"@type\":\"SearchAction\",\"target\":{\"@type\":\"EntryPoint\",\"urlTemplate\":\"https:\/\/zs.gromnik.pl\/zs\/?s={search_term_string}\"},\"query-input\":\"required name=search_term_string\"}],\"inLanguage\":\"pl-PL\"},{\"@type\":\"Person\",\"@id\":\"https:\/\/zs.gromnik.pl\/zs\/#\/schema\/person\/b197900f67c6133faddc284ae32f97ca\",\"name\":\"admin\",\"image\":{\"@type\":\"ImageObject\",\"inLanguage\":\"pl-PL\",\"@id\":\"https:\/\/zs.gromnik.pl\/zs\/#\/schema\/person\/image\/\",\"url\":\"http:\/\/0.gravatar.com\/avatar\/f8a2f876dbcc8c8edd809a8ca77a2abe?s=96&d=mm&r=g\",\"contentUrl\":\"http:\/\/0.gravatar.com\/avatar\/f8a2f876dbcc8c8edd809a8ca77a2abe?s=96&d=mm&r=g\",\"caption\":\"admin\"},\"url\":\"http:\/\/zs.gromnik.pl\/zs\/author\/admin\/\"}]}<\/script>\n<!-- \/ Yoast SEO plugin. -->","yoast_head_json":{"title":"Ju\u017c s\u0105, czekaj\u0105 na Ciebie - czyli podsumowanie zakup\ufff3\u00f3w w ramach \"Narodowego Programu Rozwoju Czytelnictwa 2.0\" - Zesp\u00f3\u0142 Szk\u00f3\u0142 w Gromniku","description":"Zesp\u00f3\u0142 Szk\u00f3\u0142 w Gromniku","robots":{"index":"index","follow":"follow","max-snippet":"max-snippet:-1","max-image-preview":"max-image-preview:large","max-video-preview":"max-video-preview:-1"},"canonical":"https:\/\/zs.gromnik.pl\/zs\/juz-sa-czekaja-na-ciebie-czyli-podsumowanie-zakup\ufff3w-w-ramach-narodowego-programu-rozwoju-czytelnictwa-2-0\/","og_locale":"pl_PL","og_type":"article","og_title":"Ju\u017c s\u0105, czekaj\u0105 na Ciebie - czyli podsumowanie zakup\ufff3\u00f3w w ramach \"Narodowego Programu Rozwoju Czytelnictwa 2.0\" - Zesp\u00f3\u0142 Szk\u00f3\u0142 w Gromniku","og_description":"Zesp\u00f3\u0142 Szk\u00f3\u0142 w Gromniku","og_url":"https:\/\/zs.gromnik.pl\/zs\/juz-sa-czekaja-na-ciebie-czyli-podsumowanie-zakup\ufff3w-w-ramach-narodowego-programu-rozwoju-czytelnictwa-2-0\/","og_site_name":"Zesp\u00f3\u0142 Szk\u00f3\u0142 w Gromniku","article_publisher":"https:\/\/www.facebook.com\/zsgromnik","article_published_time":"2023-12-05T13:06:07+00:00","article_modified_time":"2023-12-05T13:06:33+00:00","og_image":[{"width":500,"height":375,"url":"https:\/\/zs.gromnik.pl\/zs\/wp-content\/uploads\/2023\/12\/5454.jpg","type":"image\/jpeg"}],"author":"admin","twitter_card":"summary_large_image","twitter_misc":{"Napisane przez":"admin"},"schema":{"@context":"https:\/\/schema.org","@graph":[{"@type":"WebPage","@id":"https:\/\/zs.gromnik.pl\/zs\/juz-sa-czekaja-na-ciebie-czyli-podsumowanie-zakup%ef%bf%b3w-w-ramach-narodowego-programu-rozwoju-czytelnictwa-2-0\/","url":"https:\/\/zs.gromnik.pl\/zs\/juz-sa-czekaja-na-ciebie-czyli-podsumowanie-zakup%ef%bf%b3w-w-ramach-narodowego-programu-rozwoju-czytelnictwa-2-0\/","name":"Ju\u017c s\u0105, czekaj\u0105 na Ciebie - czyli podsumowanie zakup\ufff3\u00f3w w ramach \"Narodowego Programu Rozwoju Czytelnictwa 2.0\" - Zesp\u00f3\u0142 Szk\u00f3\u0142 w Gromniku","isPartOf":{"@id":"https:\/\/zs.gromnik.pl\/zs\/#website"},"datePublished":"2023-12-05T13:06:07+00:00","dateModified":"2023-12-05T13:06:33+00:00","author":{"@id":"https:\/\/zs.gromnik.pl\/zs\/#\/schema\/person\/b197900f67c6133faddc284ae32f97ca"},"description":"Zesp\u00f3\u0142 Szk\u00f3\u0142 w Gromniku","breadcrumb":{"@id":"https:\/\/zs.gromnik.pl\/zs\/juz-sa-czekaja-na-ciebie-czyli-podsumowanie-zakup%ef%bf%b3w-w-ramach-narodowego-programu-rozwoju-czytelnictwa-2-0\/#breadcrumb"},"inLanguage":"pl-PL","potentialAction":[{"@type":"ReadAction","target":["https:\/\/zs.gromnik.pl\/zs\/juz-sa-czekaja-na-ciebie-czyli-podsumowanie-zakup%ef%bf%b3w-w-ramach-narodowego-programu-rozwoju-czytelnictwa-2-0\/"]}]},{"@type":"BreadcrumbList","@id":"https:\/\/zs.gromnik.pl\/zs\/juz-sa-czekaja-na-ciebie-czyli-podsumowanie-zakup%ef%bf%b3w-w-ramach-narodowego-programu-rozwoju-czytelnictwa-2-0\/#breadcrumb","itemListElement":[{"@type":"ListItem","position":1,"name":"Strona g\u0142\u00f3wna","item":"https:\/\/zs.gromnik.pl\/zs\/"},{"@type":"ListItem","position":2,"name":"Ju\u017c s\u0105, czekaj\u0105 na Ciebie &#8211; czyli podsumowanie zakup\ufff3\u00f3w w ramach &#8222;Narodowego Programu Rozwoju Czytelnictwa 2.0&#8221;"}]},{"@type":"WebSite","@id":"https:\/\/zs.gromnik.pl\/zs\/#website","url":"https:\/\/zs.gromnik.pl\/zs\/","name":"Zesp\u00f3\u0142 Szk\u00f3\u0142 w Gromniku","description":"","potentialAction":[{"@type":"SearchAction","target":{"@type":"EntryPoint","urlTemplate":"https:\/\/zs.gromnik.pl\/zs\/?s={search_term_string}"},"query-input":"required name=search_term_string"}],"inLanguage":"pl-PL"},{"@type":"Person","@id":"https:\/\/zs.gromnik.pl\/zs\/#\/schema\/person\/b197900f67c6133faddc284ae32f97ca","name":"admin","image":{"@type":"ImageObject","inLanguage":"pl-PL","@id":"https:\/\/zs.gromnik.pl\/zs\/#\/schema\/person\/image\/","url":"http:\/\/0.gravatar.com\/avatar\/f8a2f876dbcc8c8edd809a8ca77a2abe?s=96&d=mm&r=g","contentUrl":"http:\/\/0.gravatar.com\/avatar\/f8a2f876dbcc8c8edd809a8ca77a2abe?s=96&d=mm&r=g","caption":"admin"},"url":"http:\/\/zs.gromnik.pl\/zs\/author\/admin\/"}]}},"_links":{"self":[{"href":"http:\/\/zs.gromnik.pl\/zs\/wp-json\/wp\/v2\/posts\/14620"}],"collection":[{"href":"http:\/\/zs.gromnik.pl\/zs\/wp-json\/wp\/v2\/posts"}],"about":[{"href":"http:\/\/zs.gromnik.pl\/zs\/wp-json\/wp\/v2\/types\/post"}],"author":[{"embeddable":true,"href":"http:\/\/zs.gromnik.pl\/zs\/wp-json\/wp\/v2\/users\/1"}],"replies":[{"embeddable":true,"href":"http:\/\/zs.gromnik.pl\/zs\/wp-json\/wp\/v2\/comments?post=14620"}],"version-history":[{"count":2,"href":"http:\/\/zs.gromnik.pl\/zs\/wp-json\/wp\/v2\/posts\/14620\/revisions"}],"predecessor-version":[{"id":14622,"href":"http:\/\/zs.gromnik.pl\/zs\/wp-json\/wp\/v2\/posts\/14620\/revisions\/14622"}],"wp:featuredmedia":[{"embeddable":true,"href":"http:\/\/zs.gromnik.pl\/zs\/wp-json\/wp\/v2\/media\/14619"}],"wp:attachment":[{"href":"http:\/\/zs.gromnik.pl\/zs\/wp-json\/wp\/v2\/media?parent=14620"}],"wp:term":[{"taxonomy":"category","embeddable":true,"href":"http:\/\/zs.gromnik.pl\/zs\/wp-json\/wp\/v2\/categories?post=14620"},{"taxonomy":"post_tag","embeddable":true,"href":"http:\/\/zs.gromnik.pl\/zs\/wp-json\/wp\/v2\/tags?post=14620"}],"curies":[{"name":"wp","href":"https:\/\/api.w.org\/{rel}","templated":true}]}}