{"id":14789,"date":"2023-12-19T19:31:13","date_gmt":"2023-12-19T18:31:13","guid":{"rendered":"http:\/\/zs.gromnik.pl\/zs\/?p=14789"},"modified":"2023-12-19T19:31:16","modified_gmt":"2023-12-19T18:31:16","slug":"podsumowanie-miedzynarodowego-projektu-visegrad-fund","status":"publish","type":"post","link":"http:\/\/zs.gromnik.pl\/zs\/podsumowanie-miedzynarodowego-projektu-visegrad-fund\/","title":{"rendered":"Podsumowanie mi\u0119dzynarodowego projektu Visegrad Fund"},"content":{"rendered":"\n<p>Mi\u0119dzynarodowa wymiana m\u0142odzie\u017cy s\u0142u\u017cy nie tylko rozwojowi kompetencji j\u0119zykowych. To spotkanie, podczas kt\u00f3rego m\u0142odzie\u017c pod okiem pedagog\u00f3w uczestniczy w projekcie edukacyjnym, kt\u00f3ry wspiera wszechstronny rozw\u00f3j ucznia oraz umo\u017cliwia budowanie bezpo\u015brednich relacji z r\u00f3wie\u015bnikami z innego kraju. Podejmuj\u0105c w projektach realizacj\u0119 temat\u00f3w z zakresu historii, spo\u0142ecze\u0144stwa, kultury i sztuki, czy te\u017c matematyki, informatyki i nauk przyrodniczych, uczniowie mog\u0105 rozwija\u0107 i doskonali\u0107 wszystkie zdefiniowane kompetencje kluczowe.<\/p>\n\n\n\n<p>Zapraszamy do obejrzenia relacji &#8211; <a href=\"https:\/\/pogorze24.pl\/zespol-szkol-w-gromniku-po-raz-kolejny-zrealizowal-miedzynarodowy-projekt-tym-razem-otrzymujac-dofinansowanie-z-grupy-wyszehradzkiej\/179289\/\" target=\"_blank\" rel=\"noreferrer noopener\">LINK DO RELACJI<\/a><\/p>\n","protected":false},"excerpt":{"rendered":"<p>Mi\u0119dzynarodowa wymiana m\u0142odzie\u017cy s\u0142u\u017cy nie tylko rozwojowi kompetencji j\u0119zykowych. To spotkanie, podczas kt\u00f3rego m\u0142odzie\u017c pod okiem pedagog\u00f3w uczestniczy w projekcie edukacyjnym, kt\u00f3ry wspiera wszechstronny rozw\u00f3j ucznia oraz umo\u017cliwia budowanie bezpo\u015brednich relacji z r\u00f3wie\u015bnikami z innego kraju. Podejmuj\u0105c w projektach realizacj\u0119 temat\u00f3w z zakresu historii, spo\u0142ecze\u0144stwa, kultury i sztuki, czy te\u017c matematyki, informatyki i nauk przyrodniczych, uczniowie mog\u0105 rozwija\u0107 i doskonali\u0107 wszystkie zdefiniowane kompetencje kluczowe. Zapraszamy do obejrzenia relacji &#8211; LINK DO RELACJI<\/p>\n","protected":false},"author":6,"featured_media":13775,"comment_status":"closed","ping_status":"open","sticky":false,"template":"","format":"standard","meta":[],"categories":[3,32],"tags":[],"yoast_head":"<!-- This site is optimized with the Yoast SEO plugin v19.8 - https:\/\/yoast.com\/wordpress\/plugins\/seo\/ -->\n<title>Podsumowanie mi\u0119dzynarodowego projektu Visegrad Fund - Zesp\u00f3\u0142 Szk\u00f3\u0142 w Gromniku<\/title>\n<meta name=\"description\" content=\"Zesp\u00f3\u0142 Szk\u00f3\u0142 w Gromniku\" \/>\n<meta name=\"robots\" content=\"index, follow, max-snippet:-1, max-image-preview:large, max-video-preview:-1\" \/>\n<link rel=\"canonical\" href=\"http:\/\/zs.gromnik.pl\/zs\/podsumowanie-miedzynarodowego-projektu-visegrad-fund\/\" \/>\n<meta property=\"og:locale\" content=\"pl_PL\" \/>\n<meta property=\"og:type\" content=\"article\" \/>\n<meta property=\"og:title\" content=\"Podsumowanie mi\u0119dzynarodowego projektu Visegrad Fund - Zesp\u00f3\u0142 Szk\u00f3\u0142 w Gromniku\" \/>\n<meta property=\"og:description\" content=\"Zesp\u00f3\u0142 Szk\u00f3\u0142 w Gromniku\" \/>\n<meta property=\"og:url\" content=\"http:\/\/zs.gromnik.pl\/zs\/podsumowanie-miedzynarodowego-projektu-visegrad-fund\/\" \/>\n<meta property=\"og:site_name\" content=\"Zesp\u00f3\u0142 Szk\u00f3\u0142 w Gromniku\" \/>\n<meta property=\"article:publisher\" content=\"https:\/\/www.facebook.com\/zsgromnik\" \/>\n<meta property=\"article:published_time\" content=\"2023-12-19T18:31:13+00:00\" \/>\n<meta property=\"article:modified_time\" content=\"2023-12-19T18:31:16+00:00\" \/>\n<meta property=\"og:image\" content=\"http:\/\/zs.gromnik.pl\/zs\/wp-content\/uploads\/2023\/09\/visegrad_fund_logo_blue_800px-1-e1772978909399.jpg\" \/>\n\t<meta property=\"og:image:width\" content=\"400\" \/>\n\t<meta property=\"og:image:height\" content=\"183\" \/>\n\t<meta property=\"og:image:type\" content=\"image\/jpeg\" \/>\n<meta name=\"author\" content=\"Patrycja Kubicz\" \/>\n<meta name=\"twitter:card\" content=\"summary_large_image\" \/>\n<meta name=\"twitter:label1\" content=\"Napisane przez\" \/>\n\t<meta name=\"twitter:data1\" content=\"Patrycja Kubicz\" \/>\n<script type=\"application\/ld+json\" class=\"yoast-schema-graph\">{\"@context\":\"https:\/\/schema.org\",\"@graph\":[{\"@type\":\"WebPage\",\"@id\":\"http:\/\/zs.gromnik.pl\/zs\/podsumowanie-miedzynarodowego-projektu-visegrad-fund\/\",\"url\":\"http:\/\/zs.gromnik.pl\/zs\/podsumowanie-miedzynarodowego-projektu-visegrad-fund\/\",\"name\":\"Podsumowanie mi\u0119dzynarodowego projektu Visegrad Fund - Zesp\u00f3\u0142 Szk\u00f3\u0142 w Gromniku\",\"isPartOf\":{\"@id\":\"https:\/\/zs.gromnik.pl\/zs\/#website\"},\"datePublished\":\"2023-12-19T18:31:13+00:00\",\"dateModified\":\"2023-12-19T18:31:16+00:00\",\"author\":{\"@id\":\"https:\/\/zs.gromnik.pl\/zs\/#\/schema\/person\/8ceca2902a7d39b77622ae2e117d831a\"},\"description\":\"Zesp\u00f3\u0142 Szk\u00f3\u0142 w Gromniku\",\"breadcrumb\":{\"@id\":\"http:\/\/zs.gromnik.pl\/zs\/podsumowanie-miedzynarodowego-projektu-visegrad-fund\/#breadcrumb\"},\"inLanguage\":\"pl-PL\",\"potentialAction\":[{\"@type\":\"ReadAction\",\"target\":[\"http:\/\/zs.gromnik.pl\/zs\/podsumowanie-miedzynarodowego-projektu-visegrad-fund\/\"]}]},{\"@type\":\"BreadcrumbList\",\"@id\":\"http:\/\/zs.gromnik.pl\/zs\/podsumowanie-miedzynarodowego-projektu-visegrad-fund\/#breadcrumb\",\"itemListElement\":[{\"@type\":\"ListItem\",\"position\":1,\"name\":\"Strona g\u0142\u00f3wna\",\"item\":\"https:\/\/zs.gromnik.pl\/zs\/\"},{\"@type\":\"ListItem\",\"position\":2,\"name\":\"Podsumowanie mi\u0119dzynarodowego projektu Visegrad Fund\"}]},{\"@type\":\"WebSite\",\"@id\":\"https:\/\/zs.gromnik.pl\/zs\/#website\",\"url\":\"https:\/\/zs.gromnik.pl\/zs\/\",\"name\":\"Zesp\u00f3\u0142 Szk\u00f3\u0142 w Gromniku\",\"description\":\"\",\"potentialAction\":[{\"@type\":\"SearchAction\",\"target\":{\"@type\":\"EntryPoint\",\"urlTemplate\":\"https:\/\/zs.gromnik.pl\/zs\/?s={search_term_string}\"},\"query-input\":\"required name=search_term_string\"}],\"inLanguage\":\"pl-PL\"},{\"@type\":\"Person\",\"@id\":\"https:\/\/zs.gromnik.pl\/zs\/#\/schema\/person\/8ceca2902a7d39b77622ae2e117d831a\",\"name\":\"Patrycja Kubicz\",\"image\":{\"@type\":\"ImageObject\",\"inLanguage\":\"pl-PL\",\"@id\":\"https:\/\/zs.gromnik.pl\/zs\/#\/schema\/person\/image\/\",\"url\":\"http:\/\/0.gravatar.com\/avatar\/fdb188d3851f5cc80ba3148c853f5f66?s=96&d=mm&r=g\",\"contentUrl\":\"http:\/\/0.gravatar.com\/avatar\/fdb188d3851f5cc80ba3148c853f5f66?s=96&d=mm&r=g\",\"caption\":\"Patrycja Kubicz\"},\"url\":\"http:\/\/zs.gromnik.pl\/zs\/author\/pkubicz\/\"}]}<\/script>\n<!-- \/ Yoast SEO plugin. -->","yoast_head_json":{"title":"Podsumowanie mi\u0119dzynarodowego projektu Visegrad Fund - Zesp\u00f3\u0142 Szk\u00f3\u0142 w Gromniku","description":"Zesp\u00f3\u0142 Szk\u00f3\u0142 w Gromniku","robots":{"index":"index","follow":"follow","max-snippet":"max-snippet:-1","max-image-preview":"max-image-preview:large","max-video-preview":"max-video-preview:-1"},"canonical":"http:\/\/zs.gromnik.pl\/zs\/podsumowanie-miedzynarodowego-projektu-visegrad-fund\/","og_locale":"pl_PL","og_type":"article","og_title":"Podsumowanie mi\u0119dzynarodowego projektu Visegrad Fund - Zesp\u00f3\u0142 Szk\u00f3\u0142 w Gromniku","og_description":"Zesp\u00f3\u0142 Szk\u00f3\u0142 w Gromniku","og_url":"http:\/\/zs.gromnik.pl\/zs\/podsumowanie-miedzynarodowego-projektu-visegrad-fund\/","og_site_name":"Zesp\u00f3\u0142 Szk\u00f3\u0142 w Gromniku","article_publisher":"https:\/\/www.facebook.com\/zsgromnik","article_published_time":"2023-12-19T18:31:13+00:00","article_modified_time":"2023-12-19T18:31:16+00:00","og_image":[{"width":400,"height":183,"url":"http:\/\/zs.gromnik.pl\/zs\/wp-content\/uploads\/2023\/09\/visegrad_fund_logo_blue_800px-1-e1772978909399.jpg","type":"image\/jpeg"}],"author":"Patrycja Kubicz","twitter_card":"summary_large_image","twitter_misc":{"Napisane przez":"Patrycja Kubicz"},"schema":{"@context":"https:\/\/schema.org","@graph":[{"@type":"WebPage","@id":"http:\/\/zs.gromnik.pl\/zs\/podsumowanie-miedzynarodowego-projektu-visegrad-fund\/","url":"http:\/\/zs.gromnik.pl\/zs\/podsumowanie-miedzynarodowego-projektu-visegrad-fund\/","name":"Podsumowanie mi\u0119dzynarodowego projektu Visegrad Fund - Zesp\u00f3\u0142 Szk\u00f3\u0142 w Gromniku","isPartOf":{"@id":"https:\/\/zs.gromnik.pl\/zs\/#website"},"datePublished":"2023-12-19T18:31:13+00:00","dateModified":"2023-12-19T18:31:16+00:00","author":{"@id":"https:\/\/zs.gromnik.pl\/zs\/#\/schema\/person\/8ceca2902a7d39b77622ae2e117d831a"},"description":"Zesp\u00f3\u0142 Szk\u00f3\u0142 w Gromniku","breadcrumb":{"@id":"http:\/\/zs.gromnik.pl\/zs\/podsumowanie-miedzynarodowego-projektu-visegrad-fund\/#breadcrumb"},"inLanguage":"pl-PL","potentialAction":[{"@type":"ReadAction","target":["http:\/\/zs.gromnik.pl\/zs\/podsumowanie-miedzynarodowego-projektu-visegrad-fund\/"]}]},{"@type":"BreadcrumbList","@id":"http:\/\/zs.gromnik.pl\/zs\/podsumowanie-miedzynarodowego-projektu-visegrad-fund\/#breadcrumb","itemListElement":[{"@type":"ListItem","position":1,"name":"Strona g\u0142\u00f3wna","item":"https:\/\/zs.gromnik.pl\/zs\/"},{"@type":"ListItem","position":2,"name":"Podsumowanie mi\u0119dzynarodowego projektu Visegrad Fund"}]},{"@type":"WebSite","@id":"https:\/\/zs.gromnik.pl\/zs\/#website","url":"https:\/\/zs.gromnik.pl\/zs\/","name":"Zesp\u00f3\u0142 Szk\u00f3\u0142 w Gromniku","description":"","potentialAction":[{"@type":"SearchAction","target":{"@type":"EntryPoint","urlTemplate":"https:\/\/zs.gromnik.pl\/zs\/?s={search_term_string}"},"query-input":"required name=search_term_string"}],"inLanguage":"pl-PL"},{"@type":"Person","@id":"https:\/\/zs.gromnik.pl\/zs\/#\/schema\/person\/8ceca2902a7d39b77622ae2e117d831a","name":"Patrycja Kubicz","image":{"@type":"ImageObject","inLanguage":"pl-PL","@id":"https:\/\/zs.gromnik.pl\/zs\/#\/schema\/person\/image\/","url":"http:\/\/0.gravatar.com\/avatar\/fdb188d3851f5cc80ba3148c853f5f66?s=96&d=mm&r=g","contentUrl":"http:\/\/0.gravatar.com\/avatar\/fdb188d3851f5cc80ba3148c853f5f66?s=96&d=mm&r=g","caption":"Patrycja Kubicz"},"url":"http:\/\/zs.gromnik.pl\/zs\/author\/pkubicz\/"}]}},"_links":{"self":[{"href":"http:\/\/zs.gromnik.pl\/zs\/wp-json\/wp\/v2\/posts\/14789"}],"collection":[{"href":"http:\/\/zs.gromnik.pl\/zs\/wp-json\/wp\/v2\/posts"}],"about":[{"href":"http:\/\/zs.gromnik.pl\/zs\/wp-json\/wp\/v2\/types\/post"}],"author":[{"embeddable":true,"href":"http:\/\/zs.gromnik.pl\/zs\/wp-json\/wp\/v2\/users\/6"}],"replies":[{"embeddable":true,"href":"http:\/\/zs.gromnik.pl\/zs\/wp-json\/wp\/v2\/comments?post=14789"}],"version-history":[{"count":1,"href":"http:\/\/zs.gromnik.pl\/zs\/wp-json\/wp\/v2\/posts\/14789\/revisions"}],"predecessor-version":[{"id":14790,"href":"http:\/\/zs.gromnik.pl\/zs\/wp-json\/wp\/v2\/posts\/14789\/revisions\/14790"}],"wp:featuredmedia":[{"embeddable":true,"href":"http:\/\/zs.gromnik.pl\/zs\/wp-json\/wp\/v2\/media\/13775"}],"wp:attachment":[{"href":"http:\/\/zs.gromnik.pl\/zs\/wp-json\/wp\/v2\/media?parent=14789"}],"wp:term":[{"taxonomy":"category","embeddable":true,"href":"http:\/\/zs.gromnik.pl\/zs\/wp-json\/wp\/v2\/categories?post=14789"},{"taxonomy":"post_tag","embeddable":true,"href":"http:\/\/zs.gromnik.pl\/zs\/wp-json\/wp\/v2\/tags?post=14789"}],"curies":[{"name":"wp","href":"https:\/\/api.w.org\/{rel}","templated":true}]}}