{"id":14846,"date":"2024-01-11T07:54:34","date_gmt":"2024-01-11T06:54:34","guid":{"rendered":"http:\/\/zs.gromnik.pl\/zs\/?p=14846"},"modified":"2024-01-11T07:55:07","modified_gmt":"2024-01-11T06:55:07","slug":"konkurs-czytelniczy-dla-klas-ii-iii","status":"publish","type":"post","link":"http:\/\/zs.gromnik.pl\/zs\/konkurs-czytelniczy-dla-klas-ii-iii\/","title":{"rendered":"Konkurs czytelniczy dla klas II-III"},"content":{"rendered":"\t\t<div data-elementor-type=\"wp-post\" data-elementor-id=\"14846\" class=\"elementor elementor-14846\">\n\t\t\t\t\t\t\t\t\t<section class=\"elementor-section elementor-top-section elementor-element elementor-element-d0314c8 elementor-section-boxed elementor-section-height-default elementor-section-height-default\" data-id=\"d0314c8\" data-element_type=\"section\">\n\t\t\t\t\t\t<div class=\"elementor-container elementor-column-gap-default\">\n\t\t\t\t\t<div class=\"elementor-column elementor-col-100 elementor-top-column elementor-element elementor-element-8f22424\" data-id=\"8f22424\" data-element_type=\"column\">\n\t\t\t<div class=\"elementor-widget-wrap elementor-element-populated\">\n\t\t\t\t\t\t\t\t<div class=\"elementor-element elementor-element-f13e195 elementor-widget elementor-widget-text-editor\" data-id=\"f13e195\" data-element_type=\"widget\" data-widget_type=\"text-editor.default\">\n\t\t\t\t<div class=\"elementor-widget-container\">\n\t\t\t\t\t\t\t<p>W ramach realizacji Narodowego Programu Rozwoju Czytelnictwa uczniowie klas drugich\u00a0i trzecich wzi\u0119li udzia\u0142 w konkursie plastycznym \u201eOk\u0142adka mojej ulubionej ksi\u0105\u017cki\u201d organizowanym przez bibliotek\u0119 szkoln\u0105. Na konkurs wp\u0142yn\u0119\u0142o mn\u00f3stwo fantastycznych prac. Uczniowie wykazali si\u0119 niezwyk\u0142\u0105 kreatywno\u015bci\u0105, wyobra\u017ani\u0105, pomys\u0142owo\u015bci\u0105 oraz do\u0142o\u017cyli wszelkich stara\u0144 by wykona\u0107 niepowtarzalne, estetyczne prace. Jury mia\u0142o bardzo trudne zadanie, aby w\u015br\u00f3d stworzonych prac wy\u0142oni\u0107 laureat\u00f3w konkursu. Autorzy najlepszych prac otrzymali nagrody i wyr\u00f3\u017cnienia, bez wy\u0142aniania miejsc I, II, III. Wystaw\u0119 prac konkursowych mo\u017cna obejrze\u0107 w czytelni.<\/p>\t\t\t\t\t\t<\/div>\n\t\t\t\t<\/div>\n\t\t\t\t\t<\/div>\n\t\t<\/div>\n\t\t\t\t\t\t\t<\/div>\n\t\t<\/section>\n\t\t\t\t<section class=\"elementor-section elementor-top-section elementor-element elementor-element-e7acf3d elementor-section-boxed elementor-section-height-default elementor-section-height-default\" data-id=\"e7acf3d\" data-element_type=\"section\">\n\t\t\t\t\t\t<div class=\"elementor-container elementor-column-gap-default\">\n\t\t\t\t\t<div class=\"elementor-column elementor-col-100 elementor-top-column elementor-element elementor-element-ab44516\" data-id=\"ab44516\" data-element_type=\"column\">\n\t\t\t<div class=\"elementor-widget-wrap elementor-element-populated\">\n\t\t\t\t\t\t\t\t<div class=\"elementor-element elementor-element-de7ef72 elementor-widget elementor-widget-image-gallery\" data-id=\"de7ef72\" data-element_type=\"widget\" data-widget_type=\"image-gallery.default\">\n\t\t\t\t<div class=\"elementor-widget-container\">\n\t\t\t\t\t<div class=\"elementor-image-gallery\">\n\t\t\t<div id='gallery-1' class='gallery galleryid-14846 gallery-columns-4 gallery-size-medium'><figure class='gallery-item'>\n\t\t\t<div class='gallery-icon landscape'>\n\t\t\t\t<a data-elementor-open-lightbox=\"yes\" data-elementor-lightbox-slideshow=\"de7ef72\" data-elementor-lightbox-title=\"IMG_20231204_094555\" e-action-hash=\"#elementor-action%3Aaction%3Dlightbox%26settings%3DeyJpZCI6MTQ4NDcsInVybCI6Imh0dHA6XC9cL3pzLmdyb21uaWsucGxcL3pzXC93cC1jb250ZW50XC91cGxvYWRzXC8yMDI0XC8wMVwvSU1HXzIwMjMxMjA0XzA5NDU1NS1zY2FsZWQuanBnIiwic2xpZGVzaG93IjoiZGU3ZWY3MiJ9\" href='http:\/\/zs.gromnik.pl\/zs\/wp-content\/uploads\/2024\/01\/IMG_20231204_094555-scaled.jpg'><img width=\"300\" height=\"225\" src=\"http:\/\/zs.gromnik.pl\/zs\/wp-content\/uploads\/2024\/01\/IMG_20231204_094555-300x225.jpg\" class=\"attachment-medium size-medium\" alt=\"\" loading=\"lazy\" srcset=\"http:\/\/zs.gromnik.pl\/zs\/wp-content\/uploads\/2024\/01\/IMG_20231204_094555-300x225.jpg 300w, http:\/\/zs.gromnik.pl\/zs\/wp-content\/uploads\/2024\/01\/IMG_20231204_094555-1024x768.jpg 1024w, http:\/\/zs.gromnik.pl\/zs\/wp-content\/uploads\/2024\/01\/IMG_20231204_094555-768x576.jpg 768w, http:\/\/zs.gromnik.pl\/zs\/wp-content\/uploads\/2024\/01\/IMG_20231204_094555-1536x1152.jpg 1536w, http:\/\/zs.gromnik.pl\/zs\/wp-content\/uploads\/2024\/01\/IMG_20231204_094555-2048x1536.jpg 2048w, http:\/\/zs.gromnik.pl\/zs\/wp-content\/uploads\/2024\/01\/IMG_20231204_094555-1140x855.jpg 1140w\" sizes=\"(max-width: 300px) 100vw, 300px\" \/><\/a>\n\t\t\t<\/div><\/figure><figure class='gallery-item'>\n\t\t\t<div class='gallery-icon landscape'>\n\t\t\t\t<a data-elementor-open-lightbox=\"yes\" data-elementor-lightbox-slideshow=\"de7ef72\" data-elementor-lightbox-title=\"IMG_20231204_094725\" e-action-hash=\"#elementor-action%3Aaction%3Dlightbox%26settings%3DeyJpZCI6MTQ4NDgsInVybCI6Imh0dHA6XC9cL3pzLmdyb21uaWsucGxcL3pzXC93cC1jb250ZW50XC91cGxvYWRzXC8yMDI0XC8wMVwvSU1HXzIwMjMxMjA0XzA5NDcyNS1zY2FsZWQuanBnIiwic2xpZGVzaG93IjoiZGU3ZWY3MiJ9\" href='http:\/\/zs.gromnik.pl\/zs\/wp-content\/uploads\/2024\/01\/IMG_20231204_094725-scaled.jpg'><img width=\"300\" height=\"225\" src=\"http:\/\/zs.gromnik.pl\/zs\/wp-content\/uploads\/2024\/01\/IMG_20231204_094725-300x225.jpg\" class=\"attachment-medium size-medium\" alt=\"\" loading=\"lazy\" srcset=\"http:\/\/zs.gromnik.pl\/zs\/wp-content\/uploads\/2024\/01\/IMG_20231204_094725-300x225.jpg 300w, http:\/\/zs.gromnik.pl\/zs\/wp-content\/uploads\/2024\/01\/IMG_20231204_094725-1024x768.jpg 1024w, http:\/\/zs.gromnik.pl\/zs\/wp-content\/uploads\/2024\/01\/IMG_20231204_094725-768x576.jpg 768w, http:\/\/zs.gromnik.pl\/zs\/wp-content\/uploads\/2024\/01\/IMG_20231204_094725-1536x1152.jpg 1536w, http:\/\/zs.gromnik.pl\/zs\/wp-content\/uploads\/2024\/01\/IMG_20231204_094725-2048x1536.jpg 2048w, http:\/\/zs.gromnik.pl\/zs\/wp-content\/uploads\/2024\/01\/IMG_20231204_094725-1140x855.jpg 1140w\" sizes=\"(max-width: 300px) 100vw, 300px\" \/><\/a>\n\t\t\t<\/div><\/figure><figure class='gallery-item'>\n\t\t\t<div class='gallery-icon landscape'>\n\t\t\t\t<a data-elementor-open-lightbox=\"yes\" data-elementor-lightbox-slideshow=\"de7ef72\" data-elementor-lightbox-title=\"IMG_20231204_095155\" e-action-hash=\"#elementor-action%3Aaction%3Dlightbox%26settings%3DeyJpZCI6MTQ4NDksInVybCI6Imh0dHA6XC9cL3pzLmdyb21uaWsucGxcL3pzXC93cC1jb250ZW50XC91cGxvYWRzXC8yMDI0XC8wMVwvSU1HXzIwMjMxMjA0XzA5NTE1NS1zY2FsZWQuanBnIiwic2xpZGVzaG93IjoiZGU3ZWY3MiJ9\" href='http:\/\/zs.gromnik.pl\/zs\/wp-content\/uploads\/2024\/01\/IMG_20231204_095155-scaled.jpg'><img width=\"300\" height=\"225\" src=\"http:\/\/zs.gromnik.pl\/zs\/wp-content\/uploads\/2024\/01\/IMG_20231204_095155-300x225.jpg\" class=\"attachment-medium size-medium\" alt=\"\" loading=\"lazy\" srcset=\"http:\/\/zs.gromnik.pl\/zs\/wp-content\/uploads\/2024\/01\/IMG_20231204_095155-300x225.jpg 300w, http:\/\/zs.gromnik.pl\/zs\/wp-content\/uploads\/2024\/01\/IMG_20231204_095155-1024x768.jpg 1024w, http:\/\/zs.gromnik.pl\/zs\/wp-content\/uploads\/2024\/01\/IMG_20231204_095155-768x576.jpg 768w, http:\/\/zs.gromnik.pl\/zs\/wp-content\/uploads\/2024\/01\/IMG_20231204_095155-1536x1152.jpg 1536w, http:\/\/zs.gromnik.pl\/zs\/wp-content\/uploads\/2024\/01\/IMG_20231204_095155-2048x1536.jpg 2048w, http:\/\/zs.gromnik.pl\/zs\/wp-content\/uploads\/2024\/01\/IMG_20231204_095155-1140x855.jpg 1140w\" sizes=\"(max-width: 300px) 100vw, 300px\" \/><\/a>\n\t\t\t<\/div><\/figure><figure class='gallery-item'>\n\t\t\t<div class='gallery-icon landscape'>\n\t\t\t\t<a data-elementor-open-lightbox=\"yes\" data-elementor-lightbox-slideshow=\"de7ef72\" data-elementor-lightbox-title=\"IMG_20231204_095325\" e-action-hash=\"#elementor-action%3Aaction%3Dlightbox%26settings%3DeyJpZCI6MTQ4NTAsInVybCI6Imh0dHA6XC9cL3pzLmdyb21uaWsucGxcL3pzXC93cC1jb250ZW50XC91cGxvYWRzXC8yMDI0XC8wMVwvSU1HXzIwMjMxMjA0XzA5NTMyNS1zY2FsZWQuanBnIiwic2xpZGVzaG93IjoiZGU3ZWY3MiJ9\" href='http:\/\/zs.gromnik.pl\/zs\/wp-content\/uploads\/2024\/01\/IMG_20231204_095325-scaled.jpg'><img width=\"300\" height=\"225\" src=\"http:\/\/zs.gromnik.pl\/zs\/wp-content\/uploads\/2024\/01\/IMG_20231204_095325-300x225.jpg\" class=\"attachment-medium size-medium\" alt=\"\" loading=\"lazy\" srcset=\"http:\/\/zs.gromnik.pl\/zs\/wp-content\/uploads\/2024\/01\/IMG_20231204_095325-300x225.jpg 300w, http:\/\/zs.gromnik.pl\/zs\/wp-content\/uploads\/2024\/01\/IMG_20231204_095325-1024x768.jpg 1024w, http:\/\/zs.gromnik.pl\/zs\/wp-content\/uploads\/2024\/01\/IMG_20231204_095325-768x576.jpg 768w, http:\/\/zs.gromnik.pl\/zs\/wp-content\/uploads\/2024\/01\/IMG_20231204_095325-1536x1152.jpg 1536w, http:\/\/zs.gromnik.pl\/zs\/wp-content\/uploads\/2024\/01\/IMG_20231204_095325-2048x1536.jpg 2048w, http:\/\/zs.gromnik.pl\/zs\/wp-content\/uploads\/2024\/01\/IMG_20231204_095325-1140x855.jpg 1140w\" sizes=\"(max-width: 300px) 100vw, 300px\" \/><\/a>\n\t\t\t<\/div><\/figure><figure class='gallery-item'>\n\t\t\t<div class='gallery-icon landscape'>\n\t\t\t\t<a data-elementor-open-lightbox=\"yes\" data-elementor-lightbox-slideshow=\"de7ef72\" data-elementor-lightbox-title=\"IMG_20231207_080522\" e-action-hash=\"#elementor-action%3Aaction%3Dlightbox%26settings%3DeyJpZCI6MTQ4NTEsInVybCI6Imh0dHA6XC9cL3pzLmdyb21uaWsucGxcL3pzXC93cC1jb250ZW50XC91cGxvYWRzXC8yMDI0XC8wMVwvSU1HXzIwMjMxMjA3XzA4MDUyMi1zY2FsZWQuanBnIiwic2xpZGVzaG93IjoiZGU3ZWY3MiJ9\" href='http:\/\/zs.gromnik.pl\/zs\/wp-content\/uploads\/2024\/01\/IMG_20231207_080522-scaled.jpg'><img width=\"300\" height=\"225\" src=\"http:\/\/zs.gromnik.pl\/zs\/wp-content\/uploads\/2024\/01\/IMG_20231207_080522-300x225.jpg\" class=\"attachment-medium size-medium\" alt=\"\" loading=\"lazy\" srcset=\"http:\/\/zs.gromnik.pl\/zs\/wp-content\/uploads\/2024\/01\/IMG_20231207_080522-300x225.jpg 300w, http:\/\/zs.gromnik.pl\/zs\/wp-content\/uploads\/2024\/01\/IMG_20231207_080522-1024x768.jpg 1024w, http:\/\/zs.gromnik.pl\/zs\/wp-content\/uploads\/2024\/01\/IMG_20231207_080522-768x576.jpg 768w, http:\/\/zs.gromnik.pl\/zs\/wp-content\/uploads\/2024\/01\/IMG_20231207_080522-1536x1152.jpg 1536w, http:\/\/zs.gromnik.pl\/zs\/wp-content\/uploads\/2024\/01\/IMG_20231207_080522-2048x1536.jpg 2048w, http:\/\/zs.gromnik.pl\/zs\/wp-content\/uploads\/2024\/01\/IMG_20231207_080522-1140x855.jpg 1140w\" sizes=\"(max-width: 300px) 100vw, 300px\" \/><\/a>\n\t\t\t<\/div><\/figure><figure class='gallery-item'>\n\t\t\t<div class='gallery-icon landscape'>\n\t\t\t\t<a data-elementor-open-lightbox=\"yes\" data-elementor-lightbox-slideshow=\"de7ef72\" data-elementor-lightbox-title=\"IMG_20231207_080751\" e-action-hash=\"#elementor-action%3Aaction%3Dlightbox%26settings%3DeyJpZCI6MTQ4NTIsInVybCI6Imh0dHA6XC9cL3pzLmdyb21uaWsucGxcL3pzXC93cC1jb250ZW50XC91cGxvYWRzXC8yMDI0XC8wMVwvSU1HXzIwMjMxMjA3XzA4MDc1MS1zY2FsZWQuanBnIiwic2xpZGVzaG93IjoiZGU3ZWY3MiJ9\" href='http:\/\/zs.gromnik.pl\/zs\/wp-content\/uploads\/2024\/01\/IMG_20231207_080751-scaled.jpg'><img width=\"300\" height=\"225\" src=\"http:\/\/zs.gromnik.pl\/zs\/wp-content\/uploads\/2024\/01\/IMG_20231207_080751-300x225.jpg\" class=\"attachment-medium size-medium\" alt=\"\" loading=\"lazy\" srcset=\"http:\/\/zs.gromnik.pl\/zs\/wp-content\/uploads\/2024\/01\/IMG_20231207_080751-300x225.jpg 300w, http:\/\/zs.gromnik.pl\/zs\/wp-content\/uploads\/2024\/01\/IMG_20231207_080751-1024x768.jpg 1024w, http:\/\/zs.gromnik.pl\/zs\/wp-content\/uploads\/2024\/01\/IMG_20231207_080751-768x576.jpg 768w, http:\/\/zs.gromnik.pl\/zs\/wp-content\/uploads\/2024\/01\/IMG_20231207_080751-1536x1152.jpg 1536w, http:\/\/zs.gromnik.pl\/zs\/wp-content\/uploads\/2024\/01\/IMG_20231207_080751-2048x1536.jpg 2048w, http:\/\/zs.gromnik.pl\/zs\/wp-content\/uploads\/2024\/01\/IMG_20231207_080751-1140x855.jpg 1140w\" sizes=\"(max-width: 300px) 100vw, 300px\" \/><\/a>\n\t\t\t<\/div><\/figure><figure class='gallery-item'>\n\t\t\t<div class='gallery-icon landscape'>\n\t\t\t\t<a data-elementor-open-lightbox=\"yes\" data-elementor-lightbox-slideshow=\"de7ef72\" data-elementor-lightbox-title=\"IMG-20231201-WA0006\" e-action-hash=\"#elementor-action%3Aaction%3Dlightbox%26settings%3DeyJpZCI6MTQ4NTQsInVybCI6Imh0dHA6XC9cL3pzLmdyb21uaWsucGxcL3pzXC93cC1jb250ZW50XC91cGxvYWRzXC8yMDI0XC8wMVwvSU1HLTIwMjMxMjAxLVdBMDAwNi5qcGciLCJzbGlkZXNob3ciOiJkZTdlZjcyIn0%3D\" href='http:\/\/zs.gromnik.pl\/zs\/wp-content\/uploads\/2024\/01\/IMG-20231201-WA0006.jpg'><img width=\"300\" height=\"225\" src=\"http:\/\/zs.gromnik.pl\/zs\/wp-content\/uploads\/2024\/01\/IMG-20231201-WA0006-300x225.jpg\" class=\"attachment-medium size-medium\" alt=\"\" loading=\"lazy\" srcset=\"http:\/\/zs.gromnik.pl\/zs\/wp-content\/uploads\/2024\/01\/IMG-20231201-WA0006-300x225.jpg 300w, http:\/\/zs.gromnik.pl\/zs\/wp-content\/uploads\/2024\/01\/IMG-20231201-WA0006-1024x767.jpg 1024w, http:\/\/zs.gromnik.pl\/zs\/wp-content\/uploads\/2024\/01\/IMG-20231201-WA0006-768x575.jpg 768w, http:\/\/zs.gromnik.pl\/zs\/wp-content\/uploads\/2024\/01\/IMG-20231201-WA0006-1536x1150.jpg 1536w, http:\/\/zs.gromnik.pl\/zs\/wp-content\/uploads\/2024\/01\/IMG-20231201-WA0006-1140x854.jpg 1140w, http:\/\/zs.gromnik.pl\/zs\/wp-content\/uploads\/2024\/01\/IMG-20231201-WA0006.jpg 1600w\" sizes=\"(max-width: 300px) 100vw, 300px\" \/><\/a>\n\t\t\t<\/div><\/figure>\n\t\t<\/div>\n\t\t<\/div>\n\t\t\t\t<\/div>\n\t\t\t\t<\/div>\n\t\t\t\t\t<\/div>\n\t\t<\/div>\n\t\t\t\t\t\t\t<\/div>\n\t\t<\/section>\n\t\t\t\t\t\t\t<\/div>\n\t\t","protected":false},"excerpt":{"rendered":"<p>W ramach realizacji Narodowego Programu Rozwoju Czytelnictwa uczniowie klas drugich\u00a0i trzecich wzi\u0119li udzia\u0142 w konkursie plastycznym \u201eOk\u0142adka mojej ulubionej ksi\u0105\u017cki\u201d organizowanym przez bibliotek\u0119 szkoln\u0105. Na konkurs wp\u0142yn\u0119\u0142o mn\u00f3stwo fantastycznych prac. Uczniowie wykazali si\u0119 niezwyk\u0142\u0105 kreatywno\u015bci\u0105, wyobra\u017ani\u0105, pomys\u0142owo\u015bci\u0105 oraz do\u0142o\u017cyli wszelkich stara\u0144 by wykona\u0107 niepowtarzalne, estetyczne prace. Jury mia\u0142o bardzo trudne zadanie, aby w\u015br\u00f3d stworzonych prac wy\u0142oni\u0107 laureat\u00f3w konkursu. Autorzy najlepszych prac otrzymali nagrody i wyr\u00f3\u017cnienia, bez wy\u0142aniania miejsc I, II, III. Wystaw\u0119 prac konkursowych mo\u017cna obejrze\u0107 w czytelni.<\/p>\n","protected":false},"author":1,"featured_media":14855,"comment_status":"closed","ping_status":"open","sticky":false,"template":"","format":"standard","meta":[],"categories":[3],"tags":[],"yoast_head":"<!-- This site is optimized with the Yoast SEO plugin v19.8 - https:\/\/yoast.com\/wordpress\/plugins\/seo\/ -->\n<title>Konkurs czytelniczy dla klas II-III - Zesp\u00f3\u0142 Szk\u00f3\u0142 w Gromniku<\/title>\n<meta name=\"description\" content=\"Zesp\u00f3\u0142 Szk\u00f3\u0142 w Gromniku\" \/>\n<meta name=\"robots\" content=\"index, follow, max-snippet:-1, max-image-preview:large, max-video-preview:-1\" \/>\n<link rel=\"canonical\" href=\"http:\/\/zs.gromnik.pl\/zs\/konkurs-czytelniczy-dla-klas-ii-iii\/\" \/>\n<meta property=\"og:locale\" content=\"pl_PL\" \/>\n<meta property=\"og:type\" content=\"article\" \/>\n<meta property=\"og:title\" content=\"Konkurs czytelniczy dla klas II-III - Zesp\u00f3\u0142 Szk\u00f3\u0142 w Gromniku\" \/>\n<meta property=\"og:description\" content=\"Zesp\u00f3\u0142 Szk\u00f3\u0142 w Gromniku\" \/>\n<meta property=\"og:url\" content=\"http:\/\/zs.gromnik.pl\/zs\/konkurs-czytelniczy-dla-klas-ii-iii\/\" \/>\n<meta property=\"og:site_name\" content=\"Zesp\u00f3\u0142 Szk\u00f3\u0142 w Gromniku\" \/>\n<meta property=\"article:publisher\" content=\"https:\/\/www.facebook.com\/zsgromnik\" \/>\n<meta property=\"article:published_time\" content=\"2024-01-11T06:54:34+00:00\" \/>\n<meta property=\"article:modified_time\" content=\"2024-01-11T06:55:07+00:00\" \/>\n<meta property=\"og:image\" content=\"http:\/\/zs.gromnik.pl\/zs\/wp-content\/uploads\/2024\/01\/2312.jpg\" \/>\n\t<meta property=\"og:image:width\" content=\"500\" \/>\n\t<meta property=\"og:image:height\" content=\"375\" \/>\n\t<meta property=\"og:image:type\" content=\"image\/jpeg\" \/>\n<meta name=\"author\" content=\"admin\" \/>\n<meta name=\"twitter:card\" content=\"summary_large_image\" \/>\n<meta name=\"twitter:label1\" content=\"Napisane przez\" \/>\n\t<meta name=\"twitter:data1\" content=\"admin\" \/>\n<script type=\"application\/ld+json\" class=\"yoast-schema-graph\">{\"@context\":\"https:\/\/schema.org\",\"@graph\":[{\"@type\":\"WebPage\",\"@id\":\"http:\/\/zs.gromnik.pl\/zs\/konkurs-czytelniczy-dla-klas-ii-iii\/\",\"url\":\"http:\/\/zs.gromnik.pl\/zs\/konkurs-czytelniczy-dla-klas-ii-iii\/\",\"name\":\"Konkurs czytelniczy dla klas II-III - Zesp\u00f3\u0142 Szk\u00f3\u0142 w Gromniku\",\"isPartOf\":{\"@id\":\"https:\/\/zs.gromnik.pl\/zs\/#website\"},\"datePublished\":\"2024-01-11T06:54:34+00:00\",\"dateModified\":\"2024-01-11T06:55:07+00:00\",\"author\":{\"@id\":\"https:\/\/zs.gromnik.pl\/zs\/#\/schema\/person\/b197900f67c6133faddc284ae32f97ca\"},\"description\":\"Zesp\u00f3\u0142 Szk\u00f3\u0142 w Gromniku\",\"breadcrumb\":{\"@id\":\"http:\/\/zs.gromnik.pl\/zs\/konkurs-czytelniczy-dla-klas-ii-iii\/#breadcrumb\"},\"inLanguage\":\"pl-PL\",\"potentialAction\":[{\"@type\":\"ReadAction\",\"target\":[\"http:\/\/zs.gromnik.pl\/zs\/konkurs-czytelniczy-dla-klas-ii-iii\/\"]}]},{\"@type\":\"BreadcrumbList\",\"@id\":\"http:\/\/zs.gromnik.pl\/zs\/konkurs-czytelniczy-dla-klas-ii-iii\/#breadcrumb\",\"itemListElement\":[{\"@type\":\"ListItem\",\"position\":1,\"name\":\"Strona g\u0142\u00f3wna\",\"item\":\"https:\/\/zs.gromnik.pl\/zs\/\"},{\"@type\":\"ListItem\",\"position\":2,\"name\":\"Konkurs czytelniczy dla klas II-III\"}]},{\"@type\":\"WebSite\",\"@id\":\"https:\/\/zs.gromnik.pl\/zs\/#website\",\"url\":\"https:\/\/zs.gromnik.pl\/zs\/\",\"name\":\"Zesp\u00f3\u0142 Szk\u00f3\u0142 w Gromniku\",\"description\":\"\",\"potentialAction\":[{\"@type\":\"SearchAction\",\"target\":{\"@type\":\"EntryPoint\",\"urlTemplate\":\"https:\/\/zs.gromnik.pl\/zs\/?s={search_term_string}\"},\"query-input\":\"required name=search_term_string\"}],\"inLanguage\":\"pl-PL\"},{\"@type\":\"Person\",\"@id\":\"https:\/\/zs.gromnik.pl\/zs\/#\/schema\/person\/b197900f67c6133faddc284ae32f97ca\",\"name\":\"admin\",\"image\":{\"@type\":\"ImageObject\",\"inLanguage\":\"pl-PL\",\"@id\":\"https:\/\/zs.gromnik.pl\/zs\/#\/schema\/person\/image\/\",\"url\":\"http:\/\/0.gravatar.com\/avatar\/f8a2f876dbcc8c8edd809a8ca77a2abe?s=96&d=mm&r=g\",\"contentUrl\":\"http:\/\/0.gravatar.com\/avatar\/f8a2f876dbcc8c8edd809a8ca77a2abe?s=96&d=mm&r=g\",\"caption\":\"admin\"},\"url\":\"http:\/\/zs.gromnik.pl\/zs\/author\/admin\/\"}]}<\/script>\n<!-- \/ Yoast SEO plugin. -->","yoast_head_json":{"title":"Konkurs czytelniczy dla klas II-III - Zesp\u00f3\u0142 Szk\u00f3\u0142 w Gromniku","description":"Zesp\u00f3\u0142 Szk\u00f3\u0142 w Gromniku","robots":{"index":"index","follow":"follow","max-snippet":"max-snippet:-1","max-image-preview":"max-image-preview:large","max-video-preview":"max-video-preview:-1"},"canonical":"http:\/\/zs.gromnik.pl\/zs\/konkurs-czytelniczy-dla-klas-ii-iii\/","og_locale":"pl_PL","og_type":"article","og_title":"Konkurs czytelniczy dla klas II-III - Zesp\u00f3\u0142 Szk\u00f3\u0142 w Gromniku","og_description":"Zesp\u00f3\u0142 Szk\u00f3\u0142 w Gromniku","og_url":"http:\/\/zs.gromnik.pl\/zs\/konkurs-czytelniczy-dla-klas-ii-iii\/","og_site_name":"Zesp\u00f3\u0142 Szk\u00f3\u0142 w Gromniku","article_publisher":"https:\/\/www.facebook.com\/zsgromnik","article_published_time":"2024-01-11T06:54:34+00:00","article_modified_time":"2024-01-11T06:55:07+00:00","og_image":[{"width":500,"height":375,"url":"http:\/\/zs.gromnik.pl\/zs\/wp-content\/uploads\/2024\/01\/2312.jpg","type":"image\/jpeg"}],"author":"admin","twitter_card":"summary_large_image","twitter_misc":{"Napisane przez":"admin"},"schema":{"@context":"https:\/\/schema.org","@graph":[{"@type":"WebPage","@id":"http:\/\/zs.gromnik.pl\/zs\/konkurs-czytelniczy-dla-klas-ii-iii\/","url":"http:\/\/zs.gromnik.pl\/zs\/konkurs-czytelniczy-dla-klas-ii-iii\/","name":"Konkurs czytelniczy dla klas II-III - Zesp\u00f3\u0142 Szk\u00f3\u0142 w Gromniku","isPartOf":{"@id":"https:\/\/zs.gromnik.pl\/zs\/#website"},"datePublished":"2024-01-11T06:54:34+00:00","dateModified":"2024-01-11T06:55:07+00:00","author":{"@id":"https:\/\/zs.gromnik.pl\/zs\/#\/schema\/person\/b197900f67c6133faddc284ae32f97ca"},"description":"Zesp\u00f3\u0142 Szk\u00f3\u0142 w Gromniku","breadcrumb":{"@id":"http:\/\/zs.gromnik.pl\/zs\/konkurs-czytelniczy-dla-klas-ii-iii\/#breadcrumb"},"inLanguage":"pl-PL","potentialAction":[{"@type":"ReadAction","target":["http:\/\/zs.gromnik.pl\/zs\/konkurs-czytelniczy-dla-klas-ii-iii\/"]}]},{"@type":"BreadcrumbList","@id":"http:\/\/zs.gromnik.pl\/zs\/konkurs-czytelniczy-dla-klas-ii-iii\/#breadcrumb","itemListElement":[{"@type":"ListItem","position":1,"name":"Strona g\u0142\u00f3wna","item":"https:\/\/zs.gromnik.pl\/zs\/"},{"@type":"ListItem","position":2,"name":"Konkurs czytelniczy dla klas II-III"}]},{"@type":"WebSite","@id":"https:\/\/zs.gromnik.pl\/zs\/#website","url":"https:\/\/zs.gromnik.pl\/zs\/","name":"Zesp\u00f3\u0142 Szk\u00f3\u0142 w Gromniku","description":"","potentialAction":[{"@type":"SearchAction","target":{"@type":"EntryPoint","urlTemplate":"https:\/\/zs.gromnik.pl\/zs\/?s={search_term_string}"},"query-input":"required name=search_term_string"}],"inLanguage":"pl-PL"},{"@type":"Person","@id":"https:\/\/zs.gromnik.pl\/zs\/#\/schema\/person\/b197900f67c6133faddc284ae32f97ca","name":"admin","image":{"@type":"ImageObject","inLanguage":"pl-PL","@id":"https:\/\/zs.gromnik.pl\/zs\/#\/schema\/person\/image\/","url":"http:\/\/0.gravatar.com\/avatar\/f8a2f876dbcc8c8edd809a8ca77a2abe?s=96&d=mm&r=g","contentUrl":"http:\/\/0.gravatar.com\/avatar\/f8a2f876dbcc8c8edd809a8ca77a2abe?s=96&d=mm&r=g","caption":"admin"},"url":"http:\/\/zs.gromnik.pl\/zs\/author\/admin\/"}]}},"_links":{"self":[{"href":"http:\/\/zs.gromnik.pl\/zs\/wp-json\/wp\/v2\/posts\/14846"}],"collection":[{"href":"http:\/\/zs.gromnik.pl\/zs\/wp-json\/wp\/v2\/posts"}],"about":[{"href":"http:\/\/zs.gromnik.pl\/zs\/wp-json\/wp\/v2\/types\/post"}],"author":[{"embeddable":true,"href":"http:\/\/zs.gromnik.pl\/zs\/wp-json\/wp\/v2\/users\/1"}],"replies":[{"embeddable":true,"href":"http:\/\/zs.gromnik.pl\/zs\/wp-json\/wp\/v2\/comments?post=14846"}],"version-history":[{"count":4,"href":"http:\/\/zs.gromnik.pl\/zs\/wp-json\/wp\/v2\/posts\/14846\/revisions"}],"predecessor-version":[{"id":14858,"href":"http:\/\/zs.gromnik.pl\/zs\/wp-json\/wp\/v2\/posts\/14846\/revisions\/14858"}],"wp:featuredmedia":[{"embeddable":true,"href":"http:\/\/zs.gromnik.pl\/zs\/wp-json\/wp\/v2\/media\/14855"}],"wp:attachment":[{"href":"http:\/\/zs.gromnik.pl\/zs\/wp-json\/wp\/v2\/media?parent=14846"}],"wp:term":[{"taxonomy":"category","embeddable":true,"href":"http:\/\/zs.gromnik.pl\/zs\/wp-json\/wp\/v2\/categories?post=14846"},{"taxonomy":"post_tag","embeddable":true,"href":"http:\/\/zs.gromnik.pl\/zs\/wp-json\/wp\/v2\/tags?post=14846"}],"curies":[{"name":"wp","href":"https:\/\/api.w.org\/{rel}","templated":true}]}}