{"id":17499,"date":"2025-04-21T13:53:08","date_gmt":"2025-04-21T11:53:08","guid":{"rendered":"https:\/\/zs.gromnik.pl\/zs\/?p=17499"},"modified":"2025-04-21T15:12:09","modified_gmt":"2025-04-21T13:12:09","slug":"grant-dla-zespolu-szkol-w-gromniku","status":"publish","type":"post","link":"http:\/\/zs.gromnik.pl\/zs\/grant-dla-zespolu-szkol-w-gromniku\/","title":{"rendered":"Grant dla Zespo\u0142u Szk\u00f3\u0142 w Gromniku"},"content":{"rendered":"\n<h3>Realizacja grantu z Krajowego Planu Odbudowy i Zwi\u0119kszania Odporno\u015bci<\/h3>\n\n\n\n<figure class=\"wp-block-image size-large\"><img loading=\"lazy\" width=\"1024\" height=\"126\" src=\"https:\/\/zs.gromnik.pl\/zs\/wp-content\/uploads\/2025\/04\/image-1024x126.png\" alt=\"\" class=\"wp-image-17500\" srcset=\"http:\/\/zs.gromnik.pl\/zs\/wp-content\/uploads\/2025\/04\/image-1024x126.png 1024w, http:\/\/zs.gromnik.pl\/zs\/wp-content\/uploads\/2025\/04\/image-300x37.png 300w, http:\/\/zs.gromnik.pl\/zs\/wp-content\/uploads\/2025\/04\/image-768x95.png 768w, http:\/\/zs.gromnik.pl\/zs\/wp-content\/uploads\/2025\/04\/image-1140x141.png 1140w, http:\/\/zs.gromnik.pl\/zs\/wp-content\/uploads\/2025\/04\/image.png 1344w\" sizes=\"(max-width: 1024px) 100vw, 1024px\" \/><\/figure>\n\n\n\n<p>Zesp\u00f3\u0142 Szk\u00f3\u0142 w Gromniku z rado\u015bci\u0105 informuje, \u017ce w ramach projektu finansowanego z <strong>Krajowego Planu Odbudowy i Zwi\u0119kszania Odporno\u015bci (KPO)<\/strong> oraz ze \u015brodk\u00f3w Unii Europejskiej \u2013 <strong>NextGenerationEU<\/strong>, nasza plac\u00f3wka otrzyma\u0142a <strong>grant w wysoko\u015bci 6 366 z\u0142 netto<\/strong>.<\/p>\n\n\n\n<p>\u015arodki zosta\u0142y przeznaczone na <strong>zakup urz\u0105dzenia wielofunkcyjnego<\/strong>, kt\u00f3re b\u0119dzie wykorzystywane w codziennej pracy nauczycieli wychowania przedszkolnego oraz wspiera\u0142o realizacj\u0119 dzia\u0142a\u0144 edukacyjnych z dzie\u0107mi.<\/p>\n\n\n\n<p>Dzi\u0119kujemy za mo\u017cliwo\u015b\u0107 udzia\u0142u w tym wa\u017cnym przedsi\u0119wzi\u0119ciu, kt\u00f3rego celem jest wspieranie rozwoju edukacji przedszkolnej i wdra\u017canie nowoczesnych rozwi\u0105za\u0144 dydaktycznych.<\/p>\n","protected":false},"excerpt":{"rendered":"<p>Realizacja grantu z Krajowego Planu Odbudowy i Zwi\u0119kszania Odporno\u015bci Zesp\u00f3\u0142 Szk\u00f3\u0142 w Gromniku z rado\u015bci\u0105 informuje, \u017ce w ramach projektu finansowanego z Krajowego Planu Odbudowy i Zwi\u0119kszania Odporno\u015bci (KPO) oraz ze \u015brodk\u00f3w Unii Europejskiej \u2013 NextGenerationEU, nasza plac\u00f3wka otrzyma\u0142a grant w wysoko\u015bci 6 366 z\u0142 netto. \u015arodki zosta\u0142y przeznaczone na zakup urz\u0105dzenia wielofunkcyjnego, kt\u00f3re b\u0119dzie wykorzystywane w codziennej pracy nauczycieli wychowania przedszkolnego oraz wspiera\u0142o realizacj\u0119 dzia\u0142a\u0144 edukacyjnych z dzie\u0107mi. Dzi\u0119kujemy za mo\u017cliwo\u015b\u0107 udzia\u0142u w tym wa\u017cnym przedsi\u0119wzi\u0119ciu, kt\u00f3rego celem jest wspieranie rozwoju edukacji przedszkolnej i wdra\u017canie nowoczesnych rozwi\u0105za\u0144 dydaktycznych.<\/p>\n","protected":false},"author":6,"featured_media":17501,"comment_status":"closed","ping_status":"open","sticky":false,"template":"","format":"standard","meta":[],"categories":[3],"tags":[83,75,85,84],"yoast_head":"<!-- This site is optimized with the Yoast SEO plugin v19.8 - https:\/\/yoast.com\/wordpress\/plugins\/seo\/ -->\n<title>Grant dla Zespo\u0142u Szk\u00f3\u0142 w Gromniku - Zesp\u00f3\u0142 Szk\u00f3\u0142 w Gromniku<\/title>\n<meta name=\"description\" content=\"Zesp\u00f3\u0142 Szk\u00f3\u0142 w Gromniku\" \/>\n<meta name=\"robots\" content=\"index, follow, max-snippet:-1, max-image-preview:large, max-video-preview:-1\" \/>\n<link rel=\"canonical\" href=\"http:\/\/zs.gromnik.pl\/zs\/grant-dla-zespolu-szkol-w-gromniku\/\" \/>\n<meta property=\"og:locale\" content=\"pl_PL\" \/>\n<meta property=\"og:type\" content=\"article\" \/>\n<meta property=\"og:title\" content=\"Grant dla Zespo\u0142u Szk\u00f3\u0142 w Gromniku - Zesp\u00f3\u0142 Szk\u00f3\u0142 w Gromniku\" \/>\n<meta property=\"og:description\" content=\"Zesp\u00f3\u0142 Szk\u00f3\u0142 w Gromniku\" \/>\n<meta property=\"og:url\" content=\"http:\/\/zs.gromnik.pl\/zs\/grant-dla-zespolu-szkol-w-gromniku\/\" \/>\n<meta property=\"og:site_name\" content=\"Zesp\u00f3\u0142 Szk\u00f3\u0142 w Gromniku\" \/>\n<meta property=\"article:publisher\" content=\"https:\/\/www.facebook.com\/zsgromnik\" \/>\n<meta property=\"article:published_time\" content=\"2025-04-21T11:53:08+00:00\" \/>\n<meta property=\"article:modified_time\" content=\"2025-04-21T13:12:09+00:00\" \/>\n<meta property=\"og:image\" content=\"http:\/\/zs.gromnik.pl\/zs\/wp-content\/uploads\/2025\/04\/ChatGPT-Image-21-kwi-2025-13_33_09-e1745236258232.png\" \/>\n\t<meta property=\"og:image:width\" content=\"500\" \/>\n\t<meta property=\"og:image:height\" content=\"258\" \/>\n\t<meta property=\"og:image:type\" content=\"image\/png\" \/>\n<meta name=\"author\" content=\"Patrycja Kubicz\" \/>\n<meta name=\"twitter:card\" content=\"summary_large_image\" \/>\n<meta name=\"twitter:label1\" content=\"Napisane przez\" \/>\n\t<meta name=\"twitter:data1\" content=\"Patrycja Kubicz\" \/>\n\t<meta name=\"twitter:label2\" content=\"Szacowany czas czytania\" \/>\n\t<meta name=\"twitter:data2\" content=\"1 minuta\" \/>\n<script type=\"application\/ld+json\" class=\"yoast-schema-graph\">{\"@context\":\"https:\/\/schema.org\",\"@graph\":[{\"@type\":\"WebPage\",\"@id\":\"http:\/\/zs.gromnik.pl\/zs\/grant-dla-zespolu-szkol-w-gromniku\/\",\"url\":\"http:\/\/zs.gromnik.pl\/zs\/grant-dla-zespolu-szkol-w-gromniku\/\",\"name\":\"Grant dla Zespo\u0142u Szk\u00f3\u0142 w Gromniku - Zesp\u00f3\u0142 Szk\u00f3\u0142 w Gromniku\",\"isPartOf\":{\"@id\":\"https:\/\/zs.gromnik.pl\/zs\/#website\"},\"datePublished\":\"2025-04-21T11:53:08+00:00\",\"dateModified\":\"2025-04-21T13:12:09+00:00\",\"author\":{\"@id\":\"https:\/\/zs.gromnik.pl\/zs\/#\/schema\/person\/8ceca2902a7d39b77622ae2e117d831a\"},\"description\":\"Zesp\u00f3\u0142 Szk\u00f3\u0142 w Gromniku\",\"breadcrumb\":{\"@id\":\"http:\/\/zs.gromnik.pl\/zs\/grant-dla-zespolu-szkol-w-gromniku\/#breadcrumb\"},\"inLanguage\":\"pl-PL\",\"potentialAction\":[{\"@type\":\"ReadAction\",\"target\":[\"http:\/\/zs.gromnik.pl\/zs\/grant-dla-zespolu-szkol-w-gromniku\/\"]}]},{\"@type\":\"BreadcrumbList\",\"@id\":\"http:\/\/zs.gromnik.pl\/zs\/grant-dla-zespolu-szkol-w-gromniku\/#breadcrumb\",\"itemListElement\":[{\"@type\":\"ListItem\",\"position\":1,\"name\":\"Strona g\u0142\u00f3wna\",\"item\":\"https:\/\/zs.gromnik.pl\/zs\/\"},{\"@type\":\"ListItem\",\"position\":2,\"name\":\"Grant dla Zespo\u0142u Szk\u00f3\u0142 w Gromniku\"}]},{\"@type\":\"WebSite\",\"@id\":\"https:\/\/zs.gromnik.pl\/zs\/#website\",\"url\":\"https:\/\/zs.gromnik.pl\/zs\/\",\"name\":\"Zesp\u00f3\u0142 Szk\u00f3\u0142 w Gromniku\",\"description\":\"\",\"potentialAction\":[{\"@type\":\"SearchAction\",\"target\":{\"@type\":\"EntryPoint\",\"urlTemplate\":\"https:\/\/zs.gromnik.pl\/zs\/?s={search_term_string}\"},\"query-input\":\"required name=search_term_string\"}],\"inLanguage\":\"pl-PL\"},{\"@type\":\"Person\",\"@id\":\"https:\/\/zs.gromnik.pl\/zs\/#\/schema\/person\/8ceca2902a7d39b77622ae2e117d831a\",\"name\":\"Patrycja Kubicz\",\"image\":{\"@type\":\"ImageObject\",\"inLanguage\":\"pl-PL\",\"@id\":\"https:\/\/zs.gromnik.pl\/zs\/#\/schema\/person\/image\/\",\"url\":\"http:\/\/0.gravatar.com\/avatar\/fdb188d3851f5cc80ba3148c853f5f66?s=96&d=mm&r=g\",\"contentUrl\":\"http:\/\/0.gravatar.com\/avatar\/fdb188d3851f5cc80ba3148c853f5f66?s=96&d=mm&r=g\",\"caption\":\"Patrycja Kubicz\"},\"url\":\"http:\/\/zs.gromnik.pl\/zs\/author\/pkubicz\/\"}]}<\/script>\n<!-- \/ Yoast SEO plugin. -->","yoast_head_json":{"title":"Grant dla Zespo\u0142u Szk\u00f3\u0142 w Gromniku - Zesp\u00f3\u0142 Szk\u00f3\u0142 w Gromniku","description":"Zesp\u00f3\u0142 Szk\u00f3\u0142 w Gromniku","robots":{"index":"index","follow":"follow","max-snippet":"max-snippet:-1","max-image-preview":"max-image-preview:large","max-video-preview":"max-video-preview:-1"},"canonical":"http:\/\/zs.gromnik.pl\/zs\/grant-dla-zespolu-szkol-w-gromniku\/","og_locale":"pl_PL","og_type":"article","og_title":"Grant dla Zespo\u0142u Szk\u00f3\u0142 w Gromniku - Zesp\u00f3\u0142 Szk\u00f3\u0142 w Gromniku","og_description":"Zesp\u00f3\u0142 Szk\u00f3\u0142 w Gromniku","og_url":"http:\/\/zs.gromnik.pl\/zs\/grant-dla-zespolu-szkol-w-gromniku\/","og_site_name":"Zesp\u00f3\u0142 Szk\u00f3\u0142 w Gromniku","article_publisher":"https:\/\/www.facebook.com\/zsgromnik","article_published_time":"2025-04-21T11:53:08+00:00","article_modified_time":"2025-04-21T13:12:09+00:00","og_image":[{"width":500,"height":258,"url":"http:\/\/zs.gromnik.pl\/zs\/wp-content\/uploads\/2025\/04\/ChatGPT-Image-21-kwi-2025-13_33_09-e1745236258232.png","type":"image\/png"}],"author":"Patrycja Kubicz","twitter_card":"summary_large_image","twitter_misc":{"Napisane przez":"Patrycja Kubicz","Szacowany czas czytania":"1 minuta"},"schema":{"@context":"https:\/\/schema.org","@graph":[{"@type":"WebPage","@id":"http:\/\/zs.gromnik.pl\/zs\/grant-dla-zespolu-szkol-w-gromniku\/","url":"http:\/\/zs.gromnik.pl\/zs\/grant-dla-zespolu-szkol-w-gromniku\/","name":"Grant dla Zespo\u0142u Szk\u00f3\u0142 w Gromniku - Zesp\u00f3\u0142 Szk\u00f3\u0142 w Gromniku","isPartOf":{"@id":"https:\/\/zs.gromnik.pl\/zs\/#website"},"datePublished":"2025-04-21T11:53:08+00:00","dateModified":"2025-04-21T13:12:09+00:00","author":{"@id":"https:\/\/zs.gromnik.pl\/zs\/#\/schema\/person\/8ceca2902a7d39b77622ae2e117d831a"},"description":"Zesp\u00f3\u0142 Szk\u00f3\u0142 w Gromniku","breadcrumb":{"@id":"http:\/\/zs.gromnik.pl\/zs\/grant-dla-zespolu-szkol-w-gromniku\/#breadcrumb"},"inLanguage":"pl-PL","potentialAction":[{"@type":"ReadAction","target":["http:\/\/zs.gromnik.pl\/zs\/grant-dla-zespolu-szkol-w-gromniku\/"]}]},{"@type":"BreadcrumbList","@id":"http:\/\/zs.gromnik.pl\/zs\/grant-dla-zespolu-szkol-w-gromniku\/#breadcrumb","itemListElement":[{"@type":"ListItem","position":1,"name":"Strona g\u0142\u00f3wna","item":"https:\/\/zs.gromnik.pl\/zs\/"},{"@type":"ListItem","position":2,"name":"Grant dla Zespo\u0142u Szk\u00f3\u0142 w Gromniku"}]},{"@type":"WebSite","@id":"https:\/\/zs.gromnik.pl\/zs\/#website","url":"https:\/\/zs.gromnik.pl\/zs\/","name":"Zesp\u00f3\u0142 Szk\u00f3\u0142 w Gromniku","description":"","potentialAction":[{"@type":"SearchAction","target":{"@type":"EntryPoint","urlTemplate":"https:\/\/zs.gromnik.pl\/zs\/?s={search_term_string}"},"query-input":"required name=search_term_string"}],"inLanguage":"pl-PL"},{"@type":"Person","@id":"https:\/\/zs.gromnik.pl\/zs\/#\/schema\/person\/8ceca2902a7d39b77622ae2e117d831a","name":"Patrycja Kubicz","image":{"@type":"ImageObject","inLanguage":"pl-PL","@id":"https:\/\/zs.gromnik.pl\/zs\/#\/schema\/person\/image\/","url":"http:\/\/0.gravatar.com\/avatar\/fdb188d3851f5cc80ba3148c853f5f66?s=96&d=mm&r=g","contentUrl":"http:\/\/0.gravatar.com\/avatar\/fdb188d3851f5cc80ba3148c853f5f66?s=96&d=mm&r=g","caption":"Patrycja Kubicz"},"url":"http:\/\/zs.gromnik.pl\/zs\/author\/pkubicz\/"}]}},"_links":{"self":[{"href":"http:\/\/zs.gromnik.pl\/zs\/wp-json\/wp\/v2\/posts\/17499"}],"collection":[{"href":"http:\/\/zs.gromnik.pl\/zs\/wp-json\/wp\/v2\/posts"}],"about":[{"href":"http:\/\/zs.gromnik.pl\/zs\/wp-json\/wp\/v2\/types\/post"}],"author":[{"embeddable":true,"href":"http:\/\/zs.gromnik.pl\/zs\/wp-json\/wp\/v2\/users\/6"}],"replies":[{"embeddable":true,"href":"http:\/\/zs.gromnik.pl\/zs\/wp-json\/wp\/v2\/comments?post=17499"}],"version-history":[{"count":1,"href":"http:\/\/zs.gromnik.pl\/zs\/wp-json\/wp\/v2\/posts\/17499\/revisions"}],"predecessor-version":[{"id":17502,"href":"http:\/\/zs.gromnik.pl\/zs\/wp-json\/wp\/v2\/posts\/17499\/revisions\/17502"}],"wp:featuredmedia":[{"embeddable":true,"href":"http:\/\/zs.gromnik.pl\/zs\/wp-json\/wp\/v2\/media\/17501"}],"wp:attachment":[{"href":"http:\/\/zs.gromnik.pl\/zs\/wp-json\/wp\/v2\/media?parent=17499"}],"wp:term":[{"taxonomy":"category","embeddable":true,"href":"http:\/\/zs.gromnik.pl\/zs\/wp-json\/wp\/v2\/categories?post=17499"},{"taxonomy":"post_tag","embeddable":true,"href":"http:\/\/zs.gromnik.pl\/zs\/wp-json\/wp\/v2\/tags?post=17499"}],"curies":[{"name":"wp","href":"https:\/\/api.w.org\/{rel}","templated":true}]}}