{"id":19481,"date":"2026-02-28T23:10:27","date_gmt":"2026-02-28T22:10:27","guid":{"rendered":"https:\/\/zs.gromnik.pl\/zs\/?p=19481"},"modified":"2026-02-28T23:23:53","modified_gmt":"2026-02-28T22:23:53","slug":"luty-z-cukierkiem-ksiazki-z-pazurem","status":"publish","type":"post","link":"http:\/\/zs.gromnik.pl\/zs\/luty-z-cukierkiem-ksiazki-z-pazurem\/","title":{"rendered":"\u201eLuty z Cukierkiem \u2013 Ksi\u0105\u017cki z Pazurem\u201d."},"content":{"rendered":"\n<p>Uczniowie Szko\u0142y Podstawowej im. W. Witosa w Gromniku wzi\u0119li udzia\u0142 w og\u00f3lnopolskiej akcji czytelniczej \u201eLuty z Cukierkiem \u2013 Ksi\u0105\u017cki z Pazurem\u201d. Celem inicjatywy by\u0142o promowanie czytelnictwa w\u015br\u00f3d dzieci oraz rozwijanie ich zainteresowa\u0144 literackich poprzez wsp\u00f3lne poznawanie przyg\u00f3d kota Cukierka.<\/p>\n\n\n\n<p>Uczniowie klasy 2 b z zaanga\u017cowaniem uczestniczyli w czytaniu fragment\u00f3w ksi\u0105\u017cek. Wyj\u0105tkowym wydarzeniem dla uczni\u00f3w by\u0142o czytanie ksi\u0105\u017cki zaproszonym przedszkolakom. Drugoklasi\u015bci z dum\u0105 wcielili si\u0119 w rol\u0119 lektor\u00f3w, prezentuj\u0105c m\u0142odszym kolegom przygody Cukierka.<\/p>\n\n\n\n<p>Na zako\u0144czenie akcji uczniowie pomogli przedszkolakom wykona\u0107 prac\u0119 plastyczn\u0105 &#8211; oczywi\u015bcie kota.  Wsp\u00f3lne tworzenie by\u0142o okazj\u0105 do integracji oraz rozwijania kreatywno\u015bci.<\/p>\n\n\n\n<p>@KotCukierek<\/p>\n\n\n\n<p><a href=\"https:\/\/www.facebook.com\/KotCukierek\">https:\/\/www.facebook.com\/KotCukierek<\/a><\/p>\n\n\n\n<p><\/p>\n\n\n\n<p><\/p>\n\n\n\n<figure class=\"wp-container-2 wp-block-gallery-1 wp-block-gallery has-nested-images columns-default is-cropped\">\n<figure class=\"wp-block-image size-large\"><img loading=\"lazy\" width=\"768\" height=\"1024\" data-id=\"19485\"  src=\"https:\/\/zs.gromnik.pl\/zs\/wp-content\/uploads\/2026\/02\/e5bb114c-aa28-4156-9180-42ded27486ce-768x1024.jpg\" alt=\"\" class=\"wp-image-19485\" srcset=\"http:\/\/zs.gromnik.pl\/zs\/wp-content\/uploads\/2026\/02\/e5bb114c-aa28-4156-9180-42ded27486ce-768x1024.jpg 768w, http:\/\/zs.gromnik.pl\/zs\/wp-content\/uploads\/2026\/02\/e5bb114c-aa28-4156-9180-42ded27486ce-225x300.jpg 225w, http:\/\/zs.gromnik.pl\/zs\/wp-content\/uploads\/2026\/02\/e5bb114c-aa28-4156-9180-42ded27486ce-1152x1536.jpg 1152w, http:\/\/zs.gromnik.pl\/zs\/wp-content\/uploads\/2026\/02\/e5bb114c-aa28-4156-9180-42ded27486ce-1140x1520.jpg 1140w, http:\/\/zs.gromnik.pl\/zs\/wp-content\/uploads\/2026\/02\/e5bb114c-aa28-4156-9180-42ded27486ce.jpg 1394w\" sizes=\"(max-width: 768px) 100vw, 768px\" \/><\/figure>\n\n\n\n<figure class=\"wp-block-image size-large\"><img loading=\"lazy\" width=\"1024\" height=\"849\" data-id=\"19496\"  src=\"https:\/\/zs.gromnik.pl\/zs\/wp-content\/uploads\/2026\/02\/64926161-4f89-42ed-a8ef-52e29512b118-1024x849.jpg\" alt=\"\" class=\"wp-image-19496\" srcset=\"http:\/\/zs.gromnik.pl\/zs\/wp-content\/uploads\/2026\/02\/64926161-4f89-42ed-a8ef-52e29512b118-1024x849.jpg 1024w, http:\/\/zs.gromnik.pl\/zs\/wp-content\/uploads\/2026\/02\/64926161-4f89-42ed-a8ef-52e29512b118-300x249.jpg 300w, http:\/\/zs.gromnik.pl\/zs\/wp-content\/uploads\/2026\/02\/64926161-4f89-42ed-a8ef-52e29512b118-768x637.jpg 768w, http:\/\/zs.gromnik.pl\/zs\/wp-content\/uploads\/2026\/02\/64926161-4f89-42ed-a8ef-52e29512b118-1536x1273.jpg 1536w, http:\/\/zs.gromnik.pl\/zs\/wp-content\/uploads\/2026\/02\/64926161-4f89-42ed-a8ef-52e29512b118-1140x945.jpg 1140w, http:\/\/zs.gromnik.pl\/zs\/wp-content\/uploads\/2026\/02\/64926161-4f89-42ed-a8ef-52e29512b118.jpg 2046w\" sizes=\"(max-width: 1024px) 100vw, 1024px\" \/><\/figure>\n\n\n\n<figure class=\"wp-block-image size-large\"><img loading=\"lazy\" width=\"1024\" height=\"768\" data-id=\"19492\"  src=\"https:\/\/zs.gromnik.pl\/zs\/wp-content\/uploads\/2026\/02\/ef38b704-76a9-40a8-82d6-643dd14a965d-1024x768.jpg\" alt=\"\" class=\"wp-image-19492\" srcset=\"http:\/\/zs.gromnik.pl\/zs\/wp-content\/uploads\/2026\/02\/ef38b704-76a9-40a8-82d6-643dd14a965d-1024x768.jpg 1024w, http:\/\/zs.gromnik.pl\/zs\/wp-content\/uploads\/2026\/02\/ef38b704-76a9-40a8-82d6-643dd14a965d-300x225.jpg 300w, http:\/\/zs.gromnik.pl\/zs\/wp-content\/uploads\/2026\/02\/ef38b704-76a9-40a8-82d6-643dd14a965d-768x576.jpg 768w, http:\/\/zs.gromnik.pl\/zs\/wp-content\/uploads\/2026\/02\/ef38b704-76a9-40a8-82d6-643dd14a965d-1536x1152.jpg 1536w, http:\/\/zs.gromnik.pl\/zs\/wp-content\/uploads\/2026\/02\/ef38b704-76a9-40a8-82d6-643dd14a965d-1140x855.jpg 1140w, http:\/\/zs.gromnik.pl\/zs\/wp-content\/uploads\/2026\/02\/ef38b704-76a9-40a8-82d6-643dd14a965d.jpg 1734w\" sizes=\"(max-width: 1024px) 100vw, 1024px\" \/><\/figure>\n\n\n\n<figure class=\"wp-block-image size-large\"><img loading=\"lazy\" width=\"1024\" height=\"768\" data-id=\"19484\"  src=\"https:\/\/zs.gromnik.pl\/zs\/wp-content\/uploads\/2026\/02\/ef1131f9-6e07-4bf9-86b7-29afb4992911-1024x768.jpg\" alt=\"\" class=\"wp-image-19484\" srcset=\"http:\/\/zs.gromnik.pl\/zs\/wp-content\/uploads\/2026\/02\/ef1131f9-6e07-4bf9-86b7-29afb4992911-1024x768.jpg 1024w, http:\/\/zs.gromnik.pl\/zs\/wp-content\/uploads\/2026\/02\/ef1131f9-6e07-4bf9-86b7-29afb4992911-300x225.jpg 300w, http:\/\/zs.gromnik.pl\/zs\/wp-content\/uploads\/2026\/02\/ef1131f9-6e07-4bf9-86b7-29afb4992911-768x576.jpg 768w, http:\/\/zs.gromnik.pl\/zs\/wp-content\/uploads\/2026\/02\/ef1131f9-6e07-4bf9-86b7-29afb4992911-1536x1152.jpg 1536w, http:\/\/zs.gromnik.pl\/zs\/wp-content\/uploads\/2026\/02\/ef1131f9-6e07-4bf9-86b7-29afb4992911-1140x855.jpg 1140w, http:\/\/zs.gromnik.pl\/zs\/wp-content\/uploads\/2026\/02\/ef1131f9-6e07-4bf9-86b7-29afb4992911.jpg 1734w\" sizes=\"(max-width: 1024px) 100vw, 1024px\" \/><\/figure>\n\n\n\n<figure class=\"wp-block-image size-large\"><img loading=\"lazy\" width=\"1024\" height=\"768\" data-id=\"19487\"  src=\"https:\/\/zs.gromnik.pl\/zs\/wp-content\/uploads\/2026\/02\/a55cb9f5-0ff1-48c9-9746-191e00aa9808-1024x768.jpg\" alt=\"\" class=\"wp-image-19487\" srcset=\"http:\/\/zs.gromnik.pl\/zs\/wp-content\/uploads\/2026\/02\/a55cb9f5-0ff1-48c9-9746-191e00aa9808-1024x768.jpg 1024w, http:\/\/zs.gromnik.pl\/zs\/wp-content\/uploads\/2026\/02\/a55cb9f5-0ff1-48c9-9746-191e00aa9808-300x225.jpg 300w, http:\/\/zs.gromnik.pl\/zs\/wp-content\/uploads\/2026\/02\/a55cb9f5-0ff1-48c9-9746-191e00aa9808-768x576.jpg 768w, http:\/\/zs.gromnik.pl\/zs\/wp-content\/uploads\/2026\/02\/a55cb9f5-0ff1-48c9-9746-191e00aa9808-1536x1152.jpg 1536w, http:\/\/zs.gromnik.pl\/zs\/wp-content\/uploads\/2026\/02\/a55cb9f5-0ff1-48c9-9746-191e00aa9808-1140x855.jpg 1140w, http:\/\/zs.gromnik.pl\/zs\/wp-content\/uploads\/2026\/02\/a55cb9f5-0ff1-48c9-9746-191e00aa9808.jpg 1734w\" sizes=\"(max-width: 1024px) 100vw, 1024px\" \/><\/figure>\n\n\n\n<figure class=\"wp-block-image size-large\"><img loading=\"lazy\" width=\"768\" height=\"1024\" data-id=\"19486\"  src=\"https:\/\/zs.gromnik.pl\/zs\/wp-content\/uploads\/2026\/02\/eae1bcc9-cb21-4626-b479-2d6df352a7e1-768x1024.jpg\" alt=\"\" class=\"wp-image-19486\" srcset=\"http:\/\/zs.gromnik.pl\/zs\/wp-content\/uploads\/2026\/02\/eae1bcc9-cb21-4626-b479-2d6df352a7e1-768x1024.jpg 768w, http:\/\/zs.gromnik.pl\/zs\/wp-content\/uploads\/2026\/02\/eae1bcc9-cb21-4626-b479-2d6df352a7e1-225x300.jpg 225w, http:\/\/zs.gromnik.pl\/zs\/wp-content\/uploads\/2026\/02\/eae1bcc9-cb21-4626-b479-2d6df352a7e1-1152x1536.jpg 1152w, http:\/\/zs.gromnik.pl\/zs\/wp-content\/uploads\/2026\/02\/eae1bcc9-cb21-4626-b479-2d6df352a7e1-1140x1519.jpg 1140w, http:\/\/zs.gromnik.pl\/zs\/wp-content\/uploads\/2026\/02\/eae1bcc9-cb21-4626-b479-2d6df352a7e1.jpg 1301w\" sizes=\"(max-width: 768px) 100vw, 768px\" \/><\/figure>\n\n\n\n<figure class=\"wp-block-image size-large\"><img loading=\"lazy\" width=\"1024\" height=\"768\" data-id=\"19490\"  src=\"https:\/\/zs.gromnik.pl\/zs\/wp-content\/uploads\/2026\/02\/9e3c5d11-c4d8-4796-a2b7-c519b652d0f6-1024x768.jpg\" alt=\"\" class=\"wp-image-19490\" srcset=\"http:\/\/zs.gromnik.pl\/zs\/wp-content\/uploads\/2026\/02\/9e3c5d11-c4d8-4796-a2b7-c519b652d0f6-1024x768.jpg 1024w, http:\/\/zs.gromnik.pl\/zs\/wp-content\/uploads\/2026\/02\/9e3c5d11-c4d8-4796-a2b7-c519b652d0f6-300x225.jpg 300w, http:\/\/zs.gromnik.pl\/zs\/wp-content\/uploads\/2026\/02\/9e3c5d11-c4d8-4796-a2b7-c519b652d0f6-768x576.jpg 768w, http:\/\/zs.gromnik.pl\/zs\/wp-content\/uploads\/2026\/02\/9e3c5d11-c4d8-4796-a2b7-c519b652d0f6-1536x1152.jpg 1536w, http:\/\/zs.gromnik.pl\/zs\/wp-content\/uploads\/2026\/02\/9e3c5d11-c4d8-4796-a2b7-c519b652d0f6-1140x855.jpg 1140w, http:\/\/zs.gromnik.pl\/zs\/wp-content\/uploads\/2026\/02\/9e3c5d11-c4d8-4796-a2b7-c519b652d0f6.jpg 1734w\" sizes=\"(max-width: 1024px) 100vw, 1024px\" \/><\/figure>\n\n\n\n<figure class=\"wp-block-image size-large\"><img loading=\"lazy\" width=\"1024\" height=\"768\" data-id=\"19489\"  src=\"https:\/\/zs.gromnik.pl\/zs\/wp-content\/uploads\/2026\/02\/7e5c571f-e10c-4edb-b912-4e9effe4796f-1024x768.jpg\" alt=\"\" class=\"wp-image-19489\" srcset=\"http:\/\/zs.gromnik.pl\/zs\/wp-content\/uploads\/2026\/02\/7e5c571f-e10c-4edb-b912-4e9effe4796f-1024x768.jpg 1024w, http:\/\/zs.gromnik.pl\/zs\/wp-content\/uploads\/2026\/02\/7e5c571f-e10c-4edb-b912-4e9effe4796f-300x225.jpg 300w, http:\/\/zs.gromnik.pl\/zs\/wp-content\/uploads\/2026\/02\/7e5c571f-e10c-4edb-b912-4e9effe4796f-768x576.jpg 768w, http:\/\/zs.gromnik.pl\/zs\/wp-content\/uploads\/2026\/02\/7e5c571f-e10c-4edb-b912-4e9effe4796f-1536x1152.jpg 1536w, http:\/\/zs.gromnik.pl\/zs\/wp-content\/uploads\/2026\/02\/7e5c571f-e10c-4edb-b912-4e9effe4796f-1140x855.jpg 1140w, http:\/\/zs.gromnik.pl\/zs\/wp-content\/uploads\/2026\/02\/7e5c571f-e10c-4edb-b912-4e9effe4796f.jpg 1734w\" sizes=\"(max-width: 1024px) 100vw, 1024px\" \/><\/figure>\n\n\n\n<figure class=\"wp-block-image size-large\"><img loading=\"lazy\" width=\"768\" height=\"1024\" data-id=\"19488\"  src=\"https:\/\/zs.gromnik.pl\/zs\/wp-content\/uploads\/2026\/02\/c9f0d53b-af56-441f-8e60-7a905f5e2d34-768x1024.jpg\" alt=\"\" class=\"wp-image-19488\" srcset=\"http:\/\/zs.gromnik.pl\/zs\/wp-content\/uploads\/2026\/02\/c9f0d53b-af56-441f-8e60-7a905f5e2d34-768x1024.jpg 768w, http:\/\/zs.gromnik.pl\/zs\/wp-content\/uploads\/2026\/02\/c9f0d53b-af56-441f-8e60-7a905f5e2d34-225x300.jpg 225w, http:\/\/zs.gromnik.pl\/zs\/wp-content\/uploads\/2026\/02\/c9f0d53b-af56-441f-8e60-7a905f5e2d34-1152x1536.jpg 1152w, http:\/\/zs.gromnik.pl\/zs\/wp-content\/uploads\/2026\/02\/c9f0d53b-af56-441f-8e60-7a905f5e2d34-1140x1519.jpg 1140w, http:\/\/zs.gromnik.pl\/zs\/wp-content\/uploads\/2026\/02\/c9f0d53b-af56-441f-8e60-7a905f5e2d34.jpg 1301w\" sizes=\"(max-width: 768px) 100vw, 768px\" \/><\/figure>\n\n\n\n<figure class=\"wp-block-image size-large\"><img loading=\"lazy\" width=\"838\" height=\"1024\" data-id=\"19491\"  src=\"https:\/\/zs.gromnik.pl\/zs\/wp-content\/uploads\/2026\/02\/1d77182c-13c7-45c5-a3e6-0d77971927ed-838x1024.jpg\" alt=\"\" class=\"wp-image-19491\" srcset=\"http:\/\/zs.gromnik.pl\/zs\/wp-content\/uploads\/2026\/02\/1d77182c-13c7-45c5-a3e6-0d77971927ed-838x1024.jpg 838w, http:\/\/zs.gromnik.pl\/zs\/wp-content\/uploads\/2026\/02\/1d77182c-13c7-45c5-a3e6-0d77971927ed-246x300.jpg 246w, http:\/\/zs.gromnik.pl\/zs\/wp-content\/uploads\/2026\/02\/1d77182c-13c7-45c5-a3e6-0d77971927ed-768x938.jpg 768w, http:\/\/zs.gromnik.pl\/zs\/wp-content\/uploads\/2026\/02\/1d77182c-13c7-45c5-a3e6-0d77971927ed-1257x1536.jpg 1257w, http:\/\/zs.gromnik.pl\/zs\/wp-content\/uploads\/2026\/02\/1d77182c-13c7-45c5-a3e6-0d77971927ed-1140x1393.jpg 1140w, http:\/\/zs.gromnik.pl\/zs\/wp-content\/uploads\/2026\/02\/1d77182c-13c7-45c5-a3e6-0d77971927ed.jpg 1401w\" sizes=\"(max-width: 838px) 100vw, 838px\" \/><\/figure>\n\n\n\n<figure class=\"wp-block-image size-large\"><img loading=\"lazy\" width=\"768\" height=\"1024\" data-id=\"19495\"  src=\"https:\/\/zs.gromnik.pl\/zs\/wp-content\/uploads\/2026\/02\/ef3c9538-b2bc-453b-914d-1ae346943d8c-768x1024.jpg\" alt=\"\" class=\"wp-image-19495\" srcset=\"http:\/\/zs.gromnik.pl\/zs\/wp-content\/uploads\/2026\/02\/ef3c9538-b2bc-453b-914d-1ae346943d8c-768x1024.jpg 768w, http:\/\/zs.gromnik.pl\/zs\/wp-content\/uploads\/2026\/02\/ef3c9538-b2bc-453b-914d-1ae346943d8c-225x300.jpg 225w, http:\/\/zs.gromnik.pl\/zs\/wp-content\/uploads\/2026\/02\/ef3c9538-b2bc-453b-914d-1ae346943d8c-1152x1536.jpg 1152w, http:\/\/zs.gromnik.pl\/zs\/wp-content\/uploads\/2026\/02\/ef3c9538-b2bc-453b-914d-1ae346943d8c-1140x1519.jpg 1140w, http:\/\/zs.gromnik.pl\/zs\/wp-content\/uploads\/2026\/02\/ef3c9538-b2bc-453b-914d-1ae346943d8c.jpg 1301w\" sizes=\"(max-width: 768px) 100vw, 768px\" \/><\/figure>\n\n\n\n<figure class=\"wp-block-image size-large\"><img loading=\"lazy\" width=\"768\" height=\"1024\" data-id=\"19493\"  src=\"https:\/\/zs.gromnik.pl\/zs\/wp-content\/uploads\/2026\/02\/e14b8cb2-c7b5-4ae1-8be3-3a04481d5b98-768x1024.jpg\" alt=\"\" class=\"wp-image-19493\" srcset=\"http:\/\/zs.gromnik.pl\/zs\/wp-content\/uploads\/2026\/02\/e14b8cb2-c7b5-4ae1-8be3-3a04481d5b98-768x1024.jpg 768w, http:\/\/zs.gromnik.pl\/zs\/wp-content\/uploads\/2026\/02\/e14b8cb2-c7b5-4ae1-8be3-3a04481d5b98-225x300.jpg 225w, http:\/\/zs.gromnik.pl\/zs\/wp-content\/uploads\/2026\/02\/e14b8cb2-c7b5-4ae1-8be3-3a04481d5b98-1152x1536.jpg 1152w, http:\/\/zs.gromnik.pl\/zs\/wp-content\/uploads\/2026\/02\/e14b8cb2-c7b5-4ae1-8be3-3a04481d5b98-1140x1519.jpg 1140w, http:\/\/zs.gromnik.pl\/zs\/wp-content\/uploads\/2026\/02\/e14b8cb2-c7b5-4ae1-8be3-3a04481d5b98.jpg 1301w\" sizes=\"(max-width: 768px) 100vw, 768px\" \/><\/figure>\n\n\n\n<figure class=\"wp-block-image size-large\"><img loading=\"lazy\" width=\"768\" height=\"1024\" data-id=\"19494\"  src=\"https:\/\/zs.gromnik.pl\/zs\/wp-content\/uploads\/2026\/02\/9d4b2c77-51de-4e04-90af-6d1de47dbbd9-768x1024.jpg\" alt=\"\" class=\"wp-image-19494\" srcset=\"http:\/\/zs.gromnik.pl\/zs\/wp-content\/uploads\/2026\/02\/9d4b2c77-51de-4e04-90af-6d1de47dbbd9-768x1024.jpg 768w, http:\/\/zs.gromnik.pl\/zs\/wp-content\/uploads\/2026\/02\/9d4b2c77-51de-4e04-90af-6d1de47dbbd9-225x300.jpg 225w, http:\/\/zs.gromnik.pl\/zs\/wp-content\/uploads\/2026\/02\/9d4b2c77-51de-4e04-90af-6d1de47dbbd9-1152x1536.jpg 1152w, http:\/\/zs.gromnik.pl\/zs\/wp-content\/uploads\/2026\/02\/9d4b2c77-51de-4e04-90af-6d1de47dbbd9-1140x1519.jpg 1140w, http:\/\/zs.gromnik.pl\/zs\/wp-content\/uploads\/2026\/02\/9d4b2c77-51de-4e04-90af-6d1de47dbbd9.jpg 1301w\" sizes=\"(max-width: 768px) 100vw, 768px\" \/><\/figure>\n\n\n\n<figure class=\"wp-block-image size-large\"><img loading=\"lazy\" width=\"787\" height=\"1024\" data-id=\"19497\"  src=\"https:\/\/zs.gromnik.pl\/zs\/wp-content\/uploads\/2026\/02\/fe67bfeb-fd5b-4785-bc25-a9cc4bc9de82-787x1024.jpg\" alt=\"\" class=\"wp-image-19497\" srcset=\"http:\/\/zs.gromnik.pl\/zs\/wp-content\/uploads\/2026\/02\/fe67bfeb-fd5b-4785-bc25-a9cc4bc9de82-787x1024.jpg 787w, http:\/\/zs.gromnik.pl\/zs\/wp-content\/uploads\/2026\/02\/fe67bfeb-fd5b-4785-bc25-a9cc4bc9de82-231x300.jpg 231w, http:\/\/zs.gromnik.pl\/zs\/wp-content\/uploads\/2026\/02\/fe67bfeb-fd5b-4785-bc25-a9cc4bc9de82-768x999.jpg 768w, http:\/\/zs.gromnik.pl\/zs\/wp-content\/uploads\/2026\/02\/fe67bfeb-fd5b-4785-bc25-a9cc4bc9de82-1181x1536.jpg 1181w, http:\/\/zs.gromnik.pl\/zs\/wp-content\/uploads\/2026\/02\/fe67bfeb-fd5b-4785-bc25-a9cc4bc9de82-1140x1483.jpg 1140w, http:\/\/zs.gromnik.pl\/zs\/wp-content\/uploads\/2026\/02\/fe67bfeb-fd5b-4785-bc25-a9cc4bc9de82.jpg 1491w\" sizes=\"(max-width: 787px) 100vw, 787px\" \/><\/figure>\n<\/figure>\n","protected":false},"excerpt":{"rendered":"<p>Uczniowie Szko\u0142y Podstawowej im. W. Witosa w Gromniku wzi\u0119li udzia\u0142 w og\u00f3lnopolskiej akcji czytelniczej \u201eLuty z Cukierkiem \u2013 Ksi\u0105\u017cki z Pazurem\u201d. Celem inicjatywy by\u0142o promowanie czytelnictwa w\u015br\u00f3d dzieci oraz rozwijanie ich zainteresowa\u0144 literackich poprzez wsp\u00f3lne poznawanie przyg\u00f3d kota Cukierka. Uczniowie klasy 2 b z zaanga\u017cowaniem uczestniczyli w czytaniu fragment\u00f3w ksi\u0105\u017cek. Wyj\u0105tkowym wydarzeniem dla uczni\u00f3w by\u0142o czytanie ksi\u0105\u017cki zaproszonym przedszkolakom. Drugoklasi\u015bci z dum\u0105 wcielili si\u0119 w rol\u0119 lektor\u00f3w, prezentuj\u0105c m\u0142odszym kolegom przygody Cukierka. Na zako\u0144czenie akcji uczniowie pomogli przedszkolakom wykona\u0107 prac\u0119 plastyczn\u0105 &#8211; oczywi\u015bcie kota. Wsp\u00f3lne tworzenie by\u0142o okazj\u0105 do integracji oraz rozwijania kreatywno\u015bci. @KotCukierek https:\/\/www.facebook.com\/KotCukierek<\/p>\n","protected":false},"author":8,"featured_media":19485,"comment_status":"closed","ping_status":"open","sticky":false,"template":"","format":"standard","meta":[],"categories":[3,16],"tags":[],"yoast_head":"<!-- This site is optimized with the Yoast SEO plugin v19.8 - https:\/\/yoast.com\/wordpress\/plugins\/seo\/ -->\n<title>\u201eLuty z Cukierkiem \u2013 Ksi\u0105\u017cki z Pazurem\u201d. - Zesp\u00f3\u0142 Szk\u00f3\u0142 w Gromniku<\/title>\n<meta name=\"description\" content=\"Zesp\u00f3\u0142 Szk\u00f3\u0142 w Gromniku\" \/>\n<meta name=\"robots\" content=\"index, follow, max-snippet:-1, max-image-preview:large, max-video-preview:-1\" \/>\n<link rel=\"canonical\" href=\"https:\/\/zs.gromnik.pl\/zs\/luty-z-cukierkiem-ksiazki-z-pazurem\/\" \/>\n<meta property=\"og:locale\" content=\"pl_PL\" \/>\n<meta property=\"og:type\" content=\"article\" \/>\n<meta property=\"og:title\" content=\"\u201eLuty z Cukierkiem \u2013 Ksi\u0105\u017cki z Pazurem\u201d. - Zesp\u00f3\u0142 Szk\u00f3\u0142 w Gromniku\" \/>\n<meta property=\"og:description\" content=\"Zesp\u00f3\u0142 Szk\u00f3\u0142 w Gromniku\" \/>\n<meta property=\"og:url\" content=\"https:\/\/zs.gromnik.pl\/zs\/luty-z-cukierkiem-ksiazki-z-pazurem\/\" \/>\n<meta property=\"og:site_name\" content=\"Zesp\u00f3\u0142 Szk\u00f3\u0142 w Gromniku\" \/>\n<meta property=\"article:publisher\" content=\"https:\/\/www.facebook.com\/zsgromnik\" \/>\n<meta property=\"article:published_time\" content=\"2026-02-28T22:10:27+00:00\" \/>\n<meta property=\"article:modified_time\" content=\"2026-02-28T22:23:53+00:00\" \/>\n<meta property=\"og:image\" content=\"https:\/\/zs.gromnik.pl\/zs\/wp-content\/uploads\/2026\/02\/e5bb114c-aa28-4156-9180-42ded27486ce.jpg\" \/>\n\t<meta property=\"og:image:width\" content=\"1394\" \/>\n\t<meta property=\"og:image:height\" content=\"1859\" \/>\n\t<meta property=\"og:image:type\" content=\"image\/jpeg\" \/>\n<meta name=\"author\" content=\"Natalia Chrzanowska\" \/>\n<meta name=\"twitter:card\" content=\"summary_large_image\" \/>\n<meta name=\"twitter:label1\" content=\"Napisane przez\" \/>\n\t<meta name=\"twitter:data1\" content=\"Natalia Chrzanowska\" \/>\n\t<meta name=\"twitter:label2\" content=\"Szacowany czas czytania\" \/>\n\t<meta name=\"twitter:data2\" content=\"1 minuta\" \/>\n<script type=\"application\/ld+json\" class=\"yoast-schema-graph\">{\"@context\":\"https:\/\/schema.org\",\"@graph\":[{\"@type\":\"WebPage\",\"@id\":\"https:\/\/zs.gromnik.pl\/zs\/luty-z-cukierkiem-ksiazki-z-pazurem\/\",\"url\":\"https:\/\/zs.gromnik.pl\/zs\/luty-z-cukierkiem-ksiazki-z-pazurem\/\",\"name\":\"\u201eLuty z Cukierkiem \u2013 Ksi\u0105\u017cki z Pazurem\u201d. - Zesp\u00f3\u0142 Szk\u00f3\u0142 w Gromniku\",\"isPartOf\":{\"@id\":\"https:\/\/zs.gromnik.pl\/zs\/#website\"},\"datePublished\":\"2026-02-28T22:10:27+00:00\",\"dateModified\":\"2026-02-28T22:23:53+00:00\",\"author\":{\"@id\":\"https:\/\/zs.gromnik.pl\/zs\/#\/schema\/person\/bdc40814dc26b2bfd8d2bb6568cf545b\"},\"description\":\"Zesp\u00f3\u0142 Szk\u00f3\u0142 w Gromniku\",\"breadcrumb\":{\"@id\":\"https:\/\/zs.gromnik.pl\/zs\/luty-z-cukierkiem-ksiazki-z-pazurem\/#breadcrumb\"},\"inLanguage\":\"pl-PL\",\"potentialAction\":[{\"@type\":\"ReadAction\",\"target\":[\"https:\/\/zs.gromnik.pl\/zs\/luty-z-cukierkiem-ksiazki-z-pazurem\/\"]}]},{\"@type\":\"BreadcrumbList\",\"@id\":\"https:\/\/zs.gromnik.pl\/zs\/luty-z-cukierkiem-ksiazki-z-pazurem\/#breadcrumb\",\"itemListElement\":[{\"@type\":\"ListItem\",\"position\":1,\"name\":\"Strona g\u0142\u00f3wna\",\"item\":\"https:\/\/zs.gromnik.pl\/zs\/\"},{\"@type\":\"ListItem\",\"position\":2,\"name\":\"\u201eLuty z Cukierkiem \u2013 Ksi\u0105\u017cki z Pazurem\u201d.\"}]},{\"@type\":\"WebSite\",\"@id\":\"https:\/\/zs.gromnik.pl\/zs\/#website\",\"url\":\"https:\/\/zs.gromnik.pl\/zs\/\",\"name\":\"Zesp\u00f3\u0142 Szk\u00f3\u0142 w Gromniku\",\"description\":\"\",\"potentialAction\":[{\"@type\":\"SearchAction\",\"target\":{\"@type\":\"EntryPoint\",\"urlTemplate\":\"https:\/\/zs.gromnik.pl\/zs\/?s={search_term_string}\"},\"query-input\":\"required name=search_term_string\"}],\"inLanguage\":\"pl-PL\"},{\"@type\":\"Person\",\"@id\":\"https:\/\/zs.gromnik.pl\/zs\/#\/schema\/person\/bdc40814dc26b2bfd8d2bb6568cf545b\",\"name\":\"Natalia Chrzanowska\",\"image\":{\"@type\":\"ImageObject\",\"inLanguage\":\"pl-PL\",\"@id\":\"https:\/\/zs.gromnik.pl\/zs\/#\/schema\/person\/image\/\",\"url\":\"http:\/\/1.gravatar.com\/avatar\/116a440b0a07f60518f7c1055317e6ab?s=96&d=mm&r=g\",\"contentUrl\":\"http:\/\/1.gravatar.com\/avatar\/116a440b0a07f60518f7c1055317e6ab?s=96&d=mm&r=g\",\"caption\":\"Natalia Chrzanowska\"},\"url\":\"http:\/\/zs.gromnik.pl\/zs\/author\/nchrzanowska\/\"}]}<\/script>\n<!-- \/ Yoast SEO plugin. -->","yoast_head_json":{"title":"\u201eLuty z Cukierkiem \u2013 Ksi\u0105\u017cki z Pazurem\u201d. - Zesp\u00f3\u0142 Szk\u00f3\u0142 w Gromniku","description":"Zesp\u00f3\u0142 Szk\u00f3\u0142 w Gromniku","robots":{"index":"index","follow":"follow","max-snippet":"max-snippet:-1","max-image-preview":"max-image-preview:large","max-video-preview":"max-video-preview:-1"},"canonical":"https:\/\/zs.gromnik.pl\/zs\/luty-z-cukierkiem-ksiazki-z-pazurem\/","og_locale":"pl_PL","og_type":"article","og_title":"\u201eLuty z Cukierkiem \u2013 Ksi\u0105\u017cki z Pazurem\u201d. - Zesp\u00f3\u0142 Szk\u00f3\u0142 w Gromniku","og_description":"Zesp\u00f3\u0142 Szk\u00f3\u0142 w Gromniku","og_url":"https:\/\/zs.gromnik.pl\/zs\/luty-z-cukierkiem-ksiazki-z-pazurem\/","og_site_name":"Zesp\u00f3\u0142 Szk\u00f3\u0142 w Gromniku","article_publisher":"https:\/\/www.facebook.com\/zsgromnik","article_published_time":"2026-02-28T22:10:27+00:00","article_modified_time":"2026-02-28T22:23:53+00:00","og_image":[{"width":1394,"height":1859,"url":"https:\/\/zs.gromnik.pl\/zs\/wp-content\/uploads\/2026\/02\/e5bb114c-aa28-4156-9180-42ded27486ce.jpg","type":"image\/jpeg"}],"author":"Natalia Chrzanowska","twitter_card":"summary_large_image","twitter_misc":{"Napisane przez":"Natalia Chrzanowska","Szacowany czas czytania":"1 minuta"},"schema":{"@context":"https:\/\/schema.org","@graph":[{"@type":"WebPage","@id":"https:\/\/zs.gromnik.pl\/zs\/luty-z-cukierkiem-ksiazki-z-pazurem\/","url":"https:\/\/zs.gromnik.pl\/zs\/luty-z-cukierkiem-ksiazki-z-pazurem\/","name":"\u201eLuty z Cukierkiem \u2013 Ksi\u0105\u017cki z Pazurem\u201d. - Zesp\u00f3\u0142 Szk\u00f3\u0142 w Gromniku","isPartOf":{"@id":"https:\/\/zs.gromnik.pl\/zs\/#website"},"datePublished":"2026-02-28T22:10:27+00:00","dateModified":"2026-02-28T22:23:53+00:00","author":{"@id":"https:\/\/zs.gromnik.pl\/zs\/#\/schema\/person\/bdc40814dc26b2bfd8d2bb6568cf545b"},"description":"Zesp\u00f3\u0142 Szk\u00f3\u0142 w Gromniku","breadcrumb":{"@id":"https:\/\/zs.gromnik.pl\/zs\/luty-z-cukierkiem-ksiazki-z-pazurem\/#breadcrumb"},"inLanguage":"pl-PL","potentialAction":[{"@type":"ReadAction","target":["https:\/\/zs.gromnik.pl\/zs\/luty-z-cukierkiem-ksiazki-z-pazurem\/"]}]},{"@type":"BreadcrumbList","@id":"https:\/\/zs.gromnik.pl\/zs\/luty-z-cukierkiem-ksiazki-z-pazurem\/#breadcrumb","itemListElement":[{"@type":"ListItem","position":1,"name":"Strona g\u0142\u00f3wna","item":"https:\/\/zs.gromnik.pl\/zs\/"},{"@type":"ListItem","position":2,"name":"\u201eLuty z Cukierkiem \u2013 Ksi\u0105\u017cki z Pazurem\u201d."}]},{"@type":"WebSite","@id":"https:\/\/zs.gromnik.pl\/zs\/#website","url":"https:\/\/zs.gromnik.pl\/zs\/","name":"Zesp\u00f3\u0142 Szk\u00f3\u0142 w Gromniku","description":"","potentialAction":[{"@type":"SearchAction","target":{"@type":"EntryPoint","urlTemplate":"https:\/\/zs.gromnik.pl\/zs\/?s={search_term_string}"},"query-input":"required name=search_term_string"}],"inLanguage":"pl-PL"},{"@type":"Person","@id":"https:\/\/zs.gromnik.pl\/zs\/#\/schema\/person\/bdc40814dc26b2bfd8d2bb6568cf545b","name":"Natalia Chrzanowska","image":{"@type":"ImageObject","inLanguage":"pl-PL","@id":"https:\/\/zs.gromnik.pl\/zs\/#\/schema\/person\/image\/","url":"http:\/\/1.gravatar.com\/avatar\/116a440b0a07f60518f7c1055317e6ab?s=96&d=mm&r=g","contentUrl":"http:\/\/1.gravatar.com\/avatar\/116a440b0a07f60518f7c1055317e6ab?s=96&d=mm&r=g","caption":"Natalia Chrzanowska"},"url":"http:\/\/zs.gromnik.pl\/zs\/author\/nchrzanowska\/"}]}},"_links":{"self":[{"href":"http:\/\/zs.gromnik.pl\/zs\/wp-json\/wp\/v2\/posts\/19481"}],"collection":[{"href":"http:\/\/zs.gromnik.pl\/zs\/wp-json\/wp\/v2\/posts"}],"about":[{"href":"http:\/\/zs.gromnik.pl\/zs\/wp-json\/wp\/v2\/types\/post"}],"author":[{"embeddable":true,"href":"http:\/\/zs.gromnik.pl\/zs\/wp-json\/wp\/v2\/users\/8"}],"replies":[{"embeddable":true,"href":"http:\/\/zs.gromnik.pl\/zs\/wp-json\/wp\/v2\/comments?post=19481"}],"version-history":[{"count":3,"href":"http:\/\/zs.gromnik.pl\/zs\/wp-json\/wp\/v2\/posts\/19481\/revisions"}],"predecessor-version":[{"id":19501,"href":"http:\/\/zs.gromnik.pl\/zs\/wp-json\/wp\/v2\/posts\/19481\/revisions\/19501"}],"wp:featuredmedia":[{"embeddable":true,"href":"http:\/\/zs.gromnik.pl\/zs\/wp-json\/wp\/v2\/media\/19485"}],"wp:attachment":[{"href":"http:\/\/zs.gromnik.pl\/zs\/wp-json\/wp\/v2\/media?parent=19481"}],"wp:term":[{"taxonomy":"category","embeddable":true,"href":"http:\/\/zs.gromnik.pl\/zs\/wp-json\/wp\/v2\/categories?post=19481"},{"taxonomy":"post_tag","embeddable":true,"href":"http:\/\/zs.gromnik.pl\/zs\/wp-json\/wp\/v2\/tags?post=19481"}],"curies":[{"name":"wp","href":"https:\/\/api.w.org\/{rel}","templated":true}]}}