{"id":19503,"date":"2026-03-01T12:31:54","date_gmt":"2026-03-01T11:31:54","guid":{"rendered":"https:\/\/zs.gromnik.pl\/zs\/?p=19503"},"modified":"2026-03-01T12:31:56","modified_gmt":"2026-03-01T11:31:56","slug":"informacja-dla-rodzicow-dzieci-zakwalifikowanych-do-przedszkola-w-gromniku-i-oddzialu-przedszkolnego-w-polichtach-na-rok-szk-2026-27","status":"publish","type":"post","link":"http:\/\/zs.gromnik.pl\/zs\/informacja-dla-rodzicow-dzieci-zakwalifikowanych-do-przedszkola-w-gromniku-i-oddzialu-przedszkolnego-w-polichtach-na-rok-szk-2026-27\/","title":{"rendered":"INFORMACJA DLA RODZIC\u00d3W DZIECI ZAKWALIFIKOWANYCH DO PRZEDSZKOLA W GROMNIKU I ODDZIA\u0141U PRZEDSZKOLNEGO W POLICHTACH  NA ROK SZK. 2026\/27"},"content":{"rendered":"\n<p>Rodzice dzieci zakwalifikowanych do przedszkola i oddzia\u0142u przedszkolnego na rok szkolny 2026\/27 zobowi\u0105zani s\u0105 do \u201ePotwierdzenia woli przyj\u0119cia dziecka do przedszkola\u201d w formie pisemnej w terminie od 27.02 do 13.03 2026r. Brak potwierdzenia woli w w\/w terminie jest jednoznaczne z rezygnacj\u0105 miejsca w przedszkolu na rok szk. 2026\/27<br>Druk potwierdzenia woli dost\u0119pny jest w sekretariacie szko\u0142y oraz na stronie <a href=\"https:\/\/zs.gromnik.pl\/zs\/\" target=\"_blank\" rel=\"noreferrer noopener\">Zesp\u00f3\u0142 Szk\u00f3\u0142 w Gromniku<\/a> wype\u0142niony dokument nale\u017cy z\u0142o\u017cy\u0107 w sekretariacie szko\u0142y.<br>Lista dzieci zakwalifikowanych i nie zakwalifikowanych nie jest jednoznaczna z list\u0105 dzieci przyj\u0119tych i nieprzyj\u0119tych.<br>Lista dzieci przyj\u0119tych i nieprzyj\u0119tych zostanie wywieszona do 17 marca 2026r.<\/p>\n\n\n\n<div class=\"wp-block-file\"><a id=\"wp-block-file--media-e178e1f7-37f4-474e-ad84-202499754d6f\" href=\"https:\/\/zs.gromnik.pl\/zs\/wp-content\/uploads\/2026\/03\/Potwierdzenie-druk.pdf\" target=\"_blank\" rel=\"noreferrer noopener\">Potwierdzenie-druk<\/a><\/div>\n","protected":false},"excerpt":{"rendered":"<p>Rodzice dzieci zakwalifikowanych do przedszkola i oddzia\u0142u przedszkolnego na rok szkolny 2026\/27 zobowi\u0105zani s\u0105 do \u201ePotwierdzenia woli przyj\u0119cia dziecka do przedszkola\u201d w formie pisemnej w terminie od 27.02 do 13.03 2026r. Brak potwierdzenia woli w w\/w terminie jest jednoznaczne z rezygnacj\u0105 miejsca w przedszkolu na rok szk. 2026\/27Druk potwierdzenia woli dost\u0119pny jest w sekretariacie szko\u0142y oraz na stronie Zesp\u00f3\u0142 Szk\u00f3\u0142 w Gromniku wype\u0142niony dokument nale\u017cy z\u0142o\u017cy\u0107 w sekretariacie szko\u0142y.Lista dzieci zakwalifikowanych i nie zakwalifikowanych nie jest jednoznaczna z list\u0105 dzieci przyj\u0119tych i nieprzyj\u0119tych.Lista dzieci przyj\u0119tych i nieprzyj\u0119tych zostanie wywieszona do 17 marca 2026r.<\/p>\n","protected":false},"author":1,"featured_media":19505,"comment_status":"closed","ping_status":"open","sticky":false,"template":"","format":"standard","meta":[],"categories":[3],"tags":[],"yoast_head":"<!-- This site is optimized with the Yoast SEO plugin v19.8 - https:\/\/yoast.com\/wordpress\/plugins\/seo\/ -->\n<title>INFORMACJA DLA RODZIC\u00d3W DZIECI ZAKWALIFIKOWANYCH DO PRZEDSZKOLA W GROMNIKU I ODDZIA\u0141U PRZEDSZKOLNEGO W POLICHTACH NA ROK SZK. 2026\/27 - Zesp\u00f3\u0142 Szk\u00f3\u0142 w Gromniku<\/title>\n<meta name=\"description\" content=\"Zesp\u00f3\u0142 Szk\u00f3\u0142 w Gromniku\" \/>\n<meta name=\"robots\" content=\"index, follow, max-snippet:-1, max-image-preview:large, max-video-preview:-1\" \/>\n<link rel=\"canonical\" href=\"https:\/\/zs.gromnik.pl\/zs\/informacja-dla-rodzicow-dzieci-zakwalifikowanych-do-przedszkola-w-gromniku-i-oddzialu-przedszkolnego-w-polichtach-na-rok-szk-2026-27\/\" \/>\n<meta property=\"og:locale\" content=\"pl_PL\" \/>\n<meta property=\"og:type\" content=\"article\" \/>\n<meta property=\"og:title\" content=\"INFORMACJA DLA RODZIC\u00d3W DZIECI ZAKWALIFIKOWANYCH DO PRZEDSZKOLA W GROMNIKU I ODDZIA\u0141U PRZEDSZKOLNEGO W POLICHTACH NA ROK SZK. 2026\/27 - Zesp\u00f3\u0142 Szk\u00f3\u0142 w Gromniku\" \/>\n<meta property=\"og:description\" content=\"Zesp\u00f3\u0142 Szk\u00f3\u0142 w Gromniku\" \/>\n<meta property=\"og:url\" content=\"https:\/\/zs.gromnik.pl\/zs\/informacja-dla-rodzicow-dzieci-zakwalifikowanych-do-przedszkola-w-gromniku-i-oddzialu-przedszkolnego-w-polichtach-na-rok-szk-2026-27\/\" \/>\n<meta property=\"og:site_name\" content=\"Zesp\u00f3\u0142 Szk\u00f3\u0142 w Gromniku\" \/>\n<meta property=\"article:publisher\" content=\"https:\/\/www.facebook.com\/zsgromnik\" \/>\n<meta property=\"article:published_time\" content=\"2026-03-01T11:31:54+00:00\" \/>\n<meta property=\"article:modified_time\" content=\"2026-03-01T11:31:56+00:00\" \/>\n<meta property=\"og:image\" content=\"https:\/\/zs.gromnik.pl\/zs\/wp-content\/uploads\/2026\/03\/54.jpg\" \/>\n\t<meta property=\"og:image:width\" content=\"500\" \/>\n\t<meta property=\"og:image:height\" content=\"281\" \/>\n\t<meta property=\"og:image:type\" content=\"image\/jpeg\" \/>\n<meta name=\"author\" content=\"admin\" \/>\n<meta name=\"twitter:card\" content=\"summary_large_image\" \/>\n<meta name=\"twitter:label1\" content=\"Napisane przez\" \/>\n\t<meta name=\"twitter:data1\" content=\"admin\" \/>\n\t<meta name=\"twitter:label2\" content=\"Szacowany czas czytania\" \/>\n\t<meta name=\"twitter:data2\" content=\"1 minuta\" \/>\n<script type=\"application\/ld+json\" class=\"yoast-schema-graph\">{\"@context\":\"https:\/\/schema.org\",\"@graph\":[{\"@type\":\"WebPage\",\"@id\":\"https:\/\/zs.gromnik.pl\/zs\/informacja-dla-rodzicow-dzieci-zakwalifikowanych-do-przedszkola-w-gromniku-i-oddzialu-przedszkolnego-w-polichtach-na-rok-szk-2026-27\/\",\"url\":\"https:\/\/zs.gromnik.pl\/zs\/informacja-dla-rodzicow-dzieci-zakwalifikowanych-do-przedszkola-w-gromniku-i-oddzialu-przedszkolnego-w-polichtach-na-rok-szk-2026-27\/\",\"name\":\"INFORMACJA DLA RODZIC\u00d3W DZIECI ZAKWALIFIKOWANYCH DO PRZEDSZKOLA W GROMNIKU I ODDZIA\u0141U PRZEDSZKOLNEGO W POLICHTACH NA ROK SZK. 2026\/27 - Zesp\u00f3\u0142 Szk\u00f3\u0142 w Gromniku\",\"isPartOf\":{\"@id\":\"https:\/\/zs.gromnik.pl\/zs\/#website\"},\"datePublished\":\"2026-03-01T11:31:54+00:00\",\"dateModified\":\"2026-03-01T11:31:56+00:00\",\"author\":{\"@id\":\"https:\/\/zs.gromnik.pl\/zs\/#\/schema\/person\/b197900f67c6133faddc284ae32f97ca\"},\"description\":\"Zesp\u00f3\u0142 Szk\u00f3\u0142 w Gromniku\",\"breadcrumb\":{\"@id\":\"https:\/\/zs.gromnik.pl\/zs\/informacja-dla-rodzicow-dzieci-zakwalifikowanych-do-przedszkola-w-gromniku-i-oddzialu-przedszkolnego-w-polichtach-na-rok-szk-2026-27\/#breadcrumb\"},\"inLanguage\":\"pl-PL\",\"potentialAction\":[{\"@type\":\"ReadAction\",\"target\":[\"https:\/\/zs.gromnik.pl\/zs\/informacja-dla-rodzicow-dzieci-zakwalifikowanych-do-przedszkola-w-gromniku-i-oddzialu-przedszkolnego-w-polichtach-na-rok-szk-2026-27\/\"]}]},{\"@type\":\"BreadcrumbList\",\"@id\":\"https:\/\/zs.gromnik.pl\/zs\/informacja-dla-rodzicow-dzieci-zakwalifikowanych-do-przedszkola-w-gromniku-i-oddzialu-przedszkolnego-w-polichtach-na-rok-szk-2026-27\/#breadcrumb\",\"itemListElement\":[{\"@type\":\"ListItem\",\"position\":1,\"name\":\"Strona g\u0142\u00f3wna\",\"item\":\"https:\/\/zs.gromnik.pl\/zs\/\"},{\"@type\":\"ListItem\",\"position\":2,\"name\":\"INFORMACJA DLA RODZIC\u00d3W DZIECI ZAKWALIFIKOWANYCH DO PRZEDSZKOLA W GROMNIKU I ODDZIA\u0141U PRZEDSZKOLNEGO W POLICHTACH NA ROK SZK. 2026\/27\"}]},{\"@type\":\"WebSite\",\"@id\":\"https:\/\/zs.gromnik.pl\/zs\/#website\",\"url\":\"https:\/\/zs.gromnik.pl\/zs\/\",\"name\":\"Zesp\u00f3\u0142 Szk\u00f3\u0142 w Gromniku\",\"description\":\"\",\"potentialAction\":[{\"@type\":\"SearchAction\",\"target\":{\"@type\":\"EntryPoint\",\"urlTemplate\":\"https:\/\/zs.gromnik.pl\/zs\/?s={search_term_string}\"},\"query-input\":\"required name=search_term_string\"}],\"inLanguage\":\"pl-PL\"},{\"@type\":\"Person\",\"@id\":\"https:\/\/zs.gromnik.pl\/zs\/#\/schema\/person\/b197900f67c6133faddc284ae32f97ca\",\"name\":\"admin\",\"image\":{\"@type\":\"ImageObject\",\"inLanguage\":\"pl-PL\",\"@id\":\"https:\/\/zs.gromnik.pl\/zs\/#\/schema\/person\/image\/\",\"url\":\"http:\/\/0.gravatar.com\/avatar\/f8a2f876dbcc8c8edd809a8ca77a2abe?s=96&d=mm&r=g\",\"contentUrl\":\"http:\/\/0.gravatar.com\/avatar\/f8a2f876dbcc8c8edd809a8ca77a2abe?s=96&d=mm&r=g\",\"caption\":\"admin\"},\"url\":\"http:\/\/zs.gromnik.pl\/zs\/author\/admin\/\"}]}<\/script>\n<!-- \/ Yoast SEO plugin. -->","yoast_head_json":{"title":"INFORMACJA DLA RODZIC\u00d3W DZIECI ZAKWALIFIKOWANYCH DO PRZEDSZKOLA W GROMNIKU I ODDZIA\u0141U PRZEDSZKOLNEGO W POLICHTACH NA ROK SZK. 2026\/27 - Zesp\u00f3\u0142 Szk\u00f3\u0142 w Gromniku","description":"Zesp\u00f3\u0142 Szk\u00f3\u0142 w Gromniku","robots":{"index":"index","follow":"follow","max-snippet":"max-snippet:-1","max-image-preview":"max-image-preview:large","max-video-preview":"max-video-preview:-1"},"canonical":"https:\/\/zs.gromnik.pl\/zs\/informacja-dla-rodzicow-dzieci-zakwalifikowanych-do-przedszkola-w-gromniku-i-oddzialu-przedszkolnego-w-polichtach-na-rok-szk-2026-27\/","og_locale":"pl_PL","og_type":"article","og_title":"INFORMACJA DLA RODZIC\u00d3W DZIECI ZAKWALIFIKOWANYCH DO PRZEDSZKOLA W GROMNIKU I ODDZIA\u0141U PRZEDSZKOLNEGO W POLICHTACH NA ROK SZK. 2026\/27 - Zesp\u00f3\u0142 Szk\u00f3\u0142 w Gromniku","og_description":"Zesp\u00f3\u0142 Szk\u00f3\u0142 w Gromniku","og_url":"https:\/\/zs.gromnik.pl\/zs\/informacja-dla-rodzicow-dzieci-zakwalifikowanych-do-przedszkola-w-gromniku-i-oddzialu-przedszkolnego-w-polichtach-na-rok-szk-2026-27\/","og_site_name":"Zesp\u00f3\u0142 Szk\u00f3\u0142 w Gromniku","article_publisher":"https:\/\/www.facebook.com\/zsgromnik","article_published_time":"2026-03-01T11:31:54+00:00","article_modified_time":"2026-03-01T11:31:56+00:00","og_image":[{"width":500,"height":281,"url":"https:\/\/zs.gromnik.pl\/zs\/wp-content\/uploads\/2026\/03\/54.jpg","type":"image\/jpeg"}],"author":"admin","twitter_card":"summary_large_image","twitter_misc":{"Napisane przez":"admin","Szacowany czas czytania":"1 minuta"},"schema":{"@context":"https:\/\/schema.org","@graph":[{"@type":"WebPage","@id":"https:\/\/zs.gromnik.pl\/zs\/informacja-dla-rodzicow-dzieci-zakwalifikowanych-do-przedszkola-w-gromniku-i-oddzialu-przedszkolnego-w-polichtach-na-rok-szk-2026-27\/","url":"https:\/\/zs.gromnik.pl\/zs\/informacja-dla-rodzicow-dzieci-zakwalifikowanych-do-przedszkola-w-gromniku-i-oddzialu-przedszkolnego-w-polichtach-na-rok-szk-2026-27\/","name":"INFORMACJA DLA RODZIC\u00d3W DZIECI ZAKWALIFIKOWANYCH DO PRZEDSZKOLA W GROMNIKU I ODDZIA\u0141U PRZEDSZKOLNEGO W POLICHTACH NA ROK SZK. 2026\/27 - Zesp\u00f3\u0142 Szk\u00f3\u0142 w Gromniku","isPartOf":{"@id":"https:\/\/zs.gromnik.pl\/zs\/#website"},"datePublished":"2026-03-01T11:31:54+00:00","dateModified":"2026-03-01T11:31:56+00:00","author":{"@id":"https:\/\/zs.gromnik.pl\/zs\/#\/schema\/person\/b197900f67c6133faddc284ae32f97ca"},"description":"Zesp\u00f3\u0142 Szk\u00f3\u0142 w Gromniku","breadcrumb":{"@id":"https:\/\/zs.gromnik.pl\/zs\/informacja-dla-rodzicow-dzieci-zakwalifikowanych-do-przedszkola-w-gromniku-i-oddzialu-przedszkolnego-w-polichtach-na-rok-szk-2026-27\/#breadcrumb"},"inLanguage":"pl-PL","potentialAction":[{"@type":"ReadAction","target":["https:\/\/zs.gromnik.pl\/zs\/informacja-dla-rodzicow-dzieci-zakwalifikowanych-do-przedszkola-w-gromniku-i-oddzialu-przedszkolnego-w-polichtach-na-rok-szk-2026-27\/"]}]},{"@type":"BreadcrumbList","@id":"https:\/\/zs.gromnik.pl\/zs\/informacja-dla-rodzicow-dzieci-zakwalifikowanych-do-przedszkola-w-gromniku-i-oddzialu-przedszkolnego-w-polichtach-na-rok-szk-2026-27\/#breadcrumb","itemListElement":[{"@type":"ListItem","position":1,"name":"Strona g\u0142\u00f3wna","item":"https:\/\/zs.gromnik.pl\/zs\/"},{"@type":"ListItem","position":2,"name":"INFORMACJA DLA RODZIC\u00d3W DZIECI ZAKWALIFIKOWANYCH DO PRZEDSZKOLA W GROMNIKU I ODDZIA\u0141U PRZEDSZKOLNEGO W POLICHTACH NA ROK SZK. 2026\/27"}]},{"@type":"WebSite","@id":"https:\/\/zs.gromnik.pl\/zs\/#website","url":"https:\/\/zs.gromnik.pl\/zs\/","name":"Zesp\u00f3\u0142 Szk\u00f3\u0142 w Gromniku","description":"","potentialAction":[{"@type":"SearchAction","target":{"@type":"EntryPoint","urlTemplate":"https:\/\/zs.gromnik.pl\/zs\/?s={search_term_string}"},"query-input":"required name=search_term_string"}],"inLanguage":"pl-PL"},{"@type":"Person","@id":"https:\/\/zs.gromnik.pl\/zs\/#\/schema\/person\/b197900f67c6133faddc284ae32f97ca","name":"admin","image":{"@type":"ImageObject","inLanguage":"pl-PL","@id":"https:\/\/zs.gromnik.pl\/zs\/#\/schema\/person\/image\/","url":"http:\/\/0.gravatar.com\/avatar\/f8a2f876dbcc8c8edd809a8ca77a2abe?s=96&d=mm&r=g","contentUrl":"http:\/\/0.gravatar.com\/avatar\/f8a2f876dbcc8c8edd809a8ca77a2abe?s=96&d=mm&r=g","caption":"admin"},"url":"http:\/\/zs.gromnik.pl\/zs\/author\/admin\/"}]}},"_links":{"self":[{"href":"http:\/\/zs.gromnik.pl\/zs\/wp-json\/wp\/v2\/posts\/19503"}],"collection":[{"href":"http:\/\/zs.gromnik.pl\/zs\/wp-json\/wp\/v2\/posts"}],"about":[{"href":"http:\/\/zs.gromnik.pl\/zs\/wp-json\/wp\/v2\/types\/post"}],"author":[{"embeddable":true,"href":"http:\/\/zs.gromnik.pl\/zs\/wp-json\/wp\/v2\/users\/1"}],"replies":[{"embeddable":true,"href":"http:\/\/zs.gromnik.pl\/zs\/wp-json\/wp\/v2\/comments?post=19503"}],"version-history":[{"count":1,"href":"http:\/\/zs.gromnik.pl\/zs\/wp-json\/wp\/v2\/posts\/19503\/revisions"}],"predecessor-version":[{"id":19506,"href":"http:\/\/zs.gromnik.pl\/zs\/wp-json\/wp\/v2\/posts\/19503\/revisions\/19506"}],"wp:featuredmedia":[{"embeddable":true,"href":"http:\/\/zs.gromnik.pl\/zs\/wp-json\/wp\/v2\/media\/19505"}],"wp:attachment":[{"href":"http:\/\/zs.gromnik.pl\/zs\/wp-json\/wp\/v2\/media?parent=19503"}],"wp:term":[{"taxonomy":"category","embeddable":true,"href":"http:\/\/zs.gromnik.pl\/zs\/wp-json\/wp\/v2\/categories?post=19503"},{"taxonomy":"post_tag","embeddable":true,"href":"http:\/\/zs.gromnik.pl\/zs\/wp-json\/wp\/v2\/tags?post=19503"}],"curies":[{"name":"wp","href":"https:\/\/api.w.org\/{rel}","templated":true}]}}