{"id":19514,"date":"2026-03-01T22:52:57","date_gmt":"2026-03-01T21:52:57","guid":{"rendered":"https:\/\/zs.gromnik.pl\/zs\/?p=19514"},"modified":"2026-03-01T22:52:59","modified_gmt":"2026-03-01T21:52:59","slug":"dzien-bezpiecznego-internetu-w-przedszkolu","status":"publish","type":"post","link":"http:\/\/zs.gromnik.pl\/zs\/dzien-bezpiecznego-internetu-w-przedszkolu\/","title":{"rendered":"Dzie\u0144 Bezpiecznego Internetu w przedszkolu"},"content":{"rendered":"\n<p>W naszym przedszkolu obchodzili\u015bmy Dzie\u0144 Bezpiecznego Internetu, kt\u00f3rego celem by\u0142o kszta\u0142towanie u dzieci w\u0142a\u015bciwych nawyk\u00f3w zwi\u0105zanych z korzystaniem z sieci. Inicjatywa ta jest cz\u0119\u015bci\u0105 mi\u0119dzynarodowej akcji organizowanej z inicjatywy Komisji Europejskiej i w Polsce koordynowanej przez fundacj\u0119 &#8222;Dajemy Dzieciom Si\u0142\u0119&#8221;. Podczas zaj\u0119\u0107 dzieci rozmawia\u0142y o tym, czym jest Internet, do czego s\u0142u\u017cy oraz jakie zagro\u017cenia mog\u0105 si\u0119 w nim pojawi\u0107. Przedszkolaki uczy\u0142y si\u0119, \u017ce nie wolno podawa\u0107 swoich danych osobowych, rozmawia\u0107 z nieznajomymi w sieci ani korzysta\u0107 z urz\u0105dze\u0144 bez zgody i obecno\u015bci osoby doros\u0142ej. Wsp\u00f3lnie obejrzeli\u015bmy kr\u00f3tkie filmy edukacyjne, rozwi\u0105zywali\u015bmy zagadki oraz wykonali\u015bmy prace plastyczne zwi\u0105zane z tematyk\u0105 bezpiecze\u0144stwa online. Zaj\u0119cia mia\u0142y na celu budowanie \u015bwiadomo\u015bci dzieci oraz rozwijanie odpowiedzialnych postaw ju\u017c od najm\u0142odszych lat. Dzi\u0119ki wsp\u00f3lnym rozmowom i zabawie przedszkolaki dowiedzia\u0142y si\u0119, \u017ce Internet mo\u017ce by\u0107 warto\u015bciowym \u017ar\u00f3d\u0142em wiedzy i rozrywki, je\u015bli korzystamy z niego m\u0105drze i bezpiecznie.<\/p>\n\n\n\n<figure class=\"wp-container-2 wp-block-gallery-1 wp-block-gallery has-nested-images columns-default is-cropped\">\n<figure class=\"wp-block-image size-large\"><img loading=\"lazy\" width=\"1542\" height=\"2047\" data-id=\"19515\"  src=\"http:\/\/zs.gromnik.pl\/zs\/wp-content\/uploads\/2026\/03\/2e0dd92f-7386-46b1-b09a-4d67ba055740.jpg\" alt=\"\" class=\"wp-image-19515\" srcset=\"http:\/\/zs.gromnik.pl\/zs\/wp-content\/uploads\/2026\/03\/2e0dd92f-7386-46b1-b09a-4d67ba055740.jpg 1542w, http:\/\/zs.gromnik.pl\/zs\/wp-content\/uploads\/2026\/03\/2e0dd92f-7386-46b1-b09a-4d67ba055740-226x300.jpg 226w, http:\/\/zs.gromnik.pl\/zs\/wp-content\/uploads\/2026\/03\/2e0dd92f-7386-46b1-b09a-4d67ba055740-771x1024.jpg 771w, http:\/\/zs.gromnik.pl\/zs\/wp-content\/uploads\/2026\/03\/2e0dd92f-7386-46b1-b09a-4d67ba055740-768x1020.jpg 768w, http:\/\/zs.gromnik.pl\/zs\/wp-content\/uploads\/2026\/03\/2e0dd92f-7386-46b1-b09a-4d67ba055740-1157x1536.jpg 1157w, http:\/\/zs.gromnik.pl\/zs\/wp-content\/uploads\/2026\/03\/2e0dd92f-7386-46b1-b09a-4d67ba055740-1140x1513.jpg 1140w\" sizes=\"(max-width: 1542px) 100vw, 1542px\" \/><\/figure>\n\n\n\n<figure class=\"wp-block-image size-large\"><img loading=\"lazy\" width=\"2048\" height=\"1542\" data-id=\"19516\"  src=\"http:\/\/zs.gromnik.pl\/zs\/wp-content\/uploads\/2026\/03\/3b5c9208-fe1b-4ec9-bd7a-2c3482ae6ca2.jpg\" alt=\"\" class=\"wp-image-19516\" srcset=\"http:\/\/zs.gromnik.pl\/zs\/wp-content\/uploads\/2026\/03\/3b5c9208-fe1b-4ec9-bd7a-2c3482ae6ca2.jpg 2048w, http:\/\/zs.gromnik.pl\/zs\/wp-content\/uploads\/2026\/03\/3b5c9208-fe1b-4ec9-bd7a-2c3482ae6ca2-300x226.jpg 300w, http:\/\/zs.gromnik.pl\/zs\/wp-content\/uploads\/2026\/03\/3b5c9208-fe1b-4ec9-bd7a-2c3482ae6ca2-1024x771.jpg 1024w, http:\/\/zs.gromnik.pl\/zs\/wp-content\/uploads\/2026\/03\/3b5c9208-fe1b-4ec9-bd7a-2c3482ae6ca2-768x578.jpg 768w, http:\/\/zs.gromnik.pl\/zs\/wp-content\/uploads\/2026\/03\/3b5c9208-fe1b-4ec9-bd7a-2c3482ae6ca2-1536x1157.jpg 1536w, http:\/\/zs.gromnik.pl\/zs\/wp-content\/uploads\/2026\/03\/3b5c9208-fe1b-4ec9-bd7a-2c3482ae6ca2-1140x858.jpg 1140w\" sizes=\"(max-width: 2048px) 100vw, 2048px\" \/><\/figure>\n\n\n\n<figure class=\"wp-block-image size-large\"><img loading=\"lazy\" width=\"1542\" height=\"2047\" data-id=\"19517\"  src=\"http:\/\/zs.gromnik.pl\/zs\/wp-content\/uploads\/2026\/03\/4f20421d-a62d-40d2-89c1-69afcf993bfe.jpg\" alt=\"\" class=\"wp-image-19517\" srcset=\"http:\/\/zs.gromnik.pl\/zs\/wp-content\/uploads\/2026\/03\/4f20421d-a62d-40d2-89c1-69afcf993bfe.jpg 1542w, http:\/\/zs.gromnik.pl\/zs\/wp-content\/uploads\/2026\/03\/4f20421d-a62d-40d2-89c1-69afcf993bfe-226x300.jpg 226w, http:\/\/zs.gromnik.pl\/zs\/wp-content\/uploads\/2026\/03\/4f20421d-a62d-40d2-89c1-69afcf993bfe-771x1024.jpg 771w, http:\/\/zs.gromnik.pl\/zs\/wp-content\/uploads\/2026\/03\/4f20421d-a62d-40d2-89c1-69afcf993bfe-768x1020.jpg 768w, http:\/\/zs.gromnik.pl\/zs\/wp-content\/uploads\/2026\/03\/4f20421d-a62d-40d2-89c1-69afcf993bfe-1157x1536.jpg 1157w, http:\/\/zs.gromnik.pl\/zs\/wp-content\/uploads\/2026\/03\/4f20421d-a62d-40d2-89c1-69afcf993bfe-1140x1513.jpg 1140w\" sizes=\"(max-width: 1542px) 100vw, 1542px\" \/><\/figure>\n\n\n\n<figure class=\"wp-block-image size-large\"><img loading=\"lazy\" width=\"1542\" height=\"2047\" data-id=\"19518\"  src=\"http:\/\/zs.gromnik.pl\/zs\/wp-content\/uploads\/2026\/03\/9a81d9dd-003a-430e-ba4c-5495d607def0.jpg\" alt=\"\" class=\"wp-image-19518\" srcset=\"http:\/\/zs.gromnik.pl\/zs\/wp-content\/uploads\/2026\/03\/9a81d9dd-003a-430e-ba4c-5495d607def0.jpg 1542w, http:\/\/zs.gromnik.pl\/zs\/wp-content\/uploads\/2026\/03\/9a81d9dd-003a-430e-ba4c-5495d607def0-226x300.jpg 226w, http:\/\/zs.gromnik.pl\/zs\/wp-content\/uploads\/2026\/03\/9a81d9dd-003a-430e-ba4c-5495d607def0-771x1024.jpg 771w, http:\/\/zs.gromnik.pl\/zs\/wp-content\/uploads\/2026\/03\/9a81d9dd-003a-430e-ba4c-5495d607def0-768x1020.jpg 768w, http:\/\/zs.gromnik.pl\/zs\/wp-content\/uploads\/2026\/03\/9a81d9dd-003a-430e-ba4c-5495d607def0-1157x1536.jpg 1157w, http:\/\/zs.gromnik.pl\/zs\/wp-content\/uploads\/2026\/03\/9a81d9dd-003a-430e-ba4c-5495d607def0-1140x1513.jpg 1140w\" sizes=\"(max-width: 1542px) 100vw, 1542px\" \/><\/figure>\n\n\n\n<figure class=\"wp-block-image size-large\"><img loading=\"lazy\" width=\"1542\" height=\"2047\" data-id=\"19519\"  src=\"http:\/\/zs.gromnik.pl\/zs\/wp-content\/uploads\/2026\/03\/10f06c5a-edad-40ba-8eae-2bc2ede6c728.jpg\" alt=\"\" class=\"wp-image-19519\" srcset=\"http:\/\/zs.gromnik.pl\/zs\/wp-content\/uploads\/2026\/03\/10f06c5a-edad-40ba-8eae-2bc2ede6c728.jpg 1542w, http:\/\/zs.gromnik.pl\/zs\/wp-content\/uploads\/2026\/03\/10f06c5a-edad-40ba-8eae-2bc2ede6c728-226x300.jpg 226w, http:\/\/zs.gromnik.pl\/zs\/wp-content\/uploads\/2026\/03\/10f06c5a-edad-40ba-8eae-2bc2ede6c728-771x1024.jpg 771w, http:\/\/zs.gromnik.pl\/zs\/wp-content\/uploads\/2026\/03\/10f06c5a-edad-40ba-8eae-2bc2ede6c728-768x1020.jpg 768w, http:\/\/zs.gromnik.pl\/zs\/wp-content\/uploads\/2026\/03\/10f06c5a-edad-40ba-8eae-2bc2ede6c728-1157x1536.jpg 1157w, http:\/\/zs.gromnik.pl\/zs\/wp-content\/uploads\/2026\/03\/10f06c5a-edad-40ba-8eae-2bc2ede6c728-1140x1513.jpg 1140w\" sizes=\"(max-width: 1542px) 100vw, 1542px\" \/><\/figure>\n\n\n\n<figure class=\"wp-block-image size-large\"><img loading=\"lazy\" width=\"1542\" height=\"2047\" data-id=\"19520\"  src=\"http:\/\/zs.gromnik.pl\/zs\/wp-content\/uploads\/2026\/03\/90fcccc7-b02b-4b20-8d41-61188b40f45a.jpg\" alt=\"\" class=\"wp-image-19520\" srcset=\"http:\/\/zs.gromnik.pl\/zs\/wp-content\/uploads\/2026\/03\/90fcccc7-b02b-4b20-8d41-61188b40f45a.jpg 1542w, http:\/\/zs.gromnik.pl\/zs\/wp-content\/uploads\/2026\/03\/90fcccc7-b02b-4b20-8d41-61188b40f45a-226x300.jpg 226w, http:\/\/zs.gromnik.pl\/zs\/wp-content\/uploads\/2026\/03\/90fcccc7-b02b-4b20-8d41-61188b40f45a-771x1024.jpg 771w, http:\/\/zs.gromnik.pl\/zs\/wp-content\/uploads\/2026\/03\/90fcccc7-b02b-4b20-8d41-61188b40f45a-768x1020.jpg 768w, http:\/\/zs.gromnik.pl\/zs\/wp-content\/uploads\/2026\/03\/90fcccc7-b02b-4b20-8d41-61188b40f45a-1157x1536.jpg 1157w, http:\/\/zs.gromnik.pl\/zs\/wp-content\/uploads\/2026\/03\/90fcccc7-b02b-4b20-8d41-61188b40f45a-1140x1513.jpg 1140w\" sizes=\"(max-width: 1542px) 100vw, 1542px\" \/><\/figure>\n\n\n\n<figure class=\"wp-block-image size-large\"><img loading=\"lazy\" width=\"1542\" height=\"2047\" data-id=\"19522\"  src=\"http:\/\/zs.gromnik.pl\/zs\/wp-content\/uploads\/2026\/03\/57140344-cda2-4a8d-9077-9d0e4bed9390.jpg\" alt=\"\" class=\"wp-image-19522\" srcset=\"http:\/\/zs.gromnik.pl\/zs\/wp-content\/uploads\/2026\/03\/57140344-cda2-4a8d-9077-9d0e4bed9390.jpg 1542w, http:\/\/zs.gromnik.pl\/zs\/wp-content\/uploads\/2026\/03\/57140344-cda2-4a8d-9077-9d0e4bed9390-226x300.jpg 226w, http:\/\/zs.gromnik.pl\/zs\/wp-content\/uploads\/2026\/03\/57140344-cda2-4a8d-9077-9d0e4bed9390-771x1024.jpg 771w, http:\/\/zs.gromnik.pl\/zs\/wp-content\/uploads\/2026\/03\/57140344-cda2-4a8d-9077-9d0e4bed9390-768x1020.jpg 768w, http:\/\/zs.gromnik.pl\/zs\/wp-content\/uploads\/2026\/03\/57140344-cda2-4a8d-9077-9d0e4bed9390-1157x1536.jpg 1157w, http:\/\/zs.gromnik.pl\/zs\/wp-content\/uploads\/2026\/03\/57140344-cda2-4a8d-9077-9d0e4bed9390-1140x1513.jpg 1140w\" sizes=\"(max-width: 1542px) 100vw, 1542px\" \/><\/figure>\n<\/figure>\n","protected":false},"excerpt":{"rendered":"<p>W naszym przedszkolu obchodzili\u015bmy Dzie\u0144 Bezpiecznego Internetu, kt\u00f3rego celem by\u0142o kszta\u0142towanie u dzieci w\u0142a\u015bciwych nawyk\u00f3w zwi\u0105zanych z korzystaniem z sieci. Inicjatywa ta jest cz\u0119\u015bci\u0105 mi\u0119dzynarodowej akcji organizowanej z inicjatywy Komisji Europejskiej i w Polsce koordynowanej przez fundacj\u0119 &#8222;Dajemy Dzieciom Si\u0142\u0119&#8221;. Podczas zaj\u0119\u0107 dzieci rozmawia\u0142y o tym, czym jest Internet, do czego s\u0142u\u017cy oraz jakie zagro\u017cenia mog\u0105 si\u0119 w nim pojawi\u0107. Przedszkolaki uczy\u0142y si\u0119, \u017ce nie wolno podawa\u0107 swoich danych osobowych, rozmawia\u0107 z nieznajomymi w sieci ani korzysta\u0107 z urz\u0105dze\u0144 bez zgody i obecno\u015bci osoby doros\u0142ej. Wsp\u00f3lnie obejrzeli\u015bmy kr\u00f3tkie filmy edukacyjne, rozwi\u0105zywali\u015bmy zagadki oraz wykonali\u015bmy prace plastyczne zwi\u0105zane z tematyk\u0105 bezpiecze\u0144stwa online. Zaj\u0119cia mia\u0142y na celu budowanie \u015bwiadomo\u015bci dzieci oraz rozwijanie odpowiedzialnych postaw ju\u017c od najm\u0142odszych lat. Dzi\u0119ki wsp\u00f3lnym rozmowom i zabawie przedszkolaki dowiedzia\u0142y si\u0119, \u017ce Internet mo\u017ce by\u0107 warto\u015bciowym \u017ar\u00f3d\u0142em wiedzy i rozrywki, je\u015bli korzystamy z niego m\u0105drze i bezpiecznie.<\/p>\n","protected":false},"author":7,"featured_media":19521,"comment_status":"closed","ping_status":"open","sticky":false,"template":"","format":"standard","meta":[],"categories":[3,15],"tags":[],"yoast_head":"<!-- This site is optimized with the Yoast SEO plugin v19.8 - https:\/\/yoast.com\/wordpress\/plugins\/seo\/ -->\n<title>Dzie\u0144 Bezpiecznego Internetu w przedszkolu - Zesp\u00f3\u0142 Szk\u00f3\u0142 w Gromniku<\/title>\n<meta name=\"description\" content=\"Zesp\u00f3\u0142 Szk\u00f3\u0142 w Gromniku\" \/>\n<meta name=\"robots\" content=\"index, follow, max-snippet:-1, max-image-preview:large, max-video-preview:-1\" \/>\n<link rel=\"canonical\" href=\"http:\/\/zs.gromnik.pl\/zs\/dzien-bezpiecznego-internetu-w-przedszkolu\/\" \/>\n<meta property=\"og:locale\" content=\"pl_PL\" \/>\n<meta property=\"og:type\" content=\"article\" \/>\n<meta property=\"og:title\" content=\"Dzie\u0144 Bezpiecznego Internetu w przedszkolu - Zesp\u00f3\u0142 Szk\u00f3\u0142 w Gromniku\" \/>\n<meta property=\"og:description\" content=\"Zesp\u00f3\u0142 Szk\u00f3\u0142 w Gromniku\" \/>\n<meta property=\"og:url\" content=\"http:\/\/zs.gromnik.pl\/zs\/dzien-bezpiecznego-internetu-w-przedszkolu\/\" \/>\n<meta property=\"og:site_name\" content=\"Zesp\u00f3\u0142 Szk\u00f3\u0142 w Gromniku\" \/>\n<meta property=\"article:publisher\" content=\"https:\/\/www.facebook.com\/zsgromnik\" \/>\n<meta property=\"article:published_time\" content=\"2026-03-01T21:52:57+00:00\" \/>\n<meta property=\"article:modified_time\" content=\"2026-03-01T21:52:59+00:00\" \/>\n<meta property=\"og:image\" content=\"http:\/\/zs.gromnik.pl\/zs\/wp-content\/uploads\/2026\/03\/4492f504-14e4-4547-af22-b7dc5089af50.jpg\" \/>\n\t<meta property=\"og:image:width\" content=\"2048\" \/>\n\t<meta property=\"og:image:height\" content=\"1542\" \/>\n\t<meta property=\"og:image:type\" content=\"image\/jpeg\" \/>\n<meta name=\"author\" content=\"Barbara Kubicz\" \/>\n<meta name=\"twitter:card\" content=\"summary_large_image\" \/>\n<meta name=\"twitter:label1\" content=\"Napisane przez\" \/>\n\t<meta name=\"twitter:data1\" content=\"Barbara Kubicz\" \/>\n\t<meta name=\"twitter:label2\" content=\"Szacowany czas czytania\" \/>\n\t<meta name=\"twitter:data2\" content=\"1 minuta\" \/>\n<script type=\"application\/ld+json\" class=\"yoast-schema-graph\">{\"@context\":\"https:\/\/schema.org\",\"@graph\":[{\"@type\":\"WebPage\",\"@id\":\"http:\/\/zs.gromnik.pl\/zs\/dzien-bezpiecznego-internetu-w-przedszkolu\/\",\"url\":\"http:\/\/zs.gromnik.pl\/zs\/dzien-bezpiecznego-internetu-w-przedszkolu\/\",\"name\":\"Dzie\u0144 Bezpiecznego Internetu w przedszkolu - Zesp\u00f3\u0142 Szk\u00f3\u0142 w Gromniku\",\"isPartOf\":{\"@id\":\"https:\/\/zs.gromnik.pl\/zs\/#website\"},\"datePublished\":\"2026-03-01T21:52:57+00:00\",\"dateModified\":\"2026-03-01T21:52:59+00:00\",\"author\":{\"@id\":\"https:\/\/zs.gromnik.pl\/zs\/#\/schema\/person\/7fb2b24b90f39dede6a6b1ad809c8871\"},\"description\":\"Zesp\u00f3\u0142 Szk\u00f3\u0142 w Gromniku\",\"breadcrumb\":{\"@id\":\"http:\/\/zs.gromnik.pl\/zs\/dzien-bezpiecznego-internetu-w-przedszkolu\/#breadcrumb\"},\"inLanguage\":\"pl-PL\",\"potentialAction\":[{\"@type\":\"ReadAction\",\"target\":[\"http:\/\/zs.gromnik.pl\/zs\/dzien-bezpiecznego-internetu-w-przedszkolu\/\"]}]},{\"@type\":\"BreadcrumbList\",\"@id\":\"http:\/\/zs.gromnik.pl\/zs\/dzien-bezpiecznego-internetu-w-przedszkolu\/#breadcrumb\",\"itemListElement\":[{\"@type\":\"ListItem\",\"position\":1,\"name\":\"Strona g\u0142\u00f3wna\",\"item\":\"https:\/\/zs.gromnik.pl\/zs\/\"},{\"@type\":\"ListItem\",\"position\":2,\"name\":\"Dzie\u0144 Bezpiecznego Internetu w przedszkolu\"}]},{\"@type\":\"WebSite\",\"@id\":\"https:\/\/zs.gromnik.pl\/zs\/#website\",\"url\":\"https:\/\/zs.gromnik.pl\/zs\/\",\"name\":\"Zesp\u00f3\u0142 Szk\u00f3\u0142 w Gromniku\",\"description\":\"\",\"potentialAction\":[{\"@type\":\"SearchAction\",\"target\":{\"@type\":\"EntryPoint\",\"urlTemplate\":\"https:\/\/zs.gromnik.pl\/zs\/?s={search_term_string}\"},\"query-input\":\"required name=search_term_string\"}],\"inLanguage\":\"pl-PL\"},{\"@type\":\"Person\",\"@id\":\"https:\/\/zs.gromnik.pl\/zs\/#\/schema\/person\/7fb2b24b90f39dede6a6b1ad809c8871\",\"name\":\"Barbara Kubicz\",\"image\":{\"@type\":\"ImageObject\",\"inLanguage\":\"pl-PL\",\"@id\":\"https:\/\/zs.gromnik.pl\/zs\/#\/schema\/person\/image\/\",\"url\":\"http:\/\/2.gravatar.com\/avatar\/2148a1c13395e11280a430e7a86ac24a?s=96&d=mm&r=g\",\"contentUrl\":\"http:\/\/2.gravatar.com\/avatar\/2148a1c13395e11280a430e7a86ac24a?s=96&d=mm&r=g\",\"caption\":\"Barbara Kubicz\"},\"url\":\"http:\/\/zs.gromnik.pl\/zs\/author\/bkubicz\/\"}]}<\/script>\n<!-- \/ Yoast SEO plugin. -->","yoast_head_json":{"title":"Dzie\u0144 Bezpiecznego Internetu w przedszkolu - Zesp\u00f3\u0142 Szk\u00f3\u0142 w Gromniku","description":"Zesp\u00f3\u0142 Szk\u00f3\u0142 w Gromniku","robots":{"index":"index","follow":"follow","max-snippet":"max-snippet:-1","max-image-preview":"max-image-preview:large","max-video-preview":"max-video-preview:-1"},"canonical":"http:\/\/zs.gromnik.pl\/zs\/dzien-bezpiecznego-internetu-w-przedszkolu\/","og_locale":"pl_PL","og_type":"article","og_title":"Dzie\u0144 Bezpiecznego Internetu w przedszkolu - Zesp\u00f3\u0142 Szk\u00f3\u0142 w Gromniku","og_description":"Zesp\u00f3\u0142 Szk\u00f3\u0142 w Gromniku","og_url":"http:\/\/zs.gromnik.pl\/zs\/dzien-bezpiecznego-internetu-w-przedszkolu\/","og_site_name":"Zesp\u00f3\u0142 Szk\u00f3\u0142 w Gromniku","article_publisher":"https:\/\/www.facebook.com\/zsgromnik","article_published_time":"2026-03-01T21:52:57+00:00","article_modified_time":"2026-03-01T21:52:59+00:00","og_image":[{"width":2048,"height":1542,"url":"http:\/\/zs.gromnik.pl\/zs\/wp-content\/uploads\/2026\/03\/4492f504-14e4-4547-af22-b7dc5089af50.jpg","type":"image\/jpeg"}],"author":"Barbara Kubicz","twitter_card":"summary_large_image","twitter_misc":{"Napisane przez":"Barbara Kubicz","Szacowany czas czytania":"1 minuta"},"schema":{"@context":"https:\/\/schema.org","@graph":[{"@type":"WebPage","@id":"http:\/\/zs.gromnik.pl\/zs\/dzien-bezpiecznego-internetu-w-przedszkolu\/","url":"http:\/\/zs.gromnik.pl\/zs\/dzien-bezpiecznego-internetu-w-przedszkolu\/","name":"Dzie\u0144 Bezpiecznego Internetu w przedszkolu - Zesp\u00f3\u0142 Szk\u00f3\u0142 w Gromniku","isPartOf":{"@id":"https:\/\/zs.gromnik.pl\/zs\/#website"},"datePublished":"2026-03-01T21:52:57+00:00","dateModified":"2026-03-01T21:52:59+00:00","author":{"@id":"https:\/\/zs.gromnik.pl\/zs\/#\/schema\/person\/7fb2b24b90f39dede6a6b1ad809c8871"},"description":"Zesp\u00f3\u0142 Szk\u00f3\u0142 w Gromniku","breadcrumb":{"@id":"http:\/\/zs.gromnik.pl\/zs\/dzien-bezpiecznego-internetu-w-przedszkolu\/#breadcrumb"},"inLanguage":"pl-PL","potentialAction":[{"@type":"ReadAction","target":["http:\/\/zs.gromnik.pl\/zs\/dzien-bezpiecznego-internetu-w-przedszkolu\/"]}]},{"@type":"BreadcrumbList","@id":"http:\/\/zs.gromnik.pl\/zs\/dzien-bezpiecznego-internetu-w-przedszkolu\/#breadcrumb","itemListElement":[{"@type":"ListItem","position":1,"name":"Strona g\u0142\u00f3wna","item":"https:\/\/zs.gromnik.pl\/zs\/"},{"@type":"ListItem","position":2,"name":"Dzie\u0144 Bezpiecznego Internetu w przedszkolu"}]},{"@type":"WebSite","@id":"https:\/\/zs.gromnik.pl\/zs\/#website","url":"https:\/\/zs.gromnik.pl\/zs\/","name":"Zesp\u00f3\u0142 Szk\u00f3\u0142 w Gromniku","description":"","potentialAction":[{"@type":"SearchAction","target":{"@type":"EntryPoint","urlTemplate":"https:\/\/zs.gromnik.pl\/zs\/?s={search_term_string}"},"query-input":"required name=search_term_string"}],"inLanguage":"pl-PL"},{"@type":"Person","@id":"https:\/\/zs.gromnik.pl\/zs\/#\/schema\/person\/7fb2b24b90f39dede6a6b1ad809c8871","name":"Barbara Kubicz","image":{"@type":"ImageObject","inLanguage":"pl-PL","@id":"https:\/\/zs.gromnik.pl\/zs\/#\/schema\/person\/image\/","url":"http:\/\/2.gravatar.com\/avatar\/2148a1c13395e11280a430e7a86ac24a?s=96&d=mm&r=g","contentUrl":"http:\/\/2.gravatar.com\/avatar\/2148a1c13395e11280a430e7a86ac24a?s=96&d=mm&r=g","caption":"Barbara Kubicz"},"url":"http:\/\/zs.gromnik.pl\/zs\/author\/bkubicz\/"}]}},"_links":{"self":[{"href":"http:\/\/zs.gromnik.pl\/zs\/wp-json\/wp\/v2\/posts\/19514"}],"collection":[{"href":"http:\/\/zs.gromnik.pl\/zs\/wp-json\/wp\/v2\/posts"}],"about":[{"href":"http:\/\/zs.gromnik.pl\/zs\/wp-json\/wp\/v2\/types\/post"}],"author":[{"embeddable":true,"href":"http:\/\/zs.gromnik.pl\/zs\/wp-json\/wp\/v2\/users\/7"}],"replies":[{"embeddable":true,"href":"http:\/\/zs.gromnik.pl\/zs\/wp-json\/wp\/v2\/comments?post=19514"}],"version-history":[{"count":1,"href":"http:\/\/zs.gromnik.pl\/zs\/wp-json\/wp\/v2\/posts\/19514\/revisions"}],"predecessor-version":[{"id":19523,"href":"http:\/\/zs.gromnik.pl\/zs\/wp-json\/wp\/v2\/posts\/19514\/revisions\/19523"}],"wp:featuredmedia":[{"embeddable":true,"href":"http:\/\/zs.gromnik.pl\/zs\/wp-json\/wp\/v2\/media\/19521"}],"wp:attachment":[{"href":"http:\/\/zs.gromnik.pl\/zs\/wp-json\/wp\/v2\/media?parent=19514"}],"wp:term":[{"taxonomy":"category","embeddable":true,"href":"http:\/\/zs.gromnik.pl\/zs\/wp-json\/wp\/v2\/categories?post=19514"},{"taxonomy":"post_tag","embeddable":true,"href":"http:\/\/zs.gromnik.pl\/zs\/wp-json\/wp\/v2\/tags?post=19514"}],"curies":[{"name":"wp","href":"https:\/\/api.w.org\/{rel}","templated":true}]}}