{"id":19536,"date":"2026-03-08T15:10:44","date_gmt":"2026-03-08T14:10:44","guid":{"rendered":"https:\/\/zs.gromnik.pl\/zs\/?p=19536"},"modified":"2026-03-08T15:34:59","modified_gmt":"2026-03-08T14:34:59","slug":"visegrad-fund-2026","status":"publish","type":"post","link":"http:\/\/zs.gromnik.pl\/zs\/visegrad-fund-2026\/","title":{"rendered":"VISEGRAD FUND 2026"},"content":{"rendered":"\n<h3>Projekt mi\u0119dzynarodowy <strong>E.C.H.O. \u2013 Empathy, Curiosity, Hearing, Observation<\/strong> z dofinansowaniem Funduszu Wyszehradzkiego<\/h3>\n\n\n<div class=\"wp-block-image\">\n<figure class=\"aligncenter size-full is-resized\"><img loading=\"lazy\" src=\"http:\/\/zs.gromnik.pl\/zs\/wp-content\/uploads\/2023\/09\/visegrad_fund_logo_blue_800px-1.jpg\" alt=\"\" class=\"wp-image-13775\" width=\"400\" height=\"184\"\/><\/figure><\/div>\n\n\n<p>Zesp\u00f3\u0142 Szk\u00f3\u0142 w Gromniku uzyska\u0142 <strong>grant w wysoko\u015bci 10 000 euro<\/strong> z <strong>International Visegrad Fund<\/strong> w programie <strong>V4 Generation Mobility Mini-Grant<\/strong> na realizacj\u0119 mi\u0119dzynarodowego projektu edukacyjnego <strong>E.C.H.O. \u2013 Empathy, Curiosity, Hearing, Observation<\/strong>.<\/p>\n\n\n\n<p>Projekt b\u0119dzie realizowany w okresie <strong>stycze\u0144 \u2013 czerwiec 2026 r.<\/strong> we wsp\u00f3\u0142pracy z partnerami zagranicznymi:<\/p>\n\n\n\n<ul><li><strong>Gymn\u00e1zium Bil\u00edkova<\/strong> w Bratys\u0142awie (S\u0142owacja),<\/li><li><strong>NKE Szemere Bertalan Primary School<\/strong> w Budapeszcie (W\u0119gry),<\/li><li><strong>S\u00e1ndor Pet\u0151fi Roman Catholic Primary School and High School<\/strong> w Vecs\u00e9s (W\u0119gry).<\/li><\/ul>\n\n\n\n<p>W dzia\u0142aniach projektowych we\u017amie udzia\u0142 <strong>28 uczestnik\u00f3w<\/strong> \u2013 uczniowie w wieku 12\u201313 lat oraz nauczyciele z czterech szk\u00f3\u0142 partnerskich.<\/p>\n\n\n\n<p>Projekt koncentruje si\u0119 na <strong>tematyce nietoperzy, echolokacji oraz empatii wobec os\u00f3b niewidomych<\/strong>, \u0142\u0105cz\u0105c edukacj\u0119 przyrodnicz\u0105 z nowoczesnymi technologiami, w tym wykorzystaniem narz\u0119dzi sztucznej inteligencji.<\/p>\n\n\n\n<p>W ramach projektu odb\u0119d\u0105 si\u0119 <strong>trzy mi\u0119dzynarodowe spotkania uczni\u00f3w i nauczycieli<\/strong>:<\/p>\n\n\n\n<ul><li><strong>Bratys\u0142awa (S\u0142owacja)<\/strong> \u2013 warsztaty terenowe dotycz\u0105ce biologii nietoperzy, obserwacje przyrodnicze oraz praca w mi\u0119dzynarodowych zespo\u0142ach nad materia\u0142ami edukacyjnymi wykorzystuj\u0105cymi AI.<\/li><li><strong>Vecs\u00e9s i Budapeszt (W\u0119gry)<\/strong> \u2013 zaj\u0119cia terenowe w naturalnych siedliskach nietoperzy, warsztaty o bior\u00f3\u017cnorodno\u015bci oraz dzia\u0142ania zwi\u0105zane z percepcj\u0105 d\u017awi\u0119ku i funkcjonowaniem os\u00f3b niewidomych, w tym wsp\u00f3\u0142praca z instytucj\u0105 wspieraj\u0105c\u0105 osoby niewidome.<\/li><li><strong>Gromnik i Krak\u00f3w (Polska)<\/strong> \u2013 zaj\u0119cia terenowe dotycz\u0105ce lokalnej przyrody, warsztaty o dost\u0119pno\u015bci przestrzeni dla os\u00f3b z niepe\u0142nosprawno\u015bci\u0105 wzroku oraz wydarzenie podsumowuj\u0105ce projekt dla spo\u0142eczno\u015bci szkolnej i lokalnej.<\/li><\/ul>\n\n\n\n<p>Efektem projektu b\u0119d\u0105 m.in. <strong>materia\u0142y edukacyjne, prezentacje, interaktywne pomoce dydaktyczne oraz dzia\u0142ania popularyzuj\u0105ce wiedz\u0119 o ochronie przyrody i empatii spo\u0142ecznej<\/strong>.<\/p>\n\n\n\n<p>Projekt stanowi kolejn\u0105 inicjatyw\u0119 Zespo\u0142u Szk\u00f3\u0142 w Gromniku rozwijaj\u0105c\u0105 <strong>mi\u0119dzynarodow\u0105 wsp\u00f3\u0142prac\u0119 edukacyjn\u0105 w ramach pa\u0144stw Grupy Wyszehradzkiej<\/strong>.<\/p>\n","protected":false},"excerpt":{"rendered":"<p>Projekt mi\u0119dzynarodowy E.C.H.O. \u2013 Empathy, Curiosity, Hearing, Observation z dofinansowaniem Funduszu Wyszehradzkiego Zesp\u00f3\u0142 Szk\u00f3\u0142 w Gromniku uzyska\u0142 grant w wysoko\u015bci 10 000 euro z International Visegrad Fund w programie V4 Generation Mobility Mini-Grant na realizacj\u0119 mi\u0119dzynarodowego projektu edukacyjnego E.C.H.O. \u2013 Empathy, Curiosity, Hearing, Observation. Projekt b\u0119dzie realizowany w okresie stycze\u0144 \u2013 czerwiec 2026 r. we wsp\u00f3\u0142pracy z partnerami zagranicznymi: Gymn\u00e1zium Bil\u00edkova w Bratys\u0142awie (S\u0142owacja), NKE Szemere Bertalan Primary School w Budapeszcie (W\u0119gry), S\u00e1ndor Pet\u0151fi Roman Catholic Primary School and High School w Vecs\u00e9s (W\u0119gry). W dzia\u0142aniach projektowych we\u017amie udzia\u0142 28 uczestnik\u00f3w \u2013 uczniowie w wieku 12\u201313 lat oraz nauczyciele z czterech szk\u00f3\u0142 partnerskich. Projekt koncentruje si\u0119 na tematyce nietoperzy, echolokacji oraz empatii wobec os\u00f3b niewidomych, \u0142\u0105cz\u0105c edukacj\u0119 przyrodnicz\u0105 z nowoczesnymi technologiami, w tym wykorzystaniem narz\u0119dzi sztucznej inteligencji. W ramach projektu odb\u0119d\u0105 si\u0119 trzy mi\u0119dzynarodowe spotkania uczni\u00f3w i nauczycieli: Bratys\u0142awa (S\u0142owacja) \u2013 warsztaty terenowe dotycz\u0105ce biologii nietoperzy, obserwacje przyrodnicze oraz praca w mi\u0119dzynarodowych zespo\u0142ach nad materia\u0142ami edukacyjnymi wykorzystuj\u0105cymi AI. Vecs\u00e9s i Budapeszt (W\u0119gry) \u2013 zaj\u0119cia terenowe w naturalnych siedliskach nietoperzy, warsztaty o bior\u00f3\u017cnorodno\u015bci oraz dzia\u0142ania zwi\u0105zane z percepcj\u0105 d\u017awi\u0119ku i funkcjonowaniem os\u00f3b niewidomych, w tym wsp\u00f3\u0142praca z instytucj\u0105 wspieraj\u0105c\u0105 osoby niewidome. Gromnik i Krak\u00f3w (Polska) \u2013 zaj\u0119cia terenowe dotycz\u0105ce lokalnej przyrody, warsztaty o dost\u0119pno\u015bci przestrzeni dla os\u00f3b z niepe\u0142nosprawno\u015bci\u0105 wzroku oraz wydarzenie podsumowuj\u0105ce projekt dla spo\u0142eczno\u015bci szkolnej i lokalnej. Efektem projektu b\u0119d\u0105 m.in. materia\u0142y edukacyjne, prezentacje, interaktywne pomoce dydaktyczne oraz dzia\u0142ania popularyzuj\u0105ce wiedz\u0119 o ochronie przyrody i empatii spo\u0142ecznej. Projekt stanowi kolejn\u0105 inicjatyw\u0119 Zespo\u0142u Szk\u00f3\u0142 w Gromniku rozwijaj\u0105c\u0105 mi\u0119dzynarodow\u0105 wsp\u00f3\u0142prac\u0119 edukacyjn\u0105 w ramach pa\u0144stw Grupy Wyszehradzkiej.<\/p>\n","protected":false},"author":6,"featured_media":19537,"comment_status":"closed","ping_status":"open","sticky":false,"template":"","format":"standard","meta":[],"categories":[3,32],"tags":[],"yoast_head":"<!-- This site is optimized with the Yoast SEO plugin v19.8 - https:\/\/yoast.com\/wordpress\/plugins\/seo\/ -->\n<title>VISEGRAD FUND 2026 - Zesp\u00f3\u0142 Szk\u00f3\u0142 w Gromniku<\/title>\n<meta name=\"description\" content=\"Zesp\u00f3\u0142 Szk\u00f3\u0142 w Gromniku\" \/>\n<meta name=\"robots\" content=\"index, follow, max-snippet:-1, max-image-preview:large, max-video-preview:-1\" \/>\n<link rel=\"canonical\" href=\"https:\/\/zs.gromnik.pl\/zs\/visegrad-fund-2026\/\" \/>\n<meta property=\"og:locale\" content=\"pl_PL\" \/>\n<meta property=\"og:type\" content=\"article\" \/>\n<meta property=\"og:title\" content=\"VISEGRAD FUND 2026 - Zesp\u00f3\u0142 Szk\u00f3\u0142 w Gromniku\" \/>\n<meta property=\"og:description\" content=\"Zesp\u00f3\u0142 Szk\u00f3\u0142 w Gromniku\" \/>\n<meta property=\"og:url\" content=\"https:\/\/zs.gromnik.pl\/zs\/visegrad-fund-2026\/\" \/>\n<meta property=\"og:site_name\" content=\"Zesp\u00f3\u0142 Szk\u00f3\u0142 w Gromniku\" \/>\n<meta property=\"article:publisher\" content=\"https:\/\/www.facebook.com\/zsgromnik\" \/>\n<meta property=\"article:published_time\" content=\"2026-03-08T14:10:44+00:00\" \/>\n<meta property=\"article:modified_time\" content=\"2026-03-08T14:34:59+00:00\" \/>\n<meta property=\"og:image\" content=\"https:\/\/zs.gromnik.pl\/zs\/wp-content\/uploads\/2026\/03\/logo-e1772980488183.png\" \/>\n\t<meta property=\"og:image:width\" content=\"300\" \/>\n\t<meta property=\"og:image:height\" content=\"300\" \/>\n\t<meta property=\"og:image:type\" content=\"image\/png\" \/>\n<meta name=\"author\" content=\"Patrycja Kubicz\" \/>\n<meta name=\"twitter:card\" content=\"summary_large_image\" \/>\n<meta name=\"twitter:label1\" content=\"Napisane przez\" \/>\n\t<meta name=\"twitter:data1\" content=\"Patrycja Kubicz\" \/>\n\t<meta name=\"twitter:label2\" content=\"Szacowany czas czytania\" \/>\n\t<meta name=\"twitter:data2\" content=\"2 minuty\" \/>\n<script type=\"application\/ld+json\" class=\"yoast-schema-graph\">{\"@context\":\"https:\/\/schema.org\",\"@graph\":[{\"@type\":\"WebPage\",\"@id\":\"https:\/\/zs.gromnik.pl\/zs\/visegrad-fund-2026\/\",\"url\":\"https:\/\/zs.gromnik.pl\/zs\/visegrad-fund-2026\/\",\"name\":\"VISEGRAD FUND 2026 - Zesp\u00f3\u0142 Szk\u00f3\u0142 w Gromniku\",\"isPartOf\":{\"@id\":\"https:\/\/zs.gromnik.pl\/zs\/#website\"},\"datePublished\":\"2026-03-08T14:10:44+00:00\",\"dateModified\":\"2026-03-08T14:34:59+00:00\",\"author\":{\"@id\":\"https:\/\/zs.gromnik.pl\/zs\/#\/schema\/person\/8ceca2902a7d39b77622ae2e117d831a\"},\"description\":\"Zesp\u00f3\u0142 Szk\u00f3\u0142 w Gromniku\",\"breadcrumb\":{\"@id\":\"https:\/\/zs.gromnik.pl\/zs\/visegrad-fund-2026\/#breadcrumb\"},\"inLanguage\":\"pl-PL\",\"potentialAction\":[{\"@type\":\"ReadAction\",\"target\":[\"https:\/\/zs.gromnik.pl\/zs\/visegrad-fund-2026\/\"]}]},{\"@type\":\"BreadcrumbList\",\"@id\":\"https:\/\/zs.gromnik.pl\/zs\/visegrad-fund-2026\/#breadcrumb\",\"itemListElement\":[{\"@type\":\"ListItem\",\"position\":1,\"name\":\"Strona g\u0142\u00f3wna\",\"item\":\"https:\/\/zs.gromnik.pl\/zs\/\"},{\"@type\":\"ListItem\",\"position\":2,\"name\":\"VISEGRAD FUND 2026\"}]},{\"@type\":\"WebSite\",\"@id\":\"https:\/\/zs.gromnik.pl\/zs\/#website\",\"url\":\"https:\/\/zs.gromnik.pl\/zs\/\",\"name\":\"Zesp\u00f3\u0142 Szk\u00f3\u0142 w Gromniku\",\"description\":\"\",\"potentialAction\":[{\"@type\":\"SearchAction\",\"target\":{\"@type\":\"EntryPoint\",\"urlTemplate\":\"https:\/\/zs.gromnik.pl\/zs\/?s={search_term_string}\"},\"query-input\":\"required name=search_term_string\"}],\"inLanguage\":\"pl-PL\"},{\"@type\":\"Person\",\"@id\":\"https:\/\/zs.gromnik.pl\/zs\/#\/schema\/person\/8ceca2902a7d39b77622ae2e117d831a\",\"name\":\"Patrycja Kubicz\",\"image\":{\"@type\":\"ImageObject\",\"inLanguage\":\"pl-PL\",\"@id\":\"https:\/\/zs.gromnik.pl\/zs\/#\/schema\/person\/image\/\",\"url\":\"http:\/\/0.gravatar.com\/avatar\/fdb188d3851f5cc80ba3148c853f5f66?s=96&d=mm&r=g\",\"contentUrl\":\"http:\/\/0.gravatar.com\/avatar\/fdb188d3851f5cc80ba3148c853f5f66?s=96&d=mm&r=g\",\"caption\":\"Patrycja Kubicz\"},\"url\":\"http:\/\/zs.gromnik.pl\/zs\/author\/pkubicz\/\"}]}<\/script>\n<!-- \/ Yoast SEO plugin. -->","yoast_head_json":{"title":"VISEGRAD FUND 2026 - Zesp\u00f3\u0142 Szk\u00f3\u0142 w Gromniku","description":"Zesp\u00f3\u0142 Szk\u00f3\u0142 w Gromniku","robots":{"index":"index","follow":"follow","max-snippet":"max-snippet:-1","max-image-preview":"max-image-preview:large","max-video-preview":"max-video-preview:-1"},"canonical":"https:\/\/zs.gromnik.pl\/zs\/visegrad-fund-2026\/","og_locale":"pl_PL","og_type":"article","og_title":"VISEGRAD FUND 2026 - Zesp\u00f3\u0142 Szk\u00f3\u0142 w Gromniku","og_description":"Zesp\u00f3\u0142 Szk\u00f3\u0142 w Gromniku","og_url":"https:\/\/zs.gromnik.pl\/zs\/visegrad-fund-2026\/","og_site_name":"Zesp\u00f3\u0142 Szk\u00f3\u0142 w Gromniku","article_publisher":"https:\/\/www.facebook.com\/zsgromnik","article_published_time":"2026-03-08T14:10:44+00:00","article_modified_time":"2026-03-08T14:34:59+00:00","og_image":[{"width":300,"height":300,"url":"https:\/\/zs.gromnik.pl\/zs\/wp-content\/uploads\/2026\/03\/logo-e1772980488183.png","type":"image\/png"}],"author":"Patrycja Kubicz","twitter_card":"summary_large_image","twitter_misc":{"Napisane przez":"Patrycja Kubicz","Szacowany czas czytania":"2 minuty"},"schema":{"@context":"https:\/\/schema.org","@graph":[{"@type":"WebPage","@id":"https:\/\/zs.gromnik.pl\/zs\/visegrad-fund-2026\/","url":"https:\/\/zs.gromnik.pl\/zs\/visegrad-fund-2026\/","name":"VISEGRAD FUND 2026 - Zesp\u00f3\u0142 Szk\u00f3\u0142 w Gromniku","isPartOf":{"@id":"https:\/\/zs.gromnik.pl\/zs\/#website"},"datePublished":"2026-03-08T14:10:44+00:00","dateModified":"2026-03-08T14:34:59+00:00","author":{"@id":"https:\/\/zs.gromnik.pl\/zs\/#\/schema\/person\/8ceca2902a7d39b77622ae2e117d831a"},"description":"Zesp\u00f3\u0142 Szk\u00f3\u0142 w Gromniku","breadcrumb":{"@id":"https:\/\/zs.gromnik.pl\/zs\/visegrad-fund-2026\/#breadcrumb"},"inLanguage":"pl-PL","potentialAction":[{"@type":"ReadAction","target":["https:\/\/zs.gromnik.pl\/zs\/visegrad-fund-2026\/"]}]},{"@type":"BreadcrumbList","@id":"https:\/\/zs.gromnik.pl\/zs\/visegrad-fund-2026\/#breadcrumb","itemListElement":[{"@type":"ListItem","position":1,"name":"Strona g\u0142\u00f3wna","item":"https:\/\/zs.gromnik.pl\/zs\/"},{"@type":"ListItem","position":2,"name":"VISEGRAD FUND 2026"}]},{"@type":"WebSite","@id":"https:\/\/zs.gromnik.pl\/zs\/#website","url":"https:\/\/zs.gromnik.pl\/zs\/","name":"Zesp\u00f3\u0142 Szk\u00f3\u0142 w Gromniku","description":"","potentialAction":[{"@type":"SearchAction","target":{"@type":"EntryPoint","urlTemplate":"https:\/\/zs.gromnik.pl\/zs\/?s={search_term_string}"},"query-input":"required name=search_term_string"}],"inLanguage":"pl-PL"},{"@type":"Person","@id":"https:\/\/zs.gromnik.pl\/zs\/#\/schema\/person\/8ceca2902a7d39b77622ae2e117d831a","name":"Patrycja Kubicz","image":{"@type":"ImageObject","inLanguage":"pl-PL","@id":"https:\/\/zs.gromnik.pl\/zs\/#\/schema\/person\/image\/","url":"http:\/\/0.gravatar.com\/avatar\/fdb188d3851f5cc80ba3148c853f5f66?s=96&d=mm&r=g","contentUrl":"http:\/\/0.gravatar.com\/avatar\/fdb188d3851f5cc80ba3148c853f5f66?s=96&d=mm&r=g","caption":"Patrycja Kubicz"},"url":"http:\/\/zs.gromnik.pl\/zs\/author\/pkubicz\/"}]}},"_links":{"self":[{"href":"http:\/\/zs.gromnik.pl\/zs\/wp-json\/wp\/v2\/posts\/19536"}],"collection":[{"href":"http:\/\/zs.gromnik.pl\/zs\/wp-json\/wp\/v2\/posts"}],"about":[{"href":"http:\/\/zs.gromnik.pl\/zs\/wp-json\/wp\/v2\/types\/post"}],"author":[{"embeddable":true,"href":"http:\/\/zs.gromnik.pl\/zs\/wp-json\/wp\/v2\/users\/6"}],"replies":[{"embeddable":true,"href":"http:\/\/zs.gromnik.pl\/zs\/wp-json\/wp\/v2\/comments?post=19536"}],"version-history":[{"count":1,"href":"http:\/\/zs.gromnik.pl\/zs\/wp-json\/wp\/v2\/posts\/19536\/revisions"}],"predecessor-version":[{"id":19538,"href":"http:\/\/zs.gromnik.pl\/zs\/wp-json\/wp\/v2\/posts\/19536\/revisions\/19538"}],"wp:featuredmedia":[{"embeddable":true,"href":"http:\/\/zs.gromnik.pl\/zs\/wp-json\/wp\/v2\/media\/19537"}],"wp:attachment":[{"href":"http:\/\/zs.gromnik.pl\/zs\/wp-json\/wp\/v2\/media?parent=19536"}],"wp:term":[{"taxonomy":"category","embeddable":true,"href":"http:\/\/zs.gromnik.pl\/zs\/wp-json\/wp\/v2\/categories?post=19536"},{"taxonomy":"post_tag","embeddable":true,"href":"http:\/\/zs.gromnik.pl\/zs\/wp-json\/wp\/v2\/tags?post=19536"}],"curies":[{"name":"wp","href":"https:\/\/api.w.org\/{rel}","templated":true}]}}