{"id":19540,"date":"2026-03-08T15:33:50","date_gmt":"2026-03-08T14:33:50","guid":{"rendered":"https:\/\/zs.gromnik.pl\/zs\/?p=19540"},"modified":"2026-03-08T15:33:52","modified_gmt":"2026-03-08T14:33:52","slug":"visegrad-fund-v-2-2026","status":"publish","type":"post","link":"http:\/\/zs.gromnik.pl\/zs\/visegrad-fund-v-2-2026\/","title":{"rendered":"VISEGRAD FUND v.2 2026"},"content":{"rendered":"\n<h3>Projekt mi\u0119dzynarodowy <strong>\u201eLet\u2019s meet on the Milky Way\u201d<\/strong> z dofinansowaniem Funduszu Wyszehradzkiego<\/h3>\n\n\n\n<p>Zesp\u00f3\u0142 Szk\u00f3\u0142 w Gromniku uzyska\u0142 kolejne dofinansowanie z <strong>International Visegrad Fund<\/strong> w ramach programu <strong>V4 Generation Mobility Mini-Grants<\/strong> na realizacj\u0119 projektu edukacyjnego <strong>\u201eLet\u2019s meet on the Milky Way\u201d<\/strong>.<\/p>\n\n\n\n<p>Projekt b\u0119dzie realizowany w okresie <strong>marzec \u2013 czerwiec 2026 r.<\/strong> we wsp\u00f3\u0142pracy z dwiema szko\u0142ami partnerskimi: jedn\u0105 ze <strong>S\u0142owacji<\/strong> oraz jedn\u0105 z <strong>W\u0119gier<\/strong>. W dzia\u0142aniach projektowych we\u017amie udzia\u0142 <strong>24 uczestnik\u00f3w<\/strong> \u2013 z ka\u017cdego kraju <strong>6 uczni\u00f3w w wieku 12\u201313 lat oraz 2 nauczycieli<\/strong>.<\/p>\n\n\n\n<p>Tematem projektu jest <strong>astronomia i kosmos<\/strong>, a tak\u017ce rozwijanie zainteresowa\u0144 naukowych m\u0142odzie\u017cy poprzez po\u0142\u0105czenie nauki, sztuki i nowych technologii. Uczniowie b\u0119d\u0105 poznawa\u0107 histori\u0119 bada\u0144 kosmicznych w krajach Europy \u015arodkowej oraz sylwetki wybitnych naukowc\u00f3w zwi\u0105zanych z astronomi\u0105 i lotami kosmicznymi.<\/p>\n\n\n\n<p>W trakcie mi\u0119dzynarodowych spotka\u0144 uczniowie b\u0119d\u0105 uczestniczy\u0107 w warsztatach naukowych, zaj\u0119ciach kreatywnych oraz dzia\u0142aniach rozwijaj\u0105cych kompetencje cyfrowe, w tym wykorzystanie <strong>narz\u0119dzi sztucznej inteligencji w edukacji<\/strong>. Projekt zak\u0142ada r\u00f3wnie\u017c wizyty w instytucjach naukowych, prac\u0119 w mi\u0119dzynarodowych zespo\u0142ach oraz przygotowanie wsp\u00f3lnych prezentacji i projekt\u00f3w edukacyjnych.<\/p>\n\n\n\n<p>Jednym z element\u00f3w projektu b\u0119dzie m.in. <strong>wizyta w obserwatorium astronomicznym w Rzepienniku Strzy\u017cewskim<\/strong>, gdzie uczniowie b\u0119d\u0105 mogli pozna\u0107 tajniki obserwacji kosmosu i pracy astronom\u00f3w.<\/p>\n\n\n\n<p>J\u0119zykiem komunikacji podczas wszystkich dzia\u0142a\u0144 b\u0119dzie <strong>j\u0119zyk angielski<\/strong>, dzi\u0119ki czemu uczniowie b\u0119d\u0105 rozwija\u0107 kompetencje j\u0119zykowe oraz umiej\u0119tno\u015b\u0107 wsp\u00f3\u0142pracy w \u015brodowisku mi\u0119dzynarodowym.<\/p>\n\n\n\n<p>Projekt ma na celu rozwijanie <strong>ciekawo\u015bci poznawczej m\u0142odzie\u017cy, kompetencji cyfrowych oraz wsp\u00f3\u0142pracy mi\u0119dzynarodowej<\/strong>, a tak\u017ce budowanie trwa\u0142ych relacji mi\u0119dzy uczniami z kraj\u00f3w Grupy Wyszehradzkiej.<\/p>\n\n\n<div class=\"wp-block-image\">\n<figure class=\"aligncenter size-full\"><img loading=\"lazy\" width=\"400\" height=\"183\" src=\"http:\/\/zs.gromnik.pl\/zs\/wp-content\/uploads\/2023\/09\/visegrad_fund_logo_blue_800px-1-e1772978909399.jpg\" alt=\"\" class=\"wp-image-13775\" srcset=\"http:\/\/zs.gromnik.pl\/zs\/wp-content\/uploads\/2023\/09\/visegrad_fund_logo_blue_800px-1-e1772978909399.jpg 400w, http:\/\/zs.gromnik.pl\/zs\/wp-content\/uploads\/2023\/09\/visegrad_fund_logo_blue_800px-1-e1772978909399-300x137.jpg 300w\" sizes=\"(max-width: 400px) 100vw, 400px\" \/><figcaption>Visegrad Fund<\/figcaption><\/figure><\/div>","protected":false},"excerpt":{"rendered":"<p>Projekt mi\u0119dzynarodowy \u201eLet\u2019s meet on the Milky Way\u201d z dofinansowaniem Funduszu Wyszehradzkiego Zesp\u00f3\u0142 Szk\u00f3\u0142 w Gromniku uzyska\u0142 kolejne dofinansowanie z International Visegrad Fund w ramach programu V4 Generation Mobility Mini-Grants na realizacj\u0119 projektu edukacyjnego \u201eLet\u2019s meet on the Milky Way\u201d. Projekt b\u0119dzie realizowany w okresie marzec \u2013 czerwiec 2026 r. we wsp\u00f3\u0142pracy z dwiema szko\u0142ami partnerskimi: jedn\u0105 ze S\u0142owacji oraz jedn\u0105 z W\u0119gier. W dzia\u0142aniach projektowych we\u017amie udzia\u0142 24 uczestnik\u00f3w \u2013 z ka\u017cdego kraju 6 uczni\u00f3w w wieku 12\u201313 lat oraz 2 nauczycieli. Tematem projektu jest astronomia i kosmos, a tak\u017ce rozwijanie zainteresowa\u0144 naukowych m\u0142odzie\u017cy poprzez po\u0142\u0105czenie nauki, sztuki i nowych technologii. Uczniowie b\u0119d\u0105 poznawa\u0107 histori\u0119 bada\u0144 kosmicznych w krajach Europy \u015arodkowej oraz sylwetki wybitnych naukowc\u00f3w zwi\u0105zanych z astronomi\u0105 i lotami kosmicznymi. W trakcie mi\u0119dzynarodowych spotka\u0144 uczniowie b\u0119d\u0105 uczestniczy\u0107 w warsztatach naukowych, zaj\u0119ciach kreatywnych oraz dzia\u0142aniach rozwijaj\u0105cych kompetencje cyfrowe, w tym wykorzystanie narz\u0119dzi sztucznej inteligencji w edukacji. Projekt zak\u0142ada r\u00f3wnie\u017c wizyty w instytucjach naukowych, prac\u0119 w mi\u0119dzynarodowych zespo\u0142ach oraz przygotowanie wsp\u00f3lnych prezentacji i projekt\u00f3w edukacyjnych. Jednym z element\u00f3w projektu b\u0119dzie m.in. wizyta w obserwatorium astronomicznym w Rzepienniku Strzy\u017cewskim, gdzie uczniowie b\u0119d\u0105 mogli pozna\u0107 tajniki obserwacji kosmosu i pracy astronom\u00f3w. J\u0119zykiem komunikacji podczas wszystkich dzia\u0142a\u0144 b\u0119dzie j\u0119zyk angielski, dzi\u0119ki czemu uczniowie b\u0119d\u0105 rozwija\u0107 kompetencje j\u0119zykowe oraz umiej\u0119tno\u015b\u0107 wsp\u00f3\u0142pracy w \u015brodowisku mi\u0119dzynarodowym. Projekt ma na celu rozwijanie ciekawo\u015bci poznawczej m\u0142odzie\u017cy, kompetencji cyfrowych oraz wsp\u00f3\u0142pracy mi\u0119dzynarodowej, a tak\u017ce budowanie trwa\u0142ych relacji mi\u0119dzy uczniami z kraj\u00f3w Grupy Wyszehradzkiej.<\/p>\n","protected":false},"author":6,"featured_media":19542,"comment_status":"closed","ping_status":"open","sticky":false,"template":"","format":"standard","meta":[],"categories":[3],"tags":[],"yoast_head":"<!-- This site is optimized with the Yoast SEO plugin v19.8 - https:\/\/yoast.com\/wordpress\/plugins\/seo\/ -->\n<title>VISEGRAD FUND v.2 2026 - Zesp\u00f3\u0142 Szk\u00f3\u0142 w Gromniku<\/title>\n<meta name=\"description\" content=\"Zesp\u00f3\u0142 Szk\u00f3\u0142 w Gromniku\" \/>\n<meta name=\"robots\" content=\"index, follow, max-snippet:-1, max-image-preview:large, max-video-preview:-1\" \/>\n<link rel=\"canonical\" href=\"http:\/\/zs.gromnik.pl\/zs\/visegrad-fund-v-2-2026\/\" \/>\n<meta property=\"og:locale\" content=\"pl_PL\" \/>\n<meta property=\"og:type\" content=\"article\" \/>\n<meta property=\"og:title\" content=\"VISEGRAD FUND v.2 2026 - Zesp\u00f3\u0142 Szk\u00f3\u0142 w Gromniku\" \/>\n<meta property=\"og:description\" content=\"Zesp\u00f3\u0142 Szk\u00f3\u0142 w Gromniku\" \/>\n<meta property=\"og:url\" content=\"http:\/\/zs.gromnik.pl\/zs\/visegrad-fund-v-2-2026\/\" \/>\n<meta property=\"og:site_name\" content=\"Zesp\u00f3\u0142 Szk\u00f3\u0142 w Gromniku\" \/>\n<meta property=\"article:publisher\" content=\"https:\/\/www.facebook.com\/zsgromnik\" \/>\n<meta property=\"article:published_time\" content=\"2026-03-08T14:33:50+00:00\" \/>\n<meta property=\"article:modified_time\" content=\"2026-03-08T14:33:52+00:00\" \/>\n<meta property=\"og:image\" content=\"http:\/\/zs.gromnik.pl\/zs\/wp-content\/uploads\/2026\/03\/logo-1-e1772980363572.png\" \/>\n\t<meta property=\"og:image:width\" content=\"300\" \/>\n\t<meta property=\"og:image:height\" content=\"300\" \/>\n\t<meta property=\"og:image:type\" content=\"image\/png\" \/>\n<meta name=\"author\" content=\"Patrycja Kubicz\" \/>\n<meta name=\"twitter:card\" content=\"summary_large_image\" \/>\n<meta name=\"twitter:label1\" content=\"Napisane przez\" \/>\n\t<meta name=\"twitter:data1\" content=\"Patrycja Kubicz\" \/>\n\t<meta name=\"twitter:label2\" content=\"Szacowany czas czytania\" \/>\n\t<meta name=\"twitter:data2\" content=\"1 minuta\" \/>\n<script type=\"application\/ld+json\" class=\"yoast-schema-graph\">{\"@context\":\"https:\/\/schema.org\",\"@graph\":[{\"@type\":\"WebPage\",\"@id\":\"http:\/\/zs.gromnik.pl\/zs\/visegrad-fund-v-2-2026\/\",\"url\":\"http:\/\/zs.gromnik.pl\/zs\/visegrad-fund-v-2-2026\/\",\"name\":\"VISEGRAD FUND v.2 2026 - Zesp\u00f3\u0142 Szk\u00f3\u0142 w Gromniku\",\"isPartOf\":{\"@id\":\"https:\/\/zs.gromnik.pl\/zs\/#website\"},\"datePublished\":\"2026-03-08T14:33:50+00:00\",\"dateModified\":\"2026-03-08T14:33:52+00:00\",\"author\":{\"@id\":\"https:\/\/zs.gromnik.pl\/zs\/#\/schema\/person\/8ceca2902a7d39b77622ae2e117d831a\"},\"description\":\"Zesp\u00f3\u0142 Szk\u00f3\u0142 w Gromniku\",\"breadcrumb\":{\"@id\":\"http:\/\/zs.gromnik.pl\/zs\/visegrad-fund-v-2-2026\/#breadcrumb\"},\"inLanguage\":\"pl-PL\",\"potentialAction\":[{\"@type\":\"ReadAction\",\"target\":[\"http:\/\/zs.gromnik.pl\/zs\/visegrad-fund-v-2-2026\/\"]}]},{\"@type\":\"BreadcrumbList\",\"@id\":\"http:\/\/zs.gromnik.pl\/zs\/visegrad-fund-v-2-2026\/#breadcrumb\",\"itemListElement\":[{\"@type\":\"ListItem\",\"position\":1,\"name\":\"Strona g\u0142\u00f3wna\",\"item\":\"https:\/\/zs.gromnik.pl\/zs\/\"},{\"@type\":\"ListItem\",\"position\":2,\"name\":\"VISEGRAD FUND v.2 2026\"}]},{\"@type\":\"WebSite\",\"@id\":\"https:\/\/zs.gromnik.pl\/zs\/#website\",\"url\":\"https:\/\/zs.gromnik.pl\/zs\/\",\"name\":\"Zesp\u00f3\u0142 Szk\u00f3\u0142 w Gromniku\",\"description\":\"\",\"potentialAction\":[{\"@type\":\"SearchAction\",\"target\":{\"@type\":\"EntryPoint\",\"urlTemplate\":\"https:\/\/zs.gromnik.pl\/zs\/?s={search_term_string}\"},\"query-input\":\"required name=search_term_string\"}],\"inLanguage\":\"pl-PL\"},{\"@type\":\"Person\",\"@id\":\"https:\/\/zs.gromnik.pl\/zs\/#\/schema\/person\/8ceca2902a7d39b77622ae2e117d831a\",\"name\":\"Patrycja Kubicz\",\"image\":{\"@type\":\"ImageObject\",\"inLanguage\":\"pl-PL\",\"@id\":\"https:\/\/zs.gromnik.pl\/zs\/#\/schema\/person\/image\/\",\"url\":\"http:\/\/0.gravatar.com\/avatar\/fdb188d3851f5cc80ba3148c853f5f66?s=96&d=mm&r=g\",\"contentUrl\":\"http:\/\/0.gravatar.com\/avatar\/fdb188d3851f5cc80ba3148c853f5f66?s=96&d=mm&r=g\",\"caption\":\"Patrycja Kubicz\"},\"url\":\"http:\/\/zs.gromnik.pl\/zs\/author\/pkubicz\/\"}]}<\/script>\n<!-- \/ Yoast SEO plugin. -->","yoast_head_json":{"title":"VISEGRAD FUND v.2 2026 - Zesp\u00f3\u0142 Szk\u00f3\u0142 w Gromniku","description":"Zesp\u00f3\u0142 Szk\u00f3\u0142 w Gromniku","robots":{"index":"index","follow":"follow","max-snippet":"max-snippet:-1","max-image-preview":"max-image-preview:large","max-video-preview":"max-video-preview:-1"},"canonical":"http:\/\/zs.gromnik.pl\/zs\/visegrad-fund-v-2-2026\/","og_locale":"pl_PL","og_type":"article","og_title":"VISEGRAD FUND v.2 2026 - Zesp\u00f3\u0142 Szk\u00f3\u0142 w Gromniku","og_description":"Zesp\u00f3\u0142 Szk\u00f3\u0142 w Gromniku","og_url":"http:\/\/zs.gromnik.pl\/zs\/visegrad-fund-v-2-2026\/","og_site_name":"Zesp\u00f3\u0142 Szk\u00f3\u0142 w Gromniku","article_publisher":"https:\/\/www.facebook.com\/zsgromnik","article_published_time":"2026-03-08T14:33:50+00:00","article_modified_time":"2026-03-08T14:33:52+00:00","og_image":[{"width":300,"height":300,"url":"http:\/\/zs.gromnik.pl\/zs\/wp-content\/uploads\/2026\/03\/logo-1-e1772980363572.png","type":"image\/png"}],"author":"Patrycja Kubicz","twitter_card":"summary_large_image","twitter_misc":{"Napisane przez":"Patrycja Kubicz","Szacowany czas czytania":"1 minuta"},"schema":{"@context":"https:\/\/schema.org","@graph":[{"@type":"WebPage","@id":"http:\/\/zs.gromnik.pl\/zs\/visegrad-fund-v-2-2026\/","url":"http:\/\/zs.gromnik.pl\/zs\/visegrad-fund-v-2-2026\/","name":"VISEGRAD FUND v.2 2026 - Zesp\u00f3\u0142 Szk\u00f3\u0142 w Gromniku","isPartOf":{"@id":"https:\/\/zs.gromnik.pl\/zs\/#website"},"datePublished":"2026-03-08T14:33:50+00:00","dateModified":"2026-03-08T14:33:52+00:00","author":{"@id":"https:\/\/zs.gromnik.pl\/zs\/#\/schema\/person\/8ceca2902a7d39b77622ae2e117d831a"},"description":"Zesp\u00f3\u0142 Szk\u00f3\u0142 w Gromniku","breadcrumb":{"@id":"http:\/\/zs.gromnik.pl\/zs\/visegrad-fund-v-2-2026\/#breadcrumb"},"inLanguage":"pl-PL","potentialAction":[{"@type":"ReadAction","target":["http:\/\/zs.gromnik.pl\/zs\/visegrad-fund-v-2-2026\/"]}]},{"@type":"BreadcrumbList","@id":"http:\/\/zs.gromnik.pl\/zs\/visegrad-fund-v-2-2026\/#breadcrumb","itemListElement":[{"@type":"ListItem","position":1,"name":"Strona g\u0142\u00f3wna","item":"https:\/\/zs.gromnik.pl\/zs\/"},{"@type":"ListItem","position":2,"name":"VISEGRAD FUND v.2 2026"}]},{"@type":"WebSite","@id":"https:\/\/zs.gromnik.pl\/zs\/#website","url":"https:\/\/zs.gromnik.pl\/zs\/","name":"Zesp\u00f3\u0142 Szk\u00f3\u0142 w Gromniku","description":"","potentialAction":[{"@type":"SearchAction","target":{"@type":"EntryPoint","urlTemplate":"https:\/\/zs.gromnik.pl\/zs\/?s={search_term_string}"},"query-input":"required name=search_term_string"}],"inLanguage":"pl-PL"},{"@type":"Person","@id":"https:\/\/zs.gromnik.pl\/zs\/#\/schema\/person\/8ceca2902a7d39b77622ae2e117d831a","name":"Patrycja Kubicz","image":{"@type":"ImageObject","inLanguage":"pl-PL","@id":"https:\/\/zs.gromnik.pl\/zs\/#\/schema\/person\/image\/","url":"http:\/\/0.gravatar.com\/avatar\/fdb188d3851f5cc80ba3148c853f5f66?s=96&d=mm&r=g","contentUrl":"http:\/\/0.gravatar.com\/avatar\/fdb188d3851f5cc80ba3148c853f5f66?s=96&d=mm&r=g","caption":"Patrycja Kubicz"},"url":"http:\/\/zs.gromnik.pl\/zs\/author\/pkubicz\/"}]}},"_links":{"self":[{"href":"http:\/\/zs.gromnik.pl\/zs\/wp-json\/wp\/v2\/posts\/19540"}],"collection":[{"href":"http:\/\/zs.gromnik.pl\/zs\/wp-json\/wp\/v2\/posts"}],"about":[{"href":"http:\/\/zs.gromnik.pl\/zs\/wp-json\/wp\/v2\/types\/post"}],"author":[{"embeddable":true,"href":"http:\/\/zs.gromnik.pl\/zs\/wp-json\/wp\/v2\/users\/6"}],"replies":[{"embeddable":true,"href":"http:\/\/zs.gromnik.pl\/zs\/wp-json\/wp\/v2\/comments?post=19540"}],"version-history":[{"count":1,"href":"http:\/\/zs.gromnik.pl\/zs\/wp-json\/wp\/v2\/posts\/19540\/revisions"}],"predecessor-version":[{"id":19543,"href":"http:\/\/zs.gromnik.pl\/zs\/wp-json\/wp\/v2\/posts\/19540\/revisions\/19543"}],"wp:featuredmedia":[{"embeddable":true,"href":"http:\/\/zs.gromnik.pl\/zs\/wp-json\/wp\/v2\/media\/19542"}],"wp:attachment":[{"href":"http:\/\/zs.gromnik.pl\/zs\/wp-json\/wp\/v2\/media?parent=19540"}],"wp:term":[{"taxonomy":"category","embeddable":true,"href":"http:\/\/zs.gromnik.pl\/zs\/wp-json\/wp\/v2\/categories?post=19540"},{"taxonomy":"post_tag","embeddable":true,"href":"http:\/\/zs.gromnik.pl\/zs\/wp-json\/wp\/v2\/tags?post=19540"}],"curies":[{"name":"wp","href":"https:\/\/api.w.org\/{rel}","templated":true}]}}