{"id":19547,"date":"2026-03-09T07:11:57","date_gmt":"2026-03-09T06:11:57","guid":{"rendered":"https:\/\/zs.gromnik.pl\/zs\/?p=19547"},"modified":"2026-03-09T07:23:36","modified_gmt":"2026-03-09T06:23:36","slug":"informacje-ogolne-szpz","status":"publish","type":"post","link":"http:\/\/zs.gromnik.pl\/zs\/informacje-ogolne-szpz\/","title":{"rendered":"Informacje og\u00f3lne"},"content":{"rendered":"\n<p><strong>Szko\u0142a Promuj\u0105ca Zdrowie<\/strong><\/p>\n\n\n\n<p>Definicja<\/p>\n\n\n\n<p>Szko\u0142a promuj\u0105ca zdrowie to szko\u0142a, kt\u00f3ra we wsp\u00f3\u0142pracy z rodzicami uczni\u00f3w i&nbsp;spo\u0142eczno\u015bci\u0105 lokaln\u0105:<\/p>\n\n\n\n<ul><li>systematycznie i planowo tworzy \u015brodowisko spo\u0142eczne i fizyczne sprzyjaj\u0105ce zdrowiu i dobremu samopoczuciu spo\u0142eczno\u015bci szkolnej,<\/li><li>wspiera rozw\u00f3j kompetencji uczni\u00f3w i pracownik\u00f3w w zakresie dba\u0142o\u015bci o&nbsp;zdrowie przez ca\u0142e \u017cycie.<\/li><\/ul>\n\n\n\n<p>Model Szko\u0142y Promuj\u0105cej Zdrowie<\/p>\n\n\n\n<p>W modelu SzPZ&nbsp; uwzgl\u0119dniono trzy poziomy:<\/p>\n\n\n\n<p>1. Warunki dla tworzenia SzPZ.<\/p>\n\n\n\n<p>2. G\u0142\u00f3wne obszary dzia\u0142a\u0144.<\/p>\n\n\n\n<p>3. Oczekiwane efekty.<\/p>\n\n\n\n<figure class=\"wp-block-image size-full\"><img loading=\"lazy\" width=\"604\" height=\"453\" src=\"https:\/\/zs.gromnik.pl\/zs\/wp-content\/uploads\/2026\/03\/Bez-tytulu-2.png\" alt=\"\" class=\"wp-image-19548\" srcset=\"http:\/\/zs.gromnik.pl\/zs\/wp-content\/uploads\/2026\/03\/Bez-tytulu-2.png 604w, http:\/\/zs.gromnik.pl\/zs\/wp-content\/uploads\/2026\/03\/Bez-tytulu-2-300x225.png 300w\" sizes=\"(max-width: 604px) 100vw, 604px\" \/><\/figure>\n\n\n\n<p>Model stanowi\u0142 podstaw\u0119 do opracowania czterech standard\u00f3w SzPZ.<\/p>\n\n\n\n<p>Standardy szko\u0142y promuj\u0105cej zdrowie<\/p>\n\n\n\n<p>1. Koncepcja pracy szko\u0142y, jej struktura i organizacja sprzyjaj\u0105 uczestnictwu spo\u0142eczno\u015bci szkolnej w realizacji dzia\u0142a\u0144 w zakresie promocji zdrowia oraz skuteczno\u015bci i d\u0142ugofalowo\u015bci tych dzia\u0142a\u0144.<\/p>\n\n\n\n<p>2. Klimat spo\u0142eczny szko\u0142y sprzyja zdrowiu i dobremu samopoczuciu uczni\u00f3w, nauczycieli i&nbsp;innych pracownik\u00f3w szko\u0142y oraz rodzic\u00f3w uczni\u00f3w.<\/p>\n\n\n\n<p>3. Szko\u0142a realizuje edukacj\u0119 zdrowotn\u0105 uczni\u00f3w, nauczycieli i pracownik\u00f3w niepedagogicznych oraz d\u0105\u017cy do poprawy jej skuteczno\u015bci.<\/p>\n\n\n\n<p>4. Warunki oraz organizacja nauki i pracy sprzyjaj\u0105 zdrowiu i dobremu samopoczuciu uczni\u00f3w, nauczycieli i innych pracownik\u00f3w szko\u0142y oraz wsp\u00f3\u0142pracy z rodzicami.&nbsp;&nbsp;&nbsp;&nbsp;&nbsp;&nbsp;&nbsp;&nbsp;&nbsp;&nbsp;&nbsp;<\/p>\n\n\n\n<p>Koordynator: Agata Karplewicz<\/p>\n\n\n\n<p>Zesp\u00f3\u0142:<\/p>\n\n\n\n<p>Monika Kiero\u0144ska<\/p>\n\n\n\n<p>Agnieszka Smagacz<\/p>\n\n\n\n<p>Zuzanna Zieli\u0144ska<\/p>\n\n\n\n<p>Alicja Kwiek<\/p>\n\n\n\n<p>Paulina Wr\u00f3bel<\/p>\n\n\n\n<p>Halina Pawlik<\/p>\n","protected":false},"excerpt":{"rendered":"<p>Szko\u0142a Promuj\u0105ca Zdrowie Definicja Szko\u0142a promuj\u0105ca zdrowie to szko\u0142a, kt\u00f3ra we wsp\u00f3\u0142pracy z rodzicami uczni\u00f3w i&nbsp;spo\u0142eczno\u015bci\u0105 lokaln\u0105: systematycznie i planowo tworzy \u015brodowisko spo\u0142eczne i fizyczne sprzyjaj\u0105ce zdrowiu i dobremu samopoczuciu spo\u0142eczno\u015bci szkolnej, wspiera rozw\u00f3j kompetencji uczni\u00f3w i pracownik\u00f3w w zakresie dba\u0142o\u015bci o&nbsp;zdrowie przez ca\u0142e \u017cycie. Model Szko\u0142y Promuj\u0105cej Zdrowie W modelu SzPZ&nbsp; uwzgl\u0119dniono trzy poziomy: 1. Warunki dla tworzenia SzPZ. 2. G\u0142\u00f3wne obszary dzia\u0142a\u0144. 3. Oczekiwane efekty. Model stanowi\u0142 podstaw\u0119 do opracowania czterech standard\u00f3w SzPZ. Standardy szko\u0142y promuj\u0105cej zdrowie 1. Koncepcja pracy szko\u0142y, jej struktura i organizacja sprzyjaj\u0105 uczestnictwu spo\u0142eczno\u015bci szkolnej w realizacji dzia\u0142a\u0144 w zakresie promocji zdrowia oraz skuteczno\u015bci i d\u0142ugofalowo\u015bci tych dzia\u0142a\u0144. 2. Klimat spo\u0142eczny szko\u0142y sprzyja zdrowiu i dobremu samopoczuciu uczni\u00f3w, nauczycieli i&nbsp;innych pracownik\u00f3w szko\u0142y oraz rodzic\u00f3w uczni\u00f3w. 3. Szko\u0142a realizuje edukacj\u0119 zdrowotn\u0105 uczni\u00f3w, nauczycieli i pracownik\u00f3w niepedagogicznych oraz d\u0105\u017cy do poprawy jej skuteczno\u015bci. 4. Warunki oraz organizacja nauki i pracy sprzyjaj\u0105 zdrowiu i dobremu samopoczuciu uczni\u00f3w, nauczycieli i innych pracownik\u00f3w szko\u0142y oraz wsp\u00f3\u0142pracy z rodzicami.&nbsp;&nbsp;&nbsp;&nbsp;&nbsp;&nbsp;&nbsp;&nbsp;&nbsp;&nbsp;&nbsp; Koordynator: Agata Karplewicz Zesp\u00f3\u0142: Monika Kiero\u0144ska Agnieszka Smagacz Zuzanna Zieli\u0144ska Alicja Kwiek Paulina Wr\u00f3bel Halina Pawlik<\/p>\n","protected":false},"author":1,"featured_media":19551,"comment_status":"closed","ping_status":"open","sticky":false,"template":"","format":"standard","meta":[],"categories":[86],"tags":[],"yoast_head":"<!-- This site is optimized with the Yoast SEO plugin v19.8 - https:\/\/yoast.com\/wordpress\/plugins\/seo\/ -->\n<title>Informacje og\u00f3lne - Zesp\u00f3\u0142 Szk\u00f3\u0142 w Gromniku<\/title>\n<meta name=\"description\" content=\"Zesp\u00f3\u0142 Szk\u00f3\u0142 w Gromniku\" \/>\n<meta name=\"robots\" content=\"index, follow, max-snippet:-1, max-image-preview:large, max-video-preview:-1\" \/>\n<link rel=\"canonical\" href=\"https:\/\/zs.gromnik.pl\/zs\/informacje-ogolne-szpz\/\" \/>\n<meta property=\"og:locale\" content=\"pl_PL\" \/>\n<meta property=\"og:type\" content=\"article\" \/>\n<meta property=\"og:title\" content=\"Informacje og\u00f3lne - Zesp\u00f3\u0142 Szk\u00f3\u0142 w Gromniku\" \/>\n<meta property=\"og:description\" content=\"Zesp\u00f3\u0142 Szk\u00f3\u0142 w Gromniku\" \/>\n<meta property=\"og:url\" content=\"https:\/\/zs.gromnik.pl\/zs\/informacje-ogolne-szpz\/\" \/>\n<meta property=\"og:site_name\" content=\"Zesp\u00f3\u0142 Szk\u00f3\u0142 w Gromniku\" \/>\n<meta property=\"article:publisher\" content=\"https:\/\/www.facebook.com\/zsgromnik\" \/>\n<meta property=\"article:published_time\" content=\"2026-03-09T06:11:57+00:00\" \/>\n<meta property=\"article:modified_time\" content=\"2026-03-09T06:23:36+00:00\" \/>\n<meta property=\"og:image\" content=\"https:\/\/zs.gromnik.pl\/zs\/wp-content\/uploads\/2026\/03\/Bez-tytulu.jpg\" \/>\n\t<meta property=\"og:image:width\" content=\"197\" \/>\n\t<meta property=\"og:image:height\" content=\"199\" \/>\n\t<meta property=\"og:image:type\" content=\"image\/jpeg\" \/>\n<meta name=\"author\" content=\"admin\" \/>\n<meta name=\"twitter:card\" content=\"summary_large_image\" \/>\n<meta name=\"twitter:label1\" content=\"Napisane przez\" \/>\n\t<meta name=\"twitter:data1\" content=\"admin\" \/>\n\t<meta name=\"twitter:label2\" content=\"Szacowany czas czytania\" \/>\n\t<meta name=\"twitter:data2\" content=\"1 minuta\" \/>\n<script type=\"application\/ld+json\" class=\"yoast-schema-graph\">{\"@context\":\"https:\/\/schema.org\",\"@graph\":[{\"@type\":\"WebPage\",\"@id\":\"https:\/\/zs.gromnik.pl\/zs\/informacje-ogolne-szpz\/\",\"url\":\"https:\/\/zs.gromnik.pl\/zs\/informacje-ogolne-szpz\/\",\"name\":\"Informacje og\u00f3lne - Zesp\u00f3\u0142 Szk\u00f3\u0142 w Gromniku\",\"isPartOf\":{\"@id\":\"https:\/\/zs.gromnik.pl\/zs\/#website\"},\"datePublished\":\"2026-03-09T06:11:57+00:00\",\"dateModified\":\"2026-03-09T06:23:36+00:00\",\"author\":{\"@id\":\"https:\/\/zs.gromnik.pl\/zs\/#\/schema\/person\/b197900f67c6133faddc284ae32f97ca\"},\"description\":\"Zesp\u00f3\u0142 Szk\u00f3\u0142 w Gromniku\",\"breadcrumb\":{\"@id\":\"https:\/\/zs.gromnik.pl\/zs\/informacje-ogolne-szpz\/#breadcrumb\"},\"inLanguage\":\"pl-PL\",\"potentialAction\":[{\"@type\":\"ReadAction\",\"target\":[\"https:\/\/zs.gromnik.pl\/zs\/informacje-ogolne-szpz\/\"]}]},{\"@type\":\"BreadcrumbList\",\"@id\":\"https:\/\/zs.gromnik.pl\/zs\/informacje-ogolne-szpz\/#breadcrumb\",\"itemListElement\":[{\"@type\":\"ListItem\",\"position\":1,\"name\":\"Strona g\u0142\u00f3wna\",\"item\":\"https:\/\/zs.gromnik.pl\/zs\/\"},{\"@type\":\"ListItem\",\"position\":2,\"name\":\"Informacje og\u00f3lne\"}]},{\"@type\":\"WebSite\",\"@id\":\"https:\/\/zs.gromnik.pl\/zs\/#website\",\"url\":\"https:\/\/zs.gromnik.pl\/zs\/\",\"name\":\"Zesp\u00f3\u0142 Szk\u00f3\u0142 w Gromniku\",\"description\":\"\",\"potentialAction\":[{\"@type\":\"SearchAction\",\"target\":{\"@type\":\"EntryPoint\",\"urlTemplate\":\"https:\/\/zs.gromnik.pl\/zs\/?s={search_term_string}\"},\"query-input\":\"required name=search_term_string\"}],\"inLanguage\":\"pl-PL\"},{\"@type\":\"Person\",\"@id\":\"https:\/\/zs.gromnik.pl\/zs\/#\/schema\/person\/b197900f67c6133faddc284ae32f97ca\",\"name\":\"admin\",\"image\":{\"@type\":\"ImageObject\",\"inLanguage\":\"pl-PL\",\"@id\":\"https:\/\/zs.gromnik.pl\/zs\/#\/schema\/person\/image\/\",\"url\":\"http:\/\/0.gravatar.com\/avatar\/f8a2f876dbcc8c8edd809a8ca77a2abe?s=96&d=mm&r=g\",\"contentUrl\":\"http:\/\/0.gravatar.com\/avatar\/f8a2f876dbcc8c8edd809a8ca77a2abe?s=96&d=mm&r=g\",\"caption\":\"admin\"},\"url\":\"http:\/\/zs.gromnik.pl\/zs\/author\/admin\/\"}]}<\/script>\n<!-- \/ Yoast SEO plugin. -->","yoast_head_json":{"title":"Informacje og\u00f3lne - Zesp\u00f3\u0142 Szk\u00f3\u0142 w Gromniku","description":"Zesp\u00f3\u0142 Szk\u00f3\u0142 w Gromniku","robots":{"index":"index","follow":"follow","max-snippet":"max-snippet:-1","max-image-preview":"max-image-preview:large","max-video-preview":"max-video-preview:-1"},"canonical":"https:\/\/zs.gromnik.pl\/zs\/informacje-ogolne-szpz\/","og_locale":"pl_PL","og_type":"article","og_title":"Informacje og\u00f3lne - Zesp\u00f3\u0142 Szk\u00f3\u0142 w Gromniku","og_description":"Zesp\u00f3\u0142 Szk\u00f3\u0142 w Gromniku","og_url":"https:\/\/zs.gromnik.pl\/zs\/informacje-ogolne-szpz\/","og_site_name":"Zesp\u00f3\u0142 Szk\u00f3\u0142 w Gromniku","article_publisher":"https:\/\/www.facebook.com\/zsgromnik","article_published_time":"2026-03-09T06:11:57+00:00","article_modified_time":"2026-03-09T06:23:36+00:00","og_image":[{"width":197,"height":199,"url":"https:\/\/zs.gromnik.pl\/zs\/wp-content\/uploads\/2026\/03\/Bez-tytulu.jpg","type":"image\/jpeg"}],"author":"admin","twitter_card":"summary_large_image","twitter_misc":{"Napisane przez":"admin","Szacowany czas czytania":"1 minuta"},"schema":{"@context":"https:\/\/schema.org","@graph":[{"@type":"WebPage","@id":"https:\/\/zs.gromnik.pl\/zs\/informacje-ogolne-szpz\/","url":"https:\/\/zs.gromnik.pl\/zs\/informacje-ogolne-szpz\/","name":"Informacje og\u00f3lne - Zesp\u00f3\u0142 Szk\u00f3\u0142 w Gromniku","isPartOf":{"@id":"https:\/\/zs.gromnik.pl\/zs\/#website"},"datePublished":"2026-03-09T06:11:57+00:00","dateModified":"2026-03-09T06:23:36+00:00","author":{"@id":"https:\/\/zs.gromnik.pl\/zs\/#\/schema\/person\/b197900f67c6133faddc284ae32f97ca"},"description":"Zesp\u00f3\u0142 Szk\u00f3\u0142 w Gromniku","breadcrumb":{"@id":"https:\/\/zs.gromnik.pl\/zs\/informacje-ogolne-szpz\/#breadcrumb"},"inLanguage":"pl-PL","potentialAction":[{"@type":"ReadAction","target":["https:\/\/zs.gromnik.pl\/zs\/informacje-ogolne-szpz\/"]}]},{"@type":"BreadcrumbList","@id":"https:\/\/zs.gromnik.pl\/zs\/informacje-ogolne-szpz\/#breadcrumb","itemListElement":[{"@type":"ListItem","position":1,"name":"Strona g\u0142\u00f3wna","item":"https:\/\/zs.gromnik.pl\/zs\/"},{"@type":"ListItem","position":2,"name":"Informacje og\u00f3lne"}]},{"@type":"WebSite","@id":"https:\/\/zs.gromnik.pl\/zs\/#website","url":"https:\/\/zs.gromnik.pl\/zs\/","name":"Zesp\u00f3\u0142 Szk\u00f3\u0142 w Gromniku","description":"","potentialAction":[{"@type":"SearchAction","target":{"@type":"EntryPoint","urlTemplate":"https:\/\/zs.gromnik.pl\/zs\/?s={search_term_string}"},"query-input":"required name=search_term_string"}],"inLanguage":"pl-PL"},{"@type":"Person","@id":"https:\/\/zs.gromnik.pl\/zs\/#\/schema\/person\/b197900f67c6133faddc284ae32f97ca","name":"admin","image":{"@type":"ImageObject","inLanguage":"pl-PL","@id":"https:\/\/zs.gromnik.pl\/zs\/#\/schema\/person\/image\/","url":"http:\/\/0.gravatar.com\/avatar\/f8a2f876dbcc8c8edd809a8ca77a2abe?s=96&d=mm&r=g","contentUrl":"http:\/\/0.gravatar.com\/avatar\/f8a2f876dbcc8c8edd809a8ca77a2abe?s=96&d=mm&r=g","caption":"admin"},"url":"http:\/\/zs.gromnik.pl\/zs\/author\/admin\/"}]}},"_links":{"self":[{"href":"http:\/\/zs.gromnik.pl\/zs\/wp-json\/wp\/v2\/posts\/19547"}],"collection":[{"href":"http:\/\/zs.gromnik.pl\/zs\/wp-json\/wp\/v2\/posts"}],"about":[{"href":"http:\/\/zs.gromnik.pl\/zs\/wp-json\/wp\/v2\/types\/post"}],"author":[{"embeddable":true,"href":"http:\/\/zs.gromnik.pl\/zs\/wp-json\/wp\/v2\/users\/1"}],"replies":[{"embeddable":true,"href":"http:\/\/zs.gromnik.pl\/zs\/wp-json\/wp\/v2\/comments?post=19547"}],"version-history":[{"count":3,"href":"http:\/\/zs.gromnik.pl\/zs\/wp-json\/wp\/v2\/posts\/19547\/revisions"}],"predecessor-version":[{"id":19556,"href":"http:\/\/zs.gromnik.pl\/zs\/wp-json\/wp\/v2\/posts\/19547\/revisions\/19556"}],"wp:featuredmedia":[{"embeddable":true,"href":"http:\/\/zs.gromnik.pl\/zs\/wp-json\/wp\/v2\/media\/19551"}],"wp:attachment":[{"href":"http:\/\/zs.gromnik.pl\/zs\/wp-json\/wp\/v2\/media?parent=19547"}],"wp:term":[{"taxonomy":"category","embeddable":true,"href":"http:\/\/zs.gromnik.pl\/zs\/wp-json\/wp\/v2\/categories?post=19547"},{"taxonomy":"post_tag","embeddable":true,"href":"http:\/\/zs.gromnik.pl\/zs\/wp-json\/wp\/v2\/tags?post=19547"}],"curies":[{"name":"wp","href":"https:\/\/api.w.org\/{rel}","templated":true}]}}