{"id":19566,"date":"2026-03-16T13:58:06","date_gmt":"2026-03-16T12:58:06","guid":{"rendered":"https:\/\/zs.gromnik.pl\/zs\/?p=19566"},"modified":"2026-03-16T13:59:09","modified_gmt":"2026-03-16T12:59:09","slug":"wsiasc-do-pociagu-historii","status":"publish","type":"post","link":"http:\/\/zs.gromnik.pl\/zs\/wsiasc-do-pociagu-historii\/","title":{"rendered":"&#8222;Wsi\u0105\u015b\u0107 do poci\u0105gu historii&#8221;"},"content":{"rendered":"\t\t<div data-elementor-type=\"wp-post\" data-elementor-id=\"19566\" class=\"elementor elementor-19566\">\n\t\t\t\t\t\t\t\t\t<section class=\"elementor-section elementor-top-section elementor-element elementor-element-ec88053 elementor-section-boxed elementor-section-height-default elementor-section-height-default\" data-id=\"ec88053\" data-element_type=\"section\">\n\t\t\t\t\t\t<div class=\"elementor-container elementor-column-gap-default\">\n\t\t\t\t\t<div class=\"elementor-column elementor-col-100 elementor-top-column elementor-element elementor-element-a118336\" data-id=\"a118336\" data-element_type=\"column\">\n\t\t\t<div class=\"elementor-widget-wrap elementor-element-populated\">\n\t\t\t\t\t\t\t\t<div class=\"elementor-element elementor-element-afa9580 elementor-widget elementor-widget-text-editor\" data-id=\"afa9580\" data-element_type=\"widget\" data-widget_type=\"text-editor.default\">\n\t\t\t\t<div class=\"elementor-widget-container\">\n\t\t\t\t\t\t\t<p>11 marca 2026r .Klasa 7b z naszej szko\u0142y mog\u0142a si\u0119 przekona\u0107 ,\u017ce na wiosenn\u0105 wycieczk\u0119 mo\u017cna si\u0119 wybra\u0107 nie tylko w g\u00f3ry czy nad morze, ale np. &#8222;Wsi\u0105\u015b\u0107 do poci\u0105gu historii&#8221; podczas zaj\u0119\u0107 kreatywnych w Regionalnym Centrum Edukacji i Pami\u0119ci ,Oddzia\u0142u Muzeum Ziemi Tarnowskiej. Warsztaty maj\u0105ce form\u0119 zabawy utrwalaj\u0105cej podstawow\u0105 wiedz\u0119 z historii Polski od pocz\u0105tku pa\u0144stwowo\u015bci do czas\u00f3w wsp\u00f3\u0142czesnych sta\u0142y si\u0119 dla naszych uczni\u00f3w \u015bwietn\u0105 form\u0105 wykazania swoj\u0105 wiedz\u0105. Si\u00f3dmoklasi\u015bci w kreatywny spos\u00f3b potrafili porz\u0105dkowa\u0107 informacje ,wydarzenia i postacie w uj\u0119ciu chronologicznym. Ich znajomo\u015b\u0107 ciekawostek historycznych i umiej\u0119tno\u015b\u0107 rozwik\u0142ywania zagadak wielokrotnie zadziwia\u0142a prowadz\u0105cego warsztaty historyka. Zar\u00f3wno wychowawczyni P.Anna Ga\u0144czarczyk jak te\u017c szkolna historyczka P.Ewa Wajda by\u0142y dumne, \u017ce ich uczniowie wykazali ,\u017ce poci\u0105g wiedzy jest dla nich przygod\u0105 i radosnym sposobem na sp\u0119dzanie czasu a wiedz\u0105 ,kt\u00f3r\u0105 uzyskali w szkole umiej\u0105 si\u0119 dzieli\u0107 i j\u0105 wzbogaca\u0107 tw\u00f3rczo. Na wiosennej wycieczce nie zabrak\u0142o te\u017c rekreacji jak\u0105 sta\u0142 si\u0119 spacer po skompamym w s\u0142o\u0144cu rynku Tarnowskim i wpinaczka na wie\u017c\u0119 ratusza sk\u0105d uczniowie podziwiali panoram\u0119 miasta. Spacer zako\u0144czy\u0142o przej\u015bcie w\u015br\u00f3d zabytkowych uliczek do tradycyjnej tarnowskiej pizzerii &#8221; Maranto&#8221; gdzie w atmosferze m\u0142odzie\u0144czej rado\u015bci ka\u017cdy uczestnik wycieczki uzupe\u0142ni\u0142 swoje si\u0142y smacznym posi\u0142kiem \u0142\u0105cz\u0105c go z rozmow\u0105 i wymian\u0105 wra\u017ce\u0144 tego udanego dnia.<\/p>\t\t\t\t\t\t<\/div>\n\t\t\t\t<\/div>\n\t\t\t\t\t<\/div>\n\t\t<\/div>\n\t\t\t\t\t\t\t<\/div>\n\t\t<\/section>\n\t\t\t\t<section class=\"elementor-section elementor-top-section elementor-element elementor-element-096f247 elementor-section-boxed elementor-section-height-default elementor-section-height-default\" data-id=\"096f247\" data-element_type=\"section\">\n\t\t\t\t\t\t<div class=\"elementor-container elementor-column-gap-default\">\n\t\t\t\t\t<div class=\"elementor-column elementor-col-100 elementor-top-column elementor-element elementor-element-e438301\" data-id=\"e438301\" data-element_type=\"column\">\n\t\t\t<div class=\"elementor-widget-wrap elementor-element-populated\">\n\t\t\t\t\t\t\t\t<div class=\"elementor-element elementor-element-8fc5d47 elementor-widget elementor-widget-image-gallery\" data-id=\"8fc5d47\" data-element_type=\"widget\" data-widget_type=\"image-gallery.default\">\n\t\t\t\t<div class=\"elementor-widget-container\">\n\t\t\t\t\t<div class=\"elementor-image-gallery\">\n\t\t\t<div id='gallery-1' class='gallery galleryid-19566 gallery-columns-4 gallery-size-thumbnail'><figure class='gallery-item'>\n\t\t\t<div class='gallery-icon portrait'>\n\t\t\t\t<a data-elementor-open-lightbox=\"yes\" data-elementor-lightbox-slideshow=\"8fc5d47\" data-elementor-lightbox-title=\"1000061573\" e-action-hash=\"#elementor-action%3Aaction%3Dlightbox%26settings%3DeyJpZCI6MTk1NjksInVybCI6Imh0dHA6XC9cL3pzLmdyb21uaWsucGxcL3pzXC93cC1jb250ZW50XC91cGxvYWRzXC8yMDI2XC8wM1wvMTAwMDA2MTU3My5qcGciLCJzbGlkZXNob3ciOiI4ZmM1ZDQ3In0%3D\" href='http:\/\/zs.gromnik.pl\/zs\/wp-content\/uploads\/2026\/03\/1000061573.jpg'><img width=\"150\" height=\"150\" src=\"http:\/\/zs.gromnik.pl\/zs\/wp-content\/uploads\/2026\/03\/1000061573-150x150.jpg\" class=\"attachment-thumbnail size-thumbnail\" alt=\"\" loading=\"lazy\" srcset=\"http:\/\/zs.gromnik.pl\/zs\/wp-content\/uploads\/2026\/03\/1000061573-150x150.jpg 150w, http:\/\/zs.gromnik.pl\/zs\/wp-content\/uploads\/2026\/03\/1000061573-300x300.jpg 300w, http:\/\/zs.gromnik.pl\/zs\/wp-content\/uploads\/2026\/03\/1000061573-75x75.jpg 75w\" sizes=\"(max-width: 150px) 100vw, 150px\" \/><\/a>\n\t\t\t<\/div><\/figure><figure class='gallery-item'>\n\t\t\t<div class='gallery-icon portrait'>\n\t\t\t\t<a data-elementor-open-lightbox=\"yes\" data-elementor-lightbox-slideshow=\"8fc5d47\" data-elementor-lightbox-title=\"1000061576\" e-action-hash=\"#elementor-action%3Aaction%3Dlightbox%26settings%3DeyJpZCI6MTk1NzAsInVybCI6Imh0dHA6XC9cL3pzLmdyb21uaWsucGxcL3pzXC93cC1jb250ZW50XC91cGxvYWRzXC8yMDI2XC8wM1wvMTAwMDA2MTU3Ni5qcGciLCJzbGlkZXNob3ciOiI4ZmM1ZDQ3In0%3D\" href='http:\/\/zs.gromnik.pl\/zs\/wp-content\/uploads\/2026\/03\/1000061576.jpg'><img width=\"150\" height=\"150\" src=\"http:\/\/zs.gromnik.pl\/zs\/wp-content\/uploads\/2026\/03\/1000061576-150x150.jpg\" class=\"attachment-thumbnail size-thumbnail\" alt=\"\" loading=\"lazy\" srcset=\"http:\/\/zs.gromnik.pl\/zs\/wp-content\/uploads\/2026\/03\/1000061576-150x150.jpg 150w, http:\/\/zs.gromnik.pl\/zs\/wp-content\/uploads\/2026\/03\/1000061576-300x300.jpg 300w, http:\/\/zs.gromnik.pl\/zs\/wp-content\/uploads\/2026\/03\/1000061576-75x75.jpg 75w\" sizes=\"(max-width: 150px) 100vw, 150px\" \/><\/a>\n\t\t\t<\/div><\/figure><figure class='gallery-item'>\n\t\t\t<div class='gallery-icon landscape'>\n\t\t\t\t<a data-elementor-open-lightbox=\"yes\" data-elementor-lightbox-slideshow=\"8fc5d47\" data-elementor-lightbox-title=\"1000061579\" e-action-hash=\"#elementor-action%3Aaction%3Dlightbox%26settings%3DeyJpZCI6MTk1NzEsInVybCI6Imh0dHA6XC9cL3pzLmdyb21uaWsucGxcL3pzXC93cC1jb250ZW50XC91cGxvYWRzXC8yMDI2XC8wM1wvMTAwMDA2MTU3OS5qcGciLCJzbGlkZXNob3ciOiI4ZmM1ZDQ3In0%3D\" href='http:\/\/zs.gromnik.pl\/zs\/wp-content\/uploads\/2026\/03\/1000061579.jpg'><img width=\"150\" height=\"150\" src=\"http:\/\/zs.gromnik.pl\/zs\/wp-content\/uploads\/2026\/03\/1000061579-150x150.jpg\" class=\"attachment-thumbnail size-thumbnail\" alt=\"\" loading=\"lazy\" srcset=\"http:\/\/zs.gromnik.pl\/zs\/wp-content\/uploads\/2026\/03\/1000061579-150x150.jpg 150w, http:\/\/zs.gromnik.pl\/zs\/wp-content\/uploads\/2026\/03\/1000061579-300x300.jpg 300w, http:\/\/zs.gromnik.pl\/zs\/wp-content\/uploads\/2026\/03\/1000061579-75x75.jpg 75w\" sizes=\"(max-width: 150px) 100vw, 150px\" \/><\/a>\n\t\t\t<\/div><\/figure><figure class='gallery-item'>\n\t\t\t<div class='gallery-icon portrait'>\n\t\t\t\t<a data-elementor-open-lightbox=\"yes\" data-elementor-lightbox-slideshow=\"8fc5d47\" data-elementor-lightbox-title=\"1000061582\" e-action-hash=\"#elementor-action%3Aaction%3Dlightbox%26settings%3DeyJpZCI6MTk1NzIsInVybCI6Imh0dHA6XC9cL3pzLmdyb21uaWsucGxcL3pzXC93cC1jb250ZW50XC91cGxvYWRzXC8yMDI2XC8wM1wvMTAwMDA2MTU4Mi5qcGciLCJzbGlkZXNob3ciOiI4ZmM1ZDQ3In0%3D\" href='http:\/\/zs.gromnik.pl\/zs\/wp-content\/uploads\/2026\/03\/1000061582.jpg'><img width=\"150\" height=\"150\" src=\"http:\/\/zs.gromnik.pl\/zs\/wp-content\/uploads\/2026\/03\/1000061582-150x150.jpg\" class=\"attachment-thumbnail size-thumbnail\" alt=\"\" loading=\"lazy\" srcset=\"http:\/\/zs.gromnik.pl\/zs\/wp-content\/uploads\/2026\/03\/1000061582-150x150.jpg 150w, http:\/\/zs.gromnik.pl\/zs\/wp-content\/uploads\/2026\/03\/1000061582-300x300.jpg 300w, http:\/\/zs.gromnik.pl\/zs\/wp-content\/uploads\/2026\/03\/1000061582-75x75.jpg 75w\" sizes=\"(max-width: 150px) 100vw, 150px\" \/><\/a>\n\t\t\t<\/div><\/figure>\n\t\t<\/div>\n\t\t<\/div>\n\t\t\t\t<\/div>\n\t\t\t\t<\/div>\n\t\t\t\t\t<\/div>\n\t\t<\/div>\n\t\t\t\t\t\t\t<\/div>\n\t\t<\/section>\n\t\t\t\t\t\t\t<\/div>\n\t\t","protected":false},"excerpt":{"rendered":"<p>11 marca 2026r .Klasa 7b z naszej szko\u0142y mog\u0142a si\u0119 przekona\u0107 ,\u017ce na wiosenn\u0105 wycieczk\u0119 mo\u017cna si\u0119 wybra\u0107 nie tylko w g\u00f3ry czy nad morze, ale np. &#8222;Wsi\u0105\u015b\u0107 do poci\u0105gu historii&#8221; podczas zaj\u0119\u0107 kreatywnych w Regionalnym Centrum Edukacji i Pami\u0119ci ,Oddzia\u0142u Muzeum Ziemi Tarnowskiej. Warsztaty maj\u0105ce form\u0119 zabawy utrwalaj\u0105cej podstawow\u0105 wiedz\u0119 z historii Polski od pocz\u0105tku pa\u0144stwowo\u015bci do czas\u00f3w wsp\u00f3\u0142czesnych sta\u0142y si\u0119 dla naszych uczni\u00f3w \u015bwietn\u0105 form\u0105 wykazania swoj\u0105 wiedz\u0105. Si\u00f3dmoklasi\u015bci w kreatywny spos\u00f3b potrafili porz\u0105dkowa\u0107 informacje ,wydarzenia i postacie w uj\u0119ciu chronologicznym. Ich znajomo\u015b\u0107 ciekawostek historycznych i umiej\u0119tno\u015b\u0107 rozwik\u0142ywania zagadak wielokrotnie zadziwia\u0142a prowadz\u0105cego warsztaty historyka. Zar\u00f3wno wychowawczyni P.Anna Ga\u0144czarczyk jak te\u017c szkolna historyczka P.Ewa Wajda by\u0142y dumne, \u017ce ich uczniowie wykazali ,\u017ce poci\u0105g wiedzy jest dla nich przygod\u0105 i radosnym sposobem na sp\u0119dzanie czasu a wiedz\u0105 ,kt\u00f3r\u0105 uzyskali w szkole umiej\u0105 si\u0119 dzieli\u0107 i j\u0105 wzbogaca\u0107 tw\u00f3rczo. Na wiosennej wycieczce nie zabrak\u0142o te\u017c rekreacji jak\u0105 sta\u0142 si\u0119 spacer po skompamym w s\u0142o\u0144cu rynku Tarnowskim i wpinaczka na wie\u017c\u0119 ratusza sk\u0105d uczniowie podziwiali panoram\u0119 miasta. Spacer zako\u0144czy\u0142o przej\u015bcie w\u015br\u00f3d zabytkowych uliczek do tradycyjnej tarnowskiej pizzerii &#8221; Maranto&#8221; gdzie w atmosferze m\u0142odzie\u0144czej rado\u015bci ka\u017cdy uczestnik wycieczki uzupe\u0142ni\u0142 swoje si\u0142y smacznym posi\u0142kiem \u0142\u0105cz\u0105c go z rozmow\u0105 i wymian\u0105 wra\u017ce\u0144 tego udanego dnia.<\/p>\n","protected":false},"author":1,"featured_media":19573,"comment_status":"closed","ping_status":"open","sticky":false,"template":"","format":"standard","meta":[],"categories":[3],"tags":[],"yoast_head":"<!-- This site is optimized with the Yoast SEO plugin v19.8 - https:\/\/yoast.com\/wordpress\/plugins\/seo\/ -->\n<title>&quot;Wsi\u0105\u015b\u0107 do poci\u0105gu historii&quot; - Zesp\u00f3\u0142 Szk\u00f3\u0142 w Gromniku<\/title>\n<meta name=\"description\" content=\"Zesp\u00f3\u0142 Szk\u00f3\u0142 w Gromniku\" \/>\n<meta name=\"robots\" content=\"index, follow, max-snippet:-1, max-image-preview:large, max-video-preview:-1\" \/>\n<link rel=\"canonical\" href=\"http:\/\/zs.gromnik.pl\/zs\/wsiasc-do-pociagu-historii\/\" \/>\n<meta property=\"og:locale\" content=\"pl_PL\" \/>\n<meta property=\"og:type\" content=\"article\" \/>\n<meta property=\"og:title\" content=\"&quot;Wsi\u0105\u015b\u0107 do poci\u0105gu historii&quot; - Zesp\u00f3\u0142 Szk\u00f3\u0142 w Gromniku\" \/>\n<meta property=\"og:description\" content=\"Zesp\u00f3\u0142 Szk\u00f3\u0142 w Gromniku\" \/>\n<meta property=\"og:url\" content=\"http:\/\/zs.gromnik.pl\/zs\/wsiasc-do-pociagu-historii\/\" \/>\n<meta property=\"og:site_name\" content=\"Zesp\u00f3\u0142 Szk\u00f3\u0142 w Gromniku\" \/>\n<meta property=\"article:publisher\" content=\"https:\/\/www.facebook.com\/zsgromnik\" \/>\n<meta property=\"article:published_time\" content=\"2026-03-16T12:58:06+00:00\" \/>\n<meta property=\"article:modified_time\" content=\"2026-03-16T12:59:09+00:00\" \/>\n<meta property=\"og:image\" content=\"http:\/\/zs.gromnik.pl\/zs\/wp-content\/uploads\/2026\/03\/154247.jpg\" \/>\n\t<meta property=\"og:image:width\" content=\"500\" \/>\n\t<meta property=\"og:image:height\" content=\"282\" \/>\n\t<meta property=\"og:image:type\" content=\"image\/jpeg\" \/>\n<meta name=\"author\" content=\"admin\" \/>\n<meta name=\"twitter:card\" content=\"summary_large_image\" \/>\n<meta name=\"twitter:label1\" content=\"Napisane przez\" \/>\n\t<meta name=\"twitter:data1\" content=\"admin\" \/>\n\t<meta name=\"twitter:label2\" content=\"Szacowany czas czytania\" \/>\n\t<meta name=\"twitter:data2\" content=\"1 minuta\" \/>\n<script type=\"application\/ld+json\" class=\"yoast-schema-graph\">{\"@context\":\"https:\/\/schema.org\",\"@graph\":[{\"@type\":\"WebPage\",\"@id\":\"http:\/\/zs.gromnik.pl\/zs\/wsiasc-do-pociagu-historii\/\",\"url\":\"http:\/\/zs.gromnik.pl\/zs\/wsiasc-do-pociagu-historii\/\",\"name\":\"\\\"Wsi\u0105\u015b\u0107 do poci\u0105gu historii\\\" - Zesp\u00f3\u0142 Szk\u00f3\u0142 w Gromniku\",\"isPartOf\":{\"@id\":\"https:\/\/zs.gromnik.pl\/zs\/#website\"},\"datePublished\":\"2026-03-16T12:58:06+00:00\",\"dateModified\":\"2026-03-16T12:59:09+00:00\",\"author\":{\"@id\":\"https:\/\/zs.gromnik.pl\/zs\/#\/schema\/person\/b197900f67c6133faddc284ae32f97ca\"},\"description\":\"Zesp\u00f3\u0142 Szk\u00f3\u0142 w Gromniku\",\"breadcrumb\":{\"@id\":\"http:\/\/zs.gromnik.pl\/zs\/wsiasc-do-pociagu-historii\/#breadcrumb\"},\"inLanguage\":\"pl-PL\",\"potentialAction\":[{\"@type\":\"ReadAction\",\"target\":[\"http:\/\/zs.gromnik.pl\/zs\/wsiasc-do-pociagu-historii\/\"]}]},{\"@type\":\"BreadcrumbList\",\"@id\":\"http:\/\/zs.gromnik.pl\/zs\/wsiasc-do-pociagu-historii\/#breadcrumb\",\"itemListElement\":[{\"@type\":\"ListItem\",\"position\":1,\"name\":\"Strona g\u0142\u00f3wna\",\"item\":\"https:\/\/zs.gromnik.pl\/zs\/\"},{\"@type\":\"ListItem\",\"position\":2,\"name\":\"&#8222;Wsi\u0105\u015b\u0107 do poci\u0105gu historii&#8221;\"}]},{\"@type\":\"WebSite\",\"@id\":\"https:\/\/zs.gromnik.pl\/zs\/#website\",\"url\":\"https:\/\/zs.gromnik.pl\/zs\/\",\"name\":\"Zesp\u00f3\u0142 Szk\u00f3\u0142 w Gromniku\",\"description\":\"\",\"potentialAction\":[{\"@type\":\"SearchAction\",\"target\":{\"@type\":\"EntryPoint\",\"urlTemplate\":\"https:\/\/zs.gromnik.pl\/zs\/?s={search_term_string}\"},\"query-input\":\"required name=search_term_string\"}],\"inLanguage\":\"pl-PL\"},{\"@type\":\"Person\",\"@id\":\"https:\/\/zs.gromnik.pl\/zs\/#\/schema\/person\/b197900f67c6133faddc284ae32f97ca\",\"name\":\"admin\",\"image\":{\"@type\":\"ImageObject\",\"inLanguage\":\"pl-PL\",\"@id\":\"https:\/\/zs.gromnik.pl\/zs\/#\/schema\/person\/image\/\",\"url\":\"http:\/\/2.gravatar.com\/avatar\/8c8715e6f7bb849df95d23fa3b623b07?s=96&d=mm&r=g\",\"contentUrl\":\"http:\/\/2.gravatar.com\/avatar\/8c8715e6f7bb849df95d23fa3b623b07?s=96&d=mm&r=g\",\"caption\":\"admin\"},\"url\":\"http:\/\/zs.gromnik.pl\/zs\/author\/admin\/\"}]}<\/script>\n<!-- \/ Yoast SEO plugin. -->","yoast_head_json":{"title":"\"Wsi\u0105\u015b\u0107 do poci\u0105gu historii\" - Zesp\u00f3\u0142 Szk\u00f3\u0142 w Gromniku","description":"Zesp\u00f3\u0142 Szk\u00f3\u0142 w Gromniku","robots":{"index":"index","follow":"follow","max-snippet":"max-snippet:-1","max-image-preview":"max-image-preview:large","max-video-preview":"max-video-preview:-1"},"canonical":"http:\/\/zs.gromnik.pl\/zs\/wsiasc-do-pociagu-historii\/","og_locale":"pl_PL","og_type":"article","og_title":"\"Wsi\u0105\u015b\u0107 do poci\u0105gu historii\" - Zesp\u00f3\u0142 Szk\u00f3\u0142 w Gromniku","og_description":"Zesp\u00f3\u0142 Szk\u00f3\u0142 w Gromniku","og_url":"http:\/\/zs.gromnik.pl\/zs\/wsiasc-do-pociagu-historii\/","og_site_name":"Zesp\u00f3\u0142 Szk\u00f3\u0142 w Gromniku","article_publisher":"https:\/\/www.facebook.com\/zsgromnik","article_published_time":"2026-03-16T12:58:06+00:00","article_modified_time":"2026-03-16T12:59:09+00:00","og_image":[{"width":500,"height":282,"url":"http:\/\/zs.gromnik.pl\/zs\/wp-content\/uploads\/2026\/03\/154247.jpg","type":"image\/jpeg"}],"author":"admin","twitter_card":"summary_large_image","twitter_misc":{"Napisane przez":"admin","Szacowany czas czytania":"1 minuta"},"schema":{"@context":"https:\/\/schema.org","@graph":[{"@type":"WebPage","@id":"http:\/\/zs.gromnik.pl\/zs\/wsiasc-do-pociagu-historii\/","url":"http:\/\/zs.gromnik.pl\/zs\/wsiasc-do-pociagu-historii\/","name":"\"Wsi\u0105\u015b\u0107 do poci\u0105gu historii\" - Zesp\u00f3\u0142 Szk\u00f3\u0142 w Gromniku","isPartOf":{"@id":"https:\/\/zs.gromnik.pl\/zs\/#website"},"datePublished":"2026-03-16T12:58:06+00:00","dateModified":"2026-03-16T12:59:09+00:00","author":{"@id":"https:\/\/zs.gromnik.pl\/zs\/#\/schema\/person\/b197900f67c6133faddc284ae32f97ca"},"description":"Zesp\u00f3\u0142 Szk\u00f3\u0142 w Gromniku","breadcrumb":{"@id":"http:\/\/zs.gromnik.pl\/zs\/wsiasc-do-pociagu-historii\/#breadcrumb"},"inLanguage":"pl-PL","potentialAction":[{"@type":"ReadAction","target":["http:\/\/zs.gromnik.pl\/zs\/wsiasc-do-pociagu-historii\/"]}]},{"@type":"BreadcrumbList","@id":"http:\/\/zs.gromnik.pl\/zs\/wsiasc-do-pociagu-historii\/#breadcrumb","itemListElement":[{"@type":"ListItem","position":1,"name":"Strona g\u0142\u00f3wna","item":"https:\/\/zs.gromnik.pl\/zs\/"},{"@type":"ListItem","position":2,"name":"&#8222;Wsi\u0105\u015b\u0107 do poci\u0105gu historii&#8221;"}]},{"@type":"WebSite","@id":"https:\/\/zs.gromnik.pl\/zs\/#website","url":"https:\/\/zs.gromnik.pl\/zs\/","name":"Zesp\u00f3\u0142 Szk\u00f3\u0142 w Gromniku","description":"","potentialAction":[{"@type":"SearchAction","target":{"@type":"EntryPoint","urlTemplate":"https:\/\/zs.gromnik.pl\/zs\/?s={search_term_string}"},"query-input":"required name=search_term_string"}],"inLanguage":"pl-PL"},{"@type":"Person","@id":"https:\/\/zs.gromnik.pl\/zs\/#\/schema\/person\/b197900f67c6133faddc284ae32f97ca","name":"admin","image":{"@type":"ImageObject","inLanguage":"pl-PL","@id":"https:\/\/zs.gromnik.pl\/zs\/#\/schema\/person\/image\/","url":"http:\/\/2.gravatar.com\/avatar\/8c8715e6f7bb849df95d23fa3b623b07?s=96&d=mm&r=g","contentUrl":"http:\/\/2.gravatar.com\/avatar\/8c8715e6f7bb849df95d23fa3b623b07?s=96&d=mm&r=g","caption":"admin"},"url":"http:\/\/zs.gromnik.pl\/zs\/author\/admin\/"}]}},"_links":{"self":[{"href":"http:\/\/zs.gromnik.pl\/zs\/wp-json\/wp\/v2\/posts\/19566"}],"collection":[{"href":"http:\/\/zs.gromnik.pl\/zs\/wp-json\/wp\/v2\/posts"}],"about":[{"href":"http:\/\/zs.gromnik.pl\/zs\/wp-json\/wp\/v2\/types\/post"}],"author":[{"embeddable":true,"href":"http:\/\/zs.gromnik.pl\/zs\/wp-json\/wp\/v2\/users\/1"}],"replies":[{"embeddable":true,"href":"http:\/\/zs.gromnik.pl\/zs\/wp-json\/wp\/v2\/comments?post=19566"}],"version-history":[{"count":5,"href":"http:\/\/zs.gromnik.pl\/zs\/wp-json\/wp\/v2\/posts\/19566\/revisions"}],"predecessor-version":[{"id":19576,"href":"http:\/\/zs.gromnik.pl\/zs\/wp-json\/wp\/v2\/posts\/19566\/revisions\/19576"}],"wp:featuredmedia":[{"embeddable":true,"href":"http:\/\/zs.gromnik.pl\/zs\/wp-json\/wp\/v2\/media\/19573"}],"wp:attachment":[{"href":"http:\/\/zs.gromnik.pl\/zs\/wp-json\/wp\/v2\/media?parent=19566"}],"wp:term":[{"taxonomy":"category","embeddable":true,"href":"http:\/\/zs.gromnik.pl\/zs\/wp-json\/wp\/v2\/categories?post=19566"},{"taxonomy":"post_tag","embeddable":true,"href":"http:\/\/zs.gromnik.pl\/zs\/wp-json\/wp\/v2\/tags?post=19566"}],"curies":[{"name":"wp","href":"https:\/\/api.w.org\/{rel}","templated":true}]}}