{"id":19998,"date":"2026-08-31T14:05:00","date_gmt":"2026-08-31T12:05:00","guid":{"rendered":"https:\/\/zs.gromnik.pl\/zs\/?p=19998"},"modified":"2026-08-31T18:10:24","modified_gmt":"2026-08-31T16:10:24","slug":"swietlica-szkolna-informacje-organizacyjne","status":"publish","type":"post","link":"http:\/\/zs.gromnik.pl\/zs\/swietlica-szkolna-informacje-organizacyjne\/","title":{"rendered":"\u015aWIETLICA SZKOLNA &#8211; informacje organizacyjne"},"content":{"rendered":"\n<p>&nbsp;Szanowni Pa\u0144stwo, &nbsp;Drodzy Rodzice,<\/p>\n\n\n\n<p>w zwi\u0105zku z mo\u017cliwo\u015bci\u0105 korzystania przez dzieci z opieki \u015bwietlicowej, prosimy zainteresowanych rodzic\u00f3w uczni\u00f3w o pobranie <strong>karty zg\u0142oszenia dziecka <\/strong>ze strony szko\u0142y lub ze \u015bwietlicy, jej wype\u0142nienie oraz przekazanie dokumentu wychowawcom \u015bwietlicy w dniu rozpocz\u0119cia roku szkolnego &#8211; 01.09.2026 r. &nbsp;<\/p>\n\n\n\n<div style=\"height:27px\" aria-hidden=\"true\" class=\"wp-block-spacer\"><\/div>\n\n\n\n<p>W tym dniu wychowawcy b\u0119d\u0105 na Pa\u0144stwa czeka\u0107 w \u015bwietlicy od 7:30 do 12:30. Uzupe\u0142nione deklaracje b\u0119dzie mo\u017cna z\u0142o\u017cy\u0107 do wychowawc\u00f3w \u015bwietlicy&nbsp;<strong>najp\u00f3\u017aniej do 15 wrze\u015bnia.<\/strong><\/p>\n\n\n\n<div style=\"height:27px\" aria-hidden=\"true\" class=\"wp-block-spacer\"><\/div>\n\n\n\n<p><strong>Dokumenty do pobrania znajduj\u0105 si\u0119 w zak\u0142adce &#8222;\u015awietlica szkolna<\/strong>&#8222;.<\/p>\n\n\n\n<p><strong>Przywozy<\/strong>&nbsp;uczni\u00f3w w dniu rozpocz\u0119cia roku szkolnego:<\/p>\n\n\n\n<ul><li>z<strong>&nbsp;Golanki<\/strong>&nbsp;<strong>o godzinie<\/strong>&nbsp;<strong>7:20, <\/strong><\/li><li><strong>z Policht o 7:40. <\/strong><\/li><\/ul>\n\n\n\n<p><strong>Odwozy: wtorek <\/strong>01.09.2026 r.&nbsp;<strong>od 11:20.&nbsp;<\/strong><\/p>\n","protected":false},"excerpt":{"rendered":"<p>&nbsp;Szanowni Pa\u0144stwo, &nbsp;Drodzy Rodzice, w zwi\u0105zku z mo\u017cliwo\u015bci\u0105 korzystania przez dzieci z opieki \u015bwietlicowej, prosimy zainteresowanych rodzic\u00f3w uczni\u00f3w o pobranie karty zg\u0142oszenia dziecka ze strony szko\u0142y lub ze \u015bwietlicy, jej wype\u0142nienie oraz przekazanie dokumentu wychowawcom \u015bwietlicy w dniu rozpocz\u0119cia roku szkolnego &#8211; 01.09.2026 r. &nbsp; W tym dniu wychowawcy b\u0119d\u0105 na Pa\u0144stwa czeka\u0107 w \u015bwietlicy od 7:30 do 12:30. Uzupe\u0142nione deklaracje b\u0119dzie mo\u017cna z\u0142o\u017cy\u0107 do wychowawc\u00f3w \u015bwietlicy&nbsp;najp\u00f3\u017aniej do 15 wrze\u015bnia. Dokumenty do pobrania znajduj\u0105 si\u0119 w zak\u0142adce &#8222;\u015awietlica szkolna&#8222;. Przywozy&nbsp;uczni\u00f3w w dniu rozpocz\u0119cia roku szkolnego: z&nbsp;Golanki&nbsp;o godzinie&nbsp;7:20, z Policht o 7:40. Odwozy: wtorek 01.09.2026 r.&nbsp;od 11:20.&nbsp;<\/p>\n","protected":false},"author":7,"featured_media":19999,"comment_status":"closed","ping_status":"open","sticky":false,"template":"","format":"standard","meta":[],"categories":[3],"tags":[],"yoast_head":"<!-- This site is optimized with the Yoast SEO plugin v19.8 - https:\/\/yoast.com\/wordpress\/plugins\/seo\/ -->\n<title>\u015aWIETLICA SZKOLNA - informacje organizacyjne - Zesp\u00f3\u0142 Szk\u00f3\u0142 w Gromniku<\/title>\n<meta name=\"description\" content=\"Zesp\u00f3\u0142 Szk\u00f3\u0142 w Gromniku\" \/>\n<meta name=\"robots\" content=\"index, follow, max-snippet:-1, max-image-preview:large, max-video-preview:-1\" \/>\n<link rel=\"canonical\" href=\"https:\/\/zs.gromnik.pl\/zs\/swietlica-szkolna-informacje-organizacyjne\/\" \/>\n<meta property=\"og:locale\" content=\"pl_PL\" \/>\n<meta property=\"og:type\" content=\"article\" \/>\n<meta property=\"og:title\" content=\"\u015aWIETLICA SZKOLNA - informacje organizacyjne - Zesp\u00f3\u0142 Szk\u00f3\u0142 w Gromniku\" \/>\n<meta property=\"og:description\" content=\"Zesp\u00f3\u0142 Szk\u00f3\u0142 w Gromniku\" \/>\n<meta property=\"og:url\" content=\"https:\/\/zs.gromnik.pl\/zs\/swietlica-szkolna-informacje-organizacyjne\/\" \/>\n<meta property=\"og:site_name\" content=\"Zesp\u00f3\u0142 Szk\u00f3\u0142 w Gromniku\" \/>\n<meta property=\"article:publisher\" content=\"https:\/\/www.facebook.com\/zsgromnik\" \/>\n<meta property=\"article:published_time\" content=\"2026-08-31T12:05:00+00:00\" \/>\n<meta property=\"article:modified_time\" content=\"2026-08-31T16:10:24+00:00\" \/>\n<meta property=\"og:image\" content=\"http:\/\/zs.gromnik.pl\/zs\/wp-content\/uploads\/2026\/08\/swietlica.jpg\" \/>\n\t<meta property=\"og:image:width\" content=\"1536\" \/>\n\t<meta property=\"og:image:height\" content=\"1024\" \/>\n\t<meta property=\"og:image:type\" content=\"image\/jpeg\" \/>\n<meta name=\"author\" content=\"Barbara Kubicz\" \/>\n<meta name=\"twitter:card\" content=\"summary_large_image\" \/>\n<meta name=\"twitter:label1\" content=\"Napisane przez\" \/>\n\t<meta name=\"twitter:data1\" content=\"Barbara Kubicz\" \/>\n\t<meta name=\"twitter:label2\" content=\"Szacowany czas czytania\" \/>\n\t<meta name=\"twitter:data2\" content=\"1 minuta\" \/>\n<script type=\"application\/ld+json\" class=\"yoast-schema-graph\">{\"@context\":\"https:\/\/schema.org\",\"@graph\":[{\"@type\":\"WebPage\",\"@id\":\"https:\/\/zs.gromnik.pl\/zs\/swietlica-szkolna-informacje-organizacyjne\/\",\"url\":\"https:\/\/zs.gromnik.pl\/zs\/swietlica-szkolna-informacje-organizacyjne\/\",\"name\":\"\u015aWIETLICA SZKOLNA - informacje organizacyjne - Zesp\u00f3\u0142 Szk\u00f3\u0142 w Gromniku\",\"isPartOf\":{\"@id\":\"https:\/\/zs.gromnik.pl\/zs\/#website\"},\"datePublished\":\"2026-08-31T12:05:00+00:00\",\"dateModified\":\"2026-08-31T16:10:24+00:00\",\"author\":{\"@id\":\"https:\/\/zs.gromnik.pl\/zs\/#\/schema\/person\/7fb2b24b90f39dede6a6b1ad809c8871\"},\"description\":\"Zesp\u00f3\u0142 Szk\u00f3\u0142 w Gromniku\",\"breadcrumb\":{\"@id\":\"https:\/\/zs.gromnik.pl\/zs\/swietlica-szkolna-informacje-organizacyjne\/#breadcrumb\"},\"inLanguage\":\"pl-PL\",\"potentialAction\":[{\"@type\":\"ReadAction\",\"target\":[\"https:\/\/zs.gromnik.pl\/zs\/swietlica-szkolna-informacje-organizacyjne\/\"]}]},{\"@type\":\"BreadcrumbList\",\"@id\":\"https:\/\/zs.gromnik.pl\/zs\/swietlica-szkolna-informacje-organizacyjne\/#breadcrumb\",\"itemListElement\":[{\"@type\":\"ListItem\",\"position\":1,\"name\":\"Strona g\u0142\u00f3wna\",\"item\":\"https:\/\/zs.gromnik.pl\/zs\/\"},{\"@type\":\"ListItem\",\"position\":2,\"name\":\"\u015aWIETLICA SZKOLNA &#8211; informacje organizacyjne\"}]},{\"@type\":\"WebSite\",\"@id\":\"https:\/\/zs.gromnik.pl\/zs\/#website\",\"url\":\"https:\/\/zs.gromnik.pl\/zs\/\",\"name\":\"Zesp\u00f3\u0142 Szk\u00f3\u0142 w Gromniku\",\"description\":\"\",\"potentialAction\":[{\"@type\":\"SearchAction\",\"target\":{\"@type\":\"EntryPoint\",\"urlTemplate\":\"https:\/\/zs.gromnik.pl\/zs\/?s={search_term_string}\"},\"query-input\":\"required name=search_term_string\"}],\"inLanguage\":\"pl-PL\"},{\"@type\":\"Person\",\"@id\":\"https:\/\/zs.gromnik.pl\/zs\/#\/schema\/person\/7fb2b24b90f39dede6a6b1ad809c8871\",\"name\":\"Barbara Kubicz\",\"image\":{\"@type\":\"ImageObject\",\"inLanguage\":\"pl-PL\",\"@id\":\"https:\/\/zs.gromnik.pl\/zs\/#\/schema\/person\/image\/\",\"url\":\"http:\/\/2.gravatar.com\/avatar\/2148a1c13395e11280a430e7a86ac24a?s=96&d=mm&r=g\",\"contentUrl\":\"http:\/\/2.gravatar.com\/avatar\/2148a1c13395e11280a430e7a86ac24a?s=96&d=mm&r=g\",\"caption\":\"Barbara Kubicz\"},\"url\":\"http:\/\/zs.gromnik.pl\/zs\/author\/bkubicz\/\"}]}<\/script>\n<!-- \/ Yoast SEO plugin. -->","yoast_head_json":{"title":"\u015aWIETLICA SZKOLNA - informacje organizacyjne - Zesp\u00f3\u0142 Szk\u00f3\u0142 w Gromniku","description":"Zesp\u00f3\u0142 Szk\u00f3\u0142 w Gromniku","robots":{"index":"index","follow":"follow","max-snippet":"max-snippet:-1","max-image-preview":"max-image-preview:large","max-video-preview":"max-video-preview:-1"},"canonical":"https:\/\/zs.gromnik.pl\/zs\/swietlica-szkolna-informacje-organizacyjne\/","og_locale":"pl_PL","og_type":"article","og_title":"\u015aWIETLICA SZKOLNA - informacje organizacyjne - Zesp\u00f3\u0142 Szk\u00f3\u0142 w Gromniku","og_description":"Zesp\u00f3\u0142 Szk\u00f3\u0142 w Gromniku","og_url":"https:\/\/zs.gromnik.pl\/zs\/swietlica-szkolna-informacje-organizacyjne\/","og_site_name":"Zesp\u00f3\u0142 Szk\u00f3\u0142 w Gromniku","article_publisher":"https:\/\/www.facebook.com\/zsgromnik","article_published_time":"2026-08-31T12:05:00+00:00","article_modified_time":"2026-08-31T16:10:24+00:00","og_image":[{"width":1536,"height":1024,"url":"http:\/\/zs.gromnik.pl\/zs\/wp-content\/uploads\/2026\/08\/swietlica.jpg","type":"image\/jpeg"}],"author":"Barbara Kubicz","twitter_card":"summary_large_image","twitter_misc":{"Napisane przez":"Barbara Kubicz","Szacowany czas czytania":"1 minuta"},"schema":{"@context":"https:\/\/schema.org","@graph":[{"@type":"WebPage","@id":"https:\/\/zs.gromnik.pl\/zs\/swietlica-szkolna-informacje-organizacyjne\/","url":"https:\/\/zs.gromnik.pl\/zs\/swietlica-szkolna-informacje-organizacyjne\/","name":"\u015aWIETLICA SZKOLNA - informacje organizacyjne - Zesp\u00f3\u0142 Szk\u00f3\u0142 w Gromniku","isPartOf":{"@id":"https:\/\/zs.gromnik.pl\/zs\/#website"},"datePublished":"2026-08-31T12:05:00+00:00","dateModified":"2026-08-31T16:10:24+00:00","author":{"@id":"https:\/\/zs.gromnik.pl\/zs\/#\/schema\/person\/7fb2b24b90f39dede6a6b1ad809c8871"},"description":"Zesp\u00f3\u0142 Szk\u00f3\u0142 w Gromniku","breadcrumb":{"@id":"https:\/\/zs.gromnik.pl\/zs\/swietlica-szkolna-informacje-organizacyjne\/#breadcrumb"},"inLanguage":"pl-PL","potentialAction":[{"@type":"ReadAction","target":["https:\/\/zs.gromnik.pl\/zs\/swietlica-szkolna-informacje-organizacyjne\/"]}]},{"@type":"BreadcrumbList","@id":"https:\/\/zs.gromnik.pl\/zs\/swietlica-szkolna-informacje-organizacyjne\/#breadcrumb","itemListElement":[{"@type":"ListItem","position":1,"name":"Strona g\u0142\u00f3wna","item":"https:\/\/zs.gromnik.pl\/zs\/"},{"@type":"ListItem","position":2,"name":"\u015aWIETLICA SZKOLNA &#8211; informacje organizacyjne"}]},{"@type":"WebSite","@id":"https:\/\/zs.gromnik.pl\/zs\/#website","url":"https:\/\/zs.gromnik.pl\/zs\/","name":"Zesp\u00f3\u0142 Szk\u00f3\u0142 w Gromniku","description":"","potentialAction":[{"@type":"SearchAction","target":{"@type":"EntryPoint","urlTemplate":"https:\/\/zs.gromnik.pl\/zs\/?s={search_term_string}"},"query-input":"required name=search_term_string"}],"inLanguage":"pl-PL"},{"@type":"Person","@id":"https:\/\/zs.gromnik.pl\/zs\/#\/schema\/person\/7fb2b24b90f39dede6a6b1ad809c8871","name":"Barbara Kubicz","image":{"@type":"ImageObject","inLanguage":"pl-PL","@id":"https:\/\/zs.gromnik.pl\/zs\/#\/schema\/person\/image\/","url":"http:\/\/2.gravatar.com\/avatar\/2148a1c13395e11280a430e7a86ac24a?s=96&d=mm&r=g","contentUrl":"http:\/\/2.gravatar.com\/avatar\/2148a1c13395e11280a430e7a86ac24a?s=96&d=mm&r=g","caption":"Barbara Kubicz"},"url":"http:\/\/zs.gromnik.pl\/zs\/author\/bkubicz\/"}]}},"_links":{"self":[{"href":"http:\/\/zs.gromnik.pl\/zs\/wp-json\/wp\/v2\/posts\/19998"}],"collection":[{"href":"http:\/\/zs.gromnik.pl\/zs\/wp-json\/wp\/v2\/posts"}],"about":[{"href":"http:\/\/zs.gromnik.pl\/zs\/wp-json\/wp\/v2\/types\/post"}],"author":[{"embeddable":true,"href":"http:\/\/zs.gromnik.pl\/zs\/wp-json\/wp\/v2\/users\/7"}],"replies":[{"embeddable":true,"href":"http:\/\/zs.gromnik.pl\/zs\/wp-json\/wp\/v2\/comments?post=19998"}],"version-history":[{"count":3,"href":"http:\/\/zs.gromnik.pl\/zs\/wp-json\/wp\/v2\/posts\/19998\/revisions"}],"predecessor-version":[{"id":20002,"href":"http:\/\/zs.gromnik.pl\/zs\/wp-json\/wp\/v2\/posts\/19998\/revisions\/20002"}],"wp:featuredmedia":[{"embeddable":true,"href":"http:\/\/zs.gromnik.pl\/zs\/wp-json\/wp\/v2\/media\/19999"}],"wp:attachment":[{"href":"http:\/\/zs.gromnik.pl\/zs\/wp-json\/wp\/v2\/media?parent=19998"}],"wp:term":[{"taxonomy":"category","embeddable":true,"href":"http:\/\/zs.gromnik.pl\/zs\/wp-json\/wp\/v2\/categories?post=19998"},{"taxonomy":"post_tag","embeddable":true,"href":"http:\/\/zs.gromnik.pl\/zs\/wp-json\/wp\/v2\/tags?post=19998"}],"curies":[{"name":"wp","href":"https:\/\/api.w.org\/{rel}","templated":true}]}}