{"id":3560,"date":"2018-11-16T19:37:33","date_gmt":"2018-11-16T18:37:33","guid":{"rendered":"http:\/\/www.zs.gromnik.pl\/zs\/?p=3560"},"modified":"2018-11-16T19:38:42","modified_gmt":"2018-11-16T18:38:42","slug":"3560-2","status":"publish","type":"post","link":"http:\/\/zs.gromnik.pl\/zs\/3560-2\/","title":{"rendered":"Konkurs na gazetk\u0119 tematyczn\u0105"},"content":{"rendered":"<div id='gallery-1' class='gallery galleryid-3560 gallery-columns-6 gallery-size-thumbnail'><figure class='gallery-item'>\n\t\t\t<div class='gallery-icon landscape'>\n\t\t\t\t<a href='http:\/\/zs.gromnik.pl\/zs\/3560-2\/dav-40\/'><img width=\"150\" height=\"150\" src=\"http:\/\/zs.gromnik.pl\/zs\/wp-content\/uploads\/2018\/11\/IMG_20181105_104206-150x150.jpg\" class=\"attachment-thumbnail size-thumbnail\" alt=\"\" loading=\"lazy\" \/><\/a>\n\t\t\t<\/div><\/figure><figure class='gallery-item'>\n\t\t\t<div class='gallery-icon portrait'>\n\t\t\t\t<a href='http:\/\/zs.gromnik.pl\/zs\/3560-2\/dav-41\/'><img width=\"150\" height=\"150\" src=\"http:\/\/zs.gromnik.pl\/zs\/wp-content\/uploads\/2018\/11\/IMG_20181105_104535-150x150.jpg\" class=\"attachment-thumbnail size-thumbnail\" alt=\"\" loading=\"lazy\" \/><\/a>\n\t\t\t<\/div><\/figure><figure class='gallery-item'>\n\t\t\t<div class='gallery-icon landscape'>\n\t\t\t\t<a href='http:\/\/zs.gromnik.pl\/zs\/3560-2\/dav-42\/'><img width=\"150\" height=\"150\" src=\"http:\/\/zs.gromnik.pl\/zs\/wp-content\/uploads\/2018\/11\/IMG_20181105_104707-150x150.jpg\" class=\"attachment-thumbnail size-thumbnail\" alt=\"\" loading=\"lazy\" \/><\/a>\n\t\t\t<\/div><\/figure><figure class='gallery-item'>\n\t\t\t<div class='gallery-icon landscape'>\n\t\t\t\t<a href='http:\/\/zs.gromnik.pl\/zs\/3560-2\/dav-43\/'><img width=\"150\" height=\"150\" src=\"http:\/\/zs.gromnik.pl\/zs\/wp-content\/uploads\/2018\/11\/IMG_20181105_104836-150x150.jpg\" class=\"attachment-thumbnail size-thumbnail\" alt=\"\" loading=\"lazy\" \/><\/a>\n\t\t\t<\/div><\/figure><figure class='gallery-item'>\n\t\t\t<div class='gallery-icon landscape'>\n\t\t\t\t<a href='http:\/\/zs.gromnik.pl\/zs\/3560-2\/dav-44\/'><img width=\"150\" height=\"150\" src=\"http:\/\/zs.gromnik.pl\/zs\/wp-content\/uploads\/2018\/11\/IMG_20181105_104955-150x150.jpg\" class=\"attachment-thumbnail size-thumbnail\" alt=\"\" loading=\"lazy\" \/><\/a>\n\t\t\t<\/div><\/figure><figure class='gallery-item'>\n\t\t\t<div class='gallery-icon landscape'>\n\t\t\t\t<a href='http:\/\/zs.gromnik.pl\/zs\/3560-2\/dav-45\/'><img width=\"150\" height=\"150\" src=\"http:\/\/zs.gromnik.pl\/zs\/wp-content\/uploads\/2018\/11\/IMG_20181105_105043-150x150.jpg\" class=\"attachment-thumbnail size-thumbnail\" alt=\"\" loading=\"lazy\" \/><\/a>\n\t\t\t<\/div><\/figure><figure class='gallery-item'>\n\t\t\t<div class='gallery-icon landscape'>\n\t\t\t\t<a href='http:\/\/zs.gromnik.pl\/zs\/3560-2\/dav-46\/'><img width=\"150\" height=\"150\" src=\"http:\/\/zs.gromnik.pl\/zs\/wp-content\/uploads\/2018\/11\/IMG_20181105_105137-150x150.jpg\" class=\"attachment-thumbnail size-thumbnail\" alt=\"\" loading=\"lazy\" \/><\/a>\n\t\t\t<\/div><\/figure><figure class='gallery-item'>\n\t\t\t<div class='gallery-icon landscape'>\n\t\t\t\t<a href='http:\/\/zs.gromnik.pl\/zs\/3560-2\/dav-47\/'><img width=\"150\" height=\"150\" src=\"http:\/\/zs.gromnik.pl\/zs\/wp-content\/uploads\/2018\/11\/IMG_20181105_105215-150x150.jpg\" class=\"attachment-thumbnail size-thumbnail\" alt=\"\" loading=\"lazy\" \/><\/a>\n\t\t\t<\/div><\/figure><figure class='gallery-item'>\n\t\t\t<div class='gallery-icon landscape'>\n\t\t\t\t<a href='http:\/\/zs.gromnik.pl\/zs\/3560-2\/dav-48\/'><img width=\"150\" height=\"150\" src=\"http:\/\/zs.gromnik.pl\/zs\/wp-content\/uploads\/2018\/11\/IMG_20181105_105536-150x150.jpg\" class=\"attachment-thumbnail size-thumbnail\" alt=\"\" loading=\"lazy\" \/><\/a>\n\t\t\t<\/div><\/figure><figure class='gallery-item'>\n\t\t\t<div class='gallery-icon landscape'>\n\t\t\t\t<a href='http:\/\/zs.gromnik.pl\/zs\/3560-2\/dav-49\/'><img width=\"150\" height=\"150\" src=\"http:\/\/zs.gromnik.pl\/zs\/wp-content\/uploads\/2018\/11\/IMG_20181105_105709-150x150.jpg\" class=\"attachment-thumbnail size-thumbnail\" alt=\"\" loading=\"lazy\" \/><\/a>\n\t\t\t<\/div><\/figure><figure class='gallery-item'>\n\t\t\t<div class='gallery-icon landscape'>\n\t\t\t\t<a href='http:\/\/zs.gromnik.pl\/zs\/3560-2\/dav-50\/'><img width=\"150\" height=\"150\" src=\"http:\/\/zs.gromnik.pl\/zs\/wp-content\/uploads\/2018\/11\/IMG_20181105_110013-150x150.jpg\" class=\"attachment-thumbnail size-thumbnail\" alt=\"\" loading=\"lazy\" \/><\/a>\n\t\t\t<\/div><\/figure><figure class='gallery-item'>\n\t\t\t<div class='gallery-icon landscape'>\n\t\t\t\t<a href='http:\/\/zs.gromnik.pl\/zs\/3560-2\/dav-51\/'><img width=\"150\" height=\"150\" src=\"http:\/\/zs.gromnik.pl\/zs\/wp-content\/uploads\/2018\/11\/IMG_20181105_114004-150x150.jpg\" class=\"attachment-thumbnail size-thumbnail\" alt=\"\" loading=\"lazy\" \/><\/a>\n\t\t\t<\/div><\/figure>\n\t\t<\/div>\n\n<p style=\"text-align: justify;\">W ramach realizacji projektu \u201eDumni z Niepodleg\u0142ej\u201d odby\u0142 si\u0119 Szkolny Konkurs na najciekawsz\u0105 gazetk\u0119 tematyczn\u0105 w klasach IV \u2013 VIII oraz w klasach III gimnazjum. <!--more-->Do konkursu winno przyst\u0105pi\u0107 14 oddzia\u0142\u00f3w, jednak dwie klasy nie zd\u0105\u017cy\u0142y przygotowa\u0107 materia\u0142u w wyznaczonym terminie. Tote\u017c Komisja oceniaj\u0105ca w sk\u0142adzie: M. Kozio\u0142, M. Kazanowska-Reczkowska, D. So\u0142tys pod przewodnictwem Pana Dyrektora T. Barana \u2013 sprawdzi\u0142a dwana\u015bcie przygotowanych gazetek \u015bciennych. Prace by\u0142y oceniane zgodnie z ustalonymi kryteriami: wra\u017cenie artystyczno &#8211;\u00a0 estetyczne, w tym jako\u015b\u0107 wykonania, uk\u0142ad tekst\u00f3w kultury, tytu\u0142, kolorystyka, symbolika; zgodno\u015b\u0107 i zakres tre\u015bci gazetki oraz indywidualno\u015b\u0107, oryginalno\u015b\u0107, wykorzystany materia\u0142.<\/p>\n<p style=\"text-align: justify;\">Wszystkie opracowania tekstowe, ilustracyjne okaza\u0142y si\u0119 bardzo ciekawe, oryginalne, pomys\u0142owe, a najlepsze gazetki zosta\u0142y nagrodzone i wyr\u00f3\u017cnione. Mo\u017cna je ogl\u0105da\u0107 oraz czyta\u0107 w poszczeg\u00f3lnych salach do ko\u0144ca listopada. Na szczeg\u00f3ln\u0105 uwag\u0119 zas\u0142u\u017cy\u0142y gazetki klas: 8a w sali 43, 3b gim. w sali 42, 6b w sali 33, 5b w sali35, 5c w sali 0, 4b w sali 25.<\/p>\n<p style=\"text-align: right;\">Organizator konkursu D. Sowa<\/p>\n","protected":false},"excerpt":{"rendered":"<p>W ramach realizacji projektu \u201eDumni z Niepodleg\u0142ej\u201d odby\u0142 si\u0119 Szkolny Konkurs na najciekawsz\u0105 gazetk\u0119 tematyczn\u0105 w klasach IV \u2013 VIII oraz w klasach III gimnazjum.<\/p>\n","protected":false},"author":1,"featured_media":0,"comment_status":"closed","ping_status":"open","sticky":false,"template":"","format":"standard","meta":[],"categories":[3],"tags":[],"yoast_head":"<!-- This site is optimized with the Yoast SEO plugin v19.8 - https:\/\/yoast.com\/wordpress\/plugins\/seo\/ -->\n<title>Konkurs na gazetk\u0119 tematyczn\u0105 - Zesp\u00f3\u0142 Szk\u00f3\u0142 w Gromniku<\/title>\n<meta name=\"description\" content=\"Zesp\u00f3\u0142 Szk\u00f3\u0142 w Gromniku\" \/>\n<meta name=\"robots\" content=\"index, follow, max-snippet:-1, max-image-preview:large, max-video-preview:-1\" \/>\n<link rel=\"canonical\" href=\"http:\/\/zs.gromnik.pl\/zs\/3560-2\/\" \/>\n<meta property=\"og:locale\" content=\"pl_PL\" \/>\n<meta property=\"og:type\" content=\"article\" \/>\n<meta property=\"og:title\" content=\"Konkurs na gazetk\u0119 tematyczn\u0105 - Zesp\u00f3\u0142 Szk\u00f3\u0142 w Gromniku\" \/>\n<meta property=\"og:description\" content=\"Zesp\u00f3\u0142 Szk\u00f3\u0142 w Gromniku\" \/>\n<meta property=\"og:url\" content=\"http:\/\/zs.gromnik.pl\/zs\/3560-2\/\" \/>\n<meta property=\"og:site_name\" content=\"Zesp\u00f3\u0142 Szk\u00f3\u0142 w Gromniku\" \/>\n<meta property=\"article:publisher\" content=\"https:\/\/www.facebook.com\/zsgromnik\" \/>\n<meta property=\"article:published_time\" content=\"2018-11-16T18:37:33+00:00\" \/>\n<meta property=\"article:modified_time\" content=\"2018-11-16T18:38:42+00:00\" \/>\n<meta property=\"og:image\" content=\"http:\/\/zs.gromnik.pl\/zs\/wp-content\/uploads\/2018\/11\/IMG_20181105_104206-150x150.jpg\" \/>\n<meta name=\"author\" content=\"admin\" \/>\n<meta name=\"twitter:card\" content=\"summary_large_image\" \/>\n<meta name=\"twitter:label1\" content=\"Napisane przez\" \/>\n\t<meta name=\"twitter:data1\" content=\"admin\" \/>\n\t<meta name=\"twitter:label2\" content=\"Szacowany czas czytania\" \/>\n\t<meta name=\"twitter:data2\" content=\"1 minuta\" \/>\n<script type=\"application\/ld+json\" class=\"yoast-schema-graph\">{\"@context\":\"https:\/\/schema.org\",\"@graph\":[{\"@type\":\"WebPage\",\"@id\":\"http:\/\/zs.gromnik.pl\/zs\/3560-2\/\",\"url\":\"http:\/\/zs.gromnik.pl\/zs\/3560-2\/\",\"name\":\"Konkurs na gazetk\u0119 tematyczn\u0105 - Zesp\u00f3\u0142 Szk\u00f3\u0142 w Gromniku\",\"isPartOf\":{\"@id\":\"https:\/\/zs.gromnik.pl\/zs\/#website\"},\"datePublished\":\"2018-11-16T18:37:33+00:00\",\"dateModified\":\"2018-11-16T18:38:42+00:00\",\"author\":{\"@id\":\"https:\/\/zs.gromnik.pl\/zs\/#\/schema\/person\/b197900f67c6133faddc284ae32f97ca\"},\"description\":\"Zesp\u00f3\u0142 Szk\u00f3\u0142 w Gromniku\",\"breadcrumb\":{\"@id\":\"http:\/\/zs.gromnik.pl\/zs\/3560-2\/#breadcrumb\"},\"inLanguage\":\"pl-PL\",\"potentialAction\":[{\"@type\":\"ReadAction\",\"target\":[\"http:\/\/zs.gromnik.pl\/zs\/3560-2\/\"]}]},{\"@type\":\"BreadcrumbList\",\"@id\":\"http:\/\/zs.gromnik.pl\/zs\/3560-2\/#breadcrumb\",\"itemListElement\":[{\"@type\":\"ListItem\",\"position\":1,\"name\":\"Strona g\u0142\u00f3wna\",\"item\":\"https:\/\/zs.gromnik.pl\/zs\/\"},{\"@type\":\"ListItem\",\"position\":2,\"name\":\"Konkurs na gazetk\u0119 tematyczn\u0105\"}]},{\"@type\":\"WebSite\",\"@id\":\"https:\/\/zs.gromnik.pl\/zs\/#website\",\"url\":\"https:\/\/zs.gromnik.pl\/zs\/\",\"name\":\"Zesp\u00f3\u0142 Szk\u00f3\u0142 w Gromniku\",\"description\":\"\",\"potentialAction\":[{\"@type\":\"SearchAction\",\"target\":{\"@type\":\"EntryPoint\",\"urlTemplate\":\"https:\/\/zs.gromnik.pl\/zs\/?s={search_term_string}\"},\"query-input\":\"required name=search_term_string\"}],\"inLanguage\":\"pl-PL\"},{\"@type\":\"Person\",\"@id\":\"https:\/\/zs.gromnik.pl\/zs\/#\/schema\/person\/b197900f67c6133faddc284ae32f97ca\",\"name\":\"admin\",\"image\":{\"@type\":\"ImageObject\",\"inLanguage\":\"pl-PL\",\"@id\":\"https:\/\/zs.gromnik.pl\/zs\/#\/schema\/person\/image\/\",\"url\":\"http:\/\/0.gravatar.com\/avatar\/f8a2f876dbcc8c8edd809a8ca77a2abe?s=96&d=mm&r=g\",\"contentUrl\":\"http:\/\/0.gravatar.com\/avatar\/f8a2f876dbcc8c8edd809a8ca77a2abe?s=96&d=mm&r=g\",\"caption\":\"admin\"},\"url\":\"http:\/\/zs.gromnik.pl\/zs\/author\/admin\/\"}]}<\/script>\n<!-- \/ Yoast SEO plugin. -->","yoast_head_json":{"title":"Konkurs na gazetk\u0119 tematyczn\u0105 - Zesp\u00f3\u0142 Szk\u00f3\u0142 w Gromniku","description":"Zesp\u00f3\u0142 Szk\u00f3\u0142 w Gromniku","robots":{"index":"index","follow":"follow","max-snippet":"max-snippet:-1","max-image-preview":"max-image-preview:large","max-video-preview":"max-video-preview:-1"},"canonical":"http:\/\/zs.gromnik.pl\/zs\/3560-2\/","og_locale":"pl_PL","og_type":"article","og_title":"Konkurs na gazetk\u0119 tematyczn\u0105 - Zesp\u00f3\u0142 Szk\u00f3\u0142 w Gromniku","og_description":"Zesp\u00f3\u0142 Szk\u00f3\u0142 w Gromniku","og_url":"http:\/\/zs.gromnik.pl\/zs\/3560-2\/","og_site_name":"Zesp\u00f3\u0142 Szk\u00f3\u0142 w Gromniku","article_publisher":"https:\/\/www.facebook.com\/zsgromnik","article_published_time":"2018-11-16T18:37:33+00:00","article_modified_time":"2018-11-16T18:38:42+00:00","og_image":[{"url":"http:\/\/zs.gromnik.pl\/zs\/wp-content\/uploads\/2018\/11\/IMG_20181105_104206-150x150.jpg"}],"author":"admin","twitter_card":"summary_large_image","twitter_misc":{"Napisane przez":"admin","Szacowany czas czytania":"1 minuta"},"schema":{"@context":"https:\/\/schema.org","@graph":[{"@type":"WebPage","@id":"http:\/\/zs.gromnik.pl\/zs\/3560-2\/","url":"http:\/\/zs.gromnik.pl\/zs\/3560-2\/","name":"Konkurs na gazetk\u0119 tematyczn\u0105 - Zesp\u00f3\u0142 Szk\u00f3\u0142 w Gromniku","isPartOf":{"@id":"https:\/\/zs.gromnik.pl\/zs\/#website"},"datePublished":"2018-11-16T18:37:33+00:00","dateModified":"2018-11-16T18:38:42+00:00","author":{"@id":"https:\/\/zs.gromnik.pl\/zs\/#\/schema\/person\/b197900f67c6133faddc284ae32f97ca"},"description":"Zesp\u00f3\u0142 Szk\u00f3\u0142 w Gromniku","breadcrumb":{"@id":"http:\/\/zs.gromnik.pl\/zs\/3560-2\/#breadcrumb"},"inLanguage":"pl-PL","potentialAction":[{"@type":"ReadAction","target":["http:\/\/zs.gromnik.pl\/zs\/3560-2\/"]}]},{"@type":"BreadcrumbList","@id":"http:\/\/zs.gromnik.pl\/zs\/3560-2\/#breadcrumb","itemListElement":[{"@type":"ListItem","position":1,"name":"Strona g\u0142\u00f3wna","item":"https:\/\/zs.gromnik.pl\/zs\/"},{"@type":"ListItem","position":2,"name":"Konkurs na gazetk\u0119 tematyczn\u0105"}]},{"@type":"WebSite","@id":"https:\/\/zs.gromnik.pl\/zs\/#website","url":"https:\/\/zs.gromnik.pl\/zs\/","name":"Zesp\u00f3\u0142 Szk\u00f3\u0142 w Gromniku","description":"","potentialAction":[{"@type":"SearchAction","target":{"@type":"EntryPoint","urlTemplate":"https:\/\/zs.gromnik.pl\/zs\/?s={search_term_string}"},"query-input":"required name=search_term_string"}],"inLanguage":"pl-PL"},{"@type":"Person","@id":"https:\/\/zs.gromnik.pl\/zs\/#\/schema\/person\/b197900f67c6133faddc284ae32f97ca","name":"admin","image":{"@type":"ImageObject","inLanguage":"pl-PL","@id":"https:\/\/zs.gromnik.pl\/zs\/#\/schema\/person\/image\/","url":"http:\/\/0.gravatar.com\/avatar\/f8a2f876dbcc8c8edd809a8ca77a2abe?s=96&d=mm&r=g","contentUrl":"http:\/\/0.gravatar.com\/avatar\/f8a2f876dbcc8c8edd809a8ca77a2abe?s=96&d=mm&r=g","caption":"admin"},"url":"http:\/\/zs.gromnik.pl\/zs\/author\/admin\/"}]}},"_links":{"self":[{"href":"http:\/\/zs.gromnik.pl\/zs\/wp-json\/wp\/v2\/posts\/3560"}],"collection":[{"href":"http:\/\/zs.gromnik.pl\/zs\/wp-json\/wp\/v2\/posts"}],"about":[{"href":"http:\/\/zs.gromnik.pl\/zs\/wp-json\/wp\/v2\/types\/post"}],"author":[{"embeddable":true,"href":"http:\/\/zs.gromnik.pl\/zs\/wp-json\/wp\/v2\/users\/1"}],"replies":[{"embeddable":true,"href":"http:\/\/zs.gromnik.pl\/zs\/wp-json\/wp\/v2\/comments?post=3560"}],"version-history":[{"count":2,"href":"http:\/\/zs.gromnik.pl\/zs\/wp-json\/wp\/v2\/posts\/3560\/revisions"}],"predecessor-version":[{"id":3574,"href":"http:\/\/zs.gromnik.pl\/zs\/wp-json\/wp\/v2\/posts\/3560\/revisions\/3574"}],"wp:attachment":[{"href":"http:\/\/zs.gromnik.pl\/zs\/wp-json\/wp\/v2\/media?parent=3560"}],"wp:term":[{"taxonomy":"category","embeddable":true,"href":"http:\/\/zs.gromnik.pl\/zs\/wp-json\/wp\/v2\/categories?post=3560"},{"taxonomy":"post_tag","embeddable":true,"href":"http:\/\/zs.gromnik.pl\/zs\/wp-json\/wp\/v2\/tags?post=3560"}],"curies":[{"name":"wp","href":"https:\/\/api.w.org\/{rel}","templated":true}]}}