{"id":3575,"date":"2018-11-16T19:43:40","date_gmt":"2018-11-16T18:43:40","guid":{"rendered":"http:\/\/www.zs.gromnik.pl\/zs\/?p=3575"},"modified":"2018-11-16T19:43:40","modified_gmt":"2018-11-16T18:43:40","slug":"gminny-konkurs-literacki","status":"publish","type":"post","link":"http:\/\/zs.gromnik.pl\/zs\/gminny-konkurs-literacki\/","title":{"rendered":"Gminny Konkurs Literacki"},"content":{"rendered":"<p style=\"text-align: justify;\">W ramach projektu \u201eDumni z Niepodleg\u0142ej\u201d realizowanego w Szkole Podstawowej w Gromniku zosta\u0142 zorganizowany Gminny Konkurs Literacki <strong><em>na najciekawsze wypracowanie o rozumieniu patriotyzmu dawniej i wsp\u00f3\u0142cze\u015bnie. <\/em><\/strong><\/p>\n<p style=\"text-align: justify;\">Konkurs trwa\u0142 w okresie\u00a0 wrze\u015bnia i pa\u017adziernika 2018r. Prace ostatecznie dostarczano do 30 pa\u017adziernika. Wzi\u0119\u0142o w nim udzia\u0142 20. uczni\u00f3w, w tym czworo ze SP w Brzozowej, jedna uczennica ze SP w Siemiechowie oraz pi\u0119tna\u015bcioro uczni\u00f3w ze SP w Gromniku. Komisja oceniaj\u0105ca odrzuci\u0142a osiem najs\u0142abszych prac z miejscowej szko\u0142y w Gromniku, pozosta\u0142e zosta\u0142y ocenione. Jury przyzna\u0142o 1x I miejsce: Ewelina D\u0119bosz \u2013 GP w Gromniku, 1x II miejsce: Amelia Szczepanek &#8211;\u00a0 SP w Brzozowej, 1x III miejsce Karolina Hek\u0142owska \u2013 SP w Siemiechowie oraz 3x wyr\u00f3\u017cnienie: Karolina Duda \u2013 SP w Gromniku , Stanis\u0142aw Gotfryd \u2013 SP w Brzozowej, Paula Bajorek \u2013 GP w Gromniku.<\/p>\n<p>Gratulujemy ciekawych i \u015bmia\u0142ych wywod\u00f3w.\u00a0\u00a0\u00a0\u00a0\u00a0\u00a0\u00a0\u00a0\u00a0\u00a0\u00a0\u00a0\u00a0\u00a0\u00a0\u00a0\u00a0<!--more--><\/p>\n<p style=\"text-align: center;\"><strong>Patriotyzm dawniej i dzi\u015b<\/strong>\n<\/p>\n<p style=\"text-align: justify;\">\u00a0\u00a0 Nawi\u0105zuj\u0105c do tematu rozprawki, stwierdzam, \u017ce poj\u0119cie patriotyzmu dzisiaj, znacznie r\u00f3\u017cni si\u0119 od pojmowania go dawniej. Ludzie z biegiem czasu znacznie zmienili swoje podej\u015bcie do tego tematu. Niestety na gorsze. S\u0105dz\u0119 tak dlatego, \u017ce obserwuj\u0105c spo\u0142ecze\u0144stwo, dostrzegam mno\u017cenie si\u0119 wielu wad narodowych, o kt\u00f3rych pisano w literaturze ju\u017c od bardzo dawna. Nale\u017c\u0105 do nich: prywata, k\u0142\u00f3tliwo\u015b\u0107, nieuczciwo\u015b\u0107, konsumpcjonizm, oportunizm. Dawniej obywatele szanowali ojczyzn\u0119, kochali j\u0105 jak w\u0142asn\u0105 rodzin\u0119. W naszych czasach, wsp\u00f3\u0142czesnych, takich ludzi jest bardzo ma\u0142o i niewielu zdolnych by\u0142oby po\u015bwi\u0119ci\u0107 si\u0119 dla kraju. Zdarzaj\u0105 si\u0119 te\u017c tacy, kt\u00f3rzy wstydz\u0105 si\u0119 swoich korzeni, co jest niepoj\u0119te, gdy\u017c mamy pi\u0119kn\u0105, chocia\u017c czasami przera\u017caj\u0105c\u0105 histori\u0119.<\/p>\n<p style=\"text-align: justify;\">Pierwszy argument, wskazuj\u0105cy dawny patriotyzm, kt\u00f3ry chcia\u0142abym przytoczy\u0107, pochodzi z ksi\u0105\u017cki Arkadego Fiedlera pt.\u201dDywizjon 303\u201d. Opowiada ona o polskich lotnikach takich jak podporucznik Kazimierz Daszewski, czy sier\u017cant Stefan Karubin, walcz\u0105cych w bitwie o Angli\u0119\u00a0 w czasie II wojny \u015bwiatowej. M\u00f3wi ona te\u017c o bohaterskich czynach my\u015bliwc\u00f3w, pokazuje, \u017ce Niemcy nie s\u0105 niezwyci\u0119\u017ceni i mo\u017cna z nimi wygra\u0107.\u00a0 Jest ona dowodem, \u017ce Polacy walczyli nie tylko o Polsk\u0119, ale <em>o wolno\u015b\u0107 wasz\u0105 i nasz\u0105. <\/em>\u00a0Mimo tego nadal zachowali swoj\u0105 to\u017csamo\u015b\u0107 narodow\u0105. Absolutnie nie ukrywali oni swojej narodowo\u015bci, a wr\u0119cz przeciwnie-szczycili\u00a0 si\u0119 ni\u0105. Pomimo kpin i braku wiary ze strony Anglik\u00f3w, pokazali oni na co ich sta\u0107. Nigdy si\u0119 nie poddawali i udowodnili Brytyjczykom, \u017ce nie s\u0105 tymi za kogo ich maj\u0105. Nie pozwolili oni na wy\u015bmiewanie Polak\u00f3w i propagowanie stereotyp\u00f3w, kt\u00f3re ich dotyczy\u0142y. Wykazali si\u0119 bitno\u015bci\u0105, odwag\u0105, szybko\u015bci\u0105 decyzji. Nie bali si\u0119, \u017ce ryzykuj\u0105, \u017ce strac\u0105 \u017cycie, lecz ofiarnie podejmowali b\u00f3j w powietrzu za wolno\u015b\u0107. Dokonali prawdziwego prze\u0142omu w walkach z faszystowskimi Niemcami, odznaczaj\u0105c si\u0119 wielkim duchem walki oraz zaciek\u0142o\u015bci\u0105.<\/p>\n<p style=\"text-align: justify;\">Polacy byli gotowi\u00a0 na ogromne po\u015bwi\u0119cenia. Nie tylko stali w gotowo\u015bci, aby broni\u0107 rodziny i przyjaci\u00f3\u0142, ale i odda\u0107 \u017cycie w obronie innych. Dzisiaj bardzo niewielu ludzi, by\u0142oby do tego zdolnych, aby ryzykuj\u0105c w\u0142asne \u017cycie, pomaga\u0107 ludno\u015bci \u017cydowskiej, kt\u00f3ra by\u0142a poddana eksterminacji przez niemieckich faszyst\u00f3w. Tymczasem to w\u015br\u00f3d Polak\u00f3w mamy dziesi\u0105tki odznaczonych izraelskim medalem \u201eSprawiedliwy w\u015br\u00f3d Narod\u00f3w \u015awiata\u201d, m.in. Irena Sendlerowa, Maria Kotarba, J\u00f3zef Banek. Jednak\u017ce do\u015bwiadczenie historyczne i b\u00f3l czas\u00f3w zmieniaj\u0105 postawy wsp\u00f3\u0142czesnych rodak\u00f3w.<\/p>\n<p style=\"text-align: justify;\">Obecnie jest inaczej, niekt\u00f3rych w og\u00f3le to\u00a0 nie obchodzi, co dzia\u0142o si\u0119 w czasie drugiej wojny \u015bwiatowej czy wcze\u015bniej. Nie obchodzi ich nasz kraj oraz to, co si\u0119 w nim i z nim dzieje. Cz\u0119sto Polacy wyje\u017cd\u017caj\u0105 za granic\u0119, ale nie po to, \u017ceby walczy\u0107 i broni\u0107\u00a0 honoru lub niepodleg\u0142o\u015bci kraju, ale po to, \u017ceby si\u0119 dorobi\u0107, \u017ceby mie\u0107 wi\u0119cej i wi\u0119cej, nawet za cen\u0119 utraty godno\u015bci, gdy\u017c cz\u0119sto s\u0105 poni\u017cani, upokarzani, lecz dla nich najwa\u017cniejsz\u0105 warto\u015bci\u0105 s\u0105 pieni\u0105dze. Niestety, ludzie my\u015bl\u0105 tylko o sobie. Przesi\u0105kni\u0119ci s\u0105 egoizmem i konsumpcjonizmem. Nie obchodzi ich dobro innych ludzi, je\u015bli nie maj\u0105 z tego zysku.<\/p>\n<p style=\"text-align: justify;\">\u00a0 Ostatni\u0105 spraw\u0105, do kt\u00f3rej chcia\u0142abym si\u0119 odnie\u015b\u0107, jest dba\u0142o\u015b\u0107 o kultur\u0119, dobro wsp\u00f3lne kraju oraz przestrzeganie tradycji. Kiedy\u015b nasi rodacy bardzo przestrzegali tradycji narodowych, regionalnych, \u015bwi\u0105tecznych, rodzinnych, traktowali je powa\u017cnie i byli dumni z tego, \u017ce maj\u0105 takie pi\u0119kne obyczaje, prawdziwe dziedzictwo. Obecnie rodacy ma\u0142o interesuj\u0105 si\u0119 tym, co polskie, polskim folklorem, nie kultywuj\u0105 zwyczaj\u00f3w, odchodz\u0105 od tradycji. Wcale nierzadko bywa, \u017ce ludzie nie znaj\u0105 historii swojego narodu, pie\u015bni narodowych, zapominaj\u0105 o symbolach. Sporadycznie na domach mo\u017cna zobaczy\u0107 flagi polskie podczas obchod\u00f3w \u015bwi\u0105t narodowych. Polacy te\u017c niech\u0119tnie bior\u0105 udzia\u0142 w \u017cyciu lokalnym, w \u017cyciu\u00a0 pa\u0144stwa, nie zawsze chodz\u0105 na wybory, co wida\u0107 w danych procentowych. Potem narzekaj\u0105 i blu\u017ani\u0105 na swoje gniazdo, w kt\u00f3rym niczego sami nie zmieniaj\u0105.\u00a0 Brak szacunku do ojczyzny i jej przesz\u0142o\u015bci, cz\u0119sto mo\u017cna\u00a0 zobaczy\u0107\u00a0 u os\u00f3b m\u0142odych, lecz jest to spowodowane \u2013moim zdaniem- nie tylko og\u00f3ln\u0105 niech\u0119ci\u0105 i bezsilno\u015bci\u0105, lecz z\u0142ymi wzorcami. Dlatego ludzie starsi, powinni dawa\u0107 przyk\u0142ad m\u0142odzie\u017cy i dzieciom, aby nasz kraj sta\u0142 si\u0119 prawdziwie patriotyczny, a przede wszystkim jego obywatele. Chodzi o to, \u017ceby patriotyzm by\u0142 dzia\u0142aniem, a nie gadaniem.<\/p>\n<p style=\"text-align: justify;\">\u00a0\u00a0 Podsumowuj\u0105c moje rozwa\u017cania, stwierdzam, \u017ce przed laty ludzie znacznie cz\u0119\u015bciej k\u0142adli nacisk na patriotyzm, rozumieli ten termin g\u0142\u0119biej i szerzej. By\u0107 mo\u017ce by\u0142o to zwi\u0105zane z sytuacj\u0105 kraju, najpierw pod zaborami, p\u00f3\u017aniej po okupacj\u0105, ale ja uwa\u017cam, \u017ce zawsze jest o co walczy\u0107.\u00a0 Oczywi\u015bcie, nie uog\u00f3lniam, teraz te\u017c jest wielu patriot\u00f3w, ale czy to s\u0105 bohaterowie, czy gadu\u0142y?\u00a0 W czasach wojny i niepokoju, kiedy ludzi nie interesowa\u0142y tylko pieni\u0105dze albo s\u0142awa, patriotyzm by\u0142 warto\u015bci\u0105 nadrz\u0119dn\u0105. Walczy\u0142o si\u0119 wtedy nie o sw\u00f3j status spo\u0142eczny czy opini\u0119 w \u015brodowisku, ale o pok\u00f3j i wolno\u015b\u0107, czyli warto\u015bci, kt\u00f3re w dzisiejszych czasach sta\u0142y si\u0119 jakby zamierzch\u0142e. Dlatego dla dobra kraju powinni\u015bmy zacz\u0105\u0107 od samych siebie i stara\u0107 si\u0119, jak najlepiej reprezentowa\u0107 nasz kraj oraz pokazywa\u0107 mi\u0142o\u015b\u0107 do ojczyzny, nie zwalaj\u0105c wszystkiego, np. na sportowc\u00f3w, kt\u00f3rym raz si\u0119 powiedzie, a innym razem nie. Chodzi o to, aby Polska sta\u0142a si\u0119 dla wszystkich, przyk\u0142adem autentycznie patriotycznego kraju w r\u00f3\u017cnych dziedzinach\u00a0 \u017cycia, bo mam wra\u017cenie, \u017ce to kraj, jednak, konformist\u00f3w.<\/p>\n<p style=\"text-align: right;\">Ewelina D\u0119bosz, kl.3a gim.<\/p>\n<p style=\"text-align: right;\">Opiekun merytoryczny: Dorota Sowa<\/p>\n","protected":false},"excerpt":{"rendered":"<p>W ramach projektu \u201eDumni z Niepodleg\u0142ej\u201d realizowanego w Szkole Podstawowej w Gromniku zosta\u0142 zorganizowany Gminny Konkurs Literacki na najciekawsze wypracowanie o rozumieniu patriotyzmu dawniej i wsp\u00f3\u0142cze\u015bnie. Konkurs trwa\u0142 w okresie\u00a0 wrze\u015bnia i pa\u017adziernika 2018r. Prace ostatecznie dostarczano do 30 pa\u017adziernika. Wzi\u0119\u0142o w nim udzia\u0142 20. uczni\u00f3w, w tym czworo ze SP w Brzozowej, jedna uczennica ze SP w Siemiechowie oraz pi\u0119tna\u015bcioro uczni\u00f3w ze SP w Gromniku. Komisja oceniaj\u0105ca odrzuci\u0142a osiem najs\u0142abszych prac z miejscowej szko\u0142y w Gromniku, pozosta\u0142e zosta\u0142y ocenione. Jury przyzna\u0142o 1x I miejsce: Ewelina D\u0119bosz \u2013 GP w Gromniku, 1x II miejsce: Amelia Szczepanek &#8211;\u00a0 SP w Brzozowej, 1x III miejsce Karolina Hek\u0142owska \u2013 SP w Siemiechowie oraz 3x wyr\u00f3\u017cnienie: Karolina Duda \u2013 SP w Gromniku , Stanis\u0142aw Gotfryd \u2013 SP w Brzozowej, Paula Bajorek \u2013 GP w Gromniku. Gratulujemy ciekawych i \u015bmia\u0142ych wywod\u00f3w.\u00a0\u00a0\u00a0\u00a0\u00a0\u00a0\u00a0\u00a0\u00a0\u00a0\u00a0\u00a0\u00a0\u00a0\u00a0\u00a0\u00a0<\/p>\n","protected":false},"author":1,"featured_media":0,"comment_status":"closed","ping_status":"open","sticky":false,"template":"","format":"standard","meta":[],"categories":[3],"tags":[],"yoast_head":"<!-- This site is optimized with the Yoast SEO plugin v19.8 - https:\/\/yoast.com\/wordpress\/plugins\/seo\/ -->\n<title>Gminny Konkurs Literacki - Zesp\u00f3\u0142 Szk\u00f3\u0142 w Gromniku<\/title>\n<meta name=\"description\" content=\"Zesp\u00f3\u0142 Szk\u00f3\u0142 w Gromniku\" \/>\n<meta name=\"robots\" content=\"index, follow, max-snippet:-1, max-image-preview:large, max-video-preview:-1\" \/>\n<link rel=\"canonical\" href=\"http:\/\/zs.gromnik.pl\/zs\/gminny-konkurs-literacki\/\" \/>\n<meta property=\"og:locale\" content=\"pl_PL\" \/>\n<meta property=\"og:type\" content=\"article\" \/>\n<meta property=\"og:title\" content=\"Gminny Konkurs Literacki - Zesp\u00f3\u0142 Szk\u00f3\u0142 w Gromniku\" \/>\n<meta property=\"og:description\" content=\"Zesp\u00f3\u0142 Szk\u00f3\u0142 w Gromniku\" \/>\n<meta property=\"og:url\" content=\"http:\/\/zs.gromnik.pl\/zs\/gminny-konkurs-literacki\/\" \/>\n<meta property=\"og:site_name\" content=\"Zesp\u00f3\u0142 Szk\u00f3\u0142 w Gromniku\" \/>\n<meta property=\"article:publisher\" content=\"https:\/\/www.facebook.com\/zsgromnik\" \/>\n<meta property=\"article:published_time\" content=\"2018-11-16T18:43:40+00:00\" \/>\n<meta name=\"author\" content=\"admin\" \/>\n<meta name=\"twitter:card\" content=\"summary_large_image\" \/>\n<meta name=\"twitter:label1\" content=\"Napisane przez\" \/>\n\t<meta name=\"twitter:data1\" content=\"admin\" \/>\n\t<meta name=\"twitter:label2\" content=\"Szacowany czas czytania\" \/>\n\t<meta name=\"twitter:data2\" content=\"6 minut\" \/>\n<script type=\"application\/ld+json\" class=\"yoast-schema-graph\">{\"@context\":\"https:\/\/schema.org\",\"@graph\":[{\"@type\":\"WebPage\",\"@id\":\"http:\/\/zs.gromnik.pl\/zs\/gminny-konkurs-literacki\/\",\"url\":\"http:\/\/zs.gromnik.pl\/zs\/gminny-konkurs-literacki\/\",\"name\":\"Gminny Konkurs Literacki - Zesp\u00f3\u0142 Szk\u00f3\u0142 w Gromniku\",\"isPartOf\":{\"@id\":\"https:\/\/zs.gromnik.pl\/zs\/#website\"},\"datePublished\":\"2018-11-16T18:43:40+00:00\",\"dateModified\":\"2018-11-16T18:43:40+00:00\",\"author\":{\"@id\":\"https:\/\/zs.gromnik.pl\/zs\/#\/schema\/person\/b197900f67c6133faddc284ae32f97ca\"},\"description\":\"Zesp\u00f3\u0142 Szk\u00f3\u0142 w Gromniku\",\"breadcrumb\":{\"@id\":\"http:\/\/zs.gromnik.pl\/zs\/gminny-konkurs-literacki\/#breadcrumb\"},\"inLanguage\":\"pl-PL\",\"potentialAction\":[{\"@type\":\"ReadAction\",\"target\":[\"http:\/\/zs.gromnik.pl\/zs\/gminny-konkurs-literacki\/\"]}]},{\"@type\":\"BreadcrumbList\",\"@id\":\"http:\/\/zs.gromnik.pl\/zs\/gminny-konkurs-literacki\/#breadcrumb\",\"itemListElement\":[{\"@type\":\"ListItem\",\"position\":1,\"name\":\"Strona g\u0142\u00f3wna\",\"item\":\"https:\/\/zs.gromnik.pl\/zs\/\"},{\"@type\":\"ListItem\",\"position\":2,\"name\":\"Gminny Konkurs Literacki\"}]},{\"@type\":\"WebSite\",\"@id\":\"https:\/\/zs.gromnik.pl\/zs\/#website\",\"url\":\"https:\/\/zs.gromnik.pl\/zs\/\",\"name\":\"Zesp\u00f3\u0142 Szk\u00f3\u0142 w Gromniku\",\"description\":\"\",\"potentialAction\":[{\"@type\":\"SearchAction\",\"target\":{\"@type\":\"EntryPoint\",\"urlTemplate\":\"https:\/\/zs.gromnik.pl\/zs\/?s={search_term_string}\"},\"query-input\":\"required name=search_term_string\"}],\"inLanguage\":\"pl-PL\"},{\"@type\":\"Person\",\"@id\":\"https:\/\/zs.gromnik.pl\/zs\/#\/schema\/person\/b197900f67c6133faddc284ae32f97ca\",\"name\":\"admin\",\"image\":{\"@type\":\"ImageObject\",\"inLanguage\":\"pl-PL\",\"@id\":\"https:\/\/zs.gromnik.pl\/zs\/#\/schema\/person\/image\/\",\"url\":\"http:\/\/0.gravatar.com\/avatar\/f8a2f876dbcc8c8edd809a8ca77a2abe?s=96&d=mm&r=g\",\"contentUrl\":\"http:\/\/0.gravatar.com\/avatar\/f8a2f876dbcc8c8edd809a8ca77a2abe?s=96&d=mm&r=g\",\"caption\":\"admin\"},\"url\":\"http:\/\/zs.gromnik.pl\/zs\/author\/admin\/\"}]}<\/script>\n<!-- \/ Yoast SEO plugin. -->","yoast_head_json":{"title":"Gminny Konkurs Literacki - Zesp\u00f3\u0142 Szk\u00f3\u0142 w Gromniku","description":"Zesp\u00f3\u0142 Szk\u00f3\u0142 w Gromniku","robots":{"index":"index","follow":"follow","max-snippet":"max-snippet:-1","max-image-preview":"max-image-preview:large","max-video-preview":"max-video-preview:-1"},"canonical":"http:\/\/zs.gromnik.pl\/zs\/gminny-konkurs-literacki\/","og_locale":"pl_PL","og_type":"article","og_title":"Gminny Konkurs Literacki - Zesp\u00f3\u0142 Szk\u00f3\u0142 w Gromniku","og_description":"Zesp\u00f3\u0142 Szk\u00f3\u0142 w Gromniku","og_url":"http:\/\/zs.gromnik.pl\/zs\/gminny-konkurs-literacki\/","og_site_name":"Zesp\u00f3\u0142 Szk\u00f3\u0142 w Gromniku","article_publisher":"https:\/\/www.facebook.com\/zsgromnik","article_published_time":"2018-11-16T18:43:40+00:00","author":"admin","twitter_card":"summary_large_image","twitter_misc":{"Napisane przez":"admin","Szacowany czas czytania":"6 minut"},"schema":{"@context":"https:\/\/schema.org","@graph":[{"@type":"WebPage","@id":"http:\/\/zs.gromnik.pl\/zs\/gminny-konkurs-literacki\/","url":"http:\/\/zs.gromnik.pl\/zs\/gminny-konkurs-literacki\/","name":"Gminny Konkurs Literacki - Zesp\u00f3\u0142 Szk\u00f3\u0142 w Gromniku","isPartOf":{"@id":"https:\/\/zs.gromnik.pl\/zs\/#website"},"datePublished":"2018-11-16T18:43:40+00:00","dateModified":"2018-11-16T18:43:40+00:00","author":{"@id":"https:\/\/zs.gromnik.pl\/zs\/#\/schema\/person\/b197900f67c6133faddc284ae32f97ca"},"description":"Zesp\u00f3\u0142 Szk\u00f3\u0142 w Gromniku","breadcrumb":{"@id":"http:\/\/zs.gromnik.pl\/zs\/gminny-konkurs-literacki\/#breadcrumb"},"inLanguage":"pl-PL","potentialAction":[{"@type":"ReadAction","target":["http:\/\/zs.gromnik.pl\/zs\/gminny-konkurs-literacki\/"]}]},{"@type":"BreadcrumbList","@id":"http:\/\/zs.gromnik.pl\/zs\/gminny-konkurs-literacki\/#breadcrumb","itemListElement":[{"@type":"ListItem","position":1,"name":"Strona g\u0142\u00f3wna","item":"https:\/\/zs.gromnik.pl\/zs\/"},{"@type":"ListItem","position":2,"name":"Gminny Konkurs Literacki"}]},{"@type":"WebSite","@id":"https:\/\/zs.gromnik.pl\/zs\/#website","url":"https:\/\/zs.gromnik.pl\/zs\/","name":"Zesp\u00f3\u0142 Szk\u00f3\u0142 w Gromniku","description":"","potentialAction":[{"@type":"SearchAction","target":{"@type":"EntryPoint","urlTemplate":"https:\/\/zs.gromnik.pl\/zs\/?s={search_term_string}"},"query-input":"required name=search_term_string"}],"inLanguage":"pl-PL"},{"@type":"Person","@id":"https:\/\/zs.gromnik.pl\/zs\/#\/schema\/person\/b197900f67c6133faddc284ae32f97ca","name":"admin","image":{"@type":"ImageObject","inLanguage":"pl-PL","@id":"https:\/\/zs.gromnik.pl\/zs\/#\/schema\/person\/image\/","url":"http:\/\/0.gravatar.com\/avatar\/f8a2f876dbcc8c8edd809a8ca77a2abe?s=96&d=mm&r=g","contentUrl":"http:\/\/0.gravatar.com\/avatar\/f8a2f876dbcc8c8edd809a8ca77a2abe?s=96&d=mm&r=g","caption":"admin"},"url":"http:\/\/zs.gromnik.pl\/zs\/author\/admin\/"}]}},"_links":{"self":[{"href":"http:\/\/zs.gromnik.pl\/zs\/wp-json\/wp\/v2\/posts\/3575"}],"collection":[{"href":"http:\/\/zs.gromnik.pl\/zs\/wp-json\/wp\/v2\/posts"}],"about":[{"href":"http:\/\/zs.gromnik.pl\/zs\/wp-json\/wp\/v2\/types\/post"}],"author":[{"embeddable":true,"href":"http:\/\/zs.gromnik.pl\/zs\/wp-json\/wp\/v2\/users\/1"}],"replies":[{"embeddable":true,"href":"http:\/\/zs.gromnik.pl\/zs\/wp-json\/wp\/v2\/comments?post=3575"}],"version-history":[{"count":1,"href":"http:\/\/zs.gromnik.pl\/zs\/wp-json\/wp\/v2\/posts\/3575\/revisions"}],"predecessor-version":[{"id":3576,"href":"http:\/\/zs.gromnik.pl\/zs\/wp-json\/wp\/v2\/posts\/3575\/revisions\/3576"}],"wp:attachment":[{"href":"http:\/\/zs.gromnik.pl\/zs\/wp-json\/wp\/v2\/media?parent=3575"}],"wp:term":[{"taxonomy":"category","embeddable":true,"href":"http:\/\/zs.gromnik.pl\/zs\/wp-json\/wp\/v2\/categories?post=3575"},{"taxonomy":"post_tag","embeddable":true,"href":"http:\/\/zs.gromnik.pl\/zs\/wp-json\/wp\/v2\/tags?post=3575"}],"curies":[{"name":"wp","href":"https:\/\/api.w.org\/{rel}","templated":true}]}}