{"id":3577,"date":"2018-11-16T19:56:04","date_gmt":"2018-11-16T18:56:04","guid":{"rendered":"http:\/\/www.zs.gromnik.pl\/zs\/?p=3577"},"modified":"2018-11-16T19:56:04","modified_gmt":"2018-11-16T18:56:04","slug":"jak-piekna-jest-moja-ojczyzna","status":"publish","type":"post","link":"http:\/\/zs.gromnik.pl\/zs\/jak-piekna-jest-moja-ojczyzna\/","title":{"rendered":"Jak pi\u0119kna jest moja Ojczyzna&#8230;"},"content":{"rendered":"<div id='gallery-1' class='gallery galleryid-3577 gallery-columns-8 gallery-size-thumbnail'><figure class='gallery-item'>\n\t\t\t<div class='gallery-icon portrait'>\n\t\t\t\t<a href='http:\/\/zs.gromnik.pl\/zs\/jak-piekna-jest-moja-ojczyzna\/dig-13\/'><img width=\"150\" height=\"150\" src=\"http:\/\/zs.gromnik.pl\/zs\/wp-content\/uploads\/2018\/11\/IMG_20181022_110213-150x150.jpg\" class=\"attachment-thumbnail size-thumbnail\" alt=\"\" loading=\"lazy\" \/><\/a>\n\t\t\t<\/div><\/figure><figure class='gallery-item'>\n\t\t\t<div class='gallery-icon portrait'>\n\t\t\t\t<a href='http:\/\/zs.gromnik.pl\/zs\/jak-piekna-jest-moja-ojczyzna\/dig-14\/'><img width=\"150\" height=\"150\" src=\"http:\/\/zs.gromnik.pl\/zs\/wp-content\/uploads\/2018\/11\/IMG_20181022_110419-150x150.jpg\" class=\"attachment-thumbnail size-thumbnail\" alt=\"\" loading=\"lazy\" \/><\/a>\n\t\t\t<\/div><\/figure><figure class='gallery-item'>\n\t\t\t<div class='gallery-icon portrait'>\n\t\t\t\t<a href='http:\/\/zs.gromnik.pl\/zs\/jak-piekna-jest-moja-ojczyzna\/dig-15\/'><img width=\"150\" height=\"150\" src=\"http:\/\/zs.gromnik.pl\/zs\/wp-content\/uploads\/2018\/11\/IMG_20181022_110750-150x150.jpg\" class=\"attachment-thumbnail size-thumbnail\" alt=\"\" loading=\"lazy\" \/><\/a>\n\t\t\t<\/div><\/figure><figure class='gallery-item'>\n\t\t\t<div class='gallery-icon portrait'>\n\t\t\t\t<a href='http:\/\/zs.gromnik.pl\/zs\/jak-piekna-jest-moja-ojczyzna\/dig-16\/'><img width=\"150\" height=\"150\" src=\"http:\/\/zs.gromnik.pl\/zs\/wp-content\/uploads\/2018\/11\/IMG_20181022_111053-150x150.jpg\" class=\"attachment-thumbnail size-thumbnail\" alt=\"\" loading=\"lazy\" \/><\/a>\n\t\t\t<\/div><\/figure><figure class='gallery-item'>\n\t\t\t<div class='gallery-icon portrait'>\n\t\t\t\t<a href='http:\/\/zs.gromnik.pl\/zs\/jak-piekna-jest-moja-ojczyzna\/dig-17\/'><img width=\"150\" height=\"150\" src=\"http:\/\/zs.gromnik.pl\/zs\/wp-content\/uploads\/2018\/11\/IMG_20181022_111523-150x150.jpg\" class=\"attachment-thumbnail size-thumbnail\" alt=\"\" loading=\"lazy\" \/><\/a>\n\t\t\t<\/div><\/figure><figure class='gallery-item'>\n\t\t\t<div class='gallery-icon portrait'>\n\t\t\t\t<a href='http:\/\/zs.gromnik.pl\/zs\/jak-piekna-jest-moja-ojczyzna\/dig-18\/'><img width=\"150\" height=\"150\" src=\"http:\/\/zs.gromnik.pl\/zs\/wp-content\/uploads\/2018\/11\/IMG_20181022_111534-150x150.jpg\" class=\"attachment-thumbnail size-thumbnail\" alt=\"\" loading=\"lazy\" \/><\/a>\n\t\t\t<\/div><\/figure><figure class='gallery-item'>\n\t\t\t<div class='gallery-icon portrait'>\n\t\t\t\t<a href='http:\/\/zs.gromnik.pl\/zs\/jak-piekna-jest-moja-ojczyzna\/dav-52\/'><img width=\"150\" height=\"150\" src=\"http:\/\/zs.gromnik.pl\/zs\/wp-content\/uploads\/2018\/11\/IMG_20181022_113424-150x150.jpg\" class=\"attachment-thumbnail size-thumbnail\" alt=\"\" loading=\"lazy\" \/><\/a>\n\t\t\t<\/div><\/figure><figure class='gallery-item'>\n\t\t\t<div class='gallery-icon landscape'>\n\t\t\t\t<a href='http:\/\/zs.gromnik.pl\/zs\/jak-piekna-jest-moja-ojczyzna\/sdr-20\/'><img width=\"150\" height=\"150\" src=\"http:\/\/zs.gromnik.pl\/zs\/wp-content\/uploads\/2018\/11\/IMG_20181022_113457-150x150.jpg\" class=\"attachment-thumbnail size-thumbnail\" alt=\"\" loading=\"lazy\" \/><\/a>\n\t\t\t<\/div><\/figure><figure class='gallery-item'>\n\t\t\t<div class='gallery-icon portrait'>\n\t\t\t\t<a href='http:\/\/zs.gromnik.pl\/zs\/jak-piekna-jest-moja-ojczyzna\/dav-53\/'><img width=\"150\" height=\"150\" src=\"http:\/\/zs.gromnik.pl\/zs\/wp-content\/uploads\/2018\/11\/IMG_20181022_114733-150x150.jpg\" class=\"attachment-thumbnail size-thumbnail\" alt=\"\" loading=\"lazy\" \/><\/a>\n\t\t\t<\/div><\/figure><figure class='gallery-item'>\n\t\t\t<div class='gallery-icon portrait'>\n\t\t\t\t<a href='http:\/\/zs.gromnik.pl\/zs\/jak-piekna-jest-moja-ojczyzna\/dig-19\/'><img width=\"150\" height=\"150\" src=\"http:\/\/zs.gromnik.pl\/zs\/wp-content\/uploads\/2018\/11\/IMG_20181022_115809-150x150.jpg\" class=\"attachment-thumbnail size-thumbnail\" alt=\"\" loading=\"lazy\" \/><\/a>\n\t\t\t<\/div><\/figure><figure class='gallery-item'>\n\t\t\t<div class='gallery-icon landscape'>\n\t\t\t\t<a href='http:\/\/zs.gromnik.pl\/zs\/jak-piekna-jest-moja-ojczyzna\/sdr-21\/'><img width=\"150\" height=\"150\" src=\"http:\/\/zs.gromnik.pl\/zs\/wp-content\/uploads\/2018\/11\/IMG_20181022_120844-150x150.jpg\" class=\"attachment-thumbnail size-thumbnail\" alt=\"\" loading=\"lazy\" \/><\/a>\n\t\t\t<\/div><\/figure><figure class='gallery-item'>\n\t\t\t<div class='gallery-icon portrait'>\n\t\t\t\t<a href='http:\/\/zs.gromnik.pl\/zs\/jak-piekna-jest-moja-ojczyzna\/sdr-22\/'><img width=\"150\" height=\"150\" src=\"http:\/\/zs.gromnik.pl\/zs\/wp-content\/uploads\/2018\/11\/IMG_20181022_122250-150x150.jpg\" class=\"attachment-thumbnail size-thumbnail\" alt=\"\" loading=\"lazy\" \/><\/a>\n\t\t\t<\/div><\/figure><figure class='gallery-item'>\n\t\t\t<div class='gallery-icon landscape'>\n\t\t\t\t<a href='http:\/\/zs.gromnik.pl\/zs\/jak-piekna-jest-moja-ojczyzna\/sdr-23\/'><img width=\"150\" height=\"150\" src=\"http:\/\/zs.gromnik.pl\/zs\/wp-content\/uploads\/2018\/11\/IMG_20181022_122258-150x150.jpg\" class=\"attachment-thumbnail size-thumbnail\" alt=\"\" loading=\"lazy\" \/><\/a>\n\t\t\t<\/div><\/figure><figure class='gallery-item'>\n\t\t\t<div class='gallery-icon portrait'>\n\t\t\t\t<a href='http:\/\/zs.gromnik.pl\/zs\/jak-piekna-jest-moja-ojczyzna\/dav-54\/'><img width=\"150\" height=\"150\" src=\"http:\/\/zs.gromnik.pl\/zs\/wp-content\/uploads\/2018\/11\/IMG_20181022_122438-150x150.jpg\" class=\"attachment-thumbnail size-thumbnail\" alt=\"\" loading=\"lazy\" \/><\/a>\n\t\t\t<\/div><\/figure><figure class='gallery-item'>\n\t\t\t<div class='gallery-icon portrait'>\n\t\t\t\t<a href='http:\/\/zs.gromnik.pl\/zs\/jak-piekna-jest-moja-ojczyzna\/dav-55\/'><img width=\"150\" height=\"150\" src=\"http:\/\/zs.gromnik.pl\/zs\/wp-content\/uploads\/2018\/11\/IMG_20181022_122540-150x150.jpg\" class=\"attachment-thumbnail size-thumbnail\" alt=\"\" loading=\"lazy\" \/><\/a>\n\t\t\t<\/div><\/figure><figure class='gallery-item'>\n\t\t\t<div class='gallery-icon landscape'>\n\t\t\t\t<a href='http:\/\/zs.gromnik.pl\/zs\/jak-piekna-jest-moja-ojczyzna\/dav-56\/'><img width=\"150\" height=\"150\" src=\"http:\/\/zs.gromnik.pl\/zs\/wp-content\/uploads\/2018\/11\/IMG_20181022_122822-150x150.jpg\" class=\"attachment-thumbnail size-thumbnail\" alt=\"\" loading=\"lazy\" \/><\/a>\n\t\t\t<\/div><\/figure>\n\t\t<\/div>\n\n<p style=\"text-align: justify;\">22 pa\u017adziernika 2018r. odby\u0142 si\u0119 <strong>Szkolny Konkurs Recytatorski<\/strong> <strong><em>\u201eJak pi\u0119kna jest moja Ojczyzna\u2026\u201d<\/em><\/strong> zwi\u0105zany z realizacj\u0105 projektu <strong>\u201eDumni z Niepodleg\u0142ej\u201d <\/strong>na stulecie odzyskania niepodleg\u0142o\u015bci przez Polsk\u0119.<!--more--><\/p>\n<p style=\"text-align: justify;\">Zgodnie z ustalonym regulaminem konkurs by\u0142 skierowany do uczni\u00f3w klas IV \u2013 VIII\u00a0 i klas III gimnazjum.<\/p>\n<p style=\"text-align: justify;\">Przyj\u0119to 25 zg\u0142osze\u0144: klasy czwarte &#8211;\u00a0 5. uczni\u00f3w, klasy pi\u0105te \u2013 5. uczni\u00f3w, klasy sz\u00f3ste \u2013 3. uczni\u00f3w, klasy si\u00f3dme \u2013 3. uczni\u00f3w,\u00a0 klasy \u00f3sme \u2013 5. uczni\u00f3w, klasy trzecie gimnazjum- 4. uczni\u00f3w.<\/p>\n<p style=\"text-align: justify;\">W konkursie uczestniczy\u0142o jednak dwadzie\u015bcia troje uczni\u00f3w. Wszyscy recytatorzy przygotowywali swoje teksty samodzielnie. Dob\u00f3r ich by\u0142 niezwykle trafny. Utwory nie powtarza\u0142y si\u0119. Uczniowie przedstawili w\u0142asne ciekawe interpretacje, popisuj\u0105c si\u0119 gr\u0105 aktorsk\u0105, dobrym wyczuciem tempa, niezwyk\u0142\u0105 wra\u017cliwo\u015bci\u0105. St\u0105d przed trudnym zadaniem stan\u0119\u0142a Komisja oceniaj\u0105ca w sk\u0142adzie: D. Sowa, A. Stacho\u0144, M. Kapa\u0142ka, M. Kazanowska-Reczkowska pod przewodnictwem Pani Dyrektor\u00a0 Ewy Bia\u0142kowskiej.<\/p>\n<p style=\"text-align: justify;\">Przyznano dwa r\u00f3wnorz\u0119dne\u00a0 pierwsze miejsca dla Katarzyny Sanek i Natalii Gancarczyk, drugie dla Luizy D\u0119bosz, trzecie dla Oliwii Opio\u0142y oraz dwa wyr\u00f3\u017cnienia dla Kacpra W\u0142udyki i Zuzanny W\u00f3jcik.<\/p>\n<p style=\"text-align: justify;\">Wszyscy recytatorzy otrzymali pami\u0105tkowe dyplomy za udzia\u0142, natomiast wyr\u00f3\u017cnieni uczniowie zostali obdarzeni upominkami podczas podsumowania realizacji projektu. Mieli r\u00f3wnie\u017c mo\u017cliwo\u015b\u0107 popisania si\u0119 swymi umiej\u0119tno\u015bciami poraz drugi przed szersz\u0105 publiczno\u015bci\u0105.<\/p>\n<p style=\"text-align: right;\">Organizator D. Sowa<\/p>\n<p>&nbsp;<\/p>\n","protected":false},"excerpt":{"rendered":"<p>22 pa\u017adziernika 2018r. odby\u0142 si\u0119 Szkolny Konkurs Recytatorski \u201eJak pi\u0119kna jest moja Ojczyzna\u2026\u201d zwi\u0105zany z realizacj\u0105 projektu \u201eDumni z Niepodleg\u0142ej\u201d na stulecie odzyskania niepodleg\u0142o\u015bci przez Polsk\u0119.<\/p>\n","protected":false},"author":1,"featured_media":0,"comment_status":"closed","ping_status":"open","sticky":false,"template":"","format":"standard","meta":[],"categories":[3],"tags":[],"yoast_head":"<!-- This site is optimized with the Yoast SEO plugin v19.8 - https:\/\/yoast.com\/wordpress\/plugins\/seo\/ -->\n<title>Jak pi\u0119kna jest moja Ojczyzna... - Zesp\u00f3\u0142 Szk\u00f3\u0142 w Gromniku<\/title>\n<meta name=\"description\" content=\"Zesp\u00f3\u0142 Szk\u00f3\u0142 w Gromniku\" \/>\n<meta name=\"robots\" content=\"index, follow, max-snippet:-1, max-image-preview:large, max-video-preview:-1\" \/>\n<link rel=\"canonical\" href=\"http:\/\/zs.gromnik.pl\/zs\/jak-piekna-jest-moja-ojczyzna\/\" \/>\n<meta property=\"og:locale\" content=\"pl_PL\" \/>\n<meta property=\"og:type\" content=\"article\" \/>\n<meta property=\"og:title\" content=\"Jak pi\u0119kna jest moja Ojczyzna... - Zesp\u00f3\u0142 Szk\u00f3\u0142 w Gromniku\" \/>\n<meta property=\"og:description\" content=\"Zesp\u00f3\u0142 Szk\u00f3\u0142 w Gromniku\" \/>\n<meta property=\"og:url\" content=\"http:\/\/zs.gromnik.pl\/zs\/jak-piekna-jest-moja-ojczyzna\/\" \/>\n<meta property=\"og:site_name\" content=\"Zesp\u00f3\u0142 Szk\u00f3\u0142 w Gromniku\" \/>\n<meta property=\"article:publisher\" content=\"https:\/\/www.facebook.com\/zsgromnik\" \/>\n<meta property=\"article:published_time\" content=\"2018-11-16T18:56:04+00:00\" \/>\n<meta property=\"og:image\" content=\"http:\/\/zs.gromnik.pl\/zs\/wp-content\/uploads\/2018\/11\/IMG_20181022_110213-150x150.jpg\" \/>\n<meta name=\"author\" content=\"admin\" \/>\n<meta name=\"twitter:card\" content=\"summary_large_image\" \/>\n<meta name=\"twitter:label1\" content=\"Napisane przez\" \/>\n\t<meta name=\"twitter:data1\" content=\"admin\" \/>\n\t<meta name=\"twitter:label2\" content=\"Szacowany czas czytania\" \/>\n\t<meta name=\"twitter:data2\" content=\"1 minuta\" \/>\n<script type=\"application\/ld+json\" class=\"yoast-schema-graph\">{\"@context\":\"https:\/\/schema.org\",\"@graph\":[{\"@type\":\"WebPage\",\"@id\":\"http:\/\/zs.gromnik.pl\/zs\/jak-piekna-jest-moja-ojczyzna\/\",\"url\":\"http:\/\/zs.gromnik.pl\/zs\/jak-piekna-jest-moja-ojczyzna\/\",\"name\":\"Jak pi\u0119kna jest moja Ojczyzna... - Zesp\u00f3\u0142 Szk\u00f3\u0142 w Gromniku\",\"isPartOf\":{\"@id\":\"https:\/\/zs.gromnik.pl\/zs\/#website\"},\"datePublished\":\"2018-11-16T18:56:04+00:00\",\"dateModified\":\"2018-11-16T18:56:04+00:00\",\"author\":{\"@id\":\"https:\/\/zs.gromnik.pl\/zs\/#\/schema\/person\/b197900f67c6133faddc284ae32f97ca\"},\"description\":\"Zesp\u00f3\u0142 Szk\u00f3\u0142 w Gromniku\",\"breadcrumb\":{\"@id\":\"http:\/\/zs.gromnik.pl\/zs\/jak-piekna-jest-moja-ojczyzna\/#breadcrumb\"},\"inLanguage\":\"pl-PL\",\"potentialAction\":[{\"@type\":\"ReadAction\",\"target\":[\"http:\/\/zs.gromnik.pl\/zs\/jak-piekna-jest-moja-ojczyzna\/\"]}]},{\"@type\":\"BreadcrumbList\",\"@id\":\"http:\/\/zs.gromnik.pl\/zs\/jak-piekna-jest-moja-ojczyzna\/#breadcrumb\",\"itemListElement\":[{\"@type\":\"ListItem\",\"position\":1,\"name\":\"Strona g\u0142\u00f3wna\",\"item\":\"https:\/\/zs.gromnik.pl\/zs\/\"},{\"@type\":\"ListItem\",\"position\":2,\"name\":\"Jak pi\u0119kna jest moja Ojczyzna&#8230;\"}]},{\"@type\":\"WebSite\",\"@id\":\"https:\/\/zs.gromnik.pl\/zs\/#website\",\"url\":\"https:\/\/zs.gromnik.pl\/zs\/\",\"name\":\"Zesp\u00f3\u0142 Szk\u00f3\u0142 w Gromniku\",\"description\":\"\",\"potentialAction\":[{\"@type\":\"SearchAction\",\"target\":{\"@type\":\"EntryPoint\",\"urlTemplate\":\"https:\/\/zs.gromnik.pl\/zs\/?s={search_term_string}\"},\"query-input\":\"required name=search_term_string\"}],\"inLanguage\":\"pl-PL\"},{\"@type\":\"Person\",\"@id\":\"https:\/\/zs.gromnik.pl\/zs\/#\/schema\/person\/b197900f67c6133faddc284ae32f97ca\",\"name\":\"admin\",\"image\":{\"@type\":\"ImageObject\",\"inLanguage\":\"pl-PL\",\"@id\":\"https:\/\/zs.gromnik.pl\/zs\/#\/schema\/person\/image\/\",\"url\":\"http:\/\/0.gravatar.com\/avatar\/f8a2f876dbcc8c8edd809a8ca77a2abe?s=96&d=mm&r=g\",\"contentUrl\":\"http:\/\/0.gravatar.com\/avatar\/f8a2f876dbcc8c8edd809a8ca77a2abe?s=96&d=mm&r=g\",\"caption\":\"admin\"},\"url\":\"http:\/\/zs.gromnik.pl\/zs\/author\/admin\/\"}]}<\/script>\n<!-- \/ Yoast SEO plugin. -->","yoast_head_json":{"title":"Jak pi\u0119kna jest moja Ojczyzna... - Zesp\u00f3\u0142 Szk\u00f3\u0142 w Gromniku","description":"Zesp\u00f3\u0142 Szk\u00f3\u0142 w Gromniku","robots":{"index":"index","follow":"follow","max-snippet":"max-snippet:-1","max-image-preview":"max-image-preview:large","max-video-preview":"max-video-preview:-1"},"canonical":"http:\/\/zs.gromnik.pl\/zs\/jak-piekna-jest-moja-ojczyzna\/","og_locale":"pl_PL","og_type":"article","og_title":"Jak pi\u0119kna jest moja Ojczyzna... - Zesp\u00f3\u0142 Szk\u00f3\u0142 w Gromniku","og_description":"Zesp\u00f3\u0142 Szk\u00f3\u0142 w Gromniku","og_url":"http:\/\/zs.gromnik.pl\/zs\/jak-piekna-jest-moja-ojczyzna\/","og_site_name":"Zesp\u00f3\u0142 Szk\u00f3\u0142 w Gromniku","article_publisher":"https:\/\/www.facebook.com\/zsgromnik","article_published_time":"2018-11-16T18:56:04+00:00","og_image":[{"url":"http:\/\/zs.gromnik.pl\/zs\/wp-content\/uploads\/2018\/11\/IMG_20181022_110213-150x150.jpg"}],"author":"admin","twitter_card":"summary_large_image","twitter_misc":{"Napisane przez":"admin","Szacowany czas czytania":"1 minuta"},"schema":{"@context":"https:\/\/schema.org","@graph":[{"@type":"WebPage","@id":"http:\/\/zs.gromnik.pl\/zs\/jak-piekna-jest-moja-ojczyzna\/","url":"http:\/\/zs.gromnik.pl\/zs\/jak-piekna-jest-moja-ojczyzna\/","name":"Jak pi\u0119kna jest moja Ojczyzna... - Zesp\u00f3\u0142 Szk\u00f3\u0142 w Gromniku","isPartOf":{"@id":"https:\/\/zs.gromnik.pl\/zs\/#website"},"datePublished":"2018-11-16T18:56:04+00:00","dateModified":"2018-11-16T18:56:04+00:00","author":{"@id":"https:\/\/zs.gromnik.pl\/zs\/#\/schema\/person\/b197900f67c6133faddc284ae32f97ca"},"description":"Zesp\u00f3\u0142 Szk\u00f3\u0142 w Gromniku","breadcrumb":{"@id":"http:\/\/zs.gromnik.pl\/zs\/jak-piekna-jest-moja-ojczyzna\/#breadcrumb"},"inLanguage":"pl-PL","potentialAction":[{"@type":"ReadAction","target":["http:\/\/zs.gromnik.pl\/zs\/jak-piekna-jest-moja-ojczyzna\/"]}]},{"@type":"BreadcrumbList","@id":"http:\/\/zs.gromnik.pl\/zs\/jak-piekna-jest-moja-ojczyzna\/#breadcrumb","itemListElement":[{"@type":"ListItem","position":1,"name":"Strona g\u0142\u00f3wna","item":"https:\/\/zs.gromnik.pl\/zs\/"},{"@type":"ListItem","position":2,"name":"Jak pi\u0119kna jest moja Ojczyzna&#8230;"}]},{"@type":"WebSite","@id":"https:\/\/zs.gromnik.pl\/zs\/#website","url":"https:\/\/zs.gromnik.pl\/zs\/","name":"Zesp\u00f3\u0142 Szk\u00f3\u0142 w Gromniku","description":"","potentialAction":[{"@type":"SearchAction","target":{"@type":"EntryPoint","urlTemplate":"https:\/\/zs.gromnik.pl\/zs\/?s={search_term_string}"},"query-input":"required name=search_term_string"}],"inLanguage":"pl-PL"},{"@type":"Person","@id":"https:\/\/zs.gromnik.pl\/zs\/#\/schema\/person\/b197900f67c6133faddc284ae32f97ca","name":"admin","image":{"@type":"ImageObject","inLanguage":"pl-PL","@id":"https:\/\/zs.gromnik.pl\/zs\/#\/schema\/person\/image\/","url":"http:\/\/0.gravatar.com\/avatar\/f8a2f876dbcc8c8edd809a8ca77a2abe?s=96&d=mm&r=g","contentUrl":"http:\/\/0.gravatar.com\/avatar\/f8a2f876dbcc8c8edd809a8ca77a2abe?s=96&d=mm&r=g","caption":"admin"},"url":"http:\/\/zs.gromnik.pl\/zs\/author\/admin\/"}]}},"_links":{"self":[{"href":"http:\/\/zs.gromnik.pl\/zs\/wp-json\/wp\/v2\/posts\/3577"}],"collection":[{"href":"http:\/\/zs.gromnik.pl\/zs\/wp-json\/wp\/v2\/posts"}],"about":[{"href":"http:\/\/zs.gromnik.pl\/zs\/wp-json\/wp\/v2\/types\/post"}],"author":[{"embeddable":true,"href":"http:\/\/zs.gromnik.pl\/zs\/wp-json\/wp\/v2\/users\/1"}],"replies":[{"embeddable":true,"href":"http:\/\/zs.gromnik.pl\/zs\/wp-json\/wp\/v2\/comments?post=3577"}],"version-history":[{"count":1,"href":"http:\/\/zs.gromnik.pl\/zs\/wp-json\/wp\/v2\/posts\/3577\/revisions"}],"predecessor-version":[{"id":3594,"href":"http:\/\/zs.gromnik.pl\/zs\/wp-json\/wp\/v2\/posts\/3577\/revisions\/3594"}],"wp:attachment":[{"href":"http:\/\/zs.gromnik.pl\/zs\/wp-json\/wp\/v2\/media?parent=3577"}],"wp:term":[{"taxonomy":"category","embeddable":true,"href":"http:\/\/zs.gromnik.pl\/zs\/wp-json\/wp\/v2\/categories?post=3577"},{"taxonomy":"post_tag","embeddable":true,"href":"http:\/\/zs.gromnik.pl\/zs\/wp-json\/wp\/v2\/tags?post=3577"}],"curies":[{"name":"wp","href":"https:\/\/api.w.org\/{rel}","templated":true}]}}