{"id":3656,"date":"2018-11-16T21:01:01","date_gmt":"2018-11-16T20:01:01","guid":{"rendered":"http:\/\/www.zs.gromnik.pl\/zs\/?p=3656"},"modified":"2018-11-16T21:01:01","modified_gmt":"2018-11-16T20:01:01","slug":"vii-powiatowy-konkurs-koled-i-pastoralek-niemieckojezycznych","status":"publish","type":"post","link":"http:\/\/zs.gromnik.pl\/zs\/vii-powiatowy-konkurs-koled-i-pastoralek-niemieckojezycznych\/","title":{"rendered":"VII Powiatowy Konkurs Kol\u0119d i Pastora\u0142ek Niemieckoj\u0119zycznych"},"content":{"rendered":"<p>Szanowni Pa\u0144stwo,<\/p>\n<p style=\"text-align: justify;\">Szko\u0142a Podstawowa im W. Witosa w\u00a0 Gromniku, Gminny O\u015brodek Kultury w Gromniku i\u00a0Polskie Stowarzyszenie Nauczycieli J\u0119zyka Niemieckiego &#8211; Oddzia\u0142 Tarn\u00f3w serdecznie zapraszaj\u0105 uczni\u00f3w szk\u00f3\u0142 podstawowych z klas IV-VIII\u00a0oraz klas trzecich gimnazj\u00f3w\u00a0do wzi\u0119cia udzia\u0142u w <strong>VII Powiatowym Konkursie Kol\u0119d i Pastora\u0142ek Niemieckoj\u0119zycznych,\u00a0 <\/strong>kt\u00f3ry odb\u0119dzie si\u0119 11.12.2018r. (wtorek) o godz. 10.00 w Gminnym O\u015brodku Kultury w Gromniku, ul. Jana Paw\u0142a II 11.<\/p>\n<p style=\"text-align: justify;\">Konkurs ten jest skierowany do uczni\u00f3w szk\u00f3\u0142 podstawowych i oddzia\u0142\u00f3w gimnazjalnych powiatu tarnowskiego. Naszym celem jest motywowanie uczni\u00f3w tych szk\u00f3\u0142 do\u00a0uczenia si\u0119 j\u0119zyka niemieckiego oraz mobilizowanie ich do\u00a0samodzielnej pracy.<\/p>\n<p style=\"text-align: justify;\">Z ramienia Szko\u0142y Podstawowej im W. Witosa\u00a0w Gromniku przedsi\u0119wzi\u0119cie b\u0119dzie koordynowa\u0107 Aneta Styrkowiec, nauczyciel j\u0119zyka niemieckiego w tej\u017ce szkole.<\/p>\n<p style=\"text-align: justify;\">Szczeg\u00f3\u0142owe informacje o konkursie zawarte s\u0105 w regulaminie. Za\u0142\u0105czamy tak\u017ce kart\u0119 uczestnictwa uczni\u00f3w, o\u015bwiadczenie dla rodzic\u00f3w i harmonogram konkursu.<\/p>\n<p style=\"text-align: justify;\">Wszelkie zmiany b\u0119d\u0105 zamieszczone na stronie internetowej Zespo\u0142u Szk\u00f3\u0142 w Gromniku:<a href=\"http:\/\/www.zs.gromnik.pl\">www.zs.gromnik.pl<\/a><\/p>\n<p style=\"text-align: right;\">Z powa\u017caniem<\/p>\n<p style=\"text-align: right;\">Aneta Styrkowiec<\/p>\n<p><a href=\"http:\/\/www.zs.gromnik.pl\/zs\/wp-content\/uploads\/2018\/11\/HARMONOGRAM-VII-POWIATOWEGO-KONKURSU-KOL\u0118D.pdf\" target=\"new\">HARMONOGRAM VII POWIATOWEGO KONKURSU KOL\u0118D<\/a><\/p>\n<p><a href=\"http:\/\/www.zs.gromnik.pl\/zs\/wp-content\/uploads\/2018\/11\/regulamin.pdf\" target=\"new\">Regulamin<\/a><\/p>\n<p><a href=\"http:\/\/www.zs.gromnik.pl\/zs\/wp-content\/uploads\/2018\/11\/karta-zg\u0142oszenia-konkursu-kol\u0119d.pdf\" target=\"new\">Karta zg\u0142oszenia konkursu kol\u0119d<\/a><\/p>\n<p><a href=\"http:\/\/www.zs.gromnik.pl\/zs\/wp-content\/uploads\/2018\/11\/O\u015bwiadczenie-rodzic\u00f3w.pdf\" target=\"new\">O\u015bwiadczenie rodzic\u00f3w<\/a><\/p>\n","protected":false},"excerpt":{"rendered":"<p>Szanowni Pa\u0144stwo, Szko\u0142a Podstawowa im W. Witosa w\u00a0 Gromniku, Gminny O\u015brodek Kultury w Gromniku i\u00a0Polskie Stowarzyszenie Nauczycieli J\u0119zyka Niemieckiego &#8211; Oddzia\u0142 Tarn\u00f3w serdecznie zapraszaj\u0105 uczni\u00f3w szk\u00f3\u0142 podstawowych z klas IV-VIII\u00a0oraz klas trzecich gimnazj\u00f3w\u00a0do wzi\u0119cia udzia\u0142u w VII Powiatowym Konkursie Kol\u0119d i Pastora\u0142ek Niemieckoj\u0119zycznych,\u00a0 kt\u00f3ry odb\u0119dzie si\u0119 11.12.2018r. (wtorek) o godz. 10.00 w Gminnym O\u015brodku Kultury w Gromniku, ul. Jana Paw\u0142a II 11. Konkurs ten jest skierowany do uczni\u00f3w szk\u00f3\u0142 podstawowych i oddzia\u0142\u00f3w gimnazjalnych powiatu tarnowskiego. Naszym celem jest motywowanie uczni\u00f3w tych szk\u00f3\u0142 do\u00a0uczenia si\u0119 j\u0119zyka niemieckiego oraz mobilizowanie ich do\u00a0samodzielnej pracy. Z ramienia Szko\u0142y Podstawowej im W. Witosa\u00a0w Gromniku przedsi\u0119wzi\u0119cie b\u0119dzie koordynowa\u0107 Aneta Styrkowiec, nauczyciel j\u0119zyka niemieckiego w tej\u017ce szkole. Szczeg\u00f3\u0142owe informacje o konkursie zawarte s\u0105 w regulaminie. Za\u0142\u0105czamy tak\u017ce kart\u0119 uczestnictwa uczni\u00f3w, o\u015bwiadczenie dla rodzic\u00f3w i harmonogram konkursu. Wszelkie zmiany b\u0119d\u0105 zamieszczone na stronie internetowej Zespo\u0142u Szk\u00f3\u0142 w Gromniku:www.zs.gromnik.pl Z powa\u017caniem Aneta Styrkowiec HARMONOGRAM VII POWIATOWEGO KONKURSU KOL\u0118D Regulamin Karta zg\u0142oszenia konkursu kol\u0119d O\u015bwiadczenie rodzic\u00f3w<\/p>\n","protected":false},"author":1,"featured_media":0,"comment_status":"closed","ping_status":"open","sticky":false,"template":"","format":"standard","meta":[],"categories":[3],"tags":[],"yoast_head":"<!-- This site is optimized with the Yoast SEO plugin v19.8 - https:\/\/yoast.com\/wordpress\/plugins\/seo\/ -->\n<title>VII Powiatowy Konkurs Kol\u0119d i Pastora\u0142ek Niemieckoj\u0119zycznych - Zesp\u00f3\u0142 Szk\u00f3\u0142 w Gromniku<\/title>\n<meta name=\"description\" content=\"Zesp\u00f3\u0142 Szk\u00f3\u0142 w Gromniku\" \/>\n<meta name=\"robots\" content=\"index, follow, max-snippet:-1, max-image-preview:large, max-video-preview:-1\" \/>\n<link rel=\"canonical\" href=\"http:\/\/zs.gromnik.pl\/zs\/vii-powiatowy-konkurs-koled-i-pastoralek-niemieckojezycznych\/\" \/>\n<meta property=\"og:locale\" content=\"pl_PL\" \/>\n<meta property=\"og:type\" content=\"article\" \/>\n<meta property=\"og:title\" content=\"VII Powiatowy Konkurs Kol\u0119d i Pastora\u0142ek Niemieckoj\u0119zycznych - Zesp\u00f3\u0142 Szk\u00f3\u0142 w Gromniku\" \/>\n<meta property=\"og:description\" content=\"Zesp\u00f3\u0142 Szk\u00f3\u0142 w Gromniku\" \/>\n<meta property=\"og:url\" content=\"http:\/\/zs.gromnik.pl\/zs\/vii-powiatowy-konkurs-koled-i-pastoralek-niemieckojezycznych\/\" \/>\n<meta property=\"og:site_name\" content=\"Zesp\u00f3\u0142 Szk\u00f3\u0142 w Gromniku\" \/>\n<meta property=\"article:publisher\" content=\"https:\/\/www.facebook.com\/zsgromnik\" \/>\n<meta property=\"article:published_time\" content=\"2018-11-16T20:01:01+00:00\" \/>\n<meta name=\"author\" content=\"admin\" \/>\n<meta name=\"twitter:card\" content=\"summary_large_image\" \/>\n<meta name=\"twitter:label1\" content=\"Napisane przez\" \/>\n\t<meta name=\"twitter:data1\" content=\"admin\" \/>\n\t<meta name=\"twitter:label2\" content=\"Szacowany czas czytania\" \/>\n\t<meta name=\"twitter:data2\" content=\"1 minuta\" \/>\n<script type=\"application\/ld+json\" class=\"yoast-schema-graph\">{\"@context\":\"https:\/\/schema.org\",\"@graph\":[{\"@type\":\"WebPage\",\"@id\":\"http:\/\/zs.gromnik.pl\/zs\/vii-powiatowy-konkurs-koled-i-pastoralek-niemieckojezycznych\/\",\"url\":\"http:\/\/zs.gromnik.pl\/zs\/vii-powiatowy-konkurs-koled-i-pastoralek-niemieckojezycznych\/\",\"name\":\"VII Powiatowy Konkurs Kol\u0119d i Pastora\u0142ek Niemieckoj\u0119zycznych - Zesp\u00f3\u0142 Szk\u00f3\u0142 w Gromniku\",\"isPartOf\":{\"@id\":\"https:\/\/zs.gromnik.pl\/zs\/#website\"},\"datePublished\":\"2018-11-16T20:01:01+00:00\",\"dateModified\":\"2018-11-16T20:01:01+00:00\",\"author\":{\"@id\":\"https:\/\/zs.gromnik.pl\/zs\/#\/schema\/person\/b197900f67c6133faddc284ae32f97ca\"},\"description\":\"Zesp\u00f3\u0142 Szk\u00f3\u0142 w Gromniku\",\"breadcrumb\":{\"@id\":\"http:\/\/zs.gromnik.pl\/zs\/vii-powiatowy-konkurs-koled-i-pastoralek-niemieckojezycznych\/#breadcrumb\"},\"inLanguage\":\"pl-PL\",\"potentialAction\":[{\"@type\":\"ReadAction\",\"target\":[\"http:\/\/zs.gromnik.pl\/zs\/vii-powiatowy-konkurs-koled-i-pastoralek-niemieckojezycznych\/\"]}]},{\"@type\":\"BreadcrumbList\",\"@id\":\"http:\/\/zs.gromnik.pl\/zs\/vii-powiatowy-konkurs-koled-i-pastoralek-niemieckojezycznych\/#breadcrumb\",\"itemListElement\":[{\"@type\":\"ListItem\",\"position\":1,\"name\":\"Strona g\u0142\u00f3wna\",\"item\":\"https:\/\/zs.gromnik.pl\/zs\/\"},{\"@type\":\"ListItem\",\"position\":2,\"name\":\"VII Powiatowy Konkurs Kol\u0119d i Pastora\u0142ek Niemieckoj\u0119zycznych\"}]},{\"@type\":\"WebSite\",\"@id\":\"https:\/\/zs.gromnik.pl\/zs\/#website\",\"url\":\"https:\/\/zs.gromnik.pl\/zs\/\",\"name\":\"Zesp\u00f3\u0142 Szk\u00f3\u0142 w Gromniku\",\"description\":\"\",\"potentialAction\":[{\"@type\":\"SearchAction\",\"target\":{\"@type\":\"EntryPoint\",\"urlTemplate\":\"https:\/\/zs.gromnik.pl\/zs\/?s={search_term_string}\"},\"query-input\":\"required name=search_term_string\"}],\"inLanguage\":\"pl-PL\"},{\"@type\":\"Person\",\"@id\":\"https:\/\/zs.gromnik.pl\/zs\/#\/schema\/person\/b197900f67c6133faddc284ae32f97ca\",\"name\":\"admin\",\"image\":{\"@type\":\"ImageObject\",\"inLanguage\":\"pl-PL\",\"@id\":\"https:\/\/zs.gromnik.pl\/zs\/#\/schema\/person\/image\/\",\"url\":\"http:\/\/0.gravatar.com\/avatar\/f8a2f876dbcc8c8edd809a8ca77a2abe?s=96&d=mm&r=g\",\"contentUrl\":\"http:\/\/0.gravatar.com\/avatar\/f8a2f876dbcc8c8edd809a8ca77a2abe?s=96&d=mm&r=g\",\"caption\":\"admin\"},\"url\":\"http:\/\/zs.gromnik.pl\/zs\/author\/admin\/\"}]}<\/script>\n<!-- \/ Yoast SEO plugin. -->","yoast_head_json":{"title":"VII Powiatowy Konkurs Kol\u0119d i Pastora\u0142ek Niemieckoj\u0119zycznych - Zesp\u00f3\u0142 Szk\u00f3\u0142 w Gromniku","description":"Zesp\u00f3\u0142 Szk\u00f3\u0142 w Gromniku","robots":{"index":"index","follow":"follow","max-snippet":"max-snippet:-1","max-image-preview":"max-image-preview:large","max-video-preview":"max-video-preview:-1"},"canonical":"http:\/\/zs.gromnik.pl\/zs\/vii-powiatowy-konkurs-koled-i-pastoralek-niemieckojezycznych\/","og_locale":"pl_PL","og_type":"article","og_title":"VII Powiatowy Konkurs Kol\u0119d i Pastora\u0142ek Niemieckoj\u0119zycznych - Zesp\u00f3\u0142 Szk\u00f3\u0142 w Gromniku","og_description":"Zesp\u00f3\u0142 Szk\u00f3\u0142 w Gromniku","og_url":"http:\/\/zs.gromnik.pl\/zs\/vii-powiatowy-konkurs-koled-i-pastoralek-niemieckojezycznych\/","og_site_name":"Zesp\u00f3\u0142 Szk\u00f3\u0142 w Gromniku","article_publisher":"https:\/\/www.facebook.com\/zsgromnik","article_published_time":"2018-11-16T20:01:01+00:00","author":"admin","twitter_card":"summary_large_image","twitter_misc":{"Napisane przez":"admin","Szacowany czas czytania":"1 minuta"},"schema":{"@context":"https:\/\/schema.org","@graph":[{"@type":"WebPage","@id":"http:\/\/zs.gromnik.pl\/zs\/vii-powiatowy-konkurs-koled-i-pastoralek-niemieckojezycznych\/","url":"http:\/\/zs.gromnik.pl\/zs\/vii-powiatowy-konkurs-koled-i-pastoralek-niemieckojezycznych\/","name":"VII Powiatowy Konkurs Kol\u0119d i Pastora\u0142ek Niemieckoj\u0119zycznych - Zesp\u00f3\u0142 Szk\u00f3\u0142 w Gromniku","isPartOf":{"@id":"https:\/\/zs.gromnik.pl\/zs\/#website"},"datePublished":"2018-11-16T20:01:01+00:00","dateModified":"2018-11-16T20:01:01+00:00","author":{"@id":"https:\/\/zs.gromnik.pl\/zs\/#\/schema\/person\/b197900f67c6133faddc284ae32f97ca"},"description":"Zesp\u00f3\u0142 Szk\u00f3\u0142 w Gromniku","breadcrumb":{"@id":"http:\/\/zs.gromnik.pl\/zs\/vii-powiatowy-konkurs-koled-i-pastoralek-niemieckojezycznych\/#breadcrumb"},"inLanguage":"pl-PL","potentialAction":[{"@type":"ReadAction","target":["http:\/\/zs.gromnik.pl\/zs\/vii-powiatowy-konkurs-koled-i-pastoralek-niemieckojezycznych\/"]}]},{"@type":"BreadcrumbList","@id":"http:\/\/zs.gromnik.pl\/zs\/vii-powiatowy-konkurs-koled-i-pastoralek-niemieckojezycznych\/#breadcrumb","itemListElement":[{"@type":"ListItem","position":1,"name":"Strona g\u0142\u00f3wna","item":"https:\/\/zs.gromnik.pl\/zs\/"},{"@type":"ListItem","position":2,"name":"VII Powiatowy Konkurs Kol\u0119d i Pastora\u0142ek Niemieckoj\u0119zycznych"}]},{"@type":"WebSite","@id":"https:\/\/zs.gromnik.pl\/zs\/#website","url":"https:\/\/zs.gromnik.pl\/zs\/","name":"Zesp\u00f3\u0142 Szk\u00f3\u0142 w Gromniku","description":"","potentialAction":[{"@type":"SearchAction","target":{"@type":"EntryPoint","urlTemplate":"https:\/\/zs.gromnik.pl\/zs\/?s={search_term_string}"},"query-input":"required name=search_term_string"}],"inLanguage":"pl-PL"},{"@type":"Person","@id":"https:\/\/zs.gromnik.pl\/zs\/#\/schema\/person\/b197900f67c6133faddc284ae32f97ca","name":"admin","image":{"@type":"ImageObject","inLanguage":"pl-PL","@id":"https:\/\/zs.gromnik.pl\/zs\/#\/schema\/person\/image\/","url":"http:\/\/0.gravatar.com\/avatar\/f8a2f876dbcc8c8edd809a8ca77a2abe?s=96&d=mm&r=g","contentUrl":"http:\/\/0.gravatar.com\/avatar\/f8a2f876dbcc8c8edd809a8ca77a2abe?s=96&d=mm&r=g","caption":"admin"},"url":"http:\/\/zs.gromnik.pl\/zs\/author\/admin\/"}]}},"_links":{"self":[{"href":"http:\/\/zs.gromnik.pl\/zs\/wp-json\/wp\/v2\/posts\/3656"}],"collection":[{"href":"http:\/\/zs.gromnik.pl\/zs\/wp-json\/wp\/v2\/posts"}],"about":[{"href":"http:\/\/zs.gromnik.pl\/zs\/wp-json\/wp\/v2\/types\/post"}],"author":[{"embeddable":true,"href":"http:\/\/zs.gromnik.pl\/zs\/wp-json\/wp\/v2\/users\/1"}],"replies":[{"embeddable":true,"href":"http:\/\/zs.gromnik.pl\/zs\/wp-json\/wp\/v2\/comments?post=3656"}],"version-history":[{"count":1,"href":"http:\/\/zs.gromnik.pl\/zs\/wp-json\/wp\/v2\/posts\/3656\/revisions"}],"predecessor-version":[{"id":3661,"href":"http:\/\/zs.gromnik.pl\/zs\/wp-json\/wp\/v2\/posts\/3656\/revisions\/3661"}],"wp:attachment":[{"href":"http:\/\/zs.gromnik.pl\/zs\/wp-json\/wp\/v2\/media?parent=3656"}],"wp:term":[{"taxonomy":"category","embeddable":true,"href":"http:\/\/zs.gromnik.pl\/zs\/wp-json\/wp\/v2\/categories?post=3656"},{"taxonomy":"post_tag","embeddable":true,"href":"http:\/\/zs.gromnik.pl\/zs\/wp-json\/wp\/v2\/tags?post=3656"}],"curies":[{"name":"wp","href":"https:\/\/api.w.org\/{rel}","templated":true}]}}