{"id":3677,"date":"2018-12-01T21:31:20","date_gmt":"2018-12-01T20:31:20","guid":{"rendered":"http:\/\/www.zs.gromnik.pl\/zs\/?p=3677"},"modified":"2018-12-20T21:34:12","modified_gmt":"2018-12-20T20:34:12","slug":"2500-zl-dla-prokocimia","status":"publish","type":"post","link":"http:\/\/zs.gromnik.pl\/zs\/2500-zl-dla-prokocimia\/","title":{"rendered":"2500 z\u0142 dla Prokocimia!!!"},"content":{"rendered":"<p style=\"text-align: justify;\">We wtorek 20 listopada 2018 r. oficjalnie zako\u0144czyli\u015bmy akcj\u0119 charytatywn\u0105 na terenie naszej szko\u0142y. Wzorem ubieg\u0142ych lat z okazji zbli\u017caj\u0105cych si\u0119 miko\u0142ajek pragniemy obdarowa\u0107 odrobin\u0105 rado\u015bci osoby ci\u0119\u017cko chore. Wsp\u00f3lnym celem by\u0142o podarowanie u\u015bmiech\u00f3w dzieciom, kt\u00f3re s\u0105 pacjentami oddzia\u0142u onkologii w Szpitalu Dzieci\u0119cym w Prokocimiu. Przez tydzie\u0144 nasi uczniowie zbierali pieni\u0105dze na zakup zabawek, ksi\u0105\u017cek dla r\u00f3wie\u015bnik\u00f3w walcz\u0105cych z nowotworem. Ponadto zakupiono artyku\u0142y papiernicze dla przedszkola, kt\u00f3re znajduje si\u0119 na oddziale onkologii i hematologii w Prokocimiu.<\/p>\n<p style=\"text-align: center;\">\n<strong>Zebrali\u015bmy 2500 z\u0142<\/strong><\/p>\n<p style=\"text-align: justify;\">\nNasze prezenty dostarczono do \u201emagazynu \u015awi\u0119tego Miko\u0142aja\u201d, kt\u00f3ry po\u0142o\u017cony jest niedaleko Krakowa. Teraz czekamy na rozdanie prezent\u00f3w dzieciom i fotorelacj\u0119 z przeprowadzonej akcji.<\/p>\n<p style=\"text-align: center;\">\n<strong>Serdecznie dzi\u0119kujemy WSZYSTKIM, dzi\u0119ki kt\u00f3rym mo\u017cliwe by\u0142o przeprowadzenie zbi\u00f3rki w naszej szkole!<\/strong><\/p>\n","protected":false},"excerpt":{"rendered":"<p>We wtorek 20 listopada 2018 r. oficjalnie zako\u0144czyli\u015bmy akcj\u0119 charytatywn\u0105 na terenie naszej szko\u0142y. Wzorem ubieg\u0142ych lat z okazji zbli\u017caj\u0105cych si\u0119 miko\u0142ajek pragniemy obdarowa\u0107 odrobin\u0105 rado\u015bci osoby ci\u0119\u017cko chore. Wsp\u00f3lnym celem by\u0142o podarowanie u\u015bmiech\u00f3w dzieciom, kt\u00f3re s\u0105 pacjentami oddzia\u0142u onkologii w Szpitalu Dzieci\u0119cym w Prokocimiu. Przez tydzie\u0144 nasi uczniowie zbierali pieni\u0105dze na zakup zabawek, ksi\u0105\u017cek dla r\u00f3wie\u015bnik\u00f3w walcz\u0105cych z nowotworem. Ponadto zakupiono artyku\u0142y papiernicze dla przedszkola, kt\u00f3re znajduje si\u0119 na oddziale onkologii i hematologii w Prokocimiu. Zebrali\u015bmy 2500 z\u0142 Nasze prezenty dostarczono do \u201emagazynu \u015awi\u0119tego Miko\u0142aja\u201d, kt\u00f3ry po\u0142o\u017cony jest niedaleko Krakowa. Teraz czekamy na rozdanie prezent\u00f3w dzieciom i fotorelacj\u0119 z przeprowadzonej akcji. Serdecznie dzi\u0119kujemy WSZYSTKIM, dzi\u0119ki kt\u00f3rym mo\u017cliwe by\u0142o przeprowadzenie zbi\u00f3rki w naszej szkole!<\/p>\n","protected":false},"author":1,"featured_media":3678,"comment_status":"closed","ping_status":"open","sticky":false,"template":"","format":"standard","meta":[],"categories":[3],"tags":[],"yoast_head":"<!-- This site is optimized with the Yoast SEO plugin v19.8 - https:\/\/yoast.com\/wordpress\/plugins\/seo\/ -->\n<title>2500 z\u0142 dla Prokocimia!!! - Zesp\u00f3\u0142 Szk\u00f3\u0142 w Gromniku<\/title>\n<meta name=\"description\" content=\"Zesp\u00f3\u0142 Szk\u00f3\u0142 w Gromniku\" \/>\n<meta name=\"robots\" content=\"index, follow, max-snippet:-1, max-image-preview:large, max-video-preview:-1\" \/>\n<link rel=\"canonical\" href=\"http:\/\/zs.gromnik.pl\/zs\/2500-zl-dla-prokocimia\/\" \/>\n<meta property=\"og:locale\" content=\"pl_PL\" \/>\n<meta property=\"og:type\" content=\"article\" \/>\n<meta property=\"og:title\" content=\"2500 z\u0142 dla Prokocimia!!! - Zesp\u00f3\u0142 Szk\u00f3\u0142 w Gromniku\" \/>\n<meta property=\"og:description\" content=\"Zesp\u00f3\u0142 Szk\u00f3\u0142 w Gromniku\" \/>\n<meta property=\"og:url\" content=\"http:\/\/zs.gromnik.pl\/zs\/2500-zl-dla-prokocimia\/\" \/>\n<meta property=\"og:site_name\" content=\"Zesp\u00f3\u0142 Szk\u00f3\u0142 w Gromniku\" \/>\n<meta property=\"article:publisher\" content=\"https:\/\/www.facebook.com\/zsgromnik\" \/>\n<meta property=\"article:published_time\" content=\"2018-12-01T20:31:20+00:00\" \/>\n<meta property=\"article:modified_time\" content=\"2018-12-20T20:34:12+00:00\" \/>\n<meta property=\"og:image\" content=\"http:\/\/zs.gromnik.pl\/zs\/wp-content\/uploads\/2018\/12\/1.jpg\" \/>\n\t<meta property=\"og:image:width\" content=\"900\" \/>\n\t<meta property=\"og:image:height\" content=\"450\" \/>\n\t<meta property=\"og:image:type\" content=\"image\/jpeg\" \/>\n<meta name=\"author\" content=\"admin\" \/>\n<meta name=\"twitter:card\" content=\"summary_large_image\" \/>\n<meta name=\"twitter:label1\" content=\"Napisane przez\" \/>\n\t<meta name=\"twitter:data1\" content=\"admin\" \/>\n\t<meta name=\"twitter:label2\" content=\"Szacowany czas czytania\" \/>\n\t<meta name=\"twitter:data2\" content=\"1 minuta\" \/>\n<script type=\"application\/ld+json\" class=\"yoast-schema-graph\">{\"@context\":\"https:\/\/schema.org\",\"@graph\":[{\"@type\":\"WebPage\",\"@id\":\"http:\/\/zs.gromnik.pl\/zs\/2500-zl-dla-prokocimia\/\",\"url\":\"http:\/\/zs.gromnik.pl\/zs\/2500-zl-dla-prokocimia\/\",\"name\":\"2500 z\u0142 dla Prokocimia!!! - Zesp\u00f3\u0142 Szk\u00f3\u0142 w Gromniku\",\"isPartOf\":{\"@id\":\"https:\/\/zs.gromnik.pl\/zs\/#website\"},\"datePublished\":\"2018-12-01T20:31:20+00:00\",\"dateModified\":\"2018-12-20T20:34:12+00:00\",\"author\":{\"@id\":\"https:\/\/zs.gromnik.pl\/zs\/#\/schema\/person\/b197900f67c6133faddc284ae32f97ca\"},\"description\":\"Zesp\u00f3\u0142 Szk\u00f3\u0142 w Gromniku\",\"breadcrumb\":{\"@id\":\"http:\/\/zs.gromnik.pl\/zs\/2500-zl-dla-prokocimia\/#breadcrumb\"},\"inLanguage\":\"pl-PL\",\"potentialAction\":[{\"@type\":\"ReadAction\",\"target\":[\"http:\/\/zs.gromnik.pl\/zs\/2500-zl-dla-prokocimia\/\"]}]},{\"@type\":\"BreadcrumbList\",\"@id\":\"http:\/\/zs.gromnik.pl\/zs\/2500-zl-dla-prokocimia\/#breadcrumb\",\"itemListElement\":[{\"@type\":\"ListItem\",\"position\":1,\"name\":\"Strona g\u0142\u00f3wna\",\"item\":\"https:\/\/zs.gromnik.pl\/zs\/\"},{\"@type\":\"ListItem\",\"position\":2,\"name\":\"2500 z\u0142 dla Prokocimia!!!\"}]},{\"@type\":\"WebSite\",\"@id\":\"https:\/\/zs.gromnik.pl\/zs\/#website\",\"url\":\"https:\/\/zs.gromnik.pl\/zs\/\",\"name\":\"Zesp\u00f3\u0142 Szk\u00f3\u0142 w Gromniku\",\"description\":\"\",\"potentialAction\":[{\"@type\":\"SearchAction\",\"target\":{\"@type\":\"EntryPoint\",\"urlTemplate\":\"https:\/\/zs.gromnik.pl\/zs\/?s={search_term_string}\"},\"query-input\":\"required name=search_term_string\"}],\"inLanguage\":\"pl-PL\"},{\"@type\":\"Person\",\"@id\":\"https:\/\/zs.gromnik.pl\/zs\/#\/schema\/person\/b197900f67c6133faddc284ae32f97ca\",\"name\":\"admin\",\"image\":{\"@type\":\"ImageObject\",\"inLanguage\":\"pl-PL\",\"@id\":\"https:\/\/zs.gromnik.pl\/zs\/#\/schema\/person\/image\/\",\"url\":\"http:\/\/0.gravatar.com\/avatar\/f8a2f876dbcc8c8edd809a8ca77a2abe?s=96&d=mm&r=g\",\"contentUrl\":\"http:\/\/0.gravatar.com\/avatar\/f8a2f876dbcc8c8edd809a8ca77a2abe?s=96&d=mm&r=g\",\"caption\":\"admin\"},\"url\":\"http:\/\/zs.gromnik.pl\/zs\/author\/admin\/\"}]}<\/script>\n<!-- \/ Yoast SEO plugin. -->","yoast_head_json":{"title":"2500 z\u0142 dla Prokocimia!!! - Zesp\u00f3\u0142 Szk\u00f3\u0142 w Gromniku","description":"Zesp\u00f3\u0142 Szk\u00f3\u0142 w Gromniku","robots":{"index":"index","follow":"follow","max-snippet":"max-snippet:-1","max-image-preview":"max-image-preview:large","max-video-preview":"max-video-preview:-1"},"canonical":"http:\/\/zs.gromnik.pl\/zs\/2500-zl-dla-prokocimia\/","og_locale":"pl_PL","og_type":"article","og_title":"2500 z\u0142 dla Prokocimia!!! - Zesp\u00f3\u0142 Szk\u00f3\u0142 w Gromniku","og_description":"Zesp\u00f3\u0142 Szk\u00f3\u0142 w Gromniku","og_url":"http:\/\/zs.gromnik.pl\/zs\/2500-zl-dla-prokocimia\/","og_site_name":"Zesp\u00f3\u0142 Szk\u00f3\u0142 w Gromniku","article_publisher":"https:\/\/www.facebook.com\/zsgromnik","article_published_time":"2018-12-01T20:31:20+00:00","article_modified_time":"2018-12-20T20:34:12+00:00","og_image":[{"width":900,"height":450,"url":"http:\/\/zs.gromnik.pl\/zs\/wp-content\/uploads\/2018\/12\/1.jpg","type":"image\/jpeg"}],"author":"admin","twitter_card":"summary_large_image","twitter_misc":{"Napisane przez":"admin","Szacowany czas czytania":"1 minuta"},"schema":{"@context":"https:\/\/schema.org","@graph":[{"@type":"WebPage","@id":"http:\/\/zs.gromnik.pl\/zs\/2500-zl-dla-prokocimia\/","url":"http:\/\/zs.gromnik.pl\/zs\/2500-zl-dla-prokocimia\/","name":"2500 z\u0142 dla Prokocimia!!! - Zesp\u00f3\u0142 Szk\u00f3\u0142 w Gromniku","isPartOf":{"@id":"https:\/\/zs.gromnik.pl\/zs\/#website"},"datePublished":"2018-12-01T20:31:20+00:00","dateModified":"2018-12-20T20:34:12+00:00","author":{"@id":"https:\/\/zs.gromnik.pl\/zs\/#\/schema\/person\/b197900f67c6133faddc284ae32f97ca"},"description":"Zesp\u00f3\u0142 Szk\u00f3\u0142 w Gromniku","breadcrumb":{"@id":"http:\/\/zs.gromnik.pl\/zs\/2500-zl-dla-prokocimia\/#breadcrumb"},"inLanguage":"pl-PL","potentialAction":[{"@type":"ReadAction","target":["http:\/\/zs.gromnik.pl\/zs\/2500-zl-dla-prokocimia\/"]}]},{"@type":"BreadcrumbList","@id":"http:\/\/zs.gromnik.pl\/zs\/2500-zl-dla-prokocimia\/#breadcrumb","itemListElement":[{"@type":"ListItem","position":1,"name":"Strona g\u0142\u00f3wna","item":"https:\/\/zs.gromnik.pl\/zs\/"},{"@type":"ListItem","position":2,"name":"2500 z\u0142 dla Prokocimia!!!"}]},{"@type":"WebSite","@id":"https:\/\/zs.gromnik.pl\/zs\/#website","url":"https:\/\/zs.gromnik.pl\/zs\/","name":"Zesp\u00f3\u0142 Szk\u00f3\u0142 w Gromniku","description":"","potentialAction":[{"@type":"SearchAction","target":{"@type":"EntryPoint","urlTemplate":"https:\/\/zs.gromnik.pl\/zs\/?s={search_term_string}"},"query-input":"required name=search_term_string"}],"inLanguage":"pl-PL"},{"@type":"Person","@id":"https:\/\/zs.gromnik.pl\/zs\/#\/schema\/person\/b197900f67c6133faddc284ae32f97ca","name":"admin","image":{"@type":"ImageObject","inLanguage":"pl-PL","@id":"https:\/\/zs.gromnik.pl\/zs\/#\/schema\/person\/image\/","url":"http:\/\/0.gravatar.com\/avatar\/f8a2f876dbcc8c8edd809a8ca77a2abe?s=96&d=mm&r=g","contentUrl":"http:\/\/0.gravatar.com\/avatar\/f8a2f876dbcc8c8edd809a8ca77a2abe?s=96&d=mm&r=g","caption":"admin"},"url":"http:\/\/zs.gromnik.pl\/zs\/author\/admin\/"}]}},"_links":{"self":[{"href":"http:\/\/zs.gromnik.pl\/zs\/wp-json\/wp\/v2\/posts\/3677"}],"collection":[{"href":"http:\/\/zs.gromnik.pl\/zs\/wp-json\/wp\/v2\/posts"}],"about":[{"href":"http:\/\/zs.gromnik.pl\/zs\/wp-json\/wp\/v2\/types\/post"}],"author":[{"embeddable":true,"href":"http:\/\/zs.gromnik.pl\/zs\/wp-json\/wp\/v2\/users\/1"}],"replies":[{"embeddable":true,"href":"http:\/\/zs.gromnik.pl\/zs\/wp-json\/wp\/v2\/comments?post=3677"}],"version-history":[{"count":1,"href":"http:\/\/zs.gromnik.pl\/zs\/wp-json\/wp\/v2\/posts\/3677\/revisions"}],"predecessor-version":[{"id":3679,"href":"http:\/\/zs.gromnik.pl\/zs\/wp-json\/wp\/v2\/posts\/3677\/revisions\/3679"}],"wp:featuredmedia":[{"embeddable":true,"href":"http:\/\/zs.gromnik.pl\/zs\/wp-json\/wp\/v2\/media\/3678"}],"wp:attachment":[{"href":"http:\/\/zs.gromnik.pl\/zs\/wp-json\/wp\/v2\/media?parent=3677"}],"wp:term":[{"taxonomy":"category","embeddable":true,"href":"http:\/\/zs.gromnik.pl\/zs\/wp-json\/wp\/v2\/categories?post=3677"},{"taxonomy":"post_tag","embeddable":true,"href":"http:\/\/zs.gromnik.pl\/zs\/wp-json\/wp\/v2\/tags?post=3677"}],"curies":[{"name":"wp","href":"https:\/\/api.w.org\/{rel}","templated":true}]}}