{"id":5038,"date":"2020-01-03T20:38:57","date_gmt":"2020-01-03T19:38:57","guid":{"rendered":"http:\/\/www.zs.gromnik.pl\/zs\/?p=5038"},"modified":"2020-01-03T20:38:58","modified_gmt":"2020-01-03T19:38:58","slug":"malta-creative-use-of-technology-in-the-classroom","status":"publish","type":"post","link":"http:\/\/zs.gromnik.pl\/zs\/malta-creative-use-of-technology-in-the-classroom\/","title":{"rendered":"Malta &#8211; Creative Use of Technology in the Classroom"},"content":{"rendered":"\n<p><strong>\u00a0<\/strong><\/p>\n\n\n\n<div class=\"wp-block-image\"><figure class=\"aligncenter\"><img loading=\"lazy\" width=\"1024\" height=\"132\" src=\"http:\/\/www.zs.gromnik.pl\/zs\/wp-content\/uploads\/2019\/11\/FE_POWER_poziom_pl-1_rgb-1024x132.jpg\" alt=\"\" class=\"wp-image-4704\" srcset=\"http:\/\/zs.gromnik.pl\/zs\/wp-content\/uploads\/2019\/11\/FE_POWER_poziom_pl-1_rgb-1024x132.jpg 1024w, http:\/\/zs.gromnik.pl\/zs\/wp-content\/uploads\/2019\/11\/FE_POWER_poziom_pl-1_rgb-300x39.jpg 300w, http:\/\/zs.gromnik.pl\/zs\/wp-content\/uploads\/2019\/11\/FE_POWER_poziom_pl-1_rgb-768x99.jpg 768w, http:\/\/zs.gromnik.pl\/zs\/wp-content\/uploads\/2019\/11\/FE_POWER_poziom_pl-1_rgb-820x105.jpg 820w\" sizes=\"(max-width: 1024px) 100vw, 1024px\" \/><\/figure><\/div>\n\n\n\n<p>W dniach 12.05 \u2013 19.05.2019 r. wzi\u0105\u0142em udzia\u0142 w mi\u0119dzynarodowym\nszkoleniu na Malcie, kt\u00f3rego g\u0142\u00f3wnym celem by\u0142o wykorzystanie technologii\ninformacyjnej do przygotowania i prowadzenia zaj\u0119\u0107 lekcyjnych.<\/p>\n\n\n\n<p>Po kilku miesi\u0105cach intensywnych przygotowa\u0144 z zakresu\ninformatyki, kultury, j\u0119zyka i przeprowadzeniu lekcji otwartej przyszed\u0142 czas\nna najbardziej wyczekiwany moment, czyli wylot na Malt\u0119. Przez dwa tygodnie mieszka\u0142em\nw uroczym hotelu \u2013 \u201eTopaz\u201d, z kt\u00f3rego by\u0142 bardzo \u0142atwy dost\u0119p do szko\u0142y oraz\ndobra baza wypadowa do zwiedzania tej pi\u0119knej wyspy. Lekcje odbywa\u0142y si\u0119 w\nczteroosobowej grupie. Opr\u00f3cz mnie w szkoleniu bra\u0142y udzia\u0142 nauczycielki j\u0119zyka\nangielskiego z Polski. Dzi\u0119ki tak ma\u0142o licznej grupie mo\u017cna by\u0142o bardzo\nefektywnie wykorzysta\u0107 czas na prac\u0119 z poznawanymi programami oraz doskonali\u0107\npos\u0142ugiwanie si\u0119 j\u0119zykiem angielskim.<\/p>\n\n\n\n<p>Zaj\u0119cia z technologii informacyjnej prowadzi\u0142a Sarah \u2013\nnauczycielka z Anglii, kt\u00f3ra zapozna\u0142a nas z wieloma ciekawymi programami,\nkt\u00f3re z pewno\u015bci\u0105 wzbogaci\u0142y nasz warsztat edukacyjny i podnios\u0142y jako\u015b\u0107 pracy\nszko\u0142y. Przez dwa tygodnie poznali\u015bmy i doskonalili\u015bmy nast\u0119puj\u0105ce programy:\n\u201ePrezi\u201d, \u201ePower Point\u201d, \u201eSocrative\u201d, \u201eKahoot\u201d, \u201eQuizlet\u201d, \u201eQuiziz\u201d, \u201eWindows\nMovie Maker\u201d, \u201eLearning Aps\u201d, \u201eMagic Wall\u201d, \u201eMagic Box\u201d. &nbsp;Mnie szczeg\u00f3lnie przypad\u0142o tworzenie\nprezentacji w programie \u201eWindows Movie Maker\u201d. Wykorzysta\u0142em ten program do\nstworzenia pokazu z mojego pobytu na Malcie.<\/p>\n\n\n\n<p>Opr\u00f3cz zaj\u0119\u0107 w systemie klasowo \u2013 lekcyjnym mieli\u015bmy okazj\u0119\nzwiedzi\u0107 Malt\u0119. Wycieczki zorganizowane przez szko\u0142\u0119 prowadzi\u0142a Maria \u2013\nrodowita mieszkanka wyspy, kt\u00f3ra zapozna\u0142a nas z histori\u0105, kultur\u0105 oraz\nzwyczajami panuj\u0105cymi w tym kraju. Razem zwiedzili\u015bmy Vallett\u0119 \u2013 stolic\u0119 Malty\noraz jej poprzedniczk\u0119 \u2013 Mdin\u0119. <\/p>\n\n\n\n<p>Po zaj\u0119ciach by\u0142 czas, aby samemu zorganizowa\u0107 czas wolny i\neksplorowa\u0107 ten przepi\u0119kny zak\u0105tek Europy. Zwiedzili\u015bmy Golden Beach, Muzeum\nSamochod\u00f3w, Narodowe Akwarium Malta\u0144skie, Marsaxlokk \u2013 wie\u015b ryback\u0105 oraz wyspy\nGozo i Comino.<\/p>\n\n\n\n<p>Trzeba przyzna\u0107, \u017ce te dwa tygodnie na Malcie przynios\u0142y\nniezapomnian\u0105 ilo\u015b\u0107 wra\u017ce\u0144 oraz wiedzy, kt\u00f3r\u0105 b\u0119dzie mo\u017cna wykorzysta\u0107 podczas\npracy w szkole. Tworzenie prezentacji i quiz\u00f3w nie nale\u017cy do szczeg\u00f3lnie\ntrudnych, a pozwala w spos\u00f3b nowoczesny i atrakcyjny przekazywa\u0107 i poszerza\u0107\nwiedz\u0119 u uczni\u00f3w. <\/p>\n\n\n\n<p>Klimat, atmosfera wyspy, przyja\u017ani ludzie sprawiaj\u0105, \u017ce jest\nto miejsce, do kt\u00f3rego chcia\u0142oby si\u0119 wr\u00f3ci\u0107. Najlepiej przy okazji kolejnego\nszkolenia z programem \u201ePower\u201d.<\/p>\n\n\n\n<p style=\"text-align:right\">\u00a0\u00a0\u00a0\u00a0\u00a0\u00a0\u00a0\u00a0\u00a0\u00a0\u00a0\u00a0\u00a0\u00a0\u00a0\u00a0\u00a0\u00a0\u00a0\u00a0\u00a0\u00a0\u00a0\u00a0\u00a0\u00a0\u00a0\u00a0\u00a0\u00a0\u00a0\u00a0\u00a0\u00a0\u00a0\u00a0\u00a0\u00a0\u00a0\u00a0\u00a0\u00a0\u00a0\u00a0\u00a0\u00a0\u00a0\u00a0\u00a0\u00a0\u00a0\u00a0\u00a0\u00a0\u00a0\u00a0\u00a0\u00a0\u00a0\u00a0\u00a0\u00a0\u00a0\u00a0\u00a0\u00a0\u00a0\u00a0\u00a0\u00a0\u00a0\u00a0\u00a0\u00a0\u00a0\u00a0\u00a0\u00a0\u00a0\u00a0\u00a0\u00a0\u00a0\u00a0\u00a0\u00a0\u00a0\u00a0\u00a0\u00a0\u00a0\u00a0\u00a0 \u00a0\u00a0\u00a0\u00a0\u00a0\u00a0\u00a0\u00a0<strong>\u00a0\u00a0\u00a0 Edward Cudek<\/strong><\/p>\n\n\n\n<div class=\"wp-block-image\"><figure class=\"aligncenter\"><img loading=\"lazy\" width=\"40\" height=\"40\" src=\"http:\/\/www.zs.gromnik.pl\/zs\/wp-content\/uploads\/2019\/11\/United-Kingdom-flag-icon-e1573989896354.png\" alt=\"\" class=\"wp-image-4715\"\/><\/figure><\/div>\n\n\n\n<p><strong>The report on the\nimplementation of the Power program &#8211; &#8222;Creative Use of Technology in the\nClassroom&#8221;<\/strong><\/p>\n\n\n\n<p>On 12 \u2013 19 May 2019, I took part in the international training in Malta. It\u2019s\u00a0 main goal was the use information technology for preparing and teaching classes.<\/p>\n\n\n\n<p>After a few months of intensive preparations in the area of information technology, culture, language and conducting open classes it was the time for the most awaited moment, that was the flight to Malta. For two weeks, I was staying at the charming Topaz Hotel with a very easy access to school and a perfect starting point for exploring this beautiful island. The classes were held in a four\u00a0 &#8211; member group. There were English language teachers from Poland, who took part in the training in addition to me. We made a very good use of time learning new programs and mastering our English, thanks to such a small group.<\/p>\n\n\n\n<p>Information technology classes were held by Sarah, an English teacher from England, who made ourselves familiar with many interesting programs, which added a lot of value to our educational workshop and improved the quality of our school work. For two weeks we were learning and practicing the following programs\u00a0: \u201ePrezi\u201d, \u201ePower Point\u201d, \u201eSocrative\u201d, \u201eKahoot\u201d, \u201eQuizlet\u201d, \u201eQuiziz\u201d, \u201eWindows Movie Maker\u201d, \u201eLearning Aps\u201d, \u201eMagic Wall\u201d, \u201eMagic Box\u201d. Making presentation with the program \u201eWindows Movie Maker\u201dstruch me as the best. I use it to create a slide show from my visit to Malta.<\/p>\n\n\n\n<p>Not only we took part in the classes, but also we had opportunity to explore Malta. Trips were organized by the school. Maria, who was native \u2013 born inhabitant of this island, showed us around and told us a little bit about history, culture and customs of this island. Together we went to the present and former capital city of Malta, Valetta and Mdina accordingly.<\/p>\n\n\n\n<p>After our classes we had some time to explore this beautiful part of Europe on our own. We saw Golden Beach, the Classic Car Collection Museum, the National Aquarium, a small fishing village in Marsaxlokk, the island Gozo and Comino.<\/p>\n\n\n\n<p>It has to be said that those two weeks in Malta gave us unforgettable impression about the place and knowledge, which we can use later at our school work. Preparing presentations and quizesis not difficult for us anymore, hence we can enhance the knowledge for our students in a modern and attractive way using technologies we learnt.<\/p>\n\n\n\n<p>The climate and atmosphere on the Island along with friendly people made it the place, to which everyone would like to come back. <\/p>\n\n\n\n<p style=\"text-align:right\"><strong>Edward Cudek<\/strong><\/p>\n","protected":false},"excerpt":{"rendered":"<p>\u00a0 W dniach 12.05 \u2013 19.05.2019 r. wzi\u0105\u0142em udzia\u0142 w mi\u0119dzynarodowym szkoleniu na Malcie, kt\u00f3rego g\u0142\u00f3wnym celem by\u0142o wykorzystanie technologii informacyjnej do przygotowania i prowadzenia zaj\u0119\u0107 lekcyjnych. Po kilku miesi\u0105cach intensywnych przygotowa\u0144 z zakresu informatyki, kultury, j\u0119zyka i przeprowadzeniu lekcji otwartej przyszed\u0142 czas na najbardziej wyczekiwany moment, czyli wylot na Malt\u0119. Przez dwa tygodnie mieszka\u0142em w uroczym hotelu \u2013 \u201eTopaz\u201d, z kt\u00f3rego by\u0142 bardzo \u0142atwy dost\u0119p do szko\u0142y oraz dobra baza wypadowa do zwiedzania tej pi\u0119knej wyspy. Lekcje odbywa\u0142y si\u0119 w czteroosobowej grupie. Opr\u00f3cz mnie w szkoleniu bra\u0142y udzia\u0142 nauczycielki j\u0119zyka angielskiego z Polski. Dzi\u0119ki tak ma\u0142o licznej grupie mo\u017cna by\u0142o bardzo efektywnie wykorzysta\u0107 czas na prac\u0119 z poznawanymi programami oraz doskonali\u0107 pos\u0142ugiwanie si\u0119 j\u0119zykiem angielskim. Zaj\u0119cia z technologii informacyjnej prowadzi\u0142a Sarah \u2013 nauczycielka z Anglii, kt\u00f3ra zapozna\u0142a nas z wieloma ciekawymi programami, kt\u00f3re z pewno\u015bci\u0105 wzbogaci\u0142y nasz warsztat edukacyjny i podnios\u0142y jako\u015b\u0107 pracy szko\u0142y. Przez dwa tygodnie poznali\u015bmy i doskonalili\u015bmy nast\u0119puj\u0105ce programy: \u201ePrezi\u201d, \u201ePower Point\u201d, \u201eSocrative\u201d, \u201eKahoot\u201d, \u201eQuizlet\u201d, \u201eQuiziz\u201d, \u201eWindows Movie Maker\u201d, \u201eLearning Aps\u201d, \u201eMagic Wall\u201d, \u201eMagic Box\u201d. &nbsp;Mnie szczeg\u00f3lnie przypad\u0142o tworzenie prezentacji w programie \u201eWindows Movie Maker\u201d. Wykorzysta\u0142em ten program do stworzenia pokazu z mojego pobytu na Malcie. Opr\u00f3cz zaj\u0119\u0107 w systemie klasowo \u2013 lekcyjnym mieli\u015bmy okazj\u0119 zwiedzi\u0107 Malt\u0119. Wycieczki zorganizowane przez szko\u0142\u0119 prowadzi\u0142a Maria \u2013 rodowita mieszkanka wyspy, kt\u00f3ra zapozna\u0142a nas z histori\u0105, kultur\u0105 oraz zwyczajami panuj\u0105cymi w tym kraju. Razem zwiedzili\u015bmy Vallett\u0119 \u2013 stolic\u0119 Malty oraz jej poprzedniczk\u0119 \u2013 Mdin\u0119. Po zaj\u0119ciach by\u0142 czas, aby samemu zorganizowa\u0107 czas wolny i eksplorowa\u0107 ten przepi\u0119kny zak\u0105tek Europy. Zwiedzili\u015bmy Golden Beach, Muzeum Samochod\u00f3w, Narodowe Akwarium Malta\u0144skie, Marsaxlokk \u2013 wie\u015b ryback\u0105 oraz wyspy Gozo i Comino. Trzeba przyzna\u0107, \u017ce te dwa tygodnie na Malcie przynios\u0142y niezapomnian\u0105 ilo\u015b\u0107 wra\u017ce\u0144 oraz wiedzy, kt\u00f3r\u0105 b\u0119dzie mo\u017cna wykorzysta\u0107 podczas pracy w szkole. Tworzenie prezentacji i quiz\u00f3w nie nale\u017cy do szczeg\u00f3lnie trudnych, a pozwala w spos\u00f3b nowoczesny i atrakcyjny przekazywa\u0107 i poszerza\u0107 wiedz\u0119 u uczni\u00f3w. Klimat, atmosfera wyspy, przyja\u017ani ludzie sprawiaj\u0105, \u017ce jest to miejsce, do kt\u00f3rego chcia\u0142oby si\u0119 wr\u00f3ci\u0107. Najlepiej przy okazji kolejnego szkolenia z programem \u201ePower\u201d. \u00a0\u00a0\u00a0\u00a0\u00a0\u00a0\u00a0\u00a0\u00a0\u00a0\u00a0\u00a0\u00a0\u00a0\u00a0\u00a0\u00a0\u00a0\u00a0\u00a0\u00a0\u00a0\u00a0\u00a0\u00a0\u00a0\u00a0\u00a0\u00a0\u00a0\u00a0\u00a0\u00a0\u00a0\u00a0\u00a0\u00a0\u00a0\u00a0\u00a0\u00a0\u00a0\u00a0\u00a0\u00a0\u00a0\u00a0\u00a0\u00a0\u00a0\u00a0\u00a0\u00a0\u00a0\u00a0\u00a0\u00a0\u00a0\u00a0\u00a0\u00a0\u00a0\u00a0\u00a0\u00a0\u00a0\u00a0\u00a0\u00a0\u00a0\u00a0\u00a0\u00a0\u00a0\u00a0\u00a0\u00a0\u00a0\u00a0\u00a0\u00a0\u00a0\u00a0\u00a0\u00a0\u00a0\u00a0\u00a0\u00a0\u00a0\u00a0\u00a0\u00a0 \u00a0\u00a0\u00a0\u00a0\u00a0\u00a0\u00a0\u00a0\u00a0\u00a0\u00a0 Edward Cudek The report on the implementation of the Power program &#8211; &#8222;Creative Use of Technology in the Classroom&#8221; On 12 \u2013 19 May 2019, I took part in the international training in Malta. It\u2019s\u00a0 main goal was the use information technology for preparing and teaching classes. After a few months of intensive preparations in the area of information technology, culture, language and conducting open classes it was the time for the most awaited moment, that was the flight to Malta. For two weeks, I was staying at the charming Topaz Hotel with a very easy access to school and a perfect starting point for exploring this beautiful island. The classes were held in a four\u00a0 &#8211; member group. There were English language teachers from Poland, who took part in the training in addition to me. We made a very good use of time learning new programs and mastering our English, thanks to such a small group. Information technology classes were held by Sarah, an English teacher from England, who made ourselves familiar with many interesting programs, which added a lot of value to our educational workshop and improved the quality of our school work. For two weeks we were learning and practicing the following programs\u00a0: \u201ePrezi\u201d, \u201ePower Point\u201d, \u201eSocrative\u201d, \u201eKahoot\u201d, \u201eQuizlet\u201d, \u201eQuiziz\u201d, \u201eWindows Movie Maker\u201d, \u201eLearning Aps\u201d, \u201eMagic Wall\u201d, \u201eMagic Box\u201d. Making presentation with the program \u201eWindows Movie Maker\u201dstruch me as the best. I use it to create a slide show from my visit to Malta. Not only we took part in the classes, but also we had opportunity to explore Malta. Trips were organized by the school. Maria, who was native \u2013 born inhabitant of this island, showed us around and told us a little bit about history, culture and customs of this island. Together we went to the present and former capital city of Malta, Valetta and Mdina accordingly. After our classes we had some time to explore this beautiful part of Europe on our own. We saw Golden Beach, the Classic Car Collection Museum, the National Aquarium, a small fishing village in Marsaxlokk, the island Gozo and Comino. It has to be said that those two weeks in Malta gave us unforgettable impression about the place and knowledge, which we can use later at our school work. Preparing presentations and quizesis not difficult for us anymore, hence we can enhance the knowledge for our students in a modern and attractive way using technologies we learnt. The climate and atmosphere on the Island along with friendly people made it the place, to which everyone would like to come back. Edward Cudek<\/p>\n","protected":false},"author":6,"featured_media":0,"comment_status":"closed","ping_status":"open","sticky":false,"template":"","format":"standard","meta":[],"categories":[33],"tags":[],"yoast_head":"<!-- This site is optimized with the Yoast SEO plugin v19.8 - https:\/\/yoast.com\/wordpress\/plugins\/seo\/ -->\n<title>Malta - Creative Use of Technology in the Classroom - Zesp\u00f3\u0142 Szk\u00f3\u0142 w Gromniku<\/title>\n<meta name=\"description\" content=\"Zesp\u00f3\u0142 Szk\u00f3\u0142 w Gromniku\" \/>\n<meta name=\"robots\" content=\"index, follow, max-snippet:-1, max-image-preview:large, max-video-preview:-1\" \/>\n<link rel=\"canonical\" href=\"http:\/\/zs.gromnik.pl\/zs\/malta-creative-use-of-technology-in-the-classroom\/\" \/>\n<meta property=\"og:locale\" content=\"pl_PL\" \/>\n<meta property=\"og:type\" content=\"article\" \/>\n<meta property=\"og:title\" content=\"Malta - Creative Use of Technology in the Classroom - Zesp\u00f3\u0142 Szk\u00f3\u0142 w Gromniku\" \/>\n<meta property=\"og:description\" content=\"Zesp\u00f3\u0142 Szk\u00f3\u0142 w Gromniku\" \/>\n<meta property=\"og:url\" content=\"http:\/\/zs.gromnik.pl\/zs\/malta-creative-use-of-technology-in-the-classroom\/\" \/>\n<meta property=\"og:site_name\" content=\"Zesp\u00f3\u0142 Szk\u00f3\u0142 w Gromniku\" \/>\n<meta property=\"article:publisher\" content=\"https:\/\/www.facebook.com\/zsgromnik\" \/>\n<meta property=\"article:published_time\" content=\"2020-01-03T19:38:57+00:00\" \/>\n<meta property=\"article:modified_time\" content=\"2020-01-03T19:38:58+00:00\" \/>\n<meta property=\"og:image\" content=\"http:\/\/www.zs.gromnik.pl\/zs\/wp-content\/uploads\/2019\/11\/FE_POWER_poziom_pl-1_rgb-1024x132.jpg\" \/>\n<meta name=\"author\" content=\"Patrycja Kubicz\" \/>\n<meta name=\"twitter:card\" content=\"summary_large_image\" \/>\n<meta name=\"twitter:label1\" content=\"Napisane przez\" \/>\n\t<meta name=\"twitter:data1\" content=\"Patrycja Kubicz\" \/>\n\t<meta name=\"twitter:label2\" content=\"Szacowany czas czytania\" \/>\n\t<meta name=\"twitter:data2\" content=\"4 minuty\" \/>\n<script type=\"application\/ld+json\" class=\"yoast-schema-graph\">{\"@context\":\"https:\/\/schema.org\",\"@graph\":[{\"@type\":\"WebPage\",\"@id\":\"http:\/\/zs.gromnik.pl\/zs\/malta-creative-use-of-technology-in-the-classroom\/\",\"url\":\"http:\/\/zs.gromnik.pl\/zs\/malta-creative-use-of-technology-in-the-classroom\/\",\"name\":\"Malta - Creative Use of Technology in the Classroom - Zesp\u00f3\u0142 Szk\u00f3\u0142 w Gromniku\",\"isPartOf\":{\"@id\":\"https:\/\/zs.gromnik.pl\/zs\/#website\"},\"datePublished\":\"2020-01-03T19:38:57+00:00\",\"dateModified\":\"2020-01-03T19:38:58+00:00\",\"author\":{\"@id\":\"https:\/\/zs.gromnik.pl\/zs\/#\/schema\/person\/8ceca2902a7d39b77622ae2e117d831a\"},\"description\":\"Zesp\u00f3\u0142 Szk\u00f3\u0142 w Gromniku\",\"breadcrumb\":{\"@id\":\"http:\/\/zs.gromnik.pl\/zs\/malta-creative-use-of-technology-in-the-classroom\/#breadcrumb\"},\"inLanguage\":\"pl-PL\",\"potentialAction\":[{\"@type\":\"ReadAction\",\"target\":[\"http:\/\/zs.gromnik.pl\/zs\/malta-creative-use-of-technology-in-the-classroom\/\"]}]},{\"@type\":\"BreadcrumbList\",\"@id\":\"http:\/\/zs.gromnik.pl\/zs\/malta-creative-use-of-technology-in-the-classroom\/#breadcrumb\",\"itemListElement\":[{\"@type\":\"ListItem\",\"position\":1,\"name\":\"Strona g\u0142\u00f3wna\",\"item\":\"https:\/\/zs.gromnik.pl\/zs\/\"},{\"@type\":\"ListItem\",\"position\":2,\"name\":\"Malta &#8211; Creative Use of Technology in the Classroom\"}]},{\"@type\":\"WebSite\",\"@id\":\"https:\/\/zs.gromnik.pl\/zs\/#website\",\"url\":\"https:\/\/zs.gromnik.pl\/zs\/\",\"name\":\"Zesp\u00f3\u0142 Szk\u00f3\u0142 w Gromniku\",\"description\":\"\",\"potentialAction\":[{\"@type\":\"SearchAction\",\"target\":{\"@type\":\"EntryPoint\",\"urlTemplate\":\"https:\/\/zs.gromnik.pl\/zs\/?s={search_term_string}\"},\"query-input\":\"required name=search_term_string\"}],\"inLanguage\":\"pl-PL\"},{\"@type\":\"Person\",\"@id\":\"https:\/\/zs.gromnik.pl\/zs\/#\/schema\/person\/8ceca2902a7d39b77622ae2e117d831a\",\"name\":\"Patrycja Kubicz\",\"image\":{\"@type\":\"ImageObject\",\"inLanguage\":\"pl-PL\",\"@id\":\"https:\/\/zs.gromnik.pl\/zs\/#\/schema\/person\/image\/\",\"url\":\"http:\/\/0.gravatar.com\/avatar\/fdb188d3851f5cc80ba3148c853f5f66?s=96&d=mm&r=g\",\"contentUrl\":\"http:\/\/0.gravatar.com\/avatar\/fdb188d3851f5cc80ba3148c853f5f66?s=96&d=mm&r=g\",\"caption\":\"Patrycja Kubicz\"},\"url\":\"http:\/\/zs.gromnik.pl\/zs\/author\/pkubicz\/\"}]}<\/script>\n<!-- \/ Yoast SEO plugin. -->","yoast_head_json":{"title":"Malta - Creative Use of Technology in the Classroom - Zesp\u00f3\u0142 Szk\u00f3\u0142 w Gromniku","description":"Zesp\u00f3\u0142 Szk\u00f3\u0142 w Gromniku","robots":{"index":"index","follow":"follow","max-snippet":"max-snippet:-1","max-image-preview":"max-image-preview:large","max-video-preview":"max-video-preview:-1"},"canonical":"http:\/\/zs.gromnik.pl\/zs\/malta-creative-use-of-technology-in-the-classroom\/","og_locale":"pl_PL","og_type":"article","og_title":"Malta - Creative Use of Technology in the Classroom - Zesp\u00f3\u0142 Szk\u00f3\u0142 w Gromniku","og_description":"Zesp\u00f3\u0142 Szk\u00f3\u0142 w Gromniku","og_url":"http:\/\/zs.gromnik.pl\/zs\/malta-creative-use-of-technology-in-the-classroom\/","og_site_name":"Zesp\u00f3\u0142 Szk\u00f3\u0142 w Gromniku","article_publisher":"https:\/\/www.facebook.com\/zsgromnik","article_published_time":"2020-01-03T19:38:57+00:00","article_modified_time":"2020-01-03T19:38:58+00:00","og_image":[{"url":"http:\/\/www.zs.gromnik.pl\/zs\/wp-content\/uploads\/2019\/11\/FE_POWER_poziom_pl-1_rgb-1024x132.jpg"}],"author":"Patrycja Kubicz","twitter_card":"summary_large_image","twitter_misc":{"Napisane przez":"Patrycja Kubicz","Szacowany czas czytania":"4 minuty"},"schema":{"@context":"https:\/\/schema.org","@graph":[{"@type":"WebPage","@id":"http:\/\/zs.gromnik.pl\/zs\/malta-creative-use-of-technology-in-the-classroom\/","url":"http:\/\/zs.gromnik.pl\/zs\/malta-creative-use-of-technology-in-the-classroom\/","name":"Malta - Creative Use of Technology in the Classroom - Zesp\u00f3\u0142 Szk\u00f3\u0142 w Gromniku","isPartOf":{"@id":"https:\/\/zs.gromnik.pl\/zs\/#website"},"datePublished":"2020-01-03T19:38:57+00:00","dateModified":"2020-01-03T19:38:58+00:00","author":{"@id":"https:\/\/zs.gromnik.pl\/zs\/#\/schema\/person\/8ceca2902a7d39b77622ae2e117d831a"},"description":"Zesp\u00f3\u0142 Szk\u00f3\u0142 w Gromniku","breadcrumb":{"@id":"http:\/\/zs.gromnik.pl\/zs\/malta-creative-use-of-technology-in-the-classroom\/#breadcrumb"},"inLanguage":"pl-PL","potentialAction":[{"@type":"ReadAction","target":["http:\/\/zs.gromnik.pl\/zs\/malta-creative-use-of-technology-in-the-classroom\/"]}]},{"@type":"BreadcrumbList","@id":"http:\/\/zs.gromnik.pl\/zs\/malta-creative-use-of-technology-in-the-classroom\/#breadcrumb","itemListElement":[{"@type":"ListItem","position":1,"name":"Strona g\u0142\u00f3wna","item":"https:\/\/zs.gromnik.pl\/zs\/"},{"@type":"ListItem","position":2,"name":"Malta &#8211; Creative Use of Technology in the Classroom"}]},{"@type":"WebSite","@id":"https:\/\/zs.gromnik.pl\/zs\/#website","url":"https:\/\/zs.gromnik.pl\/zs\/","name":"Zesp\u00f3\u0142 Szk\u00f3\u0142 w Gromniku","description":"","potentialAction":[{"@type":"SearchAction","target":{"@type":"EntryPoint","urlTemplate":"https:\/\/zs.gromnik.pl\/zs\/?s={search_term_string}"},"query-input":"required name=search_term_string"}],"inLanguage":"pl-PL"},{"@type":"Person","@id":"https:\/\/zs.gromnik.pl\/zs\/#\/schema\/person\/8ceca2902a7d39b77622ae2e117d831a","name":"Patrycja Kubicz","image":{"@type":"ImageObject","inLanguage":"pl-PL","@id":"https:\/\/zs.gromnik.pl\/zs\/#\/schema\/person\/image\/","url":"http:\/\/0.gravatar.com\/avatar\/fdb188d3851f5cc80ba3148c853f5f66?s=96&d=mm&r=g","contentUrl":"http:\/\/0.gravatar.com\/avatar\/fdb188d3851f5cc80ba3148c853f5f66?s=96&d=mm&r=g","caption":"Patrycja Kubicz"},"url":"http:\/\/zs.gromnik.pl\/zs\/author\/pkubicz\/"}]}},"_links":{"self":[{"href":"http:\/\/zs.gromnik.pl\/zs\/wp-json\/wp\/v2\/posts\/5038"}],"collection":[{"href":"http:\/\/zs.gromnik.pl\/zs\/wp-json\/wp\/v2\/posts"}],"about":[{"href":"http:\/\/zs.gromnik.pl\/zs\/wp-json\/wp\/v2\/types\/post"}],"author":[{"embeddable":true,"href":"http:\/\/zs.gromnik.pl\/zs\/wp-json\/wp\/v2\/users\/6"}],"replies":[{"embeddable":true,"href":"http:\/\/zs.gromnik.pl\/zs\/wp-json\/wp\/v2\/comments?post=5038"}],"version-history":[{"count":5,"href":"http:\/\/zs.gromnik.pl\/zs\/wp-json\/wp\/v2\/posts\/5038\/revisions"}],"predecessor-version":[{"id":5043,"href":"http:\/\/zs.gromnik.pl\/zs\/wp-json\/wp\/v2\/posts\/5038\/revisions\/5043"}],"wp:attachment":[{"href":"http:\/\/zs.gromnik.pl\/zs\/wp-json\/wp\/v2\/media?parent=5038"}],"wp:term":[{"taxonomy":"category","embeddable":true,"href":"http:\/\/zs.gromnik.pl\/zs\/wp-json\/wp\/v2\/categories?post=5038"},{"taxonomy":"post_tag","embeddable":true,"href":"http:\/\/zs.gromnik.pl\/zs\/wp-json\/wp\/v2\/tags?post=5038"}],"curies":[{"name":"wp","href":"https:\/\/api.w.org\/{rel}","templated":true}]}}