{"id":5046,"date":"2020-01-05T12:05:18","date_gmt":"2020-01-05T11:05:18","guid":{"rendered":"http:\/\/www.zs.gromnik.pl\/zs\/?p=5046"},"modified":"2020-01-08T21:24:21","modified_gmt":"2020-01-08T20:24:21","slug":"malta-kurs-jezykowy","status":"publish","type":"post","link":"http:\/\/zs.gromnik.pl\/zs\/malta-kurs-jezykowy\/","title":{"rendered":"Malta &#8211; kurs metodyczny"},"content":{"rendered":"\n<p>\u201ePonadnarodowa mobilno\u015b\u0107 kadry edukacji szkolnej\u201d realizowany ze \u015brodk\u00f3w POWER na zasadach Programu Erasmus+ sektor Edukacja szkolna<\/p>\n\n\n\n<div class=\"wp-block-image\"><figure class=\"aligncenter\"><img loading=\"lazy\" width=\"1024\" height=\"193\" src=\"http:\/\/www.zs.gromnik.pl\/zs\/wp-content\/uploads\/2020\/01\/P_20190731_112307_PN-1024x193.jpg\" alt=\"\" class=\"wp-image-5050\" srcset=\"http:\/\/zs.gromnik.pl\/zs\/wp-content\/uploads\/2020\/01\/P_20190731_112307_PN-1024x193.jpg 1024w, http:\/\/zs.gromnik.pl\/zs\/wp-content\/uploads\/2020\/01\/P_20190731_112307_PN-300x56.jpg 300w, http:\/\/zs.gromnik.pl\/zs\/wp-content\/uploads\/2020\/01\/P_20190731_112307_PN-768x145.jpg 768w, http:\/\/zs.gromnik.pl\/zs\/wp-content\/uploads\/2020\/01\/P_20190731_112307_PN-820x154.jpg 820w\" sizes=\"(max-width: 1024px) 100vw, 1024px\" \/><\/figure><\/div>\n\n\n\n<p>W dniach 29. 07. 2019 r. \u2013 9. 08. 2019 r. uczestniczy\u0142am w projekcie \u201ePonadnarodowa mobilno\u015b\u0107 kadry edukacji szkolnej\u201d realizowany ze \u015brodk\u00f3w POWER na zasadach Programu Erasmus+ sektor Edukacja szkolna. Zaj\u0119cia odbywa\u0142y si\u0119 w szkole Alpha School of English, znajduj\u0105cym si\u0119 w przepi\u0119knym mie\u015bcie St. Paul\u2019s Bay na wyspie Malta. Kurs obejmowa\u0142 60 godzin zaj\u0119\u0107 lekcyjnych oraz r\u00f3\u017cnego rodzaju zaj\u0119\u0107 i wycieczek fakultatywnych. Uczestnikami szkolenia byli nauczyciele z r\u00f3\u017cnych kraj\u00f3w europejskich w tym z W\u0119gier, Hiszpanii, Czech, Bu\u0142garii oraz Polski. <\/p>\n\n\n\n<p>Celem\nzaj\u0119\u0107 by\u0142o doskonalenie znajomo\u015bci j\u0119zyka angielskiego, praktyczne podej\u015bcie do\nkorzystania z nowoczesnych technologii w klasie, takich jak interaktywne\ntablice, zasoby audio, wideo, blogi i media spo\u0142eczno\u015bciowe, aktualizacja i\nposzerzanie wiadomo\u015bci krajoznawczych.<\/p>\n\n\n\n<div class=\"wp-block-image\"><figure class=\"aligncenter is-resized\"><img loading=\"lazy\" src=\"http:\/\/www.zs.gromnik.pl\/zs\/wp-content\/uploads\/2020\/01\/P_20190801_103619_vHDR_Auto-1024x576.jpg\" alt=\"\" class=\"wp-image-5054\" width=\"449\" height=\"253\" srcset=\"http:\/\/zs.gromnik.pl\/zs\/wp-content\/uploads\/2020\/01\/P_20190801_103619_vHDR_Auto-1024x576.jpg 1024w, http:\/\/zs.gromnik.pl\/zs\/wp-content\/uploads\/2020\/01\/P_20190801_103619_vHDR_Auto-300x169.jpg 300w, http:\/\/zs.gromnik.pl\/zs\/wp-content\/uploads\/2020\/01\/P_20190801_103619_vHDR_Auto-768x432.jpg 768w, http:\/\/zs.gromnik.pl\/zs\/wp-content\/uploads\/2020\/01\/P_20190801_103619_vHDR_Auto-820x461.jpg 820w\" sizes=\"(max-width: 449px) 100vw, 449px\" \/><\/figure><\/div>\n\n\n\n<p>Nauczyciele\nbyli bardzo przyja\u017anie nastawieni, wspaniale przygotowani pod wzgl\u0119dem\nmerytorycznym, zaj\u0119cia by\u0142y prowadzone w spos\u00f3b interesuj\u0105cy i zr\u00f3\u017cnicowany \u2013\nciekawe metody oraz \u015brodki. Pozna\u0142am mi\u0119dzy innymi program do prezentacji\nmultimedialnych Prezi, Movie Maker edytor wideo, Socrative umo\u017cliwiaj\u0105cy\nuk\u0142adanie test\u00f3w wielokrotnego wyboru prawda\/fa\u0142sz lub ankiety, Kahoot gdzie\nu\u017cytkownicy mog\u0105 tworzy\u0107 w\u0142asne quizy przeznaczone do wykorzystania przez\ninnych. Szko\u0142a jest miejscem bardzo przyjaznym dla kursant\u00f3w. Zaj\u0119cia odbywa\u0142y\nsi\u0119 od poniedzia\u0142ku do pi\u0105tku w godzinach od 9.00 \u2013 14.30 z kilkoma kr\u00f3tkimi\nprzerwami. Ka\u017cdy uczestnik kursu m\u00f3g\u0142 bra\u0107 udzia\u0142 w wycieczkach fakultatywnych\norganizowanych przez szko\u0142\u0119. Ja skorzysta\u0142am z dw\u00f3ch by\u0142 to wyjazd do stolicy\nMalty Valletty oraz Mdiny (stare miasto \u2013 dawna stolica Malty). <\/p>\n\n\n\n<div class=\"wp-block-image\"><figure class=\"aligncenter is-resized\"><img loading=\"lazy\" src=\"http:\/\/www.zs.gromnik.pl\/zs\/wp-content\/uploads\/2020\/01\/IMG_20190807_094507-1024x768.jpg\" alt=\"\" class=\"wp-image-5049\" width=\"435\" height=\"327\" srcset=\"http:\/\/zs.gromnik.pl\/zs\/wp-content\/uploads\/2020\/01\/IMG_20190807_094507-1024x768.jpg 1024w, http:\/\/zs.gromnik.pl\/zs\/wp-content\/uploads\/2020\/01\/IMG_20190807_094507-300x225.jpg 300w, http:\/\/zs.gromnik.pl\/zs\/wp-content\/uploads\/2020\/01\/IMG_20190807_094507-768x576.jpg 768w, http:\/\/zs.gromnik.pl\/zs\/wp-content\/uploads\/2020\/01\/IMG_20190807_094507-820x615.jpg 820w\" sizes=\"(max-width: 435px) 100vw, 435px\" \/><\/figure><\/div>\n\n\n\n<p>Podczas\npobytu na Malcie mia\u0142am okazj\u0119 zwiedzi\u0107 to pa\u0144stwo, pozna\u0107 jego histori\u0119,\nzabytki a tak\u017ce kultur\u0119. Malta wraz z przynale\u017cnymi do niej wyspami mi\u0119dzy\ninnymi Gozo i Comino to kraj le\u017c\u0105cy w sercu Morza \u015ar\u00f3dziemnego. Jej historia\nsi\u0119ga tysi\u0119cy lat a Valletta stolica z 320 zabytkami jest wpisana na list\u0119\n\u015bwiatowego dziedzictwa UNESCO, jak r\u00f3wnie\u017c klify wyst\u0119puj\u0105ce w rejonach Gozo.\nZr\u00f3\u017cnicowana linia brzegowa obfituje w piaszczyste pla\u017ce, skaliste zatoczki i\nprzede wszystkim, g\u0142\u0119bokie, naturalne ukszta\u0142towane porty. Ciekawostk\u0105\nturystyczn\u0105 jest niew\u0105tpliwie Lazurowe okno, jest to skalny \u0142uk, kt\u00f3ry znajduje\nsi\u0119 na wyspie Gozo. Miejsce to by\u0142o inspiracj\u0105 do wykonania zdj\u0119\u0107\nwykorzystanych w filmie \u201eGra o tron\u201d. &nbsp;<\/p>\n\n\n\n<div class=\"wp-block-image\"><figure class=\"aligncenter is-resized\"><img loading=\"lazy\" src=\"http:\/\/www.zs.gromnik.pl\/zs\/wp-content\/uploads\/2020\/01\/P_20190803_112004_vHDR_On-1024x576.jpg\" alt=\"\" class=\"wp-image-5057\" width=\"441\" height=\"248\" srcset=\"http:\/\/zs.gromnik.pl\/zs\/wp-content\/uploads\/2020\/01\/P_20190803_112004_vHDR_On-1024x576.jpg 1024w, http:\/\/zs.gromnik.pl\/zs\/wp-content\/uploads\/2020\/01\/P_20190803_112004_vHDR_On-300x169.jpg 300w, http:\/\/zs.gromnik.pl\/zs\/wp-content\/uploads\/2020\/01\/P_20190803_112004_vHDR_On-768x432.jpg 768w, http:\/\/zs.gromnik.pl\/zs\/wp-content\/uploads\/2020\/01\/P_20190803_112004_vHDR_On-820x461.jpg 820w\" sizes=\"(max-width: 441px) 100vw, 441px\" \/><\/figure><\/div>\n\n\n\n<p>Udzia\u0142 w\nkursie metodycznym to dla mnie bardzo cenne do\u015bwiadczenie pod wzgl\u0119dem\nzawodowym. Okazja do doskonalenia w\u0142asnych umiej\u0119tno\u015bci j\u0119zykowych i\npedagogicznych. Omawiane podczas kursu techniki i metody, dyskusje i wymiana\ndo\u015bwiadcze\u0144 by\u0142y dla mnie okazj\u0105 do skonfrontowania dotychczasowej wiedzy i\numiej\u0119tno\u015bci w sferze metodycznej z tymi \u015bwie\u017co poznanymi, co niew\u0105tpliwie\nprzyczyni\u0142o si\u0119 do podniesienia moich kwalifikacji zawodowych, umo\u017cliwi\u0142 mi\ndost\u0119p do nowych materia\u0142\u00f3w, technik i metod nauczania. Poszerzy\u0142 wiedz\u0119 z\nzakresu kulturoznawstwa, umo\u017cliwi\u0142 wymian\u0119 do\u015bwiadcze\u0144 z nauczycielami z innych\nkraj\u00f3w co inspiruje do wcielania nowych pomys\u0142\u00f3w i sposob\u00f3w\nuatrakcyjniania&nbsp; prowadzonych przeze mnie\nzaj\u0119\u0107.<\/p>\n\n\n\n<p style=\"text-align:right\">&nbsp;&nbsp;&nbsp;&nbsp;&nbsp;&nbsp;&nbsp;&nbsp;&nbsp;&nbsp;&nbsp;&nbsp;&nbsp;&nbsp;&nbsp;&nbsp;&nbsp;&nbsp;&nbsp;&nbsp;&nbsp;&nbsp;&nbsp;&nbsp;&nbsp;&nbsp;&nbsp;&nbsp;&nbsp;&nbsp;&nbsp;&nbsp;&nbsp;&nbsp;&nbsp;&nbsp;&nbsp;&nbsp;&nbsp;&nbsp;&nbsp;&nbsp;&nbsp;&nbsp;&nbsp;&nbsp;&nbsp;&nbsp;&nbsp;&nbsp;&nbsp;&nbsp;&nbsp;&nbsp;&nbsp;&nbsp;&nbsp;&nbsp;&nbsp;&nbsp;&nbsp;&nbsp;&nbsp;&nbsp;&nbsp;&nbsp;&nbsp;&nbsp;&nbsp;&nbsp;&nbsp;&nbsp;&nbsp;&nbsp;&nbsp;&nbsp;&nbsp;&nbsp;&nbsp;&nbsp;&nbsp;&nbsp;&nbsp;&nbsp;&nbsp;&nbsp;&nbsp;&nbsp;&nbsp;&nbsp;&nbsp;&nbsp;&nbsp;&nbsp;&nbsp;&nbsp;&nbsp;&nbsp;&nbsp;&nbsp;&nbsp;&nbsp;&nbsp;&nbsp;&nbsp;&nbsp;&nbsp;&nbsp;&nbsp;&nbsp;&nbsp;&nbsp;&nbsp;&nbsp;&nbsp;&nbsp;&nbsp;&nbsp;&nbsp;&nbsp;&nbsp;&nbsp;&nbsp;&nbsp;&nbsp;&nbsp;&nbsp;&nbsp;&nbsp;&nbsp;&nbsp;&nbsp;&nbsp;&nbsp;&nbsp;&nbsp;&nbsp;&nbsp;&nbsp;&nbsp; Kinga\nZag\u00f3rska<\/p>\n\n\n\n<div class=\"wp-block-image\"><figure class=\"aligncenter\"><img loading=\"lazy\" width=\"1024\" height=\"174\" src=\"http:\/\/www.zs.gromnik.pl\/zs\/wp-content\/uploads\/2020\/01\/P_20190801_164735_PN-1024x174.jpg\" alt=\"\" class=\"wp-image-5055\" srcset=\"http:\/\/zs.gromnik.pl\/zs\/wp-content\/uploads\/2020\/01\/P_20190801_164735_PN-1024x174.jpg 1024w, http:\/\/zs.gromnik.pl\/zs\/wp-content\/uploads\/2020\/01\/P_20190801_164735_PN-300x51.jpg 300w, http:\/\/zs.gromnik.pl\/zs\/wp-content\/uploads\/2020\/01\/P_20190801_164735_PN-768x130.jpg 768w, http:\/\/zs.gromnik.pl\/zs\/wp-content\/uploads\/2020\/01\/P_20190801_164735_PN-820x139.jpg 820w\" sizes=\"(max-width: 1024px) 100vw, 1024px\" \/><\/figure><\/div>\n\n\n\n<p>Report on the Erasmus+ Project \u201ePonadnarodowa mobilno\u015b\u0107 kadry edukacji szkolnej\u201d funded&nbsp; by the POWER programme&nbsp; and carried out according to the Erasmus+ sektor Edukacja szkolna Programme<\/p>\n\n\n\n<p>Between July 29 and August 09, 2019, I participated in\nthe \u201ePonadwymiarowa mobilno\u015b\u0107 kadry edukacji szkolnej\u201d project funded by the\nPOWER programme and carried out according to the Erasmus+ sektor Edukacja\nszkolna programme. I enrolled in a course offered by the Alpha School of\nEnglish in St. Paul\u2019s Bay in Malta. The course consisted of 60 hrs of classes\nbut also other activities and trips. Participants from many European countries\n\u2013 Hungry, Spain, the Czech Republic, Bulgaria and Poland \u2013 attended the classes\nwith me and my friends.<\/p>\n\n\n\n<div class=\"wp-block-image\"><figure class=\"aligncenter is-resized\"><img loading=\"lazy\" src=\"http:\/\/www.zs.gromnik.pl\/zs\/wp-content\/uploads\/2020\/01\/P_20190803_124927_vHDR_On-1024x576.jpg\" alt=\"\" class=\"wp-image-5058\" width=\"428\" height=\"241\" srcset=\"http:\/\/zs.gromnik.pl\/zs\/wp-content\/uploads\/2020\/01\/P_20190803_124927_vHDR_On-1024x576.jpg 1024w, http:\/\/zs.gromnik.pl\/zs\/wp-content\/uploads\/2020\/01\/P_20190803_124927_vHDR_On-300x169.jpg 300w, http:\/\/zs.gromnik.pl\/zs\/wp-content\/uploads\/2020\/01\/P_20190803_124927_vHDR_On-768x432.jpg 768w, http:\/\/zs.gromnik.pl\/zs\/wp-content\/uploads\/2020\/01\/P_20190803_124927_vHDR_On-820x461.jpg 820w\" sizes=\"(max-width: 428px) 100vw, 428px\" \/><\/figure><\/div>\n\n\n\n<p>The main objective of the course was learning and\nperfecting our English language skills. Apart from that, we were learning about\npractical uses of modern technologies and equipment \u2013 such as interactive\nwhiteboards, audio and video devices \u2013 in the classroom. We also looked at the\nbenefits of using blogs and social media websites for educational purposes. In\naddition, we expanded our knowledge about foreign cultures.<\/p>\n\n\n\n<p>Our teachers had a very friendly and positive attitude.\nThey were always well prepared for classes which were conducted in a\nprofessional and interesting way; they used different methods and educational\naids. During the course, among other things, I learnt about Prezi, a\npresentation software and online presentation tool, the Movie Maker video\nediting software, Socrative an online assessment tool, Kahoot, a game-based online\nlearning platform. In general, the school was a very student-friendly\nenvironment. The classes took place from Monday to Friday, from 9 a.m. to 2.30 p.m.\nWe had a few short breaks during the day. Every participant could take part in\nsightseeing trips organized by the school. I went on two trips \u2013 I visited the\ncapital of Malta, Valleta, and Mdina, the previous capital. <\/p>\n\n\n\n<div class=\"wp-block-image\"><figure class=\"aligncenter is-resized\"><img loading=\"lazy\" src=\"http:\/\/www.zs.gromnik.pl\/zs\/wp-content\/uploads\/2020\/01\/IMG_20190803_154254-1024x768.jpg\" alt=\"\" class=\"wp-image-5048\" width=\"393\" height=\"295\" srcset=\"http:\/\/zs.gromnik.pl\/zs\/wp-content\/uploads\/2020\/01\/IMG_20190803_154254-1024x768.jpg 1024w, http:\/\/zs.gromnik.pl\/zs\/wp-content\/uploads\/2020\/01\/IMG_20190803_154254-300x225.jpg 300w, http:\/\/zs.gromnik.pl\/zs\/wp-content\/uploads\/2020\/01\/IMG_20190803_154254-768x576.jpg 768w, http:\/\/zs.gromnik.pl\/zs\/wp-content\/uploads\/2020\/01\/IMG_20190803_154254-820x615.jpg 820w\" sizes=\"(max-width: 393px) 100vw, 393px\" \/><\/figure><\/div>\n\n\n\n<p>During my stay I had an opportunity to explore the\ncountry \u2013 learn about its history and culture. Malta is an archipelago in the\ncentral Mediterranean Sea. The biggest islands are Malta, Gozo and Comino.\nMalta is an ancient coutry; its capital \u2013 Valleta \u2013 was officially recognised\nas a World Heritage Site by UNESCO in 1980, along with the cliffs in the Gozo\nregion. The coastline is full of beaches, rocky bays and natural harbours. One\nof the most popular tourist attractions is the Azure Window \u2013 a rock arch on\nthe Gozo island. This amazing spot was used as the movie set for the Game of\nThrones series.<\/p>\n\n\n\n<div class=\"wp-block-image\"><figure class=\"aligncenter is-resized\"><img loading=\"lazy\" src=\"http:\/\/www.zs.gromnik.pl\/zs\/wp-content\/uploads\/2020\/01\/P_20190801_103248_vHDR_Auto-1024x576.jpg\" alt=\"\" class=\"wp-image-5053\" width=\"440\" height=\"247\" srcset=\"http:\/\/zs.gromnik.pl\/zs\/wp-content\/uploads\/2020\/01\/P_20190801_103248_vHDR_Auto-1024x576.jpg 1024w, http:\/\/zs.gromnik.pl\/zs\/wp-content\/uploads\/2020\/01\/P_20190801_103248_vHDR_Auto-300x169.jpg 300w, http:\/\/zs.gromnik.pl\/zs\/wp-content\/uploads\/2020\/01\/P_20190801_103248_vHDR_Auto-768x432.jpg 768w, http:\/\/zs.gromnik.pl\/zs\/wp-content\/uploads\/2020\/01\/P_20190801_103248_vHDR_Auto-820x461.jpg 820w\" sizes=\"(max-width: 440px) 100vw, 440px\" \/><\/figure><\/div>\n\n\n\n<p>Taking part in the course was a very valuable\neducational experience. I had a great opportunity to improve my language and\npedagogical skills. The methods and techniques which I learnt about during the\ncourse gave me a chance to assess my knowledge and methodological approach. My\nawareness about new teaching materials, techniques and methods has\nsignificantly increased. It also definitely raised my professional\nqualifications. The whole stay allowed me to expand my knowledge about foreign\ncultures and enabled an exchange of experience between teachers from different\ncountries. I am sure I will use this experience and learning to enhance my\nteaching methods and prepare better, more interesting classes. <\/p>\n\n\n\n<p style=\"text-align:right\">Kinga Zag\u00f3rska<\/p>\n","protected":false},"excerpt":{"rendered":"<p>\u201ePonadnarodowa mobilno\u015b\u0107 kadry edukacji szkolnej\u201d realizowany ze \u015brodk\u00f3w POWER na zasadach Programu Erasmus+ sektor Edukacja szkolna W dniach 29. 07. 2019 r. \u2013 9. 08. 2019 r. uczestniczy\u0142am w projekcie \u201ePonadnarodowa mobilno\u015b\u0107 kadry edukacji szkolnej\u201d realizowany ze \u015brodk\u00f3w POWER na zasadach Programu Erasmus+ sektor Edukacja szkolna. Zaj\u0119cia odbywa\u0142y si\u0119 w szkole Alpha School of English, znajduj\u0105cym si\u0119 w przepi\u0119knym mie\u015bcie St. Paul\u2019s Bay na wyspie Malta. Kurs obejmowa\u0142 60 godzin zaj\u0119\u0107 lekcyjnych oraz r\u00f3\u017cnego rodzaju zaj\u0119\u0107 i wycieczek fakultatywnych. Uczestnikami szkolenia byli nauczyciele z r\u00f3\u017cnych kraj\u00f3w europejskich w tym z W\u0119gier, Hiszpanii, Czech, Bu\u0142garii oraz Polski. Celem zaj\u0119\u0107 by\u0142o doskonalenie znajomo\u015bci j\u0119zyka angielskiego, praktyczne podej\u015bcie do korzystania z nowoczesnych technologii w klasie, takich jak interaktywne tablice, zasoby audio, wideo, blogi i media spo\u0142eczno\u015bciowe, aktualizacja i poszerzanie wiadomo\u015bci krajoznawczych. Nauczyciele byli bardzo przyja\u017anie nastawieni, wspaniale przygotowani pod wzgl\u0119dem merytorycznym, zaj\u0119cia by\u0142y prowadzone w spos\u00f3b interesuj\u0105cy i zr\u00f3\u017cnicowany \u2013 ciekawe metody oraz \u015brodki. Pozna\u0142am mi\u0119dzy innymi program do prezentacji multimedialnych Prezi, Movie Maker edytor wideo, Socrative umo\u017cliwiaj\u0105cy uk\u0142adanie test\u00f3w wielokrotnego wyboru prawda\/fa\u0142sz lub ankiety, Kahoot gdzie u\u017cytkownicy mog\u0105 tworzy\u0107 w\u0142asne quizy przeznaczone do wykorzystania przez innych. Szko\u0142a jest miejscem bardzo przyjaznym dla kursant\u00f3w. Zaj\u0119cia odbywa\u0142y si\u0119 od poniedzia\u0142ku do pi\u0105tku w godzinach od 9.00 \u2013 14.30 z kilkoma kr\u00f3tkimi przerwami. Ka\u017cdy uczestnik kursu m\u00f3g\u0142 bra\u0107 udzia\u0142 w wycieczkach fakultatywnych organizowanych przez szko\u0142\u0119. Ja skorzysta\u0142am z dw\u00f3ch by\u0142 to wyjazd do stolicy Malty Valletty oraz Mdiny (stare miasto \u2013 dawna stolica Malty). Podczas pobytu na Malcie mia\u0142am okazj\u0119 zwiedzi\u0107 to pa\u0144stwo, pozna\u0107 jego histori\u0119, zabytki a tak\u017ce kultur\u0119. Malta wraz z przynale\u017cnymi do niej wyspami mi\u0119dzy innymi Gozo i Comino to kraj le\u017c\u0105cy w sercu Morza \u015ar\u00f3dziemnego. Jej historia si\u0119ga tysi\u0119cy lat a Valletta stolica z 320 zabytkami jest wpisana na list\u0119 \u015bwiatowego dziedzictwa UNESCO, jak r\u00f3wnie\u017c klify wyst\u0119puj\u0105ce w rejonach Gozo. Zr\u00f3\u017cnicowana linia brzegowa obfituje w piaszczyste pla\u017ce, skaliste zatoczki i przede wszystkim, g\u0142\u0119bokie, naturalne ukszta\u0142towane porty. Ciekawostk\u0105 turystyczn\u0105 jest niew\u0105tpliwie Lazurowe okno, jest to skalny \u0142uk, kt\u00f3ry znajduje si\u0119 na wyspie Gozo. Miejsce to by\u0142o inspiracj\u0105 do wykonania zdj\u0119\u0107 wykorzystanych w filmie \u201eGra o tron\u201d. &nbsp; Udzia\u0142 w kursie metodycznym to dla mnie bardzo cenne do\u015bwiadczenie pod wzgl\u0119dem zawodowym. Okazja do doskonalenia w\u0142asnych umiej\u0119tno\u015bci j\u0119zykowych i pedagogicznych. Omawiane podczas kursu techniki i metody, dyskusje i wymiana do\u015bwiadcze\u0144 by\u0142y dla mnie okazj\u0105 do skonfrontowania dotychczasowej wiedzy i umiej\u0119tno\u015bci w sferze metodycznej z tymi \u015bwie\u017co poznanymi, co niew\u0105tpliwie przyczyni\u0142o si\u0119 do podniesienia moich kwalifikacji zawodowych, umo\u017cliwi\u0142 mi dost\u0119p do nowych materia\u0142\u00f3w, technik i metod nauczania. Poszerzy\u0142 wiedz\u0119 z zakresu kulturoznawstwa, umo\u017cliwi\u0142 wymian\u0119 do\u015bwiadcze\u0144 z nauczycielami z innych kraj\u00f3w co inspiruje do wcielania nowych pomys\u0142\u00f3w i sposob\u00f3w uatrakcyjniania&nbsp; prowadzonych przeze mnie zaj\u0119\u0107. &nbsp;&nbsp;&nbsp;&nbsp;&nbsp;&nbsp;&nbsp;&nbsp;&nbsp;&nbsp;&nbsp;&nbsp;&nbsp;&nbsp;&nbsp;&nbsp;&nbsp;&nbsp;&nbsp;&nbsp;&nbsp;&nbsp;&nbsp;&nbsp;&nbsp;&nbsp;&nbsp;&nbsp;&nbsp;&nbsp;&nbsp;&nbsp;&nbsp;&nbsp;&nbsp;&nbsp;&nbsp;&nbsp;&nbsp;&nbsp;&nbsp;&nbsp;&nbsp;&nbsp;&nbsp;&nbsp;&nbsp;&nbsp;&nbsp;&nbsp;&nbsp;&nbsp;&nbsp;&nbsp;&nbsp;&nbsp;&nbsp;&nbsp;&nbsp;&nbsp;&nbsp;&nbsp;&nbsp;&nbsp;&nbsp;&nbsp;&nbsp;&nbsp;&nbsp;&nbsp;&nbsp;&nbsp;&nbsp;&nbsp;&nbsp;&nbsp;&nbsp;&nbsp;&nbsp;&nbsp;&nbsp;&nbsp;&nbsp;&nbsp;&nbsp;&nbsp;&nbsp;&nbsp;&nbsp;&nbsp;&nbsp;&nbsp;&nbsp;&nbsp;&nbsp;&nbsp;&nbsp;&nbsp;&nbsp;&nbsp;&nbsp;&nbsp;&nbsp;&nbsp;&nbsp;&nbsp;&nbsp;&nbsp;&nbsp;&nbsp;&nbsp;&nbsp;&nbsp;&nbsp;&nbsp;&nbsp;&nbsp;&nbsp;&nbsp;&nbsp;&nbsp;&nbsp;&nbsp;&nbsp;&nbsp;&nbsp;&nbsp;&nbsp;&nbsp;&nbsp;&nbsp;&nbsp;&nbsp;&nbsp;&nbsp;&nbsp;&nbsp;&nbsp;&nbsp;&nbsp; Kinga Zag\u00f3rska Report on the Erasmus+ Project \u201ePonadnarodowa mobilno\u015b\u0107 kadry edukacji szkolnej\u201d funded&nbsp; by the POWER programme&nbsp; and carried out according to the Erasmus+ sektor Edukacja szkolna Programme Between July 29 and August 09, 2019, I participated in the \u201ePonadwymiarowa mobilno\u015b\u0107 kadry edukacji szkolnej\u201d project funded by the POWER programme and carried out according to the Erasmus+ sektor Edukacja szkolna programme. I enrolled in a course offered by the Alpha School of English in St. Paul\u2019s Bay in Malta. The course consisted of 60 hrs of classes but also other activities and trips. Participants from many European countries \u2013 Hungry, Spain, the Czech Republic, Bulgaria and Poland \u2013 attended the classes with me and my friends. The main objective of the course was learning and perfecting our English language skills. Apart from that, we were learning about practical uses of modern technologies and equipment \u2013 such as interactive whiteboards, audio and video devices \u2013 in the classroom. We also looked at the benefits of using blogs and social media websites for educational purposes. In addition, we expanded our knowledge about foreign cultures. Our teachers had a very friendly and positive attitude. They were always well prepared for classes which were conducted in a professional and interesting way; they used different methods and educational aids. During the course, among other things, I learnt about Prezi, a presentation software and online presentation tool, the Movie Maker video editing software, Socrative an online assessment tool, Kahoot, a game-based online learning platform. In general, the school was a very student-friendly environment. The classes took place from Monday to Friday, from 9 a.m. to 2.30 p.m. We had a few short breaks during the day. Every participant could take part in sightseeing trips organized by the school. I went on two trips \u2013 I visited the capital of Malta, Valleta, and Mdina, the previous capital. During my stay I had an opportunity to explore the country \u2013 learn about its history and culture. Malta is an archipelago in the central Mediterranean Sea. The biggest islands are Malta, Gozo and Comino. Malta is an ancient coutry; its capital \u2013 Valleta \u2013 was officially recognised as a World Heritage Site by UNESCO in 1980, along with the cliffs in the Gozo region. The coastline is full of beaches, rocky bays and natural harbours. One of the most popular tourist attractions is the Azure Window \u2013 a rock arch on the Gozo island. This amazing spot was used as the movie set for the Game of Thrones series. Taking part in the course was a very valuable educational experience. I had a great opportunity to improve my language and pedagogical skills. The methods and techniques which I learnt about during the course gave me a chance to assess my knowledge and methodological approach. My awareness about new teaching materials, techniques and methods has significantly increased. It also definitely raised my professional qualifications. The whole stay allowed me to expand my knowledge about foreign cultures and enabled an exchange of experience between teachers from different countries. I am sure I will use this experience and learning to enhance my teaching methods and prepare better, more interesting classes. Kinga Zag\u00f3rska<\/p>\n","protected":false},"author":6,"featured_media":5054,"comment_status":"closed","ping_status":"open","sticky":false,"template":"","format":"standard","meta":[],"categories":[33],"tags":[],"yoast_head":"<!-- This site is optimized with the Yoast SEO plugin v19.8 - https:\/\/yoast.com\/wordpress\/plugins\/seo\/ -->\n<title>Malta - kurs metodyczny - Zesp\u00f3\u0142 Szk\u00f3\u0142 w Gromniku<\/title>\n<meta name=\"description\" content=\"Zesp\u00f3\u0142 Szk\u00f3\u0142 w Gromniku\" \/>\n<meta name=\"robots\" content=\"index, follow, max-snippet:-1, max-image-preview:large, max-video-preview:-1\" \/>\n<link rel=\"canonical\" href=\"http:\/\/zs.gromnik.pl\/zs\/malta-kurs-jezykowy\/\" \/>\n<meta property=\"og:locale\" content=\"pl_PL\" \/>\n<meta property=\"og:type\" content=\"article\" \/>\n<meta property=\"og:title\" content=\"Malta - kurs metodyczny - Zesp\u00f3\u0142 Szk\u00f3\u0142 w Gromniku\" \/>\n<meta property=\"og:description\" content=\"Zesp\u00f3\u0142 Szk\u00f3\u0142 w Gromniku\" \/>\n<meta property=\"og:url\" content=\"http:\/\/zs.gromnik.pl\/zs\/malta-kurs-jezykowy\/\" \/>\n<meta property=\"og:site_name\" content=\"Zesp\u00f3\u0142 Szk\u00f3\u0142 w Gromniku\" \/>\n<meta property=\"article:publisher\" content=\"https:\/\/www.facebook.com\/zsgromnik\" \/>\n<meta property=\"article:published_time\" content=\"2020-01-05T11:05:18+00:00\" \/>\n<meta property=\"article:modified_time\" content=\"2020-01-08T20:24:21+00:00\" \/>\n<meta property=\"og:image\" content=\"http:\/\/zs.gromnik.pl\/zs\/wp-content\/uploads\/2020\/01\/P_20190801_103619_vHDR_Auto-1024x576.jpg\" \/>\n\t<meta property=\"og:image:width\" content=\"1024\" \/>\n\t<meta property=\"og:image:height\" content=\"576\" \/>\n\t<meta property=\"og:image:type\" content=\"image\/jpeg\" \/>\n<meta name=\"author\" content=\"Patrycja Kubicz\" \/>\n<meta name=\"twitter:card\" content=\"summary_large_image\" \/>\n<meta name=\"twitter:label1\" content=\"Napisane przez\" \/>\n\t<meta name=\"twitter:data1\" content=\"Patrycja Kubicz\" \/>\n\t<meta name=\"twitter:label2\" content=\"Szacowany czas czytania\" \/>\n\t<meta name=\"twitter:data2\" content=\"6 minut\" \/>\n<script type=\"application\/ld+json\" class=\"yoast-schema-graph\">{\"@context\":\"https:\/\/schema.org\",\"@graph\":[{\"@type\":\"WebPage\",\"@id\":\"http:\/\/zs.gromnik.pl\/zs\/malta-kurs-jezykowy\/\",\"url\":\"http:\/\/zs.gromnik.pl\/zs\/malta-kurs-jezykowy\/\",\"name\":\"Malta - kurs metodyczny - Zesp\u00f3\u0142 Szk\u00f3\u0142 w Gromniku\",\"isPartOf\":{\"@id\":\"https:\/\/zs.gromnik.pl\/zs\/#website\"},\"datePublished\":\"2020-01-05T11:05:18+00:00\",\"dateModified\":\"2020-01-08T20:24:21+00:00\",\"author\":{\"@id\":\"https:\/\/zs.gromnik.pl\/zs\/#\/schema\/person\/8ceca2902a7d39b77622ae2e117d831a\"},\"description\":\"Zesp\u00f3\u0142 Szk\u00f3\u0142 w Gromniku\",\"breadcrumb\":{\"@id\":\"http:\/\/zs.gromnik.pl\/zs\/malta-kurs-jezykowy\/#breadcrumb\"},\"inLanguage\":\"pl-PL\",\"potentialAction\":[{\"@type\":\"ReadAction\",\"target\":[\"http:\/\/zs.gromnik.pl\/zs\/malta-kurs-jezykowy\/\"]}]},{\"@type\":\"BreadcrumbList\",\"@id\":\"http:\/\/zs.gromnik.pl\/zs\/malta-kurs-jezykowy\/#breadcrumb\",\"itemListElement\":[{\"@type\":\"ListItem\",\"position\":1,\"name\":\"Strona g\u0142\u00f3wna\",\"item\":\"https:\/\/zs.gromnik.pl\/zs\/\"},{\"@type\":\"ListItem\",\"position\":2,\"name\":\"Malta &#8211; kurs metodyczny\"}]},{\"@type\":\"WebSite\",\"@id\":\"https:\/\/zs.gromnik.pl\/zs\/#website\",\"url\":\"https:\/\/zs.gromnik.pl\/zs\/\",\"name\":\"Zesp\u00f3\u0142 Szk\u00f3\u0142 w Gromniku\",\"description\":\"\",\"potentialAction\":[{\"@type\":\"SearchAction\",\"target\":{\"@type\":\"EntryPoint\",\"urlTemplate\":\"https:\/\/zs.gromnik.pl\/zs\/?s={search_term_string}\"},\"query-input\":\"required name=search_term_string\"}],\"inLanguage\":\"pl-PL\"},{\"@type\":\"Person\",\"@id\":\"https:\/\/zs.gromnik.pl\/zs\/#\/schema\/person\/8ceca2902a7d39b77622ae2e117d831a\",\"name\":\"Patrycja Kubicz\",\"image\":{\"@type\":\"ImageObject\",\"inLanguage\":\"pl-PL\",\"@id\":\"https:\/\/zs.gromnik.pl\/zs\/#\/schema\/person\/image\/\",\"url\":\"http:\/\/0.gravatar.com\/avatar\/fdb188d3851f5cc80ba3148c853f5f66?s=96&d=mm&r=g\",\"contentUrl\":\"http:\/\/0.gravatar.com\/avatar\/fdb188d3851f5cc80ba3148c853f5f66?s=96&d=mm&r=g\",\"caption\":\"Patrycja Kubicz\"},\"url\":\"http:\/\/zs.gromnik.pl\/zs\/author\/pkubicz\/\"}]}<\/script>\n<!-- \/ Yoast SEO plugin. -->","yoast_head_json":{"title":"Malta - kurs metodyczny - Zesp\u00f3\u0142 Szk\u00f3\u0142 w Gromniku","description":"Zesp\u00f3\u0142 Szk\u00f3\u0142 w Gromniku","robots":{"index":"index","follow":"follow","max-snippet":"max-snippet:-1","max-image-preview":"max-image-preview:large","max-video-preview":"max-video-preview:-1"},"canonical":"http:\/\/zs.gromnik.pl\/zs\/malta-kurs-jezykowy\/","og_locale":"pl_PL","og_type":"article","og_title":"Malta - kurs metodyczny - Zesp\u00f3\u0142 Szk\u00f3\u0142 w Gromniku","og_description":"Zesp\u00f3\u0142 Szk\u00f3\u0142 w Gromniku","og_url":"http:\/\/zs.gromnik.pl\/zs\/malta-kurs-jezykowy\/","og_site_name":"Zesp\u00f3\u0142 Szk\u00f3\u0142 w Gromniku","article_publisher":"https:\/\/www.facebook.com\/zsgromnik","article_published_time":"2020-01-05T11:05:18+00:00","article_modified_time":"2020-01-08T20:24:21+00:00","og_image":[{"width":1024,"height":576,"url":"http:\/\/zs.gromnik.pl\/zs\/wp-content\/uploads\/2020\/01\/P_20190801_103619_vHDR_Auto-1024x576.jpg","type":"image\/jpeg"}],"author":"Patrycja Kubicz","twitter_card":"summary_large_image","twitter_misc":{"Napisane przez":"Patrycja Kubicz","Szacowany czas czytania":"6 minut"},"schema":{"@context":"https:\/\/schema.org","@graph":[{"@type":"WebPage","@id":"http:\/\/zs.gromnik.pl\/zs\/malta-kurs-jezykowy\/","url":"http:\/\/zs.gromnik.pl\/zs\/malta-kurs-jezykowy\/","name":"Malta - kurs metodyczny - Zesp\u00f3\u0142 Szk\u00f3\u0142 w Gromniku","isPartOf":{"@id":"https:\/\/zs.gromnik.pl\/zs\/#website"},"datePublished":"2020-01-05T11:05:18+00:00","dateModified":"2020-01-08T20:24:21+00:00","author":{"@id":"https:\/\/zs.gromnik.pl\/zs\/#\/schema\/person\/8ceca2902a7d39b77622ae2e117d831a"},"description":"Zesp\u00f3\u0142 Szk\u00f3\u0142 w Gromniku","breadcrumb":{"@id":"http:\/\/zs.gromnik.pl\/zs\/malta-kurs-jezykowy\/#breadcrumb"},"inLanguage":"pl-PL","potentialAction":[{"@type":"ReadAction","target":["http:\/\/zs.gromnik.pl\/zs\/malta-kurs-jezykowy\/"]}]},{"@type":"BreadcrumbList","@id":"http:\/\/zs.gromnik.pl\/zs\/malta-kurs-jezykowy\/#breadcrumb","itemListElement":[{"@type":"ListItem","position":1,"name":"Strona g\u0142\u00f3wna","item":"https:\/\/zs.gromnik.pl\/zs\/"},{"@type":"ListItem","position":2,"name":"Malta &#8211; kurs metodyczny"}]},{"@type":"WebSite","@id":"https:\/\/zs.gromnik.pl\/zs\/#website","url":"https:\/\/zs.gromnik.pl\/zs\/","name":"Zesp\u00f3\u0142 Szk\u00f3\u0142 w Gromniku","description":"","potentialAction":[{"@type":"SearchAction","target":{"@type":"EntryPoint","urlTemplate":"https:\/\/zs.gromnik.pl\/zs\/?s={search_term_string}"},"query-input":"required name=search_term_string"}],"inLanguage":"pl-PL"},{"@type":"Person","@id":"https:\/\/zs.gromnik.pl\/zs\/#\/schema\/person\/8ceca2902a7d39b77622ae2e117d831a","name":"Patrycja Kubicz","image":{"@type":"ImageObject","inLanguage":"pl-PL","@id":"https:\/\/zs.gromnik.pl\/zs\/#\/schema\/person\/image\/","url":"http:\/\/0.gravatar.com\/avatar\/fdb188d3851f5cc80ba3148c853f5f66?s=96&d=mm&r=g","contentUrl":"http:\/\/0.gravatar.com\/avatar\/fdb188d3851f5cc80ba3148c853f5f66?s=96&d=mm&r=g","caption":"Patrycja Kubicz"},"url":"http:\/\/zs.gromnik.pl\/zs\/author\/pkubicz\/"}]}},"_links":{"self":[{"href":"http:\/\/zs.gromnik.pl\/zs\/wp-json\/wp\/v2\/posts\/5046"}],"collection":[{"href":"http:\/\/zs.gromnik.pl\/zs\/wp-json\/wp\/v2\/posts"}],"about":[{"href":"http:\/\/zs.gromnik.pl\/zs\/wp-json\/wp\/v2\/types\/post"}],"author":[{"embeddable":true,"href":"http:\/\/zs.gromnik.pl\/zs\/wp-json\/wp\/v2\/users\/6"}],"replies":[{"embeddable":true,"href":"http:\/\/zs.gromnik.pl\/zs\/wp-json\/wp\/v2\/comments?post=5046"}],"version-history":[{"count":6,"href":"http:\/\/zs.gromnik.pl\/zs\/wp-json\/wp\/v2\/posts\/5046\/revisions"}],"predecessor-version":[{"id":5100,"href":"http:\/\/zs.gromnik.pl\/zs\/wp-json\/wp\/v2\/posts\/5046\/revisions\/5100"}],"wp:featuredmedia":[{"embeddable":true,"href":"http:\/\/zs.gromnik.pl\/zs\/wp-json\/wp\/v2\/media\/5054"}],"wp:attachment":[{"href":"http:\/\/zs.gromnik.pl\/zs\/wp-json\/wp\/v2\/media?parent=5046"}],"wp:term":[{"taxonomy":"category","embeddable":true,"href":"http:\/\/zs.gromnik.pl\/zs\/wp-json\/wp\/v2\/categories?post=5046"},{"taxonomy":"post_tag","embeddable":true,"href":"http:\/\/zs.gromnik.pl\/zs\/wp-json\/wp\/v2\/tags?post=5046"}],"curies":[{"name":"wp","href":"https:\/\/api.w.org\/{rel}","templated":true}]}}