{"id":5065,"date":"2020-01-05T12:25:48","date_gmt":"2020-01-05T11:25:48","guid":{"rendered":"http:\/\/www.zs.gromnik.pl\/zs\/?p=5065"},"modified":"2020-01-08T21:26:11","modified_gmt":"2020-01-08T20:26:11","slug":"malta-kurs-jezykowy-2","status":"publish","type":"post","link":"http:\/\/zs.gromnik.pl\/zs\/malta-kurs-jezykowy-2\/","title":{"rendered":"Malta &#8211; kurs j\u0119zykowy"},"content":{"rendered":"\n<div class=\"wp-block-image\"><figure class=\"aligncenter\"><img loading=\"lazy\" width=\"1024\" height=\"132\" src=\"http:\/\/www.zs.gromnik.pl\/zs\/wp-content\/uploads\/2019\/11\/FE_POWER_poziom_pl-1_rgb-1024x132.jpg\" alt=\"\" class=\"wp-image-4704\" srcset=\"http:\/\/zs.gromnik.pl\/zs\/wp-content\/uploads\/2019\/11\/FE_POWER_poziom_pl-1_rgb-1024x132.jpg 1024w, http:\/\/zs.gromnik.pl\/zs\/wp-content\/uploads\/2019\/11\/FE_POWER_poziom_pl-1_rgb-300x39.jpg 300w, http:\/\/zs.gromnik.pl\/zs\/wp-content\/uploads\/2019\/11\/FE_POWER_poziom_pl-1_rgb-768x99.jpg 768w, http:\/\/zs.gromnik.pl\/zs\/wp-content\/uploads\/2019\/11\/FE_POWER_poziom_pl-1_rgb-820x105.jpg 820w\" sizes=\"(max-width: 1024px) 100vw, 1024px\" \/><\/figure><\/div>\n\n\n\n<p>W\ndniach 28.07 \u2013 10.08.2019r. wzi\u0119\u0142am udzia\u0142 w mi\u0119dzynarodowym szkoleniu na\nMalcie. Celem wyjazdu by\u0142a nauka j\u0119zyka angielskiego, kt\u00f3rego znajomo\u015b\u0107 w\ndzisiejszych czasach jest nieodzowna.<\/p>\n\n\n\n<p>W\nramach przygotowa\u0144 do wyjazdu bra\u0142am udzia\u0142 w szkoleniu z zakresu kultury\nodwiedzanego kraju, kursie j\u0119zykowym i informatycznym.<\/p>\n\n\n\n<p>Po\nwielu tygodniach przygotowa\u0144 nast\u0105pi\u0142 najbardziej wyczekiwany moment- podr\u00f3\u017c na\nMalt\u0119. Hotel \u201eTopaz\u201d w kt\u00f3rym mieszka\u0142am i Alpha Shool of Anglish mieszcz\u0105 si\u0119\nw&nbsp;miejscowo\u015bci Saint Paul\u2019s Bay na p\u00f3\u0142nocnym wybrze\u017cu Malty.<\/p>\n\n\n\n<ul class=\"wp-container-2 wp-block-gallery-1 wp-block-gallery columns-4 is-cropped\"><li class=\"blocks-gallery-item\"><figure><img loading=\"lazy\" width=\"1024\" height=\"576\" src=\"http:\/\/www.zs.gromnik.pl\/zs\/wp-content\/uploads\/2020\/01\/20190802_103106-1024x576.jpg\" alt=\"\" data-id=\"5101\" data-link=\"http:\/\/www.zs.gromnik.pl\/zs\/malta-kurs-jezykowy-2\/20190802_103106\/\" class=\"wp-image-5101\" srcset=\"http:\/\/zs.gromnik.pl\/zs\/wp-content\/uploads\/2020\/01\/20190802_103106-1024x576.jpg 1024w, http:\/\/zs.gromnik.pl\/zs\/wp-content\/uploads\/2020\/01\/20190802_103106-300x169.jpg 300w, http:\/\/zs.gromnik.pl\/zs\/wp-content\/uploads\/2020\/01\/20190802_103106-768x432.jpg 768w, http:\/\/zs.gromnik.pl\/zs\/wp-content\/uploads\/2020\/01\/20190802_103106-820x461.jpg 820w\" sizes=\"(max-width: 1024px) 100vw, 1024px\" \/><\/figure><\/li><li class=\"blocks-gallery-item\"><figure><img loading=\"lazy\" width=\"1024\" height=\"768\" src=\"http:\/\/www.zs.gromnik.pl\/zs\/wp-content\/uploads\/2020\/01\/IMG_20190728_133512-1024x768.jpg\" alt=\"\" data-id=\"5102\" data-link=\"http:\/\/www.zs.gromnik.pl\/zs\/malta-kurs-jezykowy-2\/img_20190728_133512\/\" class=\"wp-image-5102\" srcset=\"http:\/\/zs.gromnik.pl\/zs\/wp-content\/uploads\/2020\/01\/IMG_20190728_133512-1024x768.jpg 1024w, http:\/\/zs.gromnik.pl\/zs\/wp-content\/uploads\/2020\/01\/IMG_20190728_133512-300x225.jpg 300w, http:\/\/zs.gromnik.pl\/zs\/wp-content\/uploads\/2020\/01\/IMG_20190728_133512-768x576.jpg 768w, http:\/\/zs.gromnik.pl\/zs\/wp-content\/uploads\/2020\/01\/IMG_20190728_133512-820x615.jpg 820w\" sizes=\"(max-width: 1024px) 100vw, 1024px\" \/><\/figure><\/li><li class=\"blocks-gallery-item\"><figure><img loading=\"lazy\" width=\"768\" height=\"1024\" src=\"http:\/\/www.zs.gromnik.pl\/zs\/wp-content\/uploads\/2020\/01\/IMG_20190729_123041-768x1024.jpg\" alt=\"\" data-id=\"5103\" data-link=\"http:\/\/www.zs.gromnik.pl\/zs\/malta-kurs-jezykowy-2\/img_20190729_123041\/\" class=\"wp-image-5103\" srcset=\"http:\/\/zs.gromnik.pl\/zs\/wp-content\/uploads\/2020\/01\/IMG_20190729_123041-768x1024.jpg 768w, http:\/\/zs.gromnik.pl\/zs\/wp-content\/uploads\/2020\/01\/IMG_20190729_123041-225x300.jpg 225w, http:\/\/zs.gromnik.pl\/zs\/wp-content\/uploads\/2020\/01\/IMG_20190729_123041-820x1093.jpg 820w\" sizes=\"(max-width: 768px) 100vw, 768px\" \/><\/figure><\/li><li class=\"blocks-gallery-item\"><figure><img loading=\"lazy\" width=\"1024\" height=\"768\" src=\"http:\/\/www.zs.gromnik.pl\/zs\/wp-content\/uploads\/2020\/01\/IMG_20190731_151558-1024x768.jpg\" alt=\"\" data-id=\"5104\" data-link=\"http:\/\/www.zs.gromnik.pl\/zs\/malta-kurs-jezykowy-2\/img_20190731_151558\/\" class=\"wp-image-5104\" srcset=\"http:\/\/zs.gromnik.pl\/zs\/wp-content\/uploads\/2020\/01\/IMG_20190731_151558-1024x768.jpg 1024w, http:\/\/zs.gromnik.pl\/zs\/wp-content\/uploads\/2020\/01\/IMG_20190731_151558-300x225.jpg 300w, http:\/\/zs.gromnik.pl\/zs\/wp-content\/uploads\/2020\/01\/IMG_20190731_151558-768x576.jpg 768w, http:\/\/zs.gromnik.pl\/zs\/wp-content\/uploads\/2020\/01\/IMG_20190731_151558-820x615.jpg 820w\" sizes=\"(max-width: 1024px) 100vw, 1024px\" \/><\/figure><\/li><\/ul>\n\n\n\n<p>Alpha\nSchool of English to szko\u0142a j\u0119zyka angielskiego dla obcokrajowc\u00f3w\nlicencjonowana przez Ministerstwo Edukacji i&nbsp;Ministerstwo Turystyki\nRepubliki Malty. Szko\u0142a prowadzi zaj\u0119cia z&nbsp;j\u0119zyka angielskiego dla dzieci,\nm\u0142odzie\u017cy i&nbsp;doros\u0142ych z r\u00f3\u017cnych zak\u0105tk\u00f3w \u015bwiata. Lekcje odbywa\u0142y si\u0119 w\nsystemie klasowym, w blokach 2 razy po 90 minut w grupie 8&nbsp;osobowej i 3\nblok &#8211; 90 minutowy to konwersacje w grupie 2 osobowej. W mojej grupie opr\u00f3cz\nmnie by\u0142o 3 Polak\u00f3w, Kubanka, 2 S\u0142owaczki i Bia\u0142orusinka, wi\u0119c opr\u00f3cz nauki gramatyki,\ns\u0142uchania, czytania i m\u00f3wienia w j\u0119zyku angielskim poznawali\u015bmy\ntak\u017ce kultur\u0119, zwyczaje i&nbsp;\u017cycie innych narodowo\u015bci. Brali\u015bmy tak\u017ce\nudzia\u0142 w 2 wycieczkach zorganizowanych przez szko\u0142\u0119 &#8211; zwiedzili\u015bmy stolic\u0119\nMalty Vallett\u0119, oraz \u201eMiasto Ciszy\u201d \u2013 Mdin\u0119 dawn\u0105 stolic\u0119, przepi\u0119kne\nklimatyczne miejsce.<\/p>\n\n\n\n<p>Po\nzaj\u0119ciach, w wolnym czasie zwiedzili\u015bmy Narodowe Akwarium Malta\u0144skie, wyspy Comino\ni Gozo. Na Gozo odwiedzili\u015bmy jej stolic\u0119 Viktori\u0119 i Cytadel\u0119, kt\u00f3rej pocz\u0105tki\nsi\u0119gaj\u0105 p\u00f3\u017anego \u015bredniowiecza. Korzystali\u015bmy tak\u017ce z k\u0105pieli s\u0142onecznych i\nwodnych na pi\u0119knych malta\u0144skich pla\u017cach &#8211; Blue Lagoon, Xlendi Bay, Golden Beach\nczy Riviera Bay. <\/p>\n\n\n\n<p>Trzeba przyzna\u0107, \u017ce te dwa tygodnie na Malcie przynios\u0142y\nniezapomnian\u0105 ilo\u015b\u0107 wra\u017ce\u0144 oraz umiej\u0119tno\u015bci, kt\u00f3re b\u0119dzie mo\u017cna wykorzysta\u0107\npodczas pracy w szkole. Przyjazna atmosfera w szkole j\u0119zykowej zach\u0119ca do\nkolejnych odwiedzin i zdobywania tam wiedzy i nast\u0119pnych certyfikat\u00f3w.<\/p>\n\n\n\n<p style=\"text-align:right\">&nbsp;&nbsp;&nbsp;&nbsp;&nbsp;&nbsp;&nbsp;&nbsp;&nbsp;&nbsp;&nbsp;&nbsp;&nbsp;&nbsp;&nbsp;&nbsp;&nbsp;&nbsp;&nbsp;&nbsp;&nbsp;&nbsp;&nbsp;&nbsp;&nbsp;&nbsp;&nbsp;&nbsp;&nbsp;&nbsp;&nbsp;&nbsp;&nbsp;&nbsp;&nbsp;&nbsp;&nbsp;&nbsp;&nbsp;&nbsp;&nbsp;&nbsp;&nbsp;&nbsp;&nbsp;&nbsp;&nbsp;&nbsp;&nbsp;&nbsp;&nbsp;&nbsp;&nbsp;&nbsp;&nbsp;&nbsp;&nbsp;&nbsp;&nbsp;&nbsp;&nbsp;&nbsp;&nbsp;&nbsp;&nbsp;&nbsp;&nbsp;&nbsp;&nbsp;&nbsp;&nbsp;&nbsp;&nbsp;&nbsp;&nbsp;&nbsp;&nbsp;&nbsp;&nbsp;&nbsp;&nbsp;&nbsp;&nbsp;&nbsp;&nbsp;&nbsp;&nbsp;&nbsp;&nbsp;&nbsp;&nbsp;&nbsp;&nbsp; Wies\u0142awa\nCudek<\/p>\n\n\n\n<div class=\"wp-block-image\"><figure class=\"aligncenter\"><img loading=\"lazy\" width=\"1024\" height=\"156\" src=\"http:\/\/www.zs.gromnik.pl\/zs\/wp-content\/uploads\/2020\/01\/P_20190802_171326_PN-1024x156.jpg\" alt=\"\" class=\"wp-image-5056\" srcset=\"http:\/\/zs.gromnik.pl\/zs\/wp-content\/uploads\/2020\/01\/P_20190802_171326_PN-1024x156.jpg 1024w, http:\/\/zs.gromnik.pl\/zs\/wp-content\/uploads\/2020\/01\/P_20190802_171326_PN-300x46.jpg 300w, http:\/\/zs.gromnik.pl\/zs\/wp-content\/uploads\/2020\/01\/P_20190802_171326_PN-768x117.jpg 768w, http:\/\/zs.gromnik.pl\/zs\/wp-content\/uploads\/2020\/01\/P_20190802_171326_PN-820x125.jpg 820w\" sizes=\"(max-width: 1024px) 100vw, 1024px\" \/><\/figure><\/div>\n\n\n\n<p><strong>The report on implementation of the POWER program<\/strong><\/p>\n\n\n\n<p>On\n12-19 th May 2019, I took part in the international training in Malta. The aim\nof this trip was to learn English, knowledge of which is indispensable\nnowadays.<\/p>\n\n\n\n<p>As\na part of preparations before the trip, I attended the training about the\nculture of Malta, language course and &nbsp;information technology course.<\/p>\n\n\n\n<p>After\nmonths of preparations, it was the time for the most awaited moment \u2013 the trip\nto Malta. Tapaz Hotel, where I stayed, and Alpha School of English were located\nin Saint Paul\u2019s Bay on the north side of Malta.<\/p>\n\n\n\n<p>Alpha\nSchool of English is an English language school for foreigners licensed by the\nMinistry of Education and the Ministry of Tourism of the Republic of Malta. The\nschool offers English classes for children, adolescents and adults from around\nthe world. Lessons were held in a class system (2 times for 90 minutes in the\ngroup of 8 and 90 minutes conversation in the group of 2). Besides me, there\nwere 3 Poles, 1 Cuban, 2 Slovakian and 1 Belarusian in the group. Thanks to\nthat, we not only learnt the English grammar or practised reading comprehension,\nspeaking or listening but also could learn a bit about the culture, customs and\nlife of people we studied with. We also took part in two trips organised by the\nschool. We went to capital city of Malta \u2013 Valetta and Mdina- the previous\ncapital city, which is called Silent City. That was a very atmospheric place. <\/p>\n\n\n\n<ul class=\"wp-container-4 wp-block-gallery-3 wp-block-gallery columns-4 is-cropped\"><li class=\"blocks-gallery-item\"><figure><img loading=\"lazy\" width=\"1024\" height=\"576\" src=\"http:\/\/www.zs.gromnik.pl\/zs\/wp-content\/uploads\/2020\/01\/15-1024x576.jpg\" alt=\"\" data-id=\"5105\" data-link=\"http:\/\/www.zs.gromnik.pl\/zs\/malta-kurs-jezykowy-2\/attachment\/15\/\" class=\"wp-image-5105\" srcset=\"http:\/\/zs.gromnik.pl\/zs\/wp-content\/uploads\/2020\/01\/15-1024x576.jpg 1024w, http:\/\/zs.gromnik.pl\/zs\/wp-content\/uploads\/2020\/01\/15-300x169.jpg 300w, http:\/\/zs.gromnik.pl\/zs\/wp-content\/uploads\/2020\/01\/15-768x432.jpg 768w, http:\/\/zs.gromnik.pl\/zs\/wp-content\/uploads\/2020\/01\/15-820x461.jpg 820w\" sizes=\"(max-width: 1024px) 100vw, 1024px\" \/><\/figure><\/li><li class=\"blocks-gallery-item\"><figure><img loading=\"lazy\" width=\"1024\" height=\"576\" src=\"http:\/\/www.zs.gromnik.pl\/zs\/wp-content\/uploads\/2020\/01\/20190807_100037-1024x576.jpg\" alt=\"\" data-id=\"5106\" data-link=\"http:\/\/www.zs.gromnik.pl\/zs\/malta-kurs-jezykowy-2\/20190807_100037\/\" class=\"wp-image-5106\" srcset=\"http:\/\/zs.gromnik.pl\/zs\/wp-content\/uploads\/2020\/01\/20190807_100037-1024x576.jpg 1024w, http:\/\/zs.gromnik.pl\/zs\/wp-content\/uploads\/2020\/01\/20190807_100037-300x169.jpg 300w, http:\/\/zs.gromnik.pl\/zs\/wp-content\/uploads\/2020\/01\/20190807_100037-768x432.jpg 768w, http:\/\/zs.gromnik.pl\/zs\/wp-content\/uploads\/2020\/01\/20190807_100037-820x461.jpg 820w\" sizes=\"(max-width: 1024px) 100vw, 1024px\" \/><\/figure><\/li><li class=\"blocks-gallery-item\"><figure><img loading=\"lazy\" width=\"768\" height=\"1024\" src=\"http:\/\/www.zs.gromnik.pl\/zs\/wp-content\/uploads\/2020\/01\/IMG_20190807_102905-768x1024.jpg\" alt=\"\" data-id=\"5107\" data-link=\"http:\/\/www.zs.gromnik.pl\/zs\/malta-kurs-jezykowy-2\/img_20190807_102905\/\" class=\"wp-image-5107\" srcset=\"http:\/\/zs.gromnik.pl\/zs\/wp-content\/uploads\/2020\/01\/IMG_20190807_102905-768x1024.jpg 768w, http:\/\/zs.gromnik.pl\/zs\/wp-content\/uploads\/2020\/01\/IMG_20190807_102905-225x300.jpg 225w, http:\/\/zs.gromnik.pl\/zs\/wp-content\/uploads\/2020\/01\/IMG_20190807_102905-820x1093.jpg 820w\" sizes=\"(max-width: 768px) 100vw, 768px\" \/><\/figure><\/li><li class=\"blocks-gallery-item\"><figure><img loading=\"lazy\" width=\"768\" height=\"1024\" src=\"http:\/\/www.zs.gromnik.pl\/zs\/wp-content\/uploads\/2020\/01\/IMG_20190807_120801-768x1024.jpg\" alt=\"\" data-id=\"5108\" data-link=\"http:\/\/www.zs.gromnik.pl\/zs\/malta-kurs-jezykowy-2\/img_20190807_120801\/\" class=\"wp-image-5108\" srcset=\"http:\/\/zs.gromnik.pl\/zs\/wp-content\/uploads\/2020\/01\/IMG_20190807_120801-768x1024.jpg 768w, http:\/\/zs.gromnik.pl\/zs\/wp-content\/uploads\/2020\/01\/IMG_20190807_120801-225x300.jpg 225w, http:\/\/zs.gromnik.pl\/zs\/wp-content\/uploads\/2020\/01\/IMG_20190807_120801-820x1093.jpg 820w\" sizes=\"(max-width: 768px) 100vw, 768px\" \/><\/figure><\/li><\/ul>\n\n\n\n<p>In\nour free time, we went to the National Aquarium, the Island of Camino and Gozo.\nOn the last one we visited Victoria and Citadel, which is the past capital city\nof the Gozo Island and whose beginnings date back to the late Middle Ages. We\ntook advantage of the sunny weather to swim and sunbath on the beautiful Maltese\nbeaches such as Blue Lagoon, Xlendi Bay, Golden Beach and Riviera Bay. <\/p>\n\n\n\n<p>It\u2019s\nworth mentioning that those two weeks in Malta gave us the countless number of\nunforgettable memories and skills, which we can later use in our work at school.\nFriendly atmosphere at language school encourages us to visit the place once\nagain and expand our knowledge in many educational areas, which can result in\ngetting another valuable certificates. <\/p>\n\n\n\n<p style=\"text-align:right\">&nbsp;&nbsp;&nbsp;&nbsp;&nbsp;&nbsp;&nbsp;&nbsp;&nbsp;&nbsp;&nbsp;&nbsp;&nbsp;&nbsp;&nbsp;&nbsp;&nbsp;&nbsp;&nbsp;&nbsp;&nbsp;&nbsp;&nbsp;&nbsp;&nbsp;&nbsp;&nbsp;&nbsp;&nbsp;&nbsp;&nbsp;&nbsp;&nbsp;&nbsp;&nbsp;&nbsp;&nbsp;&nbsp;&nbsp;&nbsp;&nbsp;&nbsp;&nbsp;&nbsp;&nbsp;&nbsp;&nbsp;&nbsp;&nbsp;&nbsp;&nbsp;&nbsp;&nbsp;&nbsp;&nbsp;&nbsp;&nbsp;&nbsp;&nbsp;&nbsp;&nbsp;&nbsp;&nbsp;&nbsp;&nbsp;&nbsp;&nbsp;&nbsp;&nbsp;&nbsp;&nbsp;&nbsp;&nbsp;&nbsp;&nbsp;&nbsp;&nbsp;&nbsp;&nbsp;&nbsp;&nbsp;&nbsp;&nbsp;&nbsp;&nbsp;&nbsp;&nbsp;&nbsp;&nbsp;&nbsp;&nbsp;&nbsp;&nbsp; Wies\u0142awa Cudek<\/p>\n\n\n\n<div class=\"wp-block-image\"><figure class=\"aligncenter is-resized\"><img loading=\"lazy\" src=\"http:\/\/www.zs.gromnik.pl\/zs\/wp-content\/uploads\/2020\/01\/IMG_20190810_102701-1024x768.jpg\" alt=\"\" class=\"wp-image-5109\" width=\"360\" height=\"270\" srcset=\"http:\/\/zs.gromnik.pl\/zs\/wp-content\/uploads\/2020\/01\/IMG_20190810_102701-1024x768.jpg 1024w, http:\/\/zs.gromnik.pl\/zs\/wp-content\/uploads\/2020\/01\/IMG_20190810_102701-300x225.jpg 300w, http:\/\/zs.gromnik.pl\/zs\/wp-content\/uploads\/2020\/01\/IMG_20190810_102701-768x576.jpg 768w, http:\/\/zs.gromnik.pl\/zs\/wp-content\/uploads\/2020\/01\/IMG_20190810_102701-820x615.jpg 820w\" sizes=\"(max-width: 360px) 100vw, 360px\" \/><\/figure><\/div>\n","protected":false},"excerpt":{"rendered":"<p>W dniach 28.07 \u2013 10.08.2019r. wzi\u0119\u0142am udzia\u0142 w mi\u0119dzynarodowym szkoleniu na Malcie. Celem wyjazdu by\u0142a nauka j\u0119zyka angielskiego, kt\u00f3rego znajomo\u015b\u0107 w dzisiejszych czasach jest nieodzowna. W ramach przygotowa\u0144 do wyjazdu bra\u0142am udzia\u0142 w szkoleniu z zakresu kultury odwiedzanego kraju, kursie j\u0119zykowym i informatycznym. Po wielu tygodniach przygotowa\u0144 nast\u0105pi\u0142 najbardziej wyczekiwany moment- podr\u00f3\u017c na Malt\u0119. Hotel \u201eTopaz\u201d w kt\u00f3rym mieszka\u0142am i Alpha Shool of Anglish mieszcz\u0105 si\u0119 w&nbsp;miejscowo\u015bci Saint Paul\u2019s Bay na p\u00f3\u0142nocnym wybrze\u017cu Malty. Alpha School of English to szko\u0142a j\u0119zyka angielskiego dla obcokrajowc\u00f3w licencjonowana przez Ministerstwo Edukacji i&nbsp;Ministerstwo Turystyki Republiki Malty. Szko\u0142a prowadzi zaj\u0119cia z&nbsp;j\u0119zyka angielskiego dla dzieci, m\u0142odzie\u017cy i&nbsp;doros\u0142ych z r\u00f3\u017cnych zak\u0105tk\u00f3w \u015bwiata. Lekcje odbywa\u0142y si\u0119 w systemie klasowym, w blokach 2 razy po 90 minut w grupie 8&nbsp;osobowej i 3 blok &#8211; 90 minutowy to konwersacje w grupie 2 osobowej. W mojej grupie opr\u00f3cz mnie by\u0142o 3 Polak\u00f3w, Kubanka, 2 S\u0142owaczki i Bia\u0142orusinka, wi\u0119c opr\u00f3cz nauki gramatyki, s\u0142uchania, czytania i m\u00f3wienia w j\u0119zyku angielskim poznawali\u015bmy tak\u017ce kultur\u0119, zwyczaje i&nbsp;\u017cycie innych narodowo\u015bci. Brali\u015bmy tak\u017ce udzia\u0142 w 2 wycieczkach zorganizowanych przez szko\u0142\u0119 &#8211; zwiedzili\u015bmy stolic\u0119 Malty Vallett\u0119, oraz \u201eMiasto Ciszy\u201d \u2013 Mdin\u0119 dawn\u0105 stolic\u0119, przepi\u0119kne klimatyczne miejsce. Po zaj\u0119ciach, w wolnym czasie zwiedzili\u015bmy Narodowe Akwarium Malta\u0144skie, wyspy Comino i Gozo. Na Gozo odwiedzili\u015bmy jej stolic\u0119 Viktori\u0119 i Cytadel\u0119, kt\u00f3rej pocz\u0105tki si\u0119gaj\u0105 p\u00f3\u017anego \u015bredniowiecza. Korzystali\u015bmy tak\u017ce z k\u0105pieli s\u0142onecznych i wodnych na pi\u0119knych malta\u0144skich pla\u017cach &#8211; Blue Lagoon, Xlendi Bay, Golden Beach czy Riviera Bay. Trzeba przyzna\u0107, \u017ce te dwa tygodnie na Malcie przynios\u0142y niezapomnian\u0105 ilo\u015b\u0107 wra\u017ce\u0144 oraz umiej\u0119tno\u015bci, kt\u00f3re b\u0119dzie mo\u017cna wykorzysta\u0107 podczas pracy w szkole. Przyjazna atmosfera w szkole j\u0119zykowej zach\u0119ca do kolejnych odwiedzin i zdobywania tam wiedzy i nast\u0119pnych certyfikat\u00f3w. &nbsp;&nbsp;&nbsp;&nbsp;&nbsp;&nbsp;&nbsp;&nbsp;&nbsp;&nbsp;&nbsp;&nbsp;&nbsp;&nbsp;&nbsp;&nbsp;&nbsp;&nbsp;&nbsp;&nbsp;&nbsp;&nbsp;&nbsp;&nbsp;&nbsp;&nbsp;&nbsp;&nbsp;&nbsp;&nbsp;&nbsp;&nbsp;&nbsp;&nbsp;&nbsp;&nbsp;&nbsp;&nbsp;&nbsp;&nbsp;&nbsp;&nbsp;&nbsp;&nbsp;&nbsp;&nbsp;&nbsp;&nbsp;&nbsp;&nbsp;&nbsp;&nbsp;&nbsp;&nbsp;&nbsp;&nbsp;&nbsp;&nbsp;&nbsp;&nbsp;&nbsp;&nbsp;&nbsp;&nbsp;&nbsp;&nbsp;&nbsp;&nbsp;&nbsp;&nbsp;&nbsp;&nbsp;&nbsp;&nbsp;&nbsp;&nbsp;&nbsp;&nbsp;&nbsp;&nbsp;&nbsp;&nbsp;&nbsp;&nbsp;&nbsp;&nbsp;&nbsp;&nbsp;&nbsp;&nbsp;&nbsp;&nbsp;&nbsp; Wies\u0142awa Cudek The report on implementation of the POWER program On 12-19 th May 2019, I took part in the international training in Malta. The aim of this trip was to learn English, knowledge of which is indispensable nowadays. As a part of preparations before the trip, I attended the training about the culture of Malta, language course and &nbsp;information technology course. After months of preparations, it was the time for the most awaited moment \u2013 the trip to Malta. Tapaz Hotel, where I stayed, and Alpha School of English were located in Saint Paul\u2019s Bay on the north side of Malta. Alpha School of English is an English language school for foreigners licensed by the Ministry of Education and the Ministry of Tourism of the Republic of Malta. The school offers English classes for children, adolescents and adults from around the world. Lessons were held in a class system (2 times for 90 minutes in the group of 8 and 90 minutes conversation in the group of 2). Besides me, there were 3 Poles, 1 Cuban, 2 Slovakian and 1 Belarusian in the group. Thanks to that, we not only learnt the English grammar or practised reading comprehension, speaking or listening but also could learn a bit about the culture, customs and life of people we studied with. We also took part in two trips organised by the school. We went to capital city of Malta \u2013 Valetta and Mdina- the previous capital city, which is called Silent City. That was a very atmospheric place. In our free time, we went to the National Aquarium, the Island of Camino and Gozo. On the last one we visited Victoria and Citadel, which is the past capital city of the Gozo Island and whose beginnings date back to the late Middle Ages. We took advantage of the sunny weather to swim and sunbath on the beautiful Maltese beaches such as Blue Lagoon, Xlendi Bay, Golden Beach and Riviera Bay. It\u2019s worth mentioning that those two weeks in Malta gave us the countless number of unforgettable memories and skills, which we can later use in our work at school. Friendly atmosphere at language school encourages us to visit the place once again and expand our knowledge in many educational areas, which can result in getting another valuable certificates. &nbsp;&nbsp;&nbsp;&nbsp;&nbsp;&nbsp;&nbsp;&nbsp;&nbsp;&nbsp;&nbsp;&nbsp;&nbsp;&nbsp;&nbsp;&nbsp;&nbsp;&nbsp;&nbsp;&nbsp;&nbsp;&nbsp;&nbsp;&nbsp;&nbsp;&nbsp;&nbsp;&nbsp;&nbsp;&nbsp;&nbsp;&nbsp;&nbsp;&nbsp;&nbsp;&nbsp;&nbsp;&nbsp;&nbsp;&nbsp;&nbsp;&nbsp;&nbsp;&nbsp;&nbsp;&nbsp;&nbsp;&nbsp;&nbsp;&nbsp;&nbsp;&nbsp;&nbsp;&nbsp;&nbsp;&nbsp;&nbsp;&nbsp;&nbsp;&nbsp;&nbsp;&nbsp;&nbsp;&nbsp;&nbsp;&nbsp;&nbsp;&nbsp;&nbsp;&nbsp;&nbsp;&nbsp;&nbsp;&nbsp;&nbsp;&nbsp;&nbsp;&nbsp;&nbsp;&nbsp;&nbsp;&nbsp;&nbsp;&nbsp;&nbsp;&nbsp;&nbsp;&nbsp;&nbsp;&nbsp;&nbsp;&nbsp;&nbsp; Wies\u0142awa Cudek<\/p>\n","protected":false},"author":6,"featured_media":5103,"comment_status":"closed","ping_status":"open","sticky":false,"template":"","format":"standard","meta":[],"categories":[33],"tags":[],"yoast_head":"<!-- This site is optimized with the Yoast SEO plugin v19.8 - https:\/\/yoast.com\/wordpress\/plugins\/seo\/ -->\n<title>Malta - kurs j\u0119zykowy - Zesp\u00f3\u0142 Szk\u00f3\u0142 w Gromniku<\/title>\n<meta name=\"description\" content=\"Zesp\u00f3\u0142 Szk\u00f3\u0142 w Gromniku\" \/>\n<meta name=\"robots\" content=\"index, follow, max-snippet:-1, max-image-preview:large, max-video-preview:-1\" \/>\n<link rel=\"canonical\" href=\"http:\/\/zs.gromnik.pl\/zs\/malta-kurs-jezykowy-2\/\" \/>\n<meta property=\"og:locale\" content=\"pl_PL\" \/>\n<meta property=\"og:type\" content=\"article\" \/>\n<meta property=\"og:title\" content=\"Malta - kurs j\u0119zykowy - Zesp\u00f3\u0142 Szk\u00f3\u0142 w Gromniku\" \/>\n<meta property=\"og:description\" content=\"Zesp\u00f3\u0142 Szk\u00f3\u0142 w Gromniku\" \/>\n<meta property=\"og:url\" content=\"http:\/\/zs.gromnik.pl\/zs\/malta-kurs-jezykowy-2\/\" \/>\n<meta property=\"og:site_name\" content=\"Zesp\u00f3\u0142 Szk\u00f3\u0142 w Gromniku\" \/>\n<meta property=\"article:publisher\" content=\"https:\/\/www.facebook.com\/zsgromnik\" \/>\n<meta property=\"article:published_time\" content=\"2020-01-05T11:25:48+00:00\" \/>\n<meta property=\"article:modified_time\" content=\"2020-01-08T20:26:11+00:00\" \/>\n<meta property=\"og:image\" content=\"http:\/\/zs.gromnik.pl\/zs\/wp-content\/uploads\/2020\/01\/IMG_20190729_123041-768x1024.jpg\" \/>\n\t<meta property=\"og:image:width\" content=\"768\" \/>\n\t<meta property=\"og:image:height\" content=\"1024\" \/>\n\t<meta property=\"og:image:type\" content=\"image\/jpeg\" \/>\n<meta name=\"author\" content=\"Patrycja Kubicz\" \/>\n<meta name=\"twitter:card\" content=\"summary_large_image\" \/>\n<meta name=\"twitter:label1\" content=\"Napisane przez\" \/>\n\t<meta name=\"twitter:data1\" content=\"Patrycja Kubicz\" \/>\n\t<meta name=\"twitter:label2\" content=\"Szacowany czas czytania\" \/>\n\t<meta name=\"twitter:data2\" content=\"5 minut\" \/>\n<script type=\"application\/ld+json\" class=\"yoast-schema-graph\">{\"@context\":\"https:\/\/schema.org\",\"@graph\":[{\"@type\":\"WebPage\",\"@id\":\"http:\/\/zs.gromnik.pl\/zs\/malta-kurs-jezykowy-2\/\",\"url\":\"http:\/\/zs.gromnik.pl\/zs\/malta-kurs-jezykowy-2\/\",\"name\":\"Malta - kurs j\u0119zykowy - Zesp\u00f3\u0142 Szk\u00f3\u0142 w Gromniku\",\"isPartOf\":{\"@id\":\"https:\/\/zs.gromnik.pl\/zs\/#website\"},\"datePublished\":\"2020-01-05T11:25:48+00:00\",\"dateModified\":\"2020-01-08T20:26:11+00:00\",\"author\":{\"@id\":\"https:\/\/zs.gromnik.pl\/zs\/#\/schema\/person\/8ceca2902a7d39b77622ae2e117d831a\"},\"description\":\"Zesp\u00f3\u0142 Szk\u00f3\u0142 w Gromniku\",\"breadcrumb\":{\"@id\":\"http:\/\/zs.gromnik.pl\/zs\/malta-kurs-jezykowy-2\/#breadcrumb\"},\"inLanguage\":\"pl-PL\",\"potentialAction\":[{\"@type\":\"ReadAction\",\"target\":[\"http:\/\/zs.gromnik.pl\/zs\/malta-kurs-jezykowy-2\/\"]}]},{\"@type\":\"BreadcrumbList\",\"@id\":\"http:\/\/zs.gromnik.pl\/zs\/malta-kurs-jezykowy-2\/#breadcrumb\",\"itemListElement\":[{\"@type\":\"ListItem\",\"position\":1,\"name\":\"Strona g\u0142\u00f3wna\",\"item\":\"https:\/\/zs.gromnik.pl\/zs\/\"},{\"@type\":\"ListItem\",\"position\":2,\"name\":\"Malta &#8211; kurs j\u0119zykowy\"}]},{\"@type\":\"WebSite\",\"@id\":\"https:\/\/zs.gromnik.pl\/zs\/#website\",\"url\":\"https:\/\/zs.gromnik.pl\/zs\/\",\"name\":\"Zesp\u00f3\u0142 Szk\u00f3\u0142 w Gromniku\",\"description\":\"\",\"potentialAction\":[{\"@type\":\"SearchAction\",\"target\":{\"@type\":\"EntryPoint\",\"urlTemplate\":\"https:\/\/zs.gromnik.pl\/zs\/?s={search_term_string}\"},\"query-input\":\"required name=search_term_string\"}],\"inLanguage\":\"pl-PL\"},{\"@type\":\"Person\",\"@id\":\"https:\/\/zs.gromnik.pl\/zs\/#\/schema\/person\/8ceca2902a7d39b77622ae2e117d831a\",\"name\":\"Patrycja Kubicz\",\"image\":{\"@type\":\"ImageObject\",\"inLanguage\":\"pl-PL\",\"@id\":\"https:\/\/zs.gromnik.pl\/zs\/#\/schema\/person\/image\/\",\"url\":\"http:\/\/0.gravatar.com\/avatar\/fdb188d3851f5cc80ba3148c853f5f66?s=96&d=mm&r=g\",\"contentUrl\":\"http:\/\/0.gravatar.com\/avatar\/fdb188d3851f5cc80ba3148c853f5f66?s=96&d=mm&r=g\",\"caption\":\"Patrycja Kubicz\"},\"url\":\"http:\/\/zs.gromnik.pl\/zs\/author\/pkubicz\/\"}]}<\/script>\n<!-- \/ Yoast SEO plugin. -->","yoast_head_json":{"title":"Malta - kurs j\u0119zykowy - Zesp\u00f3\u0142 Szk\u00f3\u0142 w Gromniku","description":"Zesp\u00f3\u0142 Szk\u00f3\u0142 w Gromniku","robots":{"index":"index","follow":"follow","max-snippet":"max-snippet:-1","max-image-preview":"max-image-preview:large","max-video-preview":"max-video-preview:-1"},"canonical":"http:\/\/zs.gromnik.pl\/zs\/malta-kurs-jezykowy-2\/","og_locale":"pl_PL","og_type":"article","og_title":"Malta - kurs j\u0119zykowy - Zesp\u00f3\u0142 Szk\u00f3\u0142 w Gromniku","og_description":"Zesp\u00f3\u0142 Szk\u00f3\u0142 w Gromniku","og_url":"http:\/\/zs.gromnik.pl\/zs\/malta-kurs-jezykowy-2\/","og_site_name":"Zesp\u00f3\u0142 Szk\u00f3\u0142 w Gromniku","article_publisher":"https:\/\/www.facebook.com\/zsgromnik","article_published_time":"2020-01-05T11:25:48+00:00","article_modified_time":"2020-01-08T20:26:11+00:00","og_image":[{"width":768,"height":1024,"url":"http:\/\/zs.gromnik.pl\/zs\/wp-content\/uploads\/2020\/01\/IMG_20190729_123041-768x1024.jpg","type":"image\/jpeg"}],"author":"Patrycja Kubicz","twitter_card":"summary_large_image","twitter_misc":{"Napisane przez":"Patrycja Kubicz","Szacowany czas czytania":"5 minut"},"schema":{"@context":"https:\/\/schema.org","@graph":[{"@type":"WebPage","@id":"http:\/\/zs.gromnik.pl\/zs\/malta-kurs-jezykowy-2\/","url":"http:\/\/zs.gromnik.pl\/zs\/malta-kurs-jezykowy-2\/","name":"Malta - kurs j\u0119zykowy - Zesp\u00f3\u0142 Szk\u00f3\u0142 w Gromniku","isPartOf":{"@id":"https:\/\/zs.gromnik.pl\/zs\/#website"},"datePublished":"2020-01-05T11:25:48+00:00","dateModified":"2020-01-08T20:26:11+00:00","author":{"@id":"https:\/\/zs.gromnik.pl\/zs\/#\/schema\/person\/8ceca2902a7d39b77622ae2e117d831a"},"description":"Zesp\u00f3\u0142 Szk\u00f3\u0142 w Gromniku","breadcrumb":{"@id":"http:\/\/zs.gromnik.pl\/zs\/malta-kurs-jezykowy-2\/#breadcrumb"},"inLanguage":"pl-PL","potentialAction":[{"@type":"ReadAction","target":["http:\/\/zs.gromnik.pl\/zs\/malta-kurs-jezykowy-2\/"]}]},{"@type":"BreadcrumbList","@id":"http:\/\/zs.gromnik.pl\/zs\/malta-kurs-jezykowy-2\/#breadcrumb","itemListElement":[{"@type":"ListItem","position":1,"name":"Strona g\u0142\u00f3wna","item":"https:\/\/zs.gromnik.pl\/zs\/"},{"@type":"ListItem","position":2,"name":"Malta &#8211; kurs j\u0119zykowy"}]},{"@type":"WebSite","@id":"https:\/\/zs.gromnik.pl\/zs\/#website","url":"https:\/\/zs.gromnik.pl\/zs\/","name":"Zesp\u00f3\u0142 Szk\u00f3\u0142 w Gromniku","description":"","potentialAction":[{"@type":"SearchAction","target":{"@type":"EntryPoint","urlTemplate":"https:\/\/zs.gromnik.pl\/zs\/?s={search_term_string}"},"query-input":"required name=search_term_string"}],"inLanguage":"pl-PL"},{"@type":"Person","@id":"https:\/\/zs.gromnik.pl\/zs\/#\/schema\/person\/8ceca2902a7d39b77622ae2e117d831a","name":"Patrycja Kubicz","image":{"@type":"ImageObject","inLanguage":"pl-PL","@id":"https:\/\/zs.gromnik.pl\/zs\/#\/schema\/person\/image\/","url":"http:\/\/0.gravatar.com\/avatar\/fdb188d3851f5cc80ba3148c853f5f66?s=96&d=mm&r=g","contentUrl":"http:\/\/0.gravatar.com\/avatar\/fdb188d3851f5cc80ba3148c853f5f66?s=96&d=mm&r=g","caption":"Patrycja Kubicz"},"url":"http:\/\/zs.gromnik.pl\/zs\/author\/pkubicz\/"}]}},"_links":{"self":[{"href":"http:\/\/zs.gromnik.pl\/zs\/wp-json\/wp\/v2\/posts\/5065"}],"collection":[{"href":"http:\/\/zs.gromnik.pl\/zs\/wp-json\/wp\/v2\/posts"}],"about":[{"href":"http:\/\/zs.gromnik.pl\/zs\/wp-json\/wp\/v2\/types\/post"}],"author":[{"embeddable":true,"href":"http:\/\/zs.gromnik.pl\/zs\/wp-json\/wp\/v2\/users\/6"}],"replies":[{"embeddable":true,"href":"http:\/\/zs.gromnik.pl\/zs\/wp-json\/wp\/v2\/comments?post=5065"}],"version-history":[{"count":5,"href":"http:\/\/zs.gromnik.pl\/zs\/wp-json\/wp\/v2\/posts\/5065\/revisions"}],"predecessor-version":[{"id":5113,"href":"http:\/\/zs.gromnik.pl\/zs\/wp-json\/wp\/v2\/posts\/5065\/revisions\/5113"}],"wp:featuredmedia":[{"embeddable":true,"href":"http:\/\/zs.gromnik.pl\/zs\/wp-json\/wp\/v2\/media\/5103"}],"wp:attachment":[{"href":"http:\/\/zs.gromnik.pl\/zs\/wp-json\/wp\/v2\/media?parent=5065"}],"wp:term":[{"taxonomy":"category","embeddable":true,"href":"http:\/\/zs.gromnik.pl\/zs\/wp-json\/wp\/v2\/categories?post=5065"},{"taxonomy":"post_tag","embeddable":true,"href":"http:\/\/zs.gromnik.pl\/zs\/wp-json\/wp\/v2\/tags?post=5065"}],"curies":[{"name":"wp","href":"https:\/\/api.w.org\/{rel}","templated":true}]}}