{"id":5071,"date":"2020-01-06T18:54:34","date_gmt":"2020-01-06T17:54:34","guid":{"rendered":"http:\/\/www.zs.gromnik.pl\/zs\/?p=5071"},"modified":"2020-01-08T21:27:01","modified_gmt":"2020-01-08T20:27:01","slug":"z-komputerem-za-pan-brat-w-dusseldorfie","status":"publish","type":"post","link":"http:\/\/zs.gromnik.pl\/zs\/z-komputerem-za-pan-brat-w-dusseldorfie\/","title":{"rendered":"Z komputerem za pan brat w D\u00fcsseldorfie"},"content":{"rendered":"\n<p>W ramach projektu dofinansowanego ze \u015brodk\u00f3wUE, kt\u00f3ry jest realizowany przez Zesp\u00f3\u0142 Szk\u00f3\u0142 w Gromniku uczestniczy\u0142am&nbsp; z kole\u017cank\u0105&nbsp; Janin\u0105 \u0141y\u017cw\u0105 w dwutygodniowym seminarium&nbsp; doskonal\u0105cym wykorzystanie technologii informatycznej w nauczaniu j\u0119zyka&nbsp; niemieckiego. Szkolenie odbywa\u0142o si\u0119 na prze\u0142omie lipca i sierpnia w&nbsp; <strong>Instytucie Komunikacji Mi\u0119dzynarodowej (Institut f\u00fcr Internationale Kommunikation) w D\u00fcsseldorfie<\/strong>. <\/p>\n\n\n\n<p><strong>D\u00fcsseldorf<\/strong>&nbsp;to miasto na prawach powiatu, stolica kraju zwi\u0105zkowego Nadrenia P\u00f3\u0142nocna Westfalia oraz rejencji Dusseldorf. Nale\u017cy do aglomeracji&nbsp;<em>Rhein-Ruhr<\/em>&nbsp;z ok. 10\u201312 mln mieszka\u0144cami. &nbsp;Samo miasto liczy ok. 600 tys. mieszka\u0144c\u00f3w i le\u017cy na wysoko\u015bci 38 m n.p.m. nad Renem, powierzchnia 217,21 km\u00b2. <\/p>\n\n\n\n<p>Jest to jedno z wi\u0119kszych miast zachodnich Niemiec, o du\u017cym znaczeniu gospodarczym. D\u00fcsseldorf, kt\u00f3ry po II wojnie \u015bwiatowej prze\u017cy\u0142 faz\u0119 przy\u015bpieszonego rozwoju, jest siedzib\u0105 wielu niemieckich koncern\u00f3w przemys\u0142owych.<\/p>\n\n\n\n<p>Du\u017ce znaczenie maj\u0105 centrale koncern\u00f3w ubezpieczeniowych takich jak ARAG i Ergo Group&nbsp;(m.in.&nbsp;<em>Victoria Versicherung<\/em>). Inne znacz\u0105ce koncerny z siedzib\u0105 w mie\u015bcie to ThyssenKrupp, E.ON (energetyka), Henkel&nbsp;(chemia) i&nbsp;Metro AG (handel). Swoj\u0105 central\u0119 na Niemcy ma w D\u00fcsseldorfie zar\u00f3wno firma Novell, jak i wiele innych koncern\u00f3w japo\u0144skich.<\/p>\n\n\n\n<p>Po Frankfurcie D\u00fcsseldorf mie\u015bci drug\u0105 w Niemczech liczb\u0119 bank\u00f3w. W mie\u015bcie dzia\u0142aj\u0105 liczne agencje reklamowe, firmy doradcze i du\u017ce kancelarie adwokackie.<\/p>\n\n\n\n<p>Targi&nbsp;<em>Collections Premieren D\u00fcsseldorf<\/em>&nbsp;(CPD) uchodz\u0105 za najwi\u0119ksze targi mody na \u015bwiecie, a odbywaj\u0105ce si\u0119 corocznie od 1969 roku&nbsp;<em>Internationale Bootsausstellung D\u00fcsseldorf<\/em>&nbsp;jest najwi\u0119ksz\u0105 na \u015bwiecie wystaw\u0105 jacht\u00f3w i sprz\u0119t\u00f3w do uprawiania sport\u00f3w wodnych.<\/p>\n\n\n\n<p>Miasto jest siedzib\u0105 Uniwersytetu Heinricha Heinego <em>(Heinrich-Heine-Universit\u00e4t D\u00fcsseldorf<\/em>), za\u0142o\u017conego w 1965 na bazie Akademii Medycznej dzia\u0142aj\u0105cej od 1907 roku.<\/p>\n\n\n\n<p><\/p>\n\n\n\n<p>&nbsp;Stare miasto w D\u00fcsseldorfie nazywane jest najd\u0142u\u017cszym barem na\n\u015bwiecie \u2013 mie\u015bci si\u0119 tutaj ponad 260 bar\u00f3w. Miato s\u0142ynie tak\u017ce z&nbsp; K\u00f6,- alei Kr\u00f3lewskiej, kt\u00f3ra jest&nbsp; ekskluzywnym bulwarem handlowym miasta,\nkarnawa\u0142u, klubu pi\u0142karskiego Fortuna D\u00fcsseldorf, klubu hokejowego. Innymi\npunktami przyci\u0105gaj\u0105cymi turyst\u00f3w s\u0105 liczne muzea i galerie, jak r\u00f3wnie\u017c\npromenada nad Renem i nowoczesna dzielnica <strong>Medienhafen<\/strong>.\nW obrazie miasta rzucaj\u0105 si\u0119 w oczy liczne wie\u017cowce i wie\u017ce ko\u015bcio\u0142\u00f3w, 240\nmetrowa wie\u017ca Re\u0144ska ( Rheinturm), wiele pomnik\u00f3w i 7 most\u00f3w na Renie. Godna\nuwagi du\u017ca liczba mieszka\u0144c\u00f3w&nbsp; z Azji, w\ntym najwi\u0119ksza w Niemczech mniejszo\u015b\u0107 japo\u0144ska i jedyna w Niemczech Japantown. <\/p>\n\n\n\n<p>Zaj\u0119cia podczas\nseminarium prowadzone by\u0142y przy komputerach i tabletach i trwa\u0142y od\nponiedzia\u0142ku do pi\u0105tku&nbsp; w godzinach od\n9:00 do 17:15 z przerwami na obiad i kaw\u0119. By\u0142y\u015bmy zakwaterowane w hotelu Plaza\nNovum Hotel, a w hotelu w pobli\u017cu mog\u0142y\u015bmy korzysta\u0107 codziennie z obfitego\nbufetu \u015bniadaniowego.<\/p>\n\n\n\n<p>Pierwszy tydzie\u0144 szkolenia dotyczy\u0142 platformy e-learningowej Moodle oraz metod i mo\u017cliwo\u015bci z ni\u0105 zwi\u0105zanych. Grupa liczy\u0142a tylko 6 os\u00f3b, dlatego pracowali\u015bmy bardzo&nbsp; intensywnie. Nasz\u0105 nauk\u0119 rozpocz\u0119li\u015bmy od utworzenia&nbsp; w\u0142asnego &nbsp;miejsca do nauczania &nbsp;na platformie Moodle.&nbsp; Zajmowali\u015bmy si\u0119 tak\u017ce poszukiwaniem zdj\u0119\u0107 i grafik w sieci i poznali\u015bmy licencje pozwalaj\u0105ce na ich wykorzystanie. Uczyli\u015bmy si\u0119 za\u0142\u0105czania plik\u00f3w wideo, map internetowych i innych gad\u017cet\u00f3w. Tworzyli\u015bmy s\u0142owniki , encyklopedie, chaty i fora dyskusyjne. Nagrywali\u015bmy w\u0142asne pliki d\u017awi\u0119kowe i umieszczali\u015bmy na platformie. Ka\u017cdy z nas tworzy\u0142 samodzielnie testy ich ocen\u0119 na platformie Moodle.<\/p>\n\n\n\n<p>Drugi tydzie\u0144 szkolenia\ndotyczy\u0142 metod nauczania przy u\u017cyciu technologii informatycznej. Tym razem\ngrupa liczy\u0142a 13 kursant\u00f3w: 5 os\u00f3b z W\u0119gier, 2 z Hiszpanii, po jednej z Litwy i\nBu\u0142garii oraz 4&nbsp; z Polski. Ka\u017cdy\nuczestnik szkolenia tworzy\u0142 w\u0142asn\u0105 stron\u0119 internetow\u0105 z ciekawymi \u0107wiczeniami i\nmateria\u0142ami do nauki j\u0119zyka niemieckiego. Poznali\u015bmy i wypr\u00f3bowali\u015bmy szereg\nciekawych aplikacji takich jak: AnswerGarten, Tweedback, Kahoot, Tricider,\nPadlet, QR-Cods, Learningsapps, Quizizz, Wortwolke <br>\n( chmura wyrazowa). Moja strona internetowa by\u0142a po\u015bwi\u0119cona Monachium (\nWeltstadt M\u00fcnchen) , tote\u017c materia\u0142y znajduj\u0105ce si\u0119 na tej stronie dotycz\u0105 tego\nmiasta.<\/p>\n\n\n\n<p>Ka\u017cde szkolenie zagraniczne oferuje program kulturalny i tutaj te\u017c nie mog\u0142o by\u0107 inaczej. W \u015brodowe popo\u0142udnia odbywaj\u0105 si\u0119 wycieczki organizowane i sponsorowane przez Instytut. W pierwszym tygodniu &nbsp;by\u0142 rejs po Renie i zwiedzanie dzielnicy Kaiserswerth.<strong> Kaiserswerth <\/strong>&nbsp;to dawne miasto cesarskie, a obecnie &nbsp;najstarsza dzielnica Dusseldorfu, kt\u00f3ra nale\u017cy do dzielnicy 5. Dawne cesarskie miasto Kaiserswerth po\u0142o\u017cone jest bezpo\u015brednio nad Renem, w po\u0142owie drogi mi\u0119dzy D\u00fcsseldorfem a Duisburgiem.&nbsp;Ren tworzy tutaj p\u0142ask\u0105 krzywizn\u0119, dzi\u0119ki czemu mo\u017cna ogl\u0105da\u0107 rzek\u0119 na d\u0142ugo\u015bci 13 kilometr\u00f3w. <\/p>\n\n\n\n<p>Podczas drugiej wycieczki poznali\u015bmy dzielnic\u0119 medi\u00f3w. <strong>Medienhafen<\/strong>&nbsp;to najnowocze\u015bniejsza&nbsp;<strong>dzielnica D\u00fcsseldorfu<\/strong>. Po\u0142o\u017cona jest oko\u0142o 2 km od centrum miasta,&nbsp;<strong>w zakolu Renu<\/strong>, <strong>w miejscu dawnego portu<\/strong>. Jeszcze jaki\u015b czas temu w tej oryginalnej dzielnicy znajdowa\u0142y si\u0119 stare budynki i nieu\u017cywane magazyny. Na wniosek miasta tereny zosta\u0142y gruntowanie odnowione i odremontowane. Miasto rozparcelowa\u0142o teren mi\u0119dzy wielu deweloper\u00f3w i zach\u0119ci\u0142o do skorzystania z pomocy wielu zdolnych architekt\u00f3w.<\/p>\n\n\n\n<p><strong>Medienhafen<\/strong>&nbsp;jest przestrzeni\u0105 typowo&nbsp;<strong>biznesow\u0105<\/strong>,&nbsp;<strong>pe\u0142n\u0105 biurowc\u00f3w<\/strong>. Dzi\u0119ki sprytnym rozwi\u0105zaniom architektonicznym stanowi ona r\u00f3wnie\u017c miejsce spotka\u0144 towarzyskich. W parterach budynk\u00f3w ulokowane s\u0105 bowiem knajpki, restauracje i puby. Wzd\u0142u\u017c rzeki wiedzie nowoczesna droga rowerowa oraz trasa dla pieszych, sprzyjaj\u0105ca spacerom. Medienhafen to zupe\u0142nie nowe oblicze D\u00fcsseldorfu, pe\u0142ne kreatywno\u015bci, nowoczesnych rozwi\u0105za\u0144 i \u015bwiatowych trend\u00f3w. a nowoczesna dzielnica to prawdziwe&nbsp;<strong>zag\u0142\u0119bie futurystycznych, oryginalnych budynk\u00f3w<\/strong>. B\u0119d\u0105c w Medienhafen, koniecznie nale\u017cy zobaczy\u0107 powykrzywiane&nbsp;<strong>Neuer Zollhof<\/strong>&nbsp;(<strong>The New Zollhof<\/strong>), ameryka\u0144skiego architekta Franka Gehry\u2019ego i pstrokate&nbsp;<strong>Colorium<\/strong>, Williama Alsopa. W\u015br\u00f3d najpopularniejszych nie tylko w\u015br\u00f3d turyst\u00f3w budowli znajduje si\u0119 r\u00f3wnie\u017c&nbsp;<strong>brama miejska<\/strong>&nbsp;o&nbsp;<strong>stalowo-szklanej konstrukcji<\/strong>, kt\u00f3ra jest nieod\u0142\u0105cznym elementem nowoczesnej linii zabudowy tej futurystycznej dzielnicy.<\/p>\n\n\n\n<p>Je\u015bli\nchodzi o wycieczki&nbsp; autokarowe\nca\u0142odniowe, to znajduj\u0105 si\u0119 one w ofercie weekendowej i trzeba za nie samemu\nzap\u0142aci\u0107. W ten spos\u00f3b mia\u0142am okazj\u0119 zobaczy\u0107 dwie stolice: Bruksel\u0119 i\nAmsterdam. Obydwa miasta zrobi\u0142y na mnie du\u017ce wra\u017cenie.<\/p>\n\n\n\n<p>Podsumowuj\u0105c, uwa\u017cam szkolenie w D\u00fcsseldorfie za bardzo udane i&nbsp; ze wszech miar korzystne dla mojego rozwoju zawodowego i osobistego.<\/p>\n\n\n\n<p style=\"text-align:right\">Aneta Styrkowiec<\/p>\n\n\n\n<ul class=\"wp-container-2 wp-block-gallery-1 wp-block-gallery columns-5 is-cropped\"><li class=\"blocks-gallery-item\"><figure><img loading=\"lazy\" width=\"1024\" height=\"768\" src=\"http:\/\/www.zs.gromnik.pl\/zs\/wp-content\/uploads\/2020\/01\/67418844_2078599589110305_3151275650342453248_n-1024x768.jpg\" alt=\"\" data-id=\"5083\" data-link=\"http:\/\/www.zs.gromnik.pl\/zs\/?attachment_id=5083\" class=\"wp-image-5083\" srcset=\"http:\/\/zs.gromnik.pl\/zs\/wp-content\/uploads\/2020\/01\/67418844_2078599589110305_3151275650342453248_n-1024x768.jpg 1024w, http:\/\/zs.gromnik.pl\/zs\/wp-content\/uploads\/2020\/01\/67418844_2078599589110305_3151275650342453248_n-300x225.jpg 300w, http:\/\/zs.gromnik.pl\/zs\/wp-content\/uploads\/2020\/01\/67418844_2078599589110305_3151275650342453248_n-768x576.jpg 768w, http:\/\/zs.gromnik.pl\/zs\/wp-content\/uploads\/2020\/01\/67418844_2078599589110305_3151275650342453248_n-820x615.jpg 820w\" sizes=\"(max-width: 1024px) 100vw, 1024px\" \/><\/figure><\/li><li class=\"blocks-gallery-item\"><figure><img loading=\"lazy\" width=\"1024\" height=\"767\" src=\"http:\/\/www.zs.gromnik.pl\/zs\/wp-content\/uploads\/2020\/01\/67518146_392117388328125_4185406008878694400_n-1024x767.jpg\" alt=\"\" data-id=\"5084\" data-link=\"http:\/\/www.zs.gromnik.pl\/zs\/?attachment_id=5084\" class=\"wp-image-5084\" srcset=\"http:\/\/zs.gromnik.pl\/zs\/wp-content\/uploads\/2020\/01\/67518146_392117388328125_4185406008878694400_n-1024x767.jpg 1024w, http:\/\/zs.gromnik.pl\/zs\/wp-content\/uploads\/2020\/01\/67518146_392117388328125_4185406008878694400_n-300x225.jpg 300w, http:\/\/zs.gromnik.pl\/zs\/wp-content\/uploads\/2020\/01\/67518146_392117388328125_4185406008878694400_n-768x575.jpg 768w, http:\/\/zs.gromnik.pl\/zs\/wp-content\/uploads\/2020\/01\/67518146_392117388328125_4185406008878694400_n-820x614.jpg 820w, http:\/\/zs.gromnik.pl\/zs\/wp-content\/uploads\/2020\/01\/67518146_392117388328125_4185406008878694400_n.jpg 1255w\" sizes=\"(max-width: 1024px) 100vw, 1024px\" \/><\/figure><\/li><li class=\"blocks-gallery-item\"><figure><img loading=\"lazy\" width=\"1024\" height=\"768\" src=\"http:\/\/www.zs.gromnik.pl\/zs\/wp-content\/uploads\/2020\/01\/67381410_467511907418588_6227404353850834944_n-1024x768.jpg\" alt=\"\" data-id=\"5082\" data-link=\"http:\/\/www.zs.gromnik.pl\/zs\/?attachment_id=5082\" class=\"wp-image-5082\" srcset=\"http:\/\/zs.gromnik.pl\/zs\/wp-content\/uploads\/2020\/01\/67381410_467511907418588_6227404353850834944_n-1024x768.jpg 1024w, http:\/\/zs.gromnik.pl\/zs\/wp-content\/uploads\/2020\/01\/67381410_467511907418588_6227404353850834944_n-300x225.jpg 300w, http:\/\/zs.gromnik.pl\/zs\/wp-content\/uploads\/2020\/01\/67381410_467511907418588_6227404353850834944_n-768x576.jpg 768w, http:\/\/zs.gromnik.pl\/zs\/wp-content\/uploads\/2020\/01\/67381410_467511907418588_6227404353850834944_n-820x615.jpg 820w\" sizes=\"(max-width: 1024px) 100vw, 1024px\" \/><\/figure><\/li><li class=\"blocks-gallery-item\"><figure><img loading=\"lazy\" width=\"572\" height=\"1024\" src=\"http:\/\/www.zs.gromnik.pl\/zs\/wp-content\/uploads\/2020\/01\/67610064_1122328117967877_659616550424150016_n-572x1024.jpg\" alt=\"\" data-id=\"5085\" data-link=\"http:\/\/www.zs.gromnik.pl\/zs\/?attachment_id=5085\" class=\"wp-image-5085\" srcset=\"http:\/\/zs.gromnik.pl\/zs\/wp-content\/uploads\/2020\/01\/67610064_1122328117967877_659616550424150016_n-572x1024.jpg 572w, http:\/\/zs.gromnik.pl\/zs\/wp-content\/uploads\/2020\/01\/67610064_1122328117967877_659616550424150016_n-168x300.jpg 168w, http:\/\/zs.gromnik.pl\/zs\/wp-content\/uploads\/2020\/01\/67610064_1122328117967877_659616550424150016_n-768x1374.jpg 768w, http:\/\/zs.gromnik.pl\/zs\/wp-content\/uploads\/2020\/01\/67610064_1122328117967877_659616550424150016_n-820x1467.jpg 820w, http:\/\/zs.gromnik.pl\/zs\/wp-content\/uploads\/2020\/01\/67610064_1122328117967877_659616550424150016_n.jpg 1824w\" sizes=\"(max-width: 572px) 100vw, 572px\" \/><\/figure><\/li><li class=\"blocks-gallery-item\"><figure><img loading=\"lazy\" width=\"1024\" height=\"572\" src=\"http:\/\/www.zs.gromnik.pl\/zs\/wp-content\/uploads\/2020\/01\/67631465_731030354021852_3579760494237450240_n-1024x572.jpg\" alt=\"\" data-id=\"5086\" data-link=\"http:\/\/www.zs.gromnik.pl\/zs\/?attachment_id=5086\" class=\"wp-image-5086\" srcset=\"http:\/\/zs.gromnik.pl\/zs\/wp-content\/uploads\/2020\/01\/67631465_731030354021852_3579760494237450240_n-1024x572.jpg 1024w, http:\/\/zs.gromnik.pl\/zs\/wp-content\/uploads\/2020\/01\/67631465_731030354021852_3579760494237450240_n-300x168.jpg 300w, http:\/\/zs.gromnik.pl\/zs\/wp-content\/uploads\/2020\/01\/67631465_731030354021852_3579760494237450240_n-768x429.jpg 768w, http:\/\/zs.gromnik.pl\/zs\/wp-content\/uploads\/2020\/01\/67631465_731030354021852_3579760494237450240_n-820x458.jpg 820w\" sizes=\"(max-width: 1024px) 100vw, 1024px\" \/><\/figure><\/li><\/ul>\n\n\n\n<p style=\"text-align:center\"><strong>Vertraut mit Computern in D\u00fcsseldorf<\/strong><\/p>\n\n\n\n<p>Im Rahmen eines EU &#8211; Projekts <em>, <\/em>das\nin meiner Schule realisiert wird, nahm ich mit meiner Arbeitskollegin Janina\n\u0141y\u017cwa an einer zweiw\u00f6chigen Schulung im &nbsp;<strong>Institut f\u00fcr Internationale Kommunikation <\/strong>in\nD\u00fcsseldorf teil. Das Seminar war zum Thema <strong><em>Lernumgebung Moodle &amp;Methoden des\nE-Lerning: Tablets, Apps und Web 2.0 f\u00fcr den Deutschunterricht. GINCO AWARD als\nbeispielhafte europ\u00e4ische Fortbildung.<\/em><\/strong><\/p>\n\n\n\n<p><strong>D\u00fcsseldorf<\/strong> ist die Landeshauptstadt Nordrhein-Westfalens und der\nBeh\u00f6rdensitz des Regierungsbezirks D\u00fcsseldorf. Die kreisfreie Stadt am Rhein\nist mit 619.294 Einwohnern nach K\u00f6ln die zweitgr\u00f6\u00dfte Stadt <br>\ndes Landes. In Deutschland ist D\u00fcsseldorf nach Einwohnern die siebtgr\u00f6\u00dfte\nStadt. Die Rheinmetropole geh\u00f6rt zu den f\u00fcnf wichtigsten, international stark\nverflochtenen Wirtschaftszentren Deutschlands. D\u00fcsseldorf ist eine Messestadt\nund Sitz vieler b\u00f6rsennotierter Unternehmen, darunter der im DAX notierte\nKonzern Henkel. Zudem ist sie der umsatzst\u00e4rkste deutsche Standort f\u00fcr&nbsp; Wirtschaftspr\u00fcfung, Unternehmens- und\nRechtsberatung, Werbung und Kleidermode sowie ein wichtiger Finanz- und&nbsp; B\u00f6rsenplatz. Auch im Kunsthandel Deutschlands\nist sie f\u00fchrend. <\/p>\n\n\n\n<p>D\u00fcsseldorf besitzt mehrere Rheinh\u00e4fen. Sein Flughafen D\u00fcsseldorf Airport\nist das interkontinentale&nbsp; Drehkreuz\nNordrhein-Westfalens. Die Stadt ist des Weiteren Sitz von 22 Hochschulen,\ndarunter die renommierte Kunstakademie D\u00fcsseldorf und die\nHeinrich-Heine-Universit\u00e4t. \u00dcberregionale Bekanntheit genie\u00dft D\u00fcsseldorf\nau\u00dferdem durch seine Altstadt (\u201el\u00e4ngste Theke der Welt\u201c), seinen\nEinkaufsboulevard K\u00f6nigsallee (\u201eK\u00f6\u201c), seinen D\u00fcsseldorfer Karneval, den\nFu\u00dfballverein Fortuna D\u00fcsseldorf und den Eishockeyverein D\u00fcsseldorfer EG.\nWeitere Anziehungspunkte sind zahlreiche Museen und Galerien sowie die\nRheinuferpromenade und der moderne Medienhafen. Das Stadtbild wird auch durch\nzahlreiche Hochh\u00e4user und Kircht\u00fcrme, den 240 Meter hohen Rheinturm, viele\nBaudenkm\u00e4ler und sieben Rheinbr\u00fccken gepr\u00e4gt. Bemerkenswert ist die gro\u00dfe\nAnzahl ostasiatischer Einwohner, darunter die japanische Gemeinde, welche die\ngr\u00f6\u00dfte japanische Gemeinde und die einzige Japantown Deutschlands bildet.<\/p>\n\n\n\n<p>In der ersten Kurswoche besch\u00e4ftigten wir uns mit der\nLernumgebung Moodle und ihren Methoden und M\u00f6glichkeiten. Unsere Gruppe z\u00e4hlte\nnur 6 Pesonen, deshalb haben wir intensiv gearbeitet. Wir begannen mit der\nEinrichtung eines individuellen Moodleraums. Wir suchten im Netz nach Fotos,\nGrafiken und Creative Commons- Lizenzen. Wir probierten weitere M\u00f6glichkeiten\nvon Moodle aus und lernten Einbindung von Videos, Online-Karten und&nbsp; Moodle-Gadets. Mit Moodle kommunizieren mit\nHilfe von Disskussinsforen und Chattr\u00e4umen war unser weiteres Thema. Im Rahmen\ndes kooperativen Lernens erstellten wir Glossare und Wikis. Am n\u00e4chsten Tag haben\nwir eigene Audiodateien erstellt und in die Lernumgebung eingebunden. In dieser\nWoche besch\u00e4ftigten wir uns noch mit der Erstellung ausgew\u00e4hlter Web 2.0\nAnwendung und Einbindung in Moodle, sowie mit Erstellung von Moodle-Tests und\nAuswertung der Leistungskontrolle.<\/p>\n\n\n\n<p>Das Thema der zweiten Seminarwoche waren Methoden des\nE-Lerning<strong><em>: <\/em><\/strong>Tablets, Apps und Web 2.0\nf\u00fcr den Deutschunterricht. Diesmal z\u00e4hlte die Gruppe 13 Teilnehmer: 5 Peronen\naus Ungarn, 2 aus Spanien, je eine Peron aus Litauen und Bulgarien und 4 aus\nPolen. Jeder von uns hat eine eigene Webseite erstellt &nbsp;und Multimedia in individuelle Lernumgebung\neingebunden. Am n\u00e4chsten Tag gab es Erstellung interaktiver Online-\u00dcbungen und\nEif\u00fchrung in die Arbeit mit Tablets im Deutschunterricht. Im Laufe der Woche\nprobierten wir einige interessanten Apps aus, wie: AnswerGarten, Tweedback, Kahoot, Tricider, Padlet,\nQR-Cods, Learningsapps, Quizizz, Wortwolke. Meine Webseite hatte das Thema <strong>Weltstadt M\u00fcnchen <\/strong>und alle Materialien\ndrehen sich um die Stadt.<\/p>\n\n\n\n<p>Jede Schulung in Deutschland bietet auch ein&nbsp; Kulturprogramm an und hier konnte auch nicht anders sein. Am Mittwochnachmittag finden Ausfl\u00fcge, die vom IKK organisiert und bezahlt werden. In der ersten Wochen war das Schifffahrt auf dem Rhein und Rundgang durch den Stadtteil Kaiserewerth.<strong> Kaiserswerth<\/strong>&nbsp;ist der&nbsp; am Rhein gelegene \u00e4lteste Stadtteil Dusseldorfs, der zum Stadtbezirk 5 geh\u00f6rt. Die fr\u00fchere Reichsstadt wurde 1929 eingemeindet.<\/p>\n\n\n\n<p>Am anderen\nMittwochnachmittag gab es eine F\u00fchrung durch den D\u00fcsseldorfer Medienhafen. Der\neinstige Rheinhafen hat einen gro\u00dfen Wandel erlebt: Wo fr\u00fcher Silos und\nLagerhallen die Skyline des Hafengebiets pr\u00e4gten, stehen heute von national und\ninternational renommierten Architekten erbaute Geb\u00e4udekomplexe. Der Medienhafen\nbeherbergt zahlreiche Unternehmen vor allem aus Medien und Kommunikation, Mode\nund Architektur sowie Kunst und Kultur. Seinen besonderen Charme verdankt der\nHafen der Mischung aus &#8222;neu und alt&#8221;: Die alten Kaimauern,\nTreppenanlagen und die Gleisanlagen der alten Ladestra\u00dfe sind noch erhalten und\nstehen heute unter Denkmalschutz.<\/p>\n\n\n\n<p>&nbsp;Das Wahrzeichen ist <strong>der Neue Zollhof<\/strong> mit den drei auff\u00e4lligen Bauwerken des\nStararchitekten <br>\nFrank O. Gehry. Mittlerweile sind die tanzenden T\u00fcrmen nicht nur zum Treffpunkt\nund Wahrzeichen geworden, sondern auch bevorzugtes Fotomotiv \u2013 und das nicht\nnur bei D\u00fcsseldorfern.<\/p>\n\n\n\n<p>Die ganzt\u00e4gige Busreisen gibt es im Wochenendeangebot\nvom IKK und man muss daf\u00fcr selbst bezahlen.<br>\n&nbsp;Ich nahm an Reisen nach Br\u00fcssel und\nAmsterdam teil. In beiden Hauptst\u00e4dten gab es eine F\u00fchrung, die beeindruckend\nwar.<\/p>\n\n\n\n<p>Der Aufenthalt in D\u00fcsseldorf war f\u00fcr mich ein\ntolles Erlebnis. Ich habe viel gelernt und Material f\u00fcr den Deutschunterricht\ngesammelt. Davon werde nicht nur ich, sondern auch meine Sch\u00fcler profitieren.<\/p>\n\n\n\n<p>Jedem Deutschlehrer w\u00fcrde ich das Seminar bei <em>IKK<\/em> in D\u00fcsseldorf empfehlen. <\/p>\n\n\n\n<p style=\"text-align:right\">Aneta Styrkowiec<\/p>\n\n\n\n<ul class=\"wp-container-4 wp-block-gallery-3 wp-block-gallery columns-5 is-cropped\"><li class=\"blocks-gallery-item\"><figure><img loading=\"lazy\" width=\"1024\" height=\"768\" src=\"http:\/\/www.zs.gromnik.pl\/zs\/wp-content\/uploads\/2020\/01\/elearning-02-1024x768.jpg\" alt=\"\" data-id=\"5091\" data-link=\"http:\/\/www.zs.gromnik.pl\/zs\/?attachment_id=5091\" class=\"wp-image-5091\" srcset=\"http:\/\/zs.gromnik.pl\/zs\/wp-content\/uploads\/2020\/01\/elearning-02-1024x768.jpg 1024w, http:\/\/zs.gromnik.pl\/zs\/wp-content\/uploads\/2020\/01\/elearning-02-300x225.jpg 300w, http:\/\/zs.gromnik.pl\/zs\/wp-content\/uploads\/2020\/01\/elearning-02-768x576.jpg 768w, http:\/\/zs.gromnik.pl\/zs\/wp-content\/uploads\/2020\/01\/elearning-02-820x615.jpg 820w\" sizes=\"(max-width: 1024px) 100vw, 1024px\" \/><\/figure><\/li><li class=\"blocks-gallery-item\"><figure><img loading=\"lazy\" width=\"1024\" height=\"768\" src=\"http:\/\/www.zs.gromnik.pl\/zs\/wp-content\/uploads\/2020\/01\/67960538_688231261648569_5587568069149982720_n-1024x768.jpg\" alt=\"\" data-id=\"5090\" data-link=\"http:\/\/www.zs.gromnik.pl\/zs\/?attachment_id=5090\" class=\"wp-image-5090\" srcset=\"http:\/\/zs.gromnik.pl\/zs\/wp-content\/uploads\/2020\/01\/67960538_688231261648569_5587568069149982720_n-1024x768.jpg 1024w, http:\/\/zs.gromnik.pl\/zs\/wp-content\/uploads\/2020\/01\/67960538_688231261648569_5587568069149982720_n-300x225.jpg 300w, http:\/\/zs.gromnik.pl\/zs\/wp-content\/uploads\/2020\/01\/67960538_688231261648569_5587568069149982720_n-768x576.jpg 768w, http:\/\/zs.gromnik.pl\/zs\/wp-content\/uploads\/2020\/01\/67960538_688231261648569_5587568069149982720_n-820x615.jpg 820w\" sizes=\"(max-width: 1024px) 100vw, 1024px\" \/><\/figure><\/li><li class=\"blocks-gallery-item\"><figure><img loading=\"lazy\" width=\"767\" height=\"1024\" src=\"http:\/\/www.zs.gromnik.pl\/zs\/wp-content\/uploads\/2020\/01\/67800790_734088363700401_2729828518383845376_n-767x1024.jpg\" alt=\"\" data-id=\"5089\" data-link=\"http:\/\/www.zs.gromnik.pl\/zs\/?attachment_id=5089\" class=\"wp-image-5089\" srcset=\"http:\/\/zs.gromnik.pl\/zs\/wp-content\/uploads\/2020\/01\/67800790_734088363700401_2729828518383845376_n-767x1024.jpg 767w, http:\/\/zs.gromnik.pl\/zs\/wp-content\/uploads\/2020\/01\/67800790_734088363700401_2729828518383845376_n-225x300.jpg 225w, http:\/\/zs.gromnik.pl\/zs\/wp-content\/uploads\/2020\/01\/67800790_734088363700401_2729828518383845376_n-768x1026.jpg 768w, http:\/\/zs.gromnik.pl\/zs\/wp-content\/uploads\/2020\/01\/67800790_734088363700401_2729828518383845376_n-820x1095.jpg 820w\" sizes=\"(max-width: 767px) 100vw, 767px\" \/><\/figure><\/li><li class=\"blocks-gallery-item\"><figure><img loading=\"lazy\" width=\"1024\" height=\"768\" src=\"http:\/\/www.zs.gromnik.pl\/zs\/wp-content\/uploads\/2020\/01\/67767681_460113718258556_4739429542790168576_n-1024x768.jpg\" alt=\"\" data-id=\"5088\" data-link=\"http:\/\/www.zs.gromnik.pl\/zs\/?attachment_id=5088\" class=\"wp-image-5088\" srcset=\"http:\/\/zs.gromnik.pl\/zs\/wp-content\/uploads\/2020\/01\/67767681_460113718258556_4739429542790168576_n-1024x768.jpg 1024w, http:\/\/zs.gromnik.pl\/zs\/wp-content\/uploads\/2020\/01\/67767681_460113718258556_4739429542790168576_n-300x225.jpg 300w, http:\/\/zs.gromnik.pl\/zs\/wp-content\/uploads\/2020\/01\/67767681_460113718258556_4739429542790168576_n-768x576.jpg 768w, http:\/\/zs.gromnik.pl\/zs\/wp-content\/uploads\/2020\/01\/67767681_460113718258556_4739429542790168576_n-820x615.jpg 820w\" sizes=\"(max-width: 1024px) 100vw, 1024px\" \/><\/figure><\/li><li class=\"blocks-gallery-item\"><figure><img loading=\"lazy\" width=\"767\" height=\"1024\" src=\"http:\/\/www.zs.gromnik.pl\/zs\/wp-content\/uploads\/2020\/01\/67754052_2275595329371275_1173073358015692800_n-767x1024.jpg\" alt=\"\" data-id=\"5087\" data-link=\"http:\/\/www.zs.gromnik.pl\/zs\/?attachment_id=5087\" class=\"wp-image-5087\" srcset=\"http:\/\/zs.gromnik.pl\/zs\/wp-content\/uploads\/2020\/01\/67754052_2275595329371275_1173073358015692800_n-767x1024.jpg 767w, http:\/\/zs.gromnik.pl\/zs\/wp-content\/uploads\/2020\/01\/67754052_2275595329371275_1173073358015692800_n-225x300.jpg 225w, http:\/\/zs.gromnik.pl\/zs\/wp-content\/uploads\/2020\/01\/67754052_2275595329371275_1173073358015692800_n-768x1026.jpg 768w, http:\/\/zs.gromnik.pl\/zs\/wp-content\/uploads\/2020\/01\/67754052_2275595329371275_1173073358015692800_n-820x1095.jpg 820w\" sizes=\"(max-width: 767px) 100vw, 767px\" \/><\/figure><\/li><\/ul>\n","protected":false},"excerpt":{"rendered":"<p>W ramach projektu dofinansowanego ze \u015brodk\u00f3wUE, kt\u00f3ry jest realizowany przez Zesp\u00f3\u0142 Szk\u00f3\u0142 w Gromniku uczestniczy\u0142am&nbsp; z kole\u017cank\u0105&nbsp; Janin\u0105 \u0141y\u017cw\u0105 w dwutygodniowym seminarium&nbsp; doskonal\u0105cym wykorzystanie technologii informatycznej w nauczaniu j\u0119zyka&nbsp; niemieckiego. Szkolenie odbywa\u0142o si\u0119 na prze\u0142omie lipca i sierpnia w&nbsp; Instytucie Komunikacji Mi\u0119dzynarodowej (Institut f\u00fcr Internationale Kommunikation) w D\u00fcsseldorfie. D\u00fcsseldorf&nbsp;to miasto na prawach powiatu, stolica kraju zwi\u0105zkowego Nadrenia P\u00f3\u0142nocna Westfalia oraz rejencji Dusseldorf. Nale\u017cy do aglomeracji&nbsp;Rhein-Ruhr&nbsp;z ok. 10\u201312 mln mieszka\u0144cami. &nbsp;Samo miasto liczy ok. 600 tys. mieszka\u0144c\u00f3w i le\u017cy na wysoko\u015bci 38 m n.p.m. nad Renem, powierzchnia 217,21 km\u00b2. Jest to jedno z wi\u0119kszych miast zachodnich Niemiec, o du\u017cym znaczeniu gospodarczym. D\u00fcsseldorf, kt\u00f3ry po II wojnie \u015bwiatowej prze\u017cy\u0142 faz\u0119 przy\u015bpieszonego rozwoju, jest siedzib\u0105 wielu niemieckich koncern\u00f3w przemys\u0142owych. Du\u017ce znaczenie maj\u0105 centrale koncern\u00f3w ubezpieczeniowych takich jak ARAG i Ergo Group&nbsp;(m.in.&nbsp;Victoria Versicherung). Inne znacz\u0105ce koncerny z siedzib\u0105 w mie\u015bcie to ThyssenKrupp, E.ON (energetyka), Henkel&nbsp;(chemia) i&nbsp;Metro AG (handel). Swoj\u0105 central\u0119 na Niemcy ma w D\u00fcsseldorfie zar\u00f3wno firma Novell, jak i wiele innych koncern\u00f3w japo\u0144skich. Po Frankfurcie D\u00fcsseldorf mie\u015bci drug\u0105 w Niemczech liczb\u0119 bank\u00f3w. W mie\u015bcie dzia\u0142aj\u0105 liczne agencje reklamowe, firmy doradcze i du\u017ce kancelarie adwokackie. Targi&nbsp;Collections Premieren D\u00fcsseldorf&nbsp;(CPD) uchodz\u0105 za najwi\u0119ksze targi mody na \u015bwiecie, a odbywaj\u0105ce si\u0119 corocznie od 1969 roku&nbsp;Internationale Bootsausstellung D\u00fcsseldorf&nbsp;jest najwi\u0119ksz\u0105 na \u015bwiecie wystaw\u0105 jacht\u00f3w i sprz\u0119t\u00f3w do uprawiania sport\u00f3w wodnych. Miasto jest siedzib\u0105 Uniwersytetu Heinricha Heinego (Heinrich-Heine-Universit\u00e4t D\u00fcsseldorf), za\u0142o\u017conego w 1965 na bazie Akademii Medycznej dzia\u0142aj\u0105cej od 1907 roku. &nbsp;Stare miasto w D\u00fcsseldorfie nazywane jest najd\u0142u\u017cszym barem na \u015bwiecie \u2013 mie\u015bci si\u0119 tutaj ponad 260 bar\u00f3w. Miato s\u0142ynie tak\u017ce z&nbsp; K\u00f6,- alei Kr\u00f3lewskiej, kt\u00f3ra jest&nbsp; ekskluzywnym bulwarem handlowym miasta, karnawa\u0142u, klubu pi\u0142karskiego Fortuna D\u00fcsseldorf, klubu hokejowego. Innymi punktami przyci\u0105gaj\u0105cymi turyst\u00f3w s\u0105 liczne muzea i galerie, jak r\u00f3wnie\u017c promenada nad Renem i nowoczesna dzielnica Medienhafen. W obrazie miasta rzucaj\u0105 si\u0119 w oczy liczne wie\u017cowce i wie\u017ce ko\u015bcio\u0142\u00f3w, 240 metrowa wie\u017ca Re\u0144ska ( Rheinturm), wiele pomnik\u00f3w i 7 most\u00f3w na Renie. Godna uwagi du\u017ca liczba mieszka\u0144c\u00f3w&nbsp; z Azji, w tym najwi\u0119ksza w Niemczech mniejszo\u015b\u0107 japo\u0144ska i jedyna w Niemczech Japantown. Zaj\u0119cia podczas seminarium prowadzone by\u0142y przy komputerach i tabletach i trwa\u0142y od poniedzia\u0142ku do pi\u0105tku&nbsp; w godzinach od 9:00 do 17:15 z przerwami na obiad i kaw\u0119. By\u0142y\u015bmy zakwaterowane w hotelu Plaza Novum Hotel, a w hotelu w pobli\u017cu mog\u0142y\u015bmy korzysta\u0107 codziennie z obfitego bufetu \u015bniadaniowego. Pierwszy tydzie\u0144 szkolenia dotyczy\u0142 platformy e-learningowej Moodle oraz metod i mo\u017cliwo\u015bci z ni\u0105 zwi\u0105zanych. Grupa liczy\u0142a tylko 6 os\u00f3b, dlatego pracowali\u015bmy bardzo&nbsp; intensywnie. Nasz\u0105 nauk\u0119 rozpocz\u0119li\u015bmy od utworzenia&nbsp; w\u0142asnego &nbsp;miejsca do nauczania &nbsp;na platformie Moodle.&nbsp; Zajmowali\u015bmy si\u0119 tak\u017ce poszukiwaniem zdj\u0119\u0107 i grafik w sieci i poznali\u015bmy licencje pozwalaj\u0105ce na ich wykorzystanie. Uczyli\u015bmy si\u0119 za\u0142\u0105czania plik\u00f3w wideo, map internetowych i innych gad\u017cet\u00f3w. Tworzyli\u015bmy s\u0142owniki , encyklopedie, chaty i fora dyskusyjne. Nagrywali\u015bmy w\u0142asne pliki d\u017awi\u0119kowe i umieszczali\u015bmy na platformie. Ka\u017cdy z nas tworzy\u0142 samodzielnie testy ich ocen\u0119 na platformie Moodle. Drugi tydzie\u0144 szkolenia dotyczy\u0142 metod nauczania przy u\u017cyciu technologii informatycznej. Tym razem grupa liczy\u0142a 13 kursant\u00f3w: 5 os\u00f3b z W\u0119gier, 2 z Hiszpanii, po jednej z Litwy i Bu\u0142garii oraz 4&nbsp; z Polski. Ka\u017cdy uczestnik szkolenia tworzy\u0142 w\u0142asn\u0105 stron\u0119 internetow\u0105 z ciekawymi \u0107wiczeniami i materia\u0142ami do nauki j\u0119zyka niemieckiego. Poznali\u015bmy i wypr\u00f3bowali\u015bmy szereg ciekawych aplikacji takich jak: AnswerGarten, Tweedback, Kahoot, Tricider, Padlet, QR-Cods, Learningsapps, Quizizz, Wortwolke ( chmura wyrazowa). Moja strona internetowa by\u0142a po\u015bwi\u0119cona Monachium ( Weltstadt M\u00fcnchen) , tote\u017c materia\u0142y znajduj\u0105ce si\u0119 na tej stronie dotycz\u0105 tego miasta. Ka\u017cde szkolenie zagraniczne oferuje program kulturalny i tutaj te\u017c nie mog\u0142o by\u0107 inaczej. W \u015brodowe popo\u0142udnia odbywaj\u0105 si\u0119 wycieczki organizowane i sponsorowane przez Instytut. W pierwszym tygodniu &nbsp;by\u0142 rejs po Renie i zwiedzanie dzielnicy Kaiserswerth. Kaiserswerth &nbsp;to dawne miasto cesarskie, a obecnie &nbsp;najstarsza dzielnica Dusseldorfu, kt\u00f3ra nale\u017cy do dzielnicy 5. Dawne cesarskie miasto Kaiserswerth po\u0142o\u017cone jest bezpo\u015brednio nad Renem, w po\u0142owie drogi mi\u0119dzy D\u00fcsseldorfem a Duisburgiem.&nbsp;Ren tworzy tutaj p\u0142ask\u0105 krzywizn\u0119, dzi\u0119ki czemu mo\u017cna ogl\u0105da\u0107 rzek\u0119 na d\u0142ugo\u015bci 13 kilometr\u00f3w. Podczas drugiej wycieczki poznali\u015bmy dzielnic\u0119 medi\u00f3w. Medienhafen&nbsp;to najnowocze\u015bniejsza&nbsp;dzielnica D\u00fcsseldorfu. Po\u0142o\u017cona jest oko\u0142o 2 km od centrum miasta,&nbsp;w zakolu Renu, w miejscu dawnego portu. Jeszcze jaki\u015b czas temu w tej oryginalnej dzielnicy znajdowa\u0142y si\u0119 stare budynki i nieu\u017cywane magazyny. Na wniosek miasta tereny zosta\u0142y gruntowanie odnowione i odremontowane. Miasto rozparcelowa\u0142o teren mi\u0119dzy wielu deweloper\u00f3w i zach\u0119ci\u0142o do skorzystania z pomocy wielu zdolnych architekt\u00f3w. Medienhafen&nbsp;jest przestrzeni\u0105 typowo&nbsp;biznesow\u0105,&nbsp;pe\u0142n\u0105 biurowc\u00f3w. Dzi\u0119ki sprytnym rozwi\u0105zaniom architektonicznym stanowi ona r\u00f3wnie\u017c miejsce spotka\u0144 towarzyskich. W parterach budynk\u00f3w ulokowane s\u0105 bowiem knajpki, restauracje i puby. Wzd\u0142u\u017c rzeki wiedzie nowoczesna droga rowerowa oraz trasa dla pieszych, sprzyjaj\u0105ca spacerom. Medienhafen to zupe\u0142nie nowe oblicze D\u00fcsseldorfu, pe\u0142ne kreatywno\u015bci, nowoczesnych rozwi\u0105za\u0144 i \u015bwiatowych trend\u00f3w. a nowoczesna dzielnica to prawdziwe&nbsp;zag\u0142\u0119bie futurystycznych, oryginalnych budynk\u00f3w. B\u0119d\u0105c w Medienhafen, koniecznie nale\u017cy zobaczy\u0107 powykrzywiane&nbsp;Neuer Zollhof&nbsp;(The New Zollhof), ameryka\u0144skiego architekta Franka Gehry\u2019ego i pstrokate&nbsp;Colorium, Williama Alsopa. W\u015br\u00f3d najpopularniejszych nie tylko w\u015br\u00f3d turyst\u00f3w budowli znajduje si\u0119 r\u00f3wnie\u017c&nbsp;brama miejska&nbsp;o&nbsp;stalowo-szklanej konstrukcji, kt\u00f3ra jest nieod\u0142\u0105cznym elementem nowoczesnej linii zabudowy tej futurystycznej dzielnicy. Je\u015bli chodzi o wycieczki&nbsp; autokarowe ca\u0142odniowe, to znajduj\u0105 si\u0119 one w ofercie weekendowej i trzeba za nie samemu zap\u0142aci\u0107. W ten spos\u00f3b mia\u0142am okazj\u0119 zobaczy\u0107 dwie stolice: Bruksel\u0119 i Amsterdam. Obydwa miasta zrobi\u0142y na mnie du\u017ce wra\u017cenie. Podsumowuj\u0105c, uwa\u017cam szkolenie w D\u00fcsseldorfie za bardzo udane i&nbsp; ze wszech miar korzystne dla mojego rozwoju zawodowego i osobistego. Aneta Styrkowiec Vertraut mit Computern in D\u00fcsseldorf Im Rahmen eines EU &#8211; Projekts , das in meiner Schule realisiert wird, nahm ich mit meiner Arbeitskollegin Janina \u0141y\u017cwa an einer zweiw\u00f6chigen Schulung im &nbsp;Institut f\u00fcr Internationale Kommunikation in D\u00fcsseldorf teil. Das Seminar war zum Thema Lernumgebung Moodle &amp;Methoden des E-Lerning: Tablets, Apps und Web 2.0 f\u00fcr den Deutschunterricht. GINCO AWARD als beispielhafte europ\u00e4ische Fortbildung. D\u00fcsseldorf ist die Landeshauptstadt Nordrhein-Westfalens und der Beh\u00f6rdensitz des Regierungsbezirks D\u00fcsseldorf. Die kreisfreie Stadt am Rhein ist mit 619.294 Einwohnern nach K\u00f6ln die zweitgr\u00f6\u00dfte Stadt des Landes. In Deutschland ist D\u00fcsseldorf nach Einwohnern die siebtgr\u00f6\u00dfte Stadt. Die Rheinmetropole geh\u00f6rt zu den f\u00fcnf wichtigsten, international stark verflochtenen Wirtschaftszentren Deutschlands. D\u00fcsseldorf ist eine Messestadt und Sitz vieler b\u00f6rsennotierter Unternehmen, darunter der im DAX notierte Konzern Henkel. Zudem ist sie der umsatzst\u00e4rkste deutsche Standort f\u00fcr&nbsp; Wirtschaftspr\u00fcfung, Unternehmens- und Rechtsberatung, Werbung und Kleidermode sowie ein wichtiger Finanz- und&nbsp; B\u00f6rsenplatz. Auch im Kunsthandel Deutschlands ist sie f\u00fchrend. D\u00fcsseldorf besitzt mehrere Rheinh\u00e4fen. Sein Flughafen D\u00fcsseldorf Airport ist das interkontinentale&nbsp; Drehkreuz Nordrhein-Westfalens. Die Stadt ist des Weiteren Sitz von 22 Hochschulen, darunter die renommierte Kunstakademie D\u00fcsseldorf und die Heinrich-Heine-Universit\u00e4t. \u00dcberregionale Bekanntheit genie\u00dft D\u00fcsseldorf au\u00dferdem durch seine Altstadt (\u201el\u00e4ngste Theke der Welt\u201c), seinen Einkaufsboulevard K\u00f6nigsallee (\u201eK\u00f6\u201c), seinen D\u00fcsseldorfer Karneval, den Fu\u00dfballverein Fortuna D\u00fcsseldorf und den Eishockeyverein D\u00fcsseldorfer EG. Weitere Anziehungspunkte sind zahlreiche Museen und Galerien sowie die Rheinuferpromenade und der moderne Medienhafen. Das Stadtbild wird auch durch zahlreiche Hochh\u00e4user und Kircht\u00fcrme, den 240 Meter hohen Rheinturm, viele Baudenkm\u00e4ler und sieben Rheinbr\u00fccken gepr\u00e4gt. Bemerkenswert ist die gro\u00dfe Anzahl ostasiatischer Einwohner, darunter die japanische Gemeinde, welche die gr\u00f6\u00dfte japanische Gemeinde und die einzige Japantown Deutschlands bildet. In der ersten Kurswoche besch\u00e4ftigten wir uns mit der Lernumgebung Moodle und ihren Methoden und M\u00f6glichkeiten. Unsere Gruppe z\u00e4hlte nur 6 Pesonen, deshalb haben wir intensiv gearbeitet. Wir begannen mit der Einrichtung eines individuellen Moodleraums. Wir suchten im Netz nach Fotos, Grafiken und Creative Commons- Lizenzen. Wir probierten weitere M\u00f6glichkeiten von Moodle aus und lernten Einbindung von Videos, Online-Karten und&nbsp; Moodle-Gadets. Mit Moodle kommunizieren mit Hilfe von Disskussinsforen und Chattr\u00e4umen war unser weiteres Thema. Im Rahmen des kooperativen Lernens erstellten wir Glossare und Wikis. Am n\u00e4chsten Tag haben wir eigene Audiodateien erstellt und in die Lernumgebung eingebunden. In dieser Woche besch\u00e4ftigten wir uns noch mit der Erstellung ausgew\u00e4hlter Web 2.0 Anwendung und Einbindung in Moodle, sowie mit Erstellung von Moodle-Tests und Auswertung der Leistungskontrolle. Das Thema der zweiten Seminarwoche waren Methoden des E-Lerning: Tablets, Apps und Web 2.0 f\u00fcr den Deutschunterricht. Diesmal z\u00e4hlte die Gruppe 13 Teilnehmer: 5 Peronen aus Ungarn, 2 aus Spanien, je eine Peron aus Litauen und Bulgarien und 4 aus Polen. Jeder von uns hat eine eigene Webseite erstellt &nbsp;und Multimedia in individuelle Lernumgebung eingebunden. Am n\u00e4chsten Tag gab es Erstellung interaktiver Online-\u00dcbungen und Eif\u00fchrung in die Arbeit mit Tablets im Deutschunterricht. Im Laufe der Woche probierten wir einige interessanten Apps aus, wie: AnswerGarten, Tweedback, Kahoot, Tricider, Padlet, QR-Cods, Learningsapps, Quizizz, Wortwolke. Meine Webseite hatte das Thema Weltstadt M\u00fcnchen und alle Materialien drehen sich um die Stadt. Jede Schulung in Deutschland bietet auch ein&nbsp; Kulturprogramm an und hier konnte auch nicht anders sein. Am Mittwochnachmittag finden Ausfl\u00fcge, die vom IKK organisiert und bezahlt werden. In der ersten Wochen war das Schifffahrt auf dem Rhein und Rundgang durch den Stadtteil Kaiserewerth. Kaiserswerth&nbsp;ist der&nbsp; am Rhein gelegene \u00e4lteste Stadtteil Dusseldorfs, der zum Stadtbezirk 5 geh\u00f6rt. Die fr\u00fchere Reichsstadt wurde 1929 eingemeindet. Am anderen Mittwochnachmittag gab es eine F\u00fchrung durch den D\u00fcsseldorfer Medienhafen. Der einstige Rheinhafen hat einen gro\u00dfen Wandel erlebt: Wo fr\u00fcher Silos und Lagerhallen die Skyline des Hafengebiets pr\u00e4gten, stehen heute von national und international renommierten Architekten erbaute Geb\u00e4udekomplexe. Der Medienhafen beherbergt zahlreiche Unternehmen vor allem aus Medien und Kommunikation, Mode und Architektur sowie Kunst und Kultur. Seinen besonderen Charme verdankt der Hafen der Mischung aus &#8222;neu und alt&#8221;: Die alten Kaimauern, Treppenanlagen und die Gleisanlagen der alten Ladestra\u00dfe sind noch erhalten und stehen heute unter Denkmalschutz. &nbsp;Das Wahrzeichen ist der Neue Zollhof mit den drei auff\u00e4lligen Bauwerken des Stararchitekten Frank O. Gehry. Mittlerweile sind die tanzenden T\u00fcrmen nicht nur zum Treffpunkt und Wahrzeichen geworden, sondern auch bevorzugtes Fotomotiv \u2013 und das nicht nur bei D\u00fcsseldorfern. Die ganzt\u00e4gige Busreisen gibt es im Wochenendeangebot vom IKK und man muss daf\u00fcr selbst bezahlen. &nbsp;Ich nahm an Reisen nach Br\u00fcssel und Amsterdam teil. In beiden Hauptst\u00e4dten gab es eine F\u00fchrung, die beeindruckend war. Der Aufenthalt in D\u00fcsseldorf war f\u00fcr mich ein tolles Erlebnis. Ich habe viel gelernt und Material f\u00fcr den Deutschunterricht gesammelt. Davon werde nicht nur ich, sondern auch meine Sch\u00fcler profitieren. Jedem Deutschlehrer w\u00fcrde ich das Seminar bei IKK in D\u00fcsseldorf empfehlen. Aneta Styrkowiec<\/p>\n","protected":false},"author":6,"featured_media":5083,"comment_status":"closed","ping_status":"open","sticky":false,"template":"","format":"standard","meta":[],"categories":[33],"tags":[],"yoast_head":"<!-- This site is optimized with the Yoast SEO plugin v19.8 - https:\/\/yoast.com\/wordpress\/plugins\/seo\/ -->\n<title>Z komputerem za pan brat w D\u00fcsseldorfie - Zesp\u00f3\u0142 Szk\u00f3\u0142 w Gromniku<\/title>\n<meta name=\"description\" content=\"Zesp\u00f3\u0142 Szk\u00f3\u0142 w Gromniku\" \/>\n<meta name=\"robots\" content=\"index, follow, max-snippet:-1, max-image-preview:large, max-video-preview:-1\" \/>\n<link rel=\"canonical\" href=\"http:\/\/zs.gromnik.pl\/zs\/z-komputerem-za-pan-brat-w-dusseldorfie\/\" \/>\n<meta property=\"og:locale\" content=\"pl_PL\" \/>\n<meta property=\"og:type\" content=\"article\" \/>\n<meta property=\"og:title\" content=\"Z komputerem za pan brat w D\u00fcsseldorfie - Zesp\u00f3\u0142 Szk\u00f3\u0142 w Gromniku\" \/>\n<meta property=\"og:description\" content=\"Zesp\u00f3\u0142 Szk\u00f3\u0142 w Gromniku\" \/>\n<meta property=\"og:url\" content=\"http:\/\/zs.gromnik.pl\/zs\/z-komputerem-za-pan-brat-w-dusseldorfie\/\" \/>\n<meta property=\"og:site_name\" content=\"Zesp\u00f3\u0142 Szk\u00f3\u0142 w Gromniku\" \/>\n<meta property=\"article:publisher\" content=\"https:\/\/www.facebook.com\/zsgromnik\" \/>\n<meta property=\"article:published_time\" content=\"2020-01-06T17:54:34+00:00\" \/>\n<meta property=\"article:modified_time\" content=\"2020-01-08T20:27:01+00:00\" \/>\n<meta property=\"og:image\" content=\"http:\/\/zs.gromnik.pl\/zs\/wp-content\/uploads\/2020\/01\/67418844_2078599589110305_3151275650342453248_n.jpg\" \/>\n\t<meta property=\"og:image:width\" content=\"3612\" \/>\n\t<meta property=\"og:image:height\" content=\"2709\" \/>\n\t<meta property=\"og:image:type\" content=\"image\/jpeg\" \/>\n<meta name=\"author\" content=\"Patrycja Kubicz\" \/>\n<meta name=\"twitter:card\" content=\"summary_large_image\" \/>\n<meta name=\"twitter:label1\" content=\"Napisane przez\" \/>\n\t<meta name=\"twitter:data1\" content=\"Patrycja Kubicz\" \/>\n\t<meta name=\"twitter:label2\" content=\"Szacowany czas czytania\" \/>\n\t<meta name=\"twitter:data2\" content=\"10 minut\" \/>\n<script type=\"application\/ld+json\" class=\"yoast-schema-graph\">{\"@context\":\"https:\/\/schema.org\",\"@graph\":[{\"@type\":\"WebPage\",\"@id\":\"http:\/\/zs.gromnik.pl\/zs\/z-komputerem-za-pan-brat-w-dusseldorfie\/\",\"url\":\"http:\/\/zs.gromnik.pl\/zs\/z-komputerem-za-pan-brat-w-dusseldorfie\/\",\"name\":\"Z komputerem za pan brat w D\u00fcsseldorfie - Zesp\u00f3\u0142 Szk\u00f3\u0142 w Gromniku\",\"isPartOf\":{\"@id\":\"https:\/\/zs.gromnik.pl\/zs\/#website\"},\"datePublished\":\"2020-01-06T17:54:34+00:00\",\"dateModified\":\"2020-01-08T20:27:01+00:00\",\"author\":{\"@id\":\"https:\/\/zs.gromnik.pl\/zs\/#\/schema\/person\/8ceca2902a7d39b77622ae2e117d831a\"},\"description\":\"Zesp\u00f3\u0142 Szk\u00f3\u0142 w Gromniku\",\"breadcrumb\":{\"@id\":\"http:\/\/zs.gromnik.pl\/zs\/z-komputerem-za-pan-brat-w-dusseldorfie\/#breadcrumb\"},\"inLanguage\":\"pl-PL\",\"potentialAction\":[{\"@type\":\"ReadAction\",\"target\":[\"http:\/\/zs.gromnik.pl\/zs\/z-komputerem-za-pan-brat-w-dusseldorfie\/\"]}]},{\"@type\":\"BreadcrumbList\",\"@id\":\"http:\/\/zs.gromnik.pl\/zs\/z-komputerem-za-pan-brat-w-dusseldorfie\/#breadcrumb\",\"itemListElement\":[{\"@type\":\"ListItem\",\"position\":1,\"name\":\"Strona g\u0142\u00f3wna\",\"item\":\"https:\/\/zs.gromnik.pl\/zs\/\"},{\"@type\":\"ListItem\",\"position\":2,\"name\":\"Z komputerem za pan brat w D\u00fcsseldorfie\"}]},{\"@type\":\"WebSite\",\"@id\":\"https:\/\/zs.gromnik.pl\/zs\/#website\",\"url\":\"https:\/\/zs.gromnik.pl\/zs\/\",\"name\":\"Zesp\u00f3\u0142 Szk\u00f3\u0142 w Gromniku\",\"description\":\"\",\"potentialAction\":[{\"@type\":\"SearchAction\",\"target\":{\"@type\":\"EntryPoint\",\"urlTemplate\":\"https:\/\/zs.gromnik.pl\/zs\/?s={search_term_string}\"},\"query-input\":\"required name=search_term_string\"}],\"inLanguage\":\"pl-PL\"},{\"@type\":\"Person\",\"@id\":\"https:\/\/zs.gromnik.pl\/zs\/#\/schema\/person\/8ceca2902a7d39b77622ae2e117d831a\",\"name\":\"Patrycja Kubicz\",\"image\":{\"@type\":\"ImageObject\",\"inLanguage\":\"pl-PL\",\"@id\":\"https:\/\/zs.gromnik.pl\/zs\/#\/schema\/person\/image\/\",\"url\":\"http:\/\/0.gravatar.com\/avatar\/fdb188d3851f5cc80ba3148c853f5f66?s=96&d=mm&r=g\",\"contentUrl\":\"http:\/\/0.gravatar.com\/avatar\/fdb188d3851f5cc80ba3148c853f5f66?s=96&d=mm&r=g\",\"caption\":\"Patrycja Kubicz\"},\"url\":\"http:\/\/zs.gromnik.pl\/zs\/author\/pkubicz\/\"}]}<\/script>\n<!-- \/ Yoast SEO plugin. -->","yoast_head_json":{"title":"Z komputerem za pan brat w D\u00fcsseldorfie - Zesp\u00f3\u0142 Szk\u00f3\u0142 w Gromniku","description":"Zesp\u00f3\u0142 Szk\u00f3\u0142 w Gromniku","robots":{"index":"index","follow":"follow","max-snippet":"max-snippet:-1","max-image-preview":"max-image-preview:large","max-video-preview":"max-video-preview:-1"},"canonical":"http:\/\/zs.gromnik.pl\/zs\/z-komputerem-za-pan-brat-w-dusseldorfie\/","og_locale":"pl_PL","og_type":"article","og_title":"Z komputerem za pan brat w D\u00fcsseldorfie - Zesp\u00f3\u0142 Szk\u00f3\u0142 w Gromniku","og_description":"Zesp\u00f3\u0142 Szk\u00f3\u0142 w Gromniku","og_url":"http:\/\/zs.gromnik.pl\/zs\/z-komputerem-za-pan-brat-w-dusseldorfie\/","og_site_name":"Zesp\u00f3\u0142 Szk\u00f3\u0142 w Gromniku","article_publisher":"https:\/\/www.facebook.com\/zsgromnik","article_published_time":"2020-01-06T17:54:34+00:00","article_modified_time":"2020-01-08T20:27:01+00:00","og_image":[{"width":3612,"height":2709,"url":"http:\/\/zs.gromnik.pl\/zs\/wp-content\/uploads\/2020\/01\/67418844_2078599589110305_3151275650342453248_n.jpg","type":"image\/jpeg"}],"author":"Patrycja Kubicz","twitter_card":"summary_large_image","twitter_misc":{"Napisane przez":"Patrycja Kubicz","Szacowany czas czytania":"10 minut"},"schema":{"@context":"https:\/\/schema.org","@graph":[{"@type":"WebPage","@id":"http:\/\/zs.gromnik.pl\/zs\/z-komputerem-za-pan-brat-w-dusseldorfie\/","url":"http:\/\/zs.gromnik.pl\/zs\/z-komputerem-za-pan-brat-w-dusseldorfie\/","name":"Z komputerem za pan brat w D\u00fcsseldorfie - Zesp\u00f3\u0142 Szk\u00f3\u0142 w Gromniku","isPartOf":{"@id":"https:\/\/zs.gromnik.pl\/zs\/#website"},"datePublished":"2020-01-06T17:54:34+00:00","dateModified":"2020-01-08T20:27:01+00:00","author":{"@id":"https:\/\/zs.gromnik.pl\/zs\/#\/schema\/person\/8ceca2902a7d39b77622ae2e117d831a"},"description":"Zesp\u00f3\u0142 Szk\u00f3\u0142 w Gromniku","breadcrumb":{"@id":"http:\/\/zs.gromnik.pl\/zs\/z-komputerem-za-pan-brat-w-dusseldorfie\/#breadcrumb"},"inLanguage":"pl-PL","potentialAction":[{"@type":"ReadAction","target":["http:\/\/zs.gromnik.pl\/zs\/z-komputerem-za-pan-brat-w-dusseldorfie\/"]}]},{"@type":"BreadcrumbList","@id":"http:\/\/zs.gromnik.pl\/zs\/z-komputerem-za-pan-brat-w-dusseldorfie\/#breadcrumb","itemListElement":[{"@type":"ListItem","position":1,"name":"Strona g\u0142\u00f3wna","item":"https:\/\/zs.gromnik.pl\/zs\/"},{"@type":"ListItem","position":2,"name":"Z komputerem za pan brat w D\u00fcsseldorfie"}]},{"@type":"WebSite","@id":"https:\/\/zs.gromnik.pl\/zs\/#website","url":"https:\/\/zs.gromnik.pl\/zs\/","name":"Zesp\u00f3\u0142 Szk\u00f3\u0142 w Gromniku","description":"","potentialAction":[{"@type":"SearchAction","target":{"@type":"EntryPoint","urlTemplate":"https:\/\/zs.gromnik.pl\/zs\/?s={search_term_string}"},"query-input":"required name=search_term_string"}],"inLanguage":"pl-PL"},{"@type":"Person","@id":"https:\/\/zs.gromnik.pl\/zs\/#\/schema\/person\/8ceca2902a7d39b77622ae2e117d831a","name":"Patrycja Kubicz","image":{"@type":"ImageObject","inLanguage":"pl-PL","@id":"https:\/\/zs.gromnik.pl\/zs\/#\/schema\/person\/image\/","url":"http:\/\/0.gravatar.com\/avatar\/fdb188d3851f5cc80ba3148c853f5f66?s=96&d=mm&r=g","contentUrl":"http:\/\/0.gravatar.com\/avatar\/fdb188d3851f5cc80ba3148c853f5f66?s=96&d=mm&r=g","caption":"Patrycja Kubicz"},"url":"http:\/\/zs.gromnik.pl\/zs\/author\/pkubicz\/"}]}},"_links":{"self":[{"href":"http:\/\/zs.gromnik.pl\/zs\/wp-json\/wp\/v2\/posts\/5071"}],"collection":[{"href":"http:\/\/zs.gromnik.pl\/zs\/wp-json\/wp\/v2\/posts"}],"about":[{"href":"http:\/\/zs.gromnik.pl\/zs\/wp-json\/wp\/v2\/types\/post"}],"author":[{"embeddable":true,"href":"http:\/\/zs.gromnik.pl\/zs\/wp-json\/wp\/v2\/users\/6"}],"replies":[{"embeddable":true,"href":"http:\/\/zs.gromnik.pl\/zs\/wp-json\/wp\/v2\/comments?post=5071"}],"version-history":[{"count":13,"href":"http:\/\/zs.gromnik.pl\/zs\/wp-json\/wp\/v2\/posts\/5071\/revisions"}],"predecessor-version":[{"id":5114,"href":"http:\/\/zs.gromnik.pl\/zs\/wp-json\/wp\/v2\/posts\/5071\/revisions\/5114"}],"wp:featuredmedia":[{"embeddable":true,"href":"http:\/\/zs.gromnik.pl\/zs\/wp-json\/wp\/v2\/media\/5083"}],"wp:attachment":[{"href":"http:\/\/zs.gromnik.pl\/zs\/wp-json\/wp\/v2\/media?parent=5071"}],"wp:term":[{"taxonomy":"category","embeddable":true,"href":"http:\/\/zs.gromnik.pl\/zs\/wp-json\/wp\/v2\/categories?post=5071"},{"taxonomy":"post_tag","embeddable":true,"href":"http:\/\/zs.gromnik.pl\/zs\/wp-json\/wp\/v2\/tags?post=5071"}],"curies":[{"name":"wp","href":"https:\/\/api.w.org\/{rel}","templated":true}]}}