{"id":5096,"date":"2020-01-06T19:41:42","date_gmt":"2020-01-06T18:41:42","guid":{"rendered":"http:\/\/www.zs.gromnik.pl\/zs\/?p=5096"},"modified":"2020-01-06T19:41:43","modified_gmt":"2020-01-06T18:41:43","slug":"regensburg-i-nauka-jezyka-niemieckiego","status":"publish","type":"post","link":"http:\/\/zs.gromnik.pl\/zs\/regensburg-i-nauka-jezyka-niemieckiego\/","title":{"rendered":"Regensburg i nauka j\u0119zyka niemieckiego."},"content":{"rendered":"\n<p><strong>Sprawozdanie z mobilno\u015bci j\u0119zykowej z programem POWER.<\/strong><\/p>\n\n\n\n<p>M\u00f3j kontakt z j\u0119zykiem niemieckim\nrozpocz\u0105\u0142 si\u0119 w szkole \u015bredniej. Gdy nadarzy\u0142a si\u0119 okazja, aby przypomnie\u0107\nsobie j\u0119zyk i poszerzy\u0107 swoj\u0105 wiedz\u0119, ch\u0119tnie z tego skorzysta\u0142am.<\/p>\n\n\n\n<p>Przed wyjazdem uczestniczy\u0142am w\nkursie komputerowym, szkoleniu z e-Twiningu, oraz w&nbsp;zaj\u0119ciach j\u0119zykowych\nprzygotowuj\u0105cych na samodzielne podj\u0119cie nauki w wybranej szkole. <\/p>\n\n\n\n<p>Moj\u0105 mobilno\u015b\u0107 rozpocz\u0119\u0142am 21 lipca 2019 r. podr\u00f3\u017c\u0105 samochodem po autostradach Niemiec do Bawarii. Po o\u015bmiu godzinach jazdy dotar\u0142am do Regensburga i pojawi\u0142 si\u0119 \u201eniewielki problem \u201e z\u00a0zaparkowaniem samochodu, poniewa\u017c szko\u0142a zlokalizowana jest w centrum Starego Miasta. Z tej sytuacji uda\u0142o mi si\u0119 wyj\u015b\u0107 obronn\u0105 r\u0119k\u0105 i po dw\u00f3ch godzinach poszukiwa\u0144 zaparkowa\u0142am samoch\u00f3d na dwa tygodnie tak \u017ceby nie straci\u0107 maj\u0105tku lub aby nie trafi\u0107 na parkin<font color=\"#000117\">g policyjny<a>.<\/a><\/font><\/p>\n\n\n\n<p>Pieszo\npokonuj\u0105c tras\u0119 2 km, z walizk\u0105 w r\u0119ku dotar\u0142am do Szko\u0142y J\u0119zykowej Horizonte,\ngdzie otrzyma\u0142am map\u0119, pok\u00f3j, klucz i mn\u00f3stwo u\u015bmiech\u00f3w od personelu. Kolejny\nspacer do samochodu po pozosta\u0142e rzeczy i ju\u017c mog\u0142am rozpoczyna\u0107 dokszta\u0142canie.<\/p>\n\n\n\n<p>Nauka\nj\u0119zyka przebiega\u0142a w ma\u0142ej, multikulturowej grupce os\u00f3b w r\u00f3\u017cnym wieku: Rami\n(Arabia), Roman (Etiopia), Katalin(Bu\u0142garia), Anna(Polska), Kyeong Tin(Korea\nPo\u0142udniowa) nasz\u0105 nauczycielk\u0105 by\u0142a Marisa.<\/p>\n\n\n\n<p>Zaj\u0119cia\ntrwa\u0142y od poniedzia\u0142ku do pi\u0105tku w godzinach 9: 00 do 12:30, dodatkowo w ci\u0105gu\ndw\u00f3ch tygodni uczestniczy\u0142am pi\u0119ciokrotnie w intensywnym kursie j. niemieckiego\ndo godziny 15: 00. Prowadzi\u0142am indywidualne konwersacje z Mir\u0105.<\/p>\n\n\n\n<p>Metody\nnauki j\u0119zyka niemieckiego, kt\u00f3re zosta\u0142y zastosowane podczas zaj\u0119\u0107 rozwija\u0142y\numiej\u0119tno\u015bci j\u0119zykowe, gramatyczne, wiadomo\u015bci o kraju, kulturze a przede\nwszystkim dawa\u0142y mo\u017cliwo\u015b\u0107 zanurzenia si\u0119 w j\u0119zyku i radzenia w sytuacjach praktycznych\nnp: zakupy w piekarni, zamawianie posi\u0142ku w restauracji itp.<\/p>\n\n\n\n<p>W\npoznaniu j\u0119zyka i tradycji pomaga\u0142y nam zorganizowane przez szko\u0142\u0119 zaj\u0119cia w\nczasie wolnym.<\/p>\n\n\n\n<p>Pierwszego dnia dla os\u00f3b ch\u0119tnych\nzorganizowana by\u0142a piesza wycieczka po star\u00f3wce Regensburga i spotkanie w\nkafejce. We wtorek udali\u015bmy si\u0119 do muzeum Bayerische Geschichte. Nast\u0119pnego\ndnia uczestniczy\u0142am w rejsie po Dunaju do miejscowo\u015bci Walhalla. W sobot\u0119\nudali\u015bmy si\u0119 na wycieczk\u0119 do Monachium. W kolejnym tygodniu uczestniczy\u0142am w\nwycieczce do synagogi, wyje\u017adzie do miejscowo\u015bci Kallmunz i wyj\u015bciu do muzeum\nKeplera (znanego fizyka i matematyka). Codzienne w\u0119dr\u00f3wki po mie\u015bcie, wzd\u0142u\u017c\nDunaju, spotkania w r\u00f3\u017cnych wyznaczonych punktach, obserwacja architektury,\nmiejsc wypoczynkowych: parki, ogrody, wp\u0142ywa\u0142y na poznanie ciekawego miasta jak\nr\u00f3wnie\u017c na moj\u0105 kondycj\u0119. Przez dwa tygodnie pokona\u0142am pieszo ponad 100 km. <\/p>\n\n\n\n<p>Efektem mojej pracy by\u0142o otrzymanie certyfikatu i zako\u0144czenie nauki w dniu 2 sierpnia 2019r. W\u00a0ostatnim dniu mojej mobilno\u015bci czu\u0142am niedosyt. Chcia\u0142abym kiedy\u015b mie\u0107 mo\u017cliwo\u015b\u0107 poszerzania swoich umiej\u0119tno\u015bci j\u0119zykowych w podobnych okoliczno\u015bciach. <\/p>\n\n\n\n<p style=\"text-align:right\">Anna Cudek<\/p>\n\n\n\n<div class=\"wp-block-image\"><figure class=\"aligncenter\"><img loading=\"lazy\" width=\"1024\" height=\"132\" src=\"http:\/\/www.zs.gromnik.pl\/zs\/wp-content\/uploads\/2019\/11\/FE_POWER_poziom_pl-1_rgb-1024x132.jpg\" alt=\"\" class=\"wp-image-4704\" srcset=\"http:\/\/zs.gromnik.pl\/zs\/wp-content\/uploads\/2019\/11\/FE_POWER_poziom_pl-1_rgb-1024x132.jpg 1024w, http:\/\/zs.gromnik.pl\/zs\/wp-content\/uploads\/2019\/11\/FE_POWER_poziom_pl-1_rgb-300x39.jpg 300w, http:\/\/zs.gromnik.pl\/zs\/wp-content\/uploads\/2019\/11\/FE_POWER_poziom_pl-1_rgb-768x99.jpg 768w, http:\/\/zs.gromnik.pl\/zs\/wp-content\/uploads\/2019\/11\/FE_POWER_poziom_pl-1_rgb-820x105.jpg 820w\" sizes=\"(max-width: 1024px) 100vw, 1024px\" \/><\/figure><\/div>\n\n\n\n<p>Mein Kontakt mit der deutschen Sprache begann in der Oberschule. Deshalb nutzteichgern die Gelegenheit,\u00a0um meine Deutsch kenntnisse zuerfrischen und zuerweitern.<\/p>\n\n\n\n<p>Vor der Mobilit\u00e4t in Deutschland nahmich an einemComputerkurs, e-Twinningseminar und Sprachunterrichtteil. Der Sprachunterricht bereitete mich auf den Kurs in Deutschland vor. <\/p>\n\n\n\n<p>Meine Mobilit\u00e4t begann am 21. Juli 2019 mit einer Autoreise auf den deutschen Autobahnen nach Bayern. Nach 8 Stunden Autofahrtka mich in Regensburg an.\u00a0 Gleich am Anfang hatte ich ein Problem mit dem Parken meines Autos, weil\u00a0 die Sprachschule in der Altstadt liegt. Die Suche nach einem Parkplatz dauerte 2 Stunden, aber letztendlich parkte ich mein Auto auf einemsicheren Parkplatz ohne Geb\u00fchr.\u00a0 Mit meinem schweren Koffergingich dann 2 km zu Fu\u03b2 zur Sprachschule<em>Horizonte<\/em>.<\/p>\n\n\n\n<p>Vor Ort bekamicheinen Stadtplan, einSchl\u00fcsselzum Zimmer und vielL\u00e4chelnvomPesonal der Sprachschule. Da mussteichwiederzum Auto zur\u00fcck, um den Rest meinerSachenzuholen und ichkonnteschon die Weiterbildungbeginnen.<\/p>\n\n\n\n<p>Das Sprachenlernenverlief in einerkleinenmultikulturellenGruppe\nin unterschiedlichem Alter. Das waren: Rami ausArabien, Roman aus\u00c4thiopien,\nKatalinausBulgarien, Kyeong Tin ausS\u00fcdkorea und ichausPolen. UnsereLehrerinhie\u03b2\nMarisa.<\/p>\n\n\n\n<p>Der Unterrichtfand&nbsp;\nvonMotagbisFreitag von 9 bis 12:30 Uhr.\nIchhattenochf\u00fcnfmaleinenIntensivkursbis 15 Uhr. Das\nwarenindividuelleKonversationnenmit Mira.<\/p>\n\n\n\n<p>Die Lehrerin benutzte unterschiedliche Arbeitsformen und Methoden, so dass\nder Unterricht interessant war.&nbsp; Es&nbsp; gab Training der sprachlichen Kompetenz, vor\nallem Sprech \u2013 und H\u00f6rverst\u00e4ndnis\u00fcbungen, Grammatik- und\nLandeskundevermittlung. Am wichtigsten war es, dass wir in die deutsche&nbsp; Sprache und das Land eintauchen und Deutsch\nin Alltagssituationen anwenden konnten, z.B. in der B\u00e4ckerei und im Restaurant.\n<br>\nIn der Freizeit wurden durch die Schule Ausfl\u00fcge organisiert, die das Deutsch-\nund Landeskundelernen gef\u00f6rdert haben.<\/p>\n\n\n\n<p>Am ersten Tag( Montag) gab es eine Stadtf\u00fchrung in der Regensburger\nAltstadt und ein Treffen im Cafe. Am Dienstag besuchten wir das Museum der\nBayerischen Geschichte und am n\u00e4chsten Tag nahm ich an einer Donaufahrt nach\nWalhalla teil. Am Samstag machten wir eine Reise nach M\u00fcnchen. In der n\u00e4chsten\nWoche besuchte ich eine Synagoge, die Stadt Kallmunzund das Keplermuseum, eines\nbekannten Physikers und Mathematikers.<\/p>\n\n\n\n<p>Die allt\u00e4glichen Wanderungen durch die Stadt, die Donau entlang, Treffen an\nverschiedenen Pl\u00e4tzen, Architekturbetrachtung, Spazierg\u00e4nge in Parks und G\u00e4rten\nlie\u03b2en mir Regensburg gut kennen und fit bleiben. In den 2 Wochen bin ich \u00fcber\n100 km zu Fu\u03b2 gegangen.<\/p>\n\n\n\n<p>Am 2. August habe ich den Kurs abgeschlossen und das Zertifikat bekommen. Ich war ein bisschen traurig, dass die Zeit schon vorbei war. Ich w\u00fcrde gerne noch einmal an solchem oder \u00e4hnlichem Kurs teilnehmen.<\/p>\n\n\n\n<p style=\"text-align:right\">Anna Cudek<\/p>\n","protected":false},"excerpt":{"rendered":"<p>Sprawozdanie z mobilno\u015bci j\u0119zykowej z programem POWER. M\u00f3j kontakt z j\u0119zykiem niemieckim rozpocz\u0105\u0142 si\u0119 w szkole \u015bredniej. Gdy nadarzy\u0142a si\u0119 okazja, aby przypomnie\u0107 sobie j\u0119zyk i poszerzy\u0107 swoj\u0105 wiedz\u0119, ch\u0119tnie z tego skorzysta\u0142am. Przed wyjazdem uczestniczy\u0142am w kursie komputerowym, szkoleniu z e-Twiningu, oraz w&nbsp;zaj\u0119ciach j\u0119zykowych przygotowuj\u0105cych na samodzielne podj\u0119cie nauki w wybranej szkole. Moj\u0105 mobilno\u015b\u0107 rozpocz\u0119\u0142am 21 lipca 2019 r. podr\u00f3\u017c\u0105 samochodem po autostradach Niemiec do Bawarii. Po o\u015bmiu godzinach jazdy dotar\u0142am do Regensburga i pojawi\u0142 si\u0119 \u201eniewielki problem \u201e z\u00a0zaparkowaniem samochodu, poniewa\u017c szko\u0142a zlokalizowana jest w centrum Starego Miasta. Z tej sytuacji uda\u0142o mi si\u0119 wyj\u015b\u0107 obronn\u0105 r\u0119k\u0105 i po dw\u00f3ch godzinach poszukiwa\u0144 zaparkowa\u0142am samoch\u00f3d na dwa tygodnie tak \u017ceby nie straci\u0107 maj\u0105tku lub aby nie trafi\u0107 na parking policyjny. Pieszo pokonuj\u0105c tras\u0119 2 km, z walizk\u0105 w r\u0119ku dotar\u0142am do Szko\u0142y J\u0119zykowej Horizonte, gdzie otrzyma\u0142am map\u0119, pok\u00f3j, klucz i mn\u00f3stwo u\u015bmiech\u00f3w od personelu. Kolejny spacer do samochodu po pozosta\u0142e rzeczy i ju\u017c mog\u0142am rozpoczyna\u0107 dokszta\u0142canie. Nauka j\u0119zyka przebiega\u0142a w ma\u0142ej, multikulturowej grupce os\u00f3b w r\u00f3\u017cnym wieku: Rami (Arabia), Roman (Etiopia), Katalin(Bu\u0142garia), Anna(Polska), Kyeong Tin(Korea Po\u0142udniowa) nasz\u0105 nauczycielk\u0105 by\u0142a Marisa. Zaj\u0119cia trwa\u0142y od poniedzia\u0142ku do pi\u0105tku w godzinach 9: 00 do 12:30, dodatkowo w ci\u0105gu dw\u00f3ch tygodni uczestniczy\u0142am pi\u0119ciokrotnie w intensywnym kursie j. niemieckiego do godziny 15: 00. Prowadzi\u0142am indywidualne konwersacje z Mir\u0105. Metody nauki j\u0119zyka niemieckiego, kt\u00f3re zosta\u0142y zastosowane podczas zaj\u0119\u0107 rozwija\u0142y umiej\u0119tno\u015bci j\u0119zykowe, gramatyczne, wiadomo\u015bci o kraju, kulturze a przede wszystkim dawa\u0142y mo\u017cliwo\u015b\u0107 zanurzenia si\u0119 w j\u0119zyku i radzenia w sytuacjach praktycznych np: zakupy w piekarni, zamawianie posi\u0142ku w restauracji itp. W poznaniu j\u0119zyka i tradycji pomaga\u0142y nam zorganizowane przez szko\u0142\u0119 zaj\u0119cia w czasie wolnym. Pierwszego dnia dla os\u00f3b ch\u0119tnych zorganizowana by\u0142a piesza wycieczka po star\u00f3wce Regensburga i spotkanie w kafejce. We wtorek udali\u015bmy si\u0119 do muzeum Bayerische Geschichte. Nast\u0119pnego dnia uczestniczy\u0142am w rejsie po Dunaju do miejscowo\u015bci Walhalla. W sobot\u0119 udali\u015bmy si\u0119 na wycieczk\u0119 do Monachium. W kolejnym tygodniu uczestniczy\u0142am w wycieczce do synagogi, wyje\u017adzie do miejscowo\u015bci Kallmunz i wyj\u015bciu do muzeum Keplera (znanego fizyka i matematyka). Codzienne w\u0119dr\u00f3wki po mie\u015bcie, wzd\u0142u\u017c Dunaju, spotkania w r\u00f3\u017cnych wyznaczonych punktach, obserwacja architektury, miejsc wypoczynkowych: parki, ogrody, wp\u0142ywa\u0142y na poznanie ciekawego miasta jak r\u00f3wnie\u017c na moj\u0105 kondycj\u0119. Przez dwa tygodnie pokona\u0142am pieszo ponad 100 km. Efektem mojej pracy by\u0142o otrzymanie certyfikatu i zako\u0144czenie nauki w dniu 2 sierpnia 2019r. W\u00a0ostatnim dniu mojej mobilno\u015bci czu\u0142am niedosyt. Chcia\u0142abym kiedy\u015b mie\u0107 mo\u017cliwo\u015b\u0107 poszerzania swoich umiej\u0119tno\u015bci j\u0119zykowych w podobnych okoliczno\u015bciach. Anna Cudek Mein Kontakt mit der deutschen Sprache begann in der Oberschule. Deshalb nutzteichgern die Gelegenheit,\u00a0um meine Deutsch kenntnisse zuerfrischen und zuerweitern. Vor der Mobilit\u00e4t in Deutschland nahmich an einemComputerkurs, e-Twinningseminar und Sprachunterrichtteil. Der Sprachunterricht bereitete mich auf den Kurs in Deutschland vor. Meine Mobilit\u00e4t begann am 21. Juli 2019 mit einer Autoreise auf den deutschen Autobahnen nach Bayern. Nach 8 Stunden Autofahrtka mich in Regensburg an.\u00a0 Gleich am Anfang hatte ich ein Problem mit dem Parken meines Autos, weil\u00a0 die Sprachschule in der Altstadt liegt. Die Suche nach einem Parkplatz dauerte 2 Stunden, aber letztendlich parkte ich mein Auto auf einemsicheren Parkplatz ohne Geb\u00fchr.\u00a0 Mit meinem schweren Koffergingich dann 2 km zu Fu\u03b2 zur SprachschuleHorizonte. Vor Ort bekamicheinen Stadtplan, einSchl\u00fcsselzum Zimmer und vielL\u00e4chelnvomPesonal der Sprachschule. Da mussteichwiederzum Auto zur\u00fcck, um den Rest meinerSachenzuholen und ichkonnteschon die Weiterbildungbeginnen. Das Sprachenlernenverlief in einerkleinenmultikulturellenGruppe in unterschiedlichem Alter. Das waren: Rami ausArabien, Roman aus\u00c4thiopien, KatalinausBulgarien, Kyeong Tin ausS\u00fcdkorea und ichausPolen. UnsereLehrerinhie\u03b2 Marisa. Der Unterrichtfand&nbsp; vonMotagbisFreitag von 9 bis 12:30 Uhr. Ichhattenochf\u00fcnfmaleinenIntensivkursbis 15 Uhr. Das warenindividuelleKonversationnenmit Mira. Die Lehrerin benutzte unterschiedliche Arbeitsformen und Methoden, so dass der Unterricht interessant war.&nbsp; Es&nbsp; gab Training der sprachlichen Kompetenz, vor allem Sprech \u2013 und H\u00f6rverst\u00e4ndnis\u00fcbungen, Grammatik- und Landeskundevermittlung. Am wichtigsten war es, dass wir in die deutsche&nbsp; Sprache und das Land eintauchen und Deutsch in Alltagssituationen anwenden konnten, z.B. in der B\u00e4ckerei und im Restaurant. In der Freizeit wurden durch die Schule Ausfl\u00fcge organisiert, die das Deutsch- und Landeskundelernen gef\u00f6rdert haben. Am ersten Tag( Montag) gab es eine Stadtf\u00fchrung in der Regensburger Altstadt und ein Treffen im Cafe. Am Dienstag besuchten wir das Museum der Bayerischen Geschichte und am n\u00e4chsten Tag nahm ich an einer Donaufahrt nach Walhalla teil. Am Samstag machten wir eine Reise nach M\u00fcnchen. In der n\u00e4chsten Woche besuchte ich eine Synagoge, die Stadt Kallmunzund das Keplermuseum, eines bekannten Physikers und Mathematikers. Die allt\u00e4glichen Wanderungen durch die Stadt, die Donau entlang, Treffen an verschiedenen Pl\u00e4tzen, Architekturbetrachtung, Spazierg\u00e4nge in Parks und G\u00e4rten lie\u03b2en mir Regensburg gut kennen und fit bleiben. In den 2 Wochen bin ich \u00fcber 100 km zu Fu\u03b2 gegangen. Am 2. August habe ich den Kurs abgeschlossen und das Zertifikat bekommen. Ich war ein bisschen traurig, dass die Zeit schon vorbei war. Ich w\u00fcrde gerne noch einmal an solchem oder \u00e4hnlichem Kurs teilnehmen. Anna Cudek<\/p>\n","protected":false},"author":6,"featured_media":0,"comment_status":"closed","ping_status":"open","sticky":false,"template":"","format":"standard","meta":[],"categories":[33],"tags":[],"yoast_head":"<!-- This site is optimized with the Yoast SEO plugin v19.8 - https:\/\/yoast.com\/wordpress\/plugins\/seo\/ -->\n<title>Regensburg i nauka j\u0119zyka niemieckiego. - Zesp\u00f3\u0142 Szk\u00f3\u0142 w Gromniku<\/title>\n<meta name=\"description\" content=\"Zesp\u00f3\u0142 Szk\u00f3\u0142 w Gromniku\" \/>\n<meta name=\"robots\" content=\"index, follow, max-snippet:-1, max-image-preview:large, max-video-preview:-1\" \/>\n<link rel=\"canonical\" href=\"http:\/\/zs.gromnik.pl\/zs\/regensburg-i-nauka-jezyka-niemieckiego\/\" \/>\n<meta property=\"og:locale\" content=\"pl_PL\" \/>\n<meta property=\"og:type\" content=\"article\" \/>\n<meta property=\"og:title\" content=\"Regensburg i nauka j\u0119zyka niemieckiego. - Zesp\u00f3\u0142 Szk\u00f3\u0142 w Gromniku\" \/>\n<meta property=\"og:description\" content=\"Zesp\u00f3\u0142 Szk\u00f3\u0142 w Gromniku\" \/>\n<meta property=\"og:url\" content=\"http:\/\/zs.gromnik.pl\/zs\/regensburg-i-nauka-jezyka-niemieckiego\/\" \/>\n<meta property=\"og:site_name\" content=\"Zesp\u00f3\u0142 Szk\u00f3\u0142 w Gromniku\" \/>\n<meta property=\"article:publisher\" content=\"https:\/\/www.facebook.com\/zsgromnik\" \/>\n<meta property=\"article:published_time\" content=\"2020-01-06T18:41:42+00:00\" \/>\n<meta property=\"article:modified_time\" content=\"2020-01-06T18:41:43+00:00\" \/>\n<meta property=\"og:image\" content=\"http:\/\/www.zs.gromnik.pl\/zs\/wp-content\/uploads\/2019\/11\/FE_POWER_poziom_pl-1_rgb-1024x132.jpg\" \/>\n<meta name=\"author\" content=\"Patrycja Kubicz\" \/>\n<meta name=\"twitter:card\" content=\"summary_large_image\" \/>\n<meta name=\"twitter:label1\" content=\"Napisane przez\" \/>\n\t<meta name=\"twitter:data1\" content=\"Patrycja Kubicz\" \/>\n\t<meta name=\"twitter:label2\" content=\"Szacowany czas czytania\" \/>\n\t<meta name=\"twitter:data2\" content=\"4 minuty\" \/>\n<script type=\"application\/ld+json\" class=\"yoast-schema-graph\">{\"@context\":\"https:\/\/schema.org\",\"@graph\":[{\"@type\":\"WebPage\",\"@id\":\"http:\/\/zs.gromnik.pl\/zs\/regensburg-i-nauka-jezyka-niemieckiego\/\",\"url\":\"http:\/\/zs.gromnik.pl\/zs\/regensburg-i-nauka-jezyka-niemieckiego\/\",\"name\":\"Regensburg i nauka j\u0119zyka niemieckiego. - Zesp\u00f3\u0142 Szk\u00f3\u0142 w Gromniku\",\"isPartOf\":{\"@id\":\"https:\/\/zs.gromnik.pl\/zs\/#website\"},\"datePublished\":\"2020-01-06T18:41:42+00:00\",\"dateModified\":\"2020-01-06T18:41:43+00:00\",\"author\":{\"@id\":\"https:\/\/zs.gromnik.pl\/zs\/#\/schema\/person\/8ceca2902a7d39b77622ae2e117d831a\"},\"description\":\"Zesp\u00f3\u0142 Szk\u00f3\u0142 w Gromniku\",\"breadcrumb\":{\"@id\":\"http:\/\/zs.gromnik.pl\/zs\/regensburg-i-nauka-jezyka-niemieckiego\/#breadcrumb\"},\"inLanguage\":\"pl-PL\",\"potentialAction\":[{\"@type\":\"ReadAction\",\"target\":[\"http:\/\/zs.gromnik.pl\/zs\/regensburg-i-nauka-jezyka-niemieckiego\/\"]}]},{\"@type\":\"BreadcrumbList\",\"@id\":\"http:\/\/zs.gromnik.pl\/zs\/regensburg-i-nauka-jezyka-niemieckiego\/#breadcrumb\",\"itemListElement\":[{\"@type\":\"ListItem\",\"position\":1,\"name\":\"Strona g\u0142\u00f3wna\",\"item\":\"https:\/\/zs.gromnik.pl\/zs\/\"},{\"@type\":\"ListItem\",\"position\":2,\"name\":\"Regensburg i nauka j\u0119zyka niemieckiego.\"}]},{\"@type\":\"WebSite\",\"@id\":\"https:\/\/zs.gromnik.pl\/zs\/#website\",\"url\":\"https:\/\/zs.gromnik.pl\/zs\/\",\"name\":\"Zesp\u00f3\u0142 Szk\u00f3\u0142 w Gromniku\",\"description\":\"\",\"potentialAction\":[{\"@type\":\"SearchAction\",\"target\":{\"@type\":\"EntryPoint\",\"urlTemplate\":\"https:\/\/zs.gromnik.pl\/zs\/?s={search_term_string}\"},\"query-input\":\"required name=search_term_string\"}],\"inLanguage\":\"pl-PL\"},{\"@type\":\"Person\",\"@id\":\"https:\/\/zs.gromnik.pl\/zs\/#\/schema\/person\/8ceca2902a7d39b77622ae2e117d831a\",\"name\":\"Patrycja Kubicz\",\"image\":{\"@type\":\"ImageObject\",\"inLanguage\":\"pl-PL\",\"@id\":\"https:\/\/zs.gromnik.pl\/zs\/#\/schema\/person\/image\/\",\"url\":\"http:\/\/0.gravatar.com\/avatar\/fdb188d3851f5cc80ba3148c853f5f66?s=96&d=mm&r=g\",\"contentUrl\":\"http:\/\/0.gravatar.com\/avatar\/fdb188d3851f5cc80ba3148c853f5f66?s=96&d=mm&r=g\",\"caption\":\"Patrycja Kubicz\"},\"url\":\"http:\/\/zs.gromnik.pl\/zs\/author\/pkubicz\/\"}]}<\/script>\n<!-- \/ Yoast SEO plugin. -->","yoast_head_json":{"title":"Regensburg i nauka j\u0119zyka niemieckiego. - Zesp\u00f3\u0142 Szk\u00f3\u0142 w Gromniku","description":"Zesp\u00f3\u0142 Szk\u00f3\u0142 w Gromniku","robots":{"index":"index","follow":"follow","max-snippet":"max-snippet:-1","max-image-preview":"max-image-preview:large","max-video-preview":"max-video-preview:-1"},"canonical":"http:\/\/zs.gromnik.pl\/zs\/regensburg-i-nauka-jezyka-niemieckiego\/","og_locale":"pl_PL","og_type":"article","og_title":"Regensburg i nauka j\u0119zyka niemieckiego. - Zesp\u00f3\u0142 Szk\u00f3\u0142 w Gromniku","og_description":"Zesp\u00f3\u0142 Szk\u00f3\u0142 w Gromniku","og_url":"http:\/\/zs.gromnik.pl\/zs\/regensburg-i-nauka-jezyka-niemieckiego\/","og_site_name":"Zesp\u00f3\u0142 Szk\u00f3\u0142 w Gromniku","article_publisher":"https:\/\/www.facebook.com\/zsgromnik","article_published_time":"2020-01-06T18:41:42+00:00","article_modified_time":"2020-01-06T18:41:43+00:00","og_image":[{"url":"http:\/\/www.zs.gromnik.pl\/zs\/wp-content\/uploads\/2019\/11\/FE_POWER_poziom_pl-1_rgb-1024x132.jpg"}],"author":"Patrycja Kubicz","twitter_card":"summary_large_image","twitter_misc":{"Napisane przez":"Patrycja Kubicz","Szacowany czas czytania":"4 minuty"},"schema":{"@context":"https:\/\/schema.org","@graph":[{"@type":"WebPage","@id":"http:\/\/zs.gromnik.pl\/zs\/regensburg-i-nauka-jezyka-niemieckiego\/","url":"http:\/\/zs.gromnik.pl\/zs\/regensburg-i-nauka-jezyka-niemieckiego\/","name":"Regensburg i nauka j\u0119zyka niemieckiego. - Zesp\u00f3\u0142 Szk\u00f3\u0142 w Gromniku","isPartOf":{"@id":"https:\/\/zs.gromnik.pl\/zs\/#website"},"datePublished":"2020-01-06T18:41:42+00:00","dateModified":"2020-01-06T18:41:43+00:00","author":{"@id":"https:\/\/zs.gromnik.pl\/zs\/#\/schema\/person\/8ceca2902a7d39b77622ae2e117d831a"},"description":"Zesp\u00f3\u0142 Szk\u00f3\u0142 w Gromniku","breadcrumb":{"@id":"http:\/\/zs.gromnik.pl\/zs\/regensburg-i-nauka-jezyka-niemieckiego\/#breadcrumb"},"inLanguage":"pl-PL","potentialAction":[{"@type":"ReadAction","target":["http:\/\/zs.gromnik.pl\/zs\/regensburg-i-nauka-jezyka-niemieckiego\/"]}]},{"@type":"BreadcrumbList","@id":"http:\/\/zs.gromnik.pl\/zs\/regensburg-i-nauka-jezyka-niemieckiego\/#breadcrumb","itemListElement":[{"@type":"ListItem","position":1,"name":"Strona g\u0142\u00f3wna","item":"https:\/\/zs.gromnik.pl\/zs\/"},{"@type":"ListItem","position":2,"name":"Regensburg i nauka j\u0119zyka niemieckiego."}]},{"@type":"WebSite","@id":"https:\/\/zs.gromnik.pl\/zs\/#website","url":"https:\/\/zs.gromnik.pl\/zs\/","name":"Zesp\u00f3\u0142 Szk\u00f3\u0142 w Gromniku","description":"","potentialAction":[{"@type":"SearchAction","target":{"@type":"EntryPoint","urlTemplate":"https:\/\/zs.gromnik.pl\/zs\/?s={search_term_string}"},"query-input":"required name=search_term_string"}],"inLanguage":"pl-PL"},{"@type":"Person","@id":"https:\/\/zs.gromnik.pl\/zs\/#\/schema\/person\/8ceca2902a7d39b77622ae2e117d831a","name":"Patrycja Kubicz","image":{"@type":"ImageObject","inLanguage":"pl-PL","@id":"https:\/\/zs.gromnik.pl\/zs\/#\/schema\/person\/image\/","url":"http:\/\/0.gravatar.com\/avatar\/fdb188d3851f5cc80ba3148c853f5f66?s=96&d=mm&r=g","contentUrl":"http:\/\/0.gravatar.com\/avatar\/fdb188d3851f5cc80ba3148c853f5f66?s=96&d=mm&r=g","caption":"Patrycja Kubicz"},"url":"http:\/\/zs.gromnik.pl\/zs\/author\/pkubicz\/"}]}},"_links":{"self":[{"href":"http:\/\/zs.gromnik.pl\/zs\/wp-json\/wp\/v2\/posts\/5096"}],"collection":[{"href":"http:\/\/zs.gromnik.pl\/zs\/wp-json\/wp\/v2\/posts"}],"about":[{"href":"http:\/\/zs.gromnik.pl\/zs\/wp-json\/wp\/v2\/types\/post"}],"author":[{"embeddable":true,"href":"http:\/\/zs.gromnik.pl\/zs\/wp-json\/wp\/v2\/users\/6"}],"replies":[{"embeddable":true,"href":"http:\/\/zs.gromnik.pl\/zs\/wp-json\/wp\/v2\/comments?post=5096"}],"version-history":[{"count":2,"href":"http:\/\/zs.gromnik.pl\/zs\/wp-json\/wp\/v2\/posts\/5096\/revisions"}],"predecessor-version":[{"id":5098,"href":"http:\/\/zs.gromnik.pl\/zs\/wp-json\/wp\/v2\/posts\/5096\/revisions\/5098"}],"wp:attachment":[{"href":"http:\/\/zs.gromnik.pl\/zs\/wp-json\/wp\/v2\/media?parent=5096"}],"wp:term":[{"taxonomy":"category","embeddable":true,"href":"http:\/\/zs.gromnik.pl\/zs\/wp-json\/wp\/v2\/categories?post=5096"},{"taxonomy":"post_tag","embeddable":true,"href":"http:\/\/zs.gromnik.pl\/zs\/wp-json\/wp\/v2\/tags?post=5096"}],"curies":[{"name":"wp","href":"https:\/\/api.w.org\/{rel}","templated":true}]}}