{"id":5448,"date":"2020-01-07T19:11:56","date_gmt":"2020-01-07T18:11:56","guid":{"rendered":"http:\/\/www.zs.gromnik.pl\/zs\/?p=5448"},"modified":"2020-03-17T19:26:49","modified_gmt":"2020-03-17T18:26:49","slug":"jaselka-w-wykonaniu-rodzicow","status":"publish","type":"post","link":"http:\/\/zs.gromnik.pl\/zs\/jaselka-w-wykonaniu-rodzicow\/","title":{"rendered":"Jase\u0142ka w wykonaniu rodzic\u00f3w"},"content":{"rendered":"<div id='gallery-1' class='gallery galleryid-5448 gallery-columns-3 gallery-size-medium'><figure class='gallery-item'>\n\t\t\t<div class='gallery-icon landscape'>\n\t\t\t\t<a href='http:\/\/zs.gromnik.pl\/zs\/jaselka-w-wykonaniu-rodzicow\/img_1717\/'><img width=\"300\" height=\"200\" src=\"http:\/\/zs.gromnik.pl\/zs\/wp-content\/uploads\/2020\/03\/IMG_1717-300x200.jpg\" class=\"attachment-medium size-medium\" alt=\"\" loading=\"lazy\" srcset=\"http:\/\/zs.gromnik.pl\/zs\/wp-content\/uploads\/2020\/03\/IMG_1717-300x200.jpg 300w, http:\/\/zs.gromnik.pl\/zs\/wp-content\/uploads\/2020\/03\/IMG_1717-768x512.jpg 768w, http:\/\/zs.gromnik.pl\/zs\/wp-content\/uploads\/2020\/03\/IMG_1717-1024x683.jpg 1024w, http:\/\/zs.gromnik.pl\/zs\/wp-content\/uploads\/2020\/03\/IMG_1717-600x400.jpg 600w, http:\/\/zs.gromnik.pl\/zs\/wp-content\/uploads\/2020\/03\/IMG_1717-820x547.jpg 820w\" sizes=\"(max-width: 300px) 100vw, 300px\" \/><\/a>\n\t\t\t<\/div><\/figure><figure class='gallery-item'>\n\t\t\t<div class='gallery-icon landscape'>\n\t\t\t\t<a href='http:\/\/zs.gromnik.pl\/zs\/jaselka-w-wykonaniu-rodzicow\/img_1734\/'><img width=\"300\" height=\"200\" src=\"http:\/\/zs.gromnik.pl\/zs\/wp-content\/uploads\/2020\/03\/IMG_1734-300x200.jpg\" class=\"attachment-medium size-medium\" alt=\"\" loading=\"lazy\" srcset=\"http:\/\/zs.gromnik.pl\/zs\/wp-content\/uploads\/2020\/03\/IMG_1734-300x200.jpg 300w, http:\/\/zs.gromnik.pl\/zs\/wp-content\/uploads\/2020\/03\/IMG_1734-768x512.jpg 768w, http:\/\/zs.gromnik.pl\/zs\/wp-content\/uploads\/2020\/03\/IMG_1734-1024x683.jpg 1024w, http:\/\/zs.gromnik.pl\/zs\/wp-content\/uploads\/2020\/03\/IMG_1734-600x400.jpg 600w, http:\/\/zs.gromnik.pl\/zs\/wp-content\/uploads\/2020\/03\/IMG_1734-820x547.jpg 820w\" sizes=\"(max-width: 300px) 100vw, 300px\" \/><\/a>\n\t\t\t<\/div><\/figure><figure class='gallery-item'>\n\t\t\t<div class='gallery-icon landscape'>\n\t\t\t\t<a href='http:\/\/zs.gromnik.pl\/zs\/jaselka-w-wykonaniu-rodzicow\/img_1714\/'><img width=\"300\" height=\"200\" src=\"http:\/\/zs.gromnik.pl\/zs\/wp-content\/uploads\/2020\/03\/IMG_1714-300x200.jpg\" class=\"attachment-medium size-medium\" alt=\"\" loading=\"lazy\" srcset=\"http:\/\/zs.gromnik.pl\/zs\/wp-content\/uploads\/2020\/03\/IMG_1714-300x200.jpg 300w, http:\/\/zs.gromnik.pl\/zs\/wp-content\/uploads\/2020\/03\/IMG_1714-768x512.jpg 768w, http:\/\/zs.gromnik.pl\/zs\/wp-content\/uploads\/2020\/03\/IMG_1714-1024x683.jpg 1024w, http:\/\/zs.gromnik.pl\/zs\/wp-content\/uploads\/2020\/03\/IMG_1714-600x400.jpg 600w, http:\/\/zs.gromnik.pl\/zs\/wp-content\/uploads\/2020\/03\/IMG_1714-820x547.jpg 820w\" sizes=\"(max-width: 300px) 100vw, 300px\" \/><\/a>\n\t\t\t<\/div><\/figure><figure class='gallery-item'>\n\t\t\t<div class='gallery-icon landscape'>\n\t\t\t\t<a href='http:\/\/zs.gromnik.pl\/zs\/jaselka-w-wykonaniu-rodzicow\/img_1707\/'><img width=\"300\" height=\"200\" src=\"http:\/\/zs.gromnik.pl\/zs\/wp-content\/uploads\/2020\/03\/IMG_1707-300x200.jpg\" class=\"attachment-medium size-medium\" alt=\"\" loading=\"lazy\" srcset=\"http:\/\/zs.gromnik.pl\/zs\/wp-content\/uploads\/2020\/03\/IMG_1707-300x200.jpg 300w, http:\/\/zs.gromnik.pl\/zs\/wp-content\/uploads\/2020\/03\/IMG_1707-768x512.jpg 768w, http:\/\/zs.gromnik.pl\/zs\/wp-content\/uploads\/2020\/03\/IMG_1707-1024x683.jpg 1024w, http:\/\/zs.gromnik.pl\/zs\/wp-content\/uploads\/2020\/03\/IMG_1707-600x400.jpg 600w, http:\/\/zs.gromnik.pl\/zs\/wp-content\/uploads\/2020\/03\/IMG_1707-820x547.jpg 820w\" sizes=\"(max-width: 300px) 100vw, 300px\" \/><\/a>\n\t\t\t<\/div><\/figure><figure class='gallery-item'>\n\t\t\t<div class='gallery-icon landscape'>\n\t\t\t\t<a href='http:\/\/zs.gromnik.pl\/zs\/jaselka-w-wykonaniu-rodzicow\/img_1702\/'><img width=\"300\" height=\"200\" src=\"http:\/\/zs.gromnik.pl\/zs\/wp-content\/uploads\/2020\/03\/IMG_1702-300x200.jpg\" class=\"attachment-medium size-medium\" alt=\"\" loading=\"lazy\" srcset=\"http:\/\/zs.gromnik.pl\/zs\/wp-content\/uploads\/2020\/03\/IMG_1702-300x200.jpg 300w, http:\/\/zs.gromnik.pl\/zs\/wp-content\/uploads\/2020\/03\/IMG_1702-768x512.jpg 768w, http:\/\/zs.gromnik.pl\/zs\/wp-content\/uploads\/2020\/03\/IMG_1702-1024x683.jpg 1024w, http:\/\/zs.gromnik.pl\/zs\/wp-content\/uploads\/2020\/03\/IMG_1702-600x400.jpg 600w, http:\/\/zs.gromnik.pl\/zs\/wp-content\/uploads\/2020\/03\/IMG_1702-820x547.jpg 820w\" sizes=\"(max-width: 300px) 100vw, 300px\" \/><\/a>\n\t\t\t<\/div><\/figure><figure class='gallery-item'>\n\t\t\t<div class='gallery-icon landscape'>\n\t\t\t\t<a href='http:\/\/zs.gromnik.pl\/zs\/jaselka-w-wykonaniu-rodzicow\/img_1701\/'><img width=\"300\" height=\"200\" src=\"http:\/\/zs.gromnik.pl\/zs\/wp-content\/uploads\/2020\/03\/IMG_1701-300x200.jpg\" class=\"attachment-medium size-medium\" alt=\"\" loading=\"lazy\" srcset=\"http:\/\/zs.gromnik.pl\/zs\/wp-content\/uploads\/2020\/03\/IMG_1701-300x200.jpg 300w, http:\/\/zs.gromnik.pl\/zs\/wp-content\/uploads\/2020\/03\/IMG_1701-768x512.jpg 768w, http:\/\/zs.gromnik.pl\/zs\/wp-content\/uploads\/2020\/03\/IMG_1701-1024x683.jpg 1024w, http:\/\/zs.gromnik.pl\/zs\/wp-content\/uploads\/2020\/03\/IMG_1701-600x400.jpg 600w, http:\/\/zs.gromnik.pl\/zs\/wp-content\/uploads\/2020\/03\/IMG_1701-820x547.jpg 820w\" sizes=\"(max-width: 300px) 100vw, 300px\" \/><\/a>\n\t\t\t<\/div><\/figure><figure class='gallery-item'>\n\t\t\t<div class='gallery-icon landscape'>\n\t\t\t\t<a href='http:\/\/zs.gromnik.pl\/zs\/jaselka-w-wykonaniu-rodzicow\/img_1698\/'><img width=\"300\" height=\"200\" src=\"http:\/\/zs.gromnik.pl\/zs\/wp-content\/uploads\/2020\/03\/IMG_1698-300x200.jpg\" class=\"attachment-medium size-medium\" alt=\"\" loading=\"lazy\" srcset=\"http:\/\/zs.gromnik.pl\/zs\/wp-content\/uploads\/2020\/03\/IMG_1698-300x200.jpg 300w, http:\/\/zs.gromnik.pl\/zs\/wp-content\/uploads\/2020\/03\/IMG_1698-768x512.jpg 768w, http:\/\/zs.gromnik.pl\/zs\/wp-content\/uploads\/2020\/03\/IMG_1698-1024x683.jpg 1024w, http:\/\/zs.gromnik.pl\/zs\/wp-content\/uploads\/2020\/03\/IMG_1698-600x400.jpg 600w, http:\/\/zs.gromnik.pl\/zs\/wp-content\/uploads\/2020\/03\/IMG_1698-820x547.jpg 820w\" sizes=\"(max-width: 300px) 100vw, 300px\" \/><\/a>\n\t\t\t<\/div><\/figure><figure class='gallery-item'>\n\t\t\t<div class='gallery-icon landscape'>\n\t\t\t\t<a href='http:\/\/zs.gromnik.pl\/zs\/jaselka-w-wykonaniu-rodzicow\/img_1694\/'><img width=\"300\" height=\"200\" src=\"http:\/\/zs.gromnik.pl\/zs\/wp-content\/uploads\/2020\/03\/IMG_1694-300x200.jpg\" class=\"attachment-medium size-medium\" alt=\"\" loading=\"lazy\" srcset=\"http:\/\/zs.gromnik.pl\/zs\/wp-content\/uploads\/2020\/03\/IMG_1694-300x200.jpg 300w, http:\/\/zs.gromnik.pl\/zs\/wp-content\/uploads\/2020\/03\/IMG_1694-768x512.jpg 768w, http:\/\/zs.gromnik.pl\/zs\/wp-content\/uploads\/2020\/03\/IMG_1694-1024x683.jpg 1024w, http:\/\/zs.gromnik.pl\/zs\/wp-content\/uploads\/2020\/03\/IMG_1694-600x400.jpg 600w, http:\/\/zs.gromnik.pl\/zs\/wp-content\/uploads\/2020\/03\/IMG_1694-820x547.jpg 820w\" sizes=\"(max-width: 300px) 100vw, 300px\" \/><\/a>\n\t\t\t<\/div><\/figure>\n\t\t<\/div>\n\n<p>20 grudnia 2019 r. w naszym przedszkolu odby\u0142y si\u0119 bo\u017conarodzeniowe jase\u0142ka. W tym roku wygl\u0105da\u0142y one jednak nieco inaczej ni\u017c w latach ubieg\u0142ych. A wszystko to za spraw\u0105 rodzic\u00f3w, kt\u00f3rzy ch\u0119tnie wcielili si\u0119 w role biblijnych bohater\u00f3w i nie tylko. Rodzice &#8211; chocia\u017c to nie zawodowi arty\u015bci &#8211; wykazali si\u0119 ogromnym profesjonalizmem. Z wielkim zaanga\u017cowaniem i zapa\u0142em przygotowali pi\u0119kne stroje, w kt\u00f3rych nast\u0119pnie przedstawili histori\u0119 narodzin Dzieci\u0105tka Jezus. Widowisko wzruszy\u0142o zar\u00f3wno dzieci, jak i ca\u0142y personel przedszkola. Nad przygotowaniem przedstawienia czuwa\u0142y: pani katechetka &#8211; mgr Barbara Kiero\u0144ska, pani kierownik przedszkola &#8211; mgr Alicja Kwiek oraz pani mgr Renata Pype\u0107. W jase\u0142kach wyst\u0105pili:<br \/>\n&#8211; JEZUSEK &#8211; Szymu\u015b Knapik,<br \/>\n&#8211; MARYJA &#8211; p. Aneta Knapik,<br \/>\n&#8211; J\u00d3ZEF &#8211; p. Rafa\u0142 Knapik,<br \/>\n&#8211; KR\u00d3\u0141 I &#8211; p. Marcin W\u00f3jcik,<br \/>\n&#8211; KR\u00d3L II &#8211; p. Dawid Gdowski,<br \/>\n&#8211; KR\u00d3L III &#8211; p. Krzysztof Pruchnicki,<br \/>\n&#8211; PASTERZ I &#8211; p. Magdalena Knapik,<br \/>\n&#8211; PASTERZ II &#8211; p. Agata O\u015bliz\u0142o,<br \/>\n&#8211; PASTERZ III &#8211; p. Ewa Wilga,<br \/>\n&#8211; MIKO\u0141AJ &#8211; p. Rados\u0142aw W\u00f3jcik,<br \/>\n&#8211; ANIO\u0141 &#8211; p. Anna W\u00f3jcik,<br \/>\n&#8211; DIABE\u0141 &#8211; p. Barbara Kubicz.<br \/>\nRodzicom jeszcze raz bardzo dzi\u0119kujemy za udzia\u0142 w przedstawieniu! Z pewno\u015bci\u0105 wszyscy b\u0119dziemy d\u0142ugo i mi\u0142o wspomina\u0107 to przed\u015bwi\u0105teczne spotkanie!<\/p>\n","protected":false},"excerpt":{"rendered":"<p>20 grudnia 2019 r. w naszym przedszkolu odby\u0142y si\u0119 bo\u017conarodzeniowe jase\u0142ka. W tym roku wygl\u0105da\u0142y one jednak nieco inaczej ni\u017c w latach ubieg\u0142ych. A wszystko to za spraw\u0105 rodzic\u00f3w, kt\u00f3rzy ch\u0119tnie wcielili si\u0119 w role biblijnych bohater\u00f3w i nie tylko. Rodzice &#8211; chocia\u017c to nie zawodowi arty\u015bci &#8211; wykazali si\u0119 ogromnym profesjonalizmem. Z wielkim zaanga\u017cowaniem i zapa\u0142em przygotowali pi\u0119kne stroje, w kt\u00f3rych nast\u0119pnie przedstawili histori\u0119 narodzin Dzieci\u0105tka Jezus. Widowisko wzruszy\u0142o zar\u00f3wno dzieci, jak i ca\u0142y personel przedszkola. Nad przygotowaniem przedstawienia czuwa\u0142y: pani katechetka &#8211; mgr Barbara Kiero\u0144ska, pani kierownik przedszkola &#8211; mgr Alicja Kwiek oraz pani mgr Renata Pype\u0107. W jase\u0142kach wyst\u0105pili: &#8211; JEZUSEK &#8211; Szymu\u015b Knapik, &#8211; MARYJA &#8211; p. Aneta Knapik, &#8211; J\u00d3ZEF &#8211; p. Rafa\u0142 Knapik, &#8211; KR\u00d3\u0141 I &#8211; p. Marcin W\u00f3jcik, &#8211; KR\u00d3L II &#8211; p. Dawid Gdowski, &#8211; KR\u00d3L III &#8211; p. Krzysztof Pruchnicki, &#8211; PASTERZ I &#8211; p. Magdalena Knapik, &#8211; PASTERZ II &#8211; p. Agata O\u015bliz\u0142o, &#8211; PASTERZ III &#8211; p. Ewa Wilga, &#8211; MIKO\u0141AJ &#8211; p. Rados\u0142aw W\u00f3jcik, &#8211; ANIO\u0141 &#8211; p. Anna W\u00f3jcik, &#8211; DIABE\u0141 &#8211; p. Barbara Kubicz. Rodzicom jeszcze raz bardzo dzi\u0119kujemy za udzia\u0142 w przedstawieniu! Z pewno\u015bci\u0105 wszyscy b\u0119dziemy d\u0142ugo i mi\u0142o wspomina\u0107 to przed\u015bwi\u0105teczne spotkanie!<\/p>\n","protected":false},"author":7,"featured_media":5472,"comment_status":"closed","ping_status":"open","sticky":false,"template":"","format":"standard","meta":[],"categories":[3,15,26],"tags":[],"yoast_head":"<!-- This site is optimized with the Yoast SEO plugin v19.8 - https:\/\/yoast.com\/wordpress\/plugins\/seo\/ -->\n<title>Jase\u0142ka w wykonaniu rodzic\u00f3w - Zesp\u00f3\u0142 Szk\u00f3\u0142 w Gromniku<\/title>\n<meta name=\"description\" content=\"Zesp\u00f3\u0142 Szk\u00f3\u0142 w Gromniku\" \/>\n<meta name=\"robots\" content=\"index, follow, max-snippet:-1, max-image-preview:large, max-video-preview:-1\" \/>\n<link rel=\"canonical\" href=\"http:\/\/zs.gromnik.pl\/zs\/jaselka-w-wykonaniu-rodzicow\/\" \/>\n<meta property=\"og:locale\" content=\"pl_PL\" \/>\n<meta property=\"og:type\" content=\"article\" \/>\n<meta property=\"og:title\" content=\"Jase\u0142ka w wykonaniu rodzic\u00f3w - Zesp\u00f3\u0142 Szk\u00f3\u0142 w Gromniku\" \/>\n<meta property=\"og:description\" content=\"Zesp\u00f3\u0142 Szk\u00f3\u0142 w Gromniku\" \/>\n<meta property=\"og:url\" content=\"http:\/\/zs.gromnik.pl\/zs\/jaselka-w-wykonaniu-rodzicow\/\" \/>\n<meta property=\"og:site_name\" content=\"Zesp\u00f3\u0142 Szk\u00f3\u0142 w Gromniku\" \/>\n<meta property=\"article:publisher\" content=\"https:\/\/www.facebook.com\/zsgromnik\" \/>\n<meta property=\"article:published_time\" content=\"2020-01-07T18:11:56+00:00\" \/>\n<meta property=\"article:modified_time\" content=\"2020-03-17T18:26:49+00:00\" \/>\n<meta property=\"og:image\" content=\"http:\/\/zs.gromnik.pl\/zs\/wp-content\/uploads\/2020\/03\/IMG_1717-1024x683.jpg\" \/>\n\t<meta property=\"og:image:width\" content=\"1024\" \/>\n\t<meta property=\"og:image:height\" content=\"683\" \/>\n\t<meta property=\"og:image:type\" content=\"image\/jpeg\" \/>\n<meta name=\"author\" content=\"Barbara Kubicz\" \/>\n<meta name=\"twitter:card\" content=\"summary_large_image\" \/>\n<meta name=\"twitter:label1\" content=\"Napisane przez\" \/>\n\t<meta name=\"twitter:data1\" content=\"Barbara Kubicz\" \/>\n\t<meta name=\"twitter:label2\" content=\"Szacowany czas czytania\" \/>\n\t<meta name=\"twitter:data2\" content=\"1 minuta\" \/>\n<script type=\"application\/ld+json\" class=\"yoast-schema-graph\">{\"@context\":\"https:\/\/schema.org\",\"@graph\":[{\"@type\":\"WebPage\",\"@id\":\"http:\/\/zs.gromnik.pl\/zs\/jaselka-w-wykonaniu-rodzicow\/\",\"url\":\"http:\/\/zs.gromnik.pl\/zs\/jaselka-w-wykonaniu-rodzicow\/\",\"name\":\"Jase\u0142ka w wykonaniu rodzic\u00f3w - Zesp\u00f3\u0142 Szk\u00f3\u0142 w Gromniku\",\"isPartOf\":{\"@id\":\"https:\/\/zs.gromnik.pl\/zs\/#website\"},\"datePublished\":\"2020-01-07T18:11:56+00:00\",\"dateModified\":\"2020-03-17T18:26:49+00:00\",\"author\":{\"@id\":\"https:\/\/zs.gromnik.pl\/zs\/#\/schema\/person\/7fb2b24b90f39dede6a6b1ad809c8871\"},\"description\":\"Zesp\u00f3\u0142 Szk\u00f3\u0142 w Gromniku\",\"breadcrumb\":{\"@id\":\"http:\/\/zs.gromnik.pl\/zs\/jaselka-w-wykonaniu-rodzicow\/#breadcrumb\"},\"inLanguage\":\"pl-PL\",\"potentialAction\":[{\"@type\":\"ReadAction\",\"target\":[\"http:\/\/zs.gromnik.pl\/zs\/jaselka-w-wykonaniu-rodzicow\/\"]}]},{\"@type\":\"BreadcrumbList\",\"@id\":\"http:\/\/zs.gromnik.pl\/zs\/jaselka-w-wykonaniu-rodzicow\/#breadcrumb\",\"itemListElement\":[{\"@type\":\"ListItem\",\"position\":1,\"name\":\"Strona g\u0142\u00f3wna\",\"item\":\"https:\/\/zs.gromnik.pl\/zs\/\"},{\"@type\":\"ListItem\",\"position\":2,\"name\":\"Jase\u0142ka w wykonaniu rodzic\u00f3w\"}]},{\"@type\":\"WebSite\",\"@id\":\"https:\/\/zs.gromnik.pl\/zs\/#website\",\"url\":\"https:\/\/zs.gromnik.pl\/zs\/\",\"name\":\"Zesp\u00f3\u0142 Szk\u00f3\u0142 w Gromniku\",\"description\":\"\",\"potentialAction\":[{\"@type\":\"SearchAction\",\"target\":{\"@type\":\"EntryPoint\",\"urlTemplate\":\"https:\/\/zs.gromnik.pl\/zs\/?s={search_term_string}\"},\"query-input\":\"required name=search_term_string\"}],\"inLanguage\":\"pl-PL\"},{\"@type\":\"Person\",\"@id\":\"https:\/\/zs.gromnik.pl\/zs\/#\/schema\/person\/7fb2b24b90f39dede6a6b1ad809c8871\",\"name\":\"Barbara Kubicz\",\"image\":{\"@type\":\"ImageObject\",\"inLanguage\":\"pl-PL\",\"@id\":\"https:\/\/zs.gromnik.pl\/zs\/#\/schema\/person\/image\/\",\"url\":\"http:\/\/2.gravatar.com\/avatar\/2148a1c13395e11280a430e7a86ac24a?s=96&d=mm&r=g\",\"contentUrl\":\"http:\/\/2.gravatar.com\/avatar\/2148a1c13395e11280a430e7a86ac24a?s=96&d=mm&r=g\",\"caption\":\"Barbara Kubicz\"},\"url\":\"http:\/\/zs.gromnik.pl\/zs\/author\/bkubicz\/\"}]}<\/script>\n<!-- \/ Yoast SEO plugin. -->","yoast_head_json":{"title":"Jase\u0142ka w wykonaniu rodzic\u00f3w - Zesp\u00f3\u0142 Szk\u00f3\u0142 w Gromniku","description":"Zesp\u00f3\u0142 Szk\u00f3\u0142 w Gromniku","robots":{"index":"index","follow":"follow","max-snippet":"max-snippet:-1","max-image-preview":"max-image-preview:large","max-video-preview":"max-video-preview:-1"},"canonical":"http:\/\/zs.gromnik.pl\/zs\/jaselka-w-wykonaniu-rodzicow\/","og_locale":"pl_PL","og_type":"article","og_title":"Jase\u0142ka w wykonaniu rodzic\u00f3w - Zesp\u00f3\u0142 Szk\u00f3\u0142 w Gromniku","og_description":"Zesp\u00f3\u0142 Szk\u00f3\u0142 w Gromniku","og_url":"http:\/\/zs.gromnik.pl\/zs\/jaselka-w-wykonaniu-rodzicow\/","og_site_name":"Zesp\u00f3\u0142 Szk\u00f3\u0142 w Gromniku","article_publisher":"https:\/\/www.facebook.com\/zsgromnik","article_published_time":"2020-01-07T18:11:56+00:00","article_modified_time":"2020-03-17T18:26:49+00:00","og_image":[{"width":1024,"height":683,"url":"http:\/\/zs.gromnik.pl\/zs\/wp-content\/uploads\/2020\/03\/IMG_1717-1024x683.jpg","type":"image\/jpeg"}],"author":"Barbara Kubicz","twitter_card":"summary_large_image","twitter_misc":{"Napisane przez":"Barbara Kubicz","Szacowany czas czytania":"1 minuta"},"schema":{"@context":"https:\/\/schema.org","@graph":[{"@type":"WebPage","@id":"http:\/\/zs.gromnik.pl\/zs\/jaselka-w-wykonaniu-rodzicow\/","url":"http:\/\/zs.gromnik.pl\/zs\/jaselka-w-wykonaniu-rodzicow\/","name":"Jase\u0142ka w wykonaniu rodzic\u00f3w - Zesp\u00f3\u0142 Szk\u00f3\u0142 w Gromniku","isPartOf":{"@id":"https:\/\/zs.gromnik.pl\/zs\/#website"},"datePublished":"2020-01-07T18:11:56+00:00","dateModified":"2020-03-17T18:26:49+00:00","author":{"@id":"https:\/\/zs.gromnik.pl\/zs\/#\/schema\/person\/7fb2b24b90f39dede6a6b1ad809c8871"},"description":"Zesp\u00f3\u0142 Szk\u00f3\u0142 w Gromniku","breadcrumb":{"@id":"http:\/\/zs.gromnik.pl\/zs\/jaselka-w-wykonaniu-rodzicow\/#breadcrumb"},"inLanguage":"pl-PL","potentialAction":[{"@type":"ReadAction","target":["http:\/\/zs.gromnik.pl\/zs\/jaselka-w-wykonaniu-rodzicow\/"]}]},{"@type":"BreadcrumbList","@id":"http:\/\/zs.gromnik.pl\/zs\/jaselka-w-wykonaniu-rodzicow\/#breadcrumb","itemListElement":[{"@type":"ListItem","position":1,"name":"Strona g\u0142\u00f3wna","item":"https:\/\/zs.gromnik.pl\/zs\/"},{"@type":"ListItem","position":2,"name":"Jase\u0142ka w wykonaniu rodzic\u00f3w"}]},{"@type":"WebSite","@id":"https:\/\/zs.gromnik.pl\/zs\/#website","url":"https:\/\/zs.gromnik.pl\/zs\/","name":"Zesp\u00f3\u0142 Szk\u00f3\u0142 w Gromniku","description":"","potentialAction":[{"@type":"SearchAction","target":{"@type":"EntryPoint","urlTemplate":"https:\/\/zs.gromnik.pl\/zs\/?s={search_term_string}"},"query-input":"required name=search_term_string"}],"inLanguage":"pl-PL"},{"@type":"Person","@id":"https:\/\/zs.gromnik.pl\/zs\/#\/schema\/person\/7fb2b24b90f39dede6a6b1ad809c8871","name":"Barbara Kubicz","image":{"@type":"ImageObject","inLanguage":"pl-PL","@id":"https:\/\/zs.gromnik.pl\/zs\/#\/schema\/person\/image\/","url":"http:\/\/2.gravatar.com\/avatar\/2148a1c13395e11280a430e7a86ac24a?s=96&d=mm&r=g","contentUrl":"http:\/\/2.gravatar.com\/avatar\/2148a1c13395e11280a430e7a86ac24a?s=96&d=mm&r=g","caption":"Barbara Kubicz"},"url":"http:\/\/zs.gromnik.pl\/zs\/author\/bkubicz\/"}]}},"_links":{"self":[{"href":"http:\/\/zs.gromnik.pl\/zs\/wp-json\/wp\/v2\/posts\/5448"}],"collection":[{"href":"http:\/\/zs.gromnik.pl\/zs\/wp-json\/wp\/v2\/posts"}],"about":[{"href":"http:\/\/zs.gromnik.pl\/zs\/wp-json\/wp\/v2\/types\/post"}],"author":[{"embeddable":true,"href":"http:\/\/zs.gromnik.pl\/zs\/wp-json\/wp\/v2\/users\/7"}],"replies":[{"embeddable":true,"href":"http:\/\/zs.gromnik.pl\/zs\/wp-json\/wp\/v2\/comments?post=5448"}],"version-history":[{"count":3,"href":"http:\/\/zs.gromnik.pl\/zs\/wp-json\/wp\/v2\/posts\/5448\/revisions"}],"predecessor-version":[{"id":5478,"href":"http:\/\/zs.gromnik.pl\/zs\/wp-json\/wp\/v2\/posts\/5448\/revisions\/5478"}],"wp:featuredmedia":[{"embeddable":true,"href":"http:\/\/zs.gromnik.pl\/zs\/wp-json\/wp\/v2\/media\/5472"}],"wp:attachment":[{"href":"http:\/\/zs.gromnik.pl\/zs\/wp-json\/wp\/v2\/media?parent=5448"}],"wp:term":[{"taxonomy":"category","embeddable":true,"href":"http:\/\/zs.gromnik.pl\/zs\/wp-json\/wp\/v2\/categories?post=5448"},{"taxonomy":"post_tag","embeddable":true,"href":"http:\/\/zs.gromnik.pl\/zs\/wp-json\/wp\/v2\/tags?post=5448"}],"curies":[{"name":"wp","href":"https:\/\/api.w.org\/{rel}","templated":true}]}}