{"id":7271,"date":"2020-05-24T10:56:39","date_gmt":"2020-05-24T08:56:39","guid":{"rendered":"http:\/\/www.zs.gromnik.pl\/zs\/?p=7271"},"modified":"2020-05-24T10:59:20","modified_gmt":"2020-05-24T08:59:20","slug":"nabor-do-szkoly-muzycznej","status":"publish","type":"post","link":"http:\/\/zs.gromnik.pl\/zs\/nabor-do-szkoly-muzycznej\/","title":{"rendered":"Nab\u00f3r do szko\u0142y muzycznej"},"content":{"rendered":"\n<p>Szko\u0142a Muzyczna I stopnia im. Ks. Prof. J\u00f3zefa Tischnera w Domos\u0142awicach prowadzi nab\u00f3r dzieci i m\u0142odzie\u017cy na rok szkolny 2020\/2021.<\/p>\n\n\n\n<p>Zapraszamy do nauki w Szkole Muzycznej. Zaj\u0119cia odbywaj\u0105 si\u0119 w Gromniku. Nauka jest bezp\u0142atna. Mozliwo\u015b\u0107 wypo\u017cyczenia instrument\u00f3w.<br>Zg\u0142oszenia on-line do\u00a031\u00a0maja 2020 roku pod linkiem:\u00a0<a rel=\"noreferrer noopener\" href=\"https:\/\/forms.gle\/wZgSRya9Z8Trb3fq7?fbclid=IwAR3zpJfOyhMxb6NrDIe2Cc39l7cEJcaK6knFrXSg2o76QoOFz7peV8Nxj0E\" target=\"_blank\">https:\/\/forms.gle\/wZgSRya9Z8Trb3fq7<\/a><br>\u00a0Wszelkie informacje na stronie internetowej szko\u0142y\u00a0<a rel=\"noreferrer noopener\" href=\"https:\/\/l.facebook.com\/l.php?u=http%3A%2F%2Fwww.domoslawice.pl%2F%3Ffbclid%3DIwAR3KXj3-FNpR5MPGP-QoydpphhlqxxFOHgNHfKvqgeIzcl9Pj-1rRKymMCU&amp;h=AT06rUkaggBCKSVizkTNTRLV4euaGwSxWYjjzEup962S6GPGzElvUglb-jHmGKzGHH2nFOOzCuAPL8-JR2BNmb41IqtC1Qo4L59WN1tjpRGoz7TOC9jelS2L69FckVN9IeS_1zeWEw\" target=\"_blank\">http:\/\/www.domoslawice.pl\/<\/a>\u00a0lub w sekretariacie pod nr tel.: (14) 663 54 20. Nab\u00f3r dzieci w wieku 6 do 16 lat.<\/p>\n","protected":false},"excerpt":{"rendered":"<p>Szko\u0142a Muzyczna I stopnia im. Ks. Prof. J\u00f3zefa Tischnera w Domos\u0142awicach prowadzi nab\u00f3r dzieci i m\u0142odzie\u017cy na rok szkolny 2020\/2021. Zapraszamy do nauki w Szkole Muzycznej. Zaj\u0119cia odbywaj\u0105 si\u0119 w Gromniku. Nauka jest bezp\u0142atna. Mozliwo\u015b\u0107 wypo\u017cyczenia instrument\u00f3w.Zg\u0142oszenia on-line do\u00a031\u00a0maja 2020 roku pod linkiem:\u00a0https:\/\/forms.gle\/wZgSRya9Z8Trb3fq7\u00a0Wszelkie informacje na stronie internetowej szko\u0142y\u00a0http:\/\/www.domoslawice.pl\/\u00a0lub w sekretariacie pod nr tel.: (14) 663 54 20. Nab\u00f3r dzieci w wieku 6 do 16 lat.<\/p>\n","protected":false},"author":7,"featured_media":0,"comment_status":"closed","ping_status":"open","sticky":false,"template":"","format":"standard","meta":[],"categories":[29],"tags":[],"yoast_head":"<!-- This site is optimized with the Yoast SEO plugin v19.8 - https:\/\/yoast.com\/wordpress\/plugins\/seo\/ -->\n<title>Nab\u00f3r do szko\u0142y muzycznej - Zesp\u00f3\u0142 Szk\u00f3\u0142 w Gromniku<\/title>\n<meta name=\"description\" content=\"Zesp\u00f3\u0142 Szk\u00f3\u0142 w Gromniku\" \/>\n<meta name=\"robots\" content=\"index, follow, max-snippet:-1, max-image-preview:large, max-video-preview:-1\" \/>\n<link rel=\"canonical\" href=\"https:\/\/zs.gromnik.pl\/zs\/nabor-do-szkoly-muzycznej\/\" \/>\n<meta property=\"og:locale\" content=\"pl_PL\" \/>\n<meta property=\"og:type\" content=\"article\" \/>\n<meta property=\"og:title\" content=\"Nab\u00f3r do szko\u0142y muzycznej - Zesp\u00f3\u0142 Szk\u00f3\u0142 w Gromniku\" \/>\n<meta property=\"og:description\" content=\"Zesp\u00f3\u0142 Szk\u00f3\u0142 w Gromniku\" \/>\n<meta property=\"og:url\" content=\"https:\/\/zs.gromnik.pl\/zs\/nabor-do-szkoly-muzycznej\/\" \/>\n<meta property=\"og:site_name\" content=\"Zesp\u00f3\u0142 Szk\u00f3\u0142 w Gromniku\" \/>\n<meta property=\"article:publisher\" content=\"https:\/\/www.facebook.com\/zsgromnik\" \/>\n<meta property=\"article:published_time\" content=\"2020-05-24T08:56:39+00:00\" \/>\n<meta property=\"article:modified_time\" content=\"2020-05-24T08:59:20+00:00\" \/>\n<meta name=\"author\" content=\"Barbara Kubicz\" \/>\n<meta name=\"twitter:card\" content=\"summary_large_image\" \/>\n<meta name=\"twitter:label1\" content=\"Napisane przez\" \/>\n\t<meta name=\"twitter:data1\" content=\"Barbara Kubicz\" \/>\n<script type=\"application\/ld+json\" class=\"yoast-schema-graph\">{\"@context\":\"https:\/\/schema.org\",\"@graph\":[{\"@type\":\"WebPage\",\"@id\":\"https:\/\/zs.gromnik.pl\/zs\/nabor-do-szkoly-muzycznej\/\",\"url\":\"https:\/\/zs.gromnik.pl\/zs\/nabor-do-szkoly-muzycznej\/\",\"name\":\"Nab\u00f3r do szko\u0142y muzycznej - Zesp\u00f3\u0142 Szk\u00f3\u0142 w Gromniku\",\"isPartOf\":{\"@id\":\"https:\/\/zs.gromnik.pl\/zs\/#website\"},\"datePublished\":\"2020-05-24T08:56:39+00:00\",\"dateModified\":\"2020-05-24T08:59:20+00:00\",\"author\":{\"@id\":\"https:\/\/zs.gromnik.pl\/zs\/#\/schema\/person\/7fb2b24b90f39dede6a6b1ad809c8871\"},\"description\":\"Zesp\u00f3\u0142 Szk\u00f3\u0142 w Gromniku\",\"breadcrumb\":{\"@id\":\"https:\/\/zs.gromnik.pl\/zs\/nabor-do-szkoly-muzycznej\/#breadcrumb\"},\"inLanguage\":\"pl-PL\",\"potentialAction\":[{\"@type\":\"ReadAction\",\"target\":[\"https:\/\/zs.gromnik.pl\/zs\/nabor-do-szkoly-muzycznej\/\"]}]},{\"@type\":\"BreadcrumbList\",\"@id\":\"https:\/\/zs.gromnik.pl\/zs\/nabor-do-szkoly-muzycznej\/#breadcrumb\",\"itemListElement\":[{\"@type\":\"ListItem\",\"position\":1,\"name\":\"Strona g\u0142\u00f3wna\",\"item\":\"https:\/\/zs.gromnik.pl\/zs\/\"},{\"@type\":\"ListItem\",\"position\":2,\"name\":\"Nab\u00f3r do szko\u0142y muzycznej\"}]},{\"@type\":\"WebSite\",\"@id\":\"https:\/\/zs.gromnik.pl\/zs\/#website\",\"url\":\"https:\/\/zs.gromnik.pl\/zs\/\",\"name\":\"Zesp\u00f3\u0142 Szk\u00f3\u0142 w Gromniku\",\"description\":\"\",\"potentialAction\":[{\"@type\":\"SearchAction\",\"target\":{\"@type\":\"EntryPoint\",\"urlTemplate\":\"https:\/\/zs.gromnik.pl\/zs\/?s={search_term_string}\"},\"query-input\":\"required name=search_term_string\"}],\"inLanguage\":\"pl-PL\"},{\"@type\":\"Person\",\"@id\":\"https:\/\/zs.gromnik.pl\/zs\/#\/schema\/person\/7fb2b24b90f39dede6a6b1ad809c8871\",\"name\":\"Barbara Kubicz\",\"image\":{\"@type\":\"ImageObject\",\"inLanguage\":\"pl-PL\",\"@id\":\"https:\/\/zs.gromnik.pl\/zs\/#\/schema\/person\/image\/\",\"url\":\"http:\/\/2.gravatar.com\/avatar\/2148a1c13395e11280a430e7a86ac24a?s=96&d=mm&r=g\",\"contentUrl\":\"http:\/\/2.gravatar.com\/avatar\/2148a1c13395e11280a430e7a86ac24a?s=96&d=mm&r=g\",\"caption\":\"Barbara Kubicz\"},\"url\":\"http:\/\/zs.gromnik.pl\/zs\/author\/bkubicz\/\"}]}<\/script>\n<!-- \/ Yoast SEO plugin. -->","yoast_head_json":{"title":"Nab\u00f3r do szko\u0142y muzycznej - Zesp\u00f3\u0142 Szk\u00f3\u0142 w Gromniku","description":"Zesp\u00f3\u0142 Szk\u00f3\u0142 w Gromniku","robots":{"index":"index","follow":"follow","max-snippet":"max-snippet:-1","max-image-preview":"max-image-preview:large","max-video-preview":"max-video-preview:-1"},"canonical":"https:\/\/zs.gromnik.pl\/zs\/nabor-do-szkoly-muzycznej\/","og_locale":"pl_PL","og_type":"article","og_title":"Nab\u00f3r do szko\u0142y muzycznej - Zesp\u00f3\u0142 Szk\u00f3\u0142 w Gromniku","og_description":"Zesp\u00f3\u0142 Szk\u00f3\u0142 w Gromniku","og_url":"https:\/\/zs.gromnik.pl\/zs\/nabor-do-szkoly-muzycznej\/","og_site_name":"Zesp\u00f3\u0142 Szk\u00f3\u0142 w Gromniku","article_publisher":"https:\/\/www.facebook.com\/zsgromnik","article_published_time":"2020-05-24T08:56:39+00:00","article_modified_time":"2020-05-24T08:59:20+00:00","author":"Barbara Kubicz","twitter_card":"summary_large_image","twitter_misc":{"Napisane przez":"Barbara Kubicz"},"schema":{"@context":"https:\/\/schema.org","@graph":[{"@type":"WebPage","@id":"https:\/\/zs.gromnik.pl\/zs\/nabor-do-szkoly-muzycznej\/","url":"https:\/\/zs.gromnik.pl\/zs\/nabor-do-szkoly-muzycznej\/","name":"Nab\u00f3r do szko\u0142y muzycznej - Zesp\u00f3\u0142 Szk\u00f3\u0142 w Gromniku","isPartOf":{"@id":"https:\/\/zs.gromnik.pl\/zs\/#website"},"datePublished":"2020-05-24T08:56:39+00:00","dateModified":"2020-05-24T08:59:20+00:00","author":{"@id":"https:\/\/zs.gromnik.pl\/zs\/#\/schema\/person\/7fb2b24b90f39dede6a6b1ad809c8871"},"description":"Zesp\u00f3\u0142 Szk\u00f3\u0142 w Gromniku","breadcrumb":{"@id":"https:\/\/zs.gromnik.pl\/zs\/nabor-do-szkoly-muzycznej\/#breadcrumb"},"inLanguage":"pl-PL","potentialAction":[{"@type":"ReadAction","target":["https:\/\/zs.gromnik.pl\/zs\/nabor-do-szkoly-muzycznej\/"]}]},{"@type":"BreadcrumbList","@id":"https:\/\/zs.gromnik.pl\/zs\/nabor-do-szkoly-muzycznej\/#breadcrumb","itemListElement":[{"@type":"ListItem","position":1,"name":"Strona g\u0142\u00f3wna","item":"https:\/\/zs.gromnik.pl\/zs\/"},{"@type":"ListItem","position":2,"name":"Nab\u00f3r do szko\u0142y muzycznej"}]},{"@type":"WebSite","@id":"https:\/\/zs.gromnik.pl\/zs\/#website","url":"https:\/\/zs.gromnik.pl\/zs\/","name":"Zesp\u00f3\u0142 Szk\u00f3\u0142 w Gromniku","description":"","potentialAction":[{"@type":"SearchAction","target":{"@type":"EntryPoint","urlTemplate":"https:\/\/zs.gromnik.pl\/zs\/?s={search_term_string}"},"query-input":"required name=search_term_string"}],"inLanguage":"pl-PL"},{"@type":"Person","@id":"https:\/\/zs.gromnik.pl\/zs\/#\/schema\/person\/7fb2b24b90f39dede6a6b1ad809c8871","name":"Barbara Kubicz","image":{"@type":"ImageObject","inLanguage":"pl-PL","@id":"https:\/\/zs.gromnik.pl\/zs\/#\/schema\/person\/image\/","url":"http:\/\/2.gravatar.com\/avatar\/2148a1c13395e11280a430e7a86ac24a?s=96&d=mm&r=g","contentUrl":"http:\/\/2.gravatar.com\/avatar\/2148a1c13395e11280a430e7a86ac24a?s=96&d=mm&r=g","caption":"Barbara Kubicz"},"url":"http:\/\/zs.gromnik.pl\/zs\/author\/bkubicz\/"}]}},"_links":{"self":[{"href":"http:\/\/zs.gromnik.pl\/zs\/wp-json\/wp\/v2\/posts\/7271"}],"collection":[{"href":"http:\/\/zs.gromnik.pl\/zs\/wp-json\/wp\/v2\/posts"}],"about":[{"href":"http:\/\/zs.gromnik.pl\/zs\/wp-json\/wp\/v2\/types\/post"}],"author":[{"embeddable":true,"href":"http:\/\/zs.gromnik.pl\/zs\/wp-json\/wp\/v2\/users\/7"}],"replies":[{"embeddable":true,"href":"http:\/\/zs.gromnik.pl\/zs\/wp-json\/wp\/v2\/comments?post=7271"}],"version-history":[{"count":2,"href":"http:\/\/zs.gromnik.pl\/zs\/wp-json\/wp\/v2\/posts\/7271\/revisions"}],"predecessor-version":[{"id":7273,"href":"http:\/\/zs.gromnik.pl\/zs\/wp-json\/wp\/v2\/posts\/7271\/revisions\/7273"}],"wp:attachment":[{"href":"http:\/\/zs.gromnik.pl\/zs\/wp-json\/wp\/v2\/media?parent=7271"}],"wp:term":[{"taxonomy":"category","embeddable":true,"href":"http:\/\/zs.gromnik.pl\/zs\/wp-json\/wp\/v2\/categories?post=7271"},{"taxonomy":"post_tag","embeddable":true,"href":"http:\/\/zs.gromnik.pl\/zs\/wp-json\/wp\/v2\/tags?post=7271"}],"curies":[{"name":"wp","href":"https:\/\/api.w.org\/{rel}","templated":true}]}}