{"id":7274,"date":"2020-05-24T12:00:53","date_gmt":"2020-05-24T10:00:53","guid":{"rendered":"http:\/\/www.zs.gromnik.pl\/zs\/?p=7274"},"modified":"2020-05-24T12:00:54","modified_gmt":"2020-05-24T10:00:54","slug":"podczas-pracy-zdalnej","status":"publish","type":"post","link":"http:\/\/zs.gromnik.pl\/zs\/podczas-pracy-zdalnej\/","title":{"rendered":"Podczas pracy zdalnej&#8230;"},"content":{"rendered":"\n<p>Zwykle\nw kwietniu obchodzili\u015bmy uroczy\u015bcie Mi\u0119dzynarodowy Dzie\u0144 Ziemi. 22 kwietnia\nalbo blisko tej daty robili\u015bmy porz\u0105dki w naszym otoczeniu, odbywa\u0142 si\u0119 apel\nprzypominaj\u0105cy o postawach wobec natury, podkre\u015blaj\u0105cy jak wa\u017cn\u0105 spraw\u0105 jest\nzachowanie dla przysz\u0142ych pokole\u0144 zdrowego \u015brodowiska. Wys\u0142uchiwali\u015bmy licznych\nreprymend na temat nieodpowiedzialno\u015bci oraz bezmy\u015blno\u015bci wobec Ziemi, kt\u00f3ra jest\nnaturalnym siedliskiem ludzko\u015bci. <\/p>\n\n\n\n<p>Obecnie znale\u017ali\u015bmy si\u0119 w bardzo trudnym po\u0142o\u017ceniu. Odizolowano nas i zamkni\u0119to w domach dla naszego w\u0142asnego bezpiecze\u0144stwa. Mo\u017ce jest to dla nas ostrze\u017cenie?!Warto wi\u0119c pomy\u015ble\u0107 i zastanowi\u0107 si\u0119 nad w\u0142asnym post\u0119powaniem, wr\u00f3ci\u0107 do korzeni swego istnienia i zapyta\u0107 Ziemi, co ona na to? Tak uczynili uczniowie klasy 5a podczas lekcji j\u0119zyka polskiego. Powsta\u0142o wiele list\u00f3w otwartych Matki Ziemi do Ludzi. Oto kilka przyk\u0142ad\u00f3w do przemy\u015blenia.<\/p>\n\n\n\n<div class=\"wp-block-file\"><a href=\"http:\/\/www.zs.gromnik.pl\/zs\/wp-content\/uploads\/2020\/05\/Dominika.pdf\">Dominika<\/a><a href=\"http:\/\/www.zs.gromnik.pl\/zs\/wp-content\/uploads\/2020\/05\/Dominika.pdf\" class=\"wp-block-file__button\" download>Pobierz<\/a><\/div>\n\n\n\n<div class=\"wp-block-file\"><a href=\"http:\/\/www.zs.gromnik.pl\/zs\/wp-content\/uploads\/2020\/05\/Kacper.pdf\">Kacper<\/a><a href=\"http:\/\/www.zs.gromnik.pl\/zs\/wp-content\/uploads\/2020\/05\/Kacper.pdf\" class=\"wp-block-file__button\" download>Pobierz<\/a><\/div>\n\n\n\n<div class=\"wp-block-file\"><a href=\"http:\/\/www.zs.gromnik.pl\/zs\/wp-content\/uploads\/2020\/05\/Hubert-.pdf\">Hubert<\/a><a href=\"http:\/\/www.zs.gromnik.pl\/zs\/wp-content\/uploads\/2020\/05\/Hubert-.pdf\" class=\"wp-block-file__button\" download>Pobierz<\/a><\/div>\n\n\n\n<div class=\"wp-block-file\"><a href=\"http:\/\/www.zs.gromnik.pl\/zs\/wp-content\/uploads\/2020\/05\/Rafa\u0142.pdf\">Rafa\u0142<\/a><a href=\"http:\/\/www.zs.gromnik.pl\/zs\/wp-content\/uploads\/2020\/05\/Rafa\u0142.pdf\" class=\"wp-block-file__button\" download>Pobierz<\/a><\/div>\n\n\n\n<!--more-->\n","protected":false},"excerpt":{"rendered":"<p>Zwykle w kwietniu obchodzili\u015bmy uroczy\u015bcie Mi\u0119dzynarodowy Dzie\u0144 Ziemi. 22 kwietnia albo blisko tej daty robili\u015bmy porz\u0105dki w naszym otoczeniu, odbywa\u0142 si\u0119 apel przypominaj\u0105cy o postawach wobec natury, podkre\u015blaj\u0105cy jak wa\u017cn\u0105 spraw\u0105 jest zachowanie dla przysz\u0142ych pokole\u0144 zdrowego \u015brodowiska. Wys\u0142uchiwali\u015bmy licznych reprymend na temat nieodpowiedzialno\u015bci oraz bezmy\u015blno\u015bci wobec Ziemi, kt\u00f3ra jest naturalnym siedliskiem ludzko\u015bci. Obecnie znale\u017ali\u015bmy si\u0119 w bardzo trudnym po\u0142o\u017ceniu. Odizolowano nas i zamkni\u0119to w domach dla naszego w\u0142asnego bezpiecze\u0144stwa. Mo\u017ce jest to dla nas ostrze\u017cenie?!Warto wi\u0119c pomy\u015ble\u0107 i zastanowi\u0107 si\u0119 nad w\u0142asnym post\u0119powaniem, wr\u00f3ci\u0107 do korzeni swego istnienia i zapyta\u0107 Ziemi, co ona na to? Tak uczynili uczniowie klasy 5a podczas lekcji j\u0119zyka polskiego. Powsta\u0142o wiele list\u00f3w otwartych Matki Ziemi do Ludzi. Oto kilka przyk\u0142ad\u00f3w do przemy\u015blenia.<\/p>\n","protected":false},"author":1,"featured_media":7279,"comment_status":"closed","ping_status":"open","sticky":false,"template":"","format":"standard","meta":[],"categories":[3],"tags":[],"yoast_head":"<!-- This site is optimized with the Yoast SEO plugin v19.8 - https:\/\/yoast.com\/wordpress\/plugins\/seo\/ -->\n<title>Podczas pracy zdalnej... - Zesp\u00f3\u0142 Szk\u00f3\u0142 w Gromniku<\/title>\n<meta name=\"description\" content=\"Zesp\u00f3\u0142 Szk\u00f3\u0142 w Gromniku\" \/>\n<meta name=\"robots\" content=\"index, follow, max-snippet:-1, max-image-preview:large, max-video-preview:-1\" \/>\n<link rel=\"canonical\" href=\"http:\/\/zs.gromnik.pl\/zs\/podczas-pracy-zdalnej\/\" \/>\n<meta property=\"og:locale\" content=\"pl_PL\" \/>\n<meta property=\"og:type\" content=\"article\" \/>\n<meta property=\"og:title\" content=\"Podczas pracy zdalnej... - Zesp\u00f3\u0142 Szk\u00f3\u0142 w Gromniku\" \/>\n<meta property=\"og:description\" content=\"Zesp\u00f3\u0142 Szk\u00f3\u0142 w Gromniku\" \/>\n<meta property=\"og:url\" content=\"http:\/\/zs.gromnik.pl\/zs\/podczas-pracy-zdalnej\/\" \/>\n<meta property=\"og:site_name\" content=\"Zesp\u00f3\u0142 Szk\u00f3\u0142 w Gromniku\" \/>\n<meta property=\"article:publisher\" content=\"https:\/\/www.facebook.com\/zsgromnik\" \/>\n<meta property=\"article:published_time\" content=\"2020-05-24T10:00:53+00:00\" \/>\n<meta property=\"article:modified_time\" content=\"2020-05-24T10:00:54+00:00\" \/>\n<meta property=\"og:image\" content=\"http:\/\/zs.gromnik.pl\/zs\/wp-content\/uploads\/2020\/05\/unnamed.jpg\" \/>\n\t<meta property=\"og:image:width\" content=\"512\" \/>\n\t<meta property=\"og:image:height\" content=\"334\" \/>\n\t<meta property=\"og:image:type\" content=\"image\/jpeg\" \/>\n<meta name=\"author\" content=\"admin\" \/>\n<meta name=\"twitter:card\" content=\"summary_large_image\" \/>\n<meta name=\"twitter:label1\" content=\"Napisane przez\" \/>\n\t<meta name=\"twitter:data1\" content=\"admin\" \/>\n\t<meta name=\"twitter:label2\" content=\"Szacowany czas czytania\" \/>\n\t<meta name=\"twitter:data2\" content=\"1 minuta\" \/>\n<script type=\"application\/ld+json\" class=\"yoast-schema-graph\">{\"@context\":\"https:\/\/schema.org\",\"@graph\":[{\"@type\":\"WebPage\",\"@id\":\"http:\/\/zs.gromnik.pl\/zs\/podczas-pracy-zdalnej\/\",\"url\":\"http:\/\/zs.gromnik.pl\/zs\/podczas-pracy-zdalnej\/\",\"name\":\"Podczas pracy zdalnej... - Zesp\u00f3\u0142 Szk\u00f3\u0142 w Gromniku\",\"isPartOf\":{\"@id\":\"https:\/\/zs.gromnik.pl\/zs\/#website\"},\"datePublished\":\"2020-05-24T10:00:53+00:00\",\"dateModified\":\"2020-05-24T10:00:54+00:00\",\"author\":{\"@id\":\"https:\/\/zs.gromnik.pl\/zs\/#\/schema\/person\/b197900f67c6133faddc284ae32f97ca\"},\"description\":\"Zesp\u00f3\u0142 Szk\u00f3\u0142 w Gromniku\",\"breadcrumb\":{\"@id\":\"http:\/\/zs.gromnik.pl\/zs\/podczas-pracy-zdalnej\/#breadcrumb\"},\"inLanguage\":\"pl-PL\",\"potentialAction\":[{\"@type\":\"ReadAction\",\"target\":[\"http:\/\/zs.gromnik.pl\/zs\/podczas-pracy-zdalnej\/\"]}]},{\"@type\":\"BreadcrumbList\",\"@id\":\"http:\/\/zs.gromnik.pl\/zs\/podczas-pracy-zdalnej\/#breadcrumb\",\"itemListElement\":[{\"@type\":\"ListItem\",\"position\":1,\"name\":\"Strona g\u0142\u00f3wna\",\"item\":\"https:\/\/zs.gromnik.pl\/zs\/\"},{\"@type\":\"ListItem\",\"position\":2,\"name\":\"Podczas pracy zdalnej&#8230;\"}]},{\"@type\":\"WebSite\",\"@id\":\"https:\/\/zs.gromnik.pl\/zs\/#website\",\"url\":\"https:\/\/zs.gromnik.pl\/zs\/\",\"name\":\"Zesp\u00f3\u0142 Szk\u00f3\u0142 w Gromniku\",\"description\":\"\",\"potentialAction\":[{\"@type\":\"SearchAction\",\"target\":{\"@type\":\"EntryPoint\",\"urlTemplate\":\"https:\/\/zs.gromnik.pl\/zs\/?s={search_term_string}\"},\"query-input\":\"required name=search_term_string\"}],\"inLanguage\":\"pl-PL\"},{\"@type\":\"Person\",\"@id\":\"https:\/\/zs.gromnik.pl\/zs\/#\/schema\/person\/b197900f67c6133faddc284ae32f97ca\",\"name\":\"admin\",\"image\":{\"@type\":\"ImageObject\",\"inLanguage\":\"pl-PL\",\"@id\":\"https:\/\/zs.gromnik.pl\/zs\/#\/schema\/person\/image\/\",\"url\":\"http:\/\/0.gravatar.com\/avatar\/f8a2f876dbcc8c8edd809a8ca77a2abe?s=96&d=mm&r=g\",\"contentUrl\":\"http:\/\/0.gravatar.com\/avatar\/f8a2f876dbcc8c8edd809a8ca77a2abe?s=96&d=mm&r=g\",\"caption\":\"admin\"},\"url\":\"http:\/\/zs.gromnik.pl\/zs\/author\/admin\/\"}]}<\/script>\n<!-- \/ Yoast SEO plugin. -->","yoast_head_json":{"title":"Podczas pracy zdalnej... - Zesp\u00f3\u0142 Szk\u00f3\u0142 w Gromniku","description":"Zesp\u00f3\u0142 Szk\u00f3\u0142 w Gromniku","robots":{"index":"index","follow":"follow","max-snippet":"max-snippet:-1","max-image-preview":"max-image-preview:large","max-video-preview":"max-video-preview:-1"},"canonical":"http:\/\/zs.gromnik.pl\/zs\/podczas-pracy-zdalnej\/","og_locale":"pl_PL","og_type":"article","og_title":"Podczas pracy zdalnej... - Zesp\u00f3\u0142 Szk\u00f3\u0142 w Gromniku","og_description":"Zesp\u00f3\u0142 Szk\u00f3\u0142 w Gromniku","og_url":"http:\/\/zs.gromnik.pl\/zs\/podczas-pracy-zdalnej\/","og_site_name":"Zesp\u00f3\u0142 Szk\u00f3\u0142 w Gromniku","article_publisher":"https:\/\/www.facebook.com\/zsgromnik","article_published_time":"2020-05-24T10:00:53+00:00","article_modified_time":"2020-05-24T10:00:54+00:00","og_image":[{"width":512,"height":334,"url":"http:\/\/zs.gromnik.pl\/zs\/wp-content\/uploads\/2020\/05\/unnamed.jpg","type":"image\/jpeg"}],"author":"admin","twitter_card":"summary_large_image","twitter_misc":{"Napisane przez":"admin","Szacowany czas czytania":"1 minuta"},"schema":{"@context":"https:\/\/schema.org","@graph":[{"@type":"WebPage","@id":"http:\/\/zs.gromnik.pl\/zs\/podczas-pracy-zdalnej\/","url":"http:\/\/zs.gromnik.pl\/zs\/podczas-pracy-zdalnej\/","name":"Podczas pracy zdalnej... - Zesp\u00f3\u0142 Szk\u00f3\u0142 w Gromniku","isPartOf":{"@id":"https:\/\/zs.gromnik.pl\/zs\/#website"},"datePublished":"2020-05-24T10:00:53+00:00","dateModified":"2020-05-24T10:00:54+00:00","author":{"@id":"https:\/\/zs.gromnik.pl\/zs\/#\/schema\/person\/b197900f67c6133faddc284ae32f97ca"},"description":"Zesp\u00f3\u0142 Szk\u00f3\u0142 w Gromniku","breadcrumb":{"@id":"http:\/\/zs.gromnik.pl\/zs\/podczas-pracy-zdalnej\/#breadcrumb"},"inLanguage":"pl-PL","potentialAction":[{"@type":"ReadAction","target":["http:\/\/zs.gromnik.pl\/zs\/podczas-pracy-zdalnej\/"]}]},{"@type":"BreadcrumbList","@id":"http:\/\/zs.gromnik.pl\/zs\/podczas-pracy-zdalnej\/#breadcrumb","itemListElement":[{"@type":"ListItem","position":1,"name":"Strona g\u0142\u00f3wna","item":"https:\/\/zs.gromnik.pl\/zs\/"},{"@type":"ListItem","position":2,"name":"Podczas pracy zdalnej&#8230;"}]},{"@type":"WebSite","@id":"https:\/\/zs.gromnik.pl\/zs\/#website","url":"https:\/\/zs.gromnik.pl\/zs\/","name":"Zesp\u00f3\u0142 Szk\u00f3\u0142 w Gromniku","description":"","potentialAction":[{"@type":"SearchAction","target":{"@type":"EntryPoint","urlTemplate":"https:\/\/zs.gromnik.pl\/zs\/?s={search_term_string}"},"query-input":"required name=search_term_string"}],"inLanguage":"pl-PL"},{"@type":"Person","@id":"https:\/\/zs.gromnik.pl\/zs\/#\/schema\/person\/b197900f67c6133faddc284ae32f97ca","name":"admin","image":{"@type":"ImageObject","inLanguage":"pl-PL","@id":"https:\/\/zs.gromnik.pl\/zs\/#\/schema\/person\/image\/","url":"http:\/\/0.gravatar.com\/avatar\/f8a2f876dbcc8c8edd809a8ca77a2abe?s=96&d=mm&r=g","contentUrl":"http:\/\/0.gravatar.com\/avatar\/f8a2f876dbcc8c8edd809a8ca77a2abe?s=96&d=mm&r=g","caption":"admin"},"url":"http:\/\/zs.gromnik.pl\/zs\/author\/admin\/"}]}},"_links":{"self":[{"href":"http:\/\/zs.gromnik.pl\/zs\/wp-json\/wp\/v2\/posts\/7274"}],"collection":[{"href":"http:\/\/zs.gromnik.pl\/zs\/wp-json\/wp\/v2\/posts"}],"about":[{"href":"http:\/\/zs.gromnik.pl\/zs\/wp-json\/wp\/v2\/types\/post"}],"author":[{"embeddable":true,"href":"http:\/\/zs.gromnik.pl\/zs\/wp-json\/wp\/v2\/users\/1"}],"replies":[{"embeddable":true,"href":"http:\/\/zs.gromnik.pl\/zs\/wp-json\/wp\/v2\/comments?post=7274"}],"version-history":[{"count":1,"href":"http:\/\/zs.gromnik.pl\/zs\/wp-json\/wp\/v2\/posts\/7274\/revisions"}],"predecessor-version":[{"id":7280,"href":"http:\/\/zs.gromnik.pl\/zs\/wp-json\/wp\/v2\/posts\/7274\/revisions\/7280"}],"wp:featuredmedia":[{"embeddable":true,"href":"http:\/\/zs.gromnik.pl\/zs\/wp-json\/wp\/v2\/media\/7279"}],"wp:attachment":[{"href":"http:\/\/zs.gromnik.pl\/zs\/wp-json\/wp\/v2\/media?parent=7274"}],"wp:term":[{"taxonomy":"category","embeddable":true,"href":"http:\/\/zs.gromnik.pl\/zs\/wp-json\/wp\/v2\/categories?post=7274"},{"taxonomy":"post_tag","embeddable":true,"href":"http:\/\/zs.gromnik.pl\/zs\/wp-json\/wp\/v2\/tags?post=7274"}],"curies":[{"name":"wp","href":"https:\/\/api.w.org\/{rel}","templated":true}]}}