{"id":7388,"date":"2020-05-26T14:36:05","date_gmt":"2020-05-26T12:36:05","guid":{"rendered":"http:\/\/www.zs.gromnik.pl\/zs\/?p=7388"},"modified":"2020-05-26T14:36:07","modified_gmt":"2020-05-26T12:36:07","slug":"zarzadzenie-2","status":"publish","type":"post","link":"http:\/\/zs.gromnik.pl\/zs\/zarzadzenie-2\/","title":{"rendered":"Zarz\u0105dzenie"},"content":{"rendered":"\n<p style=\"text-align:center\"><strong>Zarz\u0105dzenie nr 8<\/strong><br> <br><strong>Dyrektora Zespo\u0142u Szk\u00f3\u0142 w Gromniku<\/strong> <br> <br><strong>z dnia 25 maja 2020 r.<\/strong> <br><\/p>\n\n\n\n<p style=\"text-align:center\"><strong>w sprawie czasowego zawieszenia zaj\u0119\u0107 w Przedszkolu Publicznym <\/strong><br><strong>w Gromniku i w Szkole\u00a0 Podstawowej im. Wincentego Witosa <\/strong><br><strong>w Gromniku oraz w Oddzia\u0142ach Przedszkolnych i w Szko\u0142ach Filialnych w Golance i w Polichtach, w zwi\u0105zku z zapobieganiem, przeciwdzia\u0142aniem i zwalczaniem COVID-19<\/strong><\/p>\n\n\n\n<!--more-->\n\n\n\n<p>Na podstawie \u00a7 18 ust. 2 pkt 2 rozporz\u0105dzenia Ministra Edukacji Narodowej i Sportu  z dnia 31 grudnia 2002 r. w sprawie bezpiecze\u0144stwa i higieny w publicznych i niepublicznych szko\u0142ach i plac\u00f3wkach (Dz. U. z 2003 r., Nr 6, poz. 69 z p\u00f3\u017an. zm.), \u00a7 4b pkt 1 rozporz\u0105dzenia Ministra Edukacji Narodowej z dnia 11 marca 2020 r. w sprawie czasowego ograniczenia funkcjonowania jednostek systemu o\u015bwiaty w zwi\u0105zku z zapobieganiem, przeciwdzia\u0142aniem i zwalczaniem COVID-19 (Dz. U. poz. 410), \u00a7 14 rozporz\u0105dzenia Ministra Edukacji Narodowej z dnia 20 marca 2020 r. w sprawie szczeg\u00f3lnych rozwi\u0105za\u0144  w okresie czasowego ograniczenia funkcjonowania jednostek systemu o\u015bwiaty w zwi\u0105zku <br> z zapobieganiem, przeciwdzia\u0142aniem i zwalczaniem COVID-19 (Dz. U. poz. 493), po uzyskaniu zgody organu prowadz\u0105cego <\/p>\n\n\n\n<p><strong>zarz\u0105dzam,\nco nast\u0119puje:<\/strong><\/p>\n\n\n\n<p style=\"text-align:center\"><strong>\u00a7&nbsp;1.<\/strong><\/p>\n\n\n\n<p>1. Zawiesza si\u0119 na czas oznaczony prowadzenie dzia\u0142alno\u015bci dydaktycznej, wychowawczej i opieku\u0144czej Przedszkola Publicznego w Gromniku\u00a0 i Szko\u0142y Podstawowej im Wincentego Witosa w Gromniku oraz Oddzia\u0142\u00f3w Przedszkolnych i Szk\u00f3\u0142 Filialnych w Golance i w Polichtach, w okresie od dnia 25 maja 2020 r. do dnia 29 maja 2020 r. w zwi\u0105zku z zapobieganiem, przeciwdzia\u0142aniem i zwalczaniem COVID-19.<\/p>\n\n\n\n<p>2. W okresie czasowego zawieszenia zaj\u0119\u0107, o kt\u00f3rym mowa w ust. 1, zadania Przedszkola Publicznego w Gromniku, Szko\u0142y Podstawowej im Wincentego Witosa w Gromniku i Oddzia\u0142\u00f3w Przedszkolnych oraz Szk\u00f3\u0142 Filialnych <br>w Golance i w Polichtach, s\u0105 prowadzone z wykorzystaniem metod <br>i technik kszta\u0142cenia na odleg\u0142o\u015b\u0107.<\/p>\n\n\n\n<p style=\"text-align:center\"><strong>\u00a7&nbsp;2.<\/strong><\/p>\n\n\n\n<p>Zarz\u0105dzenie podlega og\u0142oszeniu na stronie internetowej Zespo\u0142u Szk\u00f3\u0142 <br>w Gromniku oraz na tablicy og\u0142osze\u0144 Przedszkola Publicznego w Gromniku.<\/p>\n\n\n\n<p style=\"text-align:center\"><strong>\u00a7&nbsp;3.<\/strong><\/p>\n\n\n\n<p>Zarz\u0105dzenie wchodzi w \u017cycie z dniem podpisania.<\/p>\n\n\n\n<p style=\"text-align:right\">Ewa Bia\u0142kowska<\/p>\n","protected":false},"excerpt":{"rendered":"<p>Zarz\u0105dzenie nr 8 Dyrektora Zespo\u0142u Szk\u00f3\u0142 w Gromniku z dnia 25 maja 2020 r. w sprawie czasowego zawieszenia zaj\u0119\u0107 w Przedszkolu Publicznym w Gromniku i w Szkole\u00a0 Podstawowej im. Wincentego Witosa w Gromniku oraz w Oddzia\u0142ach Przedszkolnych i w Szko\u0142ach Filialnych w Golance i w Polichtach, w zwi\u0105zku z zapobieganiem, przeciwdzia\u0142aniem i zwalczaniem COVID-19<\/p>\n","protected":false},"author":1,"featured_media":0,"comment_status":"closed","ping_status":"open","sticky":false,"template":"","format":"standard","meta":[],"categories":[3],"tags":[],"yoast_head":"<!-- This site is optimized with the Yoast SEO plugin v19.8 - https:\/\/yoast.com\/wordpress\/plugins\/seo\/ -->\n<title>Zarz\u0105dzenie - Zesp\u00f3\u0142 Szk\u00f3\u0142 w Gromniku<\/title>\n<meta name=\"description\" content=\"Zesp\u00f3\u0142 Szk\u00f3\u0142 w Gromniku\" \/>\n<meta name=\"robots\" content=\"index, follow, max-snippet:-1, max-image-preview:large, max-video-preview:-1\" \/>\n<link rel=\"canonical\" href=\"http:\/\/zs.gromnik.pl\/zs\/zarzadzenie-2\/\" \/>\n<meta property=\"og:locale\" content=\"pl_PL\" \/>\n<meta property=\"og:type\" content=\"article\" \/>\n<meta property=\"og:title\" content=\"Zarz\u0105dzenie - Zesp\u00f3\u0142 Szk\u00f3\u0142 w Gromniku\" \/>\n<meta property=\"og:description\" content=\"Zesp\u00f3\u0142 Szk\u00f3\u0142 w Gromniku\" \/>\n<meta property=\"og:url\" content=\"http:\/\/zs.gromnik.pl\/zs\/zarzadzenie-2\/\" \/>\n<meta property=\"og:site_name\" content=\"Zesp\u00f3\u0142 Szk\u00f3\u0142 w Gromniku\" \/>\n<meta property=\"article:publisher\" content=\"https:\/\/www.facebook.com\/zsgromnik\" \/>\n<meta property=\"article:published_time\" content=\"2020-05-26T12:36:05+00:00\" \/>\n<meta property=\"article:modified_time\" content=\"2020-05-26T12:36:07+00:00\" \/>\n<meta name=\"author\" content=\"admin\" \/>\n<meta name=\"twitter:card\" content=\"summary_large_image\" \/>\n<meta name=\"twitter:label1\" content=\"Napisane przez\" \/>\n\t<meta name=\"twitter:data1\" content=\"admin\" \/>\n\t<meta name=\"twitter:label2\" content=\"Szacowany czas czytania\" \/>\n\t<meta name=\"twitter:data2\" content=\"2 minuty\" \/>\n<script type=\"application\/ld+json\" class=\"yoast-schema-graph\">{\"@context\":\"https:\/\/schema.org\",\"@graph\":[{\"@type\":\"WebPage\",\"@id\":\"http:\/\/zs.gromnik.pl\/zs\/zarzadzenie-2\/\",\"url\":\"http:\/\/zs.gromnik.pl\/zs\/zarzadzenie-2\/\",\"name\":\"Zarz\u0105dzenie - Zesp\u00f3\u0142 Szk\u00f3\u0142 w Gromniku\",\"isPartOf\":{\"@id\":\"https:\/\/zs.gromnik.pl\/zs\/#website\"},\"datePublished\":\"2020-05-26T12:36:05+00:00\",\"dateModified\":\"2020-05-26T12:36:07+00:00\",\"author\":{\"@id\":\"https:\/\/zs.gromnik.pl\/zs\/#\/schema\/person\/b197900f67c6133faddc284ae32f97ca\"},\"description\":\"Zesp\u00f3\u0142 Szk\u00f3\u0142 w Gromniku\",\"breadcrumb\":{\"@id\":\"http:\/\/zs.gromnik.pl\/zs\/zarzadzenie-2\/#breadcrumb\"},\"inLanguage\":\"pl-PL\",\"potentialAction\":[{\"@type\":\"ReadAction\",\"target\":[\"http:\/\/zs.gromnik.pl\/zs\/zarzadzenie-2\/\"]}]},{\"@type\":\"BreadcrumbList\",\"@id\":\"http:\/\/zs.gromnik.pl\/zs\/zarzadzenie-2\/#breadcrumb\",\"itemListElement\":[{\"@type\":\"ListItem\",\"position\":1,\"name\":\"Strona g\u0142\u00f3wna\",\"item\":\"https:\/\/zs.gromnik.pl\/zs\/\"},{\"@type\":\"ListItem\",\"position\":2,\"name\":\"Zarz\u0105dzenie\"}]},{\"@type\":\"WebSite\",\"@id\":\"https:\/\/zs.gromnik.pl\/zs\/#website\",\"url\":\"https:\/\/zs.gromnik.pl\/zs\/\",\"name\":\"Zesp\u00f3\u0142 Szk\u00f3\u0142 w Gromniku\",\"description\":\"\",\"potentialAction\":[{\"@type\":\"SearchAction\",\"target\":{\"@type\":\"EntryPoint\",\"urlTemplate\":\"https:\/\/zs.gromnik.pl\/zs\/?s={search_term_string}\"},\"query-input\":\"required name=search_term_string\"}],\"inLanguage\":\"pl-PL\"},{\"@type\":\"Person\",\"@id\":\"https:\/\/zs.gromnik.pl\/zs\/#\/schema\/person\/b197900f67c6133faddc284ae32f97ca\",\"name\":\"admin\",\"image\":{\"@type\":\"ImageObject\",\"inLanguage\":\"pl-PL\",\"@id\":\"https:\/\/zs.gromnik.pl\/zs\/#\/schema\/person\/image\/\",\"url\":\"http:\/\/0.gravatar.com\/avatar\/f8a2f876dbcc8c8edd809a8ca77a2abe?s=96&d=mm&r=g\",\"contentUrl\":\"http:\/\/0.gravatar.com\/avatar\/f8a2f876dbcc8c8edd809a8ca77a2abe?s=96&d=mm&r=g\",\"caption\":\"admin\"},\"url\":\"http:\/\/zs.gromnik.pl\/zs\/author\/admin\/\"}]}<\/script>\n<!-- \/ Yoast SEO plugin. -->","yoast_head_json":{"title":"Zarz\u0105dzenie - Zesp\u00f3\u0142 Szk\u00f3\u0142 w Gromniku","description":"Zesp\u00f3\u0142 Szk\u00f3\u0142 w Gromniku","robots":{"index":"index","follow":"follow","max-snippet":"max-snippet:-1","max-image-preview":"max-image-preview:large","max-video-preview":"max-video-preview:-1"},"canonical":"http:\/\/zs.gromnik.pl\/zs\/zarzadzenie-2\/","og_locale":"pl_PL","og_type":"article","og_title":"Zarz\u0105dzenie - Zesp\u00f3\u0142 Szk\u00f3\u0142 w Gromniku","og_description":"Zesp\u00f3\u0142 Szk\u00f3\u0142 w Gromniku","og_url":"http:\/\/zs.gromnik.pl\/zs\/zarzadzenie-2\/","og_site_name":"Zesp\u00f3\u0142 Szk\u00f3\u0142 w Gromniku","article_publisher":"https:\/\/www.facebook.com\/zsgromnik","article_published_time":"2020-05-26T12:36:05+00:00","article_modified_time":"2020-05-26T12:36:07+00:00","author":"admin","twitter_card":"summary_large_image","twitter_misc":{"Napisane przez":"admin","Szacowany czas czytania":"2 minuty"},"schema":{"@context":"https:\/\/schema.org","@graph":[{"@type":"WebPage","@id":"http:\/\/zs.gromnik.pl\/zs\/zarzadzenie-2\/","url":"http:\/\/zs.gromnik.pl\/zs\/zarzadzenie-2\/","name":"Zarz\u0105dzenie - Zesp\u00f3\u0142 Szk\u00f3\u0142 w Gromniku","isPartOf":{"@id":"https:\/\/zs.gromnik.pl\/zs\/#website"},"datePublished":"2020-05-26T12:36:05+00:00","dateModified":"2020-05-26T12:36:07+00:00","author":{"@id":"https:\/\/zs.gromnik.pl\/zs\/#\/schema\/person\/b197900f67c6133faddc284ae32f97ca"},"description":"Zesp\u00f3\u0142 Szk\u00f3\u0142 w Gromniku","breadcrumb":{"@id":"http:\/\/zs.gromnik.pl\/zs\/zarzadzenie-2\/#breadcrumb"},"inLanguage":"pl-PL","potentialAction":[{"@type":"ReadAction","target":["http:\/\/zs.gromnik.pl\/zs\/zarzadzenie-2\/"]}]},{"@type":"BreadcrumbList","@id":"http:\/\/zs.gromnik.pl\/zs\/zarzadzenie-2\/#breadcrumb","itemListElement":[{"@type":"ListItem","position":1,"name":"Strona g\u0142\u00f3wna","item":"https:\/\/zs.gromnik.pl\/zs\/"},{"@type":"ListItem","position":2,"name":"Zarz\u0105dzenie"}]},{"@type":"WebSite","@id":"https:\/\/zs.gromnik.pl\/zs\/#website","url":"https:\/\/zs.gromnik.pl\/zs\/","name":"Zesp\u00f3\u0142 Szk\u00f3\u0142 w Gromniku","description":"","potentialAction":[{"@type":"SearchAction","target":{"@type":"EntryPoint","urlTemplate":"https:\/\/zs.gromnik.pl\/zs\/?s={search_term_string}"},"query-input":"required name=search_term_string"}],"inLanguage":"pl-PL"},{"@type":"Person","@id":"https:\/\/zs.gromnik.pl\/zs\/#\/schema\/person\/b197900f67c6133faddc284ae32f97ca","name":"admin","image":{"@type":"ImageObject","inLanguage":"pl-PL","@id":"https:\/\/zs.gromnik.pl\/zs\/#\/schema\/person\/image\/","url":"http:\/\/0.gravatar.com\/avatar\/f8a2f876dbcc8c8edd809a8ca77a2abe?s=96&d=mm&r=g","contentUrl":"http:\/\/0.gravatar.com\/avatar\/f8a2f876dbcc8c8edd809a8ca77a2abe?s=96&d=mm&r=g","caption":"admin"},"url":"http:\/\/zs.gromnik.pl\/zs\/author\/admin\/"}]}},"_links":{"self":[{"href":"http:\/\/zs.gromnik.pl\/zs\/wp-json\/wp\/v2\/posts\/7388"}],"collection":[{"href":"http:\/\/zs.gromnik.pl\/zs\/wp-json\/wp\/v2\/posts"}],"about":[{"href":"http:\/\/zs.gromnik.pl\/zs\/wp-json\/wp\/v2\/types\/post"}],"author":[{"embeddable":true,"href":"http:\/\/zs.gromnik.pl\/zs\/wp-json\/wp\/v2\/users\/1"}],"replies":[{"embeddable":true,"href":"http:\/\/zs.gromnik.pl\/zs\/wp-json\/wp\/v2\/comments?post=7388"}],"version-history":[{"count":1,"href":"http:\/\/zs.gromnik.pl\/zs\/wp-json\/wp\/v2\/posts\/7388\/revisions"}],"predecessor-version":[{"id":7389,"href":"http:\/\/zs.gromnik.pl\/zs\/wp-json\/wp\/v2\/posts\/7388\/revisions\/7389"}],"wp:attachment":[{"href":"http:\/\/zs.gromnik.pl\/zs\/wp-json\/wp\/v2\/media?parent=7388"}],"wp:term":[{"taxonomy":"category","embeddable":true,"href":"http:\/\/zs.gromnik.pl\/zs\/wp-json\/wp\/v2\/categories?post=7388"},{"taxonomy":"post_tag","embeddable":true,"href":"http:\/\/zs.gromnik.pl\/zs\/wp-json\/wp\/v2\/tags?post=7388"}],"curies":[{"name":"wp","href":"https:\/\/api.w.org\/{rel}","templated":true}]}}