{"id":8154,"date":"2020-08-31T08:29:32","date_gmt":"2020-08-31T06:29:32","guid":{"rendered":"http:\/\/www.zs.gromnik.pl\/zs\/?p=8154"},"modified":"2020-08-31T15:19:32","modified_gmt":"2020-08-31T13:19:32","slug":"rozpoczecie-roku-szkolnego-2020-2021","status":"publish","type":"post","link":"http:\/\/zs.gromnik.pl\/zs\/rozpoczecie-roku-szkolnego-2020-2021\/","title":{"rendered":"Rozpocz\u0119cie roku szkolnego 2020\/2021"},"content":{"rendered":"\n<p>Rozpocz\u0119cie roku szkolnego 2020\/2021 dla klas II-VIII rozpocznie si\u0119 o godz. 9.00. Uczniowie po przyj\u015bciu do szko\u0142y udaj\u0105 si\u0119 bezpo\u015brednio do wyznaczonych sal. Klasy pierwsze zapraszamy wg harmonogramu:<\/p>\n\n\n\n<ul><li>godz. 9.15 &#8211; klasa I a (dzieci wg list od nr 1 do 12)<\/li><li>godz. 10.10 &#8211; klasa I a (nr 13 &#8211; 25)<\/li><li>godz. 11.05 &#8211; klasa I b (nr 1 &#8211; 12)<\/li><li>godz. 12.00 &#8211; klasa I b (nr 13 &#8211; 25)<\/li><li>godz. 9.00 &#8211; klasa II a<\/li><li>godz. 8.15 &#8211; klasa II b<\/li><li>godz. 9.00 &#8211; klasa III a<\/li><li>godz. 10.00 &#8211; klasa III b<\/li><\/ul>\n\n\n\n<p>Pozosta\u0142e klasy godz. 9.00<\/p>\n\n\n\n<p>Prosimy r\u00f3wnie\u017c o wype\u0142nienie i dostarczenie zgody na pomiar temperatury ucznia  <\/p>\n\n\n\n<div class=\"wp-block-file\"><a href=\"http:\/\/www.zs.gromnik.pl\/zs\/wp-content\/uploads\/2020\/08\/zgoda_na_pomiar_temperatury_ciala_u_dziecka.pdf\">zgoda_na_pomiar_temperatury_ciala_u_dziecka<\/a><\/div>\n\n\n\n<p><strong>Przywozy<\/strong><\/p>\n\n\n\n<p>Golanka &#8211; 8:15<\/p>\n\n\n\n<p>Polichty  &#8211; 8:35<\/p>\n\n\n\n<p>Odwozy &#8211; 10:00<\/p>\n\n\n\n<!--more-->\n","protected":false},"excerpt":{"rendered":"<p>Rozpocz\u0119cie roku szkolnego 2020\/2021 dla klas II-VIII rozpocznie si\u0119 o godz. 9.00. Uczniowie po przyj\u015bciu do szko\u0142y udaj\u0105 si\u0119 bezpo\u015brednio do wyznaczonych sal. Klasy pierwsze zapraszamy wg harmonogramu: godz. 9.15 &#8211; klasa I a (dzieci wg list od nr 1 do 12) godz. 10.10 &#8211; klasa I a (nr 13 &#8211; 25) godz. 11.05 &#8211; klasa I b (nr 1 &#8211; 12) godz. 12.00 &#8211; klasa I b (nr 13 &#8211; 25) godz. 9.00 &#8211; klasa II a godz. 8.15 &#8211; klasa II b godz. 9.00 &#8211; klasa III a godz. 10.00 &#8211; klasa III b Pozosta\u0142e klasy godz. 9.00 Prosimy r\u00f3wnie\u017c o wype\u0142nienie i dostarczenie zgody na pomiar temperatury ucznia zgoda_na_pomiar_temperatury_ciala_u_dziecka Przywozy Golanka &#8211; 8:15 Polichty &#8211; 8:35 Odwozy &#8211; 10:00<\/p>\n","protected":false},"author":1,"featured_media":0,"comment_status":"closed","ping_status":"open","sticky":false,"template":"","format":"standard","meta":[],"categories":[3],"tags":[],"yoast_head":"<!-- This site is optimized with the Yoast SEO plugin v19.8 - https:\/\/yoast.com\/wordpress\/plugins\/seo\/ -->\n<title>Rozpocz\u0119cie roku szkolnego 2020\/2021 - Zesp\u00f3\u0142 Szk\u00f3\u0142 w Gromniku<\/title>\n<meta name=\"description\" content=\"Zesp\u00f3\u0142 Szk\u00f3\u0142 w Gromniku\" \/>\n<meta name=\"robots\" content=\"index, follow, max-snippet:-1, max-image-preview:large, max-video-preview:-1\" \/>\n<link rel=\"canonical\" href=\"http:\/\/zs.gromnik.pl\/zs\/rozpoczecie-roku-szkolnego-2020-2021\/\" \/>\n<meta property=\"og:locale\" content=\"pl_PL\" \/>\n<meta property=\"og:type\" content=\"article\" \/>\n<meta property=\"og:title\" content=\"Rozpocz\u0119cie roku szkolnego 2020\/2021 - Zesp\u00f3\u0142 Szk\u00f3\u0142 w Gromniku\" \/>\n<meta property=\"og:description\" content=\"Zesp\u00f3\u0142 Szk\u00f3\u0142 w Gromniku\" \/>\n<meta property=\"og:url\" content=\"http:\/\/zs.gromnik.pl\/zs\/rozpoczecie-roku-szkolnego-2020-2021\/\" \/>\n<meta property=\"og:site_name\" content=\"Zesp\u00f3\u0142 Szk\u00f3\u0142 w Gromniku\" \/>\n<meta property=\"article:publisher\" content=\"https:\/\/www.facebook.com\/zsgromnik\" \/>\n<meta property=\"article:published_time\" content=\"2020-08-31T06:29:32+00:00\" \/>\n<meta property=\"article:modified_time\" content=\"2020-08-31T13:19:32+00:00\" \/>\n<meta name=\"author\" content=\"admin\" \/>\n<meta name=\"twitter:card\" content=\"summary_large_image\" \/>\n<meta name=\"twitter:label1\" content=\"Napisane przez\" \/>\n\t<meta name=\"twitter:data1\" content=\"admin\" \/>\n\t<meta name=\"twitter:label2\" content=\"Szacowany czas czytania\" \/>\n\t<meta name=\"twitter:data2\" content=\"1 minuta\" \/>\n<script type=\"application\/ld+json\" class=\"yoast-schema-graph\">{\"@context\":\"https:\/\/schema.org\",\"@graph\":[{\"@type\":\"WebPage\",\"@id\":\"http:\/\/zs.gromnik.pl\/zs\/rozpoczecie-roku-szkolnego-2020-2021\/\",\"url\":\"http:\/\/zs.gromnik.pl\/zs\/rozpoczecie-roku-szkolnego-2020-2021\/\",\"name\":\"Rozpocz\u0119cie roku szkolnego 2020\/2021 - Zesp\u00f3\u0142 Szk\u00f3\u0142 w Gromniku\",\"isPartOf\":{\"@id\":\"https:\/\/zs.gromnik.pl\/zs\/#website\"},\"datePublished\":\"2020-08-31T06:29:32+00:00\",\"dateModified\":\"2020-08-31T13:19:32+00:00\",\"author\":{\"@id\":\"https:\/\/zs.gromnik.pl\/zs\/#\/schema\/person\/b197900f67c6133faddc284ae32f97ca\"},\"description\":\"Zesp\u00f3\u0142 Szk\u00f3\u0142 w Gromniku\",\"breadcrumb\":{\"@id\":\"http:\/\/zs.gromnik.pl\/zs\/rozpoczecie-roku-szkolnego-2020-2021\/#breadcrumb\"},\"inLanguage\":\"pl-PL\",\"potentialAction\":[{\"@type\":\"ReadAction\",\"target\":[\"http:\/\/zs.gromnik.pl\/zs\/rozpoczecie-roku-szkolnego-2020-2021\/\"]}]},{\"@type\":\"BreadcrumbList\",\"@id\":\"http:\/\/zs.gromnik.pl\/zs\/rozpoczecie-roku-szkolnego-2020-2021\/#breadcrumb\",\"itemListElement\":[{\"@type\":\"ListItem\",\"position\":1,\"name\":\"Strona g\u0142\u00f3wna\",\"item\":\"https:\/\/zs.gromnik.pl\/zs\/\"},{\"@type\":\"ListItem\",\"position\":2,\"name\":\"Rozpocz\u0119cie roku szkolnego 2020\/2021\"}]},{\"@type\":\"WebSite\",\"@id\":\"https:\/\/zs.gromnik.pl\/zs\/#website\",\"url\":\"https:\/\/zs.gromnik.pl\/zs\/\",\"name\":\"Zesp\u00f3\u0142 Szk\u00f3\u0142 w Gromniku\",\"description\":\"\",\"potentialAction\":[{\"@type\":\"SearchAction\",\"target\":{\"@type\":\"EntryPoint\",\"urlTemplate\":\"https:\/\/zs.gromnik.pl\/zs\/?s={search_term_string}\"},\"query-input\":\"required name=search_term_string\"}],\"inLanguage\":\"pl-PL\"},{\"@type\":\"Person\",\"@id\":\"https:\/\/zs.gromnik.pl\/zs\/#\/schema\/person\/b197900f67c6133faddc284ae32f97ca\",\"name\":\"admin\",\"image\":{\"@type\":\"ImageObject\",\"inLanguage\":\"pl-PL\",\"@id\":\"https:\/\/zs.gromnik.pl\/zs\/#\/schema\/person\/image\/\",\"url\":\"http:\/\/0.gravatar.com\/avatar\/f8a2f876dbcc8c8edd809a8ca77a2abe?s=96&d=mm&r=g\",\"contentUrl\":\"http:\/\/0.gravatar.com\/avatar\/f8a2f876dbcc8c8edd809a8ca77a2abe?s=96&d=mm&r=g\",\"caption\":\"admin\"},\"url\":\"http:\/\/zs.gromnik.pl\/zs\/author\/admin\/\"}]}<\/script>\n<!-- \/ Yoast SEO plugin. -->","yoast_head_json":{"title":"Rozpocz\u0119cie roku szkolnego 2020\/2021 - Zesp\u00f3\u0142 Szk\u00f3\u0142 w Gromniku","description":"Zesp\u00f3\u0142 Szk\u00f3\u0142 w Gromniku","robots":{"index":"index","follow":"follow","max-snippet":"max-snippet:-1","max-image-preview":"max-image-preview:large","max-video-preview":"max-video-preview:-1"},"canonical":"http:\/\/zs.gromnik.pl\/zs\/rozpoczecie-roku-szkolnego-2020-2021\/","og_locale":"pl_PL","og_type":"article","og_title":"Rozpocz\u0119cie roku szkolnego 2020\/2021 - Zesp\u00f3\u0142 Szk\u00f3\u0142 w Gromniku","og_description":"Zesp\u00f3\u0142 Szk\u00f3\u0142 w Gromniku","og_url":"http:\/\/zs.gromnik.pl\/zs\/rozpoczecie-roku-szkolnego-2020-2021\/","og_site_name":"Zesp\u00f3\u0142 Szk\u00f3\u0142 w Gromniku","article_publisher":"https:\/\/www.facebook.com\/zsgromnik","article_published_time":"2020-08-31T06:29:32+00:00","article_modified_time":"2020-08-31T13:19:32+00:00","author":"admin","twitter_card":"summary_large_image","twitter_misc":{"Napisane przez":"admin","Szacowany czas czytania":"1 minuta"},"schema":{"@context":"https:\/\/schema.org","@graph":[{"@type":"WebPage","@id":"http:\/\/zs.gromnik.pl\/zs\/rozpoczecie-roku-szkolnego-2020-2021\/","url":"http:\/\/zs.gromnik.pl\/zs\/rozpoczecie-roku-szkolnego-2020-2021\/","name":"Rozpocz\u0119cie roku szkolnego 2020\/2021 - Zesp\u00f3\u0142 Szk\u00f3\u0142 w Gromniku","isPartOf":{"@id":"https:\/\/zs.gromnik.pl\/zs\/#website"},"datePublished":"2020-08-31T06:29:32+00:00","dateModified":"2020-08-31T13:19:32+00:00","author":{"@id":"https:\/\/zs.gromnik.pl\/zs\/#\/schema\/person\/b197900f67c6133faddc284ae32f97ca"},"description":"Zesp\u00f3\u0142 Szk\u00f3\u0142 w Gromniku","breadcrumb":{"@id":"http:\/\/zs.gromnik.pl\/zs\/rozpoczecie-roku-szkolnego-2020-2021\/#breadcrumb"},"inLanguage":"pl-PL","potentialAction":[{"@type":"ReadAction","target":["http:\/\/zs.gromnik.pl\/zs\/rozpoczecie-roku-szkolnego-2020-2021\/"]}]},{"@type":"BreadcrumbList","@id":"http:\/\/zs.gromnik.pl\/zs\/rozpoczecie-roku-szkolnego-2020-2021\/#breadcrumb","itemListElement":[{"@type":"ListItem","position":1,"name":"Strona g\u0142\u00f3wna","item":"https:\/\/zs.gromnik.pl\/zs\/"},{"@type":"ListItem","position":2,"name":"Rozpocz\u0119cie roku szkolnego 2020\/2021"}]},{"@type":"WebSite","@id":"https:\/\/zs.gromnik.pl\/zs\/#website","url":"https:\/\/zs.gromnik.pl\/zs\/","name":"Zesp\u00f3\u0142 Szk\u00f3\u0142 w Gromniku","description":"","potentialAction":[{"@type":"SearchAction","target":{"@type":"EntryPoint","urlTemplate":"https:\/\/zs.gromnik.pl\/zs\/?s={search_term_string}"},"query-input":"required name=search_term_string"}],"inLanguage":"pl-PL"},{"@type":"Person","@id":"https:\/\/zs.gromnik.pl\/zs\/#\/schema\/person\/b197900f67c6133faddc284ae32f97ca","name":"admin","image":{"@type":"ImageObject","inLanguage":"pl-PL","@id":"https:\/\/zs.gromnik.pl\/zs\/#\/schema\/person\/image\/","url":"http:\/\/0.gravatar.com\/avatar\/f8a2f876dbcc8c8edd809a8ca77a2abe?s=96&d=mm&r=g","contentUrl":"http:\/\/0.gravatar.com\/avatar\/f8a2f876dbcc8c8edd809a8ca77a2abe?s=96&d=mm&r=g","caption":"admin"},"url":"http:\/\/zs.gromnik.pl\/zs\/author\/admin\/"}]}},"_links":{"self":[{"href":"http:\/\/zs.gromnik.pl\/zs\/wp-json\/wp\/v2\/posts\/8154"}],"collection":[{"href":"http:\/\/zs.gromnik.pl\/zs\/wp-json\/wp\/v2\/posts"}],"about":[{"href":"http:\/\/zs.gromnik.pl\/zs\/wp-json\/wp\/v2\/types\/post"}],"author":[{"embeddable":true,"href":"http:\/\/zs.gromnik.pl\/zs\/wp-json\/wp\/v2\/users\/1"}],"replies":[{"embeddable":true,"href":"http:\/\/zs.gromnik.pl\/zs\/wp-json\/wp\/v2\/comments?post=8154"}],"version-history":[{"count":4,"href":"http:\/\/zs.gromnik.pl\/zs\/wp-json\/wp\/v2\/posts\/8154\/revisions"}],"predecessor-version":[{"id":8164,"href":"http:\/\/zs.gromnik.pl\/zs\/wp-json\/wp\/v2\/posts\/8154\/revisions\/8164"}],"wp:attachment":[{"href":"http:\/\/zs.gromnik.pl\/zs\/wp-json\/wp\/v2\/media?parent=8154"}],"wp:term":[{"taxonomy":"category","embeddable":true,"href":"http:\/\/zs.gromnik.pl\/zs\/wp-json\/wp\/v2\/categories?post=8154"},{"taxonomy":"post_tag","embeddable":true,"href":"http:\/\/zs.gromnik.pl\/zs\/wp-json\/wp\/v2\/tags?post=8154"}],"curies":[{"name":"wp","href":"https:\/\/api.w.org\/{rel}","templated":true}]}}