{"id":8182,"date":"2020-08-31T21:58:42","date_gmt":"2020-08-31T19:58:42","guid":{"rendered":"http:\/\/www.zs.gromnik.pl\/zs\/?p=8182"},"modified":"2020-09-05T07:01:10","modified_gmt":"2020-09-05T05:01:10","slug":"platnosci-za-przedszkole","status":"publish","type":"post","link":"http:\/\/zs.gromnik.pl\/zs\/platnosci-za-przedszkole\/","title":{"rendered":"P\u0142atno\u015bci zwi\u0105zane z przedszkolem (rozwi\u0144 artyku\u0142)"},"content":{"rendered":"\n<!--more-->\n\n\n\n<ul><li>Religia: <\/li><\/ul>\n\n\n\n<p>&#8211; gr. I \u2013 <strong>2 z\u0142<\/strong> \u2013 na obrazki<\/p>\n\n\n\n<p>&#8211; gr. II \u2013 <strong>10 z\u0142<\/strong> \u2013 katechizm<\/p>\n\n\n\n<p>&#8211; gr. III &#8211; VI &#8211; <strong>11 z\u0142<\/strong> \u2013 katechizm<\/p>\n\n\n\n<ul><li>Ksi\u0105\u017cki: <\/li><\/ul>\n\n\n\n<p>&#8211; 4 -latki &#8211; <strong>93 z\u0142<\/strong><\/p>\n\n\n\n<p>&#8211; 5-6-latki \u2013 <strong>136 z\u0142<\/strong><\/p>\n\n\n\n<ul><li>Ubezpieczenie: <strong>22 z\u0142 <\/strong>od dziecka<\/li><\/ul>\n\n\n\n<ul><li>Wyprawka\n(farby, plastelina, bloki, papier kolorowy, bibu\u0142a, kleje, art. dekoracyjne itp.)\n&#8211; <strong>5 z\u0142 co miesi\u0105c<\/strong><\/li><li>Sk\u0142adka na Komitet\nRady Rodzic\u00f3w \u2013 <strong>35 z\u0142<\/strong><\/li><\/ul>\n\n\n\n<ul><li>Woda- <strong>3,50 z\u0142 od dziecka na miesi\u0105c<\/strong><\/li><\/ul>\n\n\n\n<div style=\"height:16px\" aria-hidden=\"true\" class=\"wp-block-spacer\"><\/div>\n\n\n\n<p><strong>Odp\u0142atno\u015b\u0107 za pobyt i \u017cywienie dziecka\nw przedszkolu<\/strong><\/p>\n\n\n\n<p>Od 1 wrze\u015bnia 2020r. op\u0142aty za \u017cywienie i op\u0142ata za\ngodziny dziecka w Przedszkolu Publicznym w Gromniku b\u0119d\u0105 przyjmowane do 10 dnia\nka\u017cdego miesi\u0105ca <strong>przelewem na konto!<\/strong><\/p>\n\n\n\n<p><strong>DANE DO PRZELEWU:<\/strong><\/p>\n\n\n\n<p>Odbiorca: Gmina Gromnik<\/p>\n\n\n\n<p>&nbsp;&nbsp;&nbsp;&nbsp;&nbsp;&nbsp;&nbsp;&nbsp;&nbsp;&nbsp;&nbsp;&nbsp;&nbsp;&nbsp;&nbsp;&nbsp; ul. W. Witosa 2<\/p>\n\n\n\n<p>&nbsp;&nbsp;&nbsp;&nbsp;&nbsp;&nbsp;&nbsp;&nbsp;&nbsp;&nbsp;&nbsp;&nbsp;&nbsp;&nbsp;&nbsp;&nbsp; 33-180 Gromnik<\/p>\n\n\n\n<p>Nr konta:&nbsp;\n91858900060210025016610001<\/p>\n\n\n\n<p><strong>Tytu\u0142:<\/strong>&nbsp;&nbsp;&nbsp;&nbsp;&nbsp;&nbsp; &nbsp;PP, imi\u0119 i nazwisko dziecka, kwota p\u0142atno\u015bci za \u017cywienie, kwota p\u0142atno\u015bci za godziny <\/p>\n\n\n\n<p><strong>Kwota do zap\u0142aty:&nbsp;<\/strong>&nbsp;&nbsp;&nbsp; &nbsp;suma kwot za \u017cywienie i godziny<\/p>\n\n\n\n<p>P\u0142atno\u015bci nale\u017cy dokona\u0107 jednym przelewem.<\/p>\n\n\n\n<p> <strong>Termin p\u0142atno\u015bci: do 10.09.2020 r.<\/strong><\/p>\n\n\n\n<div style=\"height:25px\" aria-hidden=\"true\" class=\"wp-block-spacer\"><\/div>\n\n\n\n<p><strong>Odp\u0142atno\u015b\u0107 za pobyt dziecka w\nprzedszkolu <\/strong><\/p>\n\n\n\n<ul><li><strong>Op\u0142ata za pobyt dziecka<\/strong> &nbsp; w przedszkolu pobierana jest zgodnie z&nbsp; zadeklarowan\u0105 ilo\u015bci\u0105 godzin przez rodzica.<\/li><\/ul>\n\n\n\n<p>Op\u0142acie podlega pobyt dziecka\n3,4,5,6 letniego w przedszkolu w godzinach: 7.00 \u2013 8.00, 13.00 \u2013 16.00&nbsp; <\/p>\n\n\n\n<ul><li>Koszt\njednostkowy za ka\u017cd\u0105 rozpocz\u0119ta godzin\u0119 ponad podstaw\u0119 programow\u0105 wynosi <strong>1,00 z\u0142 <\/strong><\/li><li>Czas pobytu\ndziecka w przedszkolu od 8.00-13.00 jest czasem bezp\u0142atnym, w kt\u00f3rym realizuje\nsi\u0119 podstaw\u0119 programow\u0105.<\/li><li>Op\u0142aty za\npobyt pobiera si\u0119 za miniony miesi\u0105c tj. op\u0142ata za pobyt dziecka we wrze\u015bniu\nb\u0119dzie pobierana w pa\u017adzierniku. Op\u0142at\u0119 pobiera si\u0119 obliczaj\u0105c ilo\u015b\u0107 godzin\npobytu dziecka w przedszkolu w danym miesi\u0105cu.<\/li><\/ul>\n\n\n\n<p><strong>Op\u0142aty za\n\u017cywienie \/stawka dzienna\/:<\/strong><\/p>\n\n\n\n<ul><li>3 posi\u0142ki\n\u20135,50<\/li><li>2 posi\u0142ki\n\u20134,00<\/li><li>\u015bniadanie\/\npodwieczorek&nbsp; \u20131,70<\/li><li>obiad \u2013&nbsp; 3,00<\/li><\/ul>\n\n\n\n<p><strong>Odp\u0142atno\u015b\u0107 za \u017cywienie na m-c\nwrzesie\u0144 2020r.<\/strong><\/p>\n\n\n\n<ul><li>3 posi\u0142ki \u2013\n22 dni x 5,50 = 121,00<\/li><li>2 posi\u0142ki \u2013\n22 dni x 4,00 = 88,00<\/li><li>\u015bniadanie\/\npodwieczorek&nbsp; \u2013 22&nbsp; dni x 1,70 = 37,40<\/li><li>obiad \u2013&nbsp; 22 dni x 3,00 = 66,00<\/li><\/ul>\n\n\n\n<p>Odp\u0142atno\u015bci&nbsp; za \u017cywienie nale\u017cy dokona\u0107 \u201ez g\u00f3ry\u201d na dany miesi\u0105c. Rozliczenie nast\u0119puje w kolejnym miesi\u0105cu. Prosimy o zg\u0142aszanie ka\u017cdej nieobecno\u015bci dziecka w przedszkolu. Je\u015bli rodzic nie zg\u0142osi odpowiednio wcze\u015bniej pojedynczej nieobecno\u015bci dziecka, nie przys\u0142uguje mu odpis za ten dzie\u0144 z tytu\u0142u \u017cywienia.<\/p>\n\n\n\n<p><strong>W przypadku nieterminowego regulowania nale\u017cno\u015bci za pobyt i \u017cywienie, b\u0119d\u0105 naliczane ustawowe odsetki za zw\u0142ok\u0119.<\/strong><\/p>\n\n\n\n<p><strong>Dzieci, kt\u00f3re nie mia\u0142y odpisu za \u017cywienie w marcu 2020 r. b\u0119d\u0105 mia\u0142y odpis we wrze\u015bniu.<\/strong><\/p>\n","protected":false},"excerpt":{"rendered":"","protected":false},"author":7,"featured_media":0,"comment_status":"closed","ping_status":"open","sticky":false,"template":"","format":"standard","meta":[],"categories":[3,29],"tags":[],"yoast_head":"<!-- This site is optimized with the Yoast SEO plugin v19.8 - https:\/\/yoast.com\/wordpress\/plugins\/seo\/ -->\n<title>P\u0142atno\u015bci zwi\u0105zane z przedszkolem (rozwi\u0144 artyku\u0142) - Zesp\u00f3\u0142 Szk\u00f3\u0142 w Gromniku<\/title>\n<meta name=\"description\" content=\"Zesp\u00f3\u0142 Szk\u00f3\u0142 w Gromniku\" \/>\n<meta name=\"robots\" content=\"index, follow, max-snippet:-1, max-image-preview:large, max-video-preview:-1\" \/>\n<link rel=\"canonical\" href=\"http:\/\/zs.gromnik.pl\/zs\/platnosci-za-przedszkole\/\" \/>\n<meta property=\"og:locale\" content=\"pl_PL\" \/>\n<meta property=\"og:type\" content=\"article\" \/>\n<meta property=\"og:title\" content=\"P\u0142atno\u015bci zwi\u0105zane z przedszkolem (rozwi\u0144 artyku\u0142) - Zesp\u00f3\u0142 Szk\u00f3\u0142 w Gromniku\" \/>\n<meta property=\"og:description\" content=\"Zesp\u00f3\u0142 Szk\u00f3\u0142 w Gromniku\" \/>\n<meta property=\"og:url\" content=\"http:\/\/zs.gromnik.pl\/zs\/platnosci-za-przedszkole\/\" \/>\n<meta property=\"og:site_name\" content=\"Zesp\u00f3\u0142 Szk\u00f3\u0142 w Gromniku\" \/>\n<meta property=\"article:publisher\" content=\"https:\/\/www.facebook.com\/zsgromnik\" \/>\n<meta property=\"article:published_time\" content=\"2020-08-31T19:58:42+00:00\" \/>\n<meta property=\"article:modified_time\" content=\"2020-09-05T05:01:10+00:00\" \/>\n<meta name=\"author\" content=\"Barbara Kubicz\" \/>\n<meta name=\"twitter:card\" content=\"summary_large_image\" \/>\n<meta name=\"twitter:label1\" content=\"Napisane przez\" \/>\n\t<meta name=\"twitter:data1\" content=\"Barbara Kubicz\" \/>\n\t<meta name=\"twitter:label2\" content=\"Szacowany czas czytania\" \/>\n\t<meta name=\"twitter:data2\" content=\"2 minuty\" \/>\n<script type=\"application\/ld+json\" class=\"yoast-schema-graph\">{\"@context\":\"https:\/\/schema.org\",\"@graph\":[{\"@type\":\"WebPage\",\"@id\":\"http:\/\/zs.gromnik.pl\/zs\/platnosci-za-przedszkole\/\",\"url\":\"http:\/\/zs.gromnik.pl\/zs\/platnosci-za-przedszkole\/\",\"name\":\"P\u0142atno\u015bci zwi\u0105zane z przedszkolem (rozwi\u0144 artyku\u0142) - Zesp\u00f3\u0142 Szk\u00f3\u0142 w Gromniku\",\"isPartOf\":{\"@id\":\"https:\/\/zs.gromnik.pl\/zs\/#website\"},\"datePublished\":\"2020-08-31T19:58:42+00:00\",\"dateModified\":\"2020-09-05T05:01:10+00:00\",\"author\":{\"@id\":\"https:\/\/zs.gromnik.pl\/zs\/#\/schema\/person\/7fb2b24b90f39dede6a6b1ad809c8871\"},\"description\":\"Zesp\u00f3\u0142 Szk\u00f3\u0142 w Gromniku\",\"breadcrumb\":{\"@id\":\"http:\/\/zs.gromnik.pl\/zs\/platnosci-za-przedszkole\/#breadcrumb\"},\"inLanguage\":\"pl-PL\",\"potentialAction\":[{\"@type\":\"ReadAction\",\"target\":[\"http:\/\/zs.gromnik.pl\/zs\/platnosci-za-przedszkole\/\"]}]},{\"@type\":\"BreadcrumbList\",\"@id\":\"http:\/\/zs.gromnik.pl\/zs\/platnosci-za-przedszkole\/#breadcrumb\",\"itemListElement\":[{\"@type\":\"ListItem\",\"position\":1,\"name\":\"Strona g\u0142\u00f3wna\",\"item\":\"https:\/\/zs.gromnik.pl\/zs\/\"},{\"@type\":\"ListItem\",\"position\":2,\"name\":\"P\u0142atno\u015bci zwi\u0105zane z przedszkolem (rozwi\u0144 artyku\u0142)\"}]},{\"@type\":\"WebSite\",\"@id\":\"https:\/\/zs.gromnik.pl\/zs\/#website\",\"url\":\"https:\/\/zs.gromnik.pl\/zs\/\",\"name\":\"Zesp\u00f3\u0142 Szk\u00f3\u0142 w Gromniku\",\"description\":\"\",\"potentialAction\":[{\"@type\":\"SearchAction\",\"target\":{\"@type\":\"EntryPoint\",\"urlTemplate\":\"https:\/\/zs.gromnik.pl\/zs\/?s={search_term_string}\"},\"query-input\":\"required name=search_term_string\"}],\"inLanguage\":\"pl-PL\"},{\"@type\":\"Person\",\"@id\":\"https:\/\/zs.gromnik.pl\/zs\/#\/schema\/person\/7fb2b24b90f39dede6a6b1ad809c8871\",\"name\":\"Barbara Kubicz\",\"image\":{\"@type\":\"ImageObject\",\"inLanguage\":\"pl-PL\",\"@id\":\"https:\/\/zs.gromnik.pl\/zs\/#\/schema\/person\/image\/\",\"url\":\"http:\/\/2.gravatar.com\/avatar\/2148a1c13395e11280a430e7a86ac24a?s=96&d=mm&r=g\",\"contentUrl\":\"http:\/\/2.gravatar.com\/avatar\/2148a1c13395e11280a430e7a86ac24a?s=96&d=mm&r=g\",\"caption\":\"Barbara Kubicz\"},\"url\":\"http:\/\/zs.gromnik.pl\/zs\/author\/bkubicz\/\"}]}<\/script>\n<!-- \/ Yoast SEO plugin. -->","yoast_head_json":{"title":"P\u0142atno\u015bci zwi\u0105zane z przedszkolem (rozwi\u0144 artyku\u0142) - Zesp\u00f3\u0142 Szk\u00f3\u0142 w Gromniku","description":"Zesp\u00f3\u0142 Szk\u00f3\u0142 w Gromniku","robots":{"index":"index","follow":"follow","max-snippet":"max-snippet:-1","max-image-preview":"max-image-preview:large","max-video-preview":"max-video-preview:-1"},"canonical":"http:\/\/zs.gromnik.pl\/zs\/platnosci-za-przedszkole\/","og_locale":"pl_PL","og_type":"article","og_title":"P\u0142atno\u015bci zwi\u0105zane z przedszkolem (rozwi\u0144 artyku\u0142) - Zesp\u00f3\u0142 Szk\u00f3\u0142 w Gromniku","og_description":"Zesp\u00f3\u0142 Szk\u00f3\u0142 w Gromniku","og_url":"http:\/\/zs.gromnik.pl\/zs\/platnosci-za-przedszkole\/","og_site_name":"Zesp\u00f3\u0142 Szk\u00f3\u0142 w Gromniku","article_publisher":"https:\/\/www.facebook.com\/zsgromnik","article_published_time":"2020-08-31T19:58:42+00:00","article_modified_time":"2020-09-05T05:01:10+00:00","author":"Barbara Kubicz","twitter_card":"summary_large_image","twitter_misc":{"Napisane przez":"Barbara Kubicz","Szacowany czas czytania":"2 minuty"},"schema":{"@context":"https:\/\/schema.org","@graph":[{"@type":"WebPage","@id":"http:\/\/zs.gromnik.pl\/zs\/platnosci-za-przedszkole\/","url":"http:\/\/zs.gromnik.pl\/zs\/platnosci-za-przedszkole\/","name":"P\u0142atno\u015bci zwi\u0105zane z przedszkolem (rozwi\u0144 artyku\u0142) - Zesp\u00f3\u0142 Szk\u00f3\u0142 w Gromniku","isPartOf":{"@id":"https:\/\/zs.gromnik.pl\/zs\/#website"},"datePublished":"2020-08-31T19:58:42+00:00","dateModified":"2020-09-05T05:01:10+00:00","author":{"@id":"https:\/\/zs.gromnik.pl\/zs\/#\/schema\/person\/7fb2b24b90f39dede6a6b1ad809c8871"},"description":"Zesp\u00f3\u0142 Szk\u00f3\u0142 w Gromniku","breadcrumb":{"@id":"http:\/\/zs.gromnik.pl\/zs\/platnosci-za-przedszkole\/#breadcrumb"},"inLanguage":"pl-PL","potentialAction":[{"@type":"ReadAction","target":["http:\/\/zs.gromnik.pl\/zs\/platnosci-za-przedszkole\/"]}]},{"@type":"BreadcrumbList","@id":"http:\/\/zs.gromnik.pl\/zs\/platnosci-za-przedszkole\/#breadcrumb","itemListElement":[{"@type":"ListItem","position":1,"name":"Strona g\u0142\u00f3wna","item":"https:\/\/zs.gromnik.pl\/zs\/"},{"@type":"ListItem","position":2,"name":"P\u0142atno\u015bci zwi\u0105zane z przedszkolem (rozwi\u0144 artyku\u0142)"}]},{"@type":"WebSite","@id":"https:\/\/zs.gromnik.pl\/zs\/#website","url":"https:\/\/zs.gromnik.pl\/zs\/","name":"Zesp\u00f3\u0142 Szk\u00f3\u0142 w Gromniku","description":"","potentialAction":[{"@type":"SearchAction","target":{"@type":"EntryPoint","urlTemplate":"https:\/\/zs.gromnik.pl\/zs\/?s={search_term_string}"},"query-input":"required name=search_term_string"}],"inLanguage":"pl-PL"},{"@type":"Person","@id":"https:\/\/zs.gromnik.pl\/zs\/#\/schema\/person\/7fb2b24b90f39dede6a6b1ad809c8871","name":"Barbara Kubicz","image":{"@type":"ImageObject","inLanguage":"pl-PL","@id":"https:\/\/zs.gromnik.pl\/zs\/#\/schema\/person\/image\/","url":"http:\/\/2.gravatar.com\/avatar\/2148a1c13395e11280a430e7a86ac24a?s=96&d=mm&r=g","contentUrl":"http:\/\/2.gravatar.com\/avatar\/2148a1c13395e11280a430e7a86ac24a?s=96&d=mm&r=g","caption":"Barbara Kubicz"},"url":"http:\/\/zs.gromnik.pl\/zs\/author\/bkubicz\/"}]}},"_links":{"self":[{"href":"http:\/\/zs.gromnik.pl\/zs\/wp-json\/wp\/v2\/posts\/8182"}],"collection":[{"href":"http:\/\/zs.gromnik.pl\/zs\/wp-json\/wp\/v2\/posts"}],"about":[{"href":"http:\/\/zs.gromnik.pl\/zs\/wp-json\/wp\/v2\/types\/post"}],"author":[{"embeddable":true,"href":"http:\/\/zs.gromnik.pl\/zs\/wp-json\/wp\/v2\/users\/7"}],"replies":[{"embeddable":true,"href":"http:\/\/zs.gromnik.pl\/zs\/wp-json\/wp\/v2\/comments?post=8182"}],"version-history":[{"count":12,"href":"http:\/\/zs.gromnik.pl\/zs\/wp-json\/wp\/v2\/posts\/8182\/revisions"}],"predecessor-version":[{"id":8196,"href":"http:\/\/zs.gromnik.pl\/zs\/wp-json\/wp\/v2\/posts\/8182\/revisions\/8196"}],"wp:attachment":[{"href":"http:\/\/zs.gromnik.pl\/zs\/wp-json\/wp\/v2\/media?parent=8182"}],"wp:term":[{"taxonomy":"category","embeddable":true,"href":"http:\/\/zs.gromnik.pl\/zs\/wp-json\/wp\/v2\/categories?post=8182"},{"taxonomy":"post_tag","embeddable":true,"href":"http:\/\/zs.gromnik.pl\/zs\/wp-json\/wp\/v2\/tags?post=8182"}],"curies":[{"name":"wp","href":"https:\/\/api.w.org\/{rel}","templated":true}]}}