{"id":10498,"date":"2021-11-29T12:54:05","date_gmt":"2021-11-29T11:54:05","guid":{"rendered":"http:\/\/zs.gromnik.pl\/zs\/?p=10498"},"modified":"2021-11-29T12:54:08","modified_gmt":"2021-11-29T11:54:08","slug":"przedszkolaki-swietuja-dzien-pluszowego-misia","status":"publish","type":"post","link":"https:\/\/zs.gromnik.pl\/zs\/przedszkolaki-swietuja-dzien-pluszowego-misia\/","title":{"rendered":"Przedszkolaki \u015bwi\u0119tuj\u0105 Dzie\u0144 Pluszowego Misia!"},"content":{"rendered":"\n<p>25 listopada to \u015awi\u0119to Pluszowego Misia. W naszym przedszkolu wszystkie dzieci bardzo ch\u0119tnie uczestniczy\u0142y w zabawach przygotowanych z tej okazji. By\u0142y ta\u0144ce, zagadki, konkursy, prace plastyczne. Zar\u00f3wno m\u0142odsze, jak i te starsze przedszkolaki mia\u0142y okazj\u0119 opowiedzie\u0107 o swoich pluszowych misiach, kt\u00f3re niestety w tym roku musia\u0142y pozosta\u0107 w domu. Puent\u0119 tych rozm\u00f3w obrazuje znane powiedzenie: \u201eCzy to jutro, czy to dzi\u015b, wszystkim jest potrzebny Mi\u015b\u201d. Mamy nadziej\u0119, \u017ce to wyj\u0105tkowe \u015bwi\u0119to pozostanie w naszych wspomnieniach na d\u0142ugi czas. \u00a0<\/p>\n\n\n\n<figure class=\"wp-container-2 wp-block-gallery-1 wp-block-gallery columns-4 is-cropped\"><ul class=\"blocks-gallery-grid\"><li class=\"blocks-gallery-item\"><figure><img loading=\"lazy\" width=\"816\" height=\"612\" src=\"http:\/\/zs.gromnik.pl\/zs\/wp-content\/uploads\/2021\/11\/260441593_672611244110928_5135630773079874285_n.jpg\" alt=\"\" data-id=\"10499\" data-full-url=\"http:\/\/zs.gromnik.pl\/zs\/wp-content\/uploads\/2021\/11\/260441593_672611244110928_5135630773079874285_n.jpg\" data-link=\"http:\/\/zs.gromnik.pl\/zs\/?attachment_id=10499\" class=\"wp-image-10499\" srcset=\"https:\/\/zs.gromnik.pl\/zs\/wp-content\/uploads\/2021\/11\/260441593_672611244110928_5135630773079874285_n.jpg 816w, https:\/\/zs.gromnik.pl\/zs\/wp-content\/uploads\/2021\/11\/260441593_672611244110928_5135630773079874285_n-300x225.jpg 300w, https:\/\/zs.gromnik.pl\/zs\/wp-content\/uploads\/2021\/11\/260441593_672611244110928_5135630773079874285_n-768x576.jpg 768w\" sizes=\"(max-width: 816px) 100vw, 816px\" \/><\/figure><\/li><li class=\"blocks-gallery-item\"><figure><img loading=\"lazy\" width=\"816\" height=\"612\" src=\"http:\/\/zs.gromnik.pl\/zs\/wp-content\/uploads\/2021\/11\/260867389_1115151592353878_4590495717180706915_n.jpg\" alt=\"\" data-id=\"10500\" data-full-url=\"http:\/\/zs.gromnik.pl\/zs\/wp-content\/uploads\/2021\/11\/260867389_1115151592353878_4590495717180706915_n.jpg\" data-link=\"http:\/\/zs.gromnik.pl\/zs\/?attachment_id=10500\" class=\"wp-image-10500\" srcset=\"https:\/\/zs.gromnik.pl\/zs\/wp-content\/uploads\/2021\/11\/260867389_1115151592353878_4590495717180706915_n.jpg 816w, https:\/\/zs.gromnik.pl\/zs\/wp-content\/uploads\/2021\/11\/260867389_1115151592353878_4590495717180706915_n-300x225.jpg 300w, https:\/\/zs.gromnik.pl\/zs\/wp-content\/uploads\/2021\/11\/260867389_1115151592353878_4590495717180706915_n-768x576.jpg 768w\" sizes=\"(max-width: 816px) 100vw, 816px\" \/><\/figure><\/li><li class=\"blocks-gallery-item\"><figure><img loading=\"lazy\" width=\"816\" height=\"612\" src=\"http:\/\/zs.gromnik.pl\/zs\/wp-content\/uploads\/2021\/11\/261222940_923779204922827_5399571822363777450_n.jpg\" alt=\"\" data-id=\"10501\" data-full-url=\"http:\/\/zs.gromnik.pl\/zs\/wp-content\/uploads\/2021\/11\/261222940_923779204922827_5399571822363777450_n.jpg\" data-link=\"http:\/\/zs.gromnik.pl\/zs\/?attachment_id=10501\" class=\"wp-image-10501\" srcset=\"https:\/\/zs.gromnik.pl\/zs\/wp-content\/uploads\/2021\/11\/261222940_923779204922827_5399571822363777450_n.jpg 816w, https:\/\/zs.gromnik.pl\/zs\/wp-content\/uploads\/2021\/11\/261222940_923779204922827_5399571822363777450_n-300x225.jpg 300w, https:\/\/zs.gromnik.pl\/zs\/wp-content\/uploads\/2021\/11\/261222940_923779204922827_5399571822363777450_n-768x576.jpg 768w\" sizes=\"(max-width: 816px) 100vw, 816px\" \/><\/figure><\/li><li class=\"blocks-gallery-item\"><figure><img loading=\"lazy\" width=\"816\" height=\"612\" src=\"http:\/\/zs.gromnik.pl\/zs\/wp-content\/uploads\/2021\/11\/261490230_620323219384527_4162193452083321643_n.jpg\" alt=\"\" data-id=\"10502\" data-full-url=\"http:\/\/zs.gromnik.pl\/zs\/wp-content\/uploads\/2021\/11\/261490230_620323219384527_4162193452083321643_n.jpg\" data-link=\"http:\/\/zs.gromnik.pl\/zs\/?attachment_id=10502\" class=\"wp-image-10502\" srcset=\"https:\/\/zs.gromnik.pl\/zs\/wp-content\/uploads\/2021\/11\/261490230_620323219384527_4162193452083321643_n.jpg 816w, https:\/\/zs.gromnik.pl\/zs\/wp-content\/uploads\/2021\/11\/261490230_620323219384527_4162193452083321643_n-300x225.jpg 300w, https:\/\/zs.gromnik.pl\/zs\/wp-content\/uploads\/2021\/11\/261490230_620323219384527_4162193452083321643_n-768x576.jpg 768w\" sizes=\"(max-width: 816px) 100vw, 816px\" \/><\/figure><\/li><li class=\"blocks-gallery-item\"><figure><img loading=\"lazy\" width=\"816\" height=\"612\" src=\"http:\/\/zs.gromnik.pl\/zs\/wp-content\/uploads\/2021\/11\/261966139_297786465587169_4208670241304929003_n.jpg\" alt=\"\" data-id=\"10504\" data-full-url=\"http:\/\/zs.gromnik.pl\/zs\/wp-content\/uploads\/2021\/11\/261966139_297786465587169_4208670241304929003_n.jpg\" data-link=\"http:\/\/zs.gromnik.pl\/zs\/?attachment_id=10504\" class=\"wp-image-10504\" srcset=\"https:\/\/zs.gromnik.pl\/zs\/wp-content\/uploads\/2021\/11\/261966139_297786465587169_4208670241304929003_n.jpg 816w, https:\/\/zs.gromnik.pl\/zs\/wp-content\/uploads\/2021\/11\/261966139_297786465587169_4208670241304929003_n-300x225.jpg 300w, https:\/\/zs.gromnik.pl\/zs\/wp-content\/uploads\/2021\/11\/261966139_297786465587169_4208670241304929003_n-768x576.jpg 768w\" sizes=\"(max-width: 816px) 100vw, 816px\" \/><\/figure><\/li><li class=\"blocks-gallery-item\"><figure><img loading=\"lazy\" width=\"1024\" height=\"683\" src=\"http:\/\/zs.gromnik.pl\/zs\/wp-content\/uploads\/2021\/11\/IMG_4851-1024x683.jpg\" alt=\"\" data-id=\"10509\" data-full-url=\"http:\/\/zs.gromnik.pl\/zs\/wp-content\/uploads\/2021\/11\/IMG_4851-scaled.jpg\" data-link=\"http:\/\/zs.gromnik.pl\/zs\/?attachment_id=10509\" class=\"wp-image-10509\" srcset=\"https:\/\/zs.gromnik.pl\/zs\/wp-content\/uploads\/2021\/11\/IMG_4851-1024x683.jpg 1024w, https:\/\/zs.gromnik.pl\/zs\/wp-content\/uploads\/2021\/11\/IMG_4851-300x200.jpg 300w, https:\/\/zs.gromnik.pl\/zs\/wp-content\/uploads\/2021\/11\/IMG_4851-768x512.jpg 768w, https:\/\/zs.gromnik.pl\/zs\/wp-content\/uploads\/2021\/11\/IMG_4851-1536x1024.jpg 1536w, https:\/\/zs.gromnik.pl\/zs\/wp-content\/uploads\/2021\/11\/IMG_4851-2048x1365.jpg 2048w, https:\/\/zs.gromnik.pl\/zs\/wp-content\/uploads\/2021\/11\/IMG_4851-1140x760.jpg 1140w\" sizes=\"(max-width: 1024px) 100vw, 1024px\" \/><\/figure><\/li><li class=\"blocks-gallery-item\"><figure><img loading=\"lazy\" width=\"1024\" height=\"683\" src=\"http:\/\/zs.gromnik.pl\/zs\/wp-content\/uploads\/2021\/11\/IMG_4834-1024x683.jpg\" alt=\"\" data-id=\"10505\" data-full-url=\"http:\/\/zs.gromnik.pl\/zs\/wp-content\/uploads\/2021\/11\/IMG_4834-scaled.jpg\" data-link=\"http:\/\/zs.gromnik.pl\/zs\/?attachment_id=10505\" class=\"wp-image-10505\" srcset=\"https:\/\/zs.gromnik.pl\/zs\/wp-content\/uploads\/2021\/11\/IMG_4834-1024x683.jpg 1024w, https:\/\/zs.gromnik.pl\/zs\/wp-content\/uploads\/2021\/11\/IMG_4834-300x200.jpg 300w, https:\/\/zs.gromnik.pl\/zs\/wp-content\/uploads\/2021\/11\/IMG_4834-768x512.jpg 768w, https:\/\/zs.gromnik.pl\/zs\/wp-content\/uploads\/2021\/11\/IMG_4834-1536x1024.jpg 1536w, https:\/\/zs.gromnik.pl\/zs\/wp-content\/uploads\/2021\/11\/IMG_4834-2048x1365.jpg 2048w, https:\/\/zs.gromnik.pl\/zs\/wp-content\/uploads\/2021\/11\/IMG_4834-1140x760.jpg 1140w\" sizes=\"(max-width: 1024px) 100vw, 1024px\" \/><\/figure><\/li><li class=\"blocks-gallery-item\"><figure><img loading=\"lazy\" width=\"1024\" height=\"683\" src=\"http:\/\/zs.gromnik.pl\/zs\/wp-content\/uploads\/2021\/11\/IMG_4838-1024x683.jpg\" alt=\"\" data-id=\"10506\" data-full-url=\"http:\/\/zs.gromnik.pl\/zs\/wp-content\/uploads\/2021\/11\/IMG_4838-scaled.jpg\" data-link=\"http:\/\/zs.gromnik.pl\/zs\/?attachment_id=10506\" class=\"wp-image-10506\" srcset=\"https:\/\/zs.gromnik.pl\/zs\/wp-content\/uploads\/2021\/11\/IMG_4838-1024x683.jpg 1024w, https:\/\/zs.gromnik.pl\/zs\/wp-content\/uploads\/2021\/11\/IMG_4838-300x200.jpg 300w, https:\/\/zs.gromnik.pl\/zs\/wp-content\/uploads\/2021\/11\/IMG_4838-768x512.jpg 768w, https:\/\/zs.gromnik.pl\/zs\/wp-content\/uploads\/2021\/11\/IMG_4838-1536x1024.jpg 1536w, https:\/\/zs.gromnik.pl\/zs\/wp-content\/uploads\/2021\/11\/IMG_4838-2048x1365.jpg 2048w, https:\/\/zs.gromnik.pl\/zs\/wp-content\/uploads\/2021\/11\/IMG_4838-1140x760.jpg 1140w\" sizes=\"(max-width: 1024px) 100vw, 1024px\" \/><\/figure><\/li><li class=\"blocks-gallery-item\"><figure><img loading=\"lazy\" width=\"1024\" height=\"683\" src=\"http:\/\/zs.gromnik.pl\/zs\/wp-content\/uploads\/2021\/11\/IMG_4844-1024x683.jpg\" alt=\"\" data-id=\"10508\" data-full-url=\"http:\/\/zs.gromnik.pl\/zs\/wp-content\/uploads\/2021\/11\/IMG_4844-scaled.jpg\" data-link=\"http:\/\/zs.gromnik.pl\/zs\/?attachment_id=10508\" class=\"wp-image-10508\" srcset=\"https:\/\/zs.gromnik.pl\/zs\/wp-content\/uploads\/2021\/11\/IMG_4844-1024x683.jpg 1024w, https:\/\/zs.gromnik.pl\/zs\/wp-content\/uploads\/2021\/11\/IMG_4844-300x200.jpg 300w, https:\/\/zs.gromnik.pl\/zs\/wp-content\/uploads\/2021\/11\/IMG_4844-768x512.jpg 768w, https:\/\/zs.gromnik.pl\/zs\/wp-content\/uploads\/2021\/11\/IMG_4844-1536x1024.jpg 1536w, https:\/\/zs.gromnik.pl\/zs\/wp-content\/uploads\/2021\/11\/IMG_4844-2048x1365.jpg 2048w, https:\/\/zs.gromnik.pl\/zs\/wp-content\/uploads\/2021\/11\/IMG_4844-1140x760.jpg 1140w\" sizes=\"(max-width: 1024px) 100vw, 1024px\" \/><\/figure><\/li><li class=\"blocks-gallery-item\"><figure><img loading=\"lazy\" width=\"1024\" height=\"683\" src=\"http:\/\/zs.gromnik.pl\/zs\/wp-content\/uploads\/2021\/11\/IMG_4853-1024x683.jpg\" alt=\"\" data-id=\"10510\" data-full-url=\"http:\/\/zs.gromnik.pl\/zs\/wp-content\/uploads\/2021\/11\/IMG_4853-scaled.jpg\" data-link=\"http:\/\/zs.gromnik.pl\/zs\/?attachment_id=10510\" class=\"wp-image-10510\" srcset=\"https:\/\/zs.gromnik.pl\/zs\/wp-content\/uploads\/2021\/11\/IMG_4853-1024x683.jpg 1024w, https:\/\/zs.gromnik.pl\/zs\/wp-content\/uploads\/2021\/11\/IMG_4853-300x200.jpg 300w, https:\/\/zs.gromnik.pl\/zs\/wp-content\/uploads\/2021\/11\/IMG_4853-768x512.jpg 768w, https:\/\/zs.gromnik.pl\/zs\/wp-content\/uploads\/2021\/11\/IMG_4853-1536x1024.jpg 1536w, https:\/\/zs.gromnik.pl\/zs\/wp-content\/uploads\/2021\/11\/IMG_4853-2048x1365.jpg 2048w, https:\/\/zs.gromnik.pl\/zs\/wp-content\/uploads\/2021\/11\/IMG_4853-1140x760.jpg 1140w\" sizes=\"(max-width: 1024px) 100vw, 1024px\" \/><\/figure><\/li><li class=\"blocks-gallery-item\"><figure><img loading=\"lazy\" width=\"1024\" height=\"683\" src=\"http:\/\/zs.gromnik.pl\/zs\/wp-content\/uploads\/2021\/11\/IMG_4854-1024x683.jpg\" alt=\"\" data-id=\"10511\" data-full-url=\"http:\/\/zs.gromnik.pl\/zs\/wp-content\/uploads\/2021\/11\/IMG_4854-scaled.jpg\" data-link=\"http:\/\/zs.gromnik.pl\/zs\/?attachment_id=10511\" class=\"wp-image-10511\" srcset=\"https:\/\/zs.gromnik.pl\/zs\/wp-content\/uploads\/2021\/11\/IMG_4854-1024x683.jpg 1024w, https:\/\/zs.gromnik.pl\/zs\/wp-content\/uploads\/2021\/11\/IMG_4854-300x200.jpg 300w, https:\/\/zs.gromnik.pl\/zs\/wp-content\/uploads\/2021\/11\/IMG_4854-768x512.jpg 768w, https:\/\/zs.gromnik.pl\/zs\/wp-content\/uploads\/2021\/11\/IMG_4854-1536x1024.jpg 1536w, https:\/\/zs.gromnik.pl\/zs\/wp-content\/uploads\/2021\/11\/IMG_4854-2048x1365.jpg 2048w, https:\/\/zs.gromnik.pl\/zs\/wp-content\/uploads\/2021\/11\/IMG_4854-1140x760.jpg 1140w\" sizes=\"(max-width: 1024px) 100vw, 1024px\" \/><\/figure><\/li><li class=\"blocks-gallery-item\"><figure><img loading=\"lazy\" width=\"1024\" height=\"683\" src=\"http:\/\/zs.gromnik.pl\/zs\/wp-content\/uploads\/2021\/11\/IMG_4855-1024x683.jpg\" alt=\"\" data-id=\"10512\" data-full-url=\"http:\/\/zs.gromnik.pl\/zs\/wp-content\/uploads\/2021\/11\/IMG_4855-scaled.jpg\" data-link=\"http:\/\/zs.gromnik.pl\/zs\/?attachment_id=10512\" class=\"wp-image-10512\" srcset=\"https:\/\/zs.gromnik.pl\/zs\/wp-content\/uploads\/2021\/11\/IMG_4855-1024x683.jpg 1024w, https:\/\/zs.gromnik.pl\/zs\/wp-content\/uploads\/2021\/11\/IMG_4855-300x200.jpg 300w, https:\/\/zs.gromnik.pl\/zs\/wp-content\/uploads\/2021\/11\/IMG_4855-768x512.jpg 768w, https:\/\/zs.gromnik.pl\/zs\/wp-content\/uploads\/2021\/11\/IMG_4855-1536x1024.jpg 1536w, https:\/\/zs.gromnik.pl\/zs\/wp-content\/uploads\/2021\/11\/IMG_4855-2048x1365.jpg 2048w, https:\/\/zs.gromnik.pl\/zs\/wp-content\/uploads\/2021\/11\/IMG_4855-1140x760.jpg 1140w\" sizes=\"(max-width: 1024px) 100vw, 1024px\" \/><\/figure><\/li><li class=\"blocks-gallery-item\"><figure><img loading=\"lazy\" width=\"1024\" height=\"683\" src=\"http:\/\/zs.gromnik.pl\/zs\/wp-content\/uploads\/2021\/11\/IMG_4859-1024x683.jpg\" alt=\"\" data-id=\"10513\" data-full-url=\"http:\/\/zs.gromnik.pl\/zs\/wp-content\/uploads\/2021\/11\/IMG_4859-scaled.jpg\" data-link=\"http:\/\/zs.gromnik.pl\/zs\/?attachment_id=10513\" class=\"wp-image-10513\" srcset=\"https:\/\/zs.gromnik.pl\/zs\/wp-content\/uploads\/2021\/11\/IMG_4859-1024x683.jpg 1024w, https:\/\/zs.gromnik.pl\/zs\/wp-content\/uploads\/2021\/11\/IMG_4859-300x200.jpg 300w, https:\/\/zs.gromnik.pl\/zs\/wp-content\/uploads\/2021\/11\/IMG_4859-768x512.jpg 768w, https:\/\/zs.gromnik.pl\/zs\/wp-content\/uploads\/2021\/11\/IMG_4859-1536x1024.jpg 1536w, https:\/\/zs.gromnik.pl\/zs\/wp-content\/uploads\/2021\/11\/IMG_4859-2048x1365.jpg 2048w, https:\/\/zs.gromnik.pl\/zs\/wp-content\/uploads\/2021\/11\/IMG_4859-1140x760.jpg 1140w\" sizes=\"(max-width: 1024px) 100vw, 1024px\" \/><\/figure><\/li><li class=\"blocks-gallery-item\"><figure><img loading=\"lazy\" width=\"1024\" height=\"683\" src=\"http:\/\/zs.gromnik.pl\/zs\/wp-content\/uploads\/2021\/11\/IMG_4896-1024x683.jpg\" alt=\"\" data-id=\"10520\" data-full-url=\"http:\/\/zs.gromnik.pl\/zs\/wp-content\/uploads\/2021\/11\/IMG_4896-scaled.jpg\" data-link=\"http:\/\/zs.gromnik.pl\/zs\/?attachment_id=10520\" class=\"wp-image-10520\" srcset=\"https:\/\/zs.gromnik.pl\/zs\/wp-content\/uploads\/2021\/11\/IMG_4896-1024x683.jpg 1024w, https:\/\/zs.gromnik.pl\/zs\/wp-content\/uploads\/2021\/11\/IMG_4896-300x200.jpg 300w, https:\/\/zs.gromnik.pl\/zs\/wp-content\/uploads\/2021\/11\/IMG_4896-768x512.jpg 768w, https:\/\/zs.gromnik.pl\/zs\/wp-content\/uploads\/2021\/11\/IMG_4896-1536x1024.jpg 1536w, https:\/\/zs.gromnik.pl\/zs\/wp-content\/uploads\/2021\/11\/IMG_4896-2048x1365.jpg 2048w, https:\/\/zs.gromnik.pl\/zs\/wp-content\/uploads\/2021\/11\/IMG_4896-1140x760.jpg 1140w\" sizes=\"(max-width: 1024px) 100vw, 1024px\" \/><\/figure><\/li><li class=\"blocks-gallery-item\"><figure><img loading=\"lazy\" width=\"1024\" height=\"683\" src=\"http:\/\/zs.gromnik.pl\/zs\/wp-content\/uploads\/2021\/11\/IMG_4861-1024x683.jpg\" alt=\"\" data-id=\"10514\" data-full-url=\"http:\/\/zs.gromnik.pl\/zs\/wp-content\/uploads\/2021\/11\/IMG_4861-scaled.jpg\" data-link=\"http:\/\/zs.gromnik.pl\/zs\/?attachment_id=10514\" class=\"wp-image-10514\" srcset=\"https:\/\/zs.gromnik.pl\/zs\/wp-content\/uploads\/2021\/11\/IMG_4861-1024x683.jpg 1024w, https:\/\/zs.gromnik.pl\/zs\/wp-content\/uploads\/2021\/11\/IMG_4861-300x200.jpg 300w, https:\/\/zs.gromnik.pl\/zs\/wp-content\/uploads\/2021\/11\/IMG_4861-768x512.jpg 768w, https:\/\/zs.gromnik.pl\/zs\/wp-content\/uploads\/2021\/11\/IMG_4861-1536x1024.jpg 1536w, https:\/\/zs.gromnik.pl\/zs\/wp-content\/uploads\/2021\/11\/IMG_4861-2048x1365.jpg 2048w, https:\/\/zs.gromnik.pl\/zs\/wp-content\/uploads\/2021\/11\/IMG_4861-1140x760.jpg 1140w\" sizes=\"(max-width: 1024px) 100vw, 1024px\" \/><\/figure><\/li><li class=\"blocks-gallery-item\"><figure><img loading=\"lazy\" width=\"1024\" height=\"683\" src=\"http:\/\/zs.gromnik.pl\/zs\/wp-content\/uploads\/2021\/11\/IMG_4862-1024x683.jpg\" alt=\"\" data-id=\"10515\" data-full-url=\"http:\/\/zs.gromnik.pl\/zs\/wp-content\/uploads\/2021\/11\/IMG_4862-scaled.jpg\" data-link=\"http:\/\/zs.gromnik.pl\/zs\/?attachment_id=10515\" class=\"wp-image-10515\" srcset=\"https:\/\/zs.gromnik.pl\/zs\/wp-content\/uploads\/2021\/11\/IMG_4862-1024x683.jpg 1024w, https:\/\/zs.gromnik.pl\/zs\/wp-content\/uploads\/2021\/11\/IMG_4862-300x200.jpg 300w, https:\/\/zs.gromnik.pl\/zs\/wp-content\/uploads\/2021\/11\/IMG_4862-768x512.jpg 768w, https:\/\/zs.gromnik.pl\/zs\/wp-content\/uploads\/2021\/11\/IMG_4862-1536x1024.jpg 1536w, https:\/\/zs.gromnik.pl\/zs\/wp-content\/uploads\/2021\/11\/IMG_4862-2048x1365.jpg 2048w, https:\/\/zs.gromnik.pl\/zs\/wp-content\/uploads\/2021\/11\/IMG_4862-1140x760.jpg 1140w\" sizes=\"(max-width: 1024px) 100vw, 1024px\" \/><\/figure><\/li><li class=\"blocks-gallery-item\"><figure><img loading=\"lazy\" width=\"1024\" height=\"683\" src=\"http:\/\/zs.gromnik.pl\/zs\/wp-content\/uploads\/2021\/11\/IMG_4867-1024x683.jpg\" alt=\"\" data-id=\"10516\" data-full-url=\"http:\/\/zs.gromnik.pl\/zs\/wp-content\/uploads\/2021\/11\/IMG_4867-scaled.jpg\" data-link=\"http:\/\/zs.gromnik.pl\/zs\/?attachment_id=10516\" class=\"wp-image-10516\" srcset=\"https:\/\/zs.gromnik.pl\/zs\/wp-content\/uploads\/2021\/11\/IMG_4867-1024x683.jpg 1024w, https:\/\/zs.gromnik.pl\/zs\/wp-content\/uploads\/2021\/11\/IMG_4867-300x200.jpg 300w, https:\/\/zs.gromnik.pl\/zs\/wp-content\/uploads\/2021\/11\/IMG_4867-768x512.jpg 768w, https:\/\/zs.gromnik.pl\/zs\/wp-content\/uploads\/2021\/11\/IMG_4867-1536x1024.jpg 1536w, https:\/\/zs.gromnik.pl\/zs\/wp-content\/uploads\/2021\/11\/IMG_4867-2048x1365.jpg 2048w, https:\/\/zs.gromnik.pl\/zs\/wp-content\/uploads\/2021\/11\/IMG_4867-1140x760.jpg 1140w\" sizes=\"(max-width: 1024px) 100vw, 1024px\" \/><\/figure><\/li><li class=\"blocks-gallery-item\"><figure><img loading=\"lazy\" width=\"1024\" height=\"683\" src=\"http:\/\/zs.gromnik.pl\/zs\/wp-content\/uploads\/2021\/11\/IMG_4841-1024x683.jpg\" alt=\"\" data-id=\"10507\" data-full-url=\"http:\/\/zs.gromnik.pl\/zs\/wp-content\/uploads\/2021\/11\/IMG_4841-scaled.jpg\" data-link=\"http:\/\/zs.gromnik.pl\/zs\/?attachment_id=10507\" class=\"wp-image-10507\" srcset=\"https:\/\/zs.gromnik.pl\/zs\/wp-content\/uploads\/2021\/11\/IMG_4841-1024x683.jpg 1024w, https:\/\/zs.gromnik.pl\/zs\/wp-content\/uploads\/2021\/11\/IMG_4841-300x200.jpg 300w, https:\/\/zs.gromnik.pl\/zs\/wp-content\/uploads\/2021\/11\/IMG_4841-768x512.jpg 768w, https:\/\/zs.gromnik.pl\/zs\/wp-content\/uploads\/2021\/11\/IMG_4841-1536x1024.jpg 1536w, https:\/\/zs.gromnik.pl\/zs\/wp-content\/uploads\/2021\/11\/IMG_4841-2048x1365.jpg 2048w, https:\/\/zs.gromnik.pl\/zs\/wp-content\/uploads\/2021\/11\/IMG_4841-1140x760.jpg 1140w\" sizes=\"(max-width: 1024px) 100vw, 1024px\" \/><\/figure><\/li><li class=\"blocks-gallery-item\"><figure><img loading=\"lazy\" width=\"1024\" height=\"683\" src=\"http:\/\/zs.gromnik.pl\/zs\/wp-content\/uploads\/2021\/11\/IMG_4875-1024x683.jpg\" alt=\"\" data-id=\"10517\" data-full-url=\"http:\/\/zs.gromnik.pl\/zs\/wp-content\/uploads\/2021\/11\/IMG_4875-scaled.jpg\" data-link=\"http:\/\/zs.gromnik.pl\/zs\/?attachment_id=10517\" class=\"wp-image-10517\" srcset=\"https:\/\/zs.gromnik.pl\/zs\/wp-content\/uploads\/2021\/11\/IMG_4875-1024x683.jpg 1024w, https:\/\/zs.gromnik.pl\/zs\/wp-content\/uploads\/2021\/11\/IMG_4875-300x200.jpg 300w, https:\/\/zs.gromnik.pl\/zs\/wp-content\/uploads\/2021\/11\/IMG_4875-768x512.jpg 768w, https:\/\/zs.gromnik.pl\/zs\/wp-content\/uploads\/2021\/11\/IMG_4875-1536x1024.jpg 1536w, https:\/\/zs.gromnik.pl\/zs\/wp-content\/uploads\/2021\/11\/IMG_4875-2048x1365.jpg 2048w, https:\/\/zs.gromnik.pl\/zs\/wp-content\/uploads\/2021\/11\/IMG_4875-1140x760.jpg 1140w\" sizes=\"(max-width: 1024px) 100vw, 1024px\" \/><\/figure><\/li><li class=\"blocks-gallery-item\"><figure><img loading=\"lazy\" width=\"1024\" height=\"683\" src=\"http:\/\/zs.gromnik.pl\/zs\/wp-content\/uploads\/2021\/11\/IMG_4877-1024x683.jpg\" alt=\"\" data-id=\"10518\" data-full-url=\"http:\/\/zs.gromnik.pl\/zs\/wp-content\/uploads\/2021\/11\/IMG_4877-scaled.jpg\" data-link=\"http:\/\/zs.gromnik.pl\/zs\/?attachment_id=10518\" class=\"wp-image-10518\" srcset=\"https:\/\/zs.gromnik.pl\/zs\/wp-content\/uploads\/2021\/11\/IMG_4877-1024x683.jpg 1024w, https:\/\/zs.gromnik.pl\/zs\/wp-content\/uploads\/2021\/11\/IMG_4877-300x200.jpg 300w, https:\/\/zs.gromnik.pl\/zs\/wp-content\/uploads\/2021\/11\/IMG_4877-768x512.jpg 768w, https:\/\/zs.gromnik.pl\/zs\/wp-content\/uploads\/2021\/11\/IMG_4877-1536x1024.jpg 1536w, https:\/\/zs.gromnik.pl\/zs\/wp-content\/uploads\/2021\/11\/IMG_4877-2048x1365.jpg 2048w, https:\/\/zs.gromnik.pl\/zs\/wp-content\/uploads\/2021\/11\/IMG_4877-1140x760.jpg 1140w\" sizes=\"(max-width: 1024px) 100vw, 1024px\" \/><\/figure><\/li><li class=\"blocks-gallery-item\"><figure><img loading=\"lazy\" width=\"683\" height=\"1024\" src=\"http:\/\/zs.gromnik.pl\/zs\/wp-content\/uploads\/2021\/11\/IMG_4906-683x1024.jpg\" alt=\"\" data-id=\"10521\" data-full-url=\"http:\/\/zs.gromnik.pl\/zs\/wp-content\/uploads\/2021\/11\/IMG_4906-scaled.jpg\" data-link=\"http:\/\/zs.gromnik.pl\/zs\/?attachment_id=10521\" class=\"wp-image-10521\" srcset=\"https:\/\/zs.gromnik.pl\/zs\/wp-content\/uploads\/2021\/11\/IMG_4906-683x1024.jpg 683w, https:\/\/zs.gromnik.pl\/zs\/wp-content\/uploads\/2021\/11\/IMG_4906-200x300.jpg 200w, https:\/\/zs.gromnik.pl\/zs\/wp-content\/uploads\/2021\/11\/IMG_4906-768x1152.jpg 768w, https:\/\/zs.gromnik.pl\/zs\/wp-content\/uploads\/2021\/11\/IMG_4906-1024x1536.jpg 1024w, https:\/\/zs.gromnik.pl\/zs\/wp-content\/uploads\/2021\/11\/IMG_4906-1365x2048.jpg 1365w, https:\/\/zs.gromnik.pl\/zs\/wp-content\/uploads\/2021\/11\/IMG_4906-1140x1710.jpg 1140w, https:\/\/zs.gromnik.pl\/zs\/wp-content\/uploads\/2021\/11\/IMG_4906-scaled.jpg 1707w\" sizes=\"(max-width: 683px) 100vw, 683px\" \/><\/figure><\/li><li class=\"blocks-gallery-item\"><figure><img loading=\"lazy\" width=\"1024\" height=\"683\" src=\"http:\/\/zs.gromnik.pl\/zs\/wp-content\/uploads\/2021\/11\/IMG_4911-1024x683.jpg\" alt=\"\" data-id=\"10522\" data-full-url=\"http:\/\/zs.gromnik.pl\/zs\/wp-content\/uploads\/2021\/11\/IMG_4911-scaled.jpg\" data-link=\"http:\/\/zs.gromnik.pl\/zs\/?attachment_id=10522\" class=\"wp-image-10522\" srcset=\"https:\/\/zs.gromnik.pl\/zs\/wp-content\/uploads\/2021\/11\/IMG_4911-1024x683.jpg 1024w, https:\/\/zs.gromnik.pl\/zs\/wp-content\/uploads\/2021\/11\/IMG_4911-300x200.jpg 300w, https:\/\/zs.gromnik.pl\/zs\/wp-content\/uploads\/2021\/11\/IMG_4911-768x512.jpg 768w, https:\/\/zs.gromnik.pl\/zs\/wp-content\/uploads\/2021\/11\/IMG_4911-1536x1024.jpg 1536w, https:\/\/zs.gromnik.pl\/zs\/wp-content\/uploads\/2021\/11\/IMG_4911-2048x1365.jpg 2048w, https:\/\/zs.gromnik.pl\/zs\/wp-content\/uploads\/2021\/11\/IMG_4911-1140x760.jpg 1140w\" sizes=\"(max-width: 1024px) 100vw, 1024px\" \/><\/figure><\/li><li class=\"blocks-gallery-item\"><figure><img loading=\"lazy\" width=\"1024\" height=\"683\" src=\"http:\/\/zs.gromnik.pl\/zs\/wp-content\/uploads\/2021\/11\/IMG_4917-1024x683.jpg\" alt=\"\" data-id=\"10523\" data-full-url=\"http:\/\/zs.gromnik.pl\/zs\/wp-content\/uploads\/2021\/11\/IMG_4917-scaled.jpg\" data-link=\"http:\/\/zs.gromnik.pl\/zs\/?attachment_id=10523\" class=\"wp-image-10523\" srcset=\"https:\/\/zs.gromnik.pl\/zs\/wp-content\/uploads\/2021\/11\/IMG_4917-1024x683.jpg 1024w, https:\/\/zs.gromnik.pl\/zs\/wp-content\/uploads\/2021\/11\/IMG_4917-300x200.jpg 300w, https:\/\/zs.gromnik.pl\/zs\/wp-content\/uploads\/2021\/11\/IMG_4917-768x512.jpg 768w, https:\/\/zs.gromnik.pl\/zs\/wp-content\/uploads\/2021\/11\/IMG_4917-1536x1024.jpg 1536w, https:\/\/zs.gromnik.pl\/zs\/wp-content\/uploads\/2021\/11\/IMG_4917-2048x1365.jpg 2048w, https:\/\/zs.gromnik.pl\/zs\/wp-content\/uploads\/2021\/11\/IMG_4917-1140x760.jpg 1140w\" sizes=\"(max-width: 1024px) 100vw, 1024px\" \/><\/figure><\/li><\/ul><\/figure>\n","protected":false},"excerpt":{"rendered":"<p>25 listopada to \u015awi\u0119to Pluszowego Misia. W naszym przedszkolu wszystkie dzieci bardzo ch\u0119tnie uczestniczy\u0142y w zabawach przygotowanych z tej okazji. By\u0142y ta\u0144ce, zagadki, konkursy, prace plastyczne. Zar\u00f3wno m\u0142odsze, jak i te starsze przedszkolaki mia\u0142y okazj\u0119 opowiedzie\u0107 o swoich pluszowych misiach, kt\u00f3re niestety w tym roku musia\u0142y pozosta\u0107 w domu. Puent\u0119 tych rozm\u00f3w obrazuje znane powiedzenie: \u201eCzy to jutro, czy to dzi\u015b, wszystkim jest potrzebny Mi\u015b\u201d. Mamy nadziej\u0119, \u017ce to wyj\u0105tkowe \u015bwi\u0119to pozostanie w naszych wspomnieniach na d\u0142ugi czas. \u00a0<\/p>\n","protected":false},"author":7,"featured_media":10519,"comment_status":"closed","ping_status":"open","sticky":false,"template":"","format":"standard","meta":[],"categories":[3],"tags":[],"yoast_head":"<!-- This site is optimized with the Yoast SEO plugin v19.8 - https:\/\/yoast.com\/wordpress\/plugins\/seo\/ -->\n<title>Przedszkolaki \u015bwi\u0119tuj\u0105 Dzie\u0144 Pluszowego Misia! - Zesp\u00f3\u0142 Szk\u00f3\u0142 w Gromniku<\/title>\n<meta name=\"description\" content=\"Zesp\u00f3\u0142 Szk\u00f3\u0142 w Gromniku\" \/>\n<meta name=\"robots\" content=\"index, follow, max-snippet:-1, max-image-preview:large, max-video-preview:-1\" \/>\n<link rel=\"canonical\" href=\"https:\/\/zs.gromnik.pl\/zs\/przedszkolaki-swietuja-dzien-pluszowego-misia\/\" \/>\n<meta property=\"og:locale\" content=\"pl_PL\" \/>\n<meta property=\"og:type\" content=\"article\" \/>\n<meta property=\"og:title\" content=\"Przedszkolaki \u015bwi\u0119tuj\u0105 Dzie\u0144 Pluszowego Misia! - Zesp\u00f3\u0142 Szk\u00f3\u0142 w Gromniku\" \/>\n<meta property=\"og:description\" content=\"Zesp\u00f3\u0142 Szk\u00f3\u0142 w Gromniku\" \/>\n<meta property=\"og:url\" content=\"https:\/\/zs.gromnik.pl\/zs\/przedszkolaki-swietuja-dzien-pluszowego-misia\/\" \/>\n<meta property=\"og:site_name\" content=\"Zesp\u00f3\u0142 Szk\u00f3\u0142 w Gromniku\" \/>\n<meta property=\"article:publisher\" content=\"https:\/\/www.facebook.com\/zsgromnik\" \/>\n<meta property=\"article:published_time\" content=\"2021-11-29T11:54:05+00:00\" \/>\n<meta property=\"article:modified_time\" content=\"2021-11-29T11:54:08+00:00\" \/>\n<meta property=\"og:image\" content=\"https:\/\/zs.gromnik.pl\/zs\/wp-content\/uploads\/2021\/11\/IMG_4881-scaled.jpg\" \/>\n\t<meta property=\"og:image:width\" content=\"2560\" \/>\n\t<meta property=\"og:image:height\" content=\"1707\" \/>\n\t<meta property=\"og:image:type\" content=\"image\/jpeg\" \/>\n<meta name=\"author\" content=\"Barbara Kubicz\" \/>\n<meta name=\"twitter:card\" content=\"summary_large_image\" \/>\n<meta name=\"twitter:label1\" content=\"Napisane przez\" \/>\n\t<meta name=\"twitter:data1\" content=\"Barbara Kubicz\" \/>\n\t<meta name=\"twitter:label2\" content=\"Szacowany czas czytania\" \/>\n\t<meta name=\"twitter:data2\" content=\"5 minut\" \/>\n<script type=\"application\/ld+json\" class=\"yoast-schema-graph\">{\"@context\":\"https:\/\/schema.org\",\"@graph\":[{\"@type\":\"WebPage\",\"@id\":\"https:\/\/zs.gromnik.pl\/zs\/przedszkolaki-swietuja-dzien-pluszowego-misia\/\",\"url\":\"https:\/\/zs.gromnik.pl\/zs\/przedszkolaki-swietuja-dzien-pluszowego-misia\/\",\"name\":\"Przedszkolaki \u015bwi\u0119tuj\u0105 Dzie\u0144 Pluszowego Misia! - Zesp\u00f3\u0142 Szk\u00f3\u0142 w Gromniku\",\"isPartOf\":{\"@id\":\"http:\/\/zs.gromnik.pl\/zs\/#website\"},\"datePublished\":\"2021-11-29T11:54:05+00:00\",\"dateModified\":\"2021-11-29T11:54:08+00:00\",\"author\":{\"@id\":\"http:\/\/zs.gromnik.pl\/zs\/#\/schema\/person\/7fb2b24b90f39dede6a6b1ad809c8871\"},\"description\":\"Zesp\u00f3\u0142 Szk\u00f3\u0142 w Gromniku\",\"breadcrumb\":{\"@id\":\"https:\/\/zs.gromnik.pl\/zs\/przedszkolaki-swietuja-dzien-pluszowego-misia\/#breadcrumb\"},\"inLanguage\":\"pl-PL\",\"potentialAction\":[{\"@type\":\"ReadAction\",\"target\":[\"https:\/\/zs.gromnik.pl\/zs\/przedszkolaki-swietuja-dzien-pluszowego-misia\/\"]}]},{\"@type\":\"BreadcrumbList\",\"@id\":\"https:\/\/zs.gromnik.pl\/zs\/przedszkolaki-swietuja-dzien-pluszowego-misia\/#breadcrumb\",\"itemListElement\":[{\"@type\":\"ListItem\",\"position\":1,\"name\":\"Strona g\u0142\u00f3wna\",\"item\":\"http:\/\/zs.gromnik.pl\/zs\/\"},{\"@type\":\"ListItem\",\"position\":2,\"name\":\"Przedszkolaki \u015bwi\u0119tuj\u0105 Dzie\u0144 Pluszowego Misia!\"}]},{\"@type\":\"WebSite\",\"@id\":\"http:\/\/zs.gromnik.pl\/zs\/#website\",\"url\":\"http:\/\/zs.gromnik.pl\/zs\/\",\"name\":\"Zesp\u00f3\u0142 Szk\u00f3\u0142 w Gromniku\",\"description\":\"\",\"potentialAction\":[{\"@type\":\"SearchAction\",\"target\":{\"@type\":\"EntryPoint\",\"urlTemplate\":\"http:\/\/zs.gromnik.pl\/zs\/?s={search_term_string}\"},\"query-input\":\"required name=search_term_string\"}],\"inLanguage\":\"pl-PL\"},{\"@type\":\"Person\",\"@id\":\"http:\/\/zs.gromnik.pl\/zs\/#\/schema\/person\/7fb2b24b90f39dede6a6b1ad809c8871\",\"name\":\"Barbara Kubicz\",\"image\":{\"@type\":\"ImageObject\",\"inLanguage\":\"pl-PL\",\"@id\":\"http:\/\/zs.gromnik.pl\/zs\/#\/schema\/person\/image\/\",\"url\":\"https:\/\/secure.gravatar.com\/avatar\/2148a1c13395e11280a430e7a86ac24a?s=96&d=mm&r=g\",\"contentUrl\":\"https:\/\/secure.gravatar.com\/avatar\/2148a1c13395e11280a430e7a86ac24a?s=96&d=mm&r=g\",\"caption\":\"Barbara Kubicz\"},\"url\":\"https:\/\/zs.gromnik.pl\/zs\/author\/bkubicz\/\"}]}<\/script>\n<!-- \/ Yoast SEO plugin. -->","yoast_head_json":{"title":"Przedszkolaki \u015bwi\u0119tuj\u0105 Dzie\u0144 Pluszowego Misia! - Zesp\u00f3\u0142 Szk\u00f3\u0142 w Gromniku","description":"Zesp\u00f3\u0142 Szk\u00f3\u0142 w Gromniku","robots":{"index":"index","follow":"follow","max-snippet":"max-snippet:-1","max-image-preview":"max-image-preview:large","max-video-preview":"max-video-preview:-1"},"canonical":"https:\/\/zs.gromnik.pl\/zs\/przedszkolaki-swietuja-dzien-pluszowego-misia\/","og_locale":"pl_PL","og_type":"article","og_title":"Przedszkolaki \u015bwi\u0119tuj\u0105 Dzie\u0144 Pluszowego Misia! - Zesp\u00f3\u0142 Szk\u00f3\u0142 w Gromniku","og_description":"Zesp\u00f3\u0142 Szk\u00f3\u0142 w Gromniku","og_url":"https:\/\/zs.gromnik.pl\/zs\/przedszkolaki-swietuja-dzien-pluszowego-misia\/","og_site_name":"Zesp\u00f3\u0142 Szk\u00f3\u0142 w Gromniku","article_publisher":"https:\/\/www.facebook.com\/zsgromnik","article_published_time":"2021-11-29T11:54:05+00:00","article_modified_time":"2021-11-29T11:54:08+00:00","og_image":[{"width":2560,"height":1707,"url":"https:\/\/zs.gromnik.pl\/zs\/wp-content\/uploads\/2021\/11\/IMG_4881-scaled.jpg","type":"image\/jpeg"}],"author":"Barbara Kubicz","twitter_card":"summary_large_image","twitter_misc":{"Napisane przez":"Barbara Kubicz","Szacowany czas czytania":"5 minut"},"schema":{"@context":"https:\/\/schema.org","@graph":[{"@type":"WebPage","@id":"https:\/\/zs.gromnik.pl\/zs\/przedszkolaki-swietuja-dzien-pluszowego-misia\/","url":"https:\/\/zs.gromnik.pl\/zs\/przedszkolaki-swietuja-dzien-pluszowego-misia\/","name":"Przedszkolaki \u015bwi\u0119tuj\u0105 Dzie\u0144 Pluszowego Misia! - Zesp\u00f3\u0142 Szk\u00f3\u0142 w Gromniku","isPartOf":{"@id":"http:\/\/zs.gromnik.pl\/zs\/#website"},"datePublished":"2021-11-29T11:54:05+00:00","dateModified":"2021-11-29T11:54:08+00:00","author":{"@id":"http:\/\/zs.gromnik.pl\/zs\/#\/schema\/person\/7fb2b24b90f39dede6a6b1ad809c8871"},"description":"Zesp\u00f3\u0142 Szk\u00f3\u0142 w Gromniku","breadcrumb":{"@id":"https:\/\/zs.gromnik.pl\/zs\/przedszkolaki-swietuja-dzien-pluszowego-misia\/#breadcrumb"},"inLanguage":"pl-PL","potentialAction":[{"@type":"ReadAction","target":["https:\/\/zs.gromnik.pl\/zs\/przedszkolaki-swietuja-dzien-pluszowego-misia\/"]}]},{"@type":"BreadcrumbList","@id":"https:\/\/zs.gromnik.pl\/zs\/przedszkolaki-swietuja-dzien-pluszowego-misia\/#breadcrumb","itemListElement":[{"@type":"ListItem","position":1,"name":"Strona g\u0142\u00f3wna","item":"http:\/\/zs.gromnik.pl\/zs\/"},{"@type":"ListItem","position":2,"name":"Przedszkolaki \u015bwi\u0119tuj\u0105 Dzie\u0144 Pluszowego Misia!"}]},{"@type":"WebSite","@id":"http:\/\/zs.gromnik.pl\/zs\/#website","url":"http:\/\/zs.gromnik.pl\/zs\/","name":"Zesp\u00f3\u0142 Szk\u00f3\u0142 w Gromniku","description":"","potentialAction":[{"@type":"SearchAction","target":{"@type":"EntryPoint","urlTemplate":"http:\/\/zs.gromnik.pl\/zs\/?s={search_term_string}"},"query-input":"required name=search_term_string"}],"inLanguage":"pl-PL"},{"@type":"Person","@id":"http:\/\/zs.gromnik.pl\/zs\/#\/schema\/person\/7fb2b24b90f39dede6a6b1ad809c8871","name":"Barbara Kubicz","image":{"@type":"ImageObject","inLanguage":"pl-PL","@id":"http:\/\/zs.gromnik.pl\/zs\/#\/schema\/person\/image\/","url":"https:\/\/secure.gravatar.com\/avatar\/2148a1c13395e11280a430e7a86ac24a?s=96&d=mm&r=g","contentUrl":"https:\/\/secure.gravatar.com\/avatar\/2148a1c13395e11280a430e7a86ac24a?s=96&d=mm&r=g","caption":"Barbara Kubicz"},"url":"https:\/\/zs.gromnik.pl\/zs\/author\/bkubicz\/"}]}},"_links":{"self":[{"href":"https:\/\/zs.gromnik.pl\/zs\/wp-json\/wp\/v2\/posts\/10498"}],"collection":[{"href":"https:\/\/zs.gromnik.pl\/zs\/wp-json\/wp\/v2\/posts"}],"about":[{"href":"https:\/\/zs.gromnik.pl\/zs\/wp-json\/wp\/v2\/types\/post"}],"author":[{"embeddable":true,"href":"https:\/\/zs.gromnik.pl\/zs\/wp-json\/wp\/v2\/users\/7"}],"replies":[{"embeddable":true,"href":"https:\/\/zs.gromnik.pl\/zs\/wp-json\/wp\/v2\/comments?post=10498"}],"version-history":[{"count":1,"href":"https:\/\/zs.gromnik.pl\/zs\/wp-json\/wp\/v2\/posts\/10498\/revisions"}],"predecessor-version":[{"id":10525,"href":"https:\/\/zs.gromnik.pl\/zs\/wp-json\/wp\/v2\/posts\/10498\/revisions\/10525"}],"wp:featuredmedia":[{"embeddable":true,"href":"https:\/\/zs.gromnik.pl\/zs\/wp-json\/wp\/v2\/media\/10519"}],"wp:attachment":[{"href":"https:\/\/zs.gromnik.pl\/zs\/wp-json\/wp\/v2\/media?parent=10498"}],"wp:term":[{"taxonomy":"category","embeddable":true,"href":"https:\/\/zs.gromnik.pl\/zs\/wp-json\/wp\/v2\/categories?post=10498"},{"taxonomy":"post_tag","embeddable":true,"href":"https:\/\/zs.gromnik.pl\/zs\/wp-json\/wp\/v2\/tags?post=10498"}],"curies":[{"name":"wp","href":"https:\/\/api.w.org\/{rel}","templated":true}]}}