{"id":11072,"date":"2022-09-10T16:28:28","date_gmt":"2022-09-10T14:28:28","guid":{"rendered":"http:\/\/zs.gromnik.pl\/zs\/?p=11072"},"modified":"2022-09-10T16:28:29","modified_gmt":"2022-09-10T14:28:29","slug":"erasmus-relacja-z-kursu-jezykowego","status":"publish","type":"post","link":"https:\/\/zs.gromnik.pl\/zs\/erasmus-relacja-z-kursu-jezykowego\/","title":{"rendered":"Erasmus+ &#8211; relacja z kursu j\u0119zykowego&#8230;"},"content":{"rendered":"\n<div class=\"wp-block-image\"><figure class=\"aligncenter size-large\"><img loading=\"lazy\" width=\"1024\" height=\"462\" src=\"http:\/\/zs.gromnik.pl\/zs\/wp-content\/uploads\/2022\/09\/ADG2-1024x462.jpg\" alt=\"\" class=\"wp-image-11073\" srcset=\"https:\/\/zs.gromnik.pl\/zs\/wp-content\/uploads\/2022\/09\/ADG2-1024x462.jpg 1024w, https:\/\/zs.gromnik.pl\/zs\/wp-content\/uploads\/2022\/09\/ADG2-300x135.jpg 300w, https:\/\/zs.gromnik.pl\/zs\/wp-content\/uploads\/2022\/09\/ADG2-768x346.jpg 768w, https:\/\/zs.gromnik.pl\/zs\/wp-content\/uploads\/2022\/09\/ADG2-1140x514.jpg 1140w, https:\/\/zs.gromnik.pl\/zs\/wp-content\/uploads\/2022\/09\/ADG2.jpg 1420w\" sizes=\"(max-width: 1024px) 100vw, 1024px\" \/><\/figure><\/div>\n\n\n\n<p class=\"has-text-align-center\"><strong>Sprawozdanie z wyjazdu na&nbsp;Malt\u0119 w ramach realizacji programu Erasmus +<br>,,Z g\u0142ow\u0105 w chmurze \u2013 cyfryzacja drog\u0105 do innowacyjnej edukacji.\u2019\u2019<\/strong><\/p>\n\n\n\n<p>W dniach 04.07.2022 r. &#8211; 15.07.2022 r.&nbsp;wraz z dwoma nauczycielkami (Ann\u0105 Cudek i&nbsp;Wies\u0142aw\u0105 Cudek) Szko\u0142y Podstawowej w Gromniku uczestniczy\u0142am w dwutygodniowym kursie j\u0119zykowym w ramach programu Erasmus +. Celem wyjazdu by\u0142o podniesienie swoich kompetencji \u201emi\u0119kkich\u201d, kompetencji j\u0119zykowych oraz kompetencji mi\u0119dzykulturowych.<\/p>\n\n\n\n<p>Wylot na Malt\u0119 mia\u0142 miejsce w dniu 01 lipca br. z lotniska w Pyrzowicach. Na Mi\u0119dzynarodowym Porcie Lotniczym na Malcie w Local Council Luqa wyl\u0105dowa\u0142y\u015bmy oko\u0142o godziny 21:00. Stamt\u0105d zosta\u0142y\u015bmy przewiezione do miejscowo\u015bci Buggiba, gdzie mia\u0142y\u015bmy zakwaterowanie w hotelu Topaz. Weekend, tj. 02-03. lipca br. przed planowanymi zaj\u0119ciami po\u015bwi\u0119ci\u0142y\u015bmy na poznanie miasta, a tak\u017ce odwiedzi\u0142y\u015bmy Akwarium Narodowe Malta w Saint Paul&#8217;s Bay. Jest ono jedn\u0105 z wi\u0119kszych atrakcji w Buggibie.<\/p>\n\n\n\n<p>W poniedzia\u0142ek ( 04.07.2022 r.) rano uda\u0142y\u015bmy si\u0119 do Alpha School \u2013 szko\u0142y j\u0119zyka angielskiego, gdzie po odebraniu identyfikatora, przydzielono nas do odpowiednich grup, a nast\u0119pnie rozpocz\u0119\u0142a si\u0119 nauka j\u0119zyka angielskiego. Szkolenia w ramach mobilno\u015bci zosta\u0142y tak zorganizowane i zaplanowane, aby odpowiada\u0142y za\u0142o\u017ceniom projektu. Zaj\u0119cia w tej szkole odbywa\u0142y si\u0119 od poniedzia\u0142ku do pi\u0105tku wy\u0142\u0105cznie w j\u0119zyku angielskim. Ka\u017cdy dzie\u0144 nauki sk\u0142ada\u0142 si\u0119 z dw\u00f3ch blok\u00f3w podzielonych przerw\u0105 w godz. 9.00-13.30.\u00a0Szkolenie grupy obejmowa\u0142o \u0142\u0105cznie 40 godzin. Pozwoli\u0142o to nam rozwin\u0105\u0107 kompetencje j\u0119zykowe ze szczeg\u00f3lnym uwzgl\u0119dnieniem umiej\u0119tno\u015bci komunikacyjnych. Wa\u017cnym aspektem by\u0142o\u00a0doskonalenie znajomo\u015bci s\u0142ownictwa, wymowy i gramatyki. Zaj\u0119cia przebiega\u0142y w mi\u0142ej atmosferze, prowadz\u0105cy dok\u0142adali wszelkich stara\u0144, by uatrakcyjni\u0107 przekazywane tre\u015bci.<\/p>\n\n\n\n<p>We wtorek (05.07.2022r.) w szkole zosta\u0142a zorganizowana wycieczka do Mdiny i Rabatu. W mie\u015bcie Rabat spacerowali\u015bmy w\u0105skimi, uroczymi uliczkami miasta, podziwiali\u015bmy malta\u0144sk\u0105 architektur\u0119 dom\u00f3w w kolorze piaskowca z kolorowymi, drewnianymi balkonami, a\u017c doszli\u015bmy do mur\u00f3w miasta\u00a0Mdina zwanym Cichym Miastem. Mdina, to dawna stolica. Spaceruj\u0105c ogl\u0105dali\u015bmy charakterystyczne, kolorowe drzwi ozdobione gustownymi ko\u0142atkami. Po\u0142o\u017cenie na wzg\u00f3rzu sprawia, \u017ce z mur\u00f3w miasta mo\u017cemy podziwia\u0107 panoram\u0119 wyspy. Zwiedzi\u0142y\u015bmy te\u017c Ko\u015bci\u00f3\u0142 \u015bw. Paw\u0142a w Rabacie i znajduj\u0105ce si\u0119 tam\u00a0<strong>katakumby<\/strong>\u00a0<strong>i schrony z czas\u00f3w II wojny \u015bwiatowej,<\/strong> <strong>Grot\u0119 \u015bw. Paw\u0142a<\/strong>, podziwia\u0142y\u015bmy wspania\u0142\u0105 Bram\u0119 Miejsk\u0105 w Mdinie, znan\u0105 r\u00f3wnie\u017c jako Main Gate. Mia\u0142y\u015bmy te\u017c czas na spr\u00f3bowanie tradycyjnych malta\u0144skich s\u0142odyczy w jednej z kawiarenek w Mdinie.<\/p>\n\n\n\n<p>Pozosta\u0142e dni tygodnia up\u0142yn\u0119\u0142y na nauce. Wolny czas od zaj\u0119\u0107 wykorzysta\u0142y\u015bmy na wycieczki w celu\u00a0zwiedzania niezwykle urokliwych i zabytkowych miejsc na Malcie. Np.: pla\u017ca Golden Bay, kawiarenki z lokalnym jedzeniem w Bugibbie. W sobot\u0119 09.07.2022r. wybra\u0142y\u015bmy si\u0119 w rejs statkiem na Gozo i Comino. W <strong>Victorii (stolicy wyspy Gozo) \u00a0zwiedzi\u0142y\u015bmy przepi\u0119kn\u0105 Cytadel\u0119<\/strong>\u00a0g\u00f3ruj\u0105c\u0105 nad miastem, kt\u00f3r\u0105 wida\u0107 ju\u017c z daleka. Na wyspie Comino mia\u0142y\u015bmy mo\u017cliwo\u015b\u0107 zobaczy\u0107 pla\u017c\u0119 i wyk\u0105pa\u0107 si\u0119 w b\u0142\u0119kitnej wodzie Blue Lagoon. W niedziel\u0119 postanowi\u0142y\u015bmy jeszcze raz uda\u0107 si\u0119 do Mdiny, i jeszcze raz, tym razem samodzielnie, zwiedzi\u0107 miasto.<\/p>\n\n\n\n<div class=\"wp-block-image\"><figure class=\"aligncenter size-large is-resized\"><img loading=\"lazy\" src=\"http:\/\/zs.gromnik.pl\/zs\/wp-content\/uploads\/2022\/09\/ADG3-766x1024.jpg\" alt=\"\" class=\"wp-image-11075\" width=\"575\" height=\"768\" srcset=\"https:\/\/zs.gromnik.pl\/zs\/wp-content\/uploads\/2022\/09\/ADG3-766x1024.jpg 766w, https:\/\/zs.gromnik.pl\/zs\/wp-content\/uploads\/2022\/09\/ADG3-224x300.jpg 224w, https:\/\/zs.gromnik.pl\/zs\/wp-content\/uploads\/2022\/09\/ADG3-768x1027.jpg 768w, https:\/\/zs.gromnik.pl\/zs\/wp-content\/uploads\/2022\/09\/ADG3-1149x1536.jpg 1149w, https:\/\/zs.gromnik.pl\/zs\/wp-content\/uploads\/2022\/09\/ADG3-1140x1524.jpg 1140w, https:\/\/zs.gromnik.pl\/zs\/wp-content\/uploads\/2022\/09\/ADG3.jpg 1532w\" sizes=\"(max-width: 575px) 100vw, 575px\" \/><\/figure><\/div>\n\n\n\n<p>W nast\u0119pnym tygodniu we wtorek (12.07.2022r.) uczestniczy\u0142y\u015bmy w wycieczce zorganizowanej przez Alpha School do stolicy Malty \u2013 Valetty. Podczas wycieczki ogl\u0105da\u0142y\u015bmy film o historii Malty, szkolny przewodnik pokaza\u0142 mam m. in. : Teatr \u2013 Pjazza Teatru Rjal<strong>, <\/strong><strong>tu\u017c obok, pomi\u0119dzy teatrem a murami Valletty &#8211; do\u015b\u0107 nowoczesny ale pasuj\u0105cy do otoczenia budynek, kt\u00f3ry jest parlamentem Malty,<\/strong> gmach budynku Pa\u0142acu Wielkiego Mistrza, kt\u00f3ry d<strong>zisiaj jest siedzib\u0105 kancelarii prezydenta Malty<\/strong><strong>,<\/strong> katedr\u0119 \u015bw. Jana Chrzciciela w Valletcie,<strong>&nbsp; <\/strong>Fontann\u0119 Trytona\u2026<\/p>\n\n\n\n<p>Pozosta\u0142e dni sp\u0119dzi\u0142y\u015bmy na nauce w szkole, pla\u017cowaniu i degustowaniu tradycyjnych malta\u0144skich potraw. W pi\u0105tek 15.07.2022 \u2013 ostatniego dnia w szkole, odebra\u0142y\u015bmy \u015bwiadectwa uko\u0144czenia kursu i uda\u0142y\u015bmy si\u0119 w podr\u00f3\u017c powrotn\u0105 do domu.<\/p>\n\n\n\n<p>Podsumowuj\u0105c, kurs j\u0119zykowy na Malcie okaza\u0142 si\u0119 by\u0107 cennym do\u015bwiadczeniem, umo\u017cliwi\u0142 rozw\u00f3j&nbsp;kompetencji j\u0119zykowych, przyczyni\u0142 si\u0119 do zwi\u0119kszenia poczucia pewno\u015bci siebie, zdecydowanie \u0142atwiej mog\u0142am porozumiewa\u0107 si\u0119 z innymi w j\u0119zyku angielskim, da\u0142 mi szans\u0119 zwiedzenia pi\u0119knej wyspy i poznania historii Malty. My\u015bl\u0119, \u017ce nowe umiej\u0119tno\u015bci przyczyni\u0105 si\u0119 do podniesienia jako\u015bci mojej pracy.<\/p>\n\n\n\n<p>Sprawozdanie sporz\u0105dzi\u0142a:<\/p>\n\n\n\n<p>Anna D\u0119bosz \u2013 Gorczyca<\/p>\n\n\n\n<div class=\"wp-block-image\"><figure class=\"aligncenter size-large\"><img loading=\"lazy\" width=\"455\" height=\"1024\" src=\"http:\/\/zs.gromnik.pl\/zs\/wp-content\/uploads\/2022\/09\/ADG-455x1024.jpg\" alt=\"\" class=\"wp-image-11074\" srcset=\"https:\/\/zs.gromnik.pl\/zs\/wp-content\/uploads\/2022\/09\/ADG-455x1024.jpg 455w, https:\/\/zs.gromnik.pl\/zs\/wp-content\/uploads\/2022\/09\/ADG-133x300.jpg 133w, https:\/\/zs.gromnik.pl\/zs\/wp-content\/uploads\/2022\/09\/ADG.jpg 640w\" sizes=\"(max-width: 455px) 100vw, 455px\" \/><\/figure><\/div>\n\n\n\n<p>Report on the trip to Malta as part of the Erasmus + program &#8222;Head in the cloud &#8211; digitization as a path to innovative education.&#8221;<\/p>\n\n\n\n<p>\u00a0\u00a0\u00a0\u00a0\u00a0\u00a0\u00a0\u00a0\u00a0\u00a0\u00a0 From 04\/07\/2022 to 15\/07\/2022, together with two teachers Anna Cudek and Wies\u0142awa Cudek from the Primary School in Gromnik, I participated in a two-week language course under the Erasmus + program. \u00a0The purpose of the trip was to improve our soft skills, language and intercultural competences.<\/p>\n\n\n\n<p>\u00a0\u00a0\u00a0\u00a0\u00a0\u00a0\u00a0\u00a0\u00a0\u00a0\u00a0 The departure to Malta took place on the 1st of July this year from Pyrzowice Airport. We landed at Malta International Airport in Local Council Luqa around 9 p.m. \u00a0From there, we were taken to the village of Buggiba, where we had accommodation at the Topaz hotel. \u00a0The weekend (02-03 July 2022) before the planned classes, we devoted ourselves to getting to know the city, and we also visited the Malta National Aquarium in Saint Paul&#8217;s Bay. \u00a0It is one of the biggest attractions in Buggiba.<\/p>\n\n\n\n<p>\u00a0On Monday morning (04\/07\/2022) we went to Alpha School &#8211; the English language school, where, after receiving the ID badge, we were assigned to appropriate groups and began learning English. The mobility training was organized and planned in such a way as to correspond to the project objectives. \u00a0Classes at this school were held from Monday to Friday in English only. \u00a0Each day of learning consisted of two blocks divided with a break between \u00a09.00-13.30. \u00a0The group training took a total of 40 hours. \u00a0It allowed us<br>to develop language competences with particular emphasis on communication skills. An important aspect was to improve our knowledge of vocabulary, pronunciation and grammar. \u00a0The classes were held in a relaxed atmosphere, and the teachers put in effort to make the content more interesting.<\/p>\n\n\n\n<p>\u00a0\u00a0\u00a0\u00a0\u00a0\u00a0\u00a0\u00a0\u00a0\u00a0\u00a0 On Tuesday (05\/07\/2022) a trip to Mdina was organized at the school \u00a0and Discount. \u00a0In the city of Rabat, we walked through the narrow, charming streets of the city and admired the Maltese architecture. \u00a0Sandstone-colored houses with colorful, wooden balconie. Later we reached the walls of the city of Mdina, called the Quiet City. \u00a0Mdina is the former capital. \u00a0While walking, we looked at the characteristic, colorful doors decorated with tasteful knockers. The location on the hill allows you to admire the panorama of the island from the city walls. \u00a0We also visited the Church of St. \u00a0Paul in Rabat and the catacombs and shelters from World War II, the Grotto of St. \u00a0Paul, we admired the magnificent City Gate in Mdina, also known as the Main Gate. \u00a0We also had time to try traditional Maltese sweets in one of the cafes.<\/p>\n\n\n\n<p>\u00a0\u00a0\u00a0\u00a0\u00a0\u00a0\u00a0\u00a0\u00a0\u00a0\u00a0 The rest of the week was devoted to studying. \u00a0We used the free time from classes on trips to visit extremely charming and historic places in Malta. \u00a0For example: Golden Bay beach, cafes with local food in Bugibba. \u00a0On Saturday 09\/07\/2022. \u00a0we went on a boat trip to Gozo and Comino. \u00a0In Victoria (the capital of the island of Gozo) we visited the beautiful Citadel towering over the city, which can be seen from<br>a distance. \u00a0On the island of Comino, we had the opportunity to see the beach and swim in the blue water of Blue Lagoon. \u00a0On Sunday, we decided to go to Mdina again, and once again, this time on our own, exploring the city.<\/p>\n\n\n\n<div class=\"wp-block-image\"><figure class=\"aligncenter size-large is-resized\"><img loading=\"lazy\" src=\"http:\/\/zs.gromnik.pl\/zs\/wp-content\/uploads\/2022\/09\/ADG6-766x1024.jpg\" alt=\"\" class=\"wp-image-11076\" width=\"575\" height=\"768\" srcset=\"https:\/\/zs.gromnik.pl\/zs\/wp-content\/uploads\/2022\/09\/ADG6-766x1024.jpg 766w, https:\/\/zs.gromnik.pl\/zs\/wp-content\/uploads\/2022\/09\/ADG6-224x300.jpg 224w, https:\/\/zs.gromnik.pl\/zs\/wp-content\/uploads\/2022\/09\/ADG6-768x1027.jpg 768w, https:\/\/zs.gromnik.pl\/zs\/wp-content\/uploads\/2022\/09\/ADG6-1149x1536.jpg 1149w, https:\/\/zs.gromnik.pl\/zs\/wp-content\/uploads\/2022\/09\/ADG6-1140x1524.jpg 1140w, https:\/\/zs.gromnik.pl\/zs\/wp-content\/uploads\/2022\/09\/ADG6.jpg 1532w\" sizes=\"(max-width: 575px) 100vw, 575px\" \/><\/figure><\/div>\n\n\n\n<p>&nbsp;&nbsp;&nbsp;&nbsp;&nbsp;&nbsp;&nbsp;&nbsp;&nbsp;&nbsp;&nbsp; The following week, on Tuesday (12\/07\/2022), we participated in a trip organized by Alpha School to the capital of Malta &#8211; Valletta. &nbsp;During the trip, we watched a movie about the history of Malta, the school guide showed me, among others. &nbsp;: Theater &#8211; Pjazza Teatru Rjal, right next door, between the theater and Valletta walls &#8211; quite modern but fitting to the surroundings building, which is the Parliament of Malta, the building of the Grand Master&#8217;s Palace, which today houses the office of the President of Malta, the Cathedral of St. &nbsp;John the Baptist in Valletta, the Triton Fountain &#8230;<\/p>\n\n\n\n<p>&nbsp;&nbsp;&nbsp;&nbsp;&nbsp;&nbsp;&nbsp;&nbsp;&nbsp;&nbsp;&nbsp; We spent the remaining days studying at school, sunbathing and tasting traditional Maltese dishes. &nbsp;On Friday, 15\/07\/2022 &#8211; the last day at school, we picked up the course completion certificates and went back home.<\/p>\n\n\n\n<p>\u00a0\u00a0\u00a0\u00a0\u00a0\u00a0\u00a0\u00a0\u00a0\u00a0\u00a0 To sum up, the language course in Malta turned out to be a valuable experience, it enabled the development of linguistic competences, contributed to increased self-confidence. I was able to communicate with others in English much easier and I had\u00a0a chance to visit the beautiful island and learn about the history of Malta. \u00a0I think the new skills will improve the quality of my work.\u00a0\u200b\u200b\u200b\u200b\u200b\u200b\u200b\u200b\u200b<\/p>\n\n\n\n<p>&nbsp;The report was prepared by:<\/p>\n\n\n\n<p>\u00a0Anna D\u0119bosz &#8211; Gorczyca<\/p>\n\n\n\n<div class=\"wp-block-image\"><figure class=\"aligncenter size-large is-resized\"><img loading=\"lazy\" src=\"http:\/\/zs.gromnik.pl\/zs\/wp-content\/uploads\/2022\/09\/ADG1-1024x768.jpg\" alt=\"\" class=\"wp-image-11077\" width=\"768\" height=\"576\" srcset=\"https:\/\/zs.gromnik.pl\/zs\/wp-content\/uploads\/2022\/09\/ADG1-1024x768.jpg 1024w, https:\/\/zs.gromnik.pl\/zs\/wp-content\/uploads\/2022\/09\/ADG1-300x225.jpg 300w, https:\/\/zs.gromnik.pl\/zs\/wp-content\/uploads\/2022\/09\/ADG1-768x576.jpg 768w, https:\/\/zs.gromnik.pl\/zs\/wp-content\/uploads\/2022\/09\/ADG1-1536x1152.jpg 1536w, https:\/\/zs.gromnik.pl\/zs\/wp-content\/uploads\/2022\/09\/ADG1-1140x855.jpg 1140w, https:\/\/zs.gromnik.pl\/zs\/wp-content\/uploads\/2022\/09\/ADG1.jpg 1984w\" sizes=\"(max-width: 768px) 100vw, 768px\" \/><\/figure><\/div>\n","protected":false},"excerpt":{"rendered":"<p>Sprawozdanie z wyjazdu na&nbsp;Malt\u0119 w ramach realizacji programu Erasmus +,,Z g\u0142ow\u0105 w chmurze \u2013 cyfryzacja drog\u0105 do innowacyjnej edukacji.\u2019\u2019 W dniach 04.07.2022 r. &#8211; 15.07.2022 r.&nbsp;wraz z dwoma nauczycielkami (Ann\u0105 Cudek i&nbsp;Wies\u0142aw\u0105 Cudek) Szko\u0142y Podstawowej w Gromniku uczestniczy\u0142am w dwutygodniowym kursie j\u0119zykowym w ramach programu Erasmus +. Celem wyjazdu by\u0142o podniesienie swoich kompetencji \u201emi\u0119kkich\u201d, kompetencji j\u0119zykowych oraz kompetencji mi\u0119dzykulturowych. Wylot na Malt\u0119 mia\u0142 miejsce w dniu 01 lipca br. z lotniska w Pyrzowicach. Na Mi\u0119dzynarodowym Porcie Lotniczym na Malcie w Local Council Luqa wyl\u0105dowa\u0142y\u015bmy oko\u0142o godziny 21:00. Stamt\u0105d zosta\u0142y\u015bmy przewiezione do miejscowo\u015bci Buggiba, gdzie mia\u0142y\u015bmy zakwaterowanie w hotelu Topaz. Weekend, tj. 02-03. lipca br. przed planowanymi zaj\u0119ciami po\u015bwi\u0119ci\u0142y\u015bmy na poznanie miasta, a tak\u017ce odwiedzi\u0142y\u015bmy Akwarium Narodowe Malta w Saint Paul&#8217;s Bay. Jest ono jedn\u0105 z wi\u0119kszych atrakcji w Buggibie. W poniedzia\u0142ek ( 04.07.2022 r.) rano uda\u0142y\u015bmy si\u0119 do Alpha School \u2013 szko\u0142y j\u0119zyka angielskiego, gdzie po odebraniu identyfikatora, przydzielono nas do odpowiednich grup, a nast\u0119pnie rozpocz\u0119\u0142a si\u0119 nauka j\u0119zyka angielskiego. Szkolenia w ramach mobilno\u015bci zosta\u0142y tak zorganizowane i zaplanowane, aby odpowiada\u0142y za\u0142o\u017ceniom projektu. Zaj\u0119cia w tej szkole odbywa\u0142y si\u0119 od poniedzia\u0142ku do pi\u0105tku wy\u0142\u0105cznie w j\u0119zyku angielskim. Ka\u017cdy dzie\u0144 nauki sk\u0142ada\u0142 si\u0119 z dw\u00f3ch blok\u00f3w podzielonych przerw\u0105 w godz. 9.00-13.30.\u00a0Szkolenie grupy obejmowa\u0142o \u0142\u0105cznie 40 godzin. Pozwoli\u0142o to nam rozwin\u0105\u0107 kompetencje j\u0119zykowe ze szczeg\u00f3lnym uwzgl\u0119dnieniem umiej\u0119tno\u015bci komunikacyjnych. Wa\u017cnym aspektem by\u0142o\u00a0doskonalenie znajomo\u015bci s\u0142ownictwa, wymowy i gramatyki. Zaj\u0119cia przebiega\u0142y w mi\u0142ej atmosferze, prowadz\u0105cy dok\u0142adali wszelkich stara\u0144, by uatrakcyjni\u0107 przekazywane tre\u015bci. We wtorek (05.07.2022r.) w szkole zosta\u0142a zorganizowana wycieczka do Mdiny i Rabatu. W mie\u015bcie Rabat spacerowali\u015bmy w\u0105skimi, uroczymi uliczkami miasta, podziwiali\u015bmy malta\u0144sk\u0105 architektur\u0119 dom\u00f3w w kolorze piaskowca z kolorowymi, drewnianymi balkonami, a\u017c doszli\u015bmy do mur\u00f3w miasta\u00a0Mdina zwanym Cichym Miastem. Mdina, to dawna stolica. Spaceruj\u0105c ogl\u0105dali\u015bmy charakterystyczne, kolorowe drzwi ozdobione gustownymi ko\u0142atkami. Po\u0142o\u017cenie na wzg\u00f3rzu sprawia, \u017ce z mur\u00f3w miasta mo\u017cemy podziwia\u0107 panoram\u0119 wyspy. Zwiedzi\u0142y\u015bmy te\u017c Ko\u015bci\u00f3\u0142 \u015bw. Paw\u0142a w Rabacie i znajduj\u0105ce si\u0119 tam\u00a0katakumby\u00a0i schrony z czas\u00f3w II wojny \u015bwiatowej, Grot\u0119 \u015bw. Paw\u0142a, podziwia\u0142y\u015bmy wspania\u0142\u0105 Bram\u0119 Miejsk\u0105 w Mdinie, znan\u0105 r\u00f3wnie\u017c jako Main Gate. Mia\u0142y\u015bmy te\u017c czas na spr\u00f3bowanie tradycyjnych malta\u0144skich s\u0142odyczy w jednej z kawiarenek w Mdinie. Pozosta\u0142e dni tygodnia up\u0142yn\u0119\u0142y na nauce. Wolny czas od zaj\u0119\u0107 wykorzysta\u0142y\u015bmy na wycieczki w celu\u00a0zwiedzania niezwykle urokliwych i zabytkowych miejsc na Malcie. Np.: pla\u017ca Golden Bay, kawiarenki z lokalnym jedzeniem w Bugibbie. W sobot\u0119 09.07.2022r. wybra\u0142y\u015bmy si\u0119 w rejs statkiem na Gozo i Comino. W Victorii (stolicy wyspy Gozo) \u00a0zwiedzi\u0142y\u015bmy przepi\u0119kn\u0105 Cytadel\u0119\u00a0g\u00f3ruj\u0105c\u0105 nad miastem, kt\u00f3r\u0105 wida\u0107 ju\u017c z daleka. Na wyspie Comino mia\u0142y\u015bmy mo\u017cliwo\u015b\u0107 zobaczy\u0107 pla\u017c\u0119 i wyk\u0105pa\u0107 si\u0119 w b\u0142\u0119kitnej wodzie Blue Lagoon. W niedziel\u0119 postanowi\u0142y\u015bmy jeszcze raz uda\u0107 si\u0119 do Mdiny, i jeszcze raz, tym razem samodzielnie, zwiedzi\u0107 miasto. W nast\u0119pnym tygodniu we wtorek (12.07.2022r.) uczestniczy\u0142y\u015bmy w wycieczce zorganizowanej przez Alpha School do stolicy Malty \u2013 Valetty. Podczas wycieczki ogl\u0105da\u0142y\u015bmy film o historii Malty, szkolny przewodnik pokaza\u0142 mam m. in. : Teatr \u2013 Pjazza Teatru Rjal, tu\u017c obok, pomi\u0119dzy teatrem a murami Valletty &#8211; do\u015b\u0107 nowoczesny ale pasuj\u0105cy do otoczenia budynek, kt\u00f3ry jest parlamentem Malty, gmach budynku Pa\u0142acu Wielkiego Mistrza, kt\u00f3ry dzisiaj jest siedzib\u0105 kancelarii prezydenta Malty, katedr\u0119 \u015bw. Jana Chrzciciela w Valletcie,&nbsp; Fontann\u0119 Trytona\u2026 Pozosta\u0142e dni sp\u0119dzi\u0142y\u015bmy na nauce w szkole, pla\u017cowaniu i degustowaniu tradycyjnych malta\u0144skich potraw. W pi\u0105tek 15.07.2022 \u2013 ostatniego dnia w szkole, odebra\u0142y\u015bmy \u015bwiadectwa uko\u0144czenia kursu i uda\u0142y\u015bmy si\u0119 w podr\u00f3\u017c powrotn\u0105 do domu. Podsumowuj\u0105c, kurs j\u0119zykowy na Malcie okaza\u0142 si\u0119 by\u0107 cennym do\u015bwiadczeniem, umo\u017cliwi\u0142 rozw\u00f3j&nbsp;kompetencji j\u0119zykowych, przyczyni\u0142 si\u0119 do zwi\u0119kszenia poczucia pewno\u015bci siebie, zdecydowanie \u0142atwiej mog\u0142am porozumiewa\u0107 si\u0119 z innymi w j\u0119zyku angielskim, da\u0142 mi szans\u0119 zwiedzenia pi\u0119knej wyspy i poznania historii Malty. My\u015bl\u0119, \u017ce nowe umiej\u0119tno\u015bci przyczyni\u0105 si\u0119 do podniesienia jako\u015bci mojej pracy. Sprawozdanie sporz\u0105dzi\u0142a: Anna D\u0119bosz \u2013 Gorczyca Report on the trip to Malta as part of the Erasmus + program &#8222;Head in the cloud &#8211; digitization as a path to innovative education.&#8221; \u00a0\u00a0\u00a0\u00a0\u00a0\u00a0\u00a0\u00a0\u00a0\u00a0\u00a0 From 04\/07\/2022 to 15\/07\/2022, together with two teachers Anna Cudek and Wies\u0142awa Cudek from the Primary School in Gromnik, I participated in a two-week language course under the Erasmus + program. \u00a0The purpose of the trip was to improve our soft skills, language and intercultural competences. \u00a0\u00a0\u00a0\u00a0\u00a0\u00a0\u00a0\u00a0\u00a0\u00a0\u00a0 The departure to Malta took place on the 1st of July this year from Pyrzowice Airport. We landed at Malta International Airport in Local Council Luqa around 9 p.m. \u00a0From there, we were taken to the village of Buggiba, where we had accommodation at the Topaz hotel. \u00a0The weekend (02-03 July 2022) before the planned classes, we devoted ourselves to getting to know the city, and we also visited the Malta National Aquarium in Saint Paul&#8217;s Bay. \u00a0It is one of the biggest attractions in Buggiba. \u00a0On Monday morning (04\/07\/2022) we went to Alpha School &#8211; the English language school, where, after receiving the ID badge, we were assigned to appropriate groups and began learning English. The mobility training was organized and planned in such a way as to correspond to the project objectives. \u00a0Classes at this school were held from Monday to Friday in English only. \u00a0Each day of learning consisted of two blocks divided with a break between \u00a09.00-13.30. \u00a0The group training took a total of 40 hours. \u00a0It allowed usto develop language competences with particular emphasis on communication skills. An important aspect was to improve our knowledge of vocabulary, pronunciation and grammar. \u00a0The classes were held in a relaxed atmosphere, and the teachers put in effort to make the content more interesting. \u00a0\u00a0\u00a0\u00a0\u00a0\u00a0\u00a0\u00a0\u00a0\u00a0\u00a0 On Tuesday (05\/07\/2022) a trip to Mdina was organized at the school \u00a0and Discount. \u00a0In the city of Rabat, we walked through the narrow, charming streets of the city and admired the Maltese architecture. \u00a0Sandstone-colored houses with colorful, wooden balconie. Later we reached the walls of the city of Mdina, called the Quiet City. \u00a0Mdina is the former capital. \u00a0While walking, we looked at the characteristic, colorful doors decorated with tasteful knockers. The location on the hill allows you to admire the panorama of the island from the city walls. \u00a0We also visited the Church of St. \u00a0Paul in Rabat and the catacombs and shelters from World War II, the Grotto of St. \u00a0Paul, we admired the magnificent City Gate in Mdina, also known as the Main Gate. \u00a0We also had time to try traditional Maltese sweets in one of the cafes. \u00a0\u00a0\u00a0\u00a0\u00a0\u00a0\u00a0\u00a0\u00a0\u00a0\u00a0 The rest of the week was devoted to studying. \u00a0We used the free time from classes on trips to visit extremely charming and historic places in Malta. \u00a0For example: Golden Bay beach, cafes with local food in Bugibba. \u00a0On Saturday 09\/07\/2022. \u00a0we went on a boat trip to Gozo and Comino. \u00a0In Victoria (the capital of the island of Gozo) we visited the beautiful Citadel towering over the city, which can be seen froma distance. \u00a0On the island of Comino, we had the opportunity to see the beach and swim in the blue water of Blue Lagoon. \u00a0On Sunday, we decided to go to Mdina again, and once again, this time on our own, exploring the city. &nbsp;&nbsp;&nbsp;&nbsp;&nbsp;&nbsp;&nbsp;&nbsp;&nbsp;&nbsp;&nbsp; The following week, on Tuesday (12\/07\/2022), we participated in a trip organized by Alpha School to the capital of Malta &#8211; Valletta. &nbsp;During the trip, we watched a movie about the history of Malta, the school guide showed me, among others. &nbsp;: Theater &#8211; Pjazza Teatru Rjal, right next door, between the theater and Valletta walls &#8211; quite modern but fitting to the surroundings building, which is the Parliament of Malta, the building of the Grand Master&#8217;s Palace, which today houses the office of the President of Malta, the Cathedral of St. &nbsp;John the Baptist in Valletta, the Triton Fountain &#8230; &nbsp;&nbsp;&nbsp;&nbsp;&nbsp;&nbsp;&nbsp;&nbsp;&nbsp;&nbsp;&nbsp; We spent the remaining days studying at school, sunbathing and tasting traditional Maltese dishes. &nbsp;On Friday, 15\/07\/2022 &#8211; the last day at school, we picked up the course completion certificates and went back home. \u00a0\u00a0\u00a0\u00a0\u00a0\u00a0\u00a0\u00a0\u00a0\u00a0\u00a0 To sum up, the language course in Malta turned out to be a valuable experience, it enabled the development of linguistic competences, contributed to increased self-confidence. I was able to communicate with others in English much easier and I had\u00a0a chance to visit the beautiful island and learn about the history of Malta. \u00a0I think the new skills will improve the quality of my work.\u00a0\u200b\u200b\u200b\u200b\u200b\u200b\u200b\u200b\u200b &nbsp;The report was prepared by: \u00a0Anna D\u0119bosz &#8211; Gorczyca<\/p>\n","protected":false},"author":6,"featured_media":0,"comment_status":"closed","ping_status":"open","sticky":false,"template":"","format":"standard","meta":[],"categories":[3],"tags":[],"yoast_head":"<!-- This site is optimized with the Yoast SEO plugin v19.8 - https:\/\/yoast.com\/wordpress\/plugins\/seo\/ -->\n<title>Erasmus+ - relacja z kursu j\u0119zykowego... - Zesp\u00f3\u0142 Szk\u00f3\u0142 w Gromniku<\/title>\n<meta name=\"description\" content=\"Zesp\u00f3\u0142 Szk\u00f3\u0142 w Gromniku\" \/>\n<meta name=\"robots\" content=\"index, follow, max-snippet:-1, max-image-preview:large, max-video-preview:-1\" \/>\n<link rel=\"canonical\" href=\"https:\/\/zs.gromnik.pl\/zs\/erasmus-relacja-z-kursu-jezykowego\/\" \/>\n<meta property=\"og:locale\" content=\"pl_PL\" \/>\n<meta property=\"og:type\" content=\"article\" \/>\n<meta property=\"og:title\" content=\"Erasmus+ - relacja z kursu j\u0119zykowego... - Zesp\u00f3\u0142 Szk\u00f3\u0142 w Gromniku\" \/>\n<meta property=\"og:description\" content=\"Zesp\u00f3\u0142 Szk\u00f3\u0142 w Gromniku\" \/>\n<meta property=\"og:url\" content=\"https:\/\/zs.gromnik.pl\/zs\/erasmus-relacja-z-kursu-jezykowego\/\" \/>\n<meta property=\"og:site_name\" content=\"Zesp\u00f3\u0142 Szk\u00f3\u0142 w Gromniku\" \/>\n<meta property=\"article:publisher\" content=\"https:\/\/www.facebook.com\/zsgromnik\" \/>\n<meta property=\"article:published_time\" content=\"2022-09-10T14:28:28+00:00\" \/>\n<meta property=\"article:modified_time\" content=\"2022-09-10T14:28:29+00:00\" \/>\n<meta property=\"og:image\" content=\"http:\/\/zs.gromnik.pl\/zs\/wp-content\/uploads\/2022\/09\/ADG2-1024x462.jpg\" \/>\n<meta name=\"author\" content=\"Patrycja Kubicz\" \/>\n<meta name=\"twitter:card\" content=\"summary_large_image\" \/>\n<meta name=\"twitter:label1\" content=\"Napisane przez\" \/>\n\t<meta name=\"twitter:data1\" content=\"Patrycja Kubicz\" \/>\n\t<meta name=\"twitter:label2\" content=\"Szacowany czas czytania\" \/>\n\t<meta name=\"twitter:data2\" content=\"10 minut\" \/>\n<script type=\"application\/ld+json\" class=\"yoast-schema-graph\">{\"@context\":\"https:\/\/schema.org\",\"@graph\":[{\"@type\":\"WebPage\",\"@id\":\"https:\/\/zs.gromnik.pl\/zs\/erasmus-relacja-z-kursu-jezykowego\/\",\"url\":\"https:\/\/zs.gromnik.pl\/zs\/erasmus-relacja-z-kursu-jezykowego\/\",\"name\":\"Erasmus+ - relacja z kursu j\u0119zykowego... - Zesp\u00f3\u0142 Szk\u00f3\u0142 w Gromniku\",\"isPartOf\":{\"@id\":\"https:\/\/zs.gromnik.pl\/zs\/#website\"},\"datePublished\":\"2022-09-10T14:28:28+00:00\",\"dateModified\":\"2022-09-10T14:28:29+00:00\",\"author\":{\"@id\":\"https:\/\/zs.gromnik.pl\/zs\/#\/schema\/person\/8ceca2902a7d39b77622ae2e117d831a\"},\"description\":\"Zesp\u00f3\u0142 Szk\u00f3\u0142 w Gromniku\",\"breadcrumb\":{\"@id\":\"https:\/\/zs.gromnik.pl\/zs\/erasmus-relacja-z-kursu-jezykowego\/#breadcrumb\"},\"inLanguage\":\"pl-PL\",\"potentialAction\":[{\"@type\":\"ReadAction\",\"target\":[\"https:\/\/zs.gromnik.pl\/zs\/erasmus-relacja-z-kursu-jezykowego\/\"]}]},{\"@type\":\"BreadcrumbList\",\"@id\":\"https:\/\/zs.gromnik.pl\/zs\/erasmus-relacja-z-kursu-jezykowego\/#breadcrumb\",\"itemListElement\":[{\"@type\":\"ListItem\",\"position\":1,\"name\":\"Strona g\u0142\u00f3wna\",\"item\":\"https:\/\/zs.gromnik.pl\/zs\/\"},{\"@type\":\"ListItem\",\"position\":2,\"name\":\"Erasmus+ &#8211; relacja z kursu j\u0119zykowego&#8230;\"}]},{\"@type\":\"WebSite\",\"@id\":\"https:\/\/zs.gromnik.pl\/zs\/#website\",\"url\":\"https:\/\/zs.gromnik.pl\/zs\/\",\"name\":\"Zesp\u00f3\u0142 Szk\u00f3\u0142 w Gromniku\",\"description\":\"\",\"potentialAction\":[{\"@type\":\"SearchAction\",\"target\":{\"@type\":\"EntryPoint\",\"urlTemplate\":\"https:\/\/zs.gromnik.pl\/zs\/?s={search_term_string}\"},\"query-input\":\"required name=search_term_string\"}],\"inLanguage\":\"pl-PL\"},{\"@type\":\"Person\",\"@id\":\"https:\/\/zs.gromnik.pl\/zs\/#\/schema\/person\/8ceca2902a7d39b77622ae2e117d831a\",\"name\":\"Patrycja Kubicz\",\"image\":{\"@type\":\"ImageObject\",\"inLanguage\":\"pl-PL\",\"@id\":\"https:\/\/zs.gromnik.pl\/zs\/#\/schema\/person\/image\/\",\"url\":\"https:\/\/secure.gravatar.com\/avatar\/fdb188d3851f5cc80ba3148c853f5f66?s=96&d=mm&r=g\",\"contentUrl\":\"https:\/\/secure.gravatar.com\/avatar\/fdb188d3851f5cc80ba3148c853f5f66?s=96&d=mm&r=g\",\"caption\":\"Patrycja Kubicz\"},\"url\":\"https:\/\/zs.gromnik.pl\/zs\/author\/pkubicz\/\"}]}<\/script>\n<!-- \/ Yoast SEO plugin. -->","yoast_head_json":{"title":"Erasmus+ - relacja z kursu j\u0119zykowego... - Zesp\u00f3\u0142 Szk\u00f3\u0142 w Gromniku","description":"Zesp\u00f3\u0142 Szk\u00f3\u0142 w Gromniku","robots":{"index":"index","follow":"follow","max-snippet":"max-snippet:-1","max-image-preview":"max-image-preview:large","max-video-preview":"max-video-preview:-1"},"canonical":"https:\/\/zs.gromnik.pl\/zs\/erasmus-relacja-z-kursu-jezykowego\/","og_locale":"pl_PL","og_type":"article","og_title":"Erasmus+ - relacja z kursu j\u0119zykowego... - Zesp\u00f3\u0142 Szk\u00f3\u0142 w Gromniku","og_description":"Zesp\u00f3\u0142 Szk\u00f3\u0142 w Gromniku","og_url":"https:\/\/zs.gromnik.pl\/zs\/erasmus-relacja-z-kursu-jezykowego\/","og_site_name":"Zesp\u00f3\u0142 Szk\u00f3\u0142 w Gromniku","article_publisher":"https:\/\/www.facebook.com\/zsgromnik","article_published_time":"2022-09-10T14:28:28+00:00","article_modified_time":"2022-09-10T14:28:29+00:00","og_image":[{"url":"http:\/\/zs.gromnik.pl\/zs\/wp-content\/uploads\/2022\/09\/ADG2-1024x462.jpg"}],"author":"Patrycja Kubicz","twitter_card":"summary_large_image","twitter_misc":{"Napisane przez":"Patrycja Kubicz","Szacowany czas czytania":"10 minut"},"schema":{"@context":"https:\/\/schema.org","@graph":[{"@type":"WebPage","@id":"https:\/\/zs.gromnik.pl\/zs\/erasmus-relacja-z-kursu-jezykowego\/","url":"https:\/\/zs.gromnik.pl\/zs\/erasmus-relacja-z-kursu-jezykowego\/","name":"Erasmus+ - relacja z kursu j\u0119zykowego... - Zesp\u00f3\u0142 Szk\u00f3\u0142 w Gromniku","isPartOf":{"@id":"https:\/\/zs.gromnik.pl\/zs\/#website"},"datePublished":"2022-09-10T14:28:28+00:00","dateModified":"2022-09-10T14:28:29+00:00","author":{"@id":"https:\/\/zs.gromnik.pl\/zs\/#\/schema\/person\/8ceca2902a7d39b77622ae2e117d831a"},"description":"Zesp\u00f3\u0142 Szk\u00f3\u0142 w Gromniku","breadcrumb":{"@id":"https:\/\/zs.gromnik.pl\/zs\/erasmus-relacja-z-kursu-jezykowego\/#breadcrumb"},"inLanguage":"pl-PL","potentialAction":[{"@type":"ReadAction","target":["https:\/\/zs.gromnik.pl\/zs\/erasmus-relacja-z-kursu-jezykowego\/"]}]},{"@type":"BreadcrumbList","@id":"https:\/\/zs.gromnik.pl\/zs\/erasmus-relacja-z-kursu-jezykowego\/#breadcrumb","itemListElement":[{"@type":"ListItem","position":1,"name":"Strona g\u0142\u00f3wna","item":"https:\/\/zs.gromnik.pl\/zs\/"},{"@type":"ListItem","position":2,"name":"Erasmus+ &#8211; relacja z kursu j\u0119zykowego&#8230;"}]},{"@type":"WebSite","@id":"https:\/\/zs.gromnik.pl\/zs\/#website","url":"https:\/\/zs.gromnik.pl\/zs\/","name":"Zesp\u00f3\u0142 Szk\u00f3\u0142 w Gromniku","description":"","potentialAction":[{"@type":"SearchAction","target":{"@type":"EntryPoint","urlTemplate":"https:\/\/zs.gromnik.pl\/zs\/?s={search_term_string}"},"query-input":"required name=search_term_string"}],"inLanguage":"pl-PL"},{"@type":"Person","@id":"https:\/\/zs.gromnik.pl\/zs\/#\/schema\/person\/8ceca2902a7d39b77622ae2e117d831a","name":"Patrycja Kubicz","image":{"@type":"ImageObject","inLanguage":"pl-PL","@id":"https:\/\/zs.gromnik.pl\/zs\/#\/schema\/person\/image\/","url":"https:\/\/secure.gravatar.com\/avatar\/fdb188d3851f5cc80ba3148c853f5f66?s=96&d=mm&r=g","contentUrl":"https:\/\/secure.gravatar.com\/avatar\/fdb188d3851f5cc80ba3148c853f5f66?s=96&d=mm&r=g","caption":"Patrycja Kubicz"},"url":"https:\/\/zs.gromnik.pl\/zs\/author\/pkubicz\/"}]}},"_links":{"self":[{"href":"https:\/\/zs.gromnik.pl\/zs\/wp-json\/wp\/v2\/posts\/11072"}],"collection":[{"href":"https:\/\/zs.gromnik.pl\/zs\/wp-json\/wp\/v2\/posts"}],"about":[{"href":"https:\/\/zs.gromnik.pl\/zs\/wp-json\/wp\/v2\/types\/post"}],"author":[{"embeddable":true,"href":"https:\/\/zs.gromnik.pl\/zs\/wp-json\/wp\/v2\/users\/6"}],"replies":[{"embeddable":true,"href":"https:\/\/zs.gromnik.pl\/zs\/wp-json\/wp\/v2\/comments?post=11072"}],"version-history":[{"count":3,"href":"https:\/\/zs.gromnik.pl\/zs\/wp-json\/wp\/v2\/posts\/11072\/revisions"}],"predecessor-version":[{"id":11080,"href":"https:\/\/zs.gromnik.pl\/zs\/wp-json\/wp\/v2\/posts\/11072\/revisions\/11080"}],"wp:attachment":[{"href":"https:\/\/zs.gromnik.pl\/zs\/wp-json\/wp\/v2\/media?parent=11072"}],"wp:term":[{"taxonomy":"category","embeddable":true,"href":"https:\/\/zs.gromnik.pl\/zs\/wp-json\/wp\/v2\/categories?post=11072"},{"taxonomy":"post_tag","embeddable":true,"href":"https:\/\/zs.gromnik.pl\/zs\/wp-json\/wp\/v2\/tags?post=11072"}],"curies":[{"name":"wp","href":"https:\/\/api.w.org\/{rel}","templated":true}]}}