{"id":11203,"date":"2022-09-26T15:45:42","date_gmt":"2022-09-26T13:45:42","guid":{"rendered":"http:\/\/zs.gromnik.pl\/zs\/?p=11203"},"modified":"2022-09-26T15:45:44","modified_gmt":"2022-09-26T13:45:44","slug":"sprawozdanie-z-wyjazdu-na-malte-w-ramach-realizacji-programu-erasmus","status":"publish","type":"post","link":"https:\/\/zs.gromnik.pl\/zs\/sprawozdanie-z-wyjazdu-na-malte-w-ramach-realizacji-programu-erasmus\/","title":{"rendered":"<strong>Sprawozdanie z wyjazdu na Malt\u0119 w ramach realizacji programu Erasmus +<\/strong>"},"content":{"rendered":"\n<p class=\"has-text-align-center has-black-color has-light-green-cyan-background-color has-text-color has-background\"><strong>,,Z g\u0142ow\u0105 w chmurze \u2013 cyfryzacja drog\u0105 do innowacyjnej edukacji.\u2019\u2019<\/strong><\/p>\n\n\n\n<p>W dniach 04.07.2022r. \u2013 15.07.2022r. wraz z dwoma nauczycielkami (Ann\u0105 Cudek i Ann\u0105 D\u0119bosz- Gorczyc\u0105) Szko\u0142y Podstawowej w Gromniku uczestniczy\u0142am w dwutygodniowym kursie j\u0119zykowym w ramach programu Erasmus +. Celem wyjazdu by\u0142a nauka j\u0119zyka angielskiego, kt\u00f3rego znajomo\u015b\u0107 w dzisiejszych czasach jest nieodzowna.<\/p>\n\n\n\n<p>Wylot na Malt\u0119 mia\u0142 miejsce w dniu 01 lipca br. z lotniska w Pyrzowicach. Po ponad dwugodzinnym locie ukaza\u0142 si\u0119 pi\u0119kny widok wysp Gozo, Comino i Malty widzianych z lotu ptaka. Szko\u0142a j\u0119zykowa, do kt\u00f3rej by\u0142y\u015bmy zg\u0142oszone zapewnia\u0142a przew\u00f3z z lotniska do miejsca zakwaterowania- Hotel \u201eTopaz\u201d w kt\u00f3rym mieszka\u0142y\u015bmy i Alpha Shool of Anglish mieszcz\u0105 si\u0119 w&nbsp;miejscowo\u015bci Saint Paul\u2019s Bay na p\u00f3\u0142nocnym wybrze\u017cu Malty. Alpha School of English to szko\u0142a j\u0119zyka angielskiego dla obcokrajowc\u00f3w licencjonowana przez Ministerstwo Edukacji i&nbsp;Ministerstwo Turystyki Republiki Malty. Szko\u0142a prowadzi zaj\u0119cia z&nbsp;j\u0119zyka angielskiego dla dzieci, m\u0142odzie\u017cy i&nbsp;doros\u0142ych z r\u00f3\u017cnych zak\u0105tk\u00f3w \u015bwiata.<\/p>\n\n\n\n<p>W wolny weekend poprzedzaj\u0105cy tydzie\u0144 wype\u0142niony nauk\u0105 sp\u0119dzi\u0142y\u015bmy na poznawaniu miasta, wizycie w Narodowym Akwarium Malta\u0144skim i pierwszych k\u0105pielach s\u0142onecznych i&nbsp;morskich.<\/p>\n\n\n\n<p>Od poniedzia\u0142ku (04.07.2022r.) rozpocz\u0119\u0142y\u015bmy kurs j\u0119zykowy- zaj\u0119cia odbywa\u0142y si\u0119 w\u00a0grupach 6 osobowych- byli to nauczyciele z Polski, W\u0119gier i Czech. Ka\u017cdy dzie\u0144 nauki sk\u0142ada\u0142 si\u0119 z dw\u00f3ch blok\u00f3w podzielonych przerw\u0105 w godz. 9.00-13.30. Kurs obejmowa\u0142 \u0142\u0105cznie 40 godzin- rozwijali\u015bmy szczeg\u00f3lnie umiej\u0119tno\u015bci komunikacji, wzbogacali\u015bmy s\u0142ownictwo i doskonalili\u015bmy gramatyk\u0119 W ramach szkolenia kulturalnego szko\u0142a zorganizowa\u0142a 2 wycieczki- zwiedzili\u015bmy stolic\u0119 Malty Vallett\u0119, oraz \u201eMiasto Ciszy\u201d\u2013 Mdin\u0119 dawn\u0105 stolic\u0119, przepi\u0119kne klimatyczne miejsce.<\/p>\n\n\n<div class=\"wp-block-image\">\n<figure class=\"aligncenter size-large\"><img loading=\"lazy\" width=\"461\" height=\"1024\" src=\"http:\/\/zs.gromnik.pl\/zs\/wp-content\/uploads\/2022\/09\/W_Cudek-1-461x1024.jpg\" alt=\"\" class=\"wp-image-11205\" srcset=\"https:\/\/zs.gromnik.pl\/zs\/wp-content\/uploads\/2022\/09\/W_Cudek-1-461x1024.jpg 461w, https:\/\/zs.gromnik.pl\/zs\/wp-content\/uploads\/2022\/09\/W_Cudek-1-135x300.jpg 135w, https:\/\/zs.gromnik.pl\/zs\/wp-content\/uploads\/2022\/09\/W_Cudek-1.jpg 640w\" sizes=\"(max-width: 461px) 100vw, 461px\" \/><\/figure><\/div>\n\n\n<p>Po zaj\u0119ciach, w wolnym czasie odby\u0142y\u015bmy rejs statkiem na wyspy Comino i Gozo. Na Gozo zwiedza\u0142y\u015bmy jej stolic\u0119 Viktori\u0119 z przepi\u0119kn\u0105 Cytadel\u0105, kt\u00f3rej pocz\u0105tki si\u0119gaj\u0105 p\u00f3\u017anego \u015bredniowiecza. Odwiedza\u0142y\u015bmy tak\u017ce polecane w przewodnikach miejsca takie jak: wioska rybacka Marsaxlokk, malta\u0144skie pla\u017ce &#8211; Blue Lagoon, Golden Beach czy Riviera Bay oraz Sliem\u0119- wsp\u00f3\u0142cze\u015bnie stosunkowo nowoczesne miasto z cz\u0119\u015bciowo zachowan\u0105 starsz\u0105 zabudow\u0105. Odwiedzi\u0142y\u015bmy te\u017c po raz drugi zar\u00f3wno Vallett\u0119 jak i Mdin\u0119- to miejsca na Malcie, do kt\u00f3rych ch\u0119tnie si\u0119 wraca, by ci\u0105gle odkrywa\u0107 nowe zak\u0105tki i ch\u0142on\u0105\u0107 atmosfer\u0119 tych miast.<\/p>\n\n\n\n<p>Trzeba przyzna\u0107, \u017ce te dwa tygodnie na Malcie przynios\u0142y niezapomnian\u0105 ilo\u015b\u0107 wra\u017ce\u0144 oraz umiej\u0119tno\u015bci, kt\u00f3re b\u0119dzie mo\u017cna wykorzysta\u0107 podczas pracy w szkole. Przyjazna atmosfera w szkole j\u0119zykowej zach\u0119ca do kolejnych odwiedzin i zdobywania tam wiedzy i nast\u0119pnych certyfikat\u00f3w.<\/p>\n\n\n\n<p>\u00a0\u00a0\u00a0\u00a0\u00a0\u00a0\u00a0\u00a0\u00a0\u00a0\u00a0\u00a0\u00a0\u00a0\u00a0\u00a0\u00a0\u00a0\u00a0\u00a0\u00a0\u00a0\u00a0\u00a0\u00a0\u00a0\u00a0\u00a0\u00a0\u00a0\u00a0\u00a0\u00a0\u00a0\u00a0\u00a0\u00a0\u00a0\u00a0\u00a0\u00a0\u00a0\u00a0\u00a0\u00a0\u00a0\u00a0\u00a0\u00a0\u00a0\u00a0\u00a0\u00a0\u00a0\u00a0\u00a0\u00a0\u00a0\u00a0\u00a0\u00a0\u00a0\u00a0\u00a0\u00a0\u00a0\u00a0\u00a0\u00a0\u00a0\u00a0\u00a0\u00a0\u00a0\u00a0\u00a0\u00a0\u00a0\u00a0\u00a0\u00a0\u00a0\u00a0\u00a0\u00a0\u00a0\u00a0\u00a0\u00a0\u00a0\u00a0\u00a0\u00a0\u00a0 Wies\u0142awa Cudek<\/p>\n\n\n<div class=\"wp-block-image\">\n<figure class=\"aligncenter size-full\"><img loading=\"lazy\" width=\"720\" height=\"960\" src=\"http:\/\/zs.gromnik.pl\/zs\/wp-content\/uploads\/2022\/09\/W-cudek-3.jpg\" alt=\"\" class=\"wp-image-11207\" srcset=\"https:\/\/zs.gromnik.pl\/zs\/wp-content\/uploads\/2022\/09\/W-cudek-3.jpg 720w, https:\/\/zs.gromnik.pl\/zs\/wp-content\/uploads\/2022\/09\/W-cudek-3-225x300.jpg 225w\" sizes=\"(max-width: 720px) 100vw, 720px\" \/><\/figure><\/div>\n\n\n<p class=\"has-text-align-center has-black-color has-light-green-cyan-background-color has-text-color has-background\"><strong>Erasmus + exchange programme \u2013 ,,Z g\u0142ow\u0105 w chmurze \u2013 cyfryzacja drog\u0105 do innowacyjnej edukacji.\u2019\u2019 <\/strong><strong>Report from Malta.<\/strong><\/p>\n\n\n\n<p>I participated in a two-week language course that took place from July 4 till July 15; two other teachers form the primary school in Gromnik, Anna Cudek and Anna D\u0119bosz-Gorcyzca, were with me. The course was a part of the Erasmus + exchange programme.The main aim of the course was the enhancement of our language skills as, nowadays, speaking English is a&nbsp;mandatory competence.<\/p>\n\n\n\n<p>The flight to Malta took place on July 1 from the Pyrzowice airport. After a two-hour flight we saw a beautiful birdview of the Gozo, Comino and Malta islands. The language school that offered the course also sent the taxi to pick us up from the airport. We were staying at the Topaz Hotel. The hotel along with our school, Alpha School of English, are located in Saint Paul\u2019s Bay. Alpha School of English is an educational institution accredited by the Maltese Ministry of Education and Ministry of Tourism. The school offers English classes for children, teenagers and adults from all over the world.<\/p>\n\n\n\n<p>Before the first week of classes started, we spent the weekend on exploring the city. We visited the National Aquarium, sunbathed and swam a little bit.<\/p>\n\n\n\n<p>We started the language course on Monday, July 4. The groups consisted of 6 people. The teachers taking part in the course came form Poland, Hungary and the Czech Republic. Each day our classes were divided into two blocks, one from 8.30 till 10.00, half an hour break, and one from 10.30 till 13.00. The course spanned 40 hours and was mainly focused on communication skills, vocabulary and grammar. As far as culture training is concerned, the school organized two trips \u2013 to Valetta (the capital) and Mdina, the \u201cSilent City\u201d (the old capital, a beautiful, atmospheric place).<\/p>\n\n\n\n<p>After the classes, in our free time we took a boat cruise to Gozo and Comino islands. In Gozo, we visited the capital city, Victoria, and its beautiful Citadel built in the Middle Ages. We also followed the recommendations from guide books and visited the fishing village of Marsaxlokk, Maltese beaches, Blue Lagoon, Golden Beach and Riviera Bay and we went to Sliema \u2013 a relatively modern city with a partially preserved older, traditional architecture. We visited Valetta and Mdina again \u2013 these are places that you want to go back to as every time you can discover something new and enjoy the vibe of these unique cities.<\/p>\n\n\n<div class=\"wp-block-image\">\n<figure class=\"aligncenter size-large\"><img loading=\"lazy\" width=\"462\" height=\"1024\" src=\"http:\/\/zs.gromnik.pl\/zs\/wp-content\/uploads\/2022\/09\/W-cudek-2-462x1024.jpg\" alt=\"\" class=\"wp-image-11206\" srcset=\"https:\/\/zs.gromnik.pl\/zs\/wp-content\/uploads\/2022\/09\/W-cudek-2-462x1024.jpg 462w, https:\/\/zs.gromnik.pl\/zs\/wp-content\/uploads\/2022\/09\/W-cudek-2-135x300.jpg 135w, https:\/\/zs.gromnik.pl\/zs\/wp-content\/uploads\/2022\/09\/W-cudek-2.jpg 640w\" sizes=\"(max-width: 462px) 100vw, 462px\" \/><\/figure><\/div>\n\n\n<p>It is undeniable that the two weeks we spent in Malta brought us a host of new experiences and skills which we can use in our classes back at school. The friendly atmosphere of Alpha School of English makes us want to go there again to gain more knowledge and get new certificates.<\/p>\n\n\n\n<p>&nbsp;&nbsp;&nbsp;&nbsp;&nbsp;&nbsp;&nbsp;&nbsp;&nbsp;&nbsp;&nbsp;&nbsp;&nbsp;&nbsp;&nbsp;&nbsp;&nbsp;&nbsp;&nbsp;&nbsp;&nbsp;&nbsp;&nbsp;&nbsp;&nbsp;&nbsp;&nbsp;&nbsp;&nbsp;&nbsp;&nbsp;&nbsp;&nbsp;&nbsp;&nbsp;&nbsp;&nbsp;&nbsp;&nbsp;&nbsp;&nbsp;&nbsp;&nbsp;&nbsp;&nbsp;&nbsp;&nbsp;&nbsp;&nbsp;&nbsp;&nbsp;&nbsp;&nbsp;&nbsp;&nbsp;&nbsp;&nbsp;&nbsp;&nbsp;&nbsp;&nbsp;&nbsp;&nbsp;&nbsp;&nbsp;&nbsp;&nbsp;&nbsp;&nbsp;&nbsp;&nbsp;&nbsp;&nbsp;&nbsp;&nbsp;&nbsp;&nbsp;&nbsp;&nbsp;&nbsp;&nbsp;&nbsp;&nbsp;&nbsp;&nbsp;&nbsp;&nbsp;&nbsp;&nbsp;&nbsp;&nbsp;&nbsp;&nbsp;&nbsp; Wies\u0142awa Cudek<\/p>\n","protected":false},"excerpt":{"rendered":"<p>,,Z g\u0142ow\u0105 w chmurze \u2013 cyfryzacja drog\u0105 do innowacyjnej edukacji.\u2019\u2019 W dniach 04.07.2022r. \u2013 15.07.2022r. wraz z dwoma nauczycielkami (Ann\u0105 Cudek i Ann\u0105 D\u0119bosz- Gorczyc\u0105) Szko\u0142y Podstawowej w Gromniku uczestniczy\u0142am w dwutygodniowym kursie j\u0119zykowym w ramach programu Erasmus +. Celem wyjazdu by\u0142a nauka j\u0119zyka angielskiego, kt\u00f3rego znajomo\u015b\u0107 w dzisiejszych czasach jest nieodzowna. Wylot na Malt\u0119 mia\u0142 miejsce w dniu 01 lipca br. z lotniska w Pyrzowicach. Po ponad dwugodzinnym locie ukaza\u0142 si\u0119 pi\u0119kny widok wysp Gozo, Comino i Malty widzianych z lotu ptaka. Szko\u0142a j\u0119zykowa, do kt\u00f3rej by\u0142y\u015bmy zg\u0142oszone zapewnia\u0142a przew\u00f3z z lotniska do miejsca zakwaterowania- Hotel \u201eTopaz\u201d w kt\u00f3rym mieszka\u0142y\u015bmy i Alpha Shool of Anglish mieszcz\u0105 si\u0119 w&nbsp;miejscowo\u015bci Saint Paul\u2019s Bay na p\u00f3\u0142nocnym wybrze\u017cu Malty. Alpha School of English to szko\u0142a j\u0119zyka angielskiego dla obcokrajowc\u00f3w licencjonowana przez Ministerstwo Edukacji i&nbsp;Ministerstwo Turystyki Republiki Malty. Szko\u0142a prowadzi zaj\u0119cia z&nbsp;j\u0119zyka angielskiego dla dzieci, m\u0142odzie\u017cy i&nbsp;doros\u0142ych z r\u00f3\u017cnych zak\u0105tk\u00f3w \u015bwiata. W wolny weekend poprzedzaj\u0105cy tydzie\u0144 wype\u0142niony nauk\u0105 sp\u0119dzi\u0142y\u015bmy na poznawaniu miasta, wizycie w Narodowym Akwarium Malta\u0144skim i pierwszych k\u0105pielach s\u0142onecznych i&nbsp;morskich. Od poniedzia\u0142ku (04.07.2022r.) rozpocz\u0119\u0142y\u015bmy kurs j\u0119zykowy- zaj\u0119cia odbywa\u0142y si\u0119 w\u00a0grupach 6 osobowych- byli to nauczyciele z Polski, W\u0119gier i Czech. Ka\u017cdy dzie\u0144 nauki sk\u0142ada\u0142 si\u0119 z dw\u00f3ch blok\u00f3w podzielonych przerw\u0105 w godz. 9.00-13.30. Kurs obejmowa\u0142 \u0142\u0105cznie 40 godzin- rozwijali\u015bmy szczeg\u00f3lnie umiej\u0119tno\u015bci komunikacji, wzbogacali\u015bmy s\u0142ownictwo i doskonalili\u015bmy gramatyk\u0119 W ramach szkolenia kulturalnego szko\u0142a zorganizowa\u0142a 2 wycieczki- zwiedzili\u015bmy stolic\u0119 Malty Vallett\u0119, oraz \u201eMiasto Ciszy\u201d\u2013 Mdin\u0119 dawn\u0105 stolic\u0119, przepi\u0119kne klimatyczne miejsce. Po zaj\u0119ciach, w wolnym czasie odby\u0142y\u015bmy rejs statkiem na wyspy Comino i Gozo. Na Gozo zwiedza\u0142y\u015bmy jej stolic\u0119 Viktori\u0119 z przepi\u0119kn\u0105 Cytadel\u0105, kt\u00f3rej pocz\u0105tki si\u0119gaj\u0105 p\u00f3\u017anego \u015bredniowiecza. Odwiedza\u0142y\u015bmy tak\u017ce polecane w przewodnikach miejsca takie jak: wioska rybacka Marsaxlokk, malta\u0144skie pla\u017ce &#8211; Blue Lagoon, Golden Beach czy Riviera Bay oraz Sliem\u0119- wsp\u00f3\u0142cze\u015bnie stosunkowo nowoczesne miasto z cz\u0119\u015bciowo zachowan\u0105 starsz\u0105 zabudow\u0105. Odwiedzi\u0142y\u015bmy te\u017c po raz drugi zar\u00f3wno Vallett\u0119 jak i Mdin\u0119- to miejsca na Malcie, do kt\u00f3rych ch\u0119tnie si\u0119 wraca, by ci\u0105gle odkrywa\u0107 nowe zak\u0105tki i ch\u0142on\u0105\u0107 atmosfer\u0119 tych miast. Trzeba przyzna\u0107, \u017ce te dwa tygodnie na Malcie przynios\u0142y niezapomnian\u0105 ilo\u015b\u0107 wra\u017ce\u0144 oraz umiej\u0119tno\u015bci, kt\u00f3re b\u0119dzie mo\u017cna wykorzysta\u0107 podczas pracy w szkole. Przyjazna atmosfera w szkole j\u0119zykowej zach\u0119ca do kolejnych odwiedzin i zdobywania tam wiedzy i nast\u0119pnych certyfikat\u00f3w. \u00a0\u00a0\u00a0\u00a0\u00a0\u00a0\u00a0\u00a0\u00a0\u00a0\u00a0\u00a0\u00a0\u00a0\u00a0\u00a0\u00a0\u00a0\u00a0\u00a0\u00a0\u00a0\u00a0\u00a0\u00a0\u00a0\u00a0\u00a0\u00a0\u00a0\u00a0\u00a0\u00a0\u00a0\u00a0\u00a0\u00a0\u00a0\u00a0\u00a0\u00a0\u00a0\u00a0\u00a0\u00a0\u00a0\u00a0\u00a0\u00a0\u00a0\u00a0\u00a0\u00a0\u00a0\u00a0\u00a0\u00a0\u00a0\u00a0\u00a0\u00a0\u00a0\u00a0\u00a0\u00a0\u00a0\u00a0\u00a0\u00a0\u00a0\u00a0\u00a0\u00a0\u00a0\u00a0\u00a0\u00a0\u00a0\u00a0\u00a0\u00a0\u00a0\u00a0\u00a0\u00a0\u00a0\u00a0\u00a0\u00a0\u00a0\u00a0\u00a0\u00a0\u00a0 Wies\u0142awa Cudek Erasmus + exchange programme \u2013 ,,Z g\u0142ow\u0105 w chmurze \u2013 cyfryzacja drog\u0105 do innowacyjnej edukacji.\u2019\u2019 Report from Malta. I participated in a two-week language course that took place from July 4 till July 15; two other teachers form the primary school in Gromnik, Anna Cudek and Anna D\u0119bosz-Gorcyzca, were with me. The course was a part of the Erasmus + exchange programme.The main aim of the course was the enhancement of our language skills as, nowadays, speaking English is a&nbsp;mandatory competence. The flight to Malta took place on July 1 from the Pyrzowice airport. After a two-hour flight we saw a beautiful birdview of the Gozo, Comino and Malta islands. The language school that offered the course also sent the taxi to pick us up from the airport. We were staying at the Topaz Hotel. The hotel along with our school, Alpha School of English, are located in Saint Paul\u2019s Bay. Alpha School of English is an educational institution accredited by the Maltese Ministry of Education and Ministry of Tourism. The school offers English classes for children, teenagers and adults from all over the world. Before the first week of classes started, we spent the weekend on exploring the city. We visited the National Aquarium, sunbathed and swam a little bit. We started the language course on Monday, July 4. The groups consisted of 6 people. The teachers taking part in the course came form Poland, Hungary and the Czech Republic. Each day our classes were divided into two blocks, one from 8.30 till 10.00, half an hour break, and one from 10.30 till 13.00. The course spanned 40 hours and was mainly focused on communication skills, vocabulary and grammar. As far as culture training is concerned, the school organized two trips \u2013 to Valetta (the capital) and Mdina, the \u201cSilent City\u201d (the old capital, a beautiful, atmospheric place). After the classes, in our free time we took a boat cruise to Gozo and Comino islands. In Gozo, we visited the capital city, Victoria, and its beautiful Citadel built in the Middle Ages. We also followed the recommendations from guide books and visited the fishing village of Marsaxlokk, Maltese beaches, Blue Lagoon, Golden Beach and Riviera Bay and we went to Sliema \u2013 a relatively modern city with a partially preserved older, traditional architecture. We visited Valetta and Mdina again \u2013 these are places that you want to go back to as every time you can discover something new and enjoy the vibe of these unique cities. It is undeniable that the two weeks we spent in Malta brought us a host of new experiences and skills which we can use in our classes back at school. The friendly atmosphere of Alpha School of English makes us want to go there again to gain more knowledge and get new certificates. &nbsp;&nbsp;&nbsp;&nbsp;&nbsp;&nbsp;&nbsp;&nbsp;&nbsp;&nbsp;&nbsp;&nbsp;&nbsp;&nbsp;&nbsp;&nbsp;&nbsp;&nbsp;&nbsp;&nbsp;&nbsp;&nbsp;&nbsp;&nbsp;&nbsp;&nbsp;&nbsp;&nbsp;&nbsp;&nbsp;&nbsp;&nbsp;&nbsp;&nbsp;&nbsp;&nbsp;&nbsp;&nbsp;&nbsp;&nbsp;&nbsp;&nbsp;&nbsp;&nbsp;&nbsp;&nbsp;&nbsp;&nbsp;&nbsp;&nbsp;&nbsp;&nbsp;&nbsp;&nbsp;&nbsp;&nbsp;&nbsp;&nbsp;&nbsp;&nbsp;&nbsp;&nbsp;&nbsp;&nbsp;&nbsp;&nbsp;&nbsp;&nbsp;&nbsp;&nbsp;&nbsp;&nbsp;&nbsp;&nbsp;&nbsp;&nbsp;&nbsp;&nbsp;&nbsp;&nbsp;&nbsp;&nbsp;&nbsp;&nbsp;&nbsp;&nbsp;&nbsp;&nbsp;&nbsp;&nbsp;&nbsp;&nbsp;&nbsp;&nbsp; Wies\u0142awa Cudek<\/p>\n","protected":false},"author":6,"featured_media":11204,"comment_status":"closed","ping_status":"open","sticky":false,"template":"","format":"standard","meta":[],"categories":[3],"tags":[47,49,48],"yoast_head":"<!-- This site is optimized with the Yoast SEO plugin v19.8 - https:\/\/yoast.com\/wordpress\/plugins\/seo\/ -->\n<title>Sprawozdanie z wyjazdu na Malt\u0119 w ramach realizacji programu Erasmus + - Zesp\u00f3\u0142 Szk\u00f3\u0142 w Gromniku<\/title>\n<meta name=\"description\" content=\"Zesp\u00f3\u0142 Szk\u00f3\u0142 w Gromniku\" \/>\n<meta name=\"robots\" content=\"index, follow, max-snippet:-1, max-image-preview:large, max-video-preview:-1\" \/>\n<link rel=\"canonical\" href=\"https:\/\/zs.gromnik.pl\/zs\/sprawozdanie-z-wyjazdu-na-malte-w-ramach-realizacji-programu-erasmus\/\" \/>\n<meta property=\"og:locale\" content=\"pl_PL\" \/>\n<meta property=\"og:type\" content=\"article\" \/>\n<meta property=\"og:title\" content=\"Sprawozdanie z wyjazdu na Malt\u0119 w ramach realizacji programu Erasmus + - Zesp\u00f3\u0142 Szk\u00f3\u0142 w Gromniku\" \/>\n<meta property=\"og:description\" content=\"Zesp\u00f3\u0142 Szk\u00f3\u0142 w Gromniku\" \/>\n<meta property=\"og:url\" content=\"https:\/\/zs.gromnik.pl\/zs\/sprawozdanie-z-wyjazdu-na-malte-w-ramach-realizacji-programu-erasmus\/\" \/>\n<meta property=\"og:site_name\" content=\"Zesp\u00f3\u0142 Szk\u00f3\u0142 w Gromniku\" \/>\n<meta property=\"article:publisher\" content=\"https:\/\/www.facebook.com\/zsgromnik\" \/>\n<meta property=\"article:published_time\" content=\"2022-09-26T13:45:42+00:00\" \/>\n<meta property=\"article:modified_time\" content=\"2022-09-26T13:45:44+00:00\" \/>\n<meta property=\"og:image\" content=\"https:\/\/zs.gromnik.pl\/zs\/wp-content\/uploads\/2022\/09\/W-cudek-4.jpg\" \/>\n\t<meta property=\"og:image:width\" content=\"1420\" \/>\n\t<meta property=\"og:image:height\" content=\"640\" \/>\n\t<meta property=\"og:image:type\" content=\"image\/jpeg\" \/>\n<meta name=\"author\" content=\"Patrycja Kubicz\" \/>\n<meta name=\"twitter:card\" content=\"summary_large_image\" \/>\n<meta name=\"twitter:label1\" content=\"Napisane przez\" \/>\n\t<meta name=\"twitter:data1\" content=\"Patrycja Kubicz\" \/>\n\t<meta name=\"twitter:label2\" content=\"Szacowany czas czytania\" \/>\n\t<meta name=\"twitter:data2\" content=\"5 minut\" \/>\n<script type=\"application\/ld+json\" class=\"yoast-schema-graph\">{\"@context\":\"https:\/\/schema.org\",\"@graph\":[{\"@type\":\"WebPage\",\"@id\":\"https:\/\/zs.gromnik.pl\/zs\/sprawozdanie-z-wyjazdu-na-malte-w-ramach-realizacji-programu-erasmus\/\",\"url\":\"https:\/\/zs.gromnik.pl\/zs\/sprawozdanie-z-wyjazdu-na-malte-w-ramach-realizacji-programu-erasmus\/\",\"name\":\"Sprawozdanie z wyjazdu na Malt\u0119 w ramach realizacji programu Erasmus + - Zesp\u00f3\u0142 Szk\u00f3\u0142 w Gromniku\",\"isPartOf\":{\"@id\":\"https:\/\/zs.gromnik.pl\/zs\/#website\"},\"datePublished\":\"2022-09-26T13:45:42+00:00\",\"dateModified\":\"2022-09-26T13:45:44+00:00\",\"author\":{\"@id\":\"https:\/\/zs.gromnik.pl\/zs\/#\/schema\/person\/8ceca2902a7d39b77622ae2e117d831a\"},\"description\":\"Zesp\u00f3\u0142 Szk\u00f3\u0142 w Gromniku\",\"breadcrumb\":{\"@id\":\"https:\/\/zs.gromnik.pl\/zs\/sprawozdanie-z-wyjazdu-na-malte-w-ramach-realizacji-programu-erasmus\/#breadcrumb\"},\"inLanguage\":\"pl-PL\",\"potentialAction\":[{\"@type\":\"ReadAction\",\"target\":[\"https:\/\/zs.gromnik.pl\/zs\/sprawozdanie-z-wyjazdu-na-malte-w-ramach-realizacji-programu-erasmus\/\"]}]},{\"@type\":\"BreadcrumbList\",\"@id\":\"https:\/\/zs.gromnik.pl\/zs\/sprawozdanie-z-wyjazdu-na-malte-w-ramach-realizacji-programu-erasmus\/#breadcrumb\",\"itemListElement\":[{\"@type\":\"ListItem\",\"position\":1,\"name\":\"Strona g\u0142\u00f3wna\",\"item\":\"https:\/\/zs.gromnik.pl\/zs\/\"},{\"@type\":\"ListItem\",\"position\":2,\"name\":\"Sprawozdanie z wyjazdu na Malt\u0119 w ramach realizacji programu Erasmus +\"}]},{\"@type\":\"WebSite\",\"@id\":\"https:\/\/zs.gromnik.pl\/zs\/#website\",\"url\":\"https:\/\/zs.gromnik.pl\/zs\/\",\"name\":\"Zesp\u00f3\u0142 Szk\u00f3\u0142 w Gromniku\",\"description\":\"\",\"potentialAction\":[{\"@type\":\"SearchAction\",\"target\":{\"@type\":\"EntryPoint\",\"urlTemplate\":\"https:\/\/zs.gromnik.pl\/zs\/?s={search_term_string}\"},\"query-input\":\"required name=search_term_string\"}],\"inLanguage\":\"pl-PL\"},{\"@type\":\"Person\",\"@id\":\"https:\/\/zs.gromnik.pl\/zs\/#\/schema\/person\/8ceca2902a7d39b77622ae2e117d831a\",\"name\":\"Patrycja Kubicz\",\"image\":{\"@type\":\"ImageObject\",\"inLanguage\":\"pl-PL\",\"@id\":\"https:\/\/zs.gromnik.pl\/zs\/#\/schema\/person\/image\/\",\"url\":\"https:\/\/secure.gravatar.com\/avatar\/fdb188d3851f5cc80ba3148c853f5f66?s=96&d=mm&r=g\",\"contentUrl\":\"https:\/\/secure.gravatar.com\/avatar\/fdb188d3851f5cc80ba3148c853f5f66?s=96&d=mm&r=g\",\"caption\":\"Patrycja Kubicz\"},\"url\":\"https:\/\/zs.gromnik.pl\/zs\/author\/pkubicz\/\"}]}<\/script>\n<!-- \/ Yoast SEO plugin. -->","yoast_head_json":{"title":"Sprawozdanie z wyjazdu na Malt\u0119 w ramach realizacji programu Erasmus + - Zesp\u00f3\u0142 Szk\u00f3\u0142 w Gromniku","description":"Zesp\u00f3\u0142 Szk\u00f3\u0142 w Gromniku","robots":{"index":"index","follow":"follow","max-snippet":"max-snippet:-1","max-image-preview":"max-image-preview:large","max-video-preview":"max-video-preview:-1"},"canonical":"https:\/\/zs.gromnik.pl\/zs\/sprawozdanie-z-wyjazdu-na-malte-w-ramach-realizacji-programu-erasmus\/","og_locale":"pl_PL","og_type":"article","og_title":"Sprawozdanie z wyjazdu na Malt\u0119 w ramach realizacji programu Erasmus + - Zesp\u00f3\u0142 Szk\u00f3\u0142 w Gromniku","og_description":"Zesp\u00f3\u0142 Szk\u00f3\u0142 w Gromniku","og_url":"https:\/\/zs.gromnik.pl\/zs\/sprawozdanie-z-wyjazdu-na-malte-w-ramach-realizacji-programu-erasmus\/","og_site_name":"Zesp\u00f3\u0142 Szk\u00f3\u0142 w Gromniku","article_publisher":"https:\/\/www.facebook.com\/zsgromnik","article_published_time":"2022-09-26T13:45:42+00:00","article_modified_time":"2022-09-26T13:45:44+00:00","og_image":[{"width":1420,"height":640,"url":"https:\/\/zs.gromnik.pl\/zs\/wp-content\/uploads\/2022\/09\/W-cudek-4.jpg","type":"image\/jpeg"}],"author":"Patrycja Kubicz","twitter_card":"summary_large_image","twitter_misc":{"Napisane przez":"Patrycja Kubicz","Szacowany czas czytania":"5 minut"},"schema":{"@context":"https:\/\/schema.org","@graph":[{"@type":"WebPage","@id":"https:\/\/zs.gromnik.pl\/zs\/sprawozdanie-z-wyjazdu-na-malte-w-ramach-realizacji-programu-erasmus\/","url":"https:\/\/zs.gromnik.pl\/zs\/sprawozdanie-z-wyjazdu-na-malte-w-ramach-realizacji-programu-erasmus\/","name":"Sprawozdanie z wyjazdu na Malt\u0119 w ramach realizacji programu Erasmus + - Zesp\u00f3\u0142 Szk\u00f3\u0142 w Gromniku","isPartOf":{"@id":"https:\/\/zs.gromnik.pl\/zs\/#website"},"datePublished":"2022-09-26T13:45:42+00:00","dateModified":"2022-09-26T13:45:44+00:00","author":{"@id":"https:\/\/zs.gromnik.pl\/zs\/#\/schema\/person\/8ceca2902a7d39b77622ae2e117d831a"},"description":"Zesp\u00f3\u0142 Szk\u00f3\u0142 w Gromniku","breadcrumb":{"@id":"https:\/\/zs.gromnik.pl\/zs\/sprawozdanie-z-wyjazdu-na-malte-w-ramach-realizacji-programu-erasmus\/#breadcrumb"},"inLanguage":"pl-PL","potentialAction":[{"@type":"ReadAction","target":["https:\/\/zs.gromnik.pl\/zs\/sprawozdanie-z-wyjazdu-na-malte-w-ramach-realizacji-programu-erasmus\/"]}]},{"@type":"BreadcrumbList","@id":"https:\/\/zs.gromnik.pl\/zs\/sprawozdanie-z-wyjazdu-na-malte-w-ramach-realizacji-programu-erasmus\/#breadcrumb","itemListElement":[{"@type":"ListItem","position":1,"name":"Strona g\u0142\u00f3wna","item":"https:\/\/zs.gromnik.pl\/zs\/"},{"@type":"ListItem","position":2,"name":"Sprawozdanie z wyjazdu na Malt\u0119 w ramach realizacji programu Erasmus +"}]},{"@type":"WebSite","@id":"https:\/\/zs.gromnik.pl\/zs\/#website","url":"https:\/\/zs.gromnik.pl\/zs\/","name":"Zesp\u00f3\u0142 Szk\u00f3\u0142 w Gromniku","description":"","potentialAction":[{"@type":"SearchAction","target":{"@type":"EntryPoint","urlTemplate":"https:\/\/zs.gromnik.pl\/zs\/?s={search_term_string}"},"query-input":"required name=search_term_string"}],"inLanguage":"pl-PL"},{"@type":"Person","@id":"https:\/\/zs.gromnik.pl\/zs\/#\/schema\/person\/8ceca2902a7d39b77622ae2e117d831a","name":"Patrycja Kubicz","image":{"@type":"ImageObject","inLanguage":"pl-PL","@id":"https:\/\/zs.gromnik.pl\/zs\/#\/schema\/person\/image\/","url":"https:\/\/secure.gravatar.com\/avatar\/fdb188d3851f5cc80ba3148c853f5f66?s=96&d=mm&r=g","contentUrl":"https:\/\/secure.gravatar.com\/avatar\/fdb188d3851f5cc80ba3148c853f5f66?s=96&d=mm&r=g","caption":"Patrycja Kubicz"},"url":"https:\/\/zs.gromnik.pl\/zs\/author\/pkubicz\/"}]}},"_links":{"self":[{"href":"https:\/\/zs.gromnik.pl\/zs\/wp-json\/wp\/v2\/posts\/11203"}],"collection":[{"href":"https:\/\/zs.gromnik.pl\/zs\/wp-json\/wp\/v2\/posts"}],"about":[{"href":"https:\/\/zs.gromnik.pl\/zs\/wp-json\/wp\/v2\/types\/post"}],"author":[{"embeddable":true,"href":"https:\/\/zs.gromnik.pl\/zs\/wp-json\/wp\/v2\/users\/6"}],"replies":[{"embeddable":true,"href":"https:\/\/zs.gromnik.pl\/zs\/wp-json\/wp\/v2\/comments?post=11203"}],"version-history":[{"count":1,"href":"https:\/\/zs.gromnik.pl\/zs\/wp-json\/wp\/v2\/posts\/11203\/revisions"}],"predecessor-version":[{"id":11208,"href":"https:\/\/zs.gromnik.pl\/zs\/wp-json\/wp\/v2\/posts\/11203\/revisions\/11208"}],"wp:featuredmedia":[{"embeddable":true,"href":"https:\/\/zs.gromnik.pl\/zs\/wp-json\/wp\/v2\/media\/11204"}],"wp:attachment":[{"href":"https:\/\/zs.gromnik.pl\/zs\/wp-json\/wp\/v2\/media?parent=11203"}],"wp:term":[{"taxonomy":"category","embeddable":true,"href":"https:\/\/zs.gromnik.pl\/zs\/wp-json\/wp\/v2\/categories?post=11203"},{"taxonomy":"post_tag","embeddable":true,"href":"https:\/\/zs.gromnik.pl\/zs\/wp-json\/wp\/v2\/tags?post=11203"}],"curies":[{"name":"wp","href":"https:\/\/api.w.org\/{rel}","templated":true}]}}