{"id":11210,"date":"2022-09-27T19:50:42","date_gmt":"2022-09-27T17:50:42","guid":{"rendered":"http:\/\/zs.gromnik.pl\/zs\/?p=11210"},"modified":"2022-09-28T08:07:49","modified_gmt":"2022-09-28T06:07:49","slug":"obserwacje-mikroskopowe-z-laboratoriami-przyszlosci","status":"publish","type":"post","link":"https:\/\/zs.gromnik.pl\/zs\/obserwacje-mikroskopowe-z-laboratoriami-przyszlosci\/","title":{"rendered":"Obserwacje mikroskopowe z LABORATORIAMI PRZYSZ\u0141O\u015aCI"},"content":{"rendered":"\n<p class=\"has-text-align-center has-vivid-green-cyan-color has-black-background-color has-text-color has-background\"><strong>BIOLOGIA W KLASIE 7<\/strong><\/p>\n\n\n\n<p>27.09.2022 uczniowie mogli skorzysta\u0107 z mikroskop\u00f3w zakupionych w ramach programu &#8222;Labroratoria przysz\u0142o\u015bci&#8221;. <\/p>\n\n\n\n<p>G\u0142\u00f3wnym celem zaj\u0119\u0107 by\u0142o dokonywanie obserwacji mikroskopowych tkanek ro\u015blinnych i zwierz\u0119cych.<\/p>\n\n\n\n<p>M\u0142odzie\u017c nauczy\u0142a si\u0119 wykonywa\u0107 preparat ze sk\u00f3rki cebuli.<\/p>\n\n\n\n<p><a href=\"https:\/\/drive.google.com\/file\/d\/1SR1OlZEZ2Bp543KZfTbPSHeS8vaqiKKb\/view?usp=sharing\" target=\"_blank\" rel=\"noreferrer noopener\">TUTAJ filmik<\/a>, na kt\u00f3rym wida\u0107 prac\u0119 uczni\u00f3w. <\/p>\n\n\n\n<p>Ponadto uczniowie mogli:<\/p>\n\n\n\n<ul><li>nauczy\u0107 si\u0119 pos\u0142ugiwa\u0107 si\u0119 mikroskopem optycznym,<\/li><li>nauczy\u0107 si\u0119 dostrzega\u0107 istotne cechy ogl\u0105danego obiektu i wykona\u0107 jego rysunek,<\/li><li>pozna\u0107 budow\u0119 mikroskopu,<\/li><li>nauczy\u0107 si\u0119 okre\u015bla\u0107 powi\u0119kszenie mikroskopu.<\/li><\/ul>\n\n\n\n<figure class=\"wp-container-2 wp-block-gallery-1 wp-block-gallery has-nested-images columns-default is-cropped\">\n<figure class=\"wp-block-image size-large\"><img loading=\"lazy\" width=\"766\" height=\"1024\" data-id=\"11213\"  src=\"http:\/\/zs.gromnik.pl\/zs\/wp-content\/uploads\/2022\/09\/biologia-27-09-22-766x1024.jpg\" alt=\"\" class=\"wp-image-11213\" srcset=\"https:\/\/zs.gromnik.pl\/zs\/wp-content\/uploads\/2022\/09\/biologia-27-09-22-766x1024.jpg 766w, https:\/\/zs.gromnik.pl\/zs\/wp-content\/uploads\/2022\/09\/biologia-27-09-22-224x300.jpg 224w, https:\/\/zs.gromnik.pl\/zs\/wp-content\/uploads\/2022\/09\/biologia-27-09-22-768x1026.jpg 768w, https:\/\/zs.gromnik.pl\/zs\/wp-content\/uploads\/2022\/09\/biologia-27-09-22-1149x1536.jpg 1149w, https:\/\/zs.gromnik.pl\/zs\/wp-content\/uploads\/2022\/09\/biologia-27-09-22-1140x1524.jpg 1140w, https:\/\/zs.gromnik.pl\/zs\/wp-content\/uploads\/2022\/09\/biologia-27-09-22.jpg 1302w\" sizes=\"(max-width: 766px) 100vw, 766px\" \/><\/figure>\n\n\n\n<figure class=\"wp-block-image size-large\"><img loading=\"lazy\" width=\"1024\" height=\"766\" data-id=\"11216\"  src=\"http:\/\/zs.gromnik.pl\/zs\/wp-content\/uploads\/2022\/09\/biologia-27-09-1024x766.jpg\" alt=\"\" class=\"wp-image-11216\" srcset=\"https:\/\/zs.gromnik.pl\/zs\/wp-content\/uploads\/2022\/09\/biologia-27-09-1024x766.jpg 1024w, https:\/\/zs.gromnik.pl\/zs\/wp-content\/uploads\/2022\/09\/biologia-27-09-300x224.jpg 300w, https:\/\/zs.gromnik.pl\/zs\/wp-content\/uploads\/2022\/09\/biologia-27-09-768x575.jpg 768w, https:\/\/zs.gromnik.pl\/zs\/wp-content\/uploads\/2022\/09\/biologia-27-09-1536x1149.jpg 1536w, https:\/\/zs.gromnik.pl\/zs\/wp-content\/uploads\/2022\/09\/biologia-27-09-1140x853.jpg 1140w, https:\/\/zs.gromnik.pl\/zs\/wp-content\/uploads\/2022\/09\/biologia-27-09.jpg 1740w\" sizes=\"(max-width: 1024px) 100vw, 1024px\" \/><\/figure>\n\n\n\n<figure class=\"wp-block-image size-large\"><img loading=\"lazy\" width=\"766\" height=\"1024\" data-id=\"11212\"  src=\"http:\/\/zs.gromnik.pl\/zs\/wp-content\/uploads\/2022\/09\/biologia27-09-22-766x1024.jpg\" alt=\"\" class=\"wp-image-11212\" srcset=\"https:\/\/zs.gromnik.pl\/zs\/wp-content\/uploads\/2022\/09\/biologia27-09-22-766x1024.jpg 766w, https:\/\/zs.gromnik.pl\/zs\/wp-content\/uploads\/2022\/09\/biologia27-09-22-224x300.jpg 224w, https:\/\/zs.gromnik.pl\/zs\/wp-content\/uploads\/2022\/09\/biologia27-09-22-768x1026.jpg 768w, https:\/\/zs.gromnik.pl\/zs\/wp-content\/uploads\/2022\/09\/biologia27-09-22-1149x1536.jpg 1149w, https:\/\/zs.gromnik.pl\/zs\/wp-content\/uploads\/2022\/09\/biologia27-09-22-1140x1524.jpg 1140w, https:\/\/zs.gromnik.pl\/zs\/wp-content\/uploads\/2022\/09\/biologia27-09-22.jpg 1302w\" sizes=\"(max-width: 766px) 100vw, 766px\" \/><\/figure>\n\n\n\n<figure class=\"wp-block-image size-large\"><img loading=\"lazy\" width=\"766\" height=\"1024\" data-id=\"11214\"  src=\"http:\/\/zs.gromnik.pl\/zs\/wp-content\/uploads\/2022\/09\/biologia27wrzenia2022-766x1024.jpg\" alt=\"\" class=\"wp-image-11214\" srcset=\"https:\/\/zs.gromnik.pl\/zs\/wp-content\/uploads\/2022\/09\/biologia27wrzenia2022-766x1024.jpg 766w, https:\/\/zs.gromnik.pl\/zs\/wp-content\/uploads\/2022\/09\/biologia27wrzenia2022-224x300.jpg 224w, https:\/\/zs.gromnik.pl\/zs\/wp-content\/uploads\/2022\/09\/biologia27wrzenia2022-768x1026.jpg 768w, https:\/\/zs.gromnik.pl\/zs\/wp-content\/uploads\/2022\/09\/biologia27wrzenia2022-1149x1536.jpg 1149w, https:\/\/zs.gromnik.pl\/zs\/wp-content\/uploads\/2022\/09\/biologia27wrzenia2022-1140x1524.jpg 1140w, https:\/\/zs.gromnik.pl\/zs\/wp-content\/uploads\/2022\/09\/biologia27wrzenia2022.jpg 1302w\" sizes=\"(max-width: 766px) 100vw, 766px\" \/><\/figure>\n\n\n\n<figure class=\"wp-block-image size-large\"><img loading=\"lazy\" width=\"766\" height=\"1024\" data-id=\"11215\"  src=\"http:\/\/zs.gromnik.pl\/zs\/wp-content\/uploads\/2022\/09\/biologia270922-766x1024.jpg\" alt=\"\" class=\"wp-image-11215\" srcset=\"https:\/\/zs.gromnik.pl\/zs\/wp-content\/uploads\/2022\/09\/biologia270922-766x1024.jpg 766w, https:\/\/zs.gromnik.pl\/zs\/wp-content\/uploads\/2022\/09\/biologia270922-224x300.jpg 224w, https:\/\/zs.gromnik.pl\/zs\/wp-content\/uploads\/2022\/09\/biologia270922-768x1026.jpg 768w, https:\/\/zs.gromnik.pl\/zs\/wp-content\/uploads\/2022\/09\/biologia270922-1149x1536.jpg 1149w, https:\/\/zs.gromnik.pl\/zs\/wp-content\/uploads\/2022\/09\/biologia270922-1140x1524.jpg 1140w, https:\/\/zs.gromnik.pl\/zs\/wp-content\/uploads\/2022\/09\/biologia270922.jpg 1302w\" sizes=\"(max-width: 766px) 100vw, 766px\" \/><\/figure>\n<\/figure>\n","protected":false},"excerpt":{"rendered":"<p>BIOLOGIA W KLASIE 7 27.09.2022 uczniowie mogli skorzysta\u0107 z mikroskop\u00f3w zakupionych w ramach programu &#8222;Labroratoria przysz\u0142o\u015bci&#8221;. G\u0142\u00f3wnym celem zaj\u0119\u0107 by\u0142o dokonywanie obserwacji mikroskopowych tkanek ro\u015blinnych i zwierz\u0119cych. M\u0142odzie\u017c nauczy\u0142a si\u0119 wykonywa\u0107 preparat ze sk\u00f3rki cebuli. TUTAJ filmik, na kt\u00f3rym wida\u0107 prac\u0119 uczni\u00f3w. Ponadto uczniowie mogli: nauczy\u0107 si\u0119 pos\u0142ugiwa\u0107 si\u0119 mikroskopem optycznym, nauczy\u0107 si\u0119 dostrzega\u0107 istotne cechy ogl\u0105danego obiektu i wykona\u0107 jego rysunek, pozna\u0107 budow\u0119 mikroskopu, nauczy\u0107 si\u0119 okre\u015bla\u0107 powi\u0119kszenie mikroskopu.<\/p>\n","protected":false},"author":6,"featured_media":11211,"comment_status":"closed","ping_status":"open","sticky":false,"template":"","format":"standard","meta":[],"categories":[3,50],"tags":[61,62,59,60],"yoast_head":"<!-- This site is optimized with the Yoast SEO plugin v19.8 - https:\/\/yoast.com\/wordpress\/plugins\/seo\/ -->\n<title>Obserwacje mikroskopowe z LABORATORIAMI PRZYSZ\u0141O\u015aCI - Zesp\u00f3\u0142 Szk\u00f3\u0142 w Gromniku<\/title>\n<meta name=\"description\" content=\"Zesp\u00f3\u0142 Szk\u00f3\u0142 w Gromniku\" \/>\n<meta name=\"robots\" content=\"index, follow, max-snippet:-1, max-image-preview:large, max-video-preview:-1\" \/>\n<link rel=\"canonical\" href=\"https:\/\/zs.gromnik.pl\/zs\/obserwacje-mikroskopowe-z-laboratoriami-przyszlosci\/\" \/>\n<meta property=\"og:locale\" content=\"pl_PL\" \/>\n<meta property=\"og:type\" content=\"article\" \/>\n<meta property=\"og:title\" content=\"Obserwacje mikroskopowe z LABORATORIAMI PRZYSZ\u0141O\u015aCI - Zesp\u00f3\u0142 Szk\u00f3\u0142 w Gromniku\" \/>\n<meta property=\"og:description\" content=\"Zesp\u00f3\u0142 Szk\u00f3\u0142 w Gromniku\" \/>\n<meta property=\"og:url\" content=\"https:\/\/zs.gromnik.pl\/zs\/obserwacje-mikroskopowe-z-laboratoriami-przyszlosci\/\" \/>\n<meta property=\"og:site_name\" content=\"Zesp\u00f3\u0142 Szk\u00f3\u0142 w Gromniku\" \/>\n<meta property=\"article:publisher\" content=\"https:\/\/www.facebook.com\/zsgromnik\" \/>\n<meta property=\"article:published_time\" content=\"2022-09-27T17:50:42+00:00\" \/>\n<meta property=\"article:modified_time\" content=\"2022-09-28T06:07:49+00:00\" \/>\n<meta property=\"og:image\" content=\"https:\/\/zs.gromnik.pl\/zs\/wp-content\/uploads\/2022\/09\/logo-Laboratoria_Przyszlosci_poziom_kolor-1-e1678624614134.png\" \/>\n\t<meta property=\"og:image:width\" content=\"500\" \/>\n\t<meta property=\"og:image:height\" content=\"281\" \/>\n\t<meta property=\"og:image:type\" content=\"image\/png\" \/>\n<meta name=\"author\" content=\"Patrycja Kubicz\" \/>\n<meta name=\"twitter:card\" content=\"summary_large_image\" \/>\n<meta name=\"twitter:label1\" content=\"Napisane przez\" \/>\n\t<meta name=\"twitter:data1\" content=\"Patrycja Kubicz\" \/>\n<script type=\"application\/ld+json\" class=\"yoast-schema-graph\">{\"@context\":\"https:\/\/schema.org\",\"@graph\":[{\"@type\":\"WebPage\",\"@id\":\"https:\/\/zs.gromnik.pl\/zs\/obserwacje-mikroskopowe-z-laboratoriami-przyszlosci\/\",\"url\":\"https:\/\/zs.gromnik.pl\/zs\/obserwacje-mikroskopowe-z-laboratoriami-przyszlosci\/\",\"name\":\"Obserwacje mikroskopowe z LABORATORIAMI PRZYSZ\u0141O\u015aCI - Zesp\u00f3\u0142 Szk\u00f3\u0142 w Gromniku\",\"isPartOf\":{\"@id\":\"http:\/\/zs.gromnik.pl\/zs\/#website\"},\"datePublished\":\"2022-09-27T17:50:42+00:00\",\"dateModified\":\"2022-09-28T06:07:49+00:00\",\"author\":{\"@id\":\"http:\/\/zs.gromnik.pl\/zs\/#\/schema\/person\/8ceca2902a7d39b77622ae2e117d831a\"},\"description\":\"Zesp\u00f3\u0142 Szk\u00f3\u0142 w Gromniku\",\"breadcrumb\":{\"@id\":\"https:\/\/zs.gromnik.pl\/zs\/obserwacje-mikroskopowe-z-laboratoriami-przyszlosci\/#breadcrumb\"},\"inLanguage\":\"pl-PL\",\"potentialAction\":[{\"@type\":\"ReadAction\",\"target\":[\"https:\/\/zs.gromnik.pl\/zs\/obserwacje-mikroskopowe-z-laboratoriami-przyszlosci\/\"]}]},{\"@type\":\"BreadcrumbList\",\"@id\":\"https:\/\/zs.gromnik.pl\/zs\/obserwacje-mikroskopowe-z-laboratoriami-przyszlosci\/#breadcrumb\",\"itemListElement\":[{\"@type\":\"ListItem\",\"position\":1,\"name\":\"Strona g\u0142\u00f3wna\",\"item\":\"http:\/\/zs.gromnik.pl\/zs\/\"},{\"@type\":\"ListItem\",\"position\":2,\"name\":\"Obserwacje mikroskopowe z LABORATORIAMI PRZYSZ\u0141O\u015aCI\"}]},{\"@type\":\"WebSite\",\"@id\":\"http:\/\/zs.gromnik.pl\/zs\/#website\",\"url\":\"http:\/\/zs.gromnik.pl\/zs\/\",\"name\":\"Zesp\u00f3\u0142 Szk\u00f3\u0142 w Gromniku\",\"description\":\"\",\"potentialAction\":[{\"@type\":\"SearchAction\",\"target\":{\"@type\":\"EntryPoint\",\"urlTemplate\":\"http:\/\/zs.gromnik.pl\/zs\/?s={search_term_string}\"},\"query-input\":\"required name=search_term_string\"}],\"inLanguage\":\"pl-PL\"},{\"@type\":\"Person\",\"@id\":\"http:\/\/zs.gromnik.pl\/zs\/#\/schema\/person\/8ceca2902a7d39b77622ae2e117d831a\",\"name\":\"Patrycja Kubicz\",\"image\":{\"@type\":\"ImageObject\",\"inLanguage\":\"pl-PL\",\"@id\":\"http:\/\/zs.gromnik.pl\/zs\/#\/schema\/person\/image\/\",\"url\":\"https:\/\/secure.gravatar.com\/avatar\/fdb188d3851f5cc80ba3148c853f5f66?s=96&d=mm&r=g\",\"contentUrl\":\"https:\/\/secure.gravatar.com\/avatar\/fdb188d3851f5cc80ba3148c853f5f66?s=96&d=mm&r=g\",\"caption\":\"Patrycja Kubicz\"},\"url\":\"https:\/\/zs.gromnik.pl\/zs\/author\/pkubicz\/\"}]}<\/script>\n<!-- \/ Yoast SEO plugin. -->","yoast_head_json":{"title":"Obserwacje mikroskopowe z LABORATORIAMI PRZYSZ\u0141O\u015aCI - Zesp\u00f3\u0142 Szk\u00f3\u0142 w Gromniku","description":"Zesp\u00f3\u0142 Szk\u00f3\u0142 w Gromniku","robots":{"index":"index","follow":"follow","max-snippet":"max-snippet:-1","max-image-preview":"max-image-preview:large","max-video-preview":"max-video-preview:-1"},"canonical":"https:\/\/zs.gromnik.pl\/zs\/obserwacje-mikroskopowe-z-laboratoriami-przyszlosci\/","og_locale":"pl_PL","og_type":"article","og_title":"Obserwacje mikroskopowe z LABORATORIAMI PRZYSZ\u0141O\u015aCI - Zesp\u00f3\u0142 Szk\u00f3\u0142 w Gromniku","og_description":"Zesp\u00f3\u0142 Szk\u00f3\u0142 w Gromniku","og_url":"https:\/\/zs.gromnik.pl\/zs\/obserwacje-mikroskopowe-z-laboratoriami-przyszlosci\/","og_site_name":"Zesp\u00f3\u0142 Szk\u00f3\u0142 w Gromniku","article_publisher":"https:\/\/www.facebook.com\/zsgromnik","article_published_time":"2022-09-27T17:50:42+00:00","article_modified_time":"2022-09-28T06:07:49+00:00","og_image":[{"width":500,"height":281,"url":"https:\/\/zs.gromnik.pl\/zs\/wp-content\/uploads\/2022\/09\/logo-Laboratoria_Przyszlosci_poziom_kolor-1-e1678624614134.png","type":"image\/png"}],"author":"Patrycja Kubicz","twitter_card":"summary_large_image","twitter_misc":{"Napisane przez":"Patrycja Kubicz"},"schema":{"@context":"https:\/\/schema.org","@graph":[{"@type":"WebPage","@id":"https:\/\/zs.gromnik.pl\/zs\/obserwacje-mikroskopowe-z-laboratoriami-przyszlosci\/","url":"https:\/\/zs.gromnik.pl\/zs\/obserwacje-mikroskopowe-z-laboratoriami-przyszlosci\/","name":"Obserwacje mikroskopowe z LABORATORIAMI PRZYSZ\u0141O\u015aCI - Zesp\u00f3\u0142 Szk\u00f3\u0142 w Gromniku","isPartOf":{"@id":"http:\/\/zs.gromnik.pl\/zs\/#website"},"datePublished":"2022-09-27T17:50:42+00:00","dateModified":"2022-09-28T06:07:49+00:00","author":{"@id":"http:\/\/zs.gromnik.pl\/zs\/#\/schema\/person\/8ceca2902a7d39b77622ae2e117d831a"},"description":"Zesp\u00f3\u0142 Szk\u00f3\u0142 w Gromniku","breadcrumb":{"@id":"https:\/\/zs.gromnik.pl\/zs\/obserwacje-mikroskopowe-z-laboratoriami-przyszlosci\/#breadcrumb"},"inLanguage":"pl-PL","potentialAction":[{"@type":"ReadAction","target":["https:\/\/zs.gromnik.pl\/zs\/obserwacje-mikroskopowe-z-laboratoriami-przyszlosci\/"]}]},{"@type":"BreadcrumbList","@id":"https:\/\/zs.gromnik.pl\/zs\/obserwacje-mikroskopowe-z-laboratoriami-przyszlosci\/#breadcrumb","itemListElement":[{"@type":"ListItem","position":1,"name":"Strona g\u0142\u00f3wna","item":"http:\/\/zs.gromnik.pl\/zs\/"},{"@type":"ListItem","position":2,"name":"Obserwacje mikroskopowe z LABORATORIAMI PRZYSZ\u0141O\u015aCI"}]},{"@type":"WebSite","@id":"http:\/\/zs.gromnik.pl\/zs\/#website","url":"http:\/\/zs.gromnik.pl\/zs\/","name":"Zesp\u00f3\u0142 Szk\u00f3\u0142 w Gromniku","description":"","potentialAction":[{"@type":"SearchAction","target":{"@type":"EntryPoint","urlTemplate":"http:\/\/zs.gromnik.pl\/zs\/?s={search_term_string}"},"query-input":"required name=search_term_string"}],"inLanguage":"pl-PL"},{"@type":"Person","@id":"http:\/\/zs.gromnik.pl\/zs\/#\/schema\/person\/8ceca2902a7d39b77622ae2e117d831a","name":"Patrycja Kubicz","image":{"@type":"ImageObject","inLanguage":"pl-PL","@id":"http:\/\/zs.gromnik.pl\/zs\/#\/schema\/person\/image\/","url":"https:\/\/secure.gravatar.com\/avatar\/fdb188d3851f5cc80ba3148c853f5f66?s=96&d=mm&r=g","contentUrl":"https:\/\/secure.gravatar.com\/avatar\/fdb188d3851f5cc80ba3148c853f5f66?s=96&d=mm&r=g","caption":"Patrycja Kubicz"},"url":"https:\/\/zs.gromnik.pl\/zs\/author\/pkubicz\/"}]}},"_links":{"self":[{"href":"https:\/\/zs.gromnik.pl\/zs\/wp-json\/wp\/v2\/posts\/11210"}],"collection":[{"href":"https:\/\/zs.gromnik.pl\/zs\/wp-json\/wp\/v2\/posts"}],"about":[{"href":"https:\/\/zs.gromnik.pl\/zs\/wp-json\/wp\/v2\/types\/post"}],"author":[{"embeddable":true,"href":"https:\/\/zs.gromnik.pl\/zs\/wp-json\/wp\/v2\/users\/6"}],"replies":[{"embeddable":true,"href":"https:\/\/zs.gromnik.pl\/zs\/wp-json\/wp\/v2\/comments?post=11210"}],"version-history":[{"count":3,"href":"https:\/\/zs.gromnik.pl\/zs\/wp-json\/wp\/v2\/posts\/11210\/revisions"}],"predecessor-version":[{"id":11221,"href":"https:\/\/zs.gromnik.pl\/zs\/wp-json\/wp\/v2\/posts\/11210\/revisions\/11221"}],"wp:featuredmedia":[{"embeddable":true,"href":"https:\/\/zs.gromnik.pl\/zs\/wp-json\/wp\/v2\/media\/11211"}],"wp:attachment":[{"href":"https:\/\/zs.gromnik.pl\/zs\/wp-json\/wp\/v2\/media?parent=11210"}],"wp:term":[{"taxonomy":"category","embeddable":true,"href":"https:\/\/zs.gromnik.pl\/zs\/wp-json\/wp\/v2\/categories?post=11210"},{"taxonomy":"post_tag","embeddable":true,"href":"https:\/\/zs.gromnik.pl\/zs\/wp-json\/wp\/v2\/tags?post=11210"}],"curies":[{"name":"wp","href":"https:\/\/api.w.org\/{rel}","templated":true}]}}