{"id":11231,"date":"2022-10-02T16:30:42","date_gmt":"2022-10-02T14:30:42","guid":{"rendered":"http:\/\/zs.gromnik.pl\/zs\/?p=11231"},"modified":"2022-10-02T19:01:39","modified_gmt":"2022-10-02T17:01:39","slug":"dzien-glosnego-czytania-z-pania-jesien","status":"publish","type":"post","link":"https:\/\/zs.gromnik.pl\/zs\/dzien-glosnego-czytania-z-pania-jesien\/","title":{"rendered":"Dzie\u0144 G\u0142o\u015bnego Czytania z Pani\u0105 Jesie\u0144\u2026"},"content":{"rendered":"\n<p>30 wrze\u015bnia nasze przedszkolaki odwiedzi\u0142a Pani Jesie\u0144. Ubrana by\u0142a w pi\u0119kn\u0105 sukni\u0119, a w r\u0119ku trzyma\u0142a kosz pe\u0142en dar\u00f3w. Jesienna Dama swoim przybyciem sprawi\u0142a wszystkim dzieciom ogromn\u0105 niespodziank\u0119. Przypomnia\u0142a, \u017ce od tygodnia trwa ju\u017c kalendarzowa jesie\u0144 i z tego powodu ma bardzo du\u017co pracy. Pomimo wielu obowi\u0105zk\u00f3w pami\u0119ta jednak o przedszkolakach, kt\u00f3rzy od kilku dni wypatruj\u0105 jej w lasach i parkach. Pani Jesie\u0144 podkre\u015bli\u0142a, \u017ce przyby\u0142a do dzieci r\u00f3wnie\u017c po to, aby razem z nimi uczci\u0107 Dzie\u0144 G\u0142o\u015bnego Czytania, kt\u00f3ry przypada na 29 wrze\u015bnia. W ramach tego \u015bwi\u0119ta przeczyta\u0142a w ka\u017cdej grupie bajk\u0119 oraz przygotowa\u0142a dla ma\u0142ych s\u0142uchaczy kilka zagadek. Na zako\u0144czenie pocz\u0119stowa\u0142a dzieci pysznymi owocami i warzywami. Przedszkolaki z grupy I razem ze swoj\u0105 pani\u0105 zdecydowa\u0142y si\u0119 nawet na wykonanie zdrowego soku. Ten dzie\u0144 by\u0142 dla wszystkich naprawd\u0119 wyj\u0105tkowy!<\/p>\n\n\n\n<figure class=\"wp-container-2 wp-block-gallery-1 wp-block-gallery has-nested-images columns-default is-cropped\">\n<figure class=\"wp-block-image size-large\"><img loading=\"lazy\" width=\"2560\" height=\"1707\" data-id=\"11269\"  src=\"http:\/\/zs.gromnik.pl\/zs\/wp-content\/uploads\/2022\/10\/IMG_6003-scaled.jpg\" alt=\"\" class=\"wp-image-11269\" srcset=\"https:\/\/zs.gromnik.pl\/zs\/wp-content\/uploads\/2022\/10\/IMG_6003-scaled.jpg 2560w, https:\/\/zs.gromnik.pl\/zs\/wp-content\/uploads\/2022\/10\/IMG_6003-300x200.jpg 300w, https:\/\/zs.gromnik.pl\/zs\/wp-content\/uploads\/2022\/10\/IMG_6003-1024x683.jpg 1024w, https:\/\/zs.gromnik.pl\/zs\/wp-content\/uploads\/2022\/10\/IMG_6003-768x512.jpg 768w, https:\/\/zs.gromnik.pl\/zs\/wp-content\/uploads\/2022\/10\/IMG_6003-1536x1024.jpg 1536w, https:\/\/zs.gromnik.pl\/zs\/wp-content\/uploads\/2022\/10\/IMG_6003-2048x1365.jpg 2048w, https:\/\/zs.gromnik.pl\/zs\/wp-content\/uploads\/2022\/10\/IMG_6003-1140x760.jpg 1140w\" sizes=\"(max-width: 2560px) 100vw, 2560px\" \/><\/figure>\n\n\n\n<figure class=\"wp-block-image size-large\"><img loading=\"lazy\" width=\"2560\" height=\"1707\" data-id=\"11271\"  src=\"http:\/\/zs.gromnik.pl\/zs\/wp-content\/uploads\/2022\/10\/IMG_6011-scaled.jpg\" alt=\"\" class=\"wp-image-11271\" srcset=\"https:\/\/zs.gromnik.pl\/zs\/wp-content\/uploads\/2022\/10\/IMG_6011-scaled.jpg 2560w, https:\/\/zs.gromnik.pl\/zs\/wp-content\/uploads\/2022\/10\/IMG_6011-300x200.jpg 300w, https:\/\/zs.gromnik.pl\/zs\/wp-content\/uploads\/2022\/10\/IMG_6011-1024x683.jpg 1024w, https:\/\/zs.gromnik.pl\/zs\/wp-content\/uploads\/2022\/10\/IMG_6011-768x512.jpg 768w, https:\/\/zs.gromnik.pl\/zs\/wp-content\/uploads\/2022\/10\/IMG_6011-1536x1024.jpg 1536w, https:\/\/zs.gromnik.pl\/zs\/wp-content\/uploads\/2022\/10\/IMG_6011-2048x1365.jpg 2048w, https:\/\/zs.gromnik.pl\/zs\/wp-content\/uploads\/2022\/10\/IMG_6011-1140x760.jpg 1140w\" sizes=\"(max-width: 2560px) 100vw, 2560px\" \/><\/figure>\n\n\n\n<figure class=\"wp-block-image size-large\"><img loading=\"lazy\" width=\"2560\" height=\"1707\" data-id=\"11273\"  src=\"http:\/\/zs.gromnik.pl\/zs\/wp-content\/uploads\/2022\/10\/IMG_6016-scaled.jpg\" alt=\"\" class=\"wp-image-11273\" srcset=\"https:\/\/zs.gromnik.pl\/zs\/wp-content\/uploads\/2022\/10\/IMG_6016-scaled.jpg 2560w, https:\/\/zs.gromnik.pl\/zs\/wp-content\/uploads\/2022\/10\/IMG_6016-300x200.jpg 300w, https:\/\/zs.gromnik.pl\/zs\/wp-content\/uploads\/2022\/10\/IMG_6016-1024x683.jpg 1024w, https:\/\/zs.gromnik.pl\/zs\/wp-content\/uploads\/2022\/10\/IMG_6016-768x512.jpg 768w, https:\/\/zs.gromnik.pl\/zs\/wp-content\/uploads\/2022\/10\/IMG_6016-1536x1024.jpg 1536w, https:\/\/zs.gromnik.pl\/zs\/wp-content\/uploads\/2022\/10\/IMG_6016-2048x1365.jpg 2048w, https:\/\/zs.gromnik.pl\/zs\/wp-content\/uploads\/2022\/10\/IMG_6016-1140x760.jpg 1140w\" sizes=\"(max-width: 2560px) 100vw, 2560px\" \/><\/figure>\n\n\n\n<figure class=\"wp-block-image size-large\"><img loading=\"lazy\" width=\"1707\" height=\"2560\" data-id=\"11274\"  src=\"http:\/\/zs.gromnik.pl\/zs\/wp-content\/uploads\/2022\/10\/IMG_6022-scaled.jpg\" alt=\"\" class=\"wp-image-11274\" srcset=\"https:\/\/zs.gromnik.pl\/zs\/wp-content\/uploads\/2022\/10\/IMG_6022-scaled.jpg 1707w, https:\/\/zs.gromnik.pl\/zs\/wp-content\/uploads\/2022\/10\/IMG_6022-200x300.jpg 200w, https:\/\/zs.gromnik.pl\/zs\/wp-content\/uploads\/2022\/10\/IMG_6022-683x1024.jpg 683w, https:\/\/zs.gromnik.pl\/zs\/wp-content\/uploads\/2022\/10\/IMG_6022-768x1152.jpg 768w, https:\/\/zs.gromnik.pl\/zs\/wp-content\/uploads\/2022\/10\/IMG_6022-1024x1536.jpg 1024w, https:\/\/zs.gromnik.pl\/zs\/wp-content\/uploads\/2022\/10\/IMG_6022-1365x2048.jpg 1365w, https:\/\/zs.gromnik.pl\/zs\/wp-content\/uploads\/2022\/10\/IMG_6022-1140x1710.jpg 1140w\" sizes=\"(max-width: 1707px) 100vw, 1707px\" \/><\/figure>\n\n\n\n<figure class=\"wp-block-image size-large\"><img loading=\"lazy\" width=\"2560\" height=\"1707\" data-id=\"11275\"  src=\"http:\/\/zs.gromnik.pl\/zs\/wp-content\/uploads\/2022\/10\/IMG_6027-scaled.jpg\" alt=\"\" class=\"wp-image-11275\" srcset=\"https:\/\/zs.gromnik.pl\/zs\/wp-content\/uploads\/2022\/10\/IMG_6027-scaled.jpg 2560w, https:\/\/zs.gromnik.pl\/zs\/wp-content\/uploads\/2022\/10\/IMG_6027-300x200.jpg 300w, https:\/\/zs.gromnik.pl\/zs\/wp-content\/uploads\/2022\/10\/IMG_6027-1024x683.jpg 1024w, https:\/\/zs.gromnik.pl\/zs\/wp-content\/uploads\/2022\/10\/IMG_6027-768x512.jpg 768w, https:\/\/zs.gromnik.pl\/zs\/wp-content\/uploads\/2022\/10\/IMG_6027-1536x1024.jpg 1536w, https:\/\/zs.gromnik.pl\/zs\/wp-content\/uploads\/2022\/10\/IMG_6027-2048x1365.jpg 2048w, https:\/\/zs.gromnik.pl\/zs\/wp-content\/uploads\/2022\/10\/IMG_6027-1140x760.jpg 1140w\" sizes=\"(max-width: 2560px) 100vw, 2560px\" \/><\/figure>\n\n\n\n<figure class=\"wp-block-image size-large\"><img loading=\"lazy\" width=\"1284\" height=\"962\" data-id=\"11266\"  src=\"http:\/\/zs.gromnik.pl\/zs\/wp-content\/uploads\/2022\/10\/308802380_807568977103740_6179695917835336354_n.jpg\" alt=\"\" class=\"wp-image-11266\" srcset=\"https:\/\/zs.gromnik.pl\/zs\/wp-content\/uploads\/2022\/10\/308802380_807568977103740_6179695917835336354_n.jpg 1284w, https:\/\/zs.gromnik.pl\/zs\/wp-content\/uploads\/2022\/10\/308802380_807568977103740_6179695917835336354_n-300x225.jpg 300w, https:\/\/zs.gromnik.pl\/zs\/wp-content\/uploads\/2022\/10\/308802380_807568977103740_6179695917835336354_n-1024x767.jpg 1024w, https:\/\/zs.gromnik.pl\/zs\/wp-content\/uploads\/2022\/10\/308802380_807568977103740_6179695917835336354_n-768x575.jpg 768w, https:\/\/zs.gromnik.pl\/zs\/wp-content\/uploads\/2022\/10\/308802380_807568977103740_6179695917835336354_n-1140x854.jpg 1140w\" sizes=\"(max-width: 1284px) 100vw, 1284px\" \/><\/figure>\n\n\n\n<figure class=\"wp-block-image size-large\"><img loading=\"lazy\" width=\"947\" height=\"774\" data-id=\"11279\"  src=\"http:\/\/zs.gromnik.pl\/zs\/wp-content\/uploads\/2022\/10\/received_5438640366225027.jpeg\" alt=\"\" class=\"wp-image-11279\" srcset=\"https:\/\/zs.gromnik.pl\/zs\/wp-content\/uploads\/2022\/10\/received_5438640366225027.jpeg 947w, https:\/\/zs.gromnik.pl\/zs\/wp-content\/uploads\/2022\/10\/received_5438640366225027-300x245.jpeg 300w, https:\/\/zs.gromnik.pl\/zs\/wp-content\/uploads\/2022\/10\/received_5438640366225027-768x628.jpeg 768w\" sizes=\"(max-width: 947px) 100vw, 947px\" \/><\/figure>\n\n\n\n<figure class=\"wp-block-image size-large\"><img loading=\"lazy\" width=\"2048\" height=\"1600\" data-id=\"11267\"  src=\"http:\/\/zs.gromnik.pl\/zs\/wp-content\/uploads\/2022\/10\/309617963_421701770045980_2632019218590995312_n.jpg\" alt=\"\" class=\"wp-image-11267\" srcset=\"https:\/\/zs.gromnik.pl\/zs\/wp-content\/uploads\/2022\/10\/309617963_421701770045980_2632019218590995312_n.jpg 2048w, https:\/\/zs.gromnik.pl\/zs\/wp-content\/uploads\/2022\/10\/309617963_421701770045980_2632019218590995312_n-300x234.jpg 300w, https:\/\/zs.gromnik.pl\/zs\/wp-content\/uploads\/2022\/10\/309617963_421701770045980_2632019218590995312_n-1024x800.jpg 1024w, https:\/\/zs.gromnik.pl\/zs\/wp-content\/uploads\/2022\/10\/309617963_421701770045980_2632019218590995312_n-768x600.jpg 768w, https:\/\/zs.gromnik.pl\/zs\/wp-content\/uploads\/2022\/10\/309617963_421701770045980_2632019218590995312_n-1536x1200.jpg 1536w, https:\/\/zs.gromnik.pl\/zs\/wp-content\/uploads\/2022\/10\/309617963_421701770045980_2632019218590995312_n-1140x891.jpg 1140w\" sizes=\"(max-width: 2048px) 100vw, 2048px\" \/><\/figure>\n\n\n\n<figure class=\"wp-block-image size-large\"><img loading=\"lazy\" width=\"2048\" height=\"1749\" data-id=\"11268\"  src=\"http:\/\/zs.gromnik.pl\/zs\/wp-content\/uploads\/2022\/10\/309909527_1742265229462665_270425017493115449_n.jpg\" alt=\"\" class=\"wp-image-11268\" srcset=\"https:\/\/zs.gromnik.pl\/zs\/wp-content\/uploads\/2022\/10\/309909527_1742265229462665_270425017493115449_n.jpg 2048w, https:\/\/zs.gromnik.pl\/zs\/wp-content\/uploads\/2022\/10\/309909527_1742265229462665_270425017493115449_n-300x256.jpg 300w, https:\/\/zs.gromnik.pl\/zs\/wp-content\/uploads\/2022\/10\/309909527_1742265229462665_270425017493115449_n-1024x875.jpg 1024w, https:\/\/zs.gromnik.pl\/zs\/wp-content\/uploads\/2022\/10\/309909527_1742265229462665_270425017493115449_n-768x656.jpg 768w, https:\/\/zs.gromnik.pl\/zs\/wp-content\/uploads\/2022\/10\/309909527_1742265229462665_270425017493115449_n-1536x1312.jpg 1536w, https:\/\/zs.gromnik.pl\/zs\/wp-content\/uploads\/2022\/10\/309909527_1742265229462665_270425017493115449_n-1140x974.jpg 1140w\" sizes=\"(max-width: 2048px) 100vw, 2048px\" \/><\/figure>\n\n\n\n<figure class=\"wp-block-image size-large\"><img loading=\"lazy\" width=\"1200\" height=\"1600\" data-id=\"11278\"  src=\"http:\/\/zs.gromnik.pl\/zs\/wp-content\/uploads\/2022\/10\/IMG-20220930-WA0014.jpg\" alt=\"\" class=\"wp-image-11278\" srcset=\"https:\/\/zs.gromnik.pl\/zs\/wp-content\/uploads\/2022\/10\/IMG-20220930-WA0014.jpg 1200w, https:\/\/zs.gromnik.pl\/zs\/wp-content\/uploads\/2022\/10\/IMG-20220930-WA0014-225x300.jpg 225w, https:\/\/zs.gromnik.pl\/zs\/wp-content\/uploads\/2022\/10\/IMG-20220930-WA0014-768x1024.jpg 768w, https:\/\/zs.gromnik.pl\/zs\/wp-content\/uploads\/2022\/10\/IMG-20220930-WA0014-1152x1536.jpg 1152w, https:\/\/zs.gromnik.pl\/zs\/wp-content\/uploads\/2022\/10\/IMG-20220930-WA0014-1140x1520.jpg 1140w\" sizes=\"(max-width: 1200px) 100vw, 1200px\" \/><\/figure>\n\n\n\n<figure class=\"wp-block-image size-large\"><img loading=\"lazy\" width=\"1200\" height=\"1600\" data-id=\"11277\"  src=\"http:\/\/zs.gromnik.pl\/zs\/wp-content\/uploads\/2022\/10\/IMG-20220930-WA0010.jpg\" alt=\"\" class=\"wp-image-11277\" srcset=\"https:\/\/zs.gromnik.pl\/zs\/wp-content\/uploads\/2022\/10\/IMG-20220930-WA0010.jpg 1200w, https:\/\/zs.gromnik.pl\/zs\/wp-content\/uploads\/2022\/10\/IMG-20220930-WA0010-225x300.jpg 225w, https:\/\/zs.gromnik.pl\/zs\/wp-content\/uploads\/2022\/10\/IMG-20220930-WA0010-768x1024.jpg 768w, https:\/\/zs.gromnik.pl\/zs\/wp-content\/uploads\/2022\/10\/IMG-20220930-WA0010-1152x1536.jpg 1152w, https:\/\/zs.gromnik.pl\/zs\/wp-content\/uploads\/2022\/10\/IMG-20220930-WA0010-1140x1520.jpg 1140w\" sizes=\"(max-width: 1200px) 100vw, 1200px\" \/><\/figure>\n\n\n\n<figure class=\"wp-block-image size-large\"><img loading=\"lazy\" width=\"1200\" height=\"1600\" data-id=\"11276\"  src=\"http:\/\/zs.gromnik.pl\/zs\/wp-content\/uploads\/2022\/10\/IMG-20220930-WA0009.jpg\" alt=\"\" class=\"wp-image-11276\" srcset=\"https:\/\/zs.gromnik.pl\/zs\/wp-content\/uploads\/2022\/10\/IMG-20220930-WA0009.jpg 1200w, https:\/\/zs.gromnik.pl\/zs\/wp-content\/uploads\/2022\/10\/IMG-20220930-WA0009-225x300.jpg 225w, https:\/\/zs.gromnik.pl\/zs\/wp-content\/uploads\/2022\/10\/IMG-20220930-WA0009-768x1024.jpg 768w, https:\/\/zs.gromnik.pl\/zs\/wp-content\/uploads\/2022\/10\/IMG-20220930-WA0009-1152x1536.jpg 1152w, https:\/\/zs.gromnik.pl\/zs\/wp-content\/uploads\/2022\/10\/IMG-20220930-WA0009-1140x1520.jpg 1140w\" sizes=\"(max-width: 1200px) 100vw, 1200px\" \/><\/figure>\n\n\n\n<figure class=\"wp-block-image size-large\"><img loading=\"lazy\" width=\"2560\" height=\"1920\" data-id=\"11265\"  src=\"http:\/\/zs.gromnik.pl\/zs\/wp-content\/uploads\/2022\/10\/20220930_115705-scaled.jpg\" alt=\"\" class=\"wp-image-11265\" srcset=\"https:\/\/zs.gromnik.pl\/zs\/wp-content\/uploads\/2022\/10\/20220930_115705-scaled.jpg 2560w, https:\/\/zs.gromnik.pl\/zs\/wp-content\/uploads\/2022\/10\/20220930_115705-300x225.jpg 300w, https:\/\/zs.gromnik.pl\/zs\/wp-content\/uploads\/2022\/10\/20220930_115705-1024x768.jpg 1024w, https:\/\/zs.gromnik.pl\/zs\/wp-content\/uploads\/2022\/10\/20220930_115705-768x576.jpg 768w, https:\/\/zs.gromnik.pl\/zs\/wp-content\/uploads\/2022\/10\/20220930_115705-1536x1152.jpg 1536w, https:\/\/zs.gromnik.pl\/zs\/wp-content\/uploads\/2022\/10\/20220930_115705-2048x1536.jpg 2048w, https:\/\/zs.gromnik.pl\/zs\/wp-content\/uploads\/2022\/10\/20220930_115705-1140x855.jpg 1140w\" sizes=\"(max-width: 2560px) 100vw, 2560px\" \/><\/figure>\n<\/figure>\n\n\n\n<figure class=\"wp-container-4 wp-block-gallery-3 wp-block-gallery has-nested-images columns-default is-cropped\">\n<figure class=\"wp-block-image size-large\"><img loading=\"lazy\" width=\"2048\" height=\"1536\" data-id=\"11284\"  src=\"http:\/\/zs.gromnik.pl\/zs\/wp-content\/uploads\/2022\/10\/309245420_1053138828732116_2819726049258148151_n.jpg\" alt=\"\" class=\"wp-image-11284\" srcset=\"https:\/\/zs.gromnik.pl\/zs\/wp-content\/uploads\/2022\/10\/309245420_1053138828732116_2819726049258148151_n.jpg 2048w, https:\/\/zs.gromnik.pl\/zs\/wp-content\/uploads\/2022\/10\/309245420_1053138828732116_2819726049258148151_n-300x225.jpg 300w, https:\/\/zs.gromnik.pl\/zs\/wp-content\/uploads\/2022\/10\/309245420_1053138828732116_2819726049258148151_n-1024x768.jpg 1024w, https:\/\/zs.gromnik.pl\/zs\/wp-content\/uploads\/2022\/10\/309245420_1053138828732116_2819726049258148151_n-768x576.jpg 768w, https:\/\/zs.gromnik.pl\/zs\/wp-content\/uploads\/2022\/10\/309245420_1053138828732116_2819726049258148151_n-1536x1152.jpg 1536w, https:\/\/zs.gromnik.pl\/zs\/wp-content\/uploads\/2022\/10\/309245420_1053138828732116_2819726049258148151_n-1140x855.jpg 1140w\" sizes=\"(max-width: 2048px) 100vw, 2048px\" \/><\/figure>\n\n\n\n<figure class=\"wp-block-image size-large\"><img loading=\"lazy\" width=\"2048\" height=\"1536\" data-id=\"11285\"  src=\"http:\/\/zs.gromnik.pl\/zs\/wp-content\/uploads\/2022\/10\/309464802_616087690003706_3052601133887379064_n.jpg\" alt=\"\" class=\"wp-image-11285\" srcset=\"https:\/\/zs.gromnik.pl\/zs\/wp-content\/uploads\/2022\/10\/309464802_616087690003706_3052601133887379064_n.jpg 2048w, https:\/\/zs.gromnik.pl\/zs\/wp-content\/uploads\/2022\/10\/309464802_616087690003706_3052601133887379064_n-300x225.jpg 300w, https:\/\/zs.gromnik.pl\/zs\/wp-content\/uploads\/2022\/10\/309464802_616087690003706_3052601133887379064_n-1024x768.jpg 1024w, https:\/\/zs.gromnik.pl\/zs\/wp-content\/uploads\/2022\/10\/309464802_616087690003706_3052601133887379064_n-768x576.jpg 768w, https:\/\/zs.gromnik.pl\/zs\/wp-content\/uploads\/2022\/10\/309464802_616087690003706_3052601133887379064_n-1536x1152.jpg 1536w, https:\/\/zs.gromnik.pl\/zs\/wp-content\/uploads\/2022\/10\/309464802_616087690003706_3052601133887379064_n-1140x855.jpg 1140w\" sizes=\"(max-width: 2048px) 100vw, 2048px\" \/><\/figure>\n<\/figure>\n","protected":false},"excerpt":{"rendered":"<p>30 wrze\u015bnia nasze przedszkolaki odwiedzi\u0142a Pani Jesie\u0144. Ubrana by\u0142a w pi\u0119kn\u0105 sukni\u0119, a w r\u0119ku trzyma\u0142a kosz pe\u0142en dar\u00f3w. Jesienna Dama swoim przybyciem sprawi\u0142a wszystkim dzieciom ogromn\u0105 niespodziank\u0119. Przypomnia\u0142a, \u017ce od tygodnia trwa ju\u017c kalendarzowa jesie\u0144 i z tego powodu ma bardzo du\u017co pracy. Pomimo wielu obowi\u0105zk\u00f3w pami\u0119ta jednak o przedszkolakach, kt\u00f3rzy od kilku dni wypatruj\u0105 jej w lasach i parkach. Pani Jesie\u0144 podkre\u015bli\u0142a, \u017ce przyby\u0142a do dzieci r\u00f3wnie\u017c po to, aby razem z nimi uczci\u0107 Dzie\u0144 G\u0142o\u015bnego Czytania, kt\u00f3ry przypada na 29 wrze\u015bnia. W ramach tego \u015bwi\u0119ta przeczyta\u0142a w ka\u017cdej grupie bajk\u0119 oraz przygotowa\u0142a dla ma\u0142ych s\u0142uchaczy kilka zagadek. Na zako\u0144czenie pocz\u0119stowa\u0142a dzieci pysznymi owocami i warzywami. Przedszkolaki z grupy I razem ze swoj\u0105 pani\u0105 zdecydowa\u0142y si\u0119 nawet na wykonanie zdrowego soku. Ten dzie\u0144 by\u0142 dla wszystkich naprawd\u0119 wyj\u0105tkowy!<\/p>\n","protected":false},"author":7,"featured_media":11270,"comment_status":"closed","ping_status":"open","sticky":false,"template":"","format":"standard","meta":[],"categories":[3,15],"tags":[],"yoast_head":"<!-- This site is optimized with the Yoast SEO plugin v19.8 - https:\/\/yoast.com\/wordpress\/plugins\/seo\/ -->\n<title>Dzie\u0144 G\u0142o\u015bnego Czytania z Pani\u0105 Jesie\u0144\u2026 - Zesp\u00f3\u0142 Szk\u00f3\u0142 w Gromniku<\/title>\n<meta name=\"description\" content=\"Zesp\u00f3\u0142 Szk\u00f3\u0142 w Gromniku\" \/>\n<meta name=\"robots\" content=\"index, follow, max-snippet:-1, max-image-preview:large, max-video-preview:-1\" \/>\n<link rel=\"canonical\" href=\"https:\/\/zs.gromnik.pl\/zs\/dzien-glosnego-czytania-z-pania-jesien\/\" \/>\n<meta property=\"og:locale\" content=\"pl_PL\" \/>\n<meta property=\"og:type\" content=\"article\" \/>\n<meta property=\"og:title\" content=\"Dzie\u0144 G\u0142o\u015bnego Czytania z Pani\u0105 Jesie\u0144\u2026 - Zesp\u00f3\u0142 Szk\u00f3\u0142 w Gromniku\" \/>\n<meta property=\"og:description\" content=\"Zesp\u00f3\u0142 Szk\u00f3\u0142 w Gromniku\" \/>\n<meta property=\"og:url\" content=\"https:\/\/zs.gromnik.pl\/zs\/dzien-glosnego-czytania-z-pania-jesien\/\" \/>\n<meta property=\"og:site_name\" content=\"Zesp\u00f3\u0142 Szk\u00f3\u0142 w Gromniku\" \/>\n<meta property=\"article:publisher\" content=\"https:\/\/www.facebook.com\/zsgromnik\" \/>\n<meta property=\"article:published_time\" content=\"2022-10-02T14:30:42+00:00\" \/>\n<meta property=\"article:modified_time\" content=\"2022-10-02T17:01:39+00:00\" \/>\n<meta property=\"og:image\" content=\"https:\/\/zs.gromnik.pl\/zs\/wp-content\/uploads\/2022\/10\/IMG_6008-scaled.jpg\" \/>\n\t<meta property=\"og:image:width\" content=\"1707\" \/>\n\t<meta property=\"og:image:height\" content=\"2560\" \/>\n\t<meta property=\"og:image:type\" content=\"image\/jpeg\" \/>\n<meta name=\"author\" content=\"Barbara Kubicz\" \/>\n<meta name=\"twitter:card\" content=\"summary_large_image\" \/>\n<meta name=\"twitter:label1\" content=\"Napisane przez\" \/>\n\t<meta name=\"twitter:data1\" content=\"Barbara Kubicz\" \/>\n\t<meta name=\"twitter:label2\" content=\"Szacowany czas czytania\" \/>\n\t<meta name=\"twitter:data2\" content=\"1 minuta\" \/>\n<script type=\"application\/ld+json\" class=\"yoast-schema-graph\">{\"@context\":\"https:\/\/schema.org\",\"@graph\":[{\"@type\":\"WebPage\",\"@id\":\"https:\/\/zs.gromnik.pl\/zs\/dzien-glosnego-czytania-z-pania-jesien\/\",\"url\":\"https:\/\/zs.gromnik.pl\/zs\/dzien-glosnego-czytania-z-pania-jesien\/\",\"name\":\"Dzie\u0144 G\u0142o\u015bnego Czytania z Pani\u0105 Jesie\u0144\u2026 - Zesp\u00f3\u0142 Szk\u00f3\u0142 w Gromniku\",\"isPartOf\":{\"@id\":\"https:\/\/zs.gromnik.pl\/zs\/#website\"},\"datePublished\":\"2022-10-02T14:30:42+00:00\",\"dateModified\":\"2022-10-02T17:01:39+00:00\",\"author\":{\"@id\":\"https:\/\/zs.gromnik.pl\/zs\/#\/schema\/person\/7fb2b24b90f39dede6a6b1ad809c8871\"},\"description\":\"Zesp\u00f3\u0142 Szk\u00f3\u0142 w Gromniku\",\"breadcrumb\":{\"@id\":\"https:\/\/zs.gromnik.pl\/zs\/dzien-glosnego-czytania-z-pania-jesien\/#breadcrumb\"},\"inLanguage\":\"pl-PL\",\"potentialAction\":[{\"@type\":\"ReadAction\",\"target\":[\"https:\/\/zs.gromnik.pl\/zs\/dzien-glosnego-czytania-z-pania-jesien\/\"]}]},{\"@type\":\"BreadcrumbList\",\"@id\":\"https:\/\/zs.gromnik.pl\/zs\/dzien-glosnego-czytania-z-pania-jesien\/#breadcrumb\",\"itemListElement\":[{\"@type\":\"ListItem\",\"position\":1,\"name\":\"Strona g\u0142\u00f3wna\",\"item\":\"https:\/\/zs.gromnik.pl\/zs\/\"},{\"@type\":\"ListItem\",\"position\":2,\"name\":\"Dzie\u0144 G\u0142o\u015bnego Czytania z Pani\u0105 Jesie\u0144\u2026\"}]},{\"@type\":\"WebSite\",\"@id\":\"https:\/\/zs.gromnik.pl\/zs\/#website\",\"url\":\"https:\/\/zs.gromnik.pl\/zs\/\",\"name\":\"Zesp\u00f3\u0142 Szk\u00f3\u0142 w Gromniku\",\"description\":\"\",\"potentialAction\":[{\"@type\":\"SearchAction\",\"target\":{\"@type\":\"EntryPoint\",\"urlTemplate\":\"https:\/\/zs.gromnik.pl\/zs\/?s={search_term_string}\"},\"query-input\":\"required name=search_term_string\"}],\"inLanguage\":\"pl-PL\"},{\"@type\":\"Person\",\"@id\":\"https:\/\/zs.gromnik.pl\/zs\/#\/schema\/person\/7fb2b24b90f39dede6a6b1ad809c8871\",\"name\":\"Barbara Kubicz\",\"image\":{\"@type\":\"ImageObject\",\"inLanguage\":\"pl-PL\",\"@id\":\"https:\/\/zs.gromnik.pl\/zs\/#\/schema\/person\/image\/\",\"url\":\"https:\/\/secure.gravatar.com\/avatar\/2148a1c13395e11280a430e7a86ac24a?s=96&d=mm&r=g\",\"contentUrl\":\"https:\/\/secure.gravatar.com\/avatar\/2148a1c13395e11280a430e7a86ac24a?s=96&d=mm&r=g\",\"caption\":\"Barbara Kubicz\"},\"url\":\"https:\/\/zs.gromnik.pl\/zs\/author\/bkubicz\/\"}]}<\/script>\n<!-- \/ Yoast SEO plugin. -->","yoast_head_json":{"title":"Dzie\u0144 G\u0142o\u015bnego Czytania z Pani\u0105 Jesie\u0144\u2026 - Zesp\u00f3\u0142 Szk\u00f3\u0142 w Gromniku","description":"Zesp\u00f3\u0142 Szk\u00f3\u0142 w Gromniku","robots":{"index":"index","follow":"follow","max-snippet":"max-snippet:-1","max-image-preview":"max-image-preview:large","max-video-preview":"max-video-preview:-1"},"canonical":"https:\/\/zs.gromnik.pl\/zs\/dzien-glosnego-czytania-z-pania-jesien\/","og_locale":"pl_PL","og_type":"article","og_title":"Dzie\u0144 G\u0142o\u015bnego Czytania z Pani\u0105 Jesie\u0144\u2026 - Zesp\u00f3\u0142 Szk\u00f3\u0142 w Gromniku","og_description":"Zesp\u00f3\u0142 Szk\u00f3\u0142 w Gromniku","og_url":"https:\/\/zs.gromnik.pl\/zs\/dzien-glosnego-czytania-z-pania-jesien\/","og_site_name":"Zesp\u00f3\u0142 Szk\u00f3\u0142 w Gromniku","article_publisher":"https:\/\/www.facebook.com\/zsgromnik","article_published_time":"2022-10-02T14:30:42+00:00","article_modified_time":"2022-10-02T17:01:39+00:00","og_image":[{"width":1707,"height":2560,"url":"https:\/\/zs.gromnik.pl\/zs\/wp-content\/uploads\/2022\/10\/IMG_6008-scaled.jpg","type":"image\/jpeg"}],"author":"Barbara Kubicz","twitter_card":"summary_large_image","twitter_misc":{"Napisane przez":"Barbara Kubicz","Szacowany czas czytania":"1 minuta"},"schema":{"@context":"https:\/\/schema.org","@graph":[{"@type":"WebPage","@id":"https:\/\/zs.gromnik.pl\/zs\/dzien-glosnego-czytania-z-pania-jesien\/","url":"https:\/\/zs.gromnik.pl\/zs\/dzien-glosnego-czytania-z-pania-jesien\/","name":"Dzie\u0144 G\u0142o\u015bnego Czytania z Pani\u0105 Jesie\u0144\u2026 - Zesp\u00f3\u0142 Szk\u00f3\u0142 w Gromniku","isPartOf":{"@id":"https:\/\/zs.gromnik.pl\/zs\/#website"},"datePublished":"2022-10-02T14:30:42+00:00","dateModified":"2022-10-02T17:01:39+00:00","author":{"@id":"https:\/\/zs.gromnik.pl\/zs\/#\/schema\/person\/7fb2b24b90f39dede6a6b1ad809c8871"},"description":"Zesp\u00f3\u0142 Szk\u00f3\u0142 w Gromniku","breadcrumb":{"@id":"https:\/\/zs.gromnik.pl\/zs\/dzien-glosnego-czytania-z-pania-jesien\/#breadcrumb"},"inLanguage":"pl-PL","potentialAction":[{"@type":"ReadAction","target":["https:\/\/zs.gromnik.pl\/zs\/dzien-glosnego-czytania-z-pania-jesien\/"]}]},{"@type":"BreadcrumbList","@id":"https:\/\/zs.gromnik.pl\/zs\/dzien-glosnego-czytania-z-pania-jesien\/#breadcrumb","itemListElement":[{"@type":"ListItem","position":1,"name":"Strona g\u0142\u00f3wna","item":"https:\/\/zs.gromnik.pl\/zs\/"},{"@type":"ListItem","position":2,"name":"Dzie\u0144 G\u0142o\u015bnego Czytania z Pani\u0105 Jesie\u0144\u2026"}]},{"@type":"WebSite","@id":"https:\/\/zs.gromnik.pl\/zs\/#website","url":"https:\/\/zs.gromnik.pl\/zs\/","name":"Zesp\u00f3\u0142 Szk\u00f3\u0142 w Gromniku","description":"","potentialAction":[{"@type":"SearchAction","target":{"@type":"EntryPoint","urlTemplate":"https:\/\/zs.gromnik.pl\/zs\/?s={search_term_string}"},"query-input":"required name=search_term_string"}],"inLanguage":"pl-PL"},{"@type":"Person","@id":"https:\/\/zs.gromnik.pl\/zs\/#\/schema\/person\/7fb2b24b90f39dede6a6b1ad809c8871","name":"Barbara Kubicz","image":{"@type":"ImageObject","inLanguage":"pl-PL","@id":"https:\/\/zs.gromnik.pl\/zs\/#\/schema\/person\/image\/","url":"https:\/\/secure.gravatar.com\/avatar\/2148a1c13395e11280a430e7a86ac24a?s=96&d=mm&r=g","contentUrl":"https:\/\/secure.gravatar.com\/avatar\/2148a1c13395e11280a430e7a86ac24a?s=96&d=mm&r=g","caption":"Barbara Kubicz"},"url":"https:\/\/zs.gromnik.pl\/zs\/author\/bkubicz\/"}]}},"_links":{"self":[{"href":"https:\/\/zs.gromnik.pl\/zs\/wp-json\/wp\/v2\/posts\/11231"}],"collection":[{"href":"https:\/\/zs.gromnik.pl\/zs\/wp-json\/wp\/v2\/posts"}],"about":[{"href":"https:\/\/zs.gromnik.pl\/zs\/wp-json\/wp\/v2\/types\/post"}],"author":[{"embeddable":true,"href":"https:\/\/zs.gromnik.pl\/zs\/wp-json\/wp\/v2\/users\/7"}],"replies":[{"embeddable":true,"href":"https:\/\/zs.gromnik.pl\/zs\/wp-json\/wp\/v2\/comments?post=11231"}],"version-history":[{"count":5,"href":"https:\/\/zs.gromnik.pl\/zs\/wp-json\/wp\/v2\/posts\/11231\/revisions"}],"predecessor-version":[{"id":11287,"href":"https:\/\/zs.gromnik.pl\/zs\/wp-json\/wp\/v2\/posts\/11231\/revisions\/11287"}],"wp:featuredmedia":[{"embeddable":true,"href":"https:\/\/zs.gromnik.pl\/zs\/wp-json\/wp\/v2\/media\/11270"}],"wp:attachment":[{"href":"https:\/\/zs.gromnik.pl\/zs\/wp-json\/wp\/v2\/media?parent=11231"}],"wp:term":[{"taxonomy":"category","embeddable":true,"href":"https:\/\/zs.gromnik.pl\/zs\/wp-json\/wp\/v2\/categories?post=11231"},{"taxonomy":"post_tag","embeddable":true,"href":"https:\/\/zs.gromnik.pl\/zs\/wp-json\/wp\/v2\/tags?post=11231"}],"curies":[{"name":"wp","href":"https:\/\/api.w.org\/{rel}","templated":true}]}}