{"id":11288,"date":"2022-10-02T21:06:57","date_gmt":"2022-10-02T19:06:57","guid":{"rendered":"http:\/\/zs.gromnik.pl\/zs\/?p=11288"},"modified":"2022-10-02T21:06:59","modified_gmt":"2022-10-02T19:06:59","slug":"sprzatanie-swiata-2022-gromnik","status":"publish","type":"post","link":"https:\/\/zs.gromnik.pl\/zs\/sprzatanie-swiata-2022-gromnik\/","title":{"rendered":"Sprz\u0105tanie \u015awiata 2022 Gromnik"},"content":{"rendered":"\n<p><strong>W tym roku pod has\u0142em:<\/strong><strong><\/strong><\/p>\n\n\n\n<p><strong><strong>WSZYSTKIE \u015aMIECI S\u0104 NASZE<\/strong><\/strong><\/p>\n\n\n\n<p>Nasza akcja terenowa zaplanowana zosta\u0142a dla starszych klas, kt\u00f3re w dniu 15 wrze\u015bnia mia\u0142y lekcje wychowania fizycznego, biologii lub zaj\u0119cia z wychowawc\u0105. Przesuni\u0119cie zwi\u0105zane by\u0142o z organizacj\u0105 w naszej plac\u00f3wce Rajdu Odblaskowego dla os\u00f3b niepe\u0142nosprawnych w dniu 16 wrze\u015bnia. Przed akcj\u0105 nawi\u0105za\u0142am wsp\u00f3\u0142prac\u0119 z Referatem do spraw Ochrony \u015arodowiska w Urz\u0119dzie Gminy sk\u0105d otrzymali\u015bmy worki, r\u0119kawiczki i ustalili\u015bmy miejsce odbioru zebranych odpad\u00f3w. Opiekunowie wraz uczniami wg ustalonego harmonogramu uczestniczyli w akcji terenowej oczyszczania najbli\u017cszej okolicy. Zebrane odpady zosta\u0142y posegregowane i zgromadzone w ustalonym miejscu.\u00a0<\/p>\n\n\n\n<p>Zebrano: 20kg tworzyw sztucznych,<\/p>\n\n\n\n<p>3kg papieru<\/p>\n\n\n\n<p>30 kg szk\u0142a,<\/p>\n\n\n\n<p>3kg metalu,<\/p>\n\n\n\n<p>27 kg odpad\u00f3w mieszanych.<\/p>\n\n\n<div class=\"wp-block-image\">\n<figure class=\"aligncenter size-full\"><img loading=\"lazy\" width=\"605\" height=\"454\" src=\"http:\/\/zs.gromnik.pl\/zs\/wp-content\/uploads\/2022\/10\/1.png\" alt=\"\" class=\"wp-image-11289\" srcset=\"https:\/\/zs.gromnik.pl\/zs\/wp-content\/uploads\/2022\/10\/1.png 605w, https:\/\/zs.gromnik.pl\/zs\/wp-content\/uploads\/2022\/10\/1-300x225.png 300w\" sizes=\"(max-width: 605px) 100vw, 605px\" \/><\/figure><\/div>\n\n<div class=\"wp-block-image\">\n<figure class=\"aligncenter size-full\"><img loading=\"lazy\" width=\"605\" height=\"454\" src=\"http:\/\/zs.gromnik.pl\/zs\/wp-content\/uploads\/2022\/10\/2.png\" alt=\"\" class=\"wp-image-11290\" srcset=\"https:\/\/zs.gromnik.pl\/zs\/wp-content\/uploads\/2022\/10\/2.png 605w, https:\/\/zs.gromnik.pl\/zs\/wp-content\/uploads\/2022\/10\/2-300x225.png 300w\" sizes=\"(max-width: 605px) 100vw, 605px\" \/><\/figure><\/div>","protected":false},"excerpt":{"rendered":"<p>W tym roku pod has\u0142em: WSZYSTKIE \u015aMIECI S\u0104 NASZE Nasza akcja terenowa zaplanowana zosta\u0142a dla starszych klas, kt\u00f3re w dniu 15 wrze\u015bnia mia\u0142y lekcje wychowania fizycznego, biologii lub zaj\u0119cia z wychowawc\u0105. Przesuni\u0119cie zwi\u0105zane by\u0142o z organizacj\u0105 w naszej plac\u00f3wce Rajdu Odblaskowego dla os\u00f3b niepe\u0142nosprawnych w dniu 16 wrze\u015bnia. Przed akcj\u0105 nawi\u0105za\u0142am wsp\u00f3\u0142prac\u0119 z Referatem do spraw Ochrony \u015arodowiska w Urz\u0119dzie Gminy sk\u0105d otrzymali\u015bmy worki, r\u0119kawiczki i ustalili\u015bmy miejsce odbioru zebranych odpad\u00f3w. Opiekunowie wraz uczniami wg ustalonego harmonogramu uczestniczyli w akcji terenowej oczyszczania najbli\u017cszej okolicy. Zebrane odpady zosta\u0142y posegregowane i zgromadzone w ustalonym miejscu.\u00a0 Zebrano: 20kg tworzyw sztucznych, 3kg papieru 30 kg szk\u0142a, 3kg metalu, 27 kg odpad\u00f3w mieszanych.<\/p>\n","protected":false},"author":1,"featured_media":11291,"comment_status":"closed","ping_status":"open","sticky":false,"template":"","format":"standard","meta":[],"categories":[3],"tags":[],"yoast_head":"<!-- This site is optimized with the Yoast SEO plugin v19.8 - https:\/\/yoast.com\/wordpress\/plugins\/seo\/ -->\n<title>Sprz\u0105tanie \u015awiata 2022 Gromnik - Zesp\u00f3\u0142 Szk\u00f3\u0142 w Gromniku<\/title>\n<meta name=\"description\" content=\"Zesp\u00f3\u0142 Szk\u00f3\u0142 w Gromniku\" \/>\n<meta name=\"robots\" content=\"index, follow, max-snippet:-1, max-image-preview:large, max-video-preview:-1\" \/>\n<link rel=\"canonical\" href=\"https:\/\/zs.gromnik.pl\/zs\/sprzatanie-swiata-2022-gromnik\/\" \/>\n<meta property=\"og:locale\" content=\"pl_PL\" \/>\n<meta property=\"og:type\" content=\"article\" \/>\n<meta property=\"og:title\" content=\"Sprz\u0105tanie \u015awiata 2022 Gromnik - Zesp\u00f3\u0142 Szk\u00f3\u0142 w Gromniku\" \/>\n<meta property=\"og:description\" content=\"Zesp\u00f3\u0142 Szk\u00f3\u0142 w Gromniku\" \/>\n<meta property=\"og:url\" content=\"https:\/\/zs.gromnik.pl\/zs\/sprzatanie-swiata-2022-gromnik\/\" \/>\n<meta property=\"og:site_name\" content=\"Zesp\u00f3\u0142 Szk\u00f3\u0142 w Gromniku\" \/>\n<meta property=\"article:publisher\" content=\"https:\/\/www.facebook.com\/zsgromnik\" \/>\n<meta property=\"article:published_time\" content=\"2022-10-02T19:06:57+00:00\" \/>\n<meta property=\"article:modified_time\" content=\"2022-10-02T19:06:59+00:00\" \/>\n<meta property=\"og:image\" content=\"https:\/\/zs.gromnik.pl\/zs\/wp-content\/uploads\/2022\/10\/3.png\" \/>\n\t<meta property=\"og:image:width\" content=\"605\" \/>\n\t<meta property=\"og:image:height\" content=\"340\" \/>\n\t<meta property=\"og:image:type\" content=\"image\/png\" \/>\n<meta name=\"author\" content=\"admin\" \/>\n<meta name=\"twitter:card\" content=\"summary_large_image\" \/>\n<meta name=\"twitter:label1\" content=\"Napisane przez\" \/>\n\t<meta name=\"twitter:data1\" content=\"admin\" \/>\n\t<meta name=\"twitter:label2\" content=\"Szacowany czas czytania\" \/>\n\t<meta name=\"twitter:data2\" content=\"1 minuta\" \/>\n<script type=\"application\/ld+json\" class=\"yoast-schema-graph\">{\"@context\":\"https:\/\/schema.org\",\"@graph\":[{\"@type\":\"WebPage\",\"@id\":\"https:\/\/zs.gromnik.pl\/zs\/sprzatanie-swiata-2022-gromnik\/\",\"url\":\"https:\/\/zs.gromnik.pl\/zs\/sprzatanie-swiata-2022-gromnik\/\",\"name\":\"Sprz\u0105tanie \u015awiata 2022 Gromnik - Zesp\u00f3\u0142 Szk\u00f3\u0142 w Gromniku\",\"isPartOf\":{\"@id\":\"https:\/\/zs.gromnik.pl\/zs\/#website\"},\"datePublished\":\"2022-10-02T19:06:57+00:00\",\"dateModified\":\"2022-10-02T19:06:59+00:00\",\"author\":{\"@id\":\"https:\/\/zs.gromnik.pl\/zs\/#\/schema\/person\/b197900f67c6133faddc284ae32f97ca\"},\"description\":\"Zesp\u00f3\u0142 Szk\u00f3\u0142 w Gromniku\",\"breadcrumb\":{\"@id\":\"https:\/\/zs.gromnik.pl\/zs\/sprzatanie-swiata-2022-gromnik\/#breadcrumb\"},\"inLanguage\":\"pl-PL\",\"potentialAction\":[{\"@type\":\"ReadAction\",\"target\":[\"https:\/\/zs.gromnik.pl\/zs\/sprzatanie-swiata-2022-gromnik\/\"]}]},{\"@type\":\"BreadcrumbList\",\"@id\":\"https:\/\/zs.gromnik.pl\/zs\/sprzatanie-swiata-2022-gromnik\/#breadcrumb\",\"itemListElement\":[{\"@type\":\"ListItem\",\"position\":1,\"name\":\"Strona g\u0142\u00f3wna\",\"item\":\"https:\/\/zs.gromnik.pl\/zs\/\"},{\"@type\":\"ListItem\",\"position\":2,\"name\":\"Sprz\u0105tanie \u015awiata 2022 Gromnik\"}]},{\"@type\":\"WebSite\",\"@id\":\"https:\/\/zs.gromnik.pl\/zs\/#website\",\"url\":\"https:\/\/zs.gromnik.pl\/zs\/\",\"name\":\"Zesp\u00f3\u0142 Szk\u00f3\u0142 w Gromniku\",\"description\":\"\",\"potentialAction\":[{\"@type\":\"SearchAction\",\"target\":{\"@type\":\"EntryPoint\",\"urlTemplate\":\"https:\/\/zs.gromnik.pl\/zs\/?s={search_term_string}\"},\"query-input\":\"required name=search_term_string\"}],\"inLanguage\":\"pl-PL\"},{\"@type\":\"Person\",\"@id\":\"https:\/\/zs.gromnik.pl\/zs\/#\/schema\/person\/b197900f67c6133faddc284ae32f97ca\",\"name\":\"admin\",\"image\":{\"@type\":\"ImageObject\",\"inLanguage\":\"pl-PL\",\"@id\":\"https:\/\/zs.gromnik.pl\/zs\/#\/schema\/person\/image\/\",\"url\":\"https:\/\/secure.gravatar.com\/avatar\/f8a2f876dbcc8c8edd809a8ca77a2abe?s=96&d=mm&r=g\",\"contentUrl\":\"https:\/\/secure.gravatar.com\/avatar\/f8a2f876dbcc8c8edd809a8ca77a2abe?s=96&d=mm&r=g\",\"caption\":\"admin\"},\"url\":\"https:\/\/zs.gromnik.pl\/zs\/author\/admin\/\"}]}<\/script>\n<!-- \/ Yoast SEO plugin. -->","yoast_head_json":{"title":"Sprz\u0105tanie \u015awiata 2022 Gromnik - Zesp\u00f3\u0142 Szk\u00f3\u0142 w Gromniku","description":"Zesp\u00f3\u0142 Szk\u00f3\u0142 w Gromniku","robots":{"index":"index","follow":"follow","max-snippet":"max-snippet:-1","max-image-preview":"max-image-preview:large","max-video-preview":"max-video-preview:-1"},"canonical":"https:\/\/zs.gromnik.pl\/zs\/sprzatanie-swiata-2022-gromnik\/","og_locale":"pl_PL","og_type":"article","og_title":"Sprz\u0105tanie \u015awiata 2022 Gromnik - Zesp\u00f3\u0142 Szk\u00f3\u0142 w Gromniku","og_description":"Zesp\u00f3\u0142 Szk\u00f3\u0142 w Gromniku","og_url":"https:\/\/zs.gromnik.pl\/zs\/sprzatanie-swiata-2022-gromnik\/","og_site_name":"Zesp\u00f3\u0142 Szk\u00f3\u0142 w Gromniku","article_publisher":"https:\/\/www.facebook.com\/zsgromnik","article_published_time":"2022-10-02T19:06:57+00:00","article_modified_time":"2022-10-02T19:06:59+00:00","og_image":[{"width":605,"height":340,"url":"https:\/\/zs.gromnik.pl\/zs\/wp-content\/uploads\/2022\/10\/3.png","type":"image\/png"}],"author":"admin","twitter_card":"summary_large_image","twitter_misc":{"Napisane przez":"admin","Szacowany czas czytania":"1 minuta"},"schema":{"@context":"https:\/\/schema.org","@graph":[{"@type":"WebPage","@id":"https:\/\/zs.gromnik.pl\/zs\/sprzatanie-swiata-2022-gromnik\/","url":"https:\/\/zs.gromnik.pl\/zs\/sprzatanie-swiata-2022-gromnik\/","name":"Sprz\u0105tanie \u015awiata 2022 Gromnik - Zesp\u00f3\u0142 Szk\u00f3\u0142 w Gromniku","isPartOf":{"@id":"https:\/\/zs.gromnik.pl\/zs\/#website"},"datePublished":"2022-10-02T19:06:57+00:00","dateModified":"2022-10-02T19:06:59+00:00","author":{"@id":"https:\/\/zs.gromnik.pl\/zs\/#\/schema\/person\/b197900f67c6133faddc284ae32f97ca"},"description":"Zesp\u00f3\u0142 Szk\u00f3\u0142 w Gromniku","breadcrumb":{"@id":"https:\/\/zs.gromnik.pl\/zs\/sprzatanie-swiata-2022-gromnik\/#breadcrumb"},"inLanguage":"pl-PL","potentialAction":[{"@type":"ReadAction","target":["https:\/\/zs.gromnik.pl\/zs\/sprzatanie-swiata-2022-gromnik\/"]}]},{"@type":"BreadcrumbList","@id":"https:\/\/zs.gromnik.pl\/zs\/sprzatanie-swiata-2022-gromnik\/#breadcrumb","itemListElement":[{"@type":"ListItem","position":1,"name":"Strona g\u0142\u00f3wna","item":"https:\/\/zs.gromnik.pl\/zs\/"},{"@type":"ListItem","position":2,"name":"Sprz\u0105tanie \u015awiata 2022 Gromnik"}]},{"@type":"WebSite","@id":"https:\/\/zs.gromnik.pl\/zs\/#website","url":"https:\/\/zs.gromnik.pl\/zs\/","name":"Zesp\u00f3\u0142 Szk\u00f3\u0142 w Gromniku","description":"","potentialAction":[{"@type":"SearchAction","target":{"@type":"EntryPoint","urlTemplate":"https:\/\/zs.gromnik.pl\/zs\/?s={search_term_string}"},"query-input":"required name=search_term_string"}],"inLanguage":"pl-PL"},{"@type":"Person","@id":"https:\/\/zs.gromnik.pl\/zs\/#\/schema\/person\/b197900f67c6133faddc284ae32f97ca","name":"admin","image":{"@type":"ImageObject","inLanguage":"pl-PL","@id":"https:\/\/zs.gromnik.pl\/zs\/#\/schema\/person\/image\/","url":"https:\/\/secure.gravatar.com\/avatar\/f8a2f876dbcc8c8edd809a8ca77a2abe?s=96&d=mm&r=g","contentUrl":"https:\/\/secure.gravatar.com\/avatar\/f8a2f876dbcc8c8edd809a8ca77a2abe?s=96&d=mm&r=g","caption":"admin"},"url":"https:\/\/zs.gromnik.pl\/zs\/author\/admin\/"}]}},"_links":{"self":[{"href":"https:\/\/zs.gromnik.pl\/zs\/wp-json\/wp\/v2\/posts\/11288"}],"collection":[{"href":"https:\/\/zs.gromnik.pl\/zs\/wp-json\/wp\/v2\/posts"}],"about":[{"href":"https:\/\/zs.gromnik.pl\/zs\/wp-json\/wp\/v2\/types\/post"}],"author":[{"embeddable":true,"href":"https:\/\/zs.gromnik.pl\/zs\/wp-json\/wp\/v2\/users\/1"}],"replies":[{"embeddable":true,"href":"https:\/\/zs.gromnik.pl\/zs\/wp-json\/wp\/v2\/comments?post=11288"}],"version-history":[{"count":1,"href":"https:\/\/zs.gromnik.pl\/zs\/wp-json\/wp\/v2\/posts\/11288\/revisions"}],"predecessor-version":[{"id":11292,"href":"https:\/\/zs.gromnik.pl\/zs\/wp-json\/wp\/v2\/posts\/11288\/revisions\/11292"}],"wp:featuredmedia":[{"embeddable":true,"href":"https:\/\/zs.gromnik.pl\/zs\/wp-json\/wp\/v2\/media\/11291"}],"wp:attachment":[{"href":"https:\/\/zs.gromnik.pl\/zs\/wp-json\/wp\/v2\/media?parent=11288"}],"wp:term":[{"taxonomy":"category","embeddable":true,"href":"https:\/\/zs.gromnik.pl\/zs\/wp-json\/wp\/v2\/categories?post=11288"},{"taxonomy":"post_tag","embeddable":true,"href":"https:\/\/zs.gromnik.pl\/zs\/wp-json\/wp\/v2\/tags?post=11288"}],"curies":[{"name":"wp","href":"https:\/\/api.w.org\/{rel}","templated":true}]}}