{"id":113,"date":"2020-02-10T10:40:19","date_gmt":"2020-02-10T09:40:19","guid":{"rendered":"http:\/\/www.zs.gromnik.pl\/zs\/?p=113"},"modified":"2020-02-10T14:11:53","modified_gmt":"2020-02-10T13:11:53","slug":"rekrutacja","status":"publish","type":"post","link":"https:\/\/zs.gromnik.pl\/zs\/rekrutacja\/","title":{"rendered":"Zapisy dzieci do przedszkola i oddzia\u0142\u00f3w przedszkolnych w szkole podstawowej na rok szkolny 2020\/2021"},"content":{"rendered":"<p style=\"text-align: justify;\">Zapisy dzieci po raz pierwszy staraj\u0105cych si\u0119 o miejsce w Przedszkolu Publicznym w Gromniku oraz w oddzia\u0142ach przedszkolnych w Szkole Filialnej w Golance i w Polichtach b\u0119d\u0105 prowadzane od 18 lutego do 2 marca 2020 roku. \u201eRegulamin rekrutacji\u201d, \u201eWnioski o przyj\u0119cie dziecka do przedszkola\u201d oraz druki o\u015bwiadcze\u0144 do pobrania zak\u0142adce Przedszkole Publiczne oraz w przedszkolu. Wype\u0142nione wnioski wraz z za\u0142\u0105cznikami potwierdzaj\u0105cymi spe\u0142nianie kryteri\u00f3w przyjmuje kierownik przedszkola w Gromniku od 18 lutego do 2 marca 2020 roku w wyznaczonych godzinach. Przypominamy, \u017ce w roku szkolnym 2020\/2021 obowi\u0105zkiem odbycia rocznego przygotowania przedszkolnego obj\u0119te s\u0105 wszystkie dzieci urodzone w 2014 r. Ponadto rodzice dzieci ucz\u0119szczaj\u0105cych do przedszkola sk\u0142adaj\u0105 deklaracje o kontynuowaniu wychowania przedszkolnego na rok szk. 2020\/21 w dniach od 10.02.2020 r. do 17.02.2020 r. u kierownika przedszkola. <!--more--><\/p>\n<p style=\"text-align: justify;\"><a href=\"http:\/\/www.zs.gromnik.pl\/zs\/wp-content\/uploads\/2020\/02\/regulamin.pdf\">Regulamin rekrutacji<\/a><\/p>\n<p><a href=\"http:\/\/www.zs.gromnik.pl\/zs\/wp-content\/uploads\/2020\/02\/Za\u0142\u0105cznik-Nr-2-Wniosek-o-przyj\u0119cie-dziecka-do-przedskzola-do-zarz.-nr-132.pdf\">Wniosek<\/a><\/p>\n<p style=\"text-align: justify;\"><a href=\"http:\/\/www.zs.gromnik.pl\/zs\/wp-content\/uploads\/2020\/02\/Za\u0142\u0105cznik-Nr-1-deklaracja-o-kontynuowaniu-do-zarz.-nr-132.pdf\">Deklaracja kontynuacji<\/a><\/p>\n<p><a href=\"http:\/\/www.zs.gromnik.pl\/zs\/wp-content\/uploads\/2020\/02\/Za\u0142\u0105cznik-Nr-1-termin-postepowania-rekruat-i-uzup.-do-przedszkoli-i-oddzia\u0142\u00f3w-przedsz.-zarz\u0105dzenie-nr-131.pdf\">Terminy<\/a><\/p>\n<p style=\"text-align: center;\"><strong>Harmonogram przyjmowania wniosk\u00f3w:<\/strong><\/p>\n<table>\n<tbody>\n<tr>\n<td width=\"189\"><strong>data<\/strong><\/td>\n<td width=\"191\"><strong>dzie\u0144<\/strong><\/td>\n<td width=\"186\"><strong>godzina<\/strong><\/td>\n<\/tr>\n<tr>\n<td width=\"189\">18.02.2020 r.<\/td>\n<td width=\"191\">wtorek<\/td>\n<td width=\"186\">11.00 \u2013 11.30<\/td>\n<\/tr>\n<tr>\n<td width=\"189\">19.02.2020 r.<\/td>\n<td width=\"191\">\u015broda<\/td>\n<td width=\"186\">11.00 \u2013 12.00<\/td>\n<\/tr>\n<tr>\n<td width=\"189\">21.02.2020 r.<\/td>\n<td width=\"191\">pi\u0105tek<\/td>\n<td width=\"186\">12.00 \u2013 13.00<\/td>\n<\/tr>\n<tr>\n<td width=\"189\">24.02.2020 r.<\/td>\n<td width=\"191\">poniedzia\u0142ek<\/td>\n<td width=\"186\">10.30 \u2013 11.00<\/td>\n<\/tr>\n<tr>\n<td width=\"189\">25.02.2020 r.<\/td>\n<td width=\"191\">wtorek<\/td>\n<td width=\"186\">11.00 &#8211; 12.00<\/td>\n<\/tr>\n<tr>\n<td width=\"189\">26.02.2020 r.<\/td>\n<td width=\"191\">\u015broda<\/td>\n<td width=\"186\">11.00 \u2013 12.00<\/td>\n<\/tr>\n<tr>\n<td width=\"189\">28.02.2020 r.<\/td>\n<td width=\"191\">pi\u0105tek<\/td>\n<td width=\"186\">12.00 \u2013 13.00<\/td>\n<\/tr>\n<tr>\n<td width=\"189\">02.03.2020 r.<\/td>\n<td width=\"191\">poniedzia\u0142ek<\/td>\n<td width=\"186\">10.30 \u2013 11.00<\/td>\n<\/tr>\n<\/tbody>\n<\/table>\n\n\n<p><\/p>\n","protected":false},"excerpt":{"rendered":"<p>Zapisy dzieci po raz pierwszy staraj\u0105cych si\u0119 o miejsce w Przedszkolu Publicznym w Gromniku oraz w oddzia\u0142ach przedszkolnych w Szkole Filialnej w Golance i w Polichtach b\u0119d\u0105 prowadzane od 18 lutego do 2 marca 2020 roku. \u201eRegulamin rekrutacji\u201d, \u201eWnioski o przyj\u0119cie dziecka do przedszkola\u201d oraz druki o\u015bwiadcze\u0144 do pobrania zak\u0142adce Przedszkole Publiczne oraz w przedszkolu. Wype\u0142nione wnioski wraz z za\u0142\u0105cznikami potwierdzaj\u0105cymi spe\u0142nianie kryteri\u00f3w przyjmuje kierownik przedszkola w Gromniku od 18 lutego do 2 marca 2020 roku w wyznaczonych godzinach. Przypominamy, \u017ce w roku szkolnym 2020\/2021 obowi\u0105zkiem odbycia rocznego przygotowania przedszkolnego obj\u0119te s\u0105 wszystkie dzieci urodzone w 2014 r. Ponadto rodzice dzieci ucz\u0119szczaj\u0105cych do przedszkola sk\u0142adaj\u0105 deklaracje o kontynuowaniu wychowania przedszkolnego na rok szk. 2020\/21 w dniach od 10.02.2020 r. do 17.02.2020 r. u kierownika przedszkola.<\/p>\n","protected":false},"author":1,"featured_media":0,"comment_status":"closed","ping_status":"open","sticky":false,"template":"","format":"standard","meta":[],"categories":[3,15],"tags":[],"yoast_head":"<!-- This site is optimized with the Yoast SEO plugin v19.8 - https:\/\/yoast.com\/wordpress\/plugins\/seo\/ -->\n<title>Zapisy dzieci do przedszkola i oddzia\u0142\u00f3w przedszkolnych w szkole podstawowej na rok szkolny 2020\/2021 - Zesp\u00f3\u0142 Szk\u00f3\u0142 w Gromniku<\/title>\n<meta name=\"description\" content=\"Zesp\u00f3\u0142 Szk\u00f3\u0142 w Gromniku\" \/>\n<meta name=\"robots\" content=\"index, follow, max-snippet:-1, max-image-preview:large, max-video-preview:-1\" \/>\n<link rel=\"canonical\" href=\"https:\/\/zs.gromnik.pl\/zs\/rekrutacja\/\" \/>\n<meta property=\"og:locale\" content=\"pl_PL\" \/>\n<meta property=\"og:type\" content=\"article\" \/>\n<meta property=\"og:title\" content=\"Zapisy dzieci do przedszkola i oddzia\u0142\u00f3w przedszkolnych w szkole podstawowej na rok szkolny 2020\/2021 - Zesp\u00f3\u0142 Szk\u00f3\u0142 w Gromniku\" \/>\n<meta property=\"og:description\" content=\"Zesp\u00f3\u0142 Szk\u00f3\u0142 w Gromniku\" \/>\n<meta property=\"og:url\" content=\"https:\/\/zs.gromnik.pl\/zs\/rekrutacja\/\" \/>\n<meta property=\"og:site_name\" content=\"Zesp\u00f3\u0142 Szk\u00f3\u0142 w Gromniku\" \/>\n<meta property=\"article:publisher\" content=\"https:\/\/www.facebook.com\/zsgromnik\" \/>\n<meta property=\"article:published_time\" content=\"2020-02-10T09:40:19+00:00\" \/>\n<meta property=\"article:modified_time\" content=\"2020-02-10T13:11:53+00:00\" \/>\n<meta name=\"author\" content=\"admin\" \/>\n<meta name=\"twitter:card\" content=\"summary_large_image\" \/>\n<meta name=\"twitter:label1\" content=\"Napisane przez\" \/>\n\t<meta name=\"twitter:data1\" content=\"admin\" \/>\n\t<meta name=\"twitter:label2\" content=\"Szacowany czas czytania\" \/>\n\t<meta name=\"twitter:data2\" content=\"1 minuta\" \/>\n<script type=\"application\/ld+json\" class=\"yoast-schema-graph\">{\"@context\":\"https:\/\/schema.org\",\"@graph\":[{\"@type\":\"WebPage\",\"@id\":\"https:\/\/zs.gromnik.pl\/zs\/rekrutacja\/\",\"url\":\"https:\/\/zs.gromnik.pl\/zs\/rekrutacja\/\",\"name\":\"Zapisy dzieci do przedszkola i oddzia\u0142\u00f3w przedszkolnych w szkole podstawowej na rok szkolny 2020\/2021 - Zesp\u00f3\u0142 Szk\u00f3\u0142 w Gromniku\",\"isPartOf\":{\"@id\":\"https:\/\/zs.gromnik.pl\/zs\/#website\"},\"datePublished\":\"2020-02-10T09:40:19+00:00\",\"dateModified\":\"2020-02-10T13:11:53+00:00\",\"author\":{\"@id\":\"https:\/\/zs.gromnik.pl\/zs\/#\/schema\/person\/b197900f67c6133faddc284ae32f97ca\"},\"description\":\"Zesp\u00f3\u0142 Szk\u00f3\u0142 w Gromniku\",\"breadcrumb\":{\"@id\":\"https:\/\/zs.gromnik.pl\/zs\/rekrutacja\/#breadcrumb\"},\"inLanguage\":\"pl-PL\",\"potentialAction\":[{\"@type\":\"ReadAction\",\"target\":[\"https:\/\/zs.gromnik.pl\/zs\/rekrutacja\/\"]}]},{\"@type\":\"BreadcrumbList\",\"@id\":\"https:\/\/zs.gromnik.pl\/zs\/rekrutacja\/#breadcrumb\",\"itemListElement\":[{\"@type\":\"ListItem\",\"position\":1,\"name\":\"Strona g\u0142\u00f3wna\",\"item\":\"https:\/\/zs.gromnik.pl\/zs\/\"},{\"@type\":\"ListItem\",\"position\":2,\"name\":\"Zapisy dzieci do przedszkola i oddzia\u0142\u00f3w przedszkolnych w szkole podstawowej na rok szkolny 2020\/2021\"}]},{\"@type\":\"WebSite\",\"@id\":\"https:\/\/zs.gromnik.pl\/zs\/#website\",\"url\":\"https:\/\/zs.gromnik.pl\/zs\/\",\"name\":\"Zesp\u00f3\u0142 Szk\u00f3\u0142 w Gromniku\",\"description\":\"\",\"potentialAction\":[{\"@type\":\"SearchAction\",\"target\":{\"@type\":\"EntryPoint\",\"urlTemplate\":\"https:\/\/zs.gromnik.pl\/zs\/?s={search_term_string}\"},\"query-input\":\"required name=search_term_string\"}],\"inLanguage\":\"pl-PL\"},{\"@type\":\"Person\",\"@id\":\"https:\/\/zs.gromnik.pl\/zs\/#\/schema\/person\/b197900f67c6133faddc284ae32f97ca\",\"name\":\"admin\",\"image\":{\"@type\":\"ImageObject\",\"inLanguage\":\"pl-PL\",\"@id\":\"https:\/\/zs.gromnik.pl\/zs\/#\/schema\/person\/image\/\",\"url\":\"https:\/\/secure.gravatar.com\/avatar\/f8a2f876dbcc8c8edd809a8ca77a2abe?s=96&d=mm&r=g\",\"contentUrl\":\"https:\/\/secure.gravatar.com\/avatar\/f8a2f876dbcc8c8edd809a8ca77a2abe?s=96&d=mm&r=g\",\"caption\":\"admin\"},\"url\":\"https:\/\/zs.gromnik.pl\/zs\/author\/admin\/\"}]}<\/script>\n<!-- \/ Yoast SEO plugin. -->","yoast_head_json":{"title":"Zapisy dzieci do przedszkola i oddzia\u0142\u00f3w przedszkolnych w szkole podstawowej na rok szkolny 2020\/2021 - Zesp\u00f3\u0142 Szk\u00f3\u0142 w Gromniku","description":"Zesp\u00f3\u0142 Szk\u00f3\u0142 w Gromniku","robots":{"index":"index","follow":"follow","max-snippet":"max-snippet:-1","max-image-preview":"max-image-preview:large","max-video-preview":"max-video-preview:-1"},"canonical":"https:\/\/zs.gromnik.pl\/zs\/rekrutacja\/","og_locale":"pl_PL","og_type":"article","og_title":"Zapisy dzieci do przedszkola i oddzia\u0142\u00f3w przedszkolnych w szkole podstawowej na rok szkolny 2020\/2021 - Zesp\u00f3\u0142 Szk\u00f3\u0142 w Gromniku","og_description":"Zesp\u00f3\u0142 Szk\u00f3\u0142 w Gromniku","og_url":"https:\/\/zs.gromnik.pl\/zs\/rekrutacja\/","og_site_name":"Zesp\u00f3\u0142 Szk\u00f3\u0142 w Gromniku","article_publisher":"https:\/\/www.facebook.com\/zsgromnik","article_published_time":"2020-02-10T09:40:19+00:00","article_modified_time":"2020-02-10T13:11:53+00:00","author":"admin","twitter_card":"summary_large_image","twitter_misc":{"Napisane przez":"admin","Szacowany czas czytania":"1 minuta"},"schema":{"@context":"https:\/\/schema.org","@graph":[{"@type":"WebPage","@id":"https:\/\/zs.gromnik.pl\/zs\/rekrutacja\/","url":"https:\/\/zs.gromnik.pl\/zs\/rekrutacja\/","name":"Zapisy dzieci do przedszkola i oddzia\u0142\u00f3w przedszkolnych w szkole podstawowej na rok szkolny 2020\/2021 - Zesp\u00f3\u0142 Szk\u00f3\u0142 w Gromniku","isPartOf":{"@id":"https:\/\/zs.gromnik.pl\/zs\/#website"},"datePublished":"2020-02-10T09:40:19+00:00","dateModified":"2020-02-10T13:11:53+00:00","author":{"@id":"https:\/\/zs.gromnik.pl\/zs\/#\/schema\/person\/b197900f67c6133faddc284ae32f97ca"},"description":"Zesp\u00f3\u0142 Szk\u00f3\u0142 w Gromniku","breadcrumb":{"@id":"https:\/\/zs.gromnik.pl\/zs\/rekrutacja\/#breadcrumb"},"inLanguage":"pl-PL","potentialAction":[{"@type":"ReadAction","target":["https:\/\/zs.gromnik.pl\/zs\/rekrutacja\/"]}]},{"@type":"BreadcrumbList","@id":"https:\/\/zs.gromnik.pl\/zs\/rekrutacja\/#breadcrumb","itemListElement":[{"@type":"ListItem","position":1,"name":"Strona g\u0142\u00f3wna","item":"https:\/\/zs.gromnik.pl\/zs\/"},{"@type":"ListItem","position":2,"name":"Zapisy dzieci do przedszkola i oddzia\u0142\u00f3w przedszkolnych w szkole podstawowej na rok szkolny 2020\/2021"}]},{"@type":"WebSite","@id":"https:\/\/zs.gromnik.pl\/zs\/#website","url":"https:\/\/zs.gromnik.pl\/zs\/","name":"Zesp\u00f3\u0142 Szk\u00f3\u0142 w Gromniku","description":"","potentialAction":[{"@type":"SearchAction","target":{"@type":"EntryPoint","urlTemplate":"https:\/\/zs.gromnik.pl\/zs\/?s={search_term_string}"},"query-input":"required name=search_term_string"}],"inLanguage":"pl-PL"},{"@type":"Person","@id":"https:\/\/zs.gromnik.pl\/zs\/#\/schema\/person\/b197900f67c6133faddc284ae32f97ca","name":"admin","image":{"@type":"ImageObject","inLanguage":"pl-PL","@id":"https:\/\/zs.gromnik.pl\/zs\/#\/schema\/person\/image\/","url":"https:\/\/secure.gravatar.com\/avatar\/f8a2f876dbcc8c8edd809a8ca77a2abe?s=96&d=mm&r=g","contentUrl":"https:\/\/secure.gravatar.com\/avatar\/f8a2f876dbcc8c8edd809a8ca77a2abe?s=96&d=mm&r=g","caption":"admin"},"url":"https:\/\/zs.gromnik.pl\/zs\/author\/admin\/"}]}},"_links":{"self":[{"href":"https:\/\/zs.gromnik.pl\/zs\/wp-json\/wp\/v2\/posts\/113"}],"collection":[{"href":"https:\/\/zs.gromnik.pl\/zs\/wp-json\/wp\/v2\/posts"}],"about":[{"href":"https:\/\/zs.gromnik.pl\/zs\/wp-json\/wp\/v2\/types\/post"}],"author":[{"embeddable":true,"href":"https:\/\/zs.gromnik.pl\/zs\/wp-json\/wp\/v2\/users\/1"}],"replies":[{"embeddable":true,"href":"https:\/\/zs.gromnik.pl\/zs\/wp-json\/wp\/v2\/comments?post=113"}],"version-history":[{"count":16,"href":"https:\/\/zs.gromnik.pl\/zs\/wp-json\/wp\/v2\/posts\/113\/revisions"}],"predecessor-version":[{"id":5303,"href":"https:\/\/zs.gromnik.pl\/zs\/wp-json\/wp\/v2\/posts\/113\/revisions\/5303"}],"wp:attachment":[{"href":"https:\/\/zs.gromnik.pl\/zs\/wp-json\/wp\/v2\/media?parent=113"}],"wp:term":[{"taxonomy":"category","embeddable":true,"href":"https:\/\/zs.gromnik.pl\/zs\/wp-json\/wp\/v2\/categories?post=113"},{"taxonomy":"post_tag","embeddable":true,"href":"https:\/\/zs.gromnik.pl\/zs\/wp-json\/wp\/v2\/tags?post=113"}],"curies":[{"name":"wp","href":"https:\/\/api.w.org\/{rel}","templated":true}]}}