{"id":11505,"date":"2022-10-23T10:52:35","date_gmt":"2022-10-23T08:52:35","guid":{"rendered":"http:\/\/zs.gromnik.pl\/zs\/?p=11505"},"modified":"2022-10-23T11:33:54","modified_gmt":"2022-10-23T09:33:54","slug":"jamna-i-dabry-78-lat-temu","status":"publish","type":"post","link":"https:\/\/zs.gromnik.pl\/zs\/jamna-i-dabry-78-lat-temu\/","title":{"rendered":"Jamna i D\u0105bry \u2013 78 lat temu &#8230;"},"content":{"rendered":"\t\t<div data-elementor-type=\"wp-post\" data-elementor-id=\"11505\" class=\"elementor elementor-11505\">\n\t\t\t\t\t\t\t\t\t<section class=\"elementor-section elementor-top-section elementor-element elementor-element-17282a4 elementor-section-boxed elementor-section-height-default elementor-section-height-default\" data-id=\"17282a4\" data-element_type=\"section\">\n\t\t\t\t\t\t<div class=\"elementor-container elementor-column-gap-default\">\n\t\t\t\t\t<div class=\"elementor-column elementor-col-100 elementor-top-column elementor-element elementor-element-74e8ae7\" data-id=\"74e8ae7\" data-element_type=\"column\">\n\t\t\t<div class=\"elementor-widget-wrap elementor-element-populated\">\n\t\t\t\t\t\t\t\t<div class=\"elementor-element elementor-element-fd71e47 elementor-widget elementor-widget-text-editor\" data-id=\"fd71e47\" data-element_type=\"widget\" data-widget_type=\"text-editor.default\">\n\t\t\t\t<div class=\"elementor-widget-container\">\n\t\t\t\t\t\t\t<p>Jesie\u0144 nieodmiennie rozpoczyna okres wspominania rocznic zwi\u0105zanych z walkami partyzant\u00f3w Armii Krajowej. U schy\u0142ku II wojny \u015bwiatowej latem i jesieni\u0105 1944 r. w ramach Akcji \u201eBurza\u201d krwawe boje na terenie Pog\u00f3rza toczy\u0142y oddzia\u0142y Batalionu \u201eBarbara\u201d 16 Pu\u0142ku Piechoty Ziemi Tarnowskiej. Po wielu potyczkach, akcjach dywersyjnych i forsownych marszach partyzanci znale\u017ali chwil\u0119 wytchnienia w niedost\u0119pnych lasach w okolicach Jamnej. Tu jednak zostali otoczeni przez przewa\u017caj\u0105ce si\u0142y wroga. Przy niewielkich stratach w\u0142asnych Polakom uda\u0142o si\u0119 wydosta\u0107 z okr\u0105\u017cenia. Niestety, hitlerowcy w ramach odwetu spacyfikowali wie\u015b, pal\u0105c zabudowania i morduj\u0105c wielu mieszka\u0144c\u00f3w, w tym kobiety i dzieci.<\/p><p>\u00a0\u00a0 W przysi\u00f3\u0142ku Rzepiennika Strzy\u017cewskiego \u2013 D\u0105brach kilka tygodni p\u00f3\u017aniej rozegra\u0142 si\u0119 dramat \u017co\u0142nierzy plutonu Regina II Batalionu \u201eBarbara\u201d. W nocy 17 pa\u017adziernika 1944 roku \u015bpi\u0105cy w stodole partyzanci zostali napadni\u0119ci przez Niemc\u00f3w, kt\u00f3rzy niepostrze\u017cenie zbli\u017cyli si\u0119 do budynku, a nast\u0119pnie otworzyli ogie\u0144. Stodo\u0142a b\u0142yskawicznie stan\u0119\u0142a w p\u0142omieniach. Polacy stawili zaci\u0119ty op\u00f3r, jednak przewaga liczebna hitlerowc\u00f3w zdecydowa\u0142a o pora\u017cce.<\/p><p>\u00a0\u00a0\u00a0 W\u015br\u00f3d licznie zgromadzonych delegacji wraz z pocztami sztandarowymi nie zabrak\u0142o uczni\u00f3w i opiekun\u00f3w reprezentuj\u0105cych Szko\u0142\u0119 Podstawow\u0105 w Gromniku. Goszcz\u0105cy na uroczysto\u015bciach kombatanci, parlamentarzy\u015bci i przedstawiciele w\u0142adz samorz\u0105dowych zgodnie podkre\u015blali, \u017ce obecno\u015b\u0107 na tym miejscu tak licznie zgromadzonych mieszka\u0144c\u00f3w oraz go\u015bci \u015bwiadczy o \u017cywym patriotyzmie zaszczepianym kolejnym pokoleniom.<\/p>\t\t\t\t\t\t<\/div>\n\t\t\t\t<\/div>\n\t\t\t\t\t<\/div>\n\t\t<\/div>\n\t\t\t\t\t\t\t<\/div>\n\t\t<\/section>\n\t\t\t\t<section class=\"elementor-section elementor-top-section elementor-element elementor-element-f1d8bc4 elementor-section-boxed elementor-section-height-default elementor-section-height-default\" data-id=\"f1d8bc4\" data-element_type=\"section\">\n\t\t\t\t\t\t<div class=\"elementor-container elementor-column-gap-default\">\n\t\t\t\t\t<div class=\"elementor-column elementor-col-100 elementor-top-column elementor-element elementor-element-b740cc4\" data-id=\"b740cc4\" data-element_type=\"column\">\n\t\t\t<div class=\"elementor-widget-wrap elementor-element-populated\">\n\t\t\t\t\t\t\t\t<div class=\"elementor-element elementor-element-cc06db1 elementor-widget elementor-widget-image-gallery\" data-id=\"cc06db1\" data-element_type=\"widget\" data-widget_type=\"image-gallery.default\">\n\t\t\t\t<div class=\"elementor-widget-container\">\n\t\t\t\t\t<div class=\"elementor-image-gallery\">\n\t\t\t<div id='gallery-1' class='gallery galleryid-11505 gallery-columns-4 gallery-size-medium'><figure class='gallery-item'>\n\t\t\t<div class='gallery-icon landscape'>\n\t\t\t\t<a data-elementor-open-lightbox=\"yes\" data-elementor-lightbox-slideshow=\"cc06db1\" data-elementor-lightbox-title=\"P9255249 \u2014 kopia\" e-action-hash=\"#elementor-action%3Aaction%3Dlightbox%26settings%3DeyJpZCI6MTE1MDcsInVybCI6Imh0dHBzOlwvXC96cy5ncm9tbmlrLnBsXC96c1wvd3AtY29udGVudFwvdXBsb2Fkc1wvMjAyMlwvMTBcL1A5MjU1MjQ5LVx1MjAxNC1rb3BpYS1zY2FsZWQuanBnIiwic2xpZGVzaG93IjoiY2MwNmRiMSJ9\" href='https:\/\/zs.gromnik.pl\/zs\/wp-content\/uploads\/2022\/10\/P9255249-\u2014-kopia-scaled.jpg'><img width=\"300\" height=\"169\" src=\"https:\/\/zs.gromnik.pl\/zs\/wp-content\/uploads\/2022\/10\/P9255249-\u2014-kopia-300x169.jpg\" class=\"attachment-medium size-medium\" alt=\"\" loading=\"lazy\" srcset=\"https:\/\/zs.gromnik.pl\/zs\/wp-content\/uploads\/2022\/10\/P9255249-\u2014-kopia-300x169.jpg 300w, https:\/\/zs.gromnik.pl\/zs\/wp-content\/uploads\/2022\/10\/P9255249-\u2014-kopia-1024x576.jpg 1024w, https:\/\/zs.gromnik.pl\/zs\/wp-content\/uploads\/2022\/10\/P9255249-\u2014-kopia-768x432.jpg 768w, https:\/\/zs.gromnik.pl\/zs\/wp-content\/uploads\/2022\/10\/P9255249-\u2014-kopia-1536x864.jpg 1536w, https:\/\/zs.gromnik.pl\/zs\/wp-content\/uploads\/2022\/10\/P9255249-\u2014-kopia-2048x1152.jpg 2048w, https:\/\/zs.gromnik.pl\/zs\/wp-content\/uploads\/2022\/10\/P9255249-\u2014-kopia-1140x641.jpg 1140w\" sizes=\"(max-width: 300px) 100vw, 300px\" \/><\/a>\n\t\t\t<\/div><\/figure><figure class='gallery-item'>\n\t\t\t<div class='gallery-icon landscape'>\n\t\t\t\t<a data-elementor-open-lightbox=\"yes\" data-elementor-lightbox-slideshow=\"cc06db1\" data-elementor-lightbox-title=\"P9255266 \u2014 kopia\" e-action-hash=\"#elementor-action%3Aaction%3Dlightbox%26settings%3DeyJpZCI6MTE1MDgsInVybCI6Imh0dHBzOlwvXC96cy5ncm9tbmlrLnBsXC96c1wvd3AtY29udGVudFwvdXBsb2Fkc1wvMjAyMlwvMTBcL1A5MjU1MjY2LVx1MjAxNC1rb3BpYS1zY2FsZWQuanBnIiwic2xpZGVzaG93IjoiY2MwNmRiMSJ9\" href='https:\/\/zs.gromnik.pl\/zs\/wp-content\/uploads\/2022\/10\/P9255266-\u2014-kopia-scaled.jpg'><img width=\"300\" height=\"169\" src=\"https:\/\/zs.gromnik.pl\/zs\/wp-content\/uploads\/2022\/10\/P9255266-\u2014-kopia-300x169.jpg\" class=\"attachment-medium size-medium\" alt=\"\" loading=\"lazy\" srcset=\"https:\/\/zs.gromnik.pl\/zs\/wp-content\/uploads\/2022\/10\/P9255266-\u2014-kopia-300x169.jpg 300w, https:\/\/zs.gromnik.pl\/zs\/wp-content\/uploads\/2022\/10\/P9255266-\u2014-kopia-1024x576.jpg 1024w, https:\/\/zs.gromnik.pl\/zs\/wp-content\/uploads\/2022\/10\/P9255266-\u2014-kopia-768x432.jpg 768w, https:\/\/zs.gromnik.pl\/zs\/wp-content\/uploads\/2022\/10\/P9255266-\u2014-kopia-1536x864.jpg 1536w, https:\/\/zs.gromnik.pl\/zs\/wp-content\/uploads\/2022\/10\/P9255266-\u2014-kopia-2048x1152.jpg 2048w, https:\/\/zs.gromnik.pl\/zs\/wp-content\/uploads\/2022\/10\/P9255266-\u2014-kopia-1140x641.jpg 1140w\" sizes=\"(max-width: 300px) 100vw, 300px\" \/><\/a>\n\t\t\t<\/div><\/figure><figure class='gallery-item'>\n\t\t\t<div class='gallery-icon landscape'>\n\t\t\t\t<a data-elementor-open-lightbox=\"yes\" data-elementor-lightbox-slideshow=\"cc06db1\" data-elementor-lightbox-title=\"P9255270 \u2014 kopia\" e-action-hash=\"#elementor-action%3Aaction%3Dlightbox%26settings%3DeyJpZCI6MTE1MDksInVybCI6Imh0dHBzOlwvXC96cy5ncm9tbmlrLnBsXC96c1wvd3AtY29udGVudFwvdXBsb2Fkc1wvMjAyMlwvMTBcL1A5MjU1MjcwLVx1MjAxNC1rb3BpYS1zY2FsZWQuanBnIiwic2xpZGVzaG93IjoiY2MwNmRiMSJ9\" href='https:\/\/zs.gromnik.pl\/zs\/wp-content\/uploads\/2022\/10\/P9255270-\u2014-kopia-scaled.jpg'><img width=\"300\" height=\"169\" src=\"https:\/\/zs.gromnik.pl\/zs\/wp-content\/uploads\/2022\/10\/P9255270-\u2014-kopia-300x169.jpg\" class=\"attachment-medium size-medium\" alt=\"\" loading=\"lazy\" srcset=\"https:\/\/zs.gromnik.pl\/zs\/wp-content\/uploads\/2022\/10\/P9255270-\u2014-kopia-300x169.jpg 300w, https:\/\/zs.gromnik.pl\/zs\/wp-content\/uploads\/2022\/10\/P9255270-\u2014-kopia-1024x576.jpg 1024w, https:\/\/zs.gromnik.pl\/zs\/wp-content\/uploads\/2022\/10\/P9255270-\u2014-kopia-768x432.jpg 768w, https:\/\/zs.gromnik.pl\/zs\/wp-content\/uploads\/2022\/10\/P9255270-\u2014-kopia-1536x864.jpg 1536w, https:\/\/zs.gromnik.pl\/zs\/wp-content\/uploads\/2022\/10\/P9255270-\u2014-kopia-2048x1152.jpg 2048w, https:\/\/zs.gromnik.pl\/zs\/wp-content\/uploads\/2022\/10\/P9255270-\u2014-kopia-1140x641.jpg 1140w\" sizes=\"(max-width: 300px) 100vw, 300px\" \/><\/a>\n\t\t\t<\/div><\/figure><figure class='gallery-item'>\n\t\t\t<div class='gallery-icon landscape'>\n\t\t\t\t<a data-elementor-open-lightbox=\"yes\" data-elementor-lightbox-slideshow=\"cc06db1\" data-elementor-lightbox-title=\"P9255271 \u2014 kopia\" e-action-hash=\"#elementor-action%3Aaction%3Dlightbox%26settings%3DeyJpZCI6MTE1MTAsInVybCI6Imh0dHBzOlwvXC96cy5ncm9tbmlrLnBsXC96c1wvd3AtY29udGVudFwvdXBsb2Fkc1wvMjAyMlwvMTBcL1A5MjU1MjcxLVx1MjAxNC1rb3BpYS1zY2FsZWQuanBnIiwic2xpZGVzaG93IjoiY2MwNmRiMSJ9\" href='https:\/\/zs.gromnik.pl\/zs\/wp-content\/uploads\/2022\/10\/P9255271-\u2014-kopia-scaled.jpg'><img width=\"300\" height=\"169\" src=\"https:\/\/zs.gromnik.pl\/zs\/wp-content\/uploads\/2022\/10\/P9255271-\u2014-kopia-300x169.jpg\" class=\"attachment-medium size-medium\" alt=\"\" loading=\"lazy\" srcset=\"https:\/\/zs.gromnik.pl\/zs\/wp-content\/uploads\/2022\/10\/P9255271-\u2014-kopia-300x169.jpg 300w, https:\/\/zs.gromnik.pl\/zs\/wp-content\/uploads\/2022\/10\/P9255271-\u2014-kopia-1024x576.jpg 1024w, https:\/\/zs.gromnik.pl\/zs\/wp-content\/uploads\/2022\/10\/P9255271-\u2014-kopia-768x432.jpg 768w, https:\/\/zs.gromnik.pl\/zs\/wp-content\/uploads\/2022\/10\/P9255271-\u2014-kopia-1536x864.jpg 1536w, https:\/\/zs.gromnik.pl\/zs\/wp-content\/uploads\/2022\/10\/P9255271-\u2014-kopia-2048x1152.jpg 2048w, https:\/\/zs.gromnik.pl\/zs\/wp-content\/uploads\/2022\/10\/P9255271-\u2014-kopia-1140x641.jpg 1140w\" sizes=\"(max-width: 300px) 100vw, 300px\" \/><\/a>\n\t\t\t<\/div><\/figure><figure class='gallery-item'>\n\t\t\t<div class='gallery-icon landscape'>\n\t\t\t\t<a data-elementor-open-lightbox=\"yes\" data-elementor-lightbox-slideshow=\"cc06db1\" data-elementor-lightbox-title=\"P9255277 \u2014 kopia\" e-action-hash=\"#elementor-action%3Aaction%3Dlightbox%26settings%3DeyJpZCI6MTE1MTIsInVybCI6Imh0dHBzOlwvXC96cy5ncm9tbmlrLnBsXC96c1wvd3AtY29udGVudFwvdXBsb2Fkc1wvMjAyMlwvMTBcL1A5MjU1Mjc3LVx1MjAxNC1rb3BpYS1zY2FsZWQuanBnIiwic2xpZGVzaG93IjoiY2MwNmRiMSJ9\" href='https:\/\/zs.gromnik.pl\/zs\/wp-content\/uploads\/2022\/10\/P9255277-\u2014-kopia-scaled.jpg'><img width=\"300\" height=\"169\" src=\"https:\/\/zs.gromnik.pl\/zs\/wp-content\/uploads\/2022\/10\/P9255277-\u2014-kopia-300x169.jpg\" class=\"attachment-medium size-medium\" alt=\"\" loading=\"lazy\" srcset=\"https:\/\/zs.gromnik.pl\/zs\/wp-content\/uploads\/2022\/10\/P9255277-\u2014-kopia-300x169.jpg 300w, https:\/\/zs.gromnik.pl\/zs\/wp-content\/uploads\/2022\/10\/P9255277-\u2014-kopia-1024x576.jpg 1024w, https:\/\/zs.gromnik.pl\/zs\/wp-content\/uploads\/2022\/10\/P9255277-\u2014-kopia-768x432.jpg 768w, https:\/\/zs.gromnik.pl\/zs\/wp-content\/uploads\/2022\/10\/P9255277-\u2014-kopia-1536x864.jpg 1536w, https:\/\/zs.gromnik.pl\/zs\/wp-content\/uploads\/2022\/10\/P9255277-\u2014-kopia-2048x1152.jpg 2048w, https:\/\/zs.gromnik.pl\/zs\/wp-content\/uploads\/2022\/10\/P9255277-\u2014-kopia-1140x641.jpg 1140w\" sizes=\"(max-width: 300px) 100vw, 300px\" \/><\/a>\n\t\t\t<\/div><\/figure><figure class='gallery-item'>\n\t\t\t<div class='gallery-icon landscape'>\n\t\t\t\t<a data-elementor-open-lightbox=\"yes\" data-elementor-lightbox-slideshow=\"cc06db1\" data-elementor-lightbox-title=\"P9255278 \u2014 kopia\" e-action-hash=\"#elementor-action%3Aaction%3Dlightbox%26settings%3DeyJpZCI6MTE1MTMsInVybCI6Imh0dHBzOlwvXC96cy5ncm9tbmlrLnBsXC96c1wvd3AtY29udGVudFwvdXBsb2Fkc1wvMjAyMlwvMTBcL1A5MjU1Mjc4LVx1MjAxNC1rb3BpYS1zY2FsZWQuanBnIiwic2xpZGVzaG93IjoiY2MwNmRiMSJ9\" href='https:\/\/zs.gromnik.pl\/zs\/wp-content\/uploads\/2022\/10\/P9255278-\u2014-kopia-scaled.jpg'><img width=\"300\" height=\"169\" src=\"https:\/\/zs.gromnik.pl\/zs\/wp-content\/uploads\/2022\/10\/P9255278-\u2014-kopia-300x169.jpg\" class=\"attachment-medium size-medium\" alt=\"\" loading=\"lazy\" srcset=\"https:\/\/zs.gromnik.pl\/zs\/wp-content\/uploads\/2022\/10\/P9255278-\u2014-kopia-300x169.jpg 300w, https:\/\/zs.gromnik.pl\/zs\/wp-content\/uploads\/2022\/10\/P9255278-\u2014-kopia-1024x576.jpg 1024w, https:\/\/zs.gromnik.pl\/zs\/wp-content\/uploads\/2022\/10\/P9255278-\u2014-kopia-768x432.jpg 768w, https:\/\/zs.gromnik.pl\/zs\/wp-content\/uploads\/2022\/10\/P9255278-\u2014-kopia-1536x864.jpg 1536w, https:\/\/zs.gromnik.pl\/zs\/wp-content\/uploads\/2022\/10\/P9255278-\u2014-kopia-2048x1152.jpg 2048w, https:\/\/zs.gromnik.pl\/zs\/wp-content\/uploads\/2022\/10\/P9255278-\u2014-kopia-1140x641.jpg 1140w\" sizes=\"(max-width: 300px) 100vw, 300px\" \/><\/a>\n\t\t\t<\/div><\/figure><figure class='gallery-item'>\n\t\t\t<div class='gallery-icon landscape'>\n\t\t\t\t<a data-elementor-open-lightbox=\"yes\" data-elementor-lightbox-slideshow=\"cc06db1\" data-elementor-lightbox-title=\"PA165433 \u2014 kopia\" e-action-hash=\"#elementor-action%3Aaction%3Dlightbox%26settings%3DeyJpZCI6MTE1MTQsInVybCI6Imh0dHBzOlwvXC96cy5ncm9tbmlrLnBsXC96c1wvd3AtY29udGVudFwvdXBsb2Fkc1wvMjAyMlwvMTBcL1BBMTY1NDMzLVx1MjAxNC1rb3BpYS1zY2FsZWQuanBnIiwic2xpZGVzaG93IjoiY2MwNmRiMSJ9\" href='https:\/\/zs.gromnik.pl\/zs\/wp-content\/uploads\/2022\/10\/PA165433-\u2014-kopia-scaled.jpg'><img width=\"300\" height=\"169\" src=\"https:\/\/zs.gromnik.pl\/zs\/wp-content\/uploads\/2022\/10\/PA165433-\u2014-kopia-300x169.jpg\" class=\"attachment-medium size-medium\" alt=\"\" loading=\"lazy\" srcset=\"https:\/\/zs.gromnik.pl\/zs\/wp-content\/uploads\/2022\/10\/PA165433-\u2014-kopia-300x169.jpg 300w, https:\/\/zs.gromnik.pl\/zs\/wp-content\/uploads\/2022\/10\/PA165433-\u2014-kopia-1024x576.jpg 1024w, https:\/\/zs.gromnik.pl\/zs\/wp-content\/uploads\/2022\/10\/PA165433-\u2014-kopia-768x432.jpg 768w, https:\/\/zs.gromnik.pl\/zs\/wp-content\/uploads\/2022\/10\/PA165433-\u2014-kopia-1536x864.jpg 1536w, https:\/\/zs.gromnik.pl\/zs\/wp-content\/uploads\/2022\/10\/PA165433-\u2014-kopia-2048x1152.jpg 2048w, https:\/\/zs.gromnik.pl\/zs\/wp-content\/uploads\/2022\/10\/PA165433-\u2014-kopia-1140x641.jpg 1140w\" sizes=\"(max-width: 300px) 100vw, 300px\" \/><\/a>\n\t\t\t<\/div><\/figure><figure class='gallery-item'>\n\t\t\t<div class='gallery-icon landscape'>\n\t\t\t\t<a data-elementor-open-lightbox=\"yes\" data-elementor-lightbox-slideshow=\"cc06db1\" data-elementor-lightbox-title=\"PA165440 \u2014 kopia\" e-action-hash=\"#elementor-action%3Aaction%3Dlightbox%26settings%3DeyJpZCI6MTE1MTUsInVybCI6Imh0dHBzOlwvXC96cy5ncm9tbmlrLnBsXC96c1wvd3AtY29udGVudFwvdXBsb2Fkc1wvMjAyMlwvMTBcL1BBMTY1NDQwLVx1MjAxNC1rb3BpYS1zY2FsZWQuanBnIiwic2xpZGVzaG93IjoiY2MwNmRiMSJ9\" href='https:\/\/zs.gromnik.pl\/zs\/wp-content\/uploads\/2022\/10\/PA165440-\u2014-kopia-scaled.jpg'><img width=\"300\" height=\"169\" src=\"https:\/\/zs.gromnik.pl\/zs\/wp-content\/uploads\/2022\/10\/PA165440-\u2014-kopia-300x169.jpg\" class=\"attachment-medium size-medium\" alt=\"\" loading=\"lazy\" srcset=\"https:\/\/zs.gromnik.pl\/zs\/wp-content\/uploads\/2022\/10\/PA165440-\u2014-kopia-300x169.jpg 300w, https:\/\/zs.gromnik.pl\/zs\/wp-content\/uploads\/2022\/10\/PA165440-\u2014-kopia-1024x576.jpg 1024w, https:\/\/zs.gromnik.pl\/zs\/wp-content\/uploads\/2022\/10\/PA165440-\u2014-kopia-768x432.jpg 768w, https:\/\/zs.gromnik.pl\/zs\/wp-content\/uploads\/2022\/10\/PA165440-\u2014-kopia-1536x864.jpg 1536w, https:\/\/zs.gromnik.pl\/zs\/wp-content\/uploads\/2022\/10\/PA165440-\u2014-kopia-2048x1152.jpg 2048w, https:\/\/zs.gromnik.pl\/zs\/wp-content\/uploads\/2022\/10\/PA165440-\u2014-kopia-1140x641.jpg 1140w\" sizes=\"(max-width: 300px) 100vw, 300px\" \/><\/a>\n\t\t\t<\/div><\/figure><figure class='gallery-item'>\n\t\t\t<div class='gallery-icon landscape'>\n\t\t\t\t<a data-elementor-open-lightbox=\"yes\" data-elementor-lightbox-slideshow=\"cc06db1\" data-elementor-lightbox-title=\"PA165452 \u2014 kopia\" e-action-hash=\"#elementor-action%3Aaction%3Dlightbox%26settings%3DeyJpZCI6MTE1MTYsInVybCI6Imh0dHBzOlwvXC96cy5ncm9tbmlrLnBsXC96c1wvd3AtY29udGVudFwvdXBsb2Fkc1wvMjAyMlwvMTBcL1BBMTY1NDUyLVx1MjAxNC1rb3BpYS1zY2FsZWQuanBnIiwic2xpZGVzaG93IjoiY2MwNmRiMSJ9\" href='https:\/\/zs.gromnik.pl\/zs\/wp-content\/uploads\/2022\/10\/PA165452-\u2014-kopia-scaled.jpg'><img width=\"300\" height=\"169\" src=\"https:\/\/zs.gromnik.pl\/zs\/wp-content\/uploads\/2022\/10\/PA165452-\u2014-kopia-300x169.jpg\" class=\"attachment-medium size-medium\" alt=\"\" loading=\"lazy\" srcset=\"https:\/\/zs.gromnik.pl\/zs\/wp-content\/uploads\/2022\/10\/PA165452-\u2014-kopia-300x169.jpg 300w, https:\/\/zs.gromnik.pl\/zs\/wp-content\/uploads\/2022\/10\/PA165452-\u2014-kopia-1024x576.jpg 1024w, https:\/\/zs.gromnik.pl\/zs\/wp-content\/uploads\/2022\/10\/PA165452-\u2014-kopia-768x432.jpg 768w, https:\/\/zs.gromnik.pl\/zs\/wp-content\/uploads\/2022\/10\/PA165452-\u2014-kopia-1536x864.jpg 1536w, https:\/\/zs.gromnik.pl\/zs\/wp-content\/uploads\/2022\/10\/PA165452-\u2014-kopia-2048x1152.jpg 2048w, https:\/\/zs.gromnik.pl\/zs\/wp-content\/uploads\/2022\/10\/PA165452-\u2014-kopia-1140x641.jpg 1140w\" sizes=\"(max-width: 300px) 100vw, 300px\" \/><\/a>\n\t\t\t<\/div><\/figure><figure class='gallery-item'>\n\t\t\t<div class='gallery-icon landscape'>\n\t\t\t\t<a data-elementor-open-lightbox=\"yes\" data-elementor-lightbox-slideshow=\"cc06db1\" data-elementor-lightbox-title=\"PA165456 \u2014 kopia\" e-action-hash=\"#elementor-action%3Aaction%3Dlightbox%26settings%3DeyJpZCI6MTE1MTcsInVybCI6Imh0dHBzOlwvXC96cy5ncm9tbmlrLnBsXC96c1wvd3AtY29udGVudFwvdXBsb2Fkc1wvMjAyMlwvMTBcL1BBMTY1NDU2LVx1MjAxNC1rb3BpYS1zY2FsZWQuanBnIiwic2xpZGVzaG93IjoiY2MwNmRiMSJ9\" href='https:\/\/zs.gromnik.pl\/zs\/wp-content\/uploads\/2022\/10\/PA165456-\u2014-kopia-scaled.jpg'><img width=\"300\" height=\"169\" src=\"https:\/\/zs.gromnik.pl\/zs\/wp-content\/uploads\/2022\/10\/PA165456-\u2014-kopia-300x169.jpg\" class=\"attachment-medium size-medium\" alt=\"\" loading=\"lazy\" srcset=\"https:\/\/zs.gromnik.pl\/zs\/wp-content\/uploads\/2022\/10\/PA165456-\u2014-kopia-300x169.jpg 300w, https:\/\/zs.gromnik.pl\/zs\/wp-content\/uploads\/2022\/10\/PA165456-\u2014-kopia-1024x576.jpg 1024w, https:\/\/zs.gromnik.pl\/zs\/wp-content\/uploads\/2022\/10\/PA165456-\u2014-kopia-768x432.jpg 768w, https:\/\/zs.gromnik.pl\/zs\/wp-content\/uploads\/2022\/10\/PA165456-\u2014-kopia-1536x864.jpg 1536w, https:\/\/zs.gromnik.pl\/zs\/wp-content\/uploads\/2022\/10\/PA165456-\u2014-kopia-2048x1152.jpg 2048w, https:\/\/zs.gromnik.pl\/zs\/wp-content\/uploads\/2022\/10\/PA165456-\u2014-kopia-1140x641.jpg 1140w\" sizes=\"(max-width: 300px) 100vw, 300px\" \/><\/a>\n\t\t\t<\/div><\/figure><figure class='gallery-item'>\n\t\t\t<div class='gallery-icon landscape'>\n\t\t\t\t<a data-elementor-open-lightbox=\"yes\" data-elementor-lightbox-slideshow=\"cc06db1\" data-elementor-lightbox-title=\"PA165459 \u2014 kopia\" e-action-hash=\"#elementor-action%3Aaction%3Dlightbox%26settings%3DeyJpZCI6MTE1MTgsInVybCI6Imh0dHBzOlwvXC96cy5ncm9tbmlrLnBsXC96c1wvd3AtY29udGVudFwvdXBsb2Fkc1wvMjAyMlwvMTBcL1BBMTY1NDU5LVx1MjAxNC1rb3BpYS1zY2FsZWQuanBnIiwic2xpZGVzaG93IjoiY2MwNmRiMSJ9\" href='https:\/\/zs.gromnik.pl\/zs\/wp-content\/uploads\/2022\/10\/PA165459-\u2014-kopia-scaled.jpg'><img width=\"300\" height=\"169\" src=\"https:\/\/zs.gromnik.pl\/zs\/wp-content\/uploads\/2022\/10\/PA165459-\u2014-kopia-300x169.jpg\" class=\"attachment-medium size-medium\" alt=\"\" loading=\"lazy\" srcset=\"https:\/\/zs.gromnik.pl\/zs\/wp-content\/uploads\/2022\/10\/PA165459-\u2014-kopia-300x169.jpg 300w, https:\/\/zs.gromnik.pl\/zs\/wp-content\/uploads\/2022\/10\/PA165459-\u2014-kopia-1024x576.jpg 1024w, https:\/\/zs.gromnik.pl\/zs\/wp-content\/uploads\/2022\/10\/PA165459-\u2014-kopia-768x432.jpg 768w, https:\/\/zs.gromnik.pl\/zs\/wp-content\/uploads\/2022\/10\/PA165459-\u2014-kopia-1536x864.jpg 1536w, https:\/\/zs.gromnik.pl\/zs\/wp-content\/uploads\/2022\/10\/PA165459-\u2014-kopia-2048x1152.jpg 2048w, https:\/\/zs.gromnik.pl\/zs\/wp-content\/uploads\/2022\/10\/PA165459-\u2014-kopia-1140x641.jpg 1140w\" sizes=\"(max-width: 300px) 100vw, 300px\" \/><\/a>\n\t\t\t<\/div><\/figure><figure class='gallery-item'>\n\t\t\t<div class='gallery-icon portrait'>\n\t\t\t\t<a data-elementor-open-lightbox=\"yes\" data-elementor-lightbox-slideshow=\"cc06db1\" data-elementor-lightbox-title=\"P9255273 \u2014 kopia\" e-action-hash=\"#elementor-action%3Aaction%3Dlightbox%26settings%3DeyJpZCI6MTE1MTEsInVybCI6Imh0dHBzOlwvXC96cy5ncm9tbmlrLnBsXC96c1wvd3AtY29udGVudFwvdXBsb2Fkc1wvMjAyMlwvMTBcL1A5MjU1MjczLVx1MjAxNC1rb3BpYS1zY2FsZWQuanBnIiwic2xpZGVzaG93IjoiY2MwNmRiMSJ9\" href='https:\/\/zs.gromnik.pl\/zs\/wp-content\/uploads\/2022\/10\/P9255273-\u2014-kopia-scaled.jpg'><img width=\"169\" height=\"300\" src=\"https:\/\/zs.gromnik.pl\/zs\/wp-content\/uploads\/2022\/10\/P9255273-\u2014-kopia-169x300.jpg\" class=\"attachment-medium size-medium\" alt=\"\" loading=\"lazy\" srcset=\"https:\/\/zs.gromnik.pl\/zs\/wp-content\/uploads\/2022\/10\/P9255273-\u2014-kopia-169x300.jpg 169w, https:\/\/zs.gromnik.pl\/zs\/wp-content\/uploads\/2022\/10\/P9255273-\u2014-kopia-576x1024.jpg 576w, https:\/\/zs.gromnik.pl\/zs\/wp-content\/uploads\/2022\/10\/P9255273-\u2014-kopia-768x1365.jpg 768w, https:\/\/zs.gromnik.pl\/zs\/wp-content\/uploads\/2022\/10\/P9255273-\u2014-kopia-864x1536.jpg 864w, https:\/\/zs.gromnik.pl\/zs\/wp-content\/uploads\/2022\/10\/P9255273-\u2014-kopia-1152x2048.jpg 1152w, https:\/\/zs.gromnik.pl\/zs\/wp-content\/uploads\/2022\/10\/P9255273-\u2014-kopia-1140x2027.jpg 1140w, https:\/\/zs.gromnik.pl\/zs\/wp-content\/uploads\/2022\/10\/P9255273-\u2014-kopia-scaled.jpg 1440w\" sizes=\"(max-width: 169px) 100vw, 169px\" \/><\/a>\n\t\t\t<\/div><\/figure>\n\t\t<\/div>\n\t\t<\/div>\n\t\t\t\t<\/div>\n\t\t\t\t<\/div>\n\t\t\t\t\t<\/div>\n\t\t<\/div>\n\t\t\t\t\t\t\t<\/div>\n\t\t<\/section>\n\t\t\t\t\t\t\t<\/div>\n\t\t","protected":false},"excerpt":{"rendered":"<p>Jesie\u0144 nieodmiennie rozpoczyna okres wspominania rocznic zwi\u0105zanych z walkami partyzant\u00f3w Armii Krajowej. U schy\u0142ku II wojny \u015bwiatowej latem i jesieni\u0105 1944 r. w ramach Akcji \u201eBurza\u201d krwawe boje na terenie Pog\u00f3rza toczy\u0142y oddzia\u0142y Batalionu \u201eBarbara\u201d 16 Pu\u0142ku Piechoty Ziemi Tarnowskiej. Po wielu potyczkach, akcjach dywersyjnych i forsownych marszach partyzanci znale\u017ali chwil\u0119 wytchnienia w niedost\u0119pnych lasach w okolicach Jamnej. Tu jednak zostali otoczeni przez przewa\u017caj\u0105ce si\u0142y wroga. Przy niewielkich stratach w\u0142asnych Polakom uda\u0142o si\u0119 wydosta\u0107 z okr\u0105\u017cenia. Niestety, hitlerowcy w ramach odwetu spacyfikowali wie\u015b, pal\u0105c zabudowania i morduj\u0105c wielu mieszka\u0144c\u00f3w, w tym kobiety i dzieci. \u00a0\u00a0 W przysi\u00f3\u0142ku Rzepiennika Strzy\u017cewskiego \u2013 D\u0105brach kilka tygodni p\u00f3\u017aniej rozegra\u0142 si\u0119 dramat \u017co\u0142nierzy plutonu Regina II Batalionu \u201eBarbara\u201d. W nocy 17 pa\u017adziernika 1944 roku \u015bpi\u0105cy w stodole partyzanci zostali napadni\u0119ci przez Niemc\u00f3w, kt\u00f3rzy niepostrze\u017cenie zbli\u017cyli si\u0119 do budynku, a nast\u0119pnie otworzyli ogie\u0144. Stodo\u0142a b\u0142yskawicznie stan\u0119\u0142a w p\u0142omieniach. Polacy stawili zaci\u0119ty op\u00f3r, jednak przewaga liczebna hitlerowc\u00f3w zdecydowa\u0142a o pora\u017cce. \u00a0\u00a0\u00a0 W\u015br\u00f3d licznie zgromadzonych delegacji wraz z pocztami sztandarowymi nie zabrak\u0142o uczni\u00f3w i opiekun\u00f3w reprezentuj\u0105cych Szko\u0142\u0119 Podstawow\u0105 w Gromniku. Goszcz\u0105cy na uroczysto\u015bciach kombatanci, parlamentarzy\u015bci i przedstawiciele w\u0142adz samorz\u0105dowych zgodnie podkre\u015blali, \u017ce obecno\u015b\u0107 na tym miejscu tak licznie zgromadzonych mieszka\u0144c\u00f3w oraz go\u015bci \u015bwiadczy o \u017cywym patriotyzmie zaszczepianym kolejnym pokoleniom.<\/p>\n","protected":false},"author":1,"featured_media":11527,"comment_status":"closed","ping_status":"open","sticky":false,"template":"","format":"standard","meta":[],"categories":[3],"tags":[],"yoast_head":"<!-- This site is optimized with the Yoast SEO plugin v19.8 - https:\/\/yoast.com\/wordpress\/plugins\/seo\/ -->\n<title>Jamna i D\u0105bry \u2013 78 lat temu ... - Zesp\u00f3\u0142 Szk\u00f3\u0142 w Gromniku<\/title>\n<meta name=\"description\" content=\"Zesp\u00f3\u0142 Szk\u00f3\u0142 w Gromniku\" \/>\n<meta name=\"robots\" content=\"index, follow, max-snippet:-1, max-image-preview:large, max-video-preview:-1\" \/>\n<link rel=\"canonical\" href=\"https:\/\/zs.gromnik.pl\/zs\/jamna-i-dabry-78-lat-temu\/\" \/>\n<meta property=\"og:locale\" content=\"pl_PL\" \/>\n<meta property=\"og:type\" content=\"article\" \/>\n<meta property=\"og:title\" content=\"Jamna i D\u0105bry \u2013 78 lat temu ... - Zesp\u00f3\u0142 Szk\u00f3\u0142 w Gromniku\" \/>\n<meta property=\"og:description\" content=\"Zesp\u00f3\u0142 Szk\u00f3\u0142 w Gromniku\" \/>\n<meta property=\"og:url\" content=\"https:\/\/zs.gromnik.pl\/zs\/jamna-i-dabry-78-lat-temu\/\" \/>\n<meta property=\"og:site_name\" content=\"Zesp\u00f3\u0142 Szk\u00f3\u0142 w Gromniku\" \/>\n<meta property=\"article:publisher\" content=\"https:\/\/www.facebook.com\/zsgromnik\" \/>\n<meta property=\"article:published_time\" content=\"2022-10-23T08:52:35+00:00\" \/>\n<meta property=\"article:modified_time\" content=\"2022-10-23T09:33:54+00:00\" \/>\n<meta property=\"og:image\" content=\"https:\/\/zs.gromnik.pl\/zs\/wp-content\/uploads\/2022\/10\/1212.jpg\" \/>\n\t<meta property=\"og:image:width\" content=\"500\" \/>\n\t<meta property=\"og:image:height\" content=\"281\" \/>\n\t<meta property=\"og:image:type\" content=\"image\/jpeg\" \/>\n<meta name=\"author\" content=\"admin\" \/>\n<meta name=\"twitter:card\" content=\"summary_large_image\" \/>\n<meta name=\"twitter:label1\" content=\"Napisane przez\" \/>\n\t<meta name=\"twitter:data1\" content=\"admin\" \/>\n\t<meta name=\"twitter:label2\" content=\"Szacowany czas czytania\" \/>\n\t<meta name=\"twitter:data2\" content=\"1 minuta\" \/>\n<script type=\"application\/ld+json\" class=\"yoast-schema-graph\">{\"@context\":\"https:\/\/schema.org\",\"@graph\":[{\"@type\":\"WebPage\",\"@id\":\"https:\/\/zs.gromnik.pl\/zs\/jamna-i-dabry-78-lat-temu\/\",\"url\":\"https:\/\/zs.gromnik.pl\/zs\/jamna-i-dabry-78-lat-temu\/\",\"name\":\"Jamna i D\u0105bry \u2013 78 lat temu ... - Zesp\u00f3\u0142 Szk\u00f3\u0142 w Gromniku\",\"isPartOf\":{\"@id\":\"https:\/\/zs.gromnik.pl\/zs\/#website\"},\"datePublished\":\"2022-10-23T08:52:35+00:00\",\"dateModified\":\"2022-10-23T09:33:54+00:00\",\"author\":{\"@id\":\"https:\/\/zs.gromnik.pl\/zs\/#\/schema\/person\/b197900f67c6133faddc284ae32f97ca\"},\"description\":\"Zesp\u00f3\u0142 Szk\u00f3\u0142 w Gromniku\",\"breadcrumb\":{\"@id\":\"https:\/\/zs.gromnik.pl\/zs\/jamna-i-dabry-78-lat-temu\/#breadcrumb\"},\"inLanguage\":\"pl-PL\",\"potentialAction\":[{\"@type\":\"ReadAction\",\"target\":[\"https:\/\/zs.gromnik.pl\/zs\/jamna-i-dabry-78-lat-temu\/\"]}]},{\"@type\":\"BreadcrumbList\",\"@id\":\"https:\/\/zs.gromnik.pl\/zs\/jamna-i-dabry-78-lat-temu\/#breadcrumb\",\"itemListElement\":[{\"@type\":\"ListItem\",\"position\":1,\"name\":\"Strona g\u0142\u00f3wna\",\"item\":\"https:\/\/zs.gromnik.pl\/zs\/\"},{\"@type\":\"ListItem\",\"position\":2,\"name\":\"Jamna i D\u0105bry \u2013 78 lat temu &#8230;\"}]},{\"@type\":\"WebSite\",\"@id\":\"https:\/\/zs.gromnik.pl\/zs\/#website\",\"url\":\"https:\/\/zs.gromnik.pl\/zs\/\",\"name\":\"Zesp\u00f3\u0142 Szk\u00f3\u0142 w Gromniku\",\"description\":\"\",\"potentialAction\":[{\"@type\":\"SearchAction\",\"target\":{\"@type\":\"EntryPoint\",\"urlTemplate\":\"https:\/\/zs.gromnik.pl\/zs\/?s={search_term_string}\"},\"query-input\":\"required name=search_term_string\"}],\"inLanguage\":\"pl-PL\"},{\"@type\":\"Person\",\"@id\":\"https:\/\/zs.gromnik.pl\/zs\/#\/schema\/person\/b197900f67c6133faddc284ae32f97ca\",\"name\":\"admin\",\"image\":{\"@type\":\"ImageObject\",\"inLanguage\":\"pl-PL\",\"@id\":\"https:\/\/zs.gromnik.pl\/zs\/#\/schema\/person\/image\/\",\"url\":\"https:\/\/secure.gravatar.com\/avatar\/f8a2f876dbcc8c8edd809a8ca77a2abe?s=96&d=mm&r=g\",\"contentUrl\":\"https:\/\/secure.gravatar.com\/avatar\/f8a2f876dbcc8c8edd809a8ca77a2abe?s=96&d=mm&r=g\",\"caption\":\"admin\"},\"url\":\"https:\/\/zs.gromnik.pl\/zs\/author\/admin\/\"}]}<\/script>\n<!-- \/ Yoast SEO plugin. -->","yoast_head_json":{"title":"Jamna i D\u0105bry \u2013 78 lat temu ... - Zesp\u00f3\u0142 Szk\u00f3\u0142 w Gromniku","description":"Zesp\u00f3\u0142 Szk\u00f3\u0142 w Gromniku","robots":{"index":"index","follow":"follow","max-snippet":"max-snippet:-1","max-image-preview":"max-image-preview:large","max-video-preview":"max-video-preview:-1"},"canonical":"https:\/\/zs.gromnik.pl\/zs\/jamna-i-dabry-78-lat-temu\/","og_locale":"pl_PL","og_type":"article","og_title":"Jamna i D\u0105bry \u2013 78 lat temu ... - Zesp\u00f3\u0142 Szk\u00f3\u0142 w Gromniku","og_description":"Zesp\u00f3\u0142 Szk\u00f3\u0142 w Gromniku","og_url":"https:\/\/zs.gromnik.pl\/zs\/jamna-i-dabry-78-lat-temu\/","og_site_name":"Zesp\u00f3\u0142 Szk\u00f3\u0142 w Gromniku","article_publisher":"https:\/\/www.facebook.com\/zsgromnik","article_published_time":"2022-10-23T08:52:35+00:00","article_modified_time":"2022-10-23T09:33:54+00:00","og_image":[{"width":500,"height":281,"url":"https:\/\/zs.gromnik.pl\/zs\/wp-content\/uploads\/2022\/10\/1212.jpg","type":"image\/jpeg"}],"author":"admin","twitter_card":"summary_large_image","twitter_misc":{"Napisane przez":"admin","Szacowany czas czytania":"1 minuta"},"schema":{"@context":"https:\/\/schema.org","@graph":[{"@type":"WebPage","@id":"https:\/\/zs.gromnik.pl\/zs\/jamna-i-dabry-78-lat-temu\/","url":"https:\/\/zs.gromnik.pl\/zs\/jamna-i-dabry-78-lat-temu\/","name":"Jamna i D\u0105bry \u2013 78 lat temu ... - Zesp\u00f3\u0142 Szk\u00f3\u0142 w Gromniku","isPartOf":{"@id":"https:\/\/zs.gromnik.pl\/zs\/#website"},"datePublished":"2022-10-23T08:52:35+00:00","dateModified":"2022-10-23T09:33:54+00:00","author":{"@id":"https:\/\/zs.gromnik.pl\/zs\/#\/schema\/person\/b197900f67c6133faddc284ae32f97ca"},"description":"Zesp\u00f3\u0142 Szk\u00f3\u0142 w Gromniku","breadcrumb":{"@id":"https:\/\/zs.gromnik.pl\/zs\/jamna-i-dabry-78-lat-temu\/#breadcrumb"},"inLanguage":"pl-PL","potentialAction":[{"@type":"ReadAction","target":["https:\/\/zs.gromnik.pl\/zs\/jamna-i-dabry-78-lat-temu\/"]}]},{"@type":"BreadcrumbList","@id":"https:\/\/zs.gromnik.pl\/zs\/jamna-i-dabry-78-lat-temu\/#breadcrumb","itemListElement":[{"@type":"ListItem","position":1,"name":"Strona g\u0142\u00f3wna","item":"https:\/\/zs.gromnik.pl\/zs\/"},{"@type":"ListItem","position":2,"name":"Jamna i D\u0105bry \u2013 78 lat temu &#8230;"}]},{"@type":"WebSite","@id":"https:\/\/zs.gromnik.pl\/zs\/#website","url":"https:\/\/zs.gromnik.pl\/zs\/","name":"Zesp\u00f3\u0142 Szk\u00f3\u0142 w Gromniku","description":"","potentialAction":[{"@type":"SearchAction","target":{"@type":"EntryPoint","urlTemplate":"https:\/\/zs.gromnik.pl\/zs\/?s={search_term_string}"},"query-input":"required name=search_term_string"}],"inLanguage":"pl-PL"},{"@type":"Person","@id":"https:\/\/zs.gromnik.pl\/zs\/#\/schema\/person\/b197900f67c6133faddc284ae32f97ca","name":"admin","image":{"@type":"ImageObject","inLanguage":"pl-PL","@id":"https:\/\/zs.gromnik.pl\/zs\/#\/schema\/person\/image\/","url":"https:\/\/secure.gravatar.com\/avatar\/f8a2f876dbcc8c8edd809a8ca77a2abe?s=96&d=mm&r=g","contentUrl":"https:\/\/secure.gravatar.com\/avatar\/f8a2f876dbcc8c8edd809a8ca77a2abe?s=96&d=mm&r=g","caption":"admin"},"url":"https:\/\/zs.gromnik.pl\/zs\/author\/admin\/"}]}},"_links":{"self":[{"href":"https:\/\/zs.gromnik.pl\/zs\/wp-json\/wp\/v2\/posts\/11505"}],"collection":[{"href":"https:\/\/zs.gromnik.pl\/zs\/wp-json\/wp\/v2\/posts"}],"about":[{"href":"https:\/\/zs.gromnik.pl\/zs\/wp-json\/wp\/v2\/types\/post"}],"author":[{"embeddable":true,"href":"https:\/\/zs.gromnik.pl\/zs\/wp-json\/wp\/v2\/users\/1"}],"replies":[{"embeddable":true,"href":"https:\/\/zs.gromnik.pl\/zs\/wp-json\/wp\/v2\/comments?post=11505"}],"version-history":[{"count":26,"href":"https:\/\/zs.gromnik.pl\/zs\/wp-json\/wp\/v2\/posts\/11505\/revisions"}],"predecessor-version":[{"id":11545,"href":"https:\/\/zs.gromnik.pl\/zs\/wp-json\/wp\/v2\/posts\/11505\/revisions\/11545"}],"wp:featuredmedia":[{"embeddable":true,"href":"https:\/\/zs.gromnik.pl\/zs\/wp-json\/wp\/v2\/media\/11527"}],"wp:attachment":[{"href":"https:\/\/zs.gromnik.pl\/zs\/wp-json\/wp\/v2\/media?parent=11505"}],"wp:term":[{"taxonomy":"category","embeddable":true,"href":"https:\/\/zs.gromnik.pl\/zs\/wp-json\/wp\/v2\/categories?post=11505"},{"taxonomy":"post_tag","embeddable":true,"href":"https:\/\/zs.gromnik.pl\/zs\/wp-json\/wp\/v2\/tags?post=11505"}],"curies":[{"name":"wp","href":"https:\/\/api.w.org\/{rel}","templated":true}]}}