{"id":13779,"date":"2023-09-23T11:18:00","date_gmt":"2023-09-23T09:18:00","guid":{"rendered":"http:\/\/zs.gromnik.pl\/zs\/?p=13779"},"modified":"2023-09-23T11:23:39","modified_gmt":"2023-09-23T09:23:39","slug":"10-000-euro-dla-zespolu-szkol-w-gromniku","status":"publish","type":"post","link":"https:\/\/zs.gromnik.pl\/zs\/10-000-euro-dla-zespolu-szkol-w-gromniku\/","title":{"rendered":"10 000 EURO dla Zespo\u0142u Szk\u00f3\u0142 w Gromniku!"},"content":{"rendered":"\n<p class=\"has-text-align-center\"><strong>\u201eWhat do lichens and cycling have in common?<\/strong><\/p>\n\n\n\n<p class=\"has-text-align-center\" id=\"VisegradFund\"><a href=\"https:\/\/www.facebook.com\/V4Gromnik\/\" target=\"_blank\" rel=\"noreferrer noopener\">STRONA PROJEKTU &#8211; KLIKNIJ TUTAJ<\/a><\/p>\n\n\n\n<p>Projekt dofinansowany z <a href=\"http:\/\/www.visegradfund.org\" target=\"_blank\" rel=\"noreferrer noopener\">Funduszu Wyszehradzkiego.<\/a><\/p>\n\n\n\n<p>Zesp\u00f3\u0142 Szk\u00f3\u0142 w Gromniku realizuje kolejny projekt mi\u0119dzynarodowy. Tym razem naszym Partnerem jest szko\u0142a ze S\u0142owacji z Koszyc.<\/p>\n\n\n<div class=\"wp-block-image\">\n<figure class=\"aligncenter size-large is-resized\"><img loading=\"lazy\" src=\"http:\/\/zs.gromnik.pl\/zs\/wp-content\/uploads\/2023\/09\/\u201eWhat-do-lichens-and-cycling-have-in-common-1024x576.png\" alt=\"\" class=\"wp-image-13774\" width=\"768\" height=\"432\" srcset=\"https:\/\/zs.gromnik.pl\/zs\/wp-content\/uploads\/2023\/09\/\u201eWhat-do-lichens-and-cycling-have-in-common-1024x576.png 1024w, https:\/\/zs.gromnik.pl\/zs\/wp-content\/uploads\/2023\/09\/\u201eWhat-do-lichens-and-cycling-have-in-common-300x169.png 300w, https:\/\/zs.gromnik.pl\/zs\/wp-content\/uploads\/2023\/09\/\u201eWhat-do-lichens-and-cycling-have-in-common-768x432.png 768w, https:\/\/zs.gromnik.pl\/zs\/wp-content\/uploads\/2023\/09\/\u201eWhat-do-lichens-and-cycling-have-in-common-1536x864.png 1536w, https:\/\/zs.gromnik.pl\/zs\/wp-content\/uploads\/2023\/09\/\u201eWhat-do-lichens-and-cycling-have-in-common-1140x641.png 1140w, https:\/\/zs.gromnik.pl\/zs\/wp-content\/uploads\/2023\/09\/\u201eWhat-do-lichens-and-cycling-have-in-common.png 1920w\" sizes=\"(max-width: 768px) 100vw, 768px\" \/><\/figure><\/div>\n\n\n<p>Celem projektu \u201e<strong>Co maj\u0105 wsp\u00f3lnego porosty z jazd\u0105 na rowerze?<\/strong>\u201d jest rozw\u00f3j mi\u0119dzynarodowej wsp\u00f3\u0142pracy uczni\u00f3w, na rzecz ekologii i promocji zdrowego stylu \u017cycia. G\u0142\u00f3wnym tematem projektu b\u0119dzie ocena stanu czysto\u015bci powietrza i jego por\u00f3wnanie w S\u0142owacji i Polsce, w oparciu o skal\u0119 porostow\u0105. Studenci dokonaj\u0105 oceny przyczyn zanieczyszcze\u0144 i zastanowi\u0105 si\u0119 czy ekotransport mo\u017ce by\u0107 rozwi\u0105zaniem zar\u00f3wno ograniczaj\u0105cym emisj\u0119 spalin, jak i rozwijaj\u0105cym sprawno\u015b\u0107 fizyczn\u0105.<\/p>\n\n\n<div class=\"wp-block-image\">\n<figure class=\"aligncenter size-full is-resized\"><img loading=\"lazy\" src=\"http:\/\/zs.gromnik.pl\/zs\/wp-content\/uploads\/2023\/09\/porosty.jpg\" alt=\"\" class=\"wp-image-13773\" width=\"400\" height=\"300\" srcset=\"https:\/\/zs.gromnik.pl\/zs\/wp-content\/uploads\/2023\/09\/porosty.jpg 800w, https:\/\/zs.gromnik.pl\/zs\/wp-content\/uploads\/2023\/09\/porosty-300x225.jpg 300w, https:\/\/zs.gromnik.pl\/zs\/wp-content\/uploads\/2023\/09\/porosty-768x576.jpg 768w\" sizes=\"(max-width: 400px) 100vw, 400px\" \/><\/figure><\/div>\n\n\n<p>The goal of the project \u201eWhat do lichens and cycling have in common?\u201d is the development of international student cooperation for ecology and promotion of a healthy lifestyle. The main subject of the project will be the assessment of the air purity condition and its comparison in Slovakia and Poland, based on the lichen scale. Students will assess the causes of pollution and indicate eco-transport as a solution to both reducing fumes and developing physical culture.<\/p>\n","protected":false},"excerpt":{"rendered":"<p>\u201eWhat do lichens and cycling have in common? STRONA PROJEKTU &#8211; KLIKNIJ TUTAJ Projekt dofinansowany z Funduszu Wyszehradzkiego. Zesp\u00f3\u0142 Szk\u00f3\u0142 w Gromniku realizuje kolejny projekt mi\u0119dzynarodowy. Tym razem naszym Partnerem jest szko\u0142a ze S\u0142owacji z Koszyc. Celem projektu \u201eCo maj\u0105 wsp\u00f3lnego porosty z jazd\u0105 na rowerze?\u201d jest rozw\u00f3j mi\u0119dzynarodowej wsp\u00f3\u0142pracy uczni\u00f3w, na rzecz ekologii i promocji zdrowego stylu \u017cycia. G\u0142\u00f3wnym tematem projektu b\u0119dzie ocena stanu czysto\u015bci powietrza i jego por\u00f3wnanie w S\u0142owacji i Polsce, w oparciu o skal\u0119 porostow\u0105. Studenci dokonaj\u0105 oceny przyczyn zanieczyszcze\u0144 i zastanowi\u0105 si\u0119 czy ekotransport mo\u017ce by\u0107 rozwi\u0105zaniem zar\u00f3wno ograniczaj\u0105cym emisj\u0119 spalin, jak i rozwijaj\u0105cym sprawno\u015b\u0107 fizyczn\u0105. The goal of the project \u201eWhat do lichens and cycling have in common?\u201d is the development of international student cooperation for ecology and promotion of a healthy lifestyle. The main subject of the project will be the assessment of the air purity condition and its comparison in Slovakia and Poland, based on the lichen scale. Students will assess the causes of pollution and indicate eco-transport as a solution to both reducing fumes and developing physical culture.<\/p>\n","protected":false},"author":6,"featured_media":13775,"comment_status":"closed","ping_status":"open","sticky":false,"template":"","format":"standard","meta":[],"categories":[3],"tags":[],"yoast_head":"<!-- This site is optimized with the Yoast SEO plugin v19.8 - https:\/\/yoast.com\/wordpress\/plugins\/seo\/ -->\n<title>10 000 EURO dla Zespo\u0142u Szk\u00f3\u0142 w Gromniku! - Zesp\u00f3\u0142 Szk\u00f3\u0142 w Gromniku<\/title>\n<meta name=\"description\" content=\"Zesp\u00f3\u0142 Szk\u00f3\u0142 w Gromniku\" \/>\n<meta name=\"robots\" content=\"index, follow, max-snippet:-1, max-image-preview:large, max-video-preview:-1\" \/>\n<link rel=\"canonical\" href=\"https:\/\/zs.gromnik.pl\/zs\/10-000-euro-dla-zespolu-szkol-w-gromniku\/\" \/>\n<meta property=\"og:locale\" content=\"pl_PL\" \/>\n<meta property=\"og:type\" content=\"article\" \/>\n<meta property=\"og:title\" content=\"10 000 EURO dla Zespo\u0142u Szk\u00f3\u0142 w Gromniku! - Zesp\u00f3\u0142 Szk\u00f3\u0142 w Gromniku\" \/>\n<meta property=\"og:description\" content=\"Zesp\u00f3\u0142 Szk\u00f3\u0142 w Gromniku\" \/>\n<meta property=\"og:url\" content=\"https:\/\/zs.gromnik.pl\/zs\/10-000-euro-dla-zespolu-szkol-w-gromniku\/\" \/>\n<meta property=\"og:site_name\" content=\"Zesp\u00f3\u0142 Szk\u00f3\u0142 w Gromniku\" \/>\n<meta property=\"article:publisher\" content=\"https:\/\/www.facebook.com\/zsgromnik\" \/>\n<meta property=\"article:published_time\" content=\"2023-09-23T09:18:00+00:00\" \/>\n<meta property=\"article:modified_time\" content=\"2023-09-23T09:23:39+00:00\" \/>\n<meta property=\"og:image\" content=\"https:\/\/zs.gromnik.pl\/zs\/wp-content\/uploads\/2023\/09\/visegrad_fund_logo_blue_800px-1-e1772978909399.jpg\" \/>\n\t<meta property=\"og:image:width\" content=\"400\" \/>\n\t<meta property=\"og:image:height\" content=\"183\" \/>\n\t<meta property=\"og:image:type\" content=\"image\/jpeg\" \/>\n<meta name=\"author\" content=\"Patrycja Kubicz\" \/>\n<meta name=\"twitter:card\" content=\"summary_large_image\" \/>\n<meta name=\"twitter:label1\" content=\"Napisane przez\" \/>\n\t<meta name=\"twitter:data1\" content=\"Patrycja Kubicz\" \/>\n\t<meta name=\"twitter:label2\" content=\"Szacowany czas czytania\" \/>\n\t<meta name=\"twitter:data2\" content=\"1 minuta\" \/>\n<script type=\"application\/ld+json\" class=\"yoast-schema-graph\">{\"@context\":\"https:\/\/schema.org\",\"@graph\":[{\"@type\":\"WebPage\",\"@id\":\"https:\/\/zs.gromnik.pl\/zs\/10-000-euro-dla-zespolu-szkol-w-gromniku\/\",\"url\":\"https:\/\/zs.gromnik.pl\/zs\/10-000-euro-dla-zespolu-szkol-w-gromniku\/\",\"name\":\"10 000 EURO dla Zespo\u0142u Szk\u00f3\u0142 w Gromniku! - Zesp\u00f3\u0142 Szk\u00f3\u0142 w Gromniku\",\"isPartOf\":{\"@id\":\"https:\/\/zs.gromnik.pl\/zs\/#website\"},\"datePublished\":\"2023-09-23T09:18:00+00:00\",\"dateModified\":\"2023-09-23T09:23:39+00:00\",\"author\":{\"@id\":\"https:\/\/zs.gromnik.pl\/zs\/#\/schema\/person\/8ceca2902a7d39b77622ae2e117d831a\"},\"description\":\"Zesp\u00f3\u0142 Szk\u00f3\u0142 w Gromniku\",\"breadcrumb\":{\"@id\":\"https:\/\/zs.gromnik.pl\/zs\/10-000-euro-dla-zespolu-szkol-w-gromniku\/#breadcrumb\"},\"inLanguage\":\"pl-PL\",\"potentialAction\":[{\"@type\":\"ReadAction\",\"target\":[\"https:\/\/zs.gromnik.pl\/zs\/10-000-euro-dla-zespolu-szkol-w-gromniku\/\"]}]},{\"@type\":\"BreadcrumbList\",\"@id\":\"https:\/\/zs.gromnik.pl\/zs\/10-000-euro-dla-zespolu-szkol-w-gromniku\/#breadcrumb\",\"itemListElement\":[{\"@type\":\"ListItem\",\"position\":1,\"name\":\"Strona g\u0142\u00f3wna\",\"item\":\"https:\/\/zs.gromnik.pl\/zs\/\"},{\"@type\":\"ListItem\",\"position\":2,\"name\":\"10 000 EURO dla Zespo\u0142u Szk\u00f3\u0142 w Gromniku!\"}]},{\"@type\":\"WebSite\",\"@id\":\"https:\/\/zs.gromnik.pl\/zs\/#website\",\"url\":\"https:\/\/zs.gromnik.pl\/zs\/\",\"name\":\"Zesp\u00f3\u0142 Szk\u00f3\u0142 w Gromniku\",\"description\":\"\",\"potentialAction\":[{\"@type\":\"SearchAction\",\"target\":{\"@type\":\"EntryPoint\",\"urlTemplate\":\"https:\/\/zs.gromnik.pl\/zs\/?s={search_term_string}\"},\"query-input\":\"required name=search_term_string\"}],\"inLanguage\":\"pl-PL\"},{\"@type\":\"Person\",\"@id\":\"https:\/\/zs.gromnik.pl\/zs\/#\/schema\/person\/8ceca2902a7d39b77622ae2e117d831a\",\"name\":\"Patrycja Kubicz\",\"image\":{\"@type\":\"ImageObject\",\"inLanguage\":\"pl-PL\",\"@id\":\"https:\/\/zs.gromnik.pl\/zs\/#\/schema\/person\/image\/\",\"url\":\"https:\/\/secure.gravatar.com\/avatar\/fdb188d3851f5cc80ba3148c853f5f66?s=96&d=mm&r=g\",\"contentUrl\":\"https:\/\/secure.gravatar.com\/avatar\/fdb188d3851f5cc80ba3148c853f5f66?s=96&d=mm&r=g\",\"caption\":\"Patrycja Kubicz\"},\"url\":\"https:\/\/zs.gromnik.pl\/zs\/author\/pkubicz\/\"}]}<\/script>\n<!-- \/ Yoast SEO plugin. -->","yoast_head_json":{"title":"10 000 EURO dla Zespo\u0142u Szk\u00f3\u0142 w Gromniku! - Zesp\u00f3\u0142 Szk\u00f3\u0142 w Gromniku","description":"Zesp\u00f3\u0142 Szk\u00f3\u0142 w Gromniku","robots":{"index":"index","follow":"follow","max-snippet":"max-snippet:-1","max-image-preview":"max-image-preview:large","max-video-preview":"max-video-preview:-1"},"canonical":"https:\/\/zs.gromnik.pl\/zs\/10-000-euro-dla-zespolu-szkol-w-gromniku\/","og_locale":"pl_PL","og_type":"article","og_title":"10 000 EURO dla Zespo\u0142u Szk\u00f3\u0142 w Gromniku! - Zesp\u00f3\u0142 Szk\u00f3\u0142 w Gromniku","og_description":"Zesp\u00f3\u0142 Szk\u00f3\u0142 w Gromniku","og_url":"https:\/\/zs.gromnik.pl\/zs\/10-000-euro-dla-zespolu-szkol-w-gromniku\/","og_site_name":"Zesp\u00f3\u0142 Szk\u00f3\u0142 w Gromniku","article_publisher":"https:\/\/www.facebook.com\/zsgromnik","article_published_time":"2023-09-23T09:18:00+00:00","article_modified_time":"2023-09-23T09:23:39+00:00","og_image":[{"width":400,"height":183,"url":"https:\/\/zs.gromnik.pl\/zs\/wp-content\/uploads\/2023\/09\/visegrad_fund_logo_blue_800px-1-e1772978909399.jpg","type":"image\/jpeg"}],"author":"Patrycja Kubicz","twitter_card":"summary_large_image","twitter_misc":{"Napisane przez":"Patrycja Kubicz","Szacowany czas czytania":"1 minuta"},"schema":{"@context":"https:\/\/schema.org","@graph":[{"@type":"WebPage","@id":"https:\/\/zs.gromnik.pl\/zs\/10-000-euro-dla-zespolu-szkol-w-gromniku\/","url":"https:\/\/zs.gromnik.pl\/zs\/10-000-euro-dla-zespolu-szkol-w-gromniku\/","name":"10 000 EURO dla Zespo\u0142u Szk\u00f3\u0142 w Gromniku! - Zesp\u00f3\u0142 Szk\u00f3\u0142 w Gromniku","isPartOf":{"@id":"https:\/\/zs.gromnik.pl\/zs\/#website"},"datePublished":"2023-09-23T09:18:00+00:00","dateModified":"2023-09-23T09:23:39+00:00","author":{"@id":"https:\/\/zs.gromnik.pl\/zs\/#\/schema\/person\/8ceca2902a7d39b77622ae2e117d831a"},"description":"Zesp\u00f3\u0142 Szk\u00f3\u0142 w Gromniku","breadcrumb":{"@id":"https:\/\/zs.gromnik.pl\/zs\/10-000-euro-dla-zespolu-szkol-w-gromniku\/#breadcrumb"},"inLanguage":"pl-PL","potentialAction":[{"@type":"ReadAction","target":["https:\/\/zs.gromnik.pl\/zs\/10-000-euro-dla-zespolu-szkol-w-gromniku\/"]}]},{"@type":"BreadcrumbList","@id":"https:\/\/zs.gromnik.pl\/zs\/10-000-euro-dla-zespolu-szkol-w-gromniku\/#breadcrumb","itemListElement":[{"@type":"ListItem","position":1,"name":"Strona g\u0142\u00f3wna","item":"https:\/\/zs.gromnik.pl\/zs\/"},{"@type":"ListItem","position":2,"name":"10 000 EURO dla Zespo\u0142u Szk\u00f3\u0142 w Gromniku!"}]},{"@type":"WebSite","@id":"https:\/\/zs.gromnik.pl\/zs\/#website","url":"https:\/\/zs.gromnik.pl\/zs\/","name":"Zesp\u00f3\u0142 Szk\u00f3\u0142 w Gromniku","description":"","potentialAction":[{"@type":"SearchAction","target":{"@type":"EntryPoint","urlTemplate":"https:\/\/zs.gromnik.pl\/zs\/?s={search_term_string}"},"query-input":"required name=search_term_string"}],"inLanguage":"pl-PL"},{"@type":"Person","@id":"https:\/\/zs.gromnik.pl\/zs\/#\/schema\/person\/8ceca2902a7d39b77622ae2e117d831a","name":"Patrycja Kubicz","image":{"@type":"ImageObject","inLanguage":"pl-PL","@id":"https:\/\/zs.gromnik.pl\/zs\/#\/schema\/person\/image\/","url":"https:\/\/secure.gravatar.com\/avatar\/fdb188d3851f5cc80ba3148c853f5f66?s=96&d=mm&r=g","contentUrl":"https:\/\/secure.gravatar.com\/avatar\/fdb188d3851f5cc80ba3148c853f5f66?s=96&d=mm&r=g","caption":"Patrycja Kubicz"},"url":"https:\/\/zs.gromnik.pl\/zs\/author\/pkubicz\/"}]}},"_links":{"self":[{"href":"https:\/\/zs.gromnik.pl\/zs\/wp-json\/wp\/v2\/posts\/13779"}],"collection":[{"href":"https:\/\/zs.gromnik.pl\/zs\/wp-json\/wp\/v2\/posts"}],"about":[{"href":"https:\/\/zs.gromnik.pl\/zs\/wp-json\/wp\/v2\/types\/post"}],"author":[{"embeddable":true,"href":"https:\/\/zs.gromnik.pl\/zs\/wp-json\/wp\/v2\/users\/6"}],"replies":[{"embeddable":true,"href":"https:\/\/zs.gromnik.pl\/zs\/wp-json\/wp\/v2\/comments?post=13779"}],"version-history":[{"count":2,"href":"https:\/\/zs.gromnik.pl\/zs\/wp-json\/wp\/v2\/posts\/13779\/revisions"}],"predecessor-version":[{"id":13782,"href":"https:\/\/zs.gromnik.pl\/zs\/wp-json\/wp\/v2\/posts\/13779\/revisions\/13782"}],"wp:featuredmedia":[{"embeddable":true,"href":"https:\/\/zs.gromnik.pl\/zs\/wp-json\/wp\/v2\/media\/13775"}],"wp:attachment":[{"href":"https:\/\/zs.gromnik.pl\/zs\/wp-json\/wp\/v2\/media?parent=13779"}],"wp:term":[{"taxonomy":"category","embeddable":true,"href":"https:\/\/zs.gromnik.pl\/zs\/wp-json\/wp\/v2\/categories?post=13779"},{"taxonomy":"post_tag","embeddable":true,"href":"https:\/\/zs.gromnik.pl\/zs\/wp-json\/wp\/v2\/tags?post=13779"}],"curies":[{"name":"wp","href":"https:\/\/api.w.org\/{rel}","templated":true}]}}