{"id":13783,"date":"2023-09-24T22:37:59","date_gmt":"2023-09-24T20:37:59","guid":{"rendered":"http:\/\/zs.gromnik.pl\/zs\/?p=13783"},"modified":"2023-09-24T22:38:00","modified_gmt":"2023-09-24T20:38:00","slug":"przedszkolaki-swietuja-dzien-kropki-2","status":"publish","type":"post","link":"https:\/\/zs.gromnik.pl\/zs\/przedszkolaki-swietuja-dzien-kropki-2\/","title":{"rendered":"Przedszkolaki \u015bwi\u0119tuj\u0105 Dzie\u0144 Kropki!"},"content":{"rendered":"\n<p>15 wrze\u015bnia 2023 r. nasze przedszkole w\u0142\u0105czy\u0142o si\u0119 w obchody Mi\u0119dzynarodowego Dnia Kropki. Celem tego \u015bwi\u0119ta jest odkrywanie dzieci\u0119cych talent\u00f3w, poznawaniu ich mocnych stron oraz wyrabiania wiary we w\u0142asne mo\u017cliwo\u015bci. Z tej okazji przedszkolaki uczestniczy\u0142y w r\u00f3\u017cnych zabawach ruchowych z kropkami w roli g\u0142\u00f3wnej oraz same tworzy\u0142y pi\u0119kne, &#8222;kropkowe&#8221; dzie\u0142a sztuki. <\/p>\n\n\n\n<figure class=\"wp-container-2 wp-block-gallery-1 wp-block-gallery has-nested-images columns-default is-cropped\">\n<figure class=\"wp-block-image size-large\"><img loading=\"lazy\" width=\"2560\" height=\"1707\" data-id=\"13786\"  src=\"http:\/\/zs.gromnik.pl\/zs\/wp-content\/uploads\/2023\/09\/IMG_7531-scaled.jpg\" alt=\"\" class=\"wp-image-13786\" srcset=\"https:\/\/zs.gromnik.pl\/zs\/wp-content\/uploads\/2023\/09\/IMG_7531-scaled.jpg 2560w, https:\/\/zs.gromnik.pl\/zs\/wp-content\/uploads\/2023\/09\/IMG_7531-300x200.jpg 300w, https:\/\/zs.gromnik.pl\/zs\/wp-content\/uploads\/2023\/09\/IMG_7531-1024x683.jpg 1024w, https:\/\/zs.gromnik.pl\/zs\/wp-content\/uploads\/2023\/09\/IMG_7531-768x512.jpg 768w, https:\/\/zs.gromnik.pl\/zs\/wp-content\/uploads\/2023\/09\/IMG_7531-1536x1024.jpg 1536w, https:\/\/zs.gromnik.pl\/zs\/wp-content\/uploads\/2023\/09\/IMG_7531-2048x1365.jpg 2048w, https:\/\/zs.gromnik.pl\/zs\/wp-content\/uploads\/2023\/09\/IMG_7531-1140x760.jpg 1140w\" sizes=\"(max-width: 2560px) 100vw, 2560px\" \/><\/figure>\n\n\n\n<figure class=\"wp-block-image size-large\"><img loading=\"lazy\" width=\"2560\" height=\"1707\" data-id=\"13788\"  src=\"http:\/\/zs.gromnik.pl\/zs\/wp-content\/uploads\/2023\/09\/IMG_7542-scaled.jpg\" alt=\"\" class=\"wp-image-13788\" srcset=\"https:\/\/zs.gromnik.pl\/zs\/wp-content\/uploads\/2023\/09\/IMG_7542-scaled.jpg 2560w, https:\/\/zs.gromnik.pl\/zs\/wp-content\/uploads\/2023\/09\/IMG_7542-300x200.jpg 300w, https:\/\/zs.gromnik.pl\/zs\/wp-content\/uploads\/2023\/09\/IMG_7542-1024x683.jpg 1024w, https:\/\/zs.gromnik.pl\/zs\/wp-content\/uploads\/2023\/09\/IMG_7542-768x512.jpg 768w, https:\/\/zs.gromnik.pl\/zs\/wp-content\/uploads\/2023\/09\/IMG_7542-1536x1024.jpg 1536w, https:\/\/zs.gromnik.pl\/zs\/wp-content\/uploads\/2023\/09\/IMG_7542-2048x1365.jpg 2048w, https:\/\/zs.gromnik.pl\/zs\/wp-content\/uploads\/2023\/09\/IMG_7542-1140x760.jpg 1140w\" sizes=\"(max-width: 2560px) 100vw, 2560px\" \/><\/figure>\n\n\n\n<figure class=\"wp-block-image size-large\"><img loading=\"lazy\" width=\"2560\" height=\"1707\" data-id=\"13793\"  src=\"http:\/\/zs.gromnik.pl\/zs\/wp-content\/uploads\/2023\/09\/IMG_7556-scaled.jpg\" alt=\"\" class=\"wp-image-13793\" srcset=\"https:\/\/zs.gromnik.pl\/zs\/wp-content\/uploads\/2023\/09\/IMG_7556-scaled.jpg 2560w, https:\/\/zs.gromnik.pl\/zs\/wp-content\/uploads\/2023\/09\/IMG_7556-300x200.jpg 300w, https:\/\/zs.gromnik.pl\/zs\/wp-content\/uploads\/2023\/09\/IMG_7556-1024x683.jpg 1024w, https:\/\/zs.gromnik.pl\/zs\/wp-content\/uploads\/2023\/09\/IMG_7556-768x512.jpg 768w, https:\/\/zs.gromnik.pl\/zs\/wp-content\/uploads\/2023\/09\/IMG_7556-1536x1024.jpg 1536w, https:\/\/zs.gromnik.pl\/zs\/wp-content\/uploads\/2023\/09\/IMG_7556-2048x1365.jpg 2048w, https:\/\/zs.gromnik.pl\/zs\/wp-content\/uploads\/2023\/09\/IMG_7556-1140x760.jpg 1140w\" sizes=\"(max-width: 2560px) 100vw, 2560px\" \/><\/figure>\n\n\n\n<figure class=\"wp-block-image size-large\"><img loading=\"lazy\" width=\"2560\" height=\"1707\" data-id=\"13791\"  src=\"http:\/\/zs.gromnik.pl\/zs\/wp-content\/uploads\/2023\/09\/IMG_7551-scaled.jpg\" alt=\"\" class=\"wp-image-13791\" srcset=\"https:\/\/zs.gromnik.pl\/zs\/wp-content\/uploads\/2023\/09\/IMG_7551-scaled.jpg 2560w, https:\/\/zs.gromnik.pl\/zs\/wp-content\/uploads\/2023\/09\/IMG_7551-300x200.jpg 300w, https:\/\/zs.gromnik.pl\/zs\/wp-content\/uploads\/2023\/09\/IMG_7551-1024x683.jpg 1024w, https:\/\/zs.gromnik.pl\/zs\/wp-content\/uploads\/2023\/09\/IMG_7551-768x512.jpg 768w, https:\/\/zs.gromnik.pl\/zs\/wp-content\/uploads\/2023\/09\/IMG_7551-1536x1024.jpg 1536w, https:\/\/zs.gromnik.pl\/zs\/wp-content\/uploads\/2023\/09\/IMG_7551-2048x1365.jpg 2048w, https:\/\/zs.gromnik.pl\/zs\/wp-content\/uploads\/2023\/09\/IMG_7551-1140x760.jpg 1140w\" sizes=\"(max-width: 2560px) 100vw, 2560px\" \/><\/figure>\n\n\n\n<figure class=\"wp-block-image size-large\"><img loading=\"lazy\" width=\"2560\" height=\"1707\" data-id=\"13789\"  src=\"http:\/\/zs.gromnik.pl\/zs\/wp-content\/uploads\/2023\/09\/IMG_7545-scaled.jpg\" alt=\"\" class=\"wp-image-13789\" srcset=\"https:\/\/zs.gromnik.pl\/zs\/wp-content\/uploads\/2023\/09\/IMG_7545-scaled.jpg 2560w, https:\/\/zs.gromnik.pl\/zs\/wp-content\/uploads\/2023\/09\/IMG_7545-300x200.jpg 300w, https:\/\/zs.gromnik.pl\/zs\/wp-content\/uploads\/2023\/09\/IMG_7545-1024x683.jpg 1024w, https:\/\/zs.gromnik.pl\/zs\/wp-content\/uploads\/2023\/09\/IMG_7545-768x512.jpg 768w, https:\/\/zs.gromnik.pl\/zs\/wp-content\/uploads\/2023\/09\/IMG_7545-1536x1024.jpg 1536w, https:\/\/zs.gromnik.pl\/zs\/wp-content\/uploads\/2023\/09\/IMG_7545-2048x1365.jpg 2048w, https:\/\/zs.gromnik.pl\/zs\/wp-content\/uploads\/2023\/09\/IMG_7545-1140x760.jpg 1140w\" sizes=\"(max-width: 2560px) 100vw, 2560px\" \/><\/figure>\n\n\n\n<figure class=\"wp-block-image size-large\"><img loading=\"lazy\" width=\"2560\" height=\"1707\" data-id=\"13792\"  src=\"http:\/\/zs.gromnik.pl\/zs\/wp-content\/uploads\/2023\/09\/IMG_7552-scaled.jpg\" alt=\"\" class=\"wp-image-13792\" srcset=\"https:\/\/zs.gromnik.pl\/zs\/wp-content\/uploads\/2023\/09\/IMG_7552-scaled.jpg 2560w, https:\/\/zs.gromnik.pl\/zs\/wp-content\/uploads\/2023\/09\/IMG_7552-300x200.jpg 300w, https:\/\/zs.gromnik.pl\/zs\/wp-content\/uploads\/2023\/09\/IMG_7552-1024x683.jpg 1024w, https:\/\/zs.gromnik.pl\/zs\/wp-content\/uploads\/2023\/09\/IMG_7552-768x512.jpg 768w, https:\/\/zs.gromnik.pl\/zs\/wp-content\/uploads\/2023\/09\/IMG_7552-1536x1024.jpg 1536w, https:\/\/zs.gromnik.pl\/zs\/wp-content\/uploads\/2023\/09\/IMG_7552-2048x1365.jpg 2048w, https:\/\/zs.gromnik.pl\/zs\/wp-content\/uploads\/2023\/09\/IMG_7552-1140x760.jpg 1140w\" sizes=\"(max-width: 2560px) 100vw, 2560px\" \/><\/figure>\n\n\n\n<figure class=\"wp-block-image size-large\"><img loading=\"lazy\" width=\"1536\" height=\"2048\" data-id=\"13784\"  src=\"http:\/\/zs.gromnik.pl\/zs\/wp-content\/uploads\/2023\/09\/381433740_1703060903501100_2926781105595653441_n.jpg\" alt=\"\" class=\"wp-image-13784\" srcset=\"https:\/\/zs.gromnik.pl\/zs\/wp-content\/uploads\/2023\/09\/381433740_1703060903501100_2926781105595653441_n.jpg 1536w, https:\/\/zs.gromnik.pl\/zs\/wp-content\/uploads\/2023\/09\/381433740_1703060903501100_2926781105595653441_n-225x300.jpg 225w, https:\/\/zs.gromnik.pl\/zs\/wp-content\/uploads\/2023\/09\/381433740_1703060903501100_2926781105595653441_n-768x1024.jpg 768w, https:\/\/zs.gromnik.pl\/zs\/wp-content\/uploads\/2023\/09\/381433740_1703060903501100_2926781105595653441_n-1152x1536.jpg 1152w, https:\/\/zs.gromnik.pl\/zs\/wp-content\/uploads\/2023\/09\/381433740_1703060903501100_2926781105595653441_n-1140x1520.jpg 1140w\" sizes=\"(max-width: 1536px) 100vw, 1536px\" \/><\/figure>\n\n\n\n<figure class=\"wp-block-image size-large\"><img loading=\"lazy\" width=\"1536\" height=\"2048\" data-id=\"13785\"  src=\"http:\/\/zs.gromnik.pl\/zs\/wp-content\/uploads\/2023\/09\/381574410_344525661334057_3029083419615988888_n.jpg\" alt=\"\" class=\"wp-image-13785\" srcset=\"https:\/\/zs.gromnik.pl\/zs\/wp-content\/uploads\/2023\/09\/381574410_344525661334057_3029083419615988888_n.jpg 1536w, https:\/\/zs.gromnik.pl\/zs\/wp-content\/uploads\/2023\/09\/381574410_344525661334057_3029083419615988888_n-225x300.jpg 225w, https:\/\/zs.gromnik.pl\/zs\/wp-content\/uploads\/2023\/09\/381574410_344525661334057_3029083419615988888_n-768x1024.jpg 768w, https:\/\/zs.gromnik.pl\/zs\/wp-content\/uploads\/2023\/09\/381574410_344525661334057_3029083419615988888_n-1152x1536.jpg 1152w, https:\/\/zs.gromnik.pl\/zs\/wp-content\/uploads\/2023\/09\/381574410_344525661334057_3029083419615988888_n-1140x1520.jpg 1140w\" sizes=\"(max-width: 1536px) 100vw, 1536px\" \/><\/figure>\n\n\n\n<figure class=\"wp-block-image size-large\"><img loading=\"lazy\" width=\"2560\" height=\"1707\" data-id=\"13790\"  src=\"http:\/\/zs.gromnik.pl\/zs\/wp-content\/uploads\/2023\/09\/IMG_7549-scaled.jpg\" alt=\"\" class=\"wp-image-13790\" srcset=\"https:\/\/zs.gromnik.pl\/zs\/wp-content\/uploads\/2023\/09\/IMG_7549-scaled.jpg 2560w, https:\/\/zs.gromnik.pl\/zs\/wp-content\/uploads\/2023\/09\/IMG_7549-300x200.jpg 300w, https:\/\/zs.gromnik.pl\/zs\/wp-content\/uploads\/2023\/09\/IMG_7549-1024x683.jpg 1024w, https:\/\/zs.gromnik.pl\/zs\/wp-content\/uploads\/2023\/09\/IMG_7549-768x512.jpg 768w, https:\/\/zs.gromnik.pl\/zs\/wp-content\/uploads\/2023\/09\/IMG_7549-1536x1024.jpg 1536w, https:\/\/zs.gromnik.pl\/zs\/wp-content\/uploads\/2023\/09\/IMG_7549-2048x1365.jpg 2048w, https:\/\/zs.gromnik.pl\/zs\/wp-content\/uploads\/2023\/09\/IMG_7549-1140x760.jpg 1140w\" sizes=\"(max-width: 2560px) 100vw, 2560px\" \/><\/figure>\n<\/figure>\n","protected":false},"excerpt":{"rendered":"<p>15 wrze\u015bnia 2023 r. nasze przedszkole w\u0142\u0105czy\u0142o si\u0119 w obchody Mi\u0119dzynarodowego Dnia Kropki. Celem tego \u015bwi\u0119ta jest odkrywanie dzieci\u0119cych talent\u00f3w, poznawaniu ich mocnych stron oraz wyrabiania wiary we w\u0142asne mo\u017cliwo\u015bci. Z tej okazji przedszkolaki uczestniczy\u0142y w r\u00f3\u017cnych zabawach ruchowych z kropkami w roli g\u0142\u00f3wnej oraz same tworzy\u0142y pi\u0119kne, &#8222;kropkowe&#8221; dzie\u0142a sztuki.<\/p>\n","protected":false},"author":7,"featured_media":13787,"comment_status":"closed","ping_status":"open","sticky":false,"template":"","format":"standard","meta":[],"categories":[3,15],"tags":[],"yoast_head":"<!-- This site is optimized with the Yoast SEO plugin v19.8 - https:\/\/yoast.com\/wordpress\/plugins\/seo\/ -->\n<title>Przedszkolaki \u015bwi\u0119tuj\u0105 Dzie\u0144 Kropki! - Zesp\u00f3\u0142 Szk\u00f3\u0142 w Gromniku<\/title>\n<meta name=\"description\" content=\"Zesp\u00f3\u0142 Szk\u00f3\u0142 w Gromniku\" \/>\n<meta name=\"robots\" content=\"index, follow, max-snippet:-1, max-image-preview:large, max-video-preview:-1\" \/>\n<link rel=\"canonical\" href=\"https:\/\/zs.gromnik.pl\/zs\/przedszkolaki-swietuja-dzien-kropki-2\/\" \/>\n<meta property=\"og:locale\" content=\"pl_PL\" \/>\n<meta property=\"og:type\" content=\"article\" \/>\n<meta property=\"og:title\" content=\"Przedszkolaki \u015bwi\u0119tuj\u0105 Dzie\u0144 Kropki! - Zesp\u00f3\u0142 Szk\u00f3\u0142 w Gromniku\" \/>\n<meta property=\"og:description\" content=\"Zesp\u00f3\u0142 Szk\u00f3\u0142 w Gromniku\" \/>\n<meta property=\"og:url\" content=\"https:\/\/zs.gromnik.pl\/zs\/przedszkolaki-swietuja-dzien-kropki-2\/\" \/>\n<meta property=\"og:site_name\" content=\"Zesp\u00f3\u0142 Szk\u00f3\u0142 w Gromniku\" \/>\n<meta property=\"article:publisher\" content=\"https:\/\/www.facebook.com\/zsgromnik\" \/>\n<meta property=\"article:published_time\" content=\"2023-09-24T20:37:59+00:00\" \/>\n<meta property=\"article:modified_time\" content=\"2023-09-24T20:38:00+00:00\" \/>\n<meta property=\"og:image\" content=\"https:\/\/zs.gromnik.pl\/zs\/wp-content\/uploads\/2023\/09\/IMG_7540-scaled.jpg\" \/>\n\t<meta property=\"og:image:width\" content=\"2560\" \/>\n\t<meta property=\"og:image:height\" content=\"1707\" \/>\n\t<meta property=\"og:image:type\" content=\"image\/jpeg\" \/>\n<meta name=\"author\" content=\"Barbara Kubicz\" \/>\n<meta name=\"twitter:card\" content=\"summary_large_image\" \/>\n<meta name=\"twitter:label1\" content=\"Napisane przez\" \/>\n\t<meta name=\"twitter:data1\" content=\"Barbara Kubicz\" \/>\n<script type=\"application\/ld+json\" class=\"yoast-schema-graph\">{\"@context\":\"https:\/\/schema.org\",\"@graph\":[{\"@type\":\"WebPage\",\"@id\":\"https:\/\/zs.gromnik.pl\/zs\/przedszkolaki-swietuja-dzien-kropki-2\/\",\"url\":\"https:\/\/zs.gromnik.pl\/zs\/przedszkolaki-swietuja-dzien-kropki-2\/\",\"name\":\"Przedszkolaki \u015bwi\u0119tuj\u0105 Dzie\u0144 Kropki! - Zesp\u00f3\u0142 Szk\u00f3\u0142 w Gromniku\",\"isPartOf\":{\"@id\":\"https:\/\/zs.gromnik.pl\/zs\/#website\"},\"datePublished\":\"2023-09-24T20:37:59+00:00\",\"dateModified\":\"2023-09-24T20:38:00+00:00\",\"author\":{\"@id\":\"https:\/\/zs.gromnik.pl\/zs\/#\/schema\/person\/7fb2b24b90f39dede6a6b1ad809c8871\"},\"description\":\"Zesp\u00f3\u0142 Szk\u00f3\u0142 w Gromniku\",\"breadcrumb\":{\"@id\":\"https:\/\/zs.gromnik.pl\/zs\/przedszkolaki-swietuja-dzien-kropki-2\/#breadcrumb\"},\"inLanguage\":\"pl-PL\",\"potentialAction\":[{\"@type\":\"ReadAction\",\"target\":[\"https:\/\/zs.gromnik.pl\/zs\/przedszkolaki-swietuja-dzien-kropki-2\/\"]}]},{\"@type\":\"BreadcrumbList\",\"@id\":\"https:\/\/zs.gromnik.pl\/zs\/przedszkolaki-swietuja-dzien-kropki-2\/#breadcrumb\",\"itemListElement\":[{\"@type\":\"ListItem\",\"position\":1,\"name\":\"Strona g\u0142\u00f3wna\",\"item\":\"https:\/\/zs.gromnik.pl\/zs\/\"},{\"@type\":\"ListItem\",\"position\":2,\"name\":\"Przedszkolaki \u015bwi\u0119tuj\u0105 Dzie\u0144 Kropki!\"}]},{\"@type\":\"WebSite\",\"@id\":\"https:\/\/zs.gromnik.pl\/zs\/#website\",\"url\":\"https:\/\/zs.gromnik.pl\/zs\/\",\"name\":\"Zesp\u00f3\u0142 Szk\u00f3\u0142 w Gromniku\",\"description\":\"\",\"potentialAction\":[{\"@type\":\"SearchAction\",\"target\":{\"@type\":\"EntryPoint\",\"urlTemplate\":\"https:\/\/zs.gromnik.pl\/zs\/?s={search_term_string}\"},\"query-input\":\"required name=search_term_string\"}],\"inLanguage\":\"pl-PL\"},{\"@type\":\"Person\",\"@id\":\"https:\/\/zs.gromnik.pl\/zs\/#\/schema\/person\/7fb2b24b90f39dede6a6b1ad809c8871\",\"name\":\"Barbara Kubicz\",\"image\":{\"@type\":\"ImageObject\",\"inLanguage\":\"pl-PL\",\"@id\":\"https:\/\/zs.gromnik.pl\/zs\/#\/schema\/person\/image\/\",\"url\":\"https:\/\/secure.gravatar.com\/avatar\/2148a1c13395e11280a430e7a86ac24a?s=96&d=mm&r=g\",\"contentUrl\":\"https:\/\/secure.gravatar.com\/avatar\/2148a1c13395e11280a430e7a86ac24a?s=96&d=mm&r=g\",\"caption\":\"Barbara Kubicz\"},\"url\":\"https:\/\/zs.gromnik.pl\/zs\/author\/bkubicz\/\"}]}<\/script>\n<!-- \/ Yoast SEO plugin. -->","yoast_head_json":{"title":"Przedszkolaki \u015bwi\u0119tuj\u0105 Dzie\u0144 Kropki! - Zesp\u00f3\u0142 Szk\u00f3\u0142 w Gromniku","description":"Zesp\u00f3\u0142 Szk\u00f3\u0142 w Gromniku","robots":{"index":"index","follow":"follow","max-snippet":"max-snippet:-1","max-image-preview":"max-image-preview:large","max-video-preview":"max-video-preview:-1"},"canonical":"https:\/\/zs.gromnik.pl\/zs\/przedszkolaki-swietuja-dzien-kropki-2\/","og_locale":"pl_PL","og_type":"article","og_title":"Przedszkolaki \u015bwi\u0119tuj\u0105 Dzie\u0144 Kropki! - Zesp\u00f3\u0142 Szk\u00f3\u0142 w Gromniku","og_description":"Zesp\u00f3\u0142 Szk\u00f3\u0142 w Gromniku","og_url":"https:\/\/zs.gromnik.pl\/zs\/przedszkolaki-swietuja-dzien-kropki-2\/","og_site_name":"Zesp\u00f3\u0142 Szk\u00f3\u0142 w Gromniku","article_publisher":"https:\/\/www.facebook.com\/zsgromnik","article_published_time":"2023-09-24T20:37:59+00:00","article_modified_time":"2023-09-24T20:38:00+00:00","og_image":[{"width":2560,"height":1707,"url":"https:\/\/zs.gromnik.pl\/zs\/wp-content\/uploads\/2023\/09\/IMG_7540-scaled.jpg","type":"image\/jpeg"}],"author":"Barbara Kubicz","twitter_card":"summary_large_image","twitter_misc":{"Napisane przez":"Barbara Kubicz"},"schema":{"@context":"https:\/\/schema.org","@graph":[{"@type":"WebPage","@id":"https:\/\/zs.gromnik.pl\/zs\/przedszkolaki-swietuja-dzien-kropki-2\/","url":"https:\/\/zs.gromnik.pl\/zs\/przedszkolaki-swietuja-dzien-kropki-2\/","name":"Przedszkolaki \u015bwi\u0119tuj\u0105 Dzie\u0144 Kropki! - Zesp\u00f3\u0142 Szk\u00f3\u0142 w Gromniku","isPartOf":{"@id":"https:\/\/zs.gromnik.pl\/zs\/#website"},"datePublished":"2023-09-24T20:37:59+00:00","dateModified":"2023-09-24T20:38:00+00:00","author":{"@id":"https:\/\/zs.gromnik.pl\/zs\/#\/schema\/person\/7fb2b24b90f39dede6a6b1ad809c8871"},"description":"Zesp\u00f3\u0142 Szk\u00f3\u0142 w Gromniku","breadcrumb":{"@id":"https:\/\/zs.gromnik.pl\/zs\/przedszkolaki-swietuja-dzien-kropki-2\/#breadcrumb"},"inLanguage":"pl-PL","potentialAction":[{"@type":"ReadAction","target":["https:\/\/zs.gromnik.pl\/zs\/przedszkolaki-swietuja-dzien-kropki-2\/"]}]},{"@type":"BreadcrumbList","@id":"https:\/\/zs.gromnik.pl\/zs\/przedszkolaki-swietuja-dzien-kropki-2\/#breadcrumb","itemListElement":[{"@type":"ListItem","position":1,"name":"Strona g\u0142\u00f3wna","item":"https:\/\/zs.gromnik.pl\/zs\/"},{"@type":"ListItem","position":2,"name":"Przedszkolaki \u015bwi\u0119tuj\u0105 Dzie\u0144 Kropki!"}]},{"@type":"WebSite","@id":"https:\/\/zs.gromnik.pl\/zs\/#website","url":"https:\/\/zs.gromnik.pl\/zs\/","name":"Zesp\u00f3\u0142 Szk\u00f3\u0142 w Gromniku","description":"","potentialAction":[{"@type":"SearchAction","target":{"@type":"EntryPoint","urlTemplate":"https:\/\/zs.gromnik.pl\/zs\/?s={search_term_string}"},"query-input":"required name=search_term_string"}],"inLanguage":"pl-PL"},{"@type":"Person","@id":"https:\/\/zs.gromnik.pl\/zs\/#\/schema\/person\/7fb2b24b90f39dede6a6b1ad809c8871","name":"Barbara Kubicz","image":{"@type":"ImageObject","inLanguage":"pl-PL","@id":"https:\/\/zs.gromnik.pl\/zs\/#\/schema\/person\/image\/","url":"https:\/\/secure.gravatar.com\/avatar\/2148a1c13395e11280a430e7a86ac24a?s=96&d=mm&r=g","contentUrl":"https:\/\/secure.gravatar.com\/avatar\/2148a1c13395e11280a430e7a86ac24a?s=96&d=mm&r=g","caption":"Barbara Kubicz"},"url":"https:\/\/zs.gromnik.pl\/zs\/author\/bkubicz\/"}]}},"_links":{"self":[{"href":"https:\/\/zs.gromnik.pl\/zs\/wp-json\/wp\/v2\/posts\/13783"}],"collection":[{"href":"https:\/\/zs.gromnik.pl\/zs\/wp-json\/wp\/v2\/posts"}],"about":[{"href":"https:\/\/zs.gromnik.pl\/zs\/wp-json\/wp\/v2\/types\/post"}],"author":[{"embeddable":true,"href":"https:\/\/zs.gromnik.pl\/zs\/wp-json\/wp\/v2\/users\/7"}],"replies":[{"embeddable":true,"href":"https:\/\/zs.gromnik.pl\/zs\/wp-json\/wp\/v2\/comments?post=13783"}],"version-history":[{"count":1,"href":"https:\/\/zs.gromnik.pl\/zs\/wp-json\/wp\/v2\/posts\/13783\/revisions"}],"predecessor-version":[{"id":13794,"href":"https:\/\/zs.gromnik.pl\/zs\/wp-json\/wp\/v2\/posts\/13783\/revisions\/13794"}],"wp:featuredmedia":[{"embeddable":true,"href":"https:\/\/zs.gromnik.pl\/zs\/wp-json\/wp\/v2\/media\/13787"}],"wp:attachment":[{"href":"https:\/\/zs.gromnik.pl\/zs\/wp-json\/wp\/v2\/media?parent=13783"}],"wp:term":[{"taxonomy":"category","embeddable":true,"href":"https:\/\/zs.gromnik.pl\/zs\/wp-json\/wp\/v2\/categories?post=13783"},{"taxonomy":"post_tag","embeddable":true,"href":"https:\/\/zs.gromnik.pl\/zs\/wp-json\/wp\/v2\/tags?post=13783"}],"curies":[{"name":"wp","href":"https:\/\/api.w.org\/{rel}","templated":true}]}}