{"id":13795,"date":"2023-09-26T08:10:58","date_gmt":"2023-09-26T06:10:58","guid":{"rendered":"http:\/\/zs.gromnik.pl\/zs\/?p=13795"},"modified":"2023-09-26T08:11:48","modified_gmt":"2023-09-26T06:11:48","slug":"rajd-odblaskowy-w-golance","status":"publish","type":"post","link":"https:\/\/zs.gromnik.pl\/zs\/rajd-odblaskowy-w-golance\/","title":{"rendered":"Rajd Odblaskowy w Golance"},"content":{"rendered":"\t\t<div data-elementor-type=\"wp-post\" data-elementor-id=\"13795\" class=\"elementor elementor-13795\">\n\t\t\t\t\t\t\t\t\t<section class=\"elementor-section elementor-top-section elementor-element elementor-element-8025073 elementor-section-boxed elementor-section-height-default elementor-section-height-default\" data-id=\"8025073\" data-element_type=\"section\">\n\t\t\t\t\t\t<div class=\"elementor-container elementor-column-gap-default\">\n\t\t\t\t\t<div class=\"elementor-column elementor-col-100 elementor-top-column elementor-element elementor-element-28ef0ea\" data-id=\"28ef0ea\" data-element_type=\"column\">\n\t\t\t<div class=\"elementor-widget-wrap elementor-element-populated\">\n\t\t\t\t\t\t\t\t<div class=\"elementor-element elementor-element-2401e51 elementor-widget elementor-widget-text-editor\" data-id=\"2401e51\" data-element_type=\"widget\" data-widget_type=\"text-editor.default\">\n\t\t\t\t<div class=\"elementor-widget-container\">\n\t\t\t\t\t\t\t<p>22 wrze\u015bnia uczniowie Szko\u0142y Filialnej w Golance wzi\u0119li udzia\u0142 w mini Rajdzie Odblaskowym, nawi\u0105zuj\u0105c do akcji X Rajdu Odblaskowego, bo nie licz\u0105 si\u0119 kilometry a serce, kt\u00f3re wk\u0142adasz. Ka\u017cdy ucze\u0144 i przedszkolak do\u0142\u0105czy\u0142 si\u0119 do zbi\u00f3rki, by wesprze\u0107 osoby niepe\u0142nosprawne z naszej Gminy. Rajd promuje bezpieczne poruszanie si\u0119 po drodze oraz ma szczeg\u00f3lny, charytatywny wymiar. Pami\u0119tamy, \u017ce: \u201eCz\u0142owiek jest wielki nie przez to co posiada, ale przez to czym dzieli si\u0119 z innymi\u201d.\u00a0<\/p>\t\t\t\t\t\t<\/div>\n\t\t\t\t<\/div>\n\t\t\t\t\t<\/div>\n\t\t<\/div>\n\t\t\t\t\t\t\t<\/div>\n\t\t<\/section>\n\t\t\t\t<section class=\"elementor-section elementor-top-section elementor-element elementor-element-6f1c129 elementor-section-boxed elementor-section-height-default elementor-section-height-default\" data-id=\"6f1c129\" data-element_type=\"section\">\n\t\t\t\t\t\t<div class=\"elementor-container elementor-column-gap-default\">\n\t\t\t\t\t<div class=\"elementor-column elementor-col-100 elementor-top-column elementor-element elementor-element-033416d\" data-id=\"033416d\" data-element_type=\"column\">\n\t\t\t<div class=\"elementor-widget-wrap elementor-element-populated\">\n\t\t\t\t\t\t\t\t<div class=\"elementor-element elementor-element-546c707 elementor-widget elementor-widget-image-gallery\" data-id=\"546c707\" data-element_type=\"widget\" data-widget_type=\"image-gallery.default\">\n\t\t\t\t<div class=\"elementor-widget-container\">\n\t\t\t\t\t<div class=\"elementor-image-gallery\">\n\t\t\t<div id='gallery-1' class='gallery galleryid-13795 gallery-columns-4 gallery-size-medium'><figure class='gallery-item'>\n\t\t\t<div class='gallery-icon portrait'>\n\t\t\t\t<a data-elementor-open-lightbox=\"yes\" data-elementor-lightbox-slideshow=\"546c707\" data-elementor-lightbox-title=\"20230922_095630\" e-action-hash=\"#elementor-action%3Aaction%3Dlightbox%26settings%3DeyJpZCI6MTM3OTcsInVybCI6Imh0dHBzOlwvXC96cy5ncm9tbmlrLnBsXC96c1wvd3AtY29udGVudFwvdXBsb2Fkc1wvMjAyM1wvMDlcLzIwMjMwOTIyXzA5NTYzMC1zY2FsZWQuanBnIiwic2xpZGVzaG93IjoiNTQ2YzcwNyJ9\" href='https:\/\/zs.gromnik.pl\/zs\/wp-content\/uploads\/2023\/09\/20230922_095630-scaled.jpg'><img width=\"225\" height=\"300\" src=\"https:\/\/zs.gromnik.pl\/zs\/wp-content\/uploads\/2023\/09\/20230922_095630-225x300.jpg\" class=\"attachment-medium size-medium\" alt=\"\" loading=\"lazy\" srcset=\"https:\/\/zs.gromnik.pl\/zs\/wp-content\/uploads\/2023\/09\/20230922_095630-225x300.jpg 225w, https:\/\/zs.gromnik.pl\/zs\/wp-content\/uploads\/2023\/09\/20230922_095630-768x1024.jpg 768w, https:\/\/zs.gromnik.pl\/zs\/wp-content\/uploads\/2023\/09\/20230922_095630-1152x1536.jpg 1152w, https:\/\/zs.gromnik.pl\/zs\/wp-content\/uploads\/2023\/09\/20230922_095630-1536x2048.jpg 1536w, https:\/\/zs.gromnik.pl\/zs\/wp-content\/uploads\/2023\/09\/20230922_095630-1140x1520.jpg 1140w, https:\/\/zs.gromnik.pl\/zs\/wp-content\/uploads\/2023\/09\/20230922_095630-scaled.jpg 1920w\" sizes=\"(max-width: 225px) 100vw, 225px\" \/><\/a>\n\t\t\t<\/div><\/figure><figure class='gallery-item'>\n\t\t\t<div class='gallery-icon landscape'>\n\t\t\t\t<a data-elementor-open-lightbox=\"yes\" data-elementor-lightbox-slideshow=\"546c707\" data-elementor-lightbox-title=\"20230922_095642\" e-action-hash=\"#elementor-action%3Aaction%3Dlightbox%26settings%3DeyJpZCI6MTM3OTgsInVybCI6Imh0dHBzOlwvXC96cy5ncm9tbmlrLnBsXC96c1wvd3AtY29udGVudFwvdXBsb2Fkc1wvMjAyM1wvMDlcLzIwMjMwOTIyXzA5NTY0Mi1zY2FsZWQuanBnIiwic2xpZGVzaG93IjoiNTQ2YzcwNyJ9\" href='https:\/\/zs.gromnik.pl\/zs\/wp-content\/uploads\/2023\/09\/20230922_095642-scaled.jpg'><img width=\"300\" height=\"225\" src=\"https:\/\/zs.gromnik.pl\/zs\/wp-content\/uploads\/2023\/09\/20230922_095642-300x225.jpg\" class=\"attachment-medium size-medium\" alt=\"\" loading=\"lazy\" srcset=\"https:\/\/zs.gromnik.pl\/zs\/wp-content\/uploads\/2023\/09\/20230922_095642-300x225.jpg 300w, https:\/\/zs.gromnik.pl\/zs\/wp-content\/uploads\/2023\/09\/20230922_095642-1024x768.jpg 1024w, https:\/\/zs.gromnik.pl\/zs\/wp-content\/uploads\/2023\/09\/20230922_095642-768x576.jpg 768w, https:\/\/zs.gromnik.pl\/zs\/wp-content\/uploads\/2023\/09\/20230922_095642-1536x1152.jpg 1536w, https:\/\/zs.gromnik.pl\/zs\/wp-content\/uploads\/2023\/09\/20230922_095642-2048x1536.jpg 2048w, https:\/\/zs.gromnik.pl\/zs\/wp-content\/uploads\/2023\/09\/20230922_095642-1140x855.jpg 1140w\" sizes=\"(max-width: 300px) 100vw, 300px\" \/><\/a>\n\t\t\t<\/div><\/figure><figure class='gallery-item'>\n\t\t\t<div class='gallery-icon portrait'>\n\t\t\t\t<a data-elementor-open-lightbox=\"yes\" data-elementor-lightbox-slideshow=\"546c707\" data-elementor-lightbox-title=\"20230922_095821\" e-action-hash=\"#elementor-action%3Aaction%3Dlightbox%26settings%3DeyJpZCI6MTM3OTksInVybCI6Imh0dHBzOlwvXC96cy5ncm9tbmlrLnBsXC96c1wvd3AtY29udGVudFwvdXBsb2Fkc1wvMjAyM1wvMDlcLzIwMjMwOTIyXzA5NTgyMS1zY2FsZWQuanBnIiwic2xpZGVzaG93IjoiNTQ2YzcwNyJ9\" href='https:\/\/zs.gromnik.pl\/zs\/wp-content\/uploads\/2023\/09\/20230922_095821-scaled.jpg'><img width=\"225\" height=\"300\" src=\"https:\/\/zs.gromnik.pl\/zs\/wp-content\/uploads\/2023\/09\/20230922_095821-225x300.jpg\" class=\"attachment-medium size-medium\" alt=\"\" loading=\"lazy\" srcset=\"https:\/\/zs.gromnik.pl\/zs\/wp-content\/uploads\/2023\/09\/20230922_095821-225x300.jpg 225w, https:\/\/zs.gromnik.pl\/zs\/wp-content\/uploads\/2023\/09\/20230922_095821-768x1024.jpg 768w, https:\/\/zs.gromnik.pl\/zs\/wp-content\/uploads\/2023\/09\/20230922_095821-1152x1536.jpg 1152w, https:\/\/zs.gromnik.pl\/zs\/wp-content\/uploads\/2023\/09\/20230922_095821-1536x2048.jpg 1536w, https:\/\/zs.gromnik.pl\/zs\/wp-content\/uploads\/2023\/09\/20230922_095821-1140x1520.jpg 1140w, https:\/\/zs.gromnik.pl\/zs\/wp-content\/uploads\/2023\/09\/20230922_095821-scaled.jpg 1920w\" sizes=\"(max-width: 225px) 100vw, 225px\" \/><\/a>\n\t\t\t<\/div><\/figure><figure class='gallery-item'>\n\t\t\t<div class='gallery-icon portrait'>\n\t\t\t\t<a data-elementor-open-lightbox=\"yes\" data-elementor-lightbox-slideshow=\"546c707\" data-elementor-lightbox-title=\"20230922_100417\" e-action-hash=\"#elementor-action%3Aaction%3Dlightbox%26settings%3DeyJpZCI6MTM4MDAsInVybCI6Imh0dHBzOlwvXC96cy5ncm9tbmlrLnBsXC96c1wvd3AtY29udGVudFwvdXBsb2Fkc1wvMjAyM1wvMDlcLzIwMjMwOTIyXzEwMDQxNy1zY2FsZWQuanBnIiwic2xpZGVzaG93IjoiNTQ2YzcwNyJ9\" href='https:\/\/zs.gromnik.pl\/zs\/wp-content\/uploads\/2023\/09\/20230922_100417-scaled.jpg'><img width=\"225\" height=\"300\" src=\"https:\/\/zs.gromnik.pl\/zs\/wp-content\/uploads\/2023\/09\/20230922_100417-225x300.jpg\" class=\"attachment-medium size-medium\" alt=\"\" loading=\"lazy\" srcset=\"https:\/\/zs.gromnik.pl\/zs\/wp-content\/uploads\/2023\/09\/20230922_100417-225x300.jpg 225w, https:\/\/zs.gromnik.pl\/zs\/wp-content\/uploads\/2023\/09\/20230922_100417-768x1024.jpg 768w, https:\/\/zs.gromnik.pl\/zs\/wp-content\/uploads\/2023\/09\/20230922_100417-1152x1536.jpg 1152w, https:\/\/zs.gromnik.pl\/zs\/wp-content\/uploads\/2023\/09\/20230922_100417-1536x2048.jpg 1536w, https:\/\/zs.gromnik.pl\/zs\/wp-content\/uploads\/2023\/09\/20230922_100417-1140x1520.jpg 1140w, https:\/\/zs.gromnik.pl\/zs\/wp-content\/uploads\/2023\/09\/20230922_100417-scaled.jpg 1920w\" sizes=\"(max-width: 225px) 100vw, 225px\" \/><\/a>\n\t\t\t<\/div><\/figure><figure class='gallery-item'>\n\t\t\t<div class='gallery-icon portrait'>\n\t\t\t\t<a data-elementor-open-lightbox=\"yes\" data-elementor-lightbox-slideshow=\"546c707\" data-elementor-lightbox-title=\"20230922_100519(0)\" e-action-hash=\"#elementor-action%3Aaction%3Dlightbox%26settings%3DeyJpZCI6MTM4MDEsInVybCI6Imh0dHBzOlwvXC96cy5ncm9tbmlrLnBsXC96c1wvd3AtY29udGVudFwvdXBsb2Fkc1wvMjAyM1wvMDlcLzIwMjMwOTIyXzEwMDUxOTAtc2NhbGVkLmpwZyIsInNsaWRlc2hvdyI6IjU0NmM3MDcifQ%3D%3D\" href='https:\/\/zs.gromnik.pl\/zs\/wp-content\/uploads\/2023\/09\/20230922_1005190-scaled.jpg'><img width=\"225\" height=\"300\" src=\"https:\/\/zs.gromnik.pl\/zs\/wp-content\/uploads\/2023\/09\/20230922_1005190-225x300.jpg\" class=\"attachment-medium size-medium\" alt=\"\" loading=\"lazy\" srcset=\"https:\/\/zs.gromnik.pl\/zs\/wp-content\/uploads\/2023\/09\/20230922_1005190-225x300.jpg 225w, https:\/\/zs.gromnik.pl\/zs\/wp-content\/uploads\/2023\/09\/20230922_1005190-768x1024.jpg 768w, https:\/\/zs.gromnik.pl\/zs\/wp-content\/uploads\/2023\/09\/20230922_1005190-1152x1536.jpg 1152w, https:\/\/zs.gromnik.pl\/zs\/wp-content\/uploads\/2023\/09\/20230922_1005190-1536x2048.jpg 1536w, https:\/\/zs.gromnik.pl\/zs\/wp-content\/uploads\/2023\/09\/20230922_1005190-1140x1520.jpg 1140w, https:\/\/zs.gromnik.pl\/zs\/wp-content\/uploads\/2023\/09\/20230922_1005190-scaled.jpg 1920w\" sizes=\"(max-width: 225px) 100vw, 225px\" \/><\/a>\n\t\t\t<\/div><\/figure><figure class='gallery-item'>\n\t\t\t<div class='gallery-icon landscape'>\n\t\t\t\t<a data-elementor-open-lightbox=\"yes\" data-elementor-lightbox-slideshow=\"546c707\" data-elementor-lightbox-title=\"20230922_101139\" e-action-hash=\"#elementor-action%3Aaction%3Dlightbox%26settings%3DeyJpZCI6MTM4MDMsInVybCI6Imh0dHBzOlwvXC96cy5ncm9tbmlrLnBsXC96c1wvd3AtY29udGVudFwvdXBsb2Fkc1wvMjAyM1wvMDlcLzIwMjMwOTIyXzEwMTEzOS1zY2FsZWQuanBnIiwic2xpZGVzaG93IjoiNTQ2YzcwNyJ9\" href='https:\/\/zs.gromnik.pl\/zs\/wp-content\/uploads\/2023\/09\/20230922_101139-scaled.jpg'><img width=\"300\" height=\"225\" src=\"https:\/\/zs.gromnik.pl\/zs\/wp-content\/uploads\/2023\/09\/20230922_101139-300x225.jpg\" class=\"attachment-medium size-medium\" alt=\"\" loading=\"lazy\" srcset=\"https:\/\/zs.gromnik.pl\/zs\/wp-content\/uploads\/2023\/09\/20230922_101139-300x225.jpg 300w, https:\/\/zs.gromnik.pl\/zs\/wp-content\/uploads\/2023\/09\/20230922_101139-1024x768.jpg 1024w, https:\/\/zs.gromnik.pl\/zs\/wp-content\/uploads\/2023\/09\/20230922_101139-768x576.jpg 768w, https:\/\/zs.gromnik.pl\/zs\/wp-content\/uploads\/2023\/09\/20230922_101139-1536x1152.jpg 1536w, https:\/\/zs.gromnik.pl\/zs\/wp-content\/uploads\/2023\/09\/20230922_101139-2048x1536.jpg 2048w, https:\/\/zs.gromnik.pl\/zs\/wp-content\/uploads\/2023\/09\/20230922_101139-1140x855.jpg 1140w\" sizes=\"(max-width: 300px) 100vw, 300px\" \/><\/a>\n\t\t\t<\/div><\/figure><figure class='gallery-item'>\n\t\t\t<div class='gallery-icon landscape'>\n\t\t\t\t<a data-elementor-open-lightbox=\"yes\" data-elementor-lightbox-slideshow=\"546c707\" data-elementor-lightbox-title=\"20230922_101144\" e-action-hash=\"#elementor-action%3Aaction%3Dlightbox%26settings%3DeyJpZCI6MTM4MDQsInVybCI6Imh0dHBzOlwvXC96cy5ncm9tbmlrLnBsXC96c1wvd3AtY29udGVudFwvdXBsb2Fkc1wvMjAyM1wvMDlcLzIwMjMwOTIyXzEwMTE0NC1zY2FsZWQuanBnIiwic2xpZGVzaG93IjoiNTQ2YzcwNyJ9\" href='https:\/\/zs.gromnik.pl\/zs\/wp-content\/uploads\/2023\/09\/20230922_101144-scaled.jpg'><img width=\"300\" height=\"225\" src=\"https:\/\/zs.gromnik.pl\/zs\/wp-content\/uploads\/2023\/09\/20230922_101144-300x225.jpg\" class=\"attachment-medium size-medium\" alt=\"\" loading=\"lazy\" srcset=\"https:\/\/zs.gromnik.pl\/zs\/wp-content\/uploads\/2023\/09\/20230922_101144-300x225.jpg 300w, https:\/\/zs.gromnik.pl\/zs\/wp-content\/uploads\/2023\/09\/20230922_101144-1024x768.jpg 1024w, https:\/\/zs.gromnik.pl\/zs\/wp-content\/uploads\/2023\/09\/20230922_101144-768x576.jpg 768w, https:\/\/zs.gromnik.pl\/zs\/wp-content\/uploads\/2023\/09\/20230922_101144-1536x1152.jpg 1536w, https:\/\/zs.gromnik.pl\/zs\/wp-content\/uploads\/2023\/09\/20230922_101144-2048x1536.jpg 2048w, https:\/\/zs.gromnik.pl\/zs\/wp-content\/uploads\/2023\/09\/20230922_101144-1140x855.jpg 1140w\" sizes=\"(max-width: 300px) 100vw, 300px\" \/><\/a>\n\t\t\t<\/div><\/figure>\n\t\t<\/div>\n\t\t<\/div>\n\t\t\t\t<\/div>\n\t\t\t\t<\/div>\n\t\t\t\t\t<\/div>\n\t\t<\/div>\n\t\t\t\t\t\t\t<\/div>\n\t\t<\/section>\n\t\t\t\t\t\t\t<\/div>\n\t\t","protected":false},"excerpt":{"rendered":"<p>22 wrze\u015bnia uczniowie Szko\u0142y Filialnej w Golance wzi\u0119li udzia\u0142 w mini Rajdzie Odblaskowym, nawi\u0105zuj\u0105c do akcji X Rajdu Odblaskowego, bo nie licz\u0105 si\u0119 kilometry a serce, kt\u00f3re wk\u0142adasz. Ka\u017cdy ucze\u0144 i przedszkolak do\u0142\u0105czy\u0142 si\u0119 do zbi\u00f3rki, by wesprze\u0107 osoby niepe\u0142nosprawne z naszej Gminy. Rajd promuje bezpieczne poruszanie si\u0119 po drodze oraz ma szczeg\u00f3lny, charytatywny wymiar. Pami\u0119tamy, \u017ce: \u201eCz\u0142owiek jest wielki nie przez to co posiada, ale przez to czym dzieli si\u0119 z innymi\u201d.\u00a0<\/p>\n","protected":false},"author":1,"featured_media":13805,"comment_status":"closed","ping_status":"open","sticky":false,"template":"","format":"standard","meta":[],"categories":[3],"tags":[],"yoast_head":"<!-- This site is optimized with the Yoast SEO plugin v19.8 - https:\/\/yoast.com\/wordpress\/plugins\/seo\/ -->\n<title>Rajd Odblaskowy w Golance - Zesp\u00f3\u0142 Szk\u00f3\u0142 w Gromniku<\/title>\n<meta name=\"description\" content=\"Zesp\u00f3\u0142 Szk\u00f3\u0142 w Gromniku\" \/>\n<meta name=\"robots\" content=\"index, follow, max-snippet:-1, max-image-preview:large, max-video-preview:-1\" \/>\n<link rel=\"canonical\" href=\"https:\/\/zs.gromnik.pl\/zs\/rajd-odblaskowy-w-golance\/\" \/>\n<meta property=\"og:locale\" content=\"pl_PL\" \/>\n<meta property=\"og:type\" content=\"article\" \/>\n<meta property=\"og:title\" content=\"Rajd Odblaskowy w Golance - Zesp\u00f3\u0142 Szk\u00f3\u0142 w Gromniku\" \/>\n<meta property=\"og:description\" content=\"Zesp\u00f3\u0142 Szk\u00f3\u0142 w Gromniku\" \/>\n<meta property=\"og:url\" content=\"https:\/\/zs.gromnik.pl\/zs\/rajd-odblaskowy-w-golance\/\" \/>\n<meta property=\"og:site_name\" content=\"Zesp\u00f3\u0142 Szk\u00f3\u0142 w Gromniku\" \/>\n<meta property=\"article:publisher\" content=\"https:\/\/www.facebook.com\/zsgromnik\" \/>\n<meta property=\"article:published_time\" content=\"2023-09-26T06:10:58+00:00\" \/>\n<meta property=\"article:modified_time\" content=\"2023-09-26T06:11:48+00:00\" \/>\n<meta property=\"og:image\" content=\"https:\/\/zs.gromnik.pl\/zs\/wp-content\/uploads\/2023\/09\/20230922_101601.jpg\" \/>\n\t<meta property=\"og:image:width\" content=\"500\" \/>\n\t<meta property=\"og:image:height\" content=\"375\" \/>\n\t<meta property=\"og:image:type\" content=\"image\/jpeg\" \/>\n<meta name=\"author\" content=\"admin\" \/>\n<meta name=\"twitter:card\" content=\"summary_large_image\" \/>\n<meta name=\"twitter:label1\" content=\"Napisane przez\" \/>\n\t<meta name=\"twitter:data1\" content=\"admin\" \/>\n<script type=\"application\/ld+json\" class=\"yoast-schema-graph\">{\"@context\":\"https:\/\/schema.org\",\"@graph\":[{\"@type\":\"WebPage\",\"@id\":\"https:\/\/zs.gromnik.pl\/zs\/rajd-odblaskowy-w-golance\/\",\"url\":\"https:\/\/zs.gromnik.pl\/zs\/rajd-odblaskowy-w-golance\/\",\"name\":\"Rajd Odblaskowy w Golance - Zesp\u00f3\u0142 Szk\u00f3\u0142 w Gromniku\",\"isPartOf\":{\"@id\":\"https:\/\/zs.gromnik.pl\/zs\/#website\"},\"datePublished\":\"2023-09-26T06:10:58+00:00\",\"dateModified\":\"2023-09-26T06:11:48+00:00\",\"author\":{\"@id\":\"https:\/\/zs.gromnik.pl\/zs\/#\/schema\/person\/b197900f67c6133faddc284ae32f97ca\"},\"description\":\"Zesp\u00f3\u0142 Szk\u00f3\u0142 w Gromniku\",\"breadcrumb\":{\"@id\":\"https:\/\/zs.gromnik.pl\/zs\/rajd-odblaskowy-w-golance\/#breadcrumb\"},\"inLanguage\":\"pl-PL\",\"potentialAction\":[{\"@type\":\"ReadAction\",\"target\":[\"https:\/\/zs.gromnik.pl\/zs\/rajd-odblaskowy-w-golance\/\"]}]},{\"@type\":\"BreadcrumbList\",\"@id\":\"https:\/\/zs.gromnik.pl\/zs\/rajd-odblaskowy-w-golance\/#breadcrumb\",\"itemListElement\":[{\"@type\":\"ListItem\",\"position\":1,\"name\":\"Strona g\u0142\u00f3wna\",\"item\":\"https:\/\/zs.gromnik.pl\/zs\/\"},{\"@type\":\"ListItem\",\"position\":2,\"name\":\"Rajd Odblaskowy w Golance\"}]},{\"@type\":\"WebSite\",\"@id\":\"https:\/\/zs.gromnik.pl\/zs\/#website\",\"url\":\"https:\/\/zs.gromnik.pl\/zs\/\",\"name\":\"Zesp\u00f3\u0142 Szk\u00f3\u0142 w Gromniku\",\"description\":\"\",\"potentialAction\":[{\"@type\":\"SearchAction\",\"target\":{\"@type\":\"EntryPoint\",\"urlTemplate\":\"https:\/\/zs.gromnik.pl\/zs\/?s={search_term_string}\"},\"query-input\":\"required name=search_term_string\"}],\"inLanguage\":\"pl-PL\"},{\"@type\":\"Person\",\"@id\":\"https:\/\/zs.gromnik.pl\/zs\/#\/schema\/person\/b197900f67c6133faddc284ae32f97ca\",\"name\":\"admin\",\"image\":{\"@type\":\"ImageObject\",\"inLanguage\":\"pl-PL\",\"@id\":\"https:\/\/zs.gromnik.pl\/zs\/#\/schema\/person\/image\/\",\"url\":\"https:\/\/secure.gravatar.com\/avatar\/f8a2f876dbcc8c8edd809a8ca77a2abe?s=96&d=mm&r=g\",\"contentUrl\":\"https:\/\/secure.gravatar.com\/avatar\/f8a2f876dbcc8c8edd809a8ca77a2abe?s=96&d=mm&r=g\",\"caption\":\"admin\"},\"url\":\"https:\/\/zs.gromnik.pl\/zs\/author\/admin\/\"}]}<\/script>\n<!-- \/ Yoast SEO plugin. -->","yoast_head_json":{"title":"Rajd Odblaskowy w Golance - Zesp\u00f3\u0142 Szk\u00f3\u0142 w Gromniku","description":"Zesp\u00f3\u0142 Szk\u00f3\u0142 w Gromniku","robots":{"index":"index","follow":"follow","max-snippet":"max-snippet:-1","max-image-preview":"max-image-preview:large","max-video-preview":"max-video-preview:-1"},"canonical":"https:\/\/zs.gromnik.pl\/zs\/rajd-odblaskowy-w-golance\/","og_locale":"pl_PL","og_type":"article","og_title":"Rajd Odblaskowy w Golance - Zesp\u00f3\u0142 Szk\u00f3\u0142 w Gromniku","og_description":"Zesp\u00f3\u0142 Szk\u00f3\u0142 w Gromniku","og_url":"https:\/\/zs.gromnik.pl\/zs\/rajd-odblaskowy-w-golance\/","og_site_name":"Zesp\u00f3\u0142 Szk\u00f3\u0142 w Gromniku","article_publisher":"https:\/\/www.facebook.com\/zsgromnik","article_published_time":"2023-09-26T06:10:58+00:00","article_modified_time":"2023-09-26T06:11:48+00:00","og_image":[{"width":500,"height":375,"url":"https:\/\/zs.gromnik.pl\/zs\/wp-content\/uploads\/2023\/09\/20230922_101601.jpg","type":"image\/jpeg"}],"author":"admin","twitter_card":"summary_large_image","twitter_misc":{"Napisane przez":"admin"},"schema":{"@context":"https:\/\/schema.org","@graph":[{"@type":"WebPage","@id":"https:\/\/zs.gromnik.pl\/zs\/rajd-odblaskowy-w-golance\/","url":"https:\/\/zs.gromnik.pl\/zs\/rajd-odblaskowy-w-golance\/","name":"Rajd Odblaskowy w Golance - Zesp\u00f3\u0142 Szk\u00f3\u0142 w Gromniku","isPartOf":{"@id":"https:\/\/zs.gromnik.pl\/zs\/#website"},"datePublished":"2023-09-26T06:10:58+00:00","dateModified":"2023-09-26T06:11:48+00:00","author":{"@id":"https:\/\/zs.gromnik.pl\/zs\/#\/schema\/person\/b197900f67c6133faddc284ae32f97ca"},"description":"Zesp\u00f3\u0142 Szk\u00f3\u0142 w Gromniku","breadcrumb":{"@id":"https:\/\/zs.gromnik.pl\/zs\/rajd-odblaskowy-w-golance\/#breadcrumb"},"inLanguage":"pl-PL","potentialAction":[{"@type":"ReadAction","target":["https:\/\/zs.gromnik.pl\/zs\/rajd-odblaskowy-w-golance\/"]}]},{"@type":"BreadcrumbList","@id":"https:\/\/zs.gromnik.pl\/zs\/rajd-odblaskowy-w-golance\/#breadcrumb","itemListElement":[{"@type":"ListItem","position":1,"name":"Strona g\u0142\u00f3wna","item":"https:\/\/zs.gromnik.pl\/zs\/"},{"@type":"ListItem","position":2,"name":"Rajd Odblaskowy w Golance"}]},{"@type":"WebSite","@id":"https:\/\/zs.gromnik.pl\/zs\/#website","url":"https:\/\/zs.gromnik.pl\/zs\/","name":"Zesp\u00f3\u0142 Szk\u00f3\u0142 w Gromniku","description":"","potentialAction":[{"@type":"SearchAction","target":{"@type":"EntryPoint","urlTemplate":"https:\/\/zs.gromnik.pl\/zs\/?s={search_term_string}"},"query-input":"required name=search_term_string"}],"inLanguage":"pl-PL"},{"@type":"Person","@id":"https:\/\/zs.gromnik.pl\/zs\/#\/schema\/person\/b197900f67c6133faddc284ae32f97ca","name":"admin","image":{"@type":"ImageObject","inLanguage":"pl-PL","@id":"https:\/\/zs.gromnik.pl\/zs\/#\/schema\/person\/image\/","url":"https:\/\/secure.gravatar.com\/avatar\/f8a2f876dbcc8c8edd809a8ca77a2abe?s=96&d=mm&r=g","contentUrl":"https:\/\/secure.gravatar.com\/avatar\/f8a2f876dbcc8c8edd809a8ca77a2abe?s=96&d=mm&r=g","caption":"admin"},"url":"https:\/\/zs.gromnik.pl\/zs\/author\/admin\/"}]}},"_links":{"self":[{"href":"https:\/\/zs.gromnik.pl\/zs\/wp-json\/wp\/v2\/posts\/13795"}],"collection":[{"href":"https:\/\/zs.gromnik.pl\/zs\/wp-json\/wp\/v2\/posts"}],"about":[{"href":"https:\/\/zs.gromnik.pl\/zs\/wp-json\/wp\/v2\/types\/post"}],"author":[{"embeddable":true,"href":"https:\/\/zs.gromnik.pl\/zs\/wp-json\/wp\/v2\/users\/1"}],"replies":[{"embeddable":true,"href":"https:\/\/zs.gromnik.pl\/zs\/wp-json\/wp\/v2\/comments?post=13795"}],"version-history":[{"count":5,"href":"https:\/\/zs.gromnik.pl\/zs\/wp-json\/wp\/v2\/posts\/13795\/revisions"}],"predecessor-version":[{"id":13808,"href":"https:\/\/zs.gromnik.pl\/zs\/wp-json\/wp\/v2\/posts\/13795\/revisions\/13808"}],"wp:featuredmedia":[{"embeddable":true,"href":"https:\/\/zs.gromnik.pl\/zs\/wp-json\/wp\/v2\/media\/13805"}],"wp:attachment":[{"href":"https:\/\/zs.gromnik.pl\/zs\/wp-json\/wp\/v2\/media?parent=13795"}],"wp:term":[{"taxonomy":"category","embeddable":true,"href":"https:\/\/zs.gromnik.pl\/zs\/wp-json\/wp\/v2\/categories?post=13795"},{"taxonomy":"post_tag","embeddable":true,"href":"https:\/\/zs.gromnik.pl\/zs\/wp-json\/wp\/v2\/tags?post=13795"}],"curies":[{"name":"wp","href":"https:\/\/api.w.org\/{rel}","templated":true}]}}