{"id":15182,"date":"2024-03-08T07:58:27","date_gmt":"2024-03-08T06:58:27","guid":{"rendered":"http:\/\/zs.gromnik.pl\/zs\/?p=15182"},"modified":"2024-03-08T07:58:29","modified_gmt":"2024-03-08T06:58:29","slug":"informacja-dla-rodzicow-dzieci-zakwalifikowanych-do-przedszkola-w-gromniku-i-oddzialu-przedszkolnego-w-polichtach-na-rok-szk-2024-25","status":"publish","type":"post","link":"https:\/\/zs.gromnik.pl\/zs\/informacja-dla-rodzicow-dzieci-zakwalifikowanych-do-przedszkola-w-gromniku-i-oddzialu-przedszkolnego-w-polichtach-na-rok-szk-2024-25\/","title":{"rendered":"INFORMACJA DLA RODZIC\u00d3W DZIECI ZAKWALIFIKOWANYCH DO PRZEDSZKOLA W GROMNIKU I ODDZIA\u0141U PRZEDSZKOLNEGO W POLICHTACH  NA ROK SZK. 2024\/25"},"content":{"rendered":"\n<p>Rodzice dzieci zakwalifikowanych do przedszkola i oddzia\u0142u przedszkolnego na rok szkolny 2024\/25 zobowi\u0105zani s\u0105 do \u201e<strong><em>Potwierdzenia woli przyj\u0119cia dziecka do przedszkola\u201d <\/em><\/strong>w formie pisemnej w terminie od 11 do 22 marca 2023r.&nbsp; <strong>Brak potwierdzenia woli w w\/w terminie jest jednoznaczne z rezygnacj\u0105 miejsca w przedszkolu na rok szk. 2024\/25<\/strong><\/p>\n\n\n\n<p>Druk <strong><em>potwierdzenia woli<\/em><\/strong> dost\u0119pny jest w sekretariacie szko\u0142y oraz na stronie <a href=\"http:\/\/zs.gromnik.pl\/\" target=\"_blank\" rel=\"noreferrer noopener\"><em>zs.gromnik.pl<\/em><\/a>, wype\u0142niony dokument nale\u017cy z\u0142o\u017cy\u0107 w sekretariacie szko\u0142y.<\/p>\n\n\n\n<p>Lista dzieci zakwalifikowanych i nie zakwalifikowanych nie jest jednoznaczna z list\u0105 dzieci przyj\u0119tych i nieprzyj\u0119tych.<\/p>\n\n\n\n<p>Lista dzieci przyj\u0119tych i nieprzyj\u0119tych zostanie wywieszona do 26 marca 2024 r.<\/p>\n\n\n\n<div class=\"wp-block-file\"><a id=\"wp-block-file--media-8429946f-8e75-4399-8163-12e6dd4230ce\" href=\"http:\/\/zs.gromnik.pl\/zs\/wp-content\/uploads\/2024\/03\/potwierdzenie-woli-druk.pdf\" target=\"_blank\" rel=\"noreferrer noopener\">potwierdzenie woli druk<\/a><\/div>\n","protected":false},"excerpt":{"rendered":"<p>Rodzice dzieci zakwalifikowanych do przedszkola i oddzia\u0142u przedszkolnego na rok szkolny 2024\/25 zobowi\u0105zani s\u0105 do \u201ePotwierdzenia woli przyj\u0119cia dziecka do przedszkola\u201d w formie pisemnej w terminie od 11 do 22 marca 2023r.&nbsp; Brak potwierdzenia woli w w\/w terminie jest jednoznaczne z rezygnacj\u0105 miejsca w przedszkolu na rok szk. 2024\/25 Druk potwierdzenia woli dost\u0119pny jest w sekretariacie szko\u0142y oraz na stronie zs.gromnik.pl, wype\u0142niony dokument nale\u017cy z\u0142o\u017cy\u0107 w sekretariacie szko\u0142y. Lista dzieci zakwalifikowanych i nie zakwalifikowanych nie jest jednoznaczna z list\u0105 dzieci przyj\u0119tych i nieprzyj\u0119tych. Lista dzieci przyj\u0119tych i nieprzyj\u0119tych zostanie wywieszona do 26 marca 2024 r.<\/p>\n","protected":false},"author":1,"featured_media":15184,"comment_status":"closed","ping_status":"open","sticky":false,"template":"","format":"standard","meta":[],"categories":[3],"tags":[],"yoast_head":"<!-- This site is optimized with the Yoast SEO plugin v19.8 - https:\/\/yoast.com\/wordpress\/plugins\/seo\/ -->\n<title>INFORMACJA DLA RODZIC\u00d3W DZIECI ZAKWALIFIKOWANYCH DO PRZEDSZKOLA W GROMNIKU I ODDZIA\u0141U PRZEDSZKOLNEGO W POLICHTACH NA ROK SZK. 2024\/25 - Zesp\u00f3\u0142 Szk\u00f3\u0142 w Gromniku<\/title>\n<meta name=\"description\" content=\"Zesp\u00f3\u0142 Szk\u00f3\u0142 w Gromniku\" \/>\n<meta name=\"robots\" content=\"index, follow, max-snippet:-1, max-image-preview:large, max-video-preview:-1\" \/>\n<link rel=\"canonical\" href=\"https:\/\/zs.gromnik.pl\/zs\/informacja-dla-rodzicow-dzieci-zakwalifikowanych-do-przedszkola-w-gromniku-i-oddzialu-przedszkolnego-w-polichtach-na-rok-szk-2024-25\/\" \/>\n<meta property=\"og:locale\" content=\"pl_PL\" \/>\n<meta property=\"og:type\" content=\"article\" \/>\n<meta property=\"og:title\" content=\"INFORMACJA DLA RODZIC\u00d3W DZIECI ZAKWALIFIKOWANYCH DO PRZEDSZKOLA W GROMNIKU I ODDZIA\u0141U PRZEDSZKOLNEGO W POLICHTACH NA ROK SZK. 2024\/25 - Zesp\u00f3\u0142 Szk\u00f3\u0142 w Gromniku\" \/>\n<meta property=\"og:description\" content=\"Zesp\u00f3\u0142 Szk\u00f3\u0142 w Gromniku\" \/>\n<meta property=\"og:url\" content=\"https:\/\/zs.gromnik.pl\/zs\/informacja-dla-rodzicow-dzieci-zakwalifikowanych-do-przedszkola-w-gromniku-i-oddzialu-przedszkolnego-w-polichtach-na-rok-szk-2024-25\/\" \/>\n<meta property=\"og:site_name\" content=\"Zesp\u00f3\u0142 Szk\u00f3\u0142 w Gromniku\" \/>\n<meta property=\"article:publisher\" content=\"https:\/\/www.facebook.com\/zsgromnik\" \/>\n<meta property=\"article:published_time\" content=\"2024-03-08T06:58:27+00:00\" \/>\n<meta property=\"article:modified_time\" content=\"2024-03-08T06:58:29+00:00\" \/>\n<meta property=\"og:image\" content=\"https:\/\/zs.gromnik.pl\/zs\/wp-content\/uploads\/2024\/03\/pp46_main_1200-800-1024x709-2.jpg\" \/>\n\t<meta property=\"og:image:width\" content=\"500\" \/>\n\t<meta property=\"og:image:height\" content=\"346\" \/>\n\t<meta property=\"og:image:type\" content=\"image\/jpeg\" \/>\n<meta name=\"author\" content=\"admin\" \/>\n<meta name=\"twitter:card\" content=\"summary_large_image\" \/>\n<meta name=\"twitter:label1\" content=\"Napisane przez\" \/>\n\t<meta name=\"twitter:data1\" content=\"admin\" \/>\n\t<meta name=\"twitter:label2\" content=\"Szacowany czas czytania\" \/>\n\t<meta name=\"twitter:data2\" content=\"1 minuta\" \/>\n<script type=\"application\/ld+json\" class=\"yoast-schema-graph\">{\"@context\":\"https:\/\/schema.org\",\"@graph\":[{\"@type\":\"WebPage\",\"@id\":\"https:\/\/zs.gromnik.pl\/zs\/informacja-dla-rodzicow-dzieci-zakwalifikowanych-do-przedszkola-w-gromniku-i-oddzialu-przedszkolnego-w-polichtach-na-rok-szk-2024-25\/\",\"url\":\"https:\/\/zs.gromnik.pl\/zs\/informacja-dla-rodzicow-dzieci-zakwalifikowanych-do-przedszkola-w-gromniku-i-oddzialu-przedszkolnego-w-polichtach-na-rok-szk-2024-25\/\",\"name\":\"INFORMACJA DLA RODZIC\u00d3W DZIECI ZAKWALIFIKOWANYCH DO PRZEDSZKOLA W GROMNIKU I ODDZIA\u0141U PRZEDSZKOLNEGO W POLICHTACH NA ROK SZK. 2024\/25 - Zesp\u00f3\u0142 Szk\u00f3\u0142 w Gromniku\",\"isPartOf\":{\"@id\":\"https:\/\/zs.gromnik.pl\/zs\/#website\"},\"datePublished\":\"2024-03-08T06:58:27+00:00\",\"dateModified\":\"2024-03-08T06:58:29+00:00\",\"author\":{\"@id\":\"https:\/\/zs.gromnik.pl\/zs\/#\/schema\/person\/b197900f67c6133faddc284ae32f97ca\"},\"description\":\"Zesp\u00f3\u0142 Szk\u00f3\u0142 w Gromniku\",\"breadcrumb\":{\"@id\":\"https:\/\/zs.gromnik.pl\/zs\/informacja-dla-rodzicow-dzieci-zakwalifikowanych-do-przedszkola-w-gromniku-i-oddzialu-przedszkolnego-w-polichtach-na-rok-szk-2024-25\/#breadcrumb\"},\"inLanguage\":\"pl-PL\",\"potentialAction\":[{\"@type\":\"ReadAction\",\"target\":[\"https:\/\/zs.gromnik.pl\/zs\/informacja-dla-rodzicow-dzieci-zakwalifikowanych-do-przedszkola-w-gromniku-i-oddzialu-przedszkolnego-w-polichtach-na-rok-szk-2024-25\/\"]}]},{\"@type\":\"BreadcrumbList\",\"@id\":\"https:\/\/zs.gromnik.pl\/zs\/informacja-dla-rodzicow-dzieci-zakwalifikowanych-do-przedszkola-w-gromniku-i-oddzialu-przedszkolnego-w-polichtach-na-rok-szk-2024-25\/#breadcrumb\",\"itemListElement\":[{\"@type\":\"ListItem\",\"position\":1,\"name\":\"Strona g\u0142\u00f3wna\",\"item\":\"https:\/\/zs.gromnik.pl\/zs\/\"},{\"@type\":\"ListItem\",\"position\":2,\"name\":\"INFORMACJA DLA RODZIC\u00d3W DZIECI ZAKWALIFIKOWANYCH DO PRZEDSZKOLA W GROMNIKU I ODDZIA\u0141U PRZEDSZKOLNEGO W POLICHTACH NA ROK SZK. 2024\/25\"}]},{\"@type\":\"WebSite\",\"@id\":\"https:\/\/zs.gromnik.pl\/zs\/#website\",\"url\":\"https:\/\/zs.gromnik.pl\/zs\/\",\"name\":\"Zesp\u00f3\u0142 Szk\u00f3\u0142 w Gromniku\",\"description\":\"\",\"potentialAction\":[{\"@type\":\"SearchAction\",\"target\":{\"@type\":\"EntryPoint\",\"urlTemplate\":\"https:\/\/zs.gromnik.pl\/zs\/?s={search_term_string}\"},\"query-input\":\"required name=search_term_string\"}],\"inLanguage\":\"pl-PL\"},{\"@type\":\"Person\",\"@id\":\"https:\/\/zs.gromnik.pl\/zs\/#\/schema\/person\/b197900f67c6133faddc284ae32f97ca\",\"name\":\"admin\",\"image\":{\"@type\":\"ImageObject\",\"inLanguage\":\"pl-PL\",\"@id\":\"https:\/\/zs.gromnik.pl\/zs\/#\/schema\/person\/image\/\",\"url\":\"https:\/\/secure.gravatar.com\/avatar\/f8a2f876dbcc8c8edd809a8ca77a2abe?s=96&d=mm&r=g\",\"contentUrl\":\"https:\/\/secure.gravatar.com\/avatar\/f8a2f876dbcc8c8edd809a8ca77a2abe?s=96&d=mm&r=g\",\"caption\":\"admin\"},\"url\":\"https:\/\/zs.gromnik.pl\/zs\/author\/admin\/\"}]}<\/script>\n<!-- \/ Yoast SEO plugin. -->","yoast_head_json":{"title":"INFORMACJA DLA RODZIC\u00d3W DZIECI ZAKWALIFIKOWANYCH DO PRZEDSZKOLA W GROMNIKU I ODDZIA\u0141U PRZEDSZKOLNEGO W POLICHTACH NA ROK SZK. 2024\/25 - Zesp\u00f3\u0142 Szk\u00f3\u0142 w Gromniku","description":"Zesp\u00f3\u0142 Szk\u00f3\u0142 w Gromniku","robots":{"index":"index","follow":"follow","max-snippet":"max-snippet:-1","max-image-preview":"max-image-preview:large","max-video-preview":"max-video-preview:-1"},"canonical":"https:\/\/zs.gromnik.pl\/zs\/informacja-dla-rodzicow-dzieci-zakwalifikowanych-do-przedszkola-w-gromniku-i-oddzialu-przedszkolnego-w-polichtach-na-rok-szk-2024-25\/","og_locale":"pl_PL","og_type":"article","og_title":"INFORMACJA DLA RODZIC\u00d3W DZIECI ZAKWALIFIKOWANYCH DO PRZEDSZKOLA W GROMNIKU I ODDZIA\u0141U PRZEDSZKOLNEGO W POLICHTACH NA ROK SZK. 2024\/25 - Zesp\u00f3\u0142 Szk\u00f3\u0142 w Gromniku","og_description":"Zesp\u00f3\u0142 Szk\u00f3\u0142 w Gromniku","og_url":"https:\/\/zs.gromnik.pl\/zs\/informacja-dla-rodzicow-dzieci-zakwalifikowanych-do-przedszkola-w-gromniku-i-oddzialu-przedszkolnego-w-polichtach-na-rok-szk-2024-25\/","og_site_name":"Zesp\u00f3\u0142 Szk\u00f3\u0142 w Gromniku","article_publisher":"https:\/\/www.facebook.com\/zsgromnik","article_published_time":"2024-03-08T06:58:27+00:00","article_modified_time":"2024-03-08T06:58:29+00:00","og_image":[{"width":500,"height":346,"url":"https:\/\/zs.gromnik.pl\/zs\/wp-content\/uploads\/2024\/03\/pp46_main_1200-800-1024x709-2.jpg","type":"image\/jpeg"}],"author":"admin","twitter_card":"summary_large_image","twitter_misc":{"Napisane przez":"admin","Szacowany czas czytania":"1 minuta"},"schema":{"@context":"https:\/\/schema.org","@graph":[{"@type":"WebPage","@id":"https:\/\/zs.gromnik.pl\/zs\/informacja-dla-rodzicow-dzieci-zakwalifikowanych-do-przedszkola-w-gromniku-i-oddzialu-przedszkolnego-w-polichtach-na-rok-szk-2024-25\/","url":"https:\/\/zs.gromnik.pl\/zs\/informacja-dla-rodzicow-dzieci-zakwalifikowanych-do-przedszkola-w-gromniku-i-oddzialu-przedszkolnego-w-polichtach-na-rok-szk-2024-25\/","name":"INFORMACJA DLA RODZIC\u00d3W DZIECI ZAKWALIFIKOWANYCH DO PRZEDSZKOLA W GROMNIKU I ODDZIA\u0141U PRZEDSZKOLNEGO W POLICHTACH NA ROK SZK. 2024\/25 - Zesp\u00f3\u0142 Szk\u00f3\u0142 w Gromniku","isPartOf":{"@id":"https:\/\/zs.gromnik.pl\/zs\/#website"},"datePublished":"2024-03-08T06:58:27+00:00","dateModified":"2024-03-08T06:58:29+00:00","author":{"@id":"https:\/\/zs.gromnik.pl\/zs\/#\/schema\/person\/b197900f67c6133faddc284ae32f97ca"},"description":"Zesp\u00f3\u0142 Szk\u00f3\u0142 w Gromniku","breadcrumb":{"@id":"https:\/\/zs.gromnik.pl\/zs\/informacja-dla-rodzicow-dzieci-zakwalifikowanych-do-przedszkola-w-gromniku-i-oddzialu-przedszkolnego-w-polichtach-na-rok-szk-2024-25\/#breadcrumb"},"inLanguage":"pl-PL","potentialAction":[{"@type":"ReadAction","target":["https:\/\/zs.gromnik.pl\/zs\/informacja-dla-rodzicow-dzieci-zakwalifikowanych-do-przedszkola-w-gromniku-i-oddzialu-przedszkolnego-w-polichtach-na-rok-szk-2024-25\/"]}]},{"@type":"BreadcrumbList","@id":"https:\/\/zs.gromnik.pl\/zs\/informacja-dla-rodzicow-dzieci-zakwalifikowanych-do-przedszkola-w-gromniku-i-oddzialu-przedszkolnego-w-polichtach-na-rok-szk-2024-25\/#breadcrumb","itemListElement":[{"@type":"ListItem","position":1,"name":"Strona g\u0142\u00f3wna","item":"https:\/\/zs.gromnik.pl\/zs\/"},{"@type":"ListItem","position":2,"name":"INFORMACJA DLA RODZIC\u00d3W DZIECI ZAKWALIFIKOWANYCH DO PRZEDSZKOLA W GROMNIKU I ODDZIA\u0141U PRZEDSZKOLNEGO W POLICHTACH NA ROK SZK. 2024\/25"}]},{"@type":"WebSite","@id":"https:\/\/zs.gromnik.pl\/zs\/#website","url":"https:\/\/zs.gromnik.pl\/zs\/","name":"Zesp\u00f3\u0142 Szk\u00f3\u0142 w Gromniku","description":"","potentialAction":[{"@type":"SearchAction","target":{"@type":"EntryPoint","urlTemplate":"https:\/\/zs.gromnik.pl\/zs\/?s={search_term_string}"},"query-input":"required name=search_term_string"}],"inLanguage":"pl-PL"},{"@type":"Person","@id":"https:\/\/zs.gromnik.pl\/zs\/#\/schema\/person\/b197900f67c6133faddc284ae32f97ca","name":"admin","image":{"@type":"ImageObject","inLanguage":"pl-PL","@id":"https:\/\/zs.gromnik.pl\/zs\/#\/schema\/person\/image\/","url":"https:\/\/secure.gravatar.com\/avatar\/f8a2f876dbcc8c8edd809a8ca77a2abe?s=96&d=mm&r=g","contentUrl":"https:\/\/secure.gravatar.com\/avatar\/f8a2f876dbcc8c8edd809a8ca77a2abe?s=96&d=mm&r=g","caption":"admin"},"url":"https:\/\/zs.gromnik.pl\/zs\/author\/admin\/"}]}},"_links":{"self":[{"href":"https:\/\/zs.gromnik.pl\/zs\/wp-json\/wp\/v2\/posts\/15182"}],"collection":[{"href":"https:\/\/zs.gromnik.pl\/zs\/wp-json\/wp\/v2\/posts"}],"about":[{"href":"https:\/\/zs.gromnik.pl\/zs\/wp-json\/wp\/v2\/types\/post"}],"author":[{"embeddable":true,"href":"https:\/\/zs.gromnik.pl\/zs\/wp-json\/wp\/v2\/users\/1"}],"replies":[{"embeddable":true,"href":"https:\/\/zs.gromnik.pl\/zs\/wp-json\/wp\/v2\/comments?post=15182"}],"version-history":[{"count":1,"href":"https:\/\/zs.gromnik.pl\/zs\/wp-json\/wp\/v2\/posts\/15182\/revisions"}],"predecessor-version":[{"id":15185,"href":"https:\/\/zs.gromnik.pl\/zs\/wp-json\/wp\/v2\/posts\/15182\/revisions\/15185"}],"wp:featuredmedia":[{"embeddable":true,"href":"https:\/\/zs.gromnik.pl\/zs\/wp-json\/wp\/v2\/media\/15184"}],"wp:attachment":[{"href":"https:\/\/zs.gromnik.pl\/zs\/wp-json\/wp\/v2\/media?parent=15182"}],"wp:term":[{"taxonomy":"category","embeddable":true,"href":"https:\/\/zs.gromnik.pl\/zs\/wp-json\/wp\/v2\/categories?post=15182"},{"taxonomy":"post_tag","embeddable":true,"href":"https:\/\/zs.gromnik.pl\/zs\/wp-json\/wp\/v2\/tags?post=15182"}],"curies":[{"name":"wp","href":"https:\/\/api.w.org\/{rel}","templated":true}]}}