{"id":15205,"date":"2024-03-15T08:54:15","date_gmt":"2024-03-15T07:54:15","guid":{"rendered":"http:\/\/zs.gromnik.pl\/zs\/?p=15205"},"modified":"2024-03-15T08:54:17","modified_gmt":"2024-03-15T07:54:17","slug":"informacja-dla-rodzicow-dzieci-zakwalifikowanych-do-klas-i-szkoly-podstawowej-w-zespole-szkol-w-gromniku-na-rok-szkolny-2024-2025","status":"publish","type":"post","link":"https:\/\/zs.gromnik.pl\/zs\/informacja-dla-rodzicow-dzieci-zakwalifikowanych-do-klas-i-szkoly-podstawowej-w-zespole-szkol-w-gromniku-na-rok-szkolny-2024-2025\/","title":{"rendered":"INFORMACJA DLA RODZIC\u00d3W DZIECI ZAKWALIFIKOWANYCH DO KLAS I SZKO\u0141Y PODSTAWOWEJ W ZESPOLE SZK\u00d3\u0141 W GROMNIKU NA ROK SZKOLNY 2024\/2025"},"content":{"rendered":"\n<p>Rodzice dzieci zakwalifikowanych do klas I Szko\u0142y Podstawowej na rok szkolny 2024\/2025 zobowi\u0105zani s\u0105 do \u201ePotwierdzenia woli przyj\u0119cia dziecka do klasy I Szko\u0142y Podstawowej\u201d w formie pisemnej w terminie od 18 marca do 3 kwietnia 2024r. Brak potwierdzenia woli w w\/w terminie jest jednoznaczne z rezygnacj\u0105 z przyj\u0119cia ucznia do klasy I Szko\u0142y Podstawowej na rok szkolny 2024\/2025. Prosimy r\u00f3wnie\u017c o z\u0142o\u017cenie \u201eO\u015bwiadczenia wyra\u017cenia woli uczestnictwa dziecka w zaj\u0119ciach religii\u201d. Druki dost\u0119pne s\u0105 w sekretariacie szko\u0142y oraz na stronie zs.gromnik.pl. Wype\u0142nione dokumenty nale\u017cy z\u0142o\u017cy\u0107 w sekretariacie szko\u0142y.<\/p>\n\n\n\n<div class=\"wp-block-file\"><a id=\"wp-block-file--media-11141934-969c-4284-a6a4-5b33f799eb5c\" href=\"http:\/\/zs.gromnik.pl\/zs\/wp-content\/uploads\/2024\/03\/Potwierdzenie-woli-klasa-I.pdf\" target=\"_blank\" rel=\"noreferrer noopener\">Potwierdzenie-klasa I<\/a><\/div>\n\n\n\n<div class=\"wp-block-file\"><a id=\"wp-block-file--media-d66f03e1-90b8-4144-b902-ecb2bdfa19fc\" href=\"http:\/\/zs.gromnik.pl\/zs\/wp-content\/uploads\/2024\/03\/Oswiadczenie-religia.pdf\" target=\"_blank\" rel=\"noreferrer noopener\">O\u015bwiadczenie &#8211; religia<\/a><\/div>\n","protected":false},"excerpt":{"rendered":"<p>Rodzice dzieci zakwalifikowanych do klas I Szko\u0142y Podstawowej na rok szkolny 2024\/2025 zobowi\u0105zani s\u0105 do \u201ePotwierdzenia woli przyj\u0119cia dziecka do klasy I Szko\u0142y Podstawowej\u201d w formie pisemnej w terminie od 18 marca do 3 kwietnia 2024r. Brak potwierdzenia woli w w\/w terminie jest jednoznaczne z rezygnacj\u0105 z przyj\u0119cia ucznia do klasy I Szko\u0142y Podstawowej na rok szkolny 2024\/2025. Prosimy r\u00f3wnie\u017c o z\u0142o\u017cenie \u201eO\u015bwiadczenia wyra\u017cenia woli uczestnictwa dziecka w zaj\u0119ciach religii\u201d. Druki dost\u0119pne s\u0105 w sekretariacie szko\u0142y oraz na stronie zs.gromnik.pl. Wype\u0142nione dokumenty nale\u017cy z\u0142o\u017cy\u0107 w sekretariacie szko\u0142y.<\/p>\n","protected":false},"author":1,"featured_media":15208,"comment_status":"closed","ping_status":"open","sticky":false,"template":"","format":"standard","meta":[],"categories":[3],"tags":[],"yoast_head":"<!-- This site is optimized with the Yoast SEO plugin v19.8 - https:\/\/yoast.com\/wordpress\/plugins\/seo\/ -->\n<title>INFORMACJA DLA RODZIC\u00d3W DZIECI ZAKWALIFIKOWANYCH DO KLAS I SZKO\u0141Y PODSTAWOWEJ W ZESPOLE SZK\u00d3\u0141 W GROMNIKU NA ROK SZKOLNY 2024\/2025 - Zesp\u00f3\u0142 Szk\u00f3\u0142 w Gromniku<\/title>\n<meta name=\"description\" content=\"Zesp\u00f3\u0142 Szk\u00f3\u0142 w Gromniku\" \/>\n<meta name=\"robots\" content=\"index, follow, max-snippet:-1, max-image-preview:large, max-video-preview:-1\" \/>\n<link rel=\"canonical\" href=\"http:\/\/zs.gromnik.pl\/zs\/informacja-dla-rodzicow-dzieci-zakwalifikowanych-do-klas-i-szkoly-podstawowej-w-zespole-szkol-w-gromniku-na-rok-szkolny-2024-2025\/\" \/>\n<meta property=\"og:locale\" content=\"pl_PL\" \/>\n<meta property=\"og:type\" content=\"article\" \/>\n<meta property=\"og:title\" content=\"INFORMACJA DLA RODZIC\u00d3W DZIECI ZAKWALIFIKOWANYCH DO KLAS I SZKO\u0141Y PODSTAWOWEJ W ZESPOLE SZK\u00d3\u0141 W GROMNIKU NA ROK SZKOLNY 2024\/2025 - Zesp\u00f3\u0142 Szk\u00f3\u0142 w Gromniku\" \/>\n<meta property=\"og:description\" content=\"Zesp\u00f3\u0142 Szk\u00f3\u0142 w Gromniku\" \/>\n<meta property=\"og:url\" content=\"http:\/\/zs.gromnik.pl\/zs\/informacja-dla-rodzicow-dzieci-zakwalifikowanych-do-klas-i-szkoly-podstawowej-w-zespole-szkol-w-gromniku-na-rok-szkolny-2024-2025\/\" \/>\n<meta property=\"og:site_name\" content=\"Zesp\u00f3\u0142 Szk\u00f3\u0142 w Gromniku\" \/>\n<meta property=\"article:publisher\" content=\"https:\/\/www.facebook.com\/zsgromnik\" \/>\n<meta property=\"article:published_time\" content=\"2024-03-15T07:54:15+00:00\" \/>\n<meta property=\"article:modified_time\" content=\"2024-03-15T07:54:17+00:00\" \/>\n<meta property=\"og:image\" content=\"http:\/\/zs.gromnik.pl\/zs\/wp-content\/uploads\/2024\/03\/klasa1.jpg\" \/>\n\t<meta property=\"og:image:width\" content=\"500\" \/>\n\t<meta property=\"og:image:height\" content=\"353\" \/>\n\t<meta property=\"og:image:type\" content=\"image\/jpeg\" \/>\n<meta name=\"author\" content=\"admin\" \/>\n<meta name=\"twitter:card\" content=\"summary_large_image\" \/>\n<meta name=\"twitter:label1\" content=\"Napisane przez\" \/>\n\t<meta name=\"twitter:data1\" content=\"admin\" \/>\n\t<meta name=\"twitter:label2\" content=\"Szacowany czas czytania\" \/>\n\t<meta name=\"twitter:data2\" content=\"1 minuta\" \/>\n<script type=\"application\/ld+json\" class=\"yoast-schema-graph\">{\"@context\":\"https:\/\/schema.org\",\"@graph\":[{\"@type\":\"WebPage\",\"@id\":\"http:\/\/zs.gromnik.pl\/zs\/informacja-dla-rodzicow-dzieci-zakwalifikowanych-do-klas-i-szkoly-podstawowej-w-zespole-szkol-w-gromniku-na-rok-szkolny-2024-2025\/\",\"url\":\"http:\/\/zs.gromnik.pl\/zs\/informacja-dla-rodzicow-dzieci-zakwalifikowanych-do-klas-i-szkoly-podstawowej-w-zespole-szkol-w-gromniku-na-rok-szkolny-2024-2025\/\",\"name\":\"INFORMACJA DLA RODZIC\u00d3W DZIECI ZAKWALIFIKOWANYCH DO KLAS I SZKO\u0141Y PODSTAWOWEJ W ZESPOLE SZK\u00d3\u0141 W GROMNIKU NA ROK SZKOLNY 2024\/2025 - Zesp\u00f3\u0142 Szk\u00f3\u0142 w Gromniku\",\"isPartOf\":{\"@id\":\"https:\/\/zs.gromnik.pl\/zs\/#website\"},\"datePublished\":\"2024-03-15T07:54:15+00:00\",\"dateModified\":\"2024-03-15T07:54:17+00:00\",\"author\":{\"@id\":\"https:\/\/zs.gromnik.pl\/zs\/#\/schema\/person\/b197900f67c6133faddc284ae32f97ca\"},\"description\":\"Zesp\u00f3\u0142 Szk\u00f3\u0142 w Gromniku\",\"breadcrumb\":{\"@id\":\"http:\/\/zs.gromnik.pl\/zs\/informacja-dla-rodzicow-dzieci-zakwalifikowanych-do-klas-i-szkoly-podstawowej-w-zespole-szkol-w-gromniku-na-rok-szkolny-2024-2025\/#breadcrumb\"},\"inLanguage\":\"pl-PL\",\"potentialAction\":[{\"@type\":\"ReadAction\",\"target\":[\"http:\/\/zs.gromnik.pl\/zs\/informacja-dla-rodzicow-dzieci-zakwalifikowanych-do-klas-i-szkoly-podstawowej-w-zespole-szkol-w-gromniku-na-rok-szkolny-2024-2025\/\"]}]},{\"@type\":\"BreadcrumbList\",\"@id\":\"http:\/\/zs.gromnik.pl\/zs\/informacja-dla-rodzicow-dzieci-zakwalifikowanych-do-klas-i-szkoly-podstawowej-w-zespole-szkol-w-gromniku-na-rok-szkolny-2024-2025\/#breadcrumb\",\"itemListElement\":[{\"@type\":\"ListItem\",\"position\":1,\"name\":\"Strona g\u0142\u00f3wna\",\"item\":\"https:\/\/zs.gromnik.pl\/zs\/\"},{\"@type\":\"ListItem\",\"position\":2,\"name\":\"INFORMACJA DLA RODZIC\u00d3W DZIECI ZAKWALIFIKOWANYCH DO KLAS I SZKO\u0141Y PODSTAWOWEJ W ZESPOLE SZK\u00d3\u0141 W GROMNIKU NA ROK SZKOLNY 2024\/2025\"}]},{\"@type\":\"WebSite\",\"@id\":\"https:\/\/zs.gromnik.pl\/zs\/#website\",\"url\":\"https:\/\/zs.gromnik.pl\/zs\/\",\"name\":\"Zesp\u00f3\u0142 Szk\u00f3\u0142 w Gromniku\",\"description\":\"\",\"potentialAction\":[{\"@type\":\"SearchAction\",\"target\":{\"@type\":\"EntryPoint\",\"urlTemplate\":\"https:\/\/zs.gromnik.pl\/zs\/?s={search_term_string}\"},\"query-input\":\"required name=search_term_string\"}],\"inLanguage\":\"pl-PL\"},{\"@type\":\"Person\",\"@id\":\"https:\/\/zs.gromnik.pl\/zs\/#\/schema\/person\/b197900f67c6133faddc284ae32f97ca\",\"name\":\"admin\",\"image\":{\"@type\":\"ImageObject\",\"inLanguage\":\"pl-PL\",\"@id\":\"https:\/\/zs.gromnik.pl\/zs\/#\/schema\/person\/image\/\",\"url\":\"https:\/\/secure.gravatar.com\/avatar\/f8a2f876dbcc8c8edd809a8ca77a2abe?s=96&d=mm&r=g\",\"contentUrl\":\"https:\/\/secure.gravatar.com\/avatar\/f8a2f876dbcc8c8edd809a8ca77a2abe?s=96&d=mm&r=g\",\"caption\":\"admin\"},\"url\":\"https:\/\/zs.gromnik.pl\/zs\/author\/admin\/\"}]}<\/script>\n<!-- \/ Yoast SEO plugin. -->","yoast_head_json":{"title":"INFORMACJA DLA RODZIC\u00d3W DZIECI ZAKWALIFIKOWANYCH DO KLAS I SZKO\u0141Y PODSTAWOWEJ W ZESPOLE SZK\u00d3\u0141 W GROMNIKU NA ROK SZKOLNY 2024\/2025 - Zesp\u00f3\u0142 Szk\u00f3\u0142 w Gromniku","description":"Zesp\u00f3\u0142 Szk\u00f3\u0142 w Gromniku","robots":{"index":"index","follow":"follow","max-snippet":"max-snippet:-1","max-image-preview":"max-image-preview:large","max-video-preview":"max-video-preview:-1"},"canonical":"http:\/\/zs.gromnik.pl\/zs\/informacja-dla-rodzicow-dzieci-zakwalifikowanych-do-klas-i-szkoly-podstawowej-w-zespole-szkol-w-gromniku-na-rok-szkolny-2024-2025\/","og_locale":"pl_PL","og_type":"article","og_title":"INFORMACJA DLA RODZIC\u00d3W DZIECI ZAKWALIFIKOWANYCH DO KLAS I SZKO\u0141Y PODSTAWOWEJ W ZESPOLE SZK\u00d3\u0141 W GROMNIKU NA ROK SZKOLNY 2024\/2025 - Zesp\u00f3\u0142 Szk\u00f3\u0142 w Gromniku","og_description":"Zesp\u00f3\u0142 Szk\u00f3\u0142 w Gromniku","og_url":"http:\/\/zs.gromnik.pl\/zs\/informacja-dla-rodzicow-dzieci-zakwalifikowanych-do-klas-i-szkoly-podstawowej-w-zespole-szkol-w-gromniku-na-rok-szkolny-2024-2025\/","og_site_name":"Zesp\u00f3\u0142 Szk\u00f3\u0142 w Gromniku","article_publisher":"https:\/\/www.facebook.com\/zsgromnik","article_published_time":"2024-03-15T07:54:15+00:00","article_modified_time":"2024-03-15T07:54:17+00:00","og_image":[{"width":500,"height":353,"url":"http:\/\/zs.gromnik.pl\/zs\/wp-content\/uploads\/2024\/03\/klasa1.jpg","type":"image\/jpeg"}],"author":"admin","twitter_card":"summary_large_image","twitter_misc":{"Napisane przez":"admin","Szacowany czas czytania":"1 minuta"},"schema":{"@context":"https:\/\/schema.org","@graph":[{"@type":"WebPage","@id":"http:\/\/zs.gromnik.pl\/zs\/informacja-dla-rodzicow-dzieci-zakwalifikowanych-do-klas-i-szkoly-podstawowej-w-zespole-szkol-w-gromniku-na-rok-szkolny-2024-2025\/","url":"http:\/\/zs.gromnik.pl\/zs\/informacja-dla-rodzicow-dzieci-zakwalifikowanych-do-klas-i-szkoly-podstawowej-w-zespole-szkol-w-gromniku-na-rok-szkolny-2024-2025\/","name":"INFORMACJA DLA RODZIC\u00d3W DZIECI ZAKWALIFIKOWANYCH DO KLAS I SZKO\u0141Y PODSTAWOWEJ W ZESPOLE SZK\u00d3\u0141 W GROMNIKU NA ROK SZKOLNY 2024\/2025 - Zesp\u00f3\u0142 Szk\u00f3\u0142 w Gromniku","isPartOf":{"@id":"https:\/\/zs.gromnik.pl\/zs\/#website"},"datePublished":"2024-03-15T07:54:15+00:00","dateModified":"2024-03-15T07:54:17+00:00","author":{"@id":"https:\/\/zs.gromnik.pl\/zs\/#\/schema\/person\/b197900f67c6133faddc284ae32f97ca"},"description":"Zesp\u00f3\u0142 Szk\u00f3\u0142 w Gromniku","breadcrumb":{"@id":"http:\/\/zs.gromnik.pl\/zs\/informacja-dla-rodzicow-dzieci-zakwalifikowanych-do-klas-i-szkoly-podstawowej-w-zespole-szkol-w-gromniku-na-rok-szkolny-2024-2025\/#breadcrumb"},"inLanguage":"pl-PL","potentialAction":[{"@type":"ReadAction","target":["http:\/\/zs.gromnik.pl\/zs\/informacja-dla-rodzicow-dzieci-zakwalifikowanych-do-klas-i-szkoly-podstawowej-w-zespole-szkol-w-gromniku-na-rok-szkolny-2024-2025\/"]}]},{"@type":"BreadcrumbList","@id":"http:\/\/zs.gromnik.pl\/zs\/informacja-dla-rodzicow-dzieci-zakwalifikowanych-do-klas-i-szkoly-podstawowej-w-zespole-szkol-w-gromniku-na-rok-szkolny-2024-2025\/#breadcrumb","itemListElement":[{"@type":"ListItem","position":1,"name":"Strona g\u0142\u00f3wna","item":"https:\/\/zs.gromnik.pl\/zs\/"},{"@type":"ListItem","position":2,"name":"INFORMACJA DLA RODZIC\u00d3W DZIECI ZAKWALIFIKOWANYCH DO KLAS I SZKO\u0141Y PODSTAWOWEJ W ZESPOLE SZK\u00d3\u0141 W GROMNIKU NA ROK SZKOLNY 2024\/2025"}]},{"@type":"WebSite","@id":"https:\/\/zs.gromnik.pl\/zs\/#website","url":"https:\/\/zs.gromnik.pl\/zs\/","name":"Zesp\u00f3\u0142 Szk\u00f3\u0142 w Gromniku","description":"","potentialAction":[{"@type":"SearchAction","target":{"@type":"EntryPoint","urlTemplate":"https:\/\/zs.gromnik.pl\/zs\/?s={search_term_string}"},"query-input":"required name=search_term_string"}],"inLanguage":"pl-PL"},{"@type":"Person","@id":"https:\/\/zs.gromnik.pl\/zs\/#\/schema\/person\/b197900f67c6133faddc284ae32f97ca","name":"admin","image":{"@type":"ImageObject","inLanguage":"pl-PL","@id":"https:\/\/zs.gromnik.pl\/zs\/#\/schema\/person\/image\/","url":"https:\/\/secure.gravatar.com\/avatar\/f8a2f876dbcc8c8edd809a8ca77a2abe?s=96&d=mm&r=g","contentUrl":"https:\/\/secure.gravatar.com\/avatar\/f8a2f876dbcc8c8edd809a8ca77a2abe?s=96&d=mm&r=g","caption":"admin"},"url":"https:\/\/zs.gromnik.pl\/zs\/author\/admin\/"}]}},"_links":{"self":[{"href":"https:\/\/zs.gromnik.pl\/zs\/wp-json\/wp\/v2\/posts\/15205"}],"collection":[{"href":"https:\/\/zs.gromnik.pl\/zs\/wp-json\/wp\/v2\/posts"}],"about":[{"href":"https:\/\/zs.gromnik.pl\/zs\/wp-json\/wp\/v2\/types\/post"}],"author":[{"embeddable":true,"href":"https:\/\/zs.gromnik.pl\/zs\/wp-json\/wp\/v2\/users\/1"}],"replies":[{"embeddable":true,"href":"https:\/\/zs.gromnik.pl\/zs\/wp-json\/wp\/v2\/comments?post=15205"}],"version-history":[{"count":1,"href":"https:\/\/zs.gromnik.pl\/zs\/wp-json\/wp\/v2\/posts\/15205\/revisions"}],"predecessor-version":[{"id":15209,"href":"https:\/\/zs.gromnik.pl\/zs\/wp-json\/wp\/v2\/posts\/15205\/revisions\/15209"}],"wp:featuredmedia":[{"embeddable":true,"href":"https:\/\/zs.gromnik.pl\/zs\/wp-json\/wp\/v2\/media\/15208"}],"wp:attachment":[{"href":"https:\/\/zs.gromnik.pl\/zs\/wp-json\/wp\/v2\/media?parent=15205"}],"wp:term":[{"taxonomy":"category","embeddable":true,"href":"https:\/\/zs.gromnik.pl\/zs\/wp-json\/wp\/v2\/categories?post=15205"},{"taxonomy":"post_tag","embeddable":true,"href":"https:\/\/zs.gromnik.pl\/zs\/wp-json\/wp\/v2\/tags?post=15205"}],"curies":[{"name":"wp","href":"https:\/\/api.w.org\/{rel}","templated":true}]}}