{"id":15211,"date":"2024-03-22T07:35:56","date_gmt":"2024-03-22T06:35:56","guid":{"rendered":"http:\/\/zs.gromnik.pl\/zs\/?p=15211"},"modified":"2024-03-22T07:37:05","modified_gmt":"2024-03-22T06:37:05","slug":"konkurs-logopedyczny","status":"publish","type":"post","link":"https:\/\/zs.gromnik.pl\/zs\/konkurs-logopedyczny\/","title":{"rendered":"Konkurs logopedyczny"},"content":{"rendered":"\t\t<div data-elementor-type=\"wp-post\" data-elementor-id=\"15211\" class=\"elementor elementor-15211\">\n\t\t\t\t\t\t\t\t\t<section class=\"elementor-section elementor-top-section elementor-element elementor-element-6bcd491 elementor-section-boxed elementor-section-height-default elementor-section-height-default\" data-id=\"6bcd491\" data-element_type=\"section\">\n\t\t\t\t\t\t<div class=\"elementor-container elementor-column-gap-default\">\n\t\t\t\t\t<div class=\"elementor-column elementor-col-100 elementor-top-column elementor-element elementor-element-d714fe8\" data-id=\"d714fe8\" data-element_type=\"column\">\n\t\t\t<div class=\"elementor-widget-wrap elementor-element-populated\">\n\t\t\t\t\t\t\t\t<div class=\"elementor-element elementor-element-7a0cd78 elementor-widget elementor-widget-text-editor\" data-id=\"7a0cd78\" data-element_type=\"widget\" data-widget_type=\"text-editor.default\">\n\t\t\t\t<div class=\"elementor-widget-container\">\n\t\t\t\t\t\t\t<p>W dniu 21.03.2024 r. nast\u0105pi\u0142o rozstrzygni\u0119cie logopedycznego konkursu plastycznego. \u00a0Konkurs przeznaczony by\u0142 dla wszystkich ch\u0119tnych uczni\u00f3w klas I-III. Celem konkursu by\u0142o upowszechnienie wiedzy logopedycznej, doskonalenie wymowy trudnych g\u0142osek, pobudzanie wyobra\u017ani i aktywno\u015bci tw\u00f3rczej dzieci.<\/p><p>Do konkursu zg\u0142oszono 35 prac. Cz\u0142onkowie komisji oceniali pomys\u0142, r\u00f3\u017cnorodno\u015b\u0107 technik i materia\u0142\u00f3w wykorzystanych w pracy, estetyk\u0119 pracy, samodzielno\u015b\u0107 wykonania i zgodno\u015b\u0107 z zasadami konkursu.<\/p><p>Wszystkim uczestnikom dzi\u0119kujemy za udzia\u0142 w konkursie, za trud w\u0142o\u017cony w wykonanie prac a zwyci\u0119zcom gratulujemy wygranej i \u017cyczymy dalszych sukces\u00f3w.<\/p><p>Wyniki konkursu w kategorii \u201eGra logopedyczna\u201d:<\/p><p>I miejsce\u00a0\u00a0\u00a0 Filip Kucharzyk kl. IIIB<\/p><p>II miejsce\u00a0\u00a0 Karol Michalik kl. IIA<\/p><p>III miejsce\u00a0 Kacper S\u0142owik kl. IIB<\/p><p>Wyniki konkursu w kategorii \u201eIlustracja zawieraj\u0105ca jak najwi\u0119cej element\u00f3w w nazwach, kt\u00f3rych znajduj\u0105 si\u0119 trudne g\u0142oski\u201d<\/p><p>I miejsce\u00a0\u00a0\u00a0\u00a0 Katarzyna Kozik kl. IIIA<\/p><p>II miejsce\u00a0\u00a0\u00a0 Gabriela Pi\u00f3rkowska kl. IIIA<\/p><p>III miejsce\u00a0\u00a0 Szymon Kozik kl. IB<\/p><p>\u00a0<\/p><p>\u00a0<\/p>\t\t\t\t\t\t<\/div>\n\t\t\t\t<\/div>\n\t\t\t\t\t<\/div>\n\t\t<\/div>\n\t\t\t\t\t\t\t<\/div>\n\t\t<\/section>\n\t\t\t\t<section class=\"elementor-section elementor-top-section elementor-element elementor-element-7a68aec elementor-section-boxed elementor-section-height-default elementor-section-height-default\" data-id=\"7a68aec\" data-element_type=\"section\">\n\t\t\t\t\t\t<div class=\"elementor-container elementor-column-gap-default\">\n\t\t\t\t\t<div class=\"elementor-column elementor-col-100 elementor-top-column elementor-element elementor-element-3aac224\" data-id=\"3aac224\" data-element_type=\"column\">\n\t\t\t<div class=\"elementor-widget-wrap elementor-element-populated\">\n\t\t\t\t\t\t\t\t<div class=\"elementor-element elementor-element-5b33663 elementor-widget elementor-widget-image-gallery\" data-id=\"5b33663\" data-element_type=\"widget\" data-widget_type=\"image-gallery.default\">\n\t\t\t\t<div class=\"elementor-widget-container\">\n\t\t\t\t\t<div class=\"elementor-image-gallery\">\n\t\t\t<div id='gallery-1' class='gallery galleryid-15211 gallery-columns-4 gallery-size-medium'><figure class='gallery-item'>\n\t\t\t<div class='gallery-icon portrait'>\n\t\t\t\t<a data-elementor-open-lightbox=\"yes\" data-elementor-lightbox-slideshow=\"5b33663\" data-elementor-lightbox-title=\"IMG_20240321_090535\" e-action-hash=\"#elementor-action%3Aaction%3Dlightbox%26settings%3DeyJpZCI6MTUyMTMsInVybCI6Imh0dHBzOlwvXC96cy5ncm9tbmlrLnBsXC96c1wvd3AtY29udGVudFwvdXBsb2Fkc1wvMjAyNFwvMDNcL0lNR18yMDI0MDMyMV8wOTA1MzUtc2NhbGVkLmpwZyIsInNsaWRlc2hvdyI6IjViMzM2NjMifQ%3D%3D\" href='https:\/\/zs.gromnik.pl\/zs\/wp-content\/uploads\/2024\/03\/IMG_20240321_090535-scaled.jpg'><img width=\"139\" height=\"300\" src=\"https:\/\/zs.gromnik.pl\/zs\/wp-content\/uploads\/2024\/03\/IMG_20240321_090535-139x300.jpg\" class=\"attachment-medium size-medium\" alt=\"\" loading=\"lazy\" srcset=\"https:\/\/zs.gromnik.pl\/zs\/wp-content\/uploads\/2024\/03\/IMG_20240321_090535-139x300.jpg 139w, https:\/\/zs.gromnik.pl\/zs\/wp-content\/uploads\/2024\/03\/IMG_20240321_090535-473x1024.jpg 473w, https:\/\/zs.gromnik.pl\/zs\/wp-content\/uploads\/2024\/03\/IMG_20240321_090535-768x1663.jpg 768w, https:\/\/zs.gromnik.pl\/zs\/wp-content\/uploads\/2024\/03\/IMG_20240321_090535-710x1536.jpg 710w, https:\/\/zs.gromnik.pl\/zs\/wp-content\/uploads\/2024\/03\/IMG_20240321_090535-946x2048.jpg 946w, https:\/\/zs.gromnik.pl\/zs\/wp-content\/uploads\/2024\/03\/IMG_20240321_090535-1140x2468.jpg 1140w, https:\/\/zs.gromnik.pl\/zs\/wp-content\/uploads\/2024\/03\/IMG_20240321_090535-scaled.jpg 1183w\" sizes=\"(max-width: 139px) 100vw, 139px\" \/><\/a>\n\t\t\t<\/div><\/figure><figure class='gallery-item'>\n\t\t\t<div class='gallery-icon portrait'>\n\t\t\t\t<a data-elementor-open-lightbox=\"yes\" data-elementor-lightbox-slideshow=\"5b33663\" data-elementor-lightbox-title=\"IMG_20240321_090550\" e-action-hash=\"#elementor-action%3Aaction%3Dlightbox%26settings%3DeyJpZCI6MTUyMTQsInVybCI6Imh0dHBzOlwvXC96cy5ncm9tbmlrLnBsXC96c1wvd3AtY29udGVudFwvdXBsb2Fkc1wvMjAyNFwvMDNcL0lNR18yMDI0MDMyMV8wOTA1NTAtc2NhbGVkLmpwZyIsInNsaWRlc2hvdyI6IjViMzM2NjMifQ%3D%3D\" href='https:\/\/zs.gromnik.pl\/zs\/wp-content\/uploads\/2024\/03\/IMG_20240321_090550-scaled.jpg'><img width=\"139\" height=\"300\" src=\"https:\/\/zs.gromnik.pl\/zs\/wp-content\/uploads\/2024\/03\/IMG_20240321_090550-139x300.jpg\" class=\"attachment-medium size-medium\" alt=\"\" loading=\"lazy\" srcset=\"https:\/\/zs.gromnik.pl\/zs\/wp-content\/uploads\/2024\/03\/IMG_20240321_090550-139x300.jpg 139w, https:\/\/zs.gromnik.pl\/zs\/wp-content\/uploads\/2024\/03\/IMG_20240321_090550-473x1024.jpg 473w, https:\/\/zs.gromnik.pl\/zs\/wp-content\/uploads\/2024\/03\/IMG_20240321_090550-768x1663.jpg 768w, https:\/\/zs.gromnik.pl\/zs\/wp-content\/uploads\/2024\/03\/IMG_20240321_090550-710x1536.jpg 710w, https:\/\/zs.gromnik.pl\/zs\/wp-content\/uploads\/2024\/03\/IMG_20240321_090550-946x2048.jpg 946w, https:\/\/zs.gromnik.pl\/zs\/wp-content\/uploads\/2024\/03\/IMG_20240321_090550-1140x2468.jpg 1140w, https:\/\/zs.gromnik.pl\/zs\/wp-content\/uploads\/2024\/03\/IMG_20240321_090550-scaled.jpg 1183w\" sizes=\"(max-width: 139px) 100vw, 139px\" \/><\/a>\n\t\t\t<\/div><\/figure><figure class='gallery-item'>\n\t\t\t<div class='gallery-icon portrait'>\n\t\t\t\t<a data-elementor-open-lightbox=\"yes\" data-elementor-lightbox-slideshow=\"5b33663\" data-elementor-lightbox-title=\"IMG_20240321_090610\" e-action-hash=\"#elementor-action%3Aaction%3Dlightbox%26settings%3DeyJpZCI6MTUyMTUsInVybCI6Imh0dHBzOlwvXC96cy5ncm9tbmlrLnBsXC96c1wvd3AtY29udGVudFwvdXBsb2Fkc1wvMjAyNFwvMDNcL0lNR18yMDI0MDMyMV8wOTA2MTAtc2NhbGVkLmpwZyIsInNsaWRlc2hvdyI6IjViMzM2NjMifQ%3D%3D\" href='https:\/\/zs.gromnik.pl\/zs\/wp-content\/uploads\/2024\/03\/IMG_20240321_090610-scaled.jpg'><img width=\"139\" height=\"300\" src=\"https:\/\/zs.gromnik.pl\/zs\/wp-content\/uploads\/2024\/03\/IMG_20240321_090610-139x300.jpg\" class=\"attachment-medium size-medium\" alt=\"\" loading=\"lazy\" srcset=\"https:\/\/zs.gromnik.pl\/zs\/wp-content\/uploads\/2024\/03\/IMG_20240321_090610-139x300.jpg 139w, https:\/\/zs.gromnik.pl\/zs\/wp-content\/uploads\/2024\/03\/IMG_20240321_090610-473x1024.jpg 473w, https:\/\/zs.gromnik.pl\/zs\/wp-content\/uploads\/2024\/03\/IMG_20240321_090610-768x1663.jpg 768w, https:\/\/zs.gromnik.pl\/zs\/wp-content\/uploads\/2024\/03\/IMG_20240321_090610-710x1536.jpg 710w, https:\/\/zs.gromnik.pl\/zs\/wp-content\/uploads\/2024\/03\/IMG_20240321_090610-946x2048.jpg 946w, https:\/\/zs.gromnik.pl\/zs\/wp-content\/uploads\/2024\/03\/IMG_20240321_090610-1140x2468.jpg 1140w, https:\/\/zs.gromnik.pl\/zs\/wp-content\/uploads\/2024\/03\/IMG_20240321_090610-scaled.jpg 1183w\" sizes=\"(max-width: 139px) 100vw, 139px\" \/><\/a>\n\t\t\t<\/div><\/figure>\n\t\t<\/div>\n\t\t<\/div>\n\t\t\t\t<\/div>\n\t\t\t\t<\/div>\n\t\t\t\t\t<\/div>\n\t\t<\/div>\n\t\t\t\t\t\t\t<\/div>\n\t\t<\/section>\n\t\t\t\t\t\t\t<\/div>\n\t\t","protected":false},"excerpt":{"rendered":"<p>W dniu 21.03.2024 r. nast\u0105pi\u0142o rozstrzygni\u0119cie logopedycznego konkursu plastycznego. \u00a0Konkurs przeznaczony by\u0142 dla wszystkich ch\u0119tnych uczni\u00f3w klas I-III. Celem konkursu by\u0142o upowszechnienie wiedzy logopedycznej, doskonalenie wymowy trudnych g\u0142osek, pobudzanie wyobra\u017ani i aktywno\u015bci tw\u00f3rczej dzieci. Do konkursu zg\u0142oszono 35 prac. Cz\u0142onkowie komisji oceniali pomys\u0142, r\u00f3\u017cnorodno\u015b\u0107 technik i materia\u0142\u00f3w wykorzystanych w pracy, estetyk\u0119 pracy, samodzielno\u015b\u0107 wykonania i zgodno\u015b\u0107 z zasadami konkursu. Wszystkim uczestnikom dzi\u0119kujemy za udzia\u0142 w konkursie, za trud w\u0142o\u017cony w wykonanie prac a zwyci\u0119zcom gratulujemy wygranej i \u017cyczymy dalszych sukces\u00f3w. Wyniki konkursu w kategorii \u201eGra logopedyczna\u201d: I miejsce\u00a0\u00a0\u00a0 Filip Kucharzyk kl. IIIB II miejsce\u00a0\u00a0 Karol Michalik kl. IIA III miejsce\u00a0 Kacper S\u0142owik kl. IIB Wyniki konkursu w kategorii \u201eIlustracja zawieraj\u0105ca jak najwi\u0119cej element\u00f3w w nazwach, kt\u00f3rych znajduj\u0105 si\u0119 trudne g\u0142oski\u201d I miejsce\u00a0\u00a0\u00a0\u00a0 Katarzyna Kozik kl. IIIA II miejsce\u00a0\u00a0\u00a0 Gabriela Pi\u00f3rkowska kl. IIIA III miejsce\u00a0\u00a0 Szymon Kozik kl. IB \u00a0 \u00a0<\/p>\n","protected":false},"author":1,"featured_media":15217,"comment_status":"closed","ping_status":"open","sticky":false,"template":"","format":"standard","meta":[],"categories":[3],"tags":[],"yoast_head":"<!-- This site is optimized with the Yoast SEO plugin v19.8 - https:\/\/yoast.com\/wordpress\/plugins\/seo\/ -->\n<title>Konkurs logopedyczny - Zesp\u00f3\u0142 Szk\u00f3\u0142 w Gromniku<\/title>\n<meta name=\"description\" content=\"Zesp\u00f3\u0142 Szk\u00f3\u0142 w Gromniku\" \/>\n<meta name=\"robots\" content=\"index, follow, max-snippet:-1, max-image-preview:large, max-video-preview:-1\" \/>\n<link rel=\"canonical\" href=\"https:\/\/zs.gromnik.pl\/zs\/konkurs-logopedyczny\/\" \/>\n<meta property=\"og:locale\" content=\"pl_PL\" \/>\n<meta property=\"og:type\" content=\"article\" \/>\n<meta property=\"og:title\" content=\"Konkurs logopedyczny - Zesp\u00f3\u0142 Szk\u00f3\u0142 w Gromniku\" \/>\n<meta property=\"og:description\" content=\"Zesp\u00f3\u0142 Szk\u00f3\u0142 w Gromniku\" \/>\n<meta property=\"og:url\" content=\"https:\/\/zs.gromnik.pl\/zs\/konkurs-logopedyczny\/\" \/>\n<meta property=\"og:site_name\" content=\"Zesp\u00f3\u0142 Szk\u00f3\u0142 w Gromniku\" \/>\n<meta property=\"article:publisher\" content=\"https:\/\/www.facebook.com\/zsgromnik\" \/>\n<meta property=\"article:published_time\" content=\"2024-03-22T06:35:56+00:00\" \/>\n<meta property=\"article:modified_time\" content=\"2024-03-22T06:37:05+00:00\" \/>\n<meta property=\"og:image\" content=\"https:\/\/zs.gromnik.pl\/zs\/wp-content\/uploads\/2024\/03\/unnamed.png\" \/>\n\t<meta property=\"og:image:width\" content=\"512\" \/>\n\t<meta property=\"og:image:height\" content=\"218\" \/>\n\t<meta property=\"og:image:type\" content=\"image\/png\" \/>\n<meta name=\"author\" content=\"admin\" \/>\n<meta name=\"twitter:card\" content=\"summary_large_image\" \/>\n<meta name=\"twitter:label1\" content=\"Napisane przez\" \/>\n\t<meta name=\"twitter:data1\" content=\"admin\" \/>\n\t<meta name=\"twitter:label2\" content=\"Szacowany czas czytania\" \/>\n\t<meta name=\"twitter:data2\" content=\"1 minuta\" \/>\n<script type=\"application\/ld+json\" class=\"yoast-schema-graph\">{\"@context\":\"https:\/\/schema.org\",\"@graph\":[{\"@type\":\"WebPage\",\"@id\":\"https:\/\/zs.gromnik.pl\/zs\/konkurs-logopedyczny\/\",\"url\":\"https:\/\/zs.gromnik.pl\/zs\/konkurs-logopedyczny\/\",\"name\":\"Konkurs logopedyczny - Zesp\u00f3\u0142 Szk\u00f3\u0142 w Gromniku\",\"isPartOf\":{\"@id\":\"https:\/\/zs.gromnik.pl\/zs\/#website\"},\"datePublished\":\"2024-03-22T06:35:56+00:00\",\"dateModified\":\"2024-03-22T06:37:05+00:00\",\"author\":{\"@id\":\"https:\/\/zs.gromnik.pl\/zs\/#\/schema\/person\/b197900f67c6133faddc284ae32f97ca\"},\"description\":\"Zesp\u00f3\u0142 Szk\u00f3\u0142 w Gromniku\",\"breadcrumb\":{\"@id\":\"https:\/\/zs.gromnik.pl\/zs\/konkurs-logopedyczny\/#breadcrumb\"},\"inLanguage\":\"pl-PL\",\"potentialAction\":[{\"@type\":\"ReadAction\",\"target\":[\"https:\/\/zs.gromnik.pl\/zs\/konkurs-logopedyczny\/\"]}]},{\"@type\":\"BreadcrumbList\",\"@id\":\"https:\/\/zs.gromnik.pl\/zs\/konkurs-logopedyczny\/#breadcrumb\",\"itemListElement\":[{\"@type\":\"ListItem\",\"position\":1,\"name\":\"Strona g\u0142\u00f3wna\",\"item\":\"https:\/\/zs.gromnik.pl\/zs\/\"},{\"@type\":\"ListItem\",\"position\":2,\"name\":\"Konkurs logopedyczny\"}]},{\"@type\":\"WebSite\",\"@id\":\"https:\/\/zs.gromnik.pl\/zs\/#website\",\"url\":\"https:\/\/zs.gromnik.pl\/zs\/\",\"name\":\"Zesp\u00f3\u0142 Szk\u00f3\u0142 w Gromniku\",\"description\":\"\",\"potentialAction\":[{\"@type\":\"SearchAction\",\"target\":{\"@type\":\"EntryPoint\",\"urlTemplate\":\"https:\/\/zs.gromnik.pl\/zs\/?s={search_term_string}\"},\"query-input\":\"required name=search_term_string\"}],\"inLanguage\":\"pl-PL\"},{\"@type\":\"Person\",\"@id\":\"https:\/\/zs.gromnik.pl\/zs\/#\/schema\/person\/b197900f67c6133faddc284ae32f97ca\",\"name\":\"admin\",\"image\":{\"@type\":\"ImageObject\",\"inLanguage\":\"pl-PL\",\"@id\":\"https:\/\/zs.gromnik.pl\/zs\/#\/schema\/person\/image\/\",\"url\":\"https:\/\/secure.gravatar.com\/avatar\/f8a2f876dbcc8c8edd809a8ca77a2abe?s=96&d=mm&r=g\",\"contentUrl\":\"https:\/\/secure.gravatar.com\/avatar\/f8a2f876dbcc8c8edd809a8ca77a2abe?s=96&d=mm&r=g\",\"caption\":\"admin\"},\"url\":\"https:\/\/zs.gromnik.pl\/zs\/author\/admin\/\"}]}<\/script>\n<!-- \/ Yoast SEO plugin. -->","yoast_head_json":{"title":"Konkurs logopedyczny - Zesp\u00f3\u0142 Szk\u00f3\u0142 w Gromniku","description":"Zesp\u00f3\u0142 Szk\u00f3\u0142 w Gromniku","robots":{"index":"index","follow":"follow","max-snippet":"max-snippet:-1","max-image-preview":"max-image-preview:large","max-video-preview":"max-video-preview:-1"},"canonical":"https:\/\/zs.gromnik.pl\/zs\/konkurs-logopedyczny\/","og_locale":"pl_PL","og_type":"article","og_title":"Konkurs logopedyczny - Zesp\u00f3\u0142 Szk\u00f3\u0142 w Gromniku","og_description":"Zesp\u00f3\u0142 Szk\u00f3\u0142 w Gromniku","og_url":"https:\/\/zs.gromnik.pl\/zs\/konkurs-logopedyczny\/","og_site_name":"Zesp\u00f3\u0142 Szk\u00f3\u0142 w Gromniku","article_publisher":"https:\/\/www.facebook.com\/zsgromnik","article_published_time":"2024-03-22T06:35:56+00:00","article_modified_time":"2024-03-22T06:37:05+00:00","og_image":[{"width":512,"height":218,"url":"https:\/\/zs.gromnik.pl\/zs\/wp-content\/uploads\/2024\/03\/unnamed.png","type":"image\/png"}],"author":"admin","twitter_card":"summary_large_image","twitter_misc":{"Napisane przez":"admin","Szacowany czas czytania":"1 minuta"},"schema":{"@context":"https:\/\/schema.org","@graph":[{"@type":"WebPage","@id":"https:\/\/zs.gromnik.pl\/zs\/konkurs-logopedyczny\/","url":"https:\/\/zs.gromnik.pl\/zs\/konkurs-logopedyczny\/","name":"Konkurs logopedyczny - Zesp\u00f3\u0142 Szk\u00f3\u0142 w Gromniku","isPartOf":{"@id":"https:\/\/zs.gromnik.pl\/zs\/#website"},"datePublished":"2024-03-22T06:35:56+00:00","dateModified":"2024-03-22T06:37:05+00:00","author":{"@id":"https:\/\/zs.gromnik.pl\/zs\/#\/schema\/person\/b197900f67c6133faddc284ae32f97ca"},"description":"Zesp\u00f3\u0142 Szk\u00f3\u0142 w Gromniku","breadcrumb":{"@id":"https:\/\/zs.gromnik.pl\/zs\/konkurs-logopedyczny\/#breadcrumb"},"inLanguage":"pl-PL","potentialAction":[{"@type":"ReadAction","target":["https:\/\/zs.gromnik.pl\/zs\/konkurs-logopedyczny\/"]}]},{"@type":"BreadcrumbList","@id":"https:\/\/zs.gromnik.pl\/zs\/konkurs-logopedyczny\/#breadcrumb","itemListElement":[{"@type":"ListItem","position":1,"name":"Strona g\u0142\u00f3wna","item":"https:\/\/zs.gromnik.pl\/zs\/"},{"@type":"ListItem","position":2,"name":"Konkurs logopedyczny"}]},{"@type":"WebSite","@id":"https:\/\/zs.gromnik.pl\/zs\/#website","url":"https:\/\/zs.gromnik.pl\/zs\/","name":"Zesp\u00f3\u0142 Szk\u00f3\u0142 w Gromniku","description":"","potentialAction":[{"@type":"SearchAction","target":{"@type":"EntryPoint","urlTemplate":"https:\/\/zs.gromnik.pl\/zs\/?s={search_term_string}"},"query-input":"required name=search_term_string"}],"inLanguage":"pl-PL"},{"@type":"Person","@id":"https:\/\/zs.gromnik.pl\/zs\/#\/schema\/person\/b197900f67c6133faddc284ae32f97ca","name":"admin","image":{"@type":"ImageObject","inLanguage":"pl-PL","@id":"https:\/\/zs.gromnik.pl\/zs\/#\/schema\/person\/image\/","url":"https:\/\/secure.gravatar.com\/avatar\/f8a2f876dbcc8c8edd809a8ca77a2abe?s=96&d=mm&r=g","contentUrl":"https:\/\/secure.gravatar.com\/avatar\/f8a2f876dbcc8c8edd809a8ca77a2abe?s=96&d=mm&r=g","caption":"admin"},"url":"https:\/\/zs.gromnik.pl\/zs\/author\/admin\/"}]}},"_links":{"self":[{"href":"https:\/\/zs.gromnik.pl\/zs\/wp-json\/wp\/v2\/posts\/15211"}],"collection":[{"href":"https:\/\/zs.gromnik.pl\/zs\/wp-json\/wp\/v2\/posts"}],"about":[{"href":"https:\/\/zs.gromnik.pl\/zs\/wp-json\/wp\/v2\/types\/post"}],"author":[{"embeddable":true,"href":"https:\/\/zs.gromnik.pl\/zs\/wp-json\/wp\/v2\/users\/1"}],"replies":[{"embeddable":true,"href":"https:\/\/zs.gromnik.pl\/zs\/wp-json\/wp\/v2\/comments?post=15211"}],"version-history":[{"count":5,"href":"https:\/\/zs.gromnik.pl\/zs\/wp-json\/wp\/v2\/posts\/15211\/revisions"}],"predecessor-version":[{"id":15220,"href":"https:\/\/zs.gromnik.pl\/zs\/wp-json\/wp\/v2\/posts\/15211\/revisions\/15220"}],"wp:featuredmedia":[{"embeddable":true,"href":"https:\/\/zs.gromnik.pl\/zs\/wp-json\/wp\/v2\/media\/15217"}],"wp:attachment":[{"href":"https:\/\/zs.gromnik.pl\/zs\/wp-json\/wp\/v2\/media?parent=15211"}],"wp:term":[{"taxonomy":"category","embeddable":true,"href":"https:\/\/zs.gromnik.pl\/zs\/wp-json\/wp\/v2\/categories?post=15211"},{"taxonomy":"post_tag","embeddable":true,"href":"https:\/\/zs.gromnik.pl\/zs\/wp-json\/wp\/v2\/tags?post=15211"}],"curies":[{"name":"wp","href":"https:\/\/api.w.org\/{rel}","templated":true}]}}